{"id":9005,"date":"2023-03-07T13:54:29","date_gmt":"2023-03-07T13:54:29","guid":{"rendered":"https:\/\/mpci.gov.gn\/?p=9005"},"modified":"2023-03-07T14:08:22","modified_gmt":"2023-03-07T14:08:22","slug":"mpci-sommet-des-leaders-des-pays-les-moins-avances-pma","status":"publish","type":"post","link":"https:\/\/mpcid.gov.gn\/index.php\/mpci-sommet-des-leaders-des-pays-les-moins-avances-pma\/","title":{"rendered":"\ud835\udc0c\ud835\udc0f\ud835\udc02\ud835\udc08 \/ \ud835\udc12\ud835\udc28\ud835\udc26\ud835\udc26\ud835\udc1e\ud835\udc2d \ud835\udc1d\ud835\udc1e\ud835\udc2c \ud835\udc0b\ud835\udc1e\ud835\udc1a\ud835\udc1d\ud835\udc1e\ud835\udc2b\ud835\udc2c \ud835\udc1d\ud835\udc1e\ud835\udc2c \ud835\udc0f\ud835\udc1a\ud835\udc32\ud835\udc2c \ud835\udc25\ud835\udc1e\ud835\udc2c \ud835\udc0c\ud835\udc28\ud835\udc22\ud835\udc27\ud835\udc2c \ud835\udc00\ud835\udc2f\ud835\udc1a\ud835\udc27\ud835\udc1c\ud835\udc1e\u0301\ud835\udc2c (\ud835\udc0f\ud835\udc0c\ud835\udc00)"},"content":{"rendered":"<div class=\"x11i5rnm xat24cr x1mh8g0r x1vvkbs xdj266r x126k92a\">\n<div dir=\"auto\">Discours Int\u00e9gral de Madame la Ministre \u00e0 la 5\u00e8me Conf\u00e9rence des Nations Unies sur les PAYS LES MOINS AVANC\u00c9S.<\/div>\n<div dir=\"auto\"><\/div>\n<\/div>\n<div class=\"x11i5rnm xat24cr x1mh8g0r x1vvkbs xtlvy1s x126k92a\">\n<div dir=\"auto\">\u2028Contenu du Discours :<\/div>\n<div dir=\"auto\"><\/div>\n<\/div>\n<div class=\"x11i5rnm xat24cr x1mh8g0r x1vvkbs xtlvy1s x126k92a\">\n<div dir=\"auto\">Sa Majest\u00e9 L\u2019\u00c9mir du Qatar<\/div>\n<div dir=\"auto\">Excellence Monsieur le Pr\u00e9sident de la coordination des PMA Pr\u00e9sident du Malawi,<\/div>\n<div dir=\"auto\">Excellences Mesdames et Messieurs les Chefs d\u2019\u00c9tat et de Gouvernement,<\/div>\n<div dir=\"auto\">Mesdames et Messieurs les Chefs de d\u00e9l\u00e9gations,<\/div>\n<div dir=\"auto\">Mesdames et Messieurs,<\/div>\n<div dir=\"auto\">1. Permettez moi de vous transmettre les chaleureuses salutations, et les f\u00e9licitations dans la r\u00e9ussite de l\u2019organisation du 5e Sommet des Pays les Moyens Avanc\u00e9s (PMA), de Son Excellence Monsieur le Pr\u00e9sident de la Transition, chef de l\u2019\u00c9tat, Colonel Mamadi DOUMBOUYA et du peuple de Guin\u00e9e.<\/div>\n<div dir=\"auto\">2. Je voudrais ensuite, exprimer la haute gratitude de ma d\u00e9l\u00e9gation pour l\u2019accueil amical et l\u2019hospitalit\u00e9 des Hautes Autorit\u00e9s du Qatar.<\/div>\n<div dir=\"auto\">3. Je voudrais \u00e9galement traduire, \u00e0 son Excellence Monsieur Antonio Guterres, Secr\u00e9taire G\u00e9n\u00e9ral des Nations-Unies et \u00e0 l\u2019ensemble des partenaires au d\u00e9veloppement, les sentiments de reconnaissance et d\u2019encouragement du peuple de Guin\u00e9e pour les immenses efforts et initiatives, qu\u2019ils ne cessent d\u2019entreprendre pour promouvoir une coop\u00e9ration internationale active, au service de la mise en \u0153uvre des objectifs du d\u00e9veloppement durable.<\/div>\n<div dir=\"auto\">4. Je voudrais enfin, saluer le travail de qualit\u00e9 r\u00e9alis\u00e9 par le Bureau de la Haute Repr\u00e9sentante des Nations Unies pour les PMA, en d\u00e9pit d\u2019un contexte international marqu\u00e9 par des crises multiples et particuli\u00e8rement des cons\u00e9quences d\u00e9vastatrices de la pand\u00e9mie de COVID-19 et des changements climatiques.<\/div>\n<\/div>\n<div class=\"x11i5rnm xat24cr x1mh8g0r x1vvkbs xtlvy1s x126k92a\">\n<div dir=\"auto\">Monsieur le Pr\u00e9sident, Cher (e)s D\u00e9l\u00e9gu\u00e9 (e)s<\/div>\n<div dir=\"auto\">5. Mon pays est \u00e0 un tournant d\u00e9cisif de son histoire. Depuis l\u2019av\u00e8nement du Comit\u00e9 National du Rassemblement pour le D\u00e9veloppement (CNRD) le 05 septembre 2021, la R\u00e9publique de Guin\u00e9e est un pays en Chantier. Il est en Chantier au regard des r\u00e9formes \u00e9conomiques et sociales qui sont en cours d\u2019impl\u00e9mentation. Il est en chantier sur le plan de la moralisation de la vie publique \u00e0 travers la lutte contre la corruption, l\u2019assainissement des finances publiques et les flux illicites de capitaux. Il est aussi et surtout en chantier en faveur de la refondation de l\u2019\u00c9tat et la rectification institutionnelle pour un retour \u00e0 l\u2019ordre constitutionnel, conform\u00e9ment au programme convenu avec la Communaut\u00e9 \u00c9conomique des \u00c9tats de l\u2019Afrique de l\u2019Ouest (CEDEAO) et soutenu par les partenaires au d\u00e9veloppement.<\/div>\n<\/div>\n<div class=\"x11i5rnm xat24cr x1mh8g0r x1vvkbs xtlvy1s x126k92a\">\n<div dir=\"auto\">Monsieur le Pr\u00e9sident, Cher (e)s D\u00e9l\u00e9gu\u00e9 (e)s<\/div>\n<\/div>\n<div class=\"x11i5rnm xat24cr x1mh8g0r x1vvkbs xtlvy1s x126k92a\">\n<div dir=\"auto\">6. La mise en \u0153uvre des plans d\u00e9cennaux des PMA a \u00e9t\u00e9 tr\u00e8s utile pour mon pays depuis son accession \u00e0 l\u2019ind\u00e9pendance. Le plan d\u2019actions d\u2019Istanbul 2011-2020 en est l\u2019illustration parfaite. Il a permis \u00e0 la Guin\u00e9e de renouer avec la planification \u00e9conomique par l\u2019\u00e9laboration de deux plans quinquennaux, dont le second 2016-2020 a fait l\u2019objet d\u2019une r\u00e9union du Groupe consultatif permettant ainsi de mobiliser environ 21 milliards de dollars pour soutenir le d\u00e9veloppement \u00e9conomique et social de notre pays.<\/div>\n<div dir=\"auto\">7. Concernant la d\u00e9cennie 2021-2030, les objectifs de nos plans nationaux de d\u00e9veloppement int\u00e9greront les objectifs du plan d\u2019actions de Doha 2021-2030 objet du 5e Sommet. D\u2019ores et d\u00e9j\u00e0, je puis vous rassurer qu\u2019un bon nombre de ces objectifs sont refl\u00e9t\u00e9s, de fa\u00e7on proactive, dans le programme de r\u00e9f\u00e9rence int\u00e9rimaire (PRI) 2022-2025 en cours de mise en \u0153uvre dans mon pays.<\/div>\n<div dir=\"auto\">Monsieur le Pr\u00e9sident, Cher (e)s D\u00e9l\u00e9gu\u00e9 (e)s<\/div>\n<\/div>\n<div class=\"x11i5rnm xat24cr x1mh8g0r x1vvkbs xtlvy1s x126k92a\">\n<div dir=\"auto\">8. Au regard du haut niveau de repr\u00e9sentation et de la solennit\u00e9 qui caract\u00e9risent le pr\u00e9sent sommet, c\u2019est l\u2019occasion pour moi d\u2019attirer votre votre attention sur une initiative majeure de la R\u00e9publique de Guin\u00e9e pour amplifier la Coop\u00e9ration Sud\/Sud et Triangulaire.<\/div>\n<div dir=\"auto\">9. En effet, la Guin\u00e9e fait de la Coop\u00e9ration Sud\/Sud et Triangulaire un axe majeur de sa politique de coop\u00e9ration internationale. Cette option est traduite depuis l\u2019ind\u00e9pendance dans plusieurs domaines comme l\u2019agriculture, l\u2019\u00e9nergie, l\u2019environnement, la coop\u00e9ration technique, les infrastructures, le commerce, etc.<\/div>\n<div dir=\"auto\">10. Fid\u00e8le \u00e0 cette vision, la Guin\u00e9e a, dans le cadre de la pr\u00e9paration et lors de la deuxi\u00e8me conf\u00e9rence des Nations Unies sur la coop\u00e9ration Sud\/Sud de mars 2019 \u00e0 Buenos Aires, soumis le projet de Cr\u00e9ation de l\u2019Institut International de d\u00e9veloppement de la Coop\u00e9ration Sud\/Sud et Triangulaire (IDCSST) avec pour Si\u00e8ge Conakry. Ce projet r\u00e9pond aux pr\u00e9occupations exprim\u00e9es lors des r\u00e9unions sur la coop\u00e9ration Sud\/Sud, surtout de la Conf\u00e9rence de BAPA 40, et aux appels incessants du Secr\u00e9taire G\u00e9n\u00e9ral des Nations Unies M. Antonio Guterres qui nous a toujours invit\u00e9 \u00e0 prendre des initiatives et cr\u00e9er des structures permettant une meilleure appropriation et une gestion efficace et efficiente de la Coop\u00e9ration Sud\/Sud au service des objectifs de d\u00e9veloppement durable.<\/div>\n<\/div>\n<div class=\"x11i5rnm xat24cr x1mh8g0r x1vvkbs xtlvy1s x126k92a\">\n<div dir=\"auto\">Monsieur le Pr\u00e9sident, Cher (e)s D\u00e9l\u00e9gu\u00e9 (e)s<\/div>\n<\/div>\n<div class=\"x11i5rnm xat24cr x1mh8g0r x1vvkbs xtlvy1s x126k92a\">\n<div dir=\"auto\">11. La proposition guin\u00e9enne de cr\u00e9ation de l\u2019institut a \u00e9t\u00e9 favorablement accueillie par le Groupe des PMA, le Secr\u00e9tariat Ex\u00e9cutif du Groupe des 77 et de la Chine, l\u2019Office des Nations Unies pour la Coop\u00e9ration Sud\/Sud, le Br\u00e9sil, l\u2019Argentine, etc.<\/div>\n<div dir=\"auto\">12. Dans la m\u00eame dynamique, la Banque Islamique de D\u00e9veloppement (BID) et le Programme des Nations Unies pour le D\u00e9veloppement (PNUD) ont apport\u00e9, dans le cadre d\u2019un partenariat strat\u00e9gique, une assistance technique \u00e0 notre pays pour l\u2019\u00e9laboration des documents constitutifs de l\u2019institut. Ces documents ont \u00e9t\u00e9 approuv\u00e9s par le Gouvernement. Cela d\u00e9montre le fort soutien de l\u2019initiative par les plus Hautes Autorit\u00e9s de mon pays.<\/div>\n<div dir=\"auto\">13. Je voudrais a cet \u00e9gard, solennellement, inviter l\u2019ensemble des d\u00e9l\u00e9gations \u00e0 prendre part \u00e0 la pr\u00e9sentation qui aura lieu sur le sujet \u00e0 l\u2019\u00e9v\u00e8nement sur la coop\u00e9ration Sud\/Sud, organis\u00e9 en marge de ce Sommet. Ce sera l\u2019occasion d\u2019apprendre davantage sur l\u2019op\u00e9rationnalisation de l\u2019institut en 2023 : son but, sa mission, ses objectifs, son organisation et son fonctionnement.<\/div>\n<\/div>\n<div class=\"x11i5rnm xat24cr x1mh8g0r x1vvkbs xtlvy1s x126k92a\">\n<div dir=\"auto\">Monsieur le Pr\u00e9sident, Cher (e)s D\u00e9l\u00e9gu\u00e9 (e)s<\/div>\n<\/div>\n<div class=\"x11i5rnm xat24cr x1mh8g0r x1vvkbs xtlvy1s x126k92a\">\n<div dir=\"auto\">14. Pour finir, permettez moi de rappeler que la pr\u00e9paration et la mise en \u0153uvre des plans d\u00e9cennaux de d\u00e9veloppement des PMA est un bel exemple de Coop\u00e9ration Internationale et de raffermissement des relations d\u2019amiti\u00e9 et de coop\u00e9ration entre les pays. A ce titre, ils constituent, pour la R\u00e9publique de Guin\u00e9e, des outils strat\u00e9giques pour soutenir les efforts du Gouvernement dans la r\u00e9alisation des Objectifs de D\u00e9veloppement Durable, l\u2019am\u00e9lioration du niveau de vie et de bien-\u00eatre des populations, et la cr\u00e9ation des conditions pour atteindre l\u2019\u00e9mergence.<\/div>\n<div dir=\"auto\">Vive la coop\u00e9ration entre les PMA, Vive la coop\u00e9ration sud \/sud et triangulaire<\/div>\n<div dir=\"auto\">Je vous remercie pour votre aimable attention.<\/div>\n<\/div>\n<div class=\"x11i5rnm xat24cr x1mh8g0r x1vvkbs xtlvy1s x126k92a\">\n<div dir=\"auto\">Madame <a class=\"x1i10hfl xjbqb8w x6umtig x1b1mbwd xaqea5y xav7gou x9f619 x1ypdohk xt0psk2 xe8uvvx xdj266r x11i5rnm xat24cr x1mh8g0r xexx8yu x4uap5 x18d9i69 xkhd6sd x16tdsg8 x1hl2dhg xggy1nq x1a2a7pz xt0b8zv x1qq9wsj xo1l8bm\" tabindex=\"0\" role=\"link\" href=\"https:\/\/www.facebook.com\/RPPola?__cft__[0]=AZVQLdjfpgcS_iZnxNYmR39W_Dhr1hAFKVraEh7LWLDZCXuEBD2EfmEWJpQ77Y64pcmajowhN8lFrAlckik60r8_xptTNQl5H-Q_ng0Oh4lYoQO8tdTbrIJ1MlicJ_cZdMO0i1voA_EuE_k8jCwENLVWvRagOrk6Hg2YJlISKssNq3fLuurqrF-uayjo8Fmnjy4&amp;__tn__=-]K-R\"><span class=\"xt0psk2\">Rose Pola Pricemou<\/span><\/a><\/div>\n<\/div>\n","protected":false},"excerpt":{"rendered":"<p>Discours Int\u00e9gral de Madame la Ministre \u00e0 la 5\u00e8me Conf\u00e9rence des Nations Unies sur les PAYS LES MOINS AVANC\u00c9S. \u2028Contenu du Discours : Sa Majest\u00e9 L\u2019\u00c9mir du Qatar Excellence Monsieur le Pr\u00e9sident de la coordination des PMA Pr\u00e9sident du Malawi, Excellences Mesdames et Messieurs les Chefs d\u2019\u00c9tat et de Gouvernement, Mesdames et Messieurs les Chefs &hellip; <a href=\"https:\/\/mpcid.gov.gn\/index.php\/mpci-sommet-des-leaders-des-pays-les-moins-avances-pma\/\" class=\"more-link\">Continue reading<span class=\"screen-reader-text\"> \u00ab\u00a0\ud835\udc0c\ud835\udc0f\ud835\udc02\ud835\udc08 \/ \ud835\udc12\ud835\udc28\ud835\udc26\ud835\udc26\ud835\udc1e\ud835\udc2d \ud835\udc1d\ud835\udc1e\ud835\udc2c \ud835\udc0b\ud835\udc1e\ud835\udc1a\ud835\udc1d\ud835\udc1e\ud835\udc2b\ud835\udc2c \ud835\udc1d\ud835\udc1e\ud835\udc2c \ud835\udc0f\ud835\udc1a\ud835\udc32\ud835\udc2c \ud835\udc25\ud835\udc1e\ud835\udc2c \ud835\udc0c\ud835\udc28\ud835\udc22\ud835\udc27\ud835\udc2c \ud835\udc00\ud835\udc2f\ud835\udc1a\ud835\udc27\ud835\udc1c\ud835\udc1e\u0301\ud835\udc2c (\ud835\udc0f\ud835\udc0c\ud835\udc00)\u00a0\u00bb<\/span><\/a><\/p>\n","protected":false},"author":6,"featured_media":9006,"comment_status":"open","ping_status":"closed","sticky":false,"template":"","format":"standard","meta":{"footnotes":""},"categories":[63],"tags":[],"class_list":["post-9005","post","type-post","status-publish","format-standard","has-post-thumbnail","hentry","category-actualites"],"yoast_head":"<!-- This site is optimized with the Yoast SEO plugin v27.5 - https:\/\/yoast.com\/product\/yoast-seo-wordpress\/ -->\n<title>\ud835\udc0c\ud835\udc0f\ud835\udc02\ud835\udc08 \/ \ud835\udc12\ud835\udc28\ud835\udc26\ud835\udc26\ud835\udc1e\ud835\udc2d \ud835\udc1d\ud835\udc1e\ud835\udc2c \ud835\udc0b\ud835\udc1e\ud835\udc1a\ud835\udc1d\ud835\udc1e\ud835\udc2b\ud835\udc2c \ud835\udc1d\ud835\udc1e\ud835\udc2c \ud835\udc0f\ud835\udc1a\ud835\udc32\ud835\udc2c \ud835\udc25\ud835\udc1e\ud835\udc2c \ud835\udc0c\ud835\udc28\ud835\udc22\ud835\udc27\ud835\udc2c \ud835\udc00\ud835\udc2f\ud835\udc1a\ud835\udc27\ud835\udc1c\ud835\udc1e\u0301\ud835\udc2c (\ud835\udc0f\ud835\udc0c\ud835\udc00) - MPCI<\/title>\n<meta name=\"robots\" content=\"index, follow, max-snippet:-1, max-image-preview:large, max-video-preview:-1\" \/>\n<link rel=\"canonical\" href=\"https:\/\/mpcid.gov.gn\/index.php\/mpci-sommet-des-leaders-des-pays-les-moins-avances-pma\/\" \/>\n<meta property=\"og:locale\" content=\"fr_FR\" \/>\n<meta property=\"og:type\" content=\"article\" \/>\n<meta property=\"og:title\" content=\"\ud835\udc0c\ud835\udc0f\ud835\udc02\ud835\udc08 \/ \ud835\udc12\ud835\udc28\ud835\udc26\ud835\udc26\ud835\udc1e\ud835\udc2d \ud835\udc1d\ud835\udc1e\ud835\udc2c \ud835\udc0b\ud835\udc1e\ud835\udc1a\ud835\udc1d\ud835\udc1e\ud835\udc2b\ud835\udc2c \ud835\udc1d\ud835\udc1e\ud835\udc2c \ud835\udc0f\ud835\udc1a\ud835\udc32\ud835\udc2c \ud835\udc25\ud835\udc1e\ud835\udc2c \ud835\udc0c\ud835\udc28\ud835\udc22\ud835\udc27\ud835\udc2c \ud835\udc00\ud835\udc2f\ud835\udc1a\ud835\udc27\ud835\udc1c\ud835\udc1e\u0301\ud835\udc2c (\ud835\udc0f\ud835\udc0c\ud835\udc00) - MPCI\" \/>\n<meta property=\"og:description\" content=\"Discours Int\u00e9gral de Madame la Ministre \u00e0 la 5\u00e8me Conf\u00e9rence des Nations Unies sur les PAYS LES MOINS AVANC\u00c9S. \u2028Contenu du Discours : Sa Majest\u00e9 L\u2019\u00c9mir du Qatar Excellence Monsieur le Pr\u00e9sident de la coordination des PMA Pr\u00e9sident du Malawi, Excellences Mesdames et Messieurs les Chefs d\u2019\u00c9tat et de Gouvernement, Mesdames et Messieurs les Chefs &hellip; Continue reading &quot;\ud835\udc0c\ud835\udc0f\ud835\udc02\ud835\udc08 \/ \ud835\udc12\ud835\udc28\ud835\udc26\ud835\udc26\ud835\udc1e\ud835\udc2d \ud835\udc1d\ud835\udc1e\ud835\udc2c \ud835\udc0b\ud835\udc1e\ud835\udc1a\ud835\udc1d\ud835\udc1e\ud835\udc2b\ud835\udc2c \ud835\udc1d\ud835\udc1e\ud835\udc2c \ud835\udc0f\ud835\udc1a\ud835\udc32\ud835\udc2c \ud835\udc25\ud835\udc1e\ud835\udc2c \ud835\udc0c\ud835\udc28\ud835\udc22\ud835\udc27\ud835\udc2c \ud835\udc00\ud835\udc2f\ud835\udc1a\ud835\udc27\ud835\udc1c\ud835\udc1e\u0301\ud835\udc2c (\ud835\udc0f\ud835\udc0c\ud835\udc00)&quot;\" \/>\n<meta property=\"og:url\" content=\"https:\/\/mpcid.gov.gn\/index.php\/mpci-sommet-des-leaders-des-pays-les-moins-avances-pma\/\" \/>\n<meta property=\"og:site_name\" content=\"MPCI\" \/>\n<meta property=\"article:publisher\" content=\"https:\/\/www.facebook.com\/MPCIGN\" \/>\n<meta property=\"article:published_time\" content=\"2023-03-07T13:54:29+00:00\" \/>\n<meta property=\"article:modified_time\" content=\"2023-03-07T14:08:22+00:00\" \/>\n<meta property=\"og:image\" content=\"https:\/\/mpcid.gov.gn\/wp-content\/uploads\/2023\/03\/ldc5.jpg\" \/>\n\t<meta property=\"og:image:width\" content=\"2048\" \/>\n\t<meta property=\"og:image:height\" content=\"1474\" \/>\n\t<meta property=\"og:image:type\" content=\"image\/jpeg\" \/>\n<meta name=\"author\" content=\"MPCI\" \/>\n<meta name=\"twitter:card\" content=\"summary_large_image\" \/>\n<meta name=\"twitter:creator\" content=\"@MpciGov\" \/>\n<meta name=\"twitter:site\" content=\"@MpciGov\" \/>\n<meta name=\"twitter:label1\" content=\"\u00c9crit par\" \/>\n\t<meta name=\"twitter:data1\" content=\"MPCI\" \/>\n\t<meta name=\"twitter:label2\" content=\"Dur\u00e9e de lecture estim\u00e9e\" \/>\n\t<meta name=\"twitter:data2\" content=\"6 minutes\" \/>\n<script type=\"application\/ld+json\" class=\"yoast-schema-graph\">{\"@context\":\"https:\\\/\\\/schema.org\",\"@graph\":[{\"@type\":\"Article\",\"@id\":\"https:\\\/\\\/mpcid.gov.gn\\\/index.php\\\/mpci-sommet-des-leaders-des-pays-les-moins-avances-pma\\\/#article\",\"isPartOf\":{\"@id\":\"https:\\\/\\\/mpcid.gov.gn\\\/index.php\\\/mpci-sommet-des-leaders-des-pays-les-moins-avances-pma\\\/\"},\"author\":{\"name\":\"MPCI\",\"@id\":\"https:\\\/\\\/mpcid.gov.gn\\\/#\\\/schema\\\/person\\\/d42a682c7fbefbc07aa77a60ab72f16a\"},\"headline\":\"\ud835\udc0c\ud835\udc0f\ud835\udc02\ud835\udc08 \\\/ \ud835\udc12\ud835\udc28\ud835\udc26\ud835\udc26\ud835\udc1e\ud835\udc2d \ud835\udc1d\ud835\udc1e\ud835\udc2c \ud835\udc0b\ud835\udc1e\ud835\udc1a\ud835\udc1d\ud835\udc1e\ud835\udc2b\ud835\udc2c \ud835\udc1d\ud835\udc1e\ud835\udc2c \ud835\udc0f\ud835\udc1a\ud835\udc32\ud835\udc2c \ud835\udc25\ud835\udc1e\ud835\udc2c \ud835\udc0c\ud835\udc28\ud835\udc22\ud835\udc27\ud835\udc2c \ud835\udc00\ud835\udc2f\ud835\udc1a\ud835\udc27\ud835\udc1c\ud835\udc1e\u0301\ud835\udc2c (\ud835\udc0f\ud835\udc0c\ud835\udc00)\",\"datePublished\":\"2023-03-07T13:54:29+00:00\",\"dateModified\":\"2023-03-07T14:08:22+00:00\",\"mainEntityOfPage\":{\"@id\":\"https:\\\/\\\/mpcid.gov.gn\\\/index.php\\\/mpci-sommet-des-leaders-des-pays-les-moins-avances-pma\\\/\"},\"wordCount\":1183,\"commentCount\":0,\"publisher\":{\"@id\":\"https:\\\/\\\/mpcid.gov.gn\\\/#organization\"},\"image\":{\"@id\":\"https:\\\/\\\/mpcid.gov.gn\\\/index.php\\\/mpci-sommet-des-leaders-des-pays-les-moins-avances-pma\\\/#primaryimage\"},\"thumbnailUrl\":\"https:\\\/\\\/mpcid.gov.gn\\\/wp-content\\\/uploads\\\/2023\\\/03\\\/ldc5.jpg\",\"articleSection\":[\"Actualit\u00e9s\"],\"inLanguage\":\"fr-FR\"},{\"@type\":\"WebPage\",\"@id\":\"https:\\\/\\\/mpcid.gov.gn\\\/index.php\\\/mpci-sommet-des-leaders-des-pays-les-moins-avances-pma\\\/\",\"url\":\"https:\\\/\\\/mpcid.gov.gn\\\/index.php\\\/mpci-sommet-des-leaders-des-pays-les-moins-avances-pma\\\/\",\"name\":\"\ud835\udc0c\ud835\udc0f\ud835\udc02\ud835\udc08 \\\/ \ud835\udc12\ud835\udc28\ud835\udc26\ud835\udc26\ud835\udc1e\ud835\udc2d \ud835\udc1d\ud835\udc1e\ud835\udc2c \ud835\udc0b\ud835\udc1e\ud835\udc1a\ud835\udc1d\ud835\udc1e\ud835\udc2b\ud835\udc2c \ud835\udc1d\ud835\udc1e\ud835\udc2c \ud835\udc0f\ud835\udc1a\ud835\udc32\ud835\udc2c \ud835\udc25\ud835\udc1e\ud835\udc2c \ud835\udc0c\ud835\udc28\ud835\udc22\ud835\udc27\ud835\udc2c \ud835\udc00\ud835\udc2f\ud835\udc1a\ud835\udc27\ud835\udc1c\ud835\udc1e\u0301\ud835\udc2c (\ud835\udc0f\ud835\udc0c\ud835\udc00) - MPCI\",\"isPartOf\":{\"@id\":\"https:\\\/\\\/mpcid.gov.gn\\\/#website\"},\"primaryImageOfPage\":{\"@id\":\"https:\\\/\\\/mpcid.gov.gn\\\/index.php\\\/mpci-sommet-des-leaders-des-pays-les-moins-avances-pma\\\/#primaryimage\"},\"image\":{\"@id\":\"https:\\\/\\\/mpcid.gov.gn\\\/index.php\\\/mpci-sommet-des-leaders-des-pays-les-moins-avances-pma\\\/#primaryimage\"},\"thumbnailUrl\":\"https:\\\/\\\/mpcid.gov.gn\\\/wp-content\\\/uploads\\\/2023\\\/03\\\/ldc5.jpg\",\"datePublished\":\"2023-03-07T13:54:29+00:00\",\"dateModified\":\"2023-03-07T14:08:22+00:00\",\"breadcrumb\":{\"@id\":\"https:\\\/\\\/mpcid.gov.gn\\\/index.php\\\/mpci-sommet-des-leaders-des-pays-les-moins-avances-pma\\\/#breadcrumb\"},\"inLanguage\":\"fr-FR\",\"potentialAction\":[{\"@type\":\"ReadAction\",\"target\":[\"https:\\\/\\\/mpcid.gov.gn\\\/index.php\\\/mpci-sommet-des-leaders-des-pays-les-moins-avances-pma\\\/\"]}]},{\"@type\":\"ImageObject\",\"inLanguage\":\"fr-FR\",\"@id\":\"https:\\\/\\\/mpcid.gov.gn\\\/index.php\\\/mpci-sommet-des-leaders-des-pays-les-moins-avances-pma\\\/#primaryimage\",\"url\":\"https:\\\/\\\/mpcid.gov.gn\\\/wp-content\\\/uploads\\\/2023\\\/03\\\/ldc5.jpg\",\"contentUrl\":\"https:\\\/\\\/mpcid.gov.gn\\\/wp-content\\\/uploads\\\/2023\\\/03\\\/ldc5.jpg\",\"width\":2048,\"height\":1474},{\"@type\":\"BreadcrumbList\",\"@id\":\"https:\\\/\\\/mpcid.gov.gn\\\/index.php\\\/mpci-sommet-des-leaders-des-pays-les-moins-avances-pma\\\/#breadcrumb\",\"itemListElement\":[{\"@type\":\"ListItem\",\"position\":1,\"name\":\"Accueil\",\"item\":\"https:\\\/\\\/mpcid.gov.gn\\\/\"},{\"@type\":\"ListItem\",\"position\":2,\"name\":\"\ud835\udc0c\ud835\udc0f\ud835\udc02\ud835\udc08 \\\/ \ud835\udc12\ud835\udc28\ud835\udc26\ud835\udc26\ud835\udc1e\ud835\udc2d \ud835\udc1d\ud835\udc1e\ud835\udc2c \ud835\udc0b\ud835\udc1e\ud835\udc1a\ud835\udc1d\ud835\udc1e\ud835\udc2b\ud835\udc2c \ud835\udc1d\ud835\udc1e\ud835\udc2c \ud835\udc0f\ud835\udc1a\ud835\udc32\ud835\udc2c \ud835\udc25\ud835\udc1e\ud835\udc2c \ud835\udc0c\ud835\udc28\ud835\udc22\ud835\udc27\ud835\udc2c \ud835\udc00\ud835\udc2f\ud835\udc1a\ud835\udc27\ud835\udc1c\ud835\udc1e\u0301\ud835\udc2c (\ud835\udc0f\ud835\udc0c\ud835\udc00)\"}]},{\"@type\":\"WebSite\",\"@id\":\"https:\\\/\\\/mpcid.gov.gn\\\/#website\",\"url\":\"https:\\\/\\\/mpcid.gov.gn\\\/\",\"name\":\"https:\\\/\\\/mpcid.gov.gn\\\/\",\"description\":\"Minist\u00e8re du Plan et de la Coop\u00e9ration Internationale\",\"publisher\":{\"@id\":\"https:\\\/\\\/mpcid.gov.gn\\\/#organization\"},\"potentialAction\":[{\"@type\":\"SearchAction\",\"target\":{\"@type\":\"EntryPoint\",\"urlTemplate\":\"https:\\\/\\\/mpcid.gov.gn\\\/?s={search_term_string}\"},\"query-input\":{\"@type\":\"PropertyValueSpecification\",\"valueRequired\":true,\"valueName\":\"search_term_string\"}}],\"inLanguage\":\"fr-FR\"},{\"@type\":\"Organization\",\"@id\":\"https:\\\/\\\/mpcid.gov.gn\\\/#organization\",\"name\":\"Minist\u00e8re du Plan et de la Coop\u00e9ration Internationale - MPCI\",\"url\":\"https:\\\/\\\/mpcid.gov.gn\\\/\",\"logo\":{\"@type\":\"ImageObject\",\"inLanguage\":\"fr-FR\",\"@id\":\"https:\\\/\\\/mpcid.gov.gn\\\/#\\\/schema\\\/logo\\\/image\\\/\",\"url\":\"https:\\\/\\\/mpcid.gov.gn\\\/wp-content\\\/uploads\\\/2023\\\/10\\\/Ministere-du-Plan-et-de-la-Cooperation-Internationale-MPCI.jpg\",\"contentUrl\":\"https:\\\/\\\/mpcid.gov.gn\\\/wp-content\\\/uploads\\\/2023\\\/10\\\/Ministere-du-Plan-et-de-la-Cooperation-Internationale-MPCI.jpg\",\"width\":462,\"height\":462,\"caption\":\"Minist\u00e8re du Plan et de la Coop\u00e9ration Internationale - MPCI\"},\"image\":{\"@id\":\"https:\\\/\\\/mpcid.gov.gn\\\/#\\\/schema\\\/logo\\\/image\\\/\"},\"sameAs\":[\"https:\\\/\\\/www.facebook.com\\\/MPCIGN\",\"https:\\\/\\\/x.com\\\/MpciGov\"]},{\"@type\":\"Person\",\"@id\":\"https:\\\/\\\/mpcid.gov.gn\\\/#\\\/schema\\\/person\\\/d42a682c7fbefbc07aa77a60ab72f16a\",\"name\":\"MPCI\",\"sameAs\":[\"http:\\\/\\\/mpci.gov.gn\"],\"url\":\"https:\\\/\\\/mpcid.gov.gn\\\/index.php\\\/author\\\/mpci\\\/\"}]}<\/script>\n<!-- \/ Yoast SEO plugin. -->","yoast_head_json":{"title":"\ud835\udc0c\ud835\udc0f\ud835\udc02\ud835\udc08 \/ \ud835\udc12\ud835\udc28\ud835\udc26\ud835\udc26\ud835\udc1e\ud835\udc2d \ud835\udc1d\ud835\udc1e\ud835\udc2c \ud835\udc0b\ud835\udc1e\ud835\udc1a\ud835\udc1d\ud835\udc1e\ud835\udc2b\ud835\udc2c \ud835\udc1d\ud835\udc1e\ud835\udc2c \ud835\udc0f\ud835\udc1a\ud835\udc32\ud835\udc2c \ud835\udc25\ud835\udc1e\ud835\udc2c \ud835\udc0c\ud835\udc28\ud835\udc22\ud835\udc27\ud835\udc2c \ud835\udc00\ud835\udc2f\ud835\udc1a\ud835\udc27\ud835\udc1c\ud835\udc1e\u0301\ud835\udc2c (\ud835\udc0f\ud835\udc0c\ud835\udc00) - MPCI","robots":{"index":"index","follow":"follow","max-snippet":"max-snippet:-1","max-image-preview":"max-image-preview:large","max-video-preview":"max-video-preview:-1"},"canonical":"https:\/\/mpcid.gov.gn\/index.php\/mpci-sommet-des-leaders-des-pays-les-moins-avances-pma\/","og_locale":"fr_FR","og_type":"article","og_title":"\ud835\udc0c\ud835\udc0f\ud835\udc02\ud835\udc08 \/ \ud835\udc12\ud835\udc28\ud835\udc26\ud835\udc26\ud835\udc1e\ud835\udc2d \ud835\udc1d\ud835\udc1e\ud835\udc2c \ud835\udc0b\ud835\udc1e\ud835\udc1a\ud835\udc1d\ud835\udc1e\ud835\udc2b\ud835\udc2c \ud835\udc1d\ud835\udc1e\ud835\udc2c \ud835\udc0f\ud835\udc1a\ud835\udc32\ud835\udc2c \ud835\udc25\ud835\udc1e\ud835\udc2c \ud835\udc0c\ud835\udc28\ud835\udc22\ud835\udc27\ud835\udc2c \ud835\udc00\ud835\udc2f\ud835\udc1a\ud835\udc27\ud835\udc1c\ud835\udc1e\u0301\ud835\udc2c (\ud835\udc0f\ud835\udc0c\ud835\udc00) - MPCI","og_description":"Discours Int\u00e9gral de Madame la Ministre \u00e0 la 5\u00e8me Conf\u00e9rence des Nations Unies sur les PAYS LES MOINS AVANC\u00c9S. \u2028Contenu du Discours : Sa Majest\u00e9 L\u2019\u00c9mir du Qatar Excellence Monsieur le Pr\u00e9sident de la coordination des PMA Pr\u00e9sident du Malawi, Excellences Mesdames et Messieurs les Chefs d\u2019\u00c9tat et de Gouvernement, Mesdames et Messieurs les Chefs &hellip; Continue reading \"\ud835\udc0c\ud835\udc0f\ud835\udc02\ud835\udc08 \/ \ud835\udc12\ud835\udc28\ud835\udc26\ud835\udc26\ud835\udc1e\ud835\udc2d \ud835\udc1d\ud835\udc1e\ud835\udc2c \ud835\udc0b\ud835\udc1e\ud835\udc1a\ud835\udc1d\ud835\udc1e\ud835\udc2b\ud835\udc2c \ud835\udc1d\ud835\udc1e\ud835\udc2c \ud835\udc0f\ud835\udc1a\ud835\udc32\ud835\udc2c \ud835\udc25\ud835\udc1e\ud835\udc2c \ud835\udc0c\ud835\udc28\ud835\udc22\ud835\udc27\ud835\udc2c \ud835\udc00\ud835\udc2f\ud835\udc1a\ud835\udc27\ud835\udc1c\ud835\udc1e\u0301\ud835\udc2c (\ud835\udc0f\ud835\udc0c\ud835\udc00)\"","og_url":"https:\/\/mpcid.gov.gn\/index.php\/mpci-sommet-des-leaders-des-pays-les-moins-avances-pma\/","og_site_name":"MPCI","article_publisher":"https:\/\/www.facebook.com\/MPCIGN","article_published_time":"2023-03-07T13:54:29+00:00","article_modified_time":"2023-03-07T14:08:22+00:00","og_image":[{"width":2048,"height":1474,"url":"https:\/\/mpcid.gov.gn\/wp-content\/uploads\/2023\/03\/ldc5.jpg","type":"image\/jpeg"}],"author":"MPCI","twitter_card":"summary_large_image","twitter_creator":"@MpciGov","twitter_site":"@MpciGov","twitter_misc":{"\u00c9crit par":"MPCI","Dur\u00e9e de lecture estim\u00e9e":"6 minutes"},"schema":{"@context":"https:\/\/schema.org","@graph":[{"@type":"Article","@id":"https:\/\/mpcid.gov.gn\/index.php\/mpci-sommet-des-leaders-des-pays-les-moins-avances-pma\/#article","isPartOf":{"@id":"https:\/\/mpcid.gov.gn\/index.php\/mpci-sommet-des-leaders-des-pays-les-moins-avances-pma\/"},"author":{"name":"MPCI","@id":"https:\/\/mpcid.gov.gn\/#\/schema\/person\/d42a682c7fbefbc07aa77a60ab72f16a"},"headline":"\ud835\udc0c\ud835\udc0f\ud835\udc02\ud835\udc08 \/ \ud835\udc12\ud835\udc28\ud835\udc26\ud835\udc26\ud835\udc1e\ud835\udc2d \ud835\udc1d\ud835\udc1e\ud835\udc2c \ud835\udc0b\ud835\udc1e\ud835\udc1a\ud835\udc1d\ud835\udc1e\ud835\udc2b\ud835\udc2c \ud835\udc1d\ud835\udc1e\ud835\udc2c \ud835\udc0f\ud835\udc1a\ud835\udc32\ud835\udc2c \ud835\udc25\ud835\udc1e\ud835\udc2c \ud835\udc0c\ud835\udc28\ud835\udc22\ud835\udc27\ud835\udc2c \ud835\udc00\ud835\udc2f\ud835\udc1a\ud835\udc27\ud835\udc1c\ud835\udc1e\u0301\ud835\udc2c (\ud835\udc0f\ud835\udc0c\ud835\udc00)","datePublished":"2023-03-07T13:54:29+00:00","dateModified":"2023-03-07T14:08:22+00:00","mainEntityOfPage":{"@id":"https:\/\/mpcid.gov.gn\/index.php\/mpci-sommet-des-leaders-des-pays-les-moins-avances-pma\/"},"wordCount":1183,"commentCount":0,"publisher":{"@id":"https:\/\/mpcid.gov.gn\/#organization"},"image":{"@id":"https:\/\/mpcid.gov.gn\/index.php\/mpci-sommet-des-leaders-des-pays-les-moins-avances-pma\/#primaryimage"},"thumbnailUrl":"https:\/\/mpcid.gov.gn\/wp-content\/uploads\/2023\/03\/ldc5.jpg","articleSection":["Actualit\u00e9s"],"inLanguage":"fr-FR"},{"@type":"WebPage","@id":"https:\/\/mpcid.gov.gn\/index.php\/mpci-sommet-des-leaders-des-pays-les-moins-avances-pma\/","url":"https:\/\/mpcid.gov.gn\/index.php\/mpci-sommet-des-leaders-des-pays-les-moins-avances-pma\/","name":"\ud835\udc0c\ud835\udc0f\ud835\udc02\ud835\udc08 \/ \ud835\udc12\ud835\udc28\ud835\udc26\ud835\udc26\ud835\udc1e\ud835\udc2d \ud835\udc1d\ud835\udc1e\ud835\udc2c \ud835\udc0b\ud835\udc1e\ud835\udc1a\ud835\udc1d\ud835\udc1e\ud835\udc2b\ud835\udc2c \ud835\udc1d\ud835\udc1e\ud835\udc2c \ud835\udc0f\ud835\udc1a\ud835\udc32\ud835\udc2c \ud835\udc25\ud835\udc1e\ud835\udc2c \ud835\udc0c\ud835\udc28\ud835\udc22\ud835\udc27\ud835\udc2c \ud835\udc00\ud835\udc2f\ud835\udc1a\ud835\udc27\ud835\udc1c\ud835\udc1e\u0301\ud835\udc2c (\ud835\udc0f\ud835\udc0c\ud835\udc00) - MPCI","isPartOf":{"@id":"https:\/\/mpcid.gov.gn\/#website"},"primaryImageOfPage":{"@id":"https:\/\/mpcid.gov.gn\/index.php\/mpci-sommet-des-leaders-des-pays-les-moins-avances-pma\/#primaryimage"},"image":{"@id":"https:\/\/mpcid.gov.gn\/index.php\/mpci-sommet-des-leaders-des-pays-les-moins-avances-pma\/#primaryimage"},"thumbnailUrl":"https:\/\/mpcid.gov.gn\/wp-content\/uploads\/2023\/03\/ldc5.jpg","datePublished":"2023-03-07T13:54:29+00:00","dateModified":"2023-03-07T14:08:22+00:00","breadcrumb":{"@id":"https:\/\/mpcid.gov.gn\/index.php\/mpci-sommet-des-leaders-des-pays-les-moins-avances-pma\/#breadcrumb"},"inLanguage":"fr-FR","potentialAction":[{"@type":"ReadAction","target":["https:\/\/mpcid.gov.gn\/index.php\/mpci-sommet-des-leaders-des-pays-les-moins-avances-pma\/"]}]},{"@type":"ImageObject","inLanguage":"fr-FR","@id":"https:\/\/mpcid.gov.gn\/index.php\/mpci-sommet-des-leaders-des-pays-les-moins-avances-pma\/#primaryimage","url":"https:\/\/mpcid.gov.gn\/wp-content\/uploads\/2023\/03\/ldc5.jpg","contentUrl":"https:\/\/mpcid.gov.gn\/wp-content\/uploads\/2023\/03\/ldc5.jpg","width":2048,"height":1474},{"@type":"BreadcrumbList","@id":"https:\/\/mpcid.gov.gn\/index.php\/mpci-sommet-des-leaders-des-pays-les-moins-avances-pma\/#breadcrumb","itemListElement":[{"@type":"ListItem","position":1,"name":"Accueil","item":"https:\/\/mpcid.gov.gn\/"},{"@type":"ListItem","position":2,"name":"\ud835\udc0c\ud835\udc0f\ud835\udc02\ud835\udc08 \/ \ud835\udc12\ud835\udc28\ud835\udc26\ud835\udc26\ud835\udc1e\ud835\udc2d \ud835\udc1d\ud835\udc1e\ud835\udc2c \ud835\udc0b\ud835\udc1e\ud835\udc1a\ud835\udc1d\ud835\udc1e\ud835\udc2b\ud835\udc2c \ud835\udc1d\ud835\udc1e\ud835\udc2c \ud835\udc0f\ud835\udc1a\ud835\udc32\ud835\udc2c \ud835\udc25\ud835\udc1e\ud835\udc2c \ud835\udc0c\ud835\udc28\ud835\udc22\ud835\udc27\ud835\udc2c \ud835\udc00\ud835\udc2f\ud835\udc1a\ud835\udc27\ud835\udc1c\ud835\udc1e\u0301\ud835\udc2c (\ud835\udc0f\ud835\udc0c\ud835\udc00)"}]},{"@type":"WebSite","@id":"https:\/\/mpcid.gov.gn\/#website","url":"https:\/\/mpcid.gov.gn\/","name":"https:\/\/mpcid.gov.gn\/","description":"Minist\u00e8re du Plan et de la Coop\u00e9ration Internationale","publisher":{"@id":"https:\/\/mpcid.gov.gn\/#organization"},"potentialAction":[{"@type":"SearchAction","target":{"@type":"EntryPoint","urlTemplate":"https:\/\/mpcid.gov.gn\/?s={search_term_string}"},"query-input":{"@type":"PropertyValueSpecification","valueRequired":true,"valueName":"search_term_string"}}],"inLanguage":"fr-FR"},{"@type":"Organization","@id":"https:\/\/mpcid.gov.gn\/#organization","name":"Minist\u00e8re du Plan et de la Coop\u00e9ration Internationale - MPCI","url":"https:\/\/mpcid.gov.gn\/","logo":{"@type":"ImageObject","inLanguage":"fr-FR","@id":"https:\/\/mpcid.gov.gn\/#\/schema\/logo\/image\/","url":"https:\/\/mpcid.gov.gn\/wp-content\/uploads\/2023\/10\/Ministere-du-Plan-et-de-la-Cooperation-Internationale-MPCI.jpg","contentUrl":"https:\/\/mpcid.gov.gn\/wp-content\/uploads\/2023\/10\/Ministere-du-Plan-et-de-la-Cooperation-Internationale-MPCI.jpg","width":462,"height":462,"caption":"Minist\u00e8re du Plan et de la Coop\u00e9ration Internationale - MPCI"},"image":{"@id":"https:\/\/mpcid.gov.gn\/#\/schema\/logo\/image\/"},"sameAs":["https:\/\/www.facebook.com\/MPCIGN","https:\/\/x.com\/MpciGov"]},{"@type":"Person","@id":"https:\/\/mpcid.gov.gn\/#\/schema\/person\/d42a682c7fbefbc07aa77a60ab72f16a","name":"MPCI","sameAs":["http:\/\/mpci.gov.gn"],"url":"https:\/\/mpcid.gov.gn\/index.php\/author\/mpci\/"}]}},"_links":{"self":[{"href":"https:\/\/mpcid.gov.gn\/index.php\/wp-json\/wp\/v2\/posts\/9005","targetHints":{"allow":["GET"]}}],"collection":[{"href":"https:\/\/mpcid.gov.gn\/index.php\/wp-json\/wp\/v2\/posts"}],"about":[{"href":"https:\/\/mpcid.gov.gn\/index.php\/wp-json\/wp\/v2\/types\/post"}],"author":[{"embeddable":true,"href":"https:\/\/mpcid.gov.gn\/index.php\/wp-json\/wp\/v2\/users\/6"}],"replies":[{"embeddable":true,"href":"https:\/\/mpcid.gov.gn\/index.php\/wp-json\/wp\/v2\/comments?post=9005"}],"version-history":[{"count":0,"href":"https:\/\/mpcid.gov.gn\/index.php\/wp-json\/wp\/v2\/posts\/9005\/revisions"}],"wp:featuredmedia":[{"embeddable":true,"href":"https:\/\/mpcid.gov.gn\/index.php\/wp-json\/wp\/v2\/media\/9006"}],"wp:attachment":[{"href":"https:\/\/mpcid.gov.gn\/index.php\/wp-json\/wp\/v2\/media?parent=9005"}],"wp:term":[{"taxonomy":"category","embeddable":true,"href":"https:\/\/mpcid.gov.gn\/index.php\/wp-json\/wp\/v2\/categories?post=9005"},{"taxonomy":"post_tag","embeddable":true,"href":"https:\/\/mpcid.gov.gn\/index.php\/wp-json\/wp\/v2\/tags?post=9005"}],"curies":[{"name":"wp","href":"https:\/\/api.w.org\/{rel}","templated":true}]}}