{"id":19827,"date":"2026-05-01T22:22:42","date_gmt":"2026-05-01T22:22:42","guid":{"rendered":"https:\/\/mpcid.gov.gn\/?p=19827"},"modified":"2026-05-01T22:22:42","modified_gmt":"2026-05-01T22:22:42","slug":"dabola-woulada-le-ministre-du-plan-de-la-cooperation-internationale-et-du-developpement-en-tournee-pour-la-paix-et-lunite","status":"publish","type":"post","link":"https:\/\/mpcid.gov.gn\/index.php\/dabola-woulada-le-ministre-du-plan-de-la-cooperation-internationale-et-du-developpement-en-tournee-pour-la-paix-et-lunite\/","title":{"rendered":"Dabola &#8211; Woulada : le Ministre du Plan, de la Coop\u00e9ration Internationale et du D\u00e9veloppement en tourn\u00e9e pour la paix et l\u2019unit\u00e9 !"},"content":{"rendered":"<p>Dans la continuit\u00e9 de sa visite de courtoisie, le Ministre du Plan, de la Coop\u00e9ration Internationale et du D\u00e9veloppement a poursuivi, ce vendredi 1er mai 2026, sa pr\u00e9sence de terrain aupr\u00e8s des populations de Dabola et de la sous-pr\u00e9fecture de Woulada.<\/p>\n<p><img fetchpriority=\"high\" decoding=\"async\" class=\"alignnone size-medium wp-image-19829\" src=\"https:\/\/mpcid.gov.gn\/wp-content\/uploads\/2026\/05\/1-1-375x500.jpg\" alt=\"\" width=\"375\" height=\"500\" srcset=\"https:\/\/mpcid.gov.gn\/wp-content\/uploads\/2026\/05\/1-1-375x500.jpg 375w, https:\/\/mpcid.gov.gn\/wp-content\/uploads\/2026\/05\/1-1-767x1024.jpg 767w, https:\/\/mpcid.gov.gn\/wp-content\/uploads\/2026\/05\/1-1-768x1025.jpg 768w, https:\/\/mpcid.gov.gn\/wp-content\/uploads\/2026\/05\/1-1.jpg 809w\" sizes=\"(max-width: 375px) 85vw, 375px\" \/> <img decoding=\"async\" class=\"alignnone size-medium wp-image-19830\" src=\"https:\/\/mpcid.gov.gn\/wp-content\/uploads\/2026\/05\/2-1-500x375.jpg\" alt=\"\" width=\"500\" height=\"375\" srcset=\"https:\/\/mpcid.gov.gn\/wp-content\/uploads\/2026\/05\/2-1-500x375.jpg 500w, https:\/\/mpcid.gov.gn\/wp-content\/uploads\/2026\/05\/2-1-1024x767.jpg 1024w, https:\/\/mpcid.gov.gn\/wp-content\/uploads\/2026\/05\/2-1-768x575.jpg 768w, https:\/\/mpcid.gov.gn\/wp-content\/uploads\/2026\/05\/2-1.jpg 1080w\" sizes=\"(max-width: 500px) 85vw, 500px\" \/> <img decoding=\"async\" class=\"alignnone size-medium wp-image-19831\" src=\"https:\/\/mpcid.gov.gn\/wp-content\/uploads\/2026\/05\/3-1-500x375.jpg\" alt=\"\" width=\"500\" height=\"375\" srcset=\"https:\/\/mpcid.gov.gn\/wp-content\/uploads\/2026\/05\/3-1-500x375.jpg 500w, https:\/\/mpcid.gov.gn\/wp-content\/uploads\/2026\/05\/3-1-1024x767.jpg 1024w, https:\/\/mpcid.gov.gn\/wp-content\/uploads\/2026\/05\/3-1-768x575.jpg 768w, https:\/\/mpcid.gov.gn\/wp-content\/uploads\/2026\/05\/3-1.jpg 1080w\" sizes=\"(max-width: 500px) 85vw, 500px\" \/> <img loading=\"lazy\" decoding=\"async\" class=\"alignnone size-medium wp-image-19832\" src=\"https:\/\/mpcid.gov.gn\/wp-content\/uploads\/2026\/05\/4-1-500x375.jpg\" alt=\"\" width=\"500\" height=\"375\" srcset=\"https:\/\/mpcid.gov.gn\/wp-content\/uploads\/2026\/05\/4-1-500x375.jpg 500w, https:\/\/mpcid.gov.gn\/wp-content\/uploads\/2026\/05\/4-1-768x576.jpg 768w, https:\/\/mpcid.gov.gn\/wp-content\/uploads\/2026\/05\/4-1.jpg 1020w\" sizes=\"(max-width: 500px) 85vw, 500px\" \/> <img loading=\"lazy\" decoding=\"async\" class=\"alignnone size-medium wp-image-19833\" src=\"https:\/\/mpcid.gov.gn\/wp-content\/uploads\/2026\/05\/5-1-500x375.jpg\" alt=\"\" width=\"500\" height=\"375\" srcset=\"https:\/\/mpcid.gov.gn\/wp-content\/uploads\/2026\/05\/5-1-500x375.jpg 500w, https:\/\/mpcid.gov.gn\/wp-content\/uploads\/2026\/05\/5-1-768x576.jpg 768w, https:\/\/mpcid.gov.gn\/wp-content\/uploads\/2026\/05\/5-1.jpg 1020w\" sizes=\"(max-width: 500px) 85vw, 500px\" \/> <img loading=\"lazy\" decoding=\"async\" class=\"alignnone size-medium wp-image-19834\" src=\"https:\/\/mpcid.gov.gn\/wp-content\/uploads\/2026\/05\/6-1-375x500.jpg\" alt=\"\" width=\"375\" height=\"500\" srcset=\"https:\/\/mpcid.gov.gn\/wp-content\/uploads\/2026\/05\/6-1-375x500.jpg 375w, https:\/\/mpcid.gov.gn\/wp-content\/uploads\/2026\/05\/6-1-768x1024.jpg 768w, https:\/\/mpcid.gov.gn\/wp-content\/uploads\/2026\/05\/6-1.jpg 810w\" sizes=\"(max-width: 375px) 85vw, 375px\" \/> <img loading=\"lazy\" decoding=\"async\" class=\"alignnone size-medium wp-image-19835\" src=\"https:\/\/mpcid.gov.gn\/wp-content\/uploads\/2026\/05\/7-1-375x500.jpg\" alt=\"\" width=\"375\" height=\"500\" srcset=\"https:\/\/mpcid.gov.gn\/wp-content\/uploads\/2026\/05\/7-1-375x500.jpg 375w, https:\/\/mpcid.gov.gn\/wp-content\/uploads\/2026\/05\/7-1.jpg 765w\" sizes=\"(max-width: 375px) 85vw, 375px\" \/> <img loading=\"lazy\" decoding=\"async\" class=\"alignnone size-medium wp-image-19836\" src=\"https:\/\/mpcid.gov.gn\/wp-content\/uploads\/2026\/05\/8-1-375x500.jpg\" alt=\"\" width=\"375\" height=\"500\" srcset=\"https:\/\/mpcid.gov.gn\/wp-content\/uploads\/2026\/05\/8-1-375x500.jpg 375w, https:\/\/mpcid.gov.gn\/wp-content\/uploads\/2026\/05\/8-1-768x1024.jpg 768w, https:\/\/mpcid.gov.gn\/wp-content\/uploads\/2026\/05\/8-1.jpg 810w\" sizes=\"(max-width: 375px) 85vw, 375px\" \/> <img loading=\"lazy\" decoding=\"async\" class=\"alignnone size-medium wp-image-19837\" src=\"https:\/\/mpcid.gov.gn\/wp-content\/uploads\/2026\/05\/9-1-375x500.jpg\" alt=\"\" width=\"375\" height=\"500\" srcset=\"https:\/\/mpcid.gov.gn\/wp-content\/uploads\/2026\/05\/9-1-375x500.jpg 375w, https:\/\/mpcid.gov.gn\/wp-content\/uploads\/2026\/05\/9-1-768x1024.jpg 768w, https:\/\/mpcid.gov.gn\/wp-content\/uploads\/2026\/05\/9-1.jpg 810w\" sizes=\"(max-width: 375px) 85vw, 375px\" \/> <img loading=\"lazy\" decoding=\"async\" class=\"alignnone size-medium wp-image-19838\" src=\"https:\/\/mpcid.gov.gn\/wp-content\/uploads\/2026\/05\/10-1-375x500.jpg\" alt=\"\" width=\"375\" height=\"500\" srcset=\"https:\/\/mpcid.gov.gn\/wp-content\/uploads\/2026\/05\/10-1-375x500.jpg 375w, https:\/\/mpcid.gov.gn\/wp-content\/uploads\/2026\/05\/10-1.jpg 654w\" sizes=\"(max-width: 375px) 85vw, 375px\" \/> <img loading=\"lazy\" decoding=\"async\" class=\"alignnone size-medium wp-image-19839\" src=\"https:\/\/mpcid.gov.gn\/wp-content\/uploads\/2026\/05\/11-1-500x375.jpg\" alt=\"\" width=\"500\" height=\"375\" srcset=\"https:\/\/mpcid.gov.gn\/wp-content\/uploads\/2026\/05\/11-1-500x375.jpg 500w, https:\/\/mpcid.gov.gn\/wp-content\/uploads\/2026\/05\/11-1-768x576.jpg 768w, https:\/\/mpcid.gov.gn\/wp-content\/uploads\/2026\/05\/11-1.jpg 1020w\" sizes=\"(max-width: 500px) 85vw, 500px\" \/> <img loading=\"lazy\" decoding=\"async\" class=\"alignnone size-medium wp-image-19840\" src=\"https:\/\/mpcid.gov.gn\/wp-content\/uploads\/2026\/05\/12-1-375x500.jpg\" alt=\"\" width=\"375\" height=\"500\" srcset=\"https:\/\/mpcid.gov.gn\/wp-content\/uploads\/2026\/05\/12-1-375x500.jpg 375w, https:\/\/mpcid.gov.gn\/wp-content\/uploads\/2026\/05\/12-1.jpg 765w\" sizes=\"(max-width: 375px) 85vw, 375px\" \/> <img loading=\"lazy\" decoding=\"async\" class=\"alignnone size-medium wp-image-19841\" src=\"https:\/\/mpcid.gov.gn\/wp-content\/uploads\/2026\/05\/13-1-375x500.jpg\" alt=\"\" width=\"375\" height=\"500\" srcset=\"https:\/\/mpcid.gov.gn\/wp-content\/uploads\/2026\/05\/13-1-375x500.jpg 375w, https:\/\/mpcid.gov.gn\/wp-content\/uploads\/2026\/05\/13-1.jpg 765w\" sizes=\"(max-width: 375px) 85vw, 375px\" \/> <img loading=\"lazy\" decoding=\"async\" class=\"alignnone size-medium wp-image-19842\" src=\"https:\/\/mpcid.gov.gn\/wp-content\/uploads\/2026\/05\/14-1-500x375.jpg\" alt=\"\" width=\"500\" height=\"375\" srcset=\"https:\/\/mpcid.gov.gn\/wp-content\/uploads\/2026\/05\/14-1-500x375.jpg 500w, https:\/\/mpcid.gov.gn\/wp-content\/uploads\/2026\/05\/14-1-768x576.jpg 768w, https:\/\/mpcid.gov.gn\/wp-content\/uploads\/2026\/05\/14-1.jpg 1020w\" sizes=\"(max-width: 500px) 85vw, 500px\" \/><\/p>\n<p>En cette journ\u00e9e symbolique du 1er mai, il a choisi de la consacrer enti\u00e8rement au service des populations, \u00e0 travers une tourn\u00e9e de proximit\u00e9, d\u2019\u00e9coute et de mobilisation citoyenne.<\/p>\n<p>\u00c0 Dabola, le lancement de la campagne s\u2019est d\u00e9roul\u00e9 dans une atmosph\u00e8re empreinte de ferveur et de spiritualit\u00e9, marqu\u00e9e par une lecture du Saint Coran et des pri\u00e8res \u00e0 la Grande Mosqu\u00e9e.<\/p>\n<p><img loading=\"lazy\" decoding=\"async\" class=\"alignnone size-medium wp-image-19843\" src=\"https:\/\/mpcid.gov.gn\/wp-content\/uploads\/2026\/05\/16-1-375x500.jpg\" alt=\"\" width=\"375\" height=\"500\" srcset=\"https:\/\/mpcid.gov.gn\/wp-content\/uploads\/2026\/05\/16-1-375x500.jpg 375w, https:\/\/mpcid.gov.gn\/wp-content\/uploads\/2026\/05\/16-1.jpg 765w\" sizes=\"(max-width: 375px) 85vw, 375px\" \/> <img loading=\"lazy\" decoding=\"async\" class=\"alignnone size-medium wp-image-19844\" src=\"https:\/\/mpcid.gov.gn\/wp-content\/uploads\/2026\/05\/17-1-374x500.jpg\" alt=\"\" width=\"374\" height=\"500\" srcset=\"https:\/\/mpcid.gov.gn\/wp-content\/uploads\/2026\/05\/17-1-374x500.jpg 374w, https:\/\/mpcid.gov.gn\/wp-content\/uploads\/2026\/05\/17-1-766x1024.jpg 766w, https:\/\/mpcid.gov.gn\/wp-content\/uploads\/2026\/05\/17-1-768x1027.jpg 768w, https:\/\/mpcid.gov.gn\/wp-content\/uploads\/2026\/05\/17-1.jpg 808w\" sizes=\"(max-width: 374px) 85vw, 374px\" \/> <img loading=\"lazy\" decoding=\"async\" class=\"alignnone size-medium wp-image-19845\" src=\"https:\/\/mpcid.gov.gn\/wp-content\/uploads\/2026\/05\/18-1-374x500.jpg\" alt=\"\" width=\"374\" height=\"500\" srcset=\"https:\/\/mpcid.gov.gn\/wp-content\/uploads\/2026\/05\/18-1-374x500.jpg 374w, https:\/\/mpcid.gov.gn\/wp-content\/uploads\/2026\/05\/18-1-766x1024.jpg 766w, https:\/\/mpcid.gov.gn\/wp-content\/uploads\/2026\/05\/18-1-768x1027.jpg 768w, https:\/\/mpcid.gov.gn\/wp-content\/uploads\/2026\/05\/18-1.jpg 808w\" sizes=\"(max-width: 374px) 85vw, 374px\" \/> <img loading=\"lazy\" decoding=\"async\" class=\"alignnone size-medium wp-image-19846\" src=\"https:\/\/mpcid.gov.gn\/wp-content\/uploads\/2026\/05\/19-374x500.jpg\" alt=\"\" width=\"374\" height=\"500\" srcset=\"https:\/\/mpcid.gov.gn\/wp-content\/uploads\/2026\/05\/19-374x500.jpg 374w, https:\/\/mpcid.gov.gn\/wp-content\/uploads\/2026\/05\/19-766x1024.jpg 766w, https:\/\/mpcid.gov.gn\/wp-content\/uploads\/2026\/05\/19-768x1027.jpg 768w, https:\/\/mpcid.gov.gn\/wp-content\/uploads\/2026\/05\/19.jpg 808w\" sizes=\"(max-width: 374px) 85vw, 374px\" \/> <img loading=\"lazy\" decoding=\"async\" class=\"alignnone size-medium wp-image-19848\" src=\"https:\/\/mpcid.gov.gn\/wp-content\/uploads\/2026\/05\/21-375x500.jpg\" alt=\"\" width=\"375\" height=\"500\" srcset=\"https:\/\/mpcid.gov.gn\/wp-content\/uploads\/2026\/05\/21-375x500.jpg 375w, https:\/\/mpcid.gov.gn\/wp-content\/uploads\/2026\/05\/21.jpg 765w\" sizes=\"(max-width: 375px) 85vw, 375px\" \/> <img loading=\"lazy\" decoding=\"async\" class=\"alignnone size-medium wp-image-19849\" src=\"https:\/\/mpcid.gov.gn\/wp-content\/uploads\/2026\/05\/22-375x500.jpg\" alt=\"\" width=\"375\" height=\"500\" srcset=\"https:\/\/mpcid.gov.gn\/wp-content\/uploads\/2026\/05\/22-375x500.jpg 375w, https:\/\/mpcid.gov.gn\/wp-content\/uploads\/2026\/05\/22.jpg 765w\" sizes=\"(max-width: 375px) 85vw, 375px\" \/> <img loading=\"lazy\" decoding=\"async\" class=\"alignnone size-medium wp-image-19850\" src=\"https:\/\/mpcid.gov.gn\/wp-content\/uploads\/2026\/05\/23-500x375.jpg\" alt=\"\" width=\"500\" height=\"375\" srcset=\"https:\/\/mpcid.gov.gn\/wp-content\/uploads\/2026\/05\/23-500x375.jpg 500w, https:\/\/mpcid.gov.gn\/wp-content\/uploads\/2026\/05\/23-1024x767.jpg 1024w, https:\/\/mpcid.gov.gn\/wp-content\/uploads\/2026\/05\/23-768x575.jpg 768w, https:\/\/mpcid.gov.gn\/wp-content\/uploads\/2026\/05\/23.jpg 1080w\" sizes=\"(max-width: 500px) 85vw, 500px\" \/> <img loading=\"lazy\" decoding=\"async\" class=\"alignnone size-medium wp-image-19851\" src=\"https:\/\/mpcid.gov.gn\/wp-content\/uploads\/2026\/05\/24-500x375.jpg\" alt=\"\" width=\"500\" height=\"375\" srcset=\"https:\/\/mpcid.gov.gn\/wp-content\/uploads\/2026\/05\/24-500x375.jpg 500w, https:\/\/mpcid.gov.gn\/wp-content\/uploads\/2026\/05\/24-1024x767.jpg 1024w, https:\/\/mpcid.gov.gn\/wp-content\/uploads\/2026\/05\/24-768x575.jpg 768w, https:\/\/mpcid.gov.gn\/wp-content\/uploads\/2026\/05\/24.jpg 1080w\" sizes=\"(max-width: 500px) 85vw, 500px\" \/> <img loading=\"lazy\" decoding=\"async\" class=\"alignnone size-medium wp-image-19852\" src=\"https:\/\/mpcid.gov.gn\/wp-content\/uploads\/2026\/05\/25-375x500.jpg\" alt=\"\" width=\"375\" height=\"500\" srcset=\"https:\/\/mpcid.gov.gn\/wp-content\/uploads\/2026\/05\/25-375x500.jpg 375w, https:\/\/mpcid.gov.gn\/wp-content\/uploads\/2026\/05\/25.jpg 765w\" sizes=\"(max-width: 375px) 85vw, 375px\" \/> <img loading=\"lazy\" decoding=\"async\" class=\"alignnone size-medium wp-image-19853\" src=\"https:\/\/mpcid.gov.gn\/wp-content\/uploads\/2026\/05\/26-375x500.jpg\" alt=\"\" width=\"375\" height=\"500\" srcset=\"https:\/\/mpcid.gov.gn\/wp-content\/uploads\/2026\/05\/26-375x500.jpg 375w, https:\/\/mpcid.gov.gn\/wp-content\/uploads\/2026\/05\/26.jpg 765w\" sizes=\"(max-width: 375px) 85vw, 375px\" \/> <img loading=\"lazy\" decoding=\"async\" class=\"alignnone size-medium wp-image-19854\" src=\"https:\/\/mpcid.gov.gn\/wp-content\/uploads\/2026\/05\/27-375x500.jpg\" alt=\"\" width=\"375\" height=\"500\" srcset=\"https:\/\/mpcid.gov.gn\/wp-content\/uploads\/2026\/05\/27-375x500.jpg 375w, https:\/\/mpcid.gov.gn\/wp-content\/uploads\/2026\/05\/27.jpg 765w\" sizes=\"(max-width: 375px) 85vw, 375px\" \/><\/p>\n<p>Dans son adresse, le Ministre a exprim\u00e9, au nom du Pr\u00e9sident de la R\u00e9publique, sa profonde gratitude aux populations, tout en appelant \u00e0 la responsabilit\u00e9, \u00e0 la coh\u00e9sion sociale et \u00e0 des \u00e9lections apais\u00e9es.<\/p>\n<p>De Bissikirama \u00e0 Kankaya, puis \u00e0 Banko, le message est rest\u00e9 constant :<\/p>\n<p>&#8211; pr\u00e9server la paix<\/p>\n<p>&#8211; renforcer l\u2019unit\u00e9<\/p>\n<p>&#8211; encourager une mobilisation responsable.<\/p>\n<p>\u00c0 Bissikirama, il a \u00e9galement mis l\u2019accent sur l\u2019importance de l\u2019\u00e9ducation comme levier du d\u00e9veloppement local.<\/p>\n<p>Une tourn\u00e9e plac\u00e9e sous le signe de la proximit\u00e9, de l\u2019unit\u00e9 et de l\u2019engagement citoyen.<\/p>\n<p>Les populations de Dabola et de Woulada ont, une fois de plus, d\u00e9montr\u00e9 leur attachement aux valeurs de paix, de stabilit\u00e9 et de progr\u00e8s.<\/p>\n","protected":false},"excerpt":{"rendered":"<p>Dans la continuit\u00e9 de sa visite de courtoisie, le Ministre du Plan, de la Coop\u00e9ration Internationale et du D\u00e9veloppement a poursuivi, ce vendredi 1er mai 2026, sa pr\u00e9sence de terrain aupr\u00e8s des populations de Dabola et de la sous-pr\u00e9fecture de Woulada. En cette journ\u00e9e symbolique du 1er mai, il a choisi de la consacrer enti\u00e8rement &hellip; <a href=\"https:\/\/mpcid.gov.gn\/index.php\/dabola-woulada-le-ministre-du-plan-de-la-cooperation-internationale-et-du-developpement-en-tournee-pour-la-paix-et-lunite\/\" class=\"more-link\">Continue reading<span class=\"screen-reader-text\"> \u00ab\u00a0Dabola &#8211; Woulada : le Ministre du Plan, de la Coop\u00e9ration Internationale et du D\u00e9veloppement en tourn\u00e9e pour la paix et l\u2019unit\u00e9 !\u00a0\u00bb<\/span><\/a><\/p>\n","protected":false},"author":20,"featured_media":19828,"comment_status":"closed","ping_status":"closed","sticky":false,"template":"","format":"standard","meta":{"footnotes":""},"categories":[63],"tags":[],"class_list":["post-19827","post","type-post","status-publish","format-standard","has-post-thumbnail","hentry","category-actualites"],"yoast_head":"<!-- This site is optimized with the Yoast SEO plugin v27.5 - https:\/\/yoast.com\/product\/yoast-seo-wordpress\/ -->\n<title>Dabola - Woulada : le Ministre du Plan, de la Coop\u00e9ration Internationale et du D\u00e9veloppement en tourn\u00e9e pour la paix et l\u2019unit\u00e9 ! - MPCI<\/title>\n<meta name=\"robots\" content=\"index, follow, max-snippet:-1, max-image-preview:large, max-video-preview:-1\" \/>\n<link rel=\"canonical\" href=\"https:\/\/mpcid.gov.gn\/index.php\/dabola-woulada-le-ministre-du-plan-de-la-cooperation-internationale-et-du-developpement-en-tournee-pour-la-paix-et-lunite\/\" \/>\n<meta property=\"og:locale\" content=\"fr_FR\" \/>\n<meta property=\"og:type\" content=\"article\" \/>\n<meta property=\"og:title\" content=\"Dabola - Woulada : le Ministre du Plan, de la Coop\u00e9ration Internationale et du D\u00e9veloppement en tourn\u00e9e pour la paix et l\u2019unit\u00e9 ! - MPCI\" \/>\n<meta property=\"og:description\" content=\"Dans la continuit\u00e9 de sa visite de courtoisie, le Ministre du Plan, de la Coop\u00e9ration Internationale et du D\u00e9veloppement a poursuivi, ce vendredi 1er mai 2026, sa pr\u00e9sence de terrain aupr\u00e8s des populations de Dabola et de la sous-pr\u00e9fecture de Woulada. En cette journ\u00e9e symbolique du 1er mai, il a choisi de la consacrer enti\u00e8rement &hellip; Continue reading &quot;Dabola &#8211; Woulada : le Ministre du Plan, de la Coop\u00e9ration Internationale et du D\u00e9veloppement en tourn\u00e9e pour la paix et l\u2019unit\u00e9 !&quot;\" \/>\n<meta property=\"og:url\" content=\"https:\/\/mpcid.gov.gn\/index.php\/dabola-woulada-le-ministre-du-plan-de-la-cooperation-internationale-et-du-developpement-en-tournee-pour-la-paix-et-lunite\/\" \/>\n<meta property=\"og:site_name\" content=\"MPCI\" \/>\n<meta property=\"article:publisher\" content=\"https:\/\/www.facebook.com\/MPCIGN\" \/>\n<meta property=\"article:published_time\" content=\"2026-05-01T22:22:42+00:00\" \/>\n<meta property=\"og:image\" content=\"https:\/\/mpcid.gov.gn\/wp-content\/uploads\/2026\/05\/15-1.jpg\" \/>\n\t<meta property=\"og:image:width\" content=\"1020\" \/>\n\t<meta property=\"og:image:height\" content=\"765\" \/>\n\t<meta property=\"og:image:type\" content=\"image\/jpeg\" \/>\n<meta name=\"author\" content=\"Service Communication\" \/>\n<meta name=\"twitter:card\" content=\"summary_large_image\" \/>\n<meta name=\"twitter:creator\" content=\"@MpciGov\" \/>\n<meta name=\"twitter:site\" content=\"@MpciGov\" \/>\n<meta name=\"twitter:label1\" content=\"\u00c9crit par\" \/>\n\t<meta name=\"twitter:data1\" content=\"Service Communication\" \/>\n\t<meta name=\"twitter:label2\" content=\"Dur\u00e9e de lecture estim\u00e9e\" \/>\n\t<meta name=\"twitter:data2\" content=\"7 minutes\" \/>\n<script type=\"application\/ld+json\" class=\"yoast-schema-graph\">{\"@context\":\"https:\\\/\\\/schema.org\",\"@graph\":[{\"@type\":\"Article\",\"@id\":\"https:\\\/\\\/mpcid.gov.gn\\\/index.php\\\/dabola-woulada-le-ministre-du-plan-de-la-cooperation-internationale-et-du-developpement-en-tournee-pour-la-paix-et-lunite\\\/#article\",\"isPartOf\":{\"@id\":\"https:\\\/\\\/mpcid.gov.gn\\\/index.php\\\/dabola-woulada-le-ministre-du-plan-de-la-cooperation-internationale-et-du-developpement-en-tournee-pour-la-paix-et-lunite\\\/\"},\"author\":{\"name\":\"Service Communication\",\"@id\":\"https:\\\/\\\/mpcid.gov.gn\\\/#\\\/schema\\\/person\\\/070aeea8fafd7a7e5a037505652abbee\"},\"headline\":\"Dabola &#8211; Woulada : le Ministre du Plan, de la Coop\u00e9ration Internationale et du D\u00e9veloppement en tourn\u00e9e pour la paix et l\u2019unit\u00e9 !\",\"datePublished\":\"2026-05-01T22:22:42+00:00\",\"mainEntityOfPage\":{\"@id\":\"https:\\\/\\\/mpcid.gov.gn\\\/index.php\\\/dabola-woulada-le-ministre-du-plan-de-la-cooperation-internationale-et-du-developpement-en-tournee-pour-la-paix-et-lunite\\\/\"},\"wordCount\":261,\"publisher\":{\"@id\":\"https:\\\/\\\/mpcid.gov.gn\\\/#organization\"},\"image\":{\"@id\":\"https:\\\/\\\/mpcid.gov.gn\\\/index.php\\\/dabola-woulada-le-ministre-du-plan-de-la-cooperation-internationale-et-du-developpement-en-tournee-pour-la-paix-et-lunite\\\/#primaryimage\"},\"thumbnailUrl\":\"https:\\\/\\\/mpcid.gov.gn\\\/wp-content\\\/uploads\\\/2026\\\/05\\\/15-1.jpg\",\"articleSection\":[\"Actualit\u00e9s\"],\"inLanguage\":\"fr-FR\"},{\"@type\":\"WebPage\",\"@id\":\"https:\\\/\\\/mpcid.gov.gn\\\/index.php\\\/dabola-woulada-le-ministre-du-plan-de-la-cooperation-internationale-et-du-developpement-en-tournee-pour-la-paix-et-lunite\\\/\",\"url\":\"https:\\\/\\\/mpcid.gov.gn\\\/index.php\\\/dabola-woulada-le-ministre-du-plan-de-la-cooperation-internationale-et-du-developpement-en-tournee-pour-la-paix-et-lunite\\\/\",\"name\":\"Dabola - Woulada : le Ministre du Plan, de la Coop\u00e9ration Internationale et du D\u00e9veloppement en tourn\u00e9e pour la paix et l\u2019unit\u00e9 ! - MPCI\",\"isPartOf\":{\"@id\":\"https:\\\/\\\/mpcid.gov.gn\\\/#website\"},\"primaryImageOfPage\":{\"@id\":\"https:\\\/\\\/mpcid.gov.gn\\\/index.php\\\/dabola-woulada-le-ministre-du-plan-de-la-cooperation-internationale-et-du-developpement-en-tournee-pour-la-paix-et-lunite\\\/#primaryimage\"},\"image\":{\"@id\":\"https:\\\/\\\/mpcid.gov.gn\\\/index.php\\\/dabola-woulada-le-ministre-du-plan-de-la-cooperation-internationale-et-du-developpement-en-tournee-pour-la-paix-et-lunite\\\/#primaryimage\"},\"thumbnailUrl\":\"https:\\\/\\\/mpcid.gov.gn\\\/wp-content\\\/uploads\\\/2026\\\/05\\\/15-1.jpg\",\"datePublished\":\"2026-05-01T22:22:42+00:00\",\"breadcrumb\":{\"@id\":\"https:\\\/\\\/mpcid.gov.gn\\\/index.php\\\/dabola-woulada-le-ministre-du-plan-de-la-cooperation-internationale-et-du-developpement-en-tournee-pour-la-paix-et-lunite\\\/#breadcrumb\"},\"inLanguage\":\"fr-FR\",\"potentialAction\":[{\"@type\":\"ReadAction\",\"target\":[\"https:\\\/\\\/mpcid.gov.gn\\\/index.php\\\/dabola-woulada-le-ministre-du-plan-de-la-cooperation-internationale-et-du-developpement-en-tournee-pour-la-paix-et-lunite\\\/\"]}]},{\"@type\":\"ImageObject\",\"inLanguage\":\"fr-FR\",\"@id\":\"https:\\\/\\\/mpcid.gov.gn\\\/index.php\\\/dabola-woulada-le-ministre-du-plan-de-la-cooperation-internationale-et-du-developpement-en-tournee-pour-la-paix-et-lunite\\\/#primaryimage\",\"url\":\"https:\\\/\\\/mpcid.gov.gn\\\/wp-content\\\/uploads\\\/2026\\\/05\\\/15-1.jpg\",\"contentUrl\":\"https:\\\/\\\/mpcid.gov.gn\\\/wp-content\\\/uploads\\\/2026\\\/05\\\/15-1.jpg\",\"width\":1020,\"height\":765},{\"@type\":\"BreadcrumbList\",\"@id\":\"https:\\\/\\\/mpcid.gov.gn\\\/index.php\\\/dabola-woulada-le-ministre-du-plan-de-la-cooperation-internationale-et-du-developpement-en-tournee-pour-la-paix-et-lunite\\\/#breadcrumb\",\"itemListElement\":[{\"@type\":\"ListItem\",\"position\":1,\"name\":\"Accueil\",\"item\":\"https:\\\/\\\/mpcid.gov.gn\\\/\"},{\"@type\":\"ListItem\",\"position\":2,\"name\":\"Dabola &#8211; Woulada : le Ministre du Plan, de la Coop\u00e9ration Internationale et du D\u00e9veloppement en tourn\u00e9e pour la paix et l\u2019unit\u00e9 !\"}]},{\"@type\":\"WebSite\",\"@id\":\"https:\\\/\\\/mpcid.gov.gn\\\/#website\",\"url\":\"https:\\\/\\\/mpcid.gov.gn\\\/\",\"name\":\"https:\\\/\\\/mpcid.gov.gn\\\/\",\"description\":\"Minist\u00e8re du Plan et de la Coop\u00e9ration Internationale\",\"publisher\":{\"@id\":\"https:\\\/\\\/mpcid.gov.gn\\\/#organization\"},\"potentialAction\":[{\"@type\":\"SearchAction\",\"target\":{\"@type\":\"EntryPoint\",\"urlTemplate\":\"https:\\\/\\\/mpcid.gov.gn\\\/?s={search_term_string}\"},\"query-input\":{\"@type\":\"PropertyValueSpecification\",\"valueRequired\":true,\"valueName\":\"search_term_string\"}}],\"inLanguage\":\"fr-FR\"},{\"@type\":\"Organization\",\"@id\":\"https:\\\/\\\/mpcid.gov.gn\\\/#organization\",\"name\":\"Minist\u00e8re du Plan et de la Coop\u00e9ration Internationale - MPCI\",\"url\":\"https:\\\/\\\/mpcid.gov.gn\\\/\",\"logo\":{\"@type\":\"ImageObject\",\"inLanguage\":\"fr-FR\",\"@id\":\"https:\\\/\\\/mpcid.gov.gn\\\/#\\\/schema\\\/logo\\\/image\\\/\",\"url\":\"https:\\\/\\\/mpcid.gov.gn\\\/wp-content\\\/uploads\\\/2023\\\/10\\\/Ministere-du-Plan-et-de-la-Cooperation-Internationale-MPCI.jpg\",\"contentUrl\":\"https:\\\/\\\/mpcid.gov.gn\\\/wp-content\\\/uploads\\\/2023\\\/10\\\/Ministere-du-Plan-et-de-la-Cooperation-Internationale-MPCI.jpg\",\"width\":462,\"height\":462,\"caption\":\"Minist\u00e8re du Plan et de la Coop\u00e9ration Internationale - MPCI\"},\"image\":{\"@id\":\"https:\\\/\\\/mpcid.gov.gn\\\/#\\\/schema\\\/logo\\\/image\\\/\"},\"sameAs\":[\"https:\\\/\\\/www.facebook.com\\\/MPCIGN\",\"https:\\\/\\\/x.com\\\/MpciGov\"]},{\"@type\":\"Person\",\"@id\":\"https:\\\/\\\/mpcid.gov.gn\\\/#\\\/schema\\\/person\\\/070aeea8fafd7a7e5a037505652abbee\",\"name\":\"Service Communication\",\"sameAs\":[\"http:\\\/\\\/Service-com\"],\"url\":\"https:\\\/\\\/mpcid.gov.gn\\\/index.php\\\/author\\\/service-com\\\/\"}]}<\/script>\n<!-- \/ Yoast SEO plugin. -->","yoast_head_json":{"title":"Dabola - Woulada : le Ministre du Plan, de la Coop\u00e9ration Internationale et du D\u00e9veloppement en tourn\u00e9e pour la paix et l\u2019unit\u00e9 ! - MPCI","robots":{"index":"index","follow":"follow","max-snippet":"max-snippet:-1","max-image-preview":"max-image-preview:large","max-video-preview":"max-video-preview:-1"},"canonical":"https:\/\/mpcid.gov.gn\/index.php\/dabola-woulada-le-ministre-du-plan-de-la-cooperation-internationale-et-du-developpement-en-tournee-pour-la-paix-et-lunite\/","og_locale":"fr_FR","og_type":"article","og_title":"Dabola - Woulada : le Ministre du Plan, de la Coop\u00e9ration Internationale et du D\u00e9veloppement en tourn\u00e9e pour la paix et l\u2019unit\u00e9 ! - MPCI","og_description":"Dans la continuit\u00e9 de sa visite de courtoisie, le Ministre du Plan, de la Coop\u00e9ration Internationale et du D\u00e9veloppement a poursuivi, ce vendredi 1er mai 2026, sa pr\u00e9sence de terrain aupr\u00e8s des populations de Dabola et de la sous-pr\u00e9fecture de Woulada. En cette journ\u00e9e symbolique du 1er mai, il a choisi de la consacrer enti\u00e8rement &hellip; Continue reading \"Dabola &#8211; Woulada : le Ministre du Plan, de la Coop\u00e9ration Internationale et du D\u00e9veloppement en tourn\u00e9e pour la paix et l\u2019unit\u00e9 !\"","og_url":"https:\/\/mpcid.gov.gn\/index.php\/dabola-woulada-le-ministre-du-plan-de-la-cooperation-internationale-et-du-developpement-en-tournee-pour-la-paix-et-lunite\/","og_site_name":"MPCI","article_publisher":"https:\/\/www.facebook.com\/MPCIGN","article_published_time":"2026-05-01T22:22:42+00:00","og_image":[{"width":1020,"height":765,"url":"https:\/\/mpcid.gov.gn\/wp-content\/uploads\/2026\/05\/15-1.jpg","type":"image\/jpeg"}],"author":"Service Communication","twitter_card":"summary_large_image","twitter_creator":"@MpciGov","twitter_site":"@MpciGov","twitter_misc":{"\u00c9crit par":"Service Communication","Dur\u00e9e de lecture estim\u00e9e":"7 minutes"},"schema":{"@context":"https:\/\/schema.org","@graph":[{"@type":"Article","@id":"https:\/\/mpcid.gov.gn\/index.php\/dabola-woulada-le-ministre-du-plan-de-la-cooperation-internationale-et-du-developpement-en-tournee-pour-la-paix-et-lunite\/#article","isPartOf":{"@id":"https:\/\/mpcid.gov.gn\/index.php\/dabola-woulada-le-ministre-du-plan-de-la-cooperation-internationale-et-du-developpement-en-tournee-pour-la-paix-et-lunite\/"},"author":{"name":"Service Communication","@id":"https:\/\/mpcid.gov.gn\/#\/schema\/person\/070aeea8fafd7a7e5a037505652abbee"},"headline":"Dabola &#8211; Woulada : le Ministre du Plan, de la Coop\u00e9ration Internationale et du D\u00e9veloppement en tourn\u00e9e pour la paix et l\u2019unit\u00e9 !","datePublished":"2026-05-01T22:22:42+00:00","mainEntityOfPage":{"@id":"https:\/\/mpcid.gov.gn\/index.php\/dabola-woulada-le-ministre-du-plan-de-la-cooperation-internationale-et-du-developpement-en-tournee-pour-la-paix-et-lunite\/"},"wordCount":261,"publisher":{"@id":"https:\/\/mpcid.gov.gn\/#organization"},"image":{"@id":"https:\/\/mpcid.gov.gn\/index.php\/dabola-woulada-le-ministre-du-plan-de-la-cooperation-internationale-et-du-developpement-en-tournee-pour-la-paix-et-lunite\/#primaryimage"},"thumbnailUrl":"https:\/\/mpcid.gov.gn\/wp-content\/uploads\/2026\/05\/15-1.jpg","articleSection":["Actualit\u00e9s"],"inLanguage":"fr-FR"},{"@type":"WebPage","@id":"https:\/\/mpcid.gov.gn\/index.php\/dabola-woulada-le-ministre-du-plan-de-la-cooperation-internationale-et-du-developpement-en-tournee-pour-la-paix-et-lunite\/","url":"https:\/\/mpcid.gov.gn\/index.php\/dabola-woulada-le-ministre-du-plan-de-la-cooperation-internationale-et-du-developpement-en-tournee-pour-la-paix-et-lunite\/","name":"Dabola - Woulada : le Ministre du Plan, de la Coop\u00e9ration Internationale et du D\u00e9veloppement en tourn\u00e9e pour la paix et l\u2019unit\u00e9 ! - MPCI","isPartOf":{"@id":"https:\/\/mpcid.gov.gn\/#website"},"primaryImageOfPage":{"@id":"https:\/\/mpcid.gov.gn\/index.php\/dabola-woulada-le-ministre-du-plan-de-la-cooperation-internationale-et-du-developpement-en-tournee-pour-la-paix-et-lunite\/#primaryimage"},"image":{"@id":"https:\/\/mpcid.gov.gn\/index.php\/dabola-woulada-le-ministre-du-plan-de-la-cooperation-internationale-et-du-developpement-en-tournee-pour-la-paix-et-lunite\/#primaryimage"},"thumbnailUrl":"https:\/\/mpcid.gov.gn\/wp-content\/uploads\/2026\/05\/15-1.jpg","datePublished":"2026-05-01T22:22:42+00:00","breadcrumb":{"@id":"https:\/\/mpcid.gov.gn\/index.php\/dabola-woulada-le-ministre-du-plan-de-la-cooperation-internationale-et-du-developpement-en-tournee-pour-la-paix-et-lunite\/#breadcrumb"},"inLanguage":"fr-FR","potentialAction":[{"@type":"ReadAction","target":["https:\/\/mpcid.gov.gn\/index.php\/dabola-woulada-le-ministre-du-plan-de-la-cooperation-internationale-et-du-developpement-en-tournee-pour-la-paix-et-lunite\/"]}]},{"@type":"ImageObject","inLanguage":"fr-FR","@id":"https:\/\/mpcid.gov.gn\/index.php\/dabola-woulada-le-ministre-du-plan-de-la-cooperation-internationale-et-du-developpement-en-tournee-pour-la-paix-et-lunite\/#primaryimage","url":"https:\/\/mpcid.gov.gn\/wp-content\/uploads\/2026\/05\/15-1.jpg","contentUrl":"https:\/\/mpcid.gov.gn\/wp-content\/uploads\/2026\/05\/15-1.jpg","width":1020,"height":765},{"@type":"BreadcrumbList","@id":"https:\/\/mpcid.gov.gn\/index.php\/dabola-woulada-le-ministre-du-plan-de-la-cooperation-internationale-et-du-developpement-en-tournee-pour-la-paix-et-lunite\/#breadcrumb","itemListElement":[{"@type":"ListItem","position":1,"name":"Accueil","item":"https:\/\/mpcid.gov.gn\/"},{"@type":"ListItem","position":2,"name":"Dabola &#8211; Woulada : le Ministre du Plan, de la Coop\u00e9ration Internationale et du D\u00e9veloppement en tourn\u00e9e pour la paix et l\u2019unit\u00e9 !"}]},{"@type":"WebSite","@id":"https:\/\/mpcid.gov.gn\/#website","url":"https:\/\/mpcid.gov.gn\/","name":"https:\/\/mpcid.gov.gn\/","description":"Minist\u00e8re du Plan et de la Coop\u00e9ration Internationale","publisher":{"@id":"https:\/\/mpcid.gov.gn\/#organization"},"potentialAction":[{"@type":"SearchAction","target":{"@type":"EntryPoint","urlTemplate":"https:\/\/mpcid.gov.gn\/?s={search_term_string}"},"query-input":{"@type":"PropertyValueSpecification","valueRequired":true,"valueName":"search_term_string"}}],"inLanguage":"fr-FR"},{"@type":"Organization","@id":"https:\/\/mpcid.gov.gn\/#organization","name":"Minist\u00e8re du Plan et de la Coop\u00e9ration Internationale - MPCI","url":"https:\/\/mpcid.gov.gn\/","logo":{"@type":"ImageObject","inLanguage":"fr-FR","@id":"https:\/\/mpcid.gov.gn\/#\/schema\/logo\/image\/","url":"https:\/\/mpcid.gov.gn\/wp-content\/uploads\/2023\/10\/Ministere-du-Plan-et-de-la-Cooperation-Internationale-MPCI.jpg","contentUrl":"https:\/\/mpcid.gov.gn\/wp-content\/uploads\/2023\/10\/Ministere-du-Plan-et-de-la-Cooperation-Internationale-MPCI.jpg","width":462,"height":462,"caption":"Minist\u00e8re du Plan et de la Coop\u00e9ration Internationale - MPCI"},"image":{"@id":"https:\/\/mpcid.gov.gn\/#\/schema\/logo\/image\/"},"sameAs":["https:\/\/www.facebook.com\/MPCIGN","https:\/\/x.com\/MpciGov"]},{"@type":"Person","@id":"https:\/\/mpcid.gov.gn\/#\/schema\/person\/070aeea8fafd7a7e5a037505652abbee","name":"Service Communication","sameAs":["http:\/\/Service-com"],"url":"https:\/\/mpcid.gov.gn\/index.php\/author\/service-com\/"}]}},"_links":{"self":[{"href":"https:\/\/mpcid.gov.gn\/index.php\/wp-json\/wp\/v2\/posts\/19827","targetHints":{"allow":["GET"]}}],"collection":[{"href":"https:\/\/mpcid.gov.gn\/index.php\/wp-json\/wp\/v2\/posts"}],"about":[{"href":"https:\/\/mpcid.gov.gn\/index.php\/wp-json\/wp\/v2\/types\/post"}],"author":[{"embeddable":true,"href":"https:\/\/mpcid.gov.gn\/index.php\/wp-json\/wp\/v2\/users\/20"}],"replies":[{"embeddable":true,"href":"https:\/\/mpcid.gov.gn\/index.php\/wp-json\/wp\/v2\/comments?post=19827"}],"version-history":[{"count":1,"href":"https:\/\/mpcid.gov.gn\/index.php\/wp-json\/wp\/v2\/posts\/19827\/revisions"}],"predecessor-version":[{"id":19855,"href":"https:\/\/mpcid.gov.gn\/index.php\/wp-json\/wp\/v2\/posts\/19827\/revisions\/19855"}],"wp:featuredmedia":[{"embeddable":true,"href":"https:\/\/mpcid.gov.gn\/index.php\/wp-json\/wp\/v2\/media\/19828"}],"wp:attachment":[{"href":"https:\/\/mpcid.gov.gn\/index.php\/wp-json\/wp\/v2\/media?parent=19827"}],"wp:term":[{"taxonomy":"category","embeddable":true,"href":"https:\/\/mpcid.gov.gn\/index.php\/wp-json\/wp\/v2\/categories?post=19827"},{"taxonomy":"post_tag","embeddable":true,"href":"https:\/\/mpcid.gov.gn\/index.php\/wp-json\/wp\/v2\/tags?post=19827"}],"curies":[{"name":"wp","href":"https:\/\/api.w.org\/{rel}","templated":true}]}}