{"id":19786,"date":"2026-04-30T22:33:11","date_gmt":"2026-04-30T22:33:11","guid":{"rendered":"https:\/\/mpcid.gov.gn\/?p=19786"},"modified":"2026-04-30T22:33:11","modified_gmt":"2026-04-30T22:33:11","slug":"guinee-pays-bas-conakry-et-la-haye-jettent-les-bases-dun-partenariat-strategique","status":"publish","type":"post","link":"https:\/\/mpcid.gov.gn\/index.php\/guinee-pays-bas-conakry-et-la-haye-jettent-les-bases-dun-partenariat-strategique\/","title":{"rendered":"Guin\u00e9e\u2013Pays-Bas : Conakry et La Haye jettent les bases d&rsquo;un partenariat strat\u00e9gique"},"content":{"rendered":"<p>Conakry, le 29 avril 2026-C&rsquo;est dans le sillage de l&rsquo;inauguration des cinq ponts m\u00e9talliques du Grand Conakry, symbole \u00e9clatant d&rsquo;une coop\u00e9ration bilat\u00e9rale couronn\u00e9e de succ\u00e8s, que S.E. Mme Carmen Hagenaars, Ambassadrice du Royaume des Pays-Bas en Guin\u00e9e, bas\u00e9e \u00e0 Dakar, a \u00e9t\u00e9 re\u00e7ue en audience ce mercredi par le Ministre du Plan, de la Coop\u00e9ration Internationale et du D\u00e9veloppement, S.E.M. Isma\u00ebl NAB\u00c9. Venue \u00e0 Conakry pour prendre part aux c\u00e9r\u00e9monies d&rsquo;inauguration, l&rsquo;Ambassadrice a saisi l&rsquo;occasion pour \u00e9largir les discussions bien au-del\u00e0 des ponts eux-m\u00eames.<\/p>\n<p><img fetchpriority=\"high\" decoding=\"async\" class=\"alignnone size-medium wp-image-19792\" src=\"https:\/\/mpcid.gov.gn\/wp-content\/uploads\/2026\/04\/6-18-375x500.jpg\" alt=\"\" width=\"375\" height=\"500\" srcset=\"https:\/\/mpcid.gov.gn\/wp-content\/uploads\/2026\/04\/6-18-375x500.jpg 375w, https:\/\/mpcid.gov.gn\/wp-content\/uploads\/2026\/04\/6-18-768x1024.jpg 768w, https:\/\/mpcid.gov.gn\/wp-content\/uploads\/2026\/04\/6-18.jpg 810w\" sizes=\"(max-width: 375px) 85vw, 375px\" \/> <img decoding=\"async\" class=\"alignnone size-medium wp-image-19791\" src=\"https:\/\/mpcid.gov.gn\/wp-content\/uploads\/2026\/04\/5-19-375x500.jpg\" alt=\"\" width=\"375\" height=\"500\" srcset=\"https:\/\/mpcid.gov.gn\/wp-content\/uploads\/2026\/04\/5-19-375x500.jpg 375w, https:\/\/mpcid.gov.gn\/wp-content\/uploads\/2026\/04\/5-19-768x1024.jpg 768w, https:\/\/mpcid.gov.gn\/wp-content\/uploads\/2026\/04\/5-19.jpg 810w\" sizes=\"(max-width: 375px) 85vw, 375px\" \/> <img decoding=\"async\" class=\"alignnone size-medium wp-image-19802\" src=\"https:\/\/mpcid.gov.gn\/wp-content\/uploads\/2026\/04\/16-8-375x500.jpg\" alt=\"\" width=\"375\" height=\"500\" srcset=\"https:\/\/mpcid.gov.gn\/wp-content\/uploads\/2026\/04\/16-8-375x500.jpg 375w, https:\/\/mpcid.gov.gn\/wp-content\/uploads\/2026\/04\/16-8-768x1024.jpg 768w, https:\/\/mpcid.gov.gn\/wp-content\/uploads\/2026\/04\/16-8.jpg 810w\" sizes=\"(max-width: 375px) 85vw, 375px\" \/> <img loading=\"lazy\" decoding=\"async\" class=\"alignnone size-medium wp-image-19793\" src=\"https:\/\/mpcid.gov.gn\/wp-content\/uploads\/2026\/04\/7-16-375x500.jpg\" alt=\"\" width=\"375\" height=\"500\" srcset=\"https:\/\/mpcid.gov.gn\/wp-content\/uploads\/2026\/04\/7-16-375x500.jpg 375w, https:\/\/mpcid.gov.gn\/wp-content\/uploads\/2026\/04\/7-16-768x1024.jpg 768w, https:\/\/mpcid.gov.gn\/wp-content\/uploads\/2026\/04\/7-16.jpg 810w\" sizes=\"(max-width: 375px) 85vw, 375px\" \/> <img loading=\"lazy\" decoding=\"async\" class=\"alignnone size-medium wp-image-19795\" src=\"https:\/\/mpcid.gov.gn\/wp-content\/uploads\/2026\/04\/9-17-375x500.jpg\" alt=\"\" width=\"375\" height=\"500\" srcset=\"https:\/\/mpcid.gov.gn\/wp-content\/uploads\/2026\/04\/9-17-375x500.jpg 375w, https:\/\/mpcid.gov.gn\/wp-content\/uploads\/2026\/04\/9-17-768x1024.jpg 768w, https:\/\/mpcid.gov.gn\/wp-content\/uploads\/2026\/04\/9-17.jpg 810w\" sizes=\"(max-width: 375px) 85vw, 375px\" \/> <img loading=\"lazy\" decoding=\"async\" class=\"alignnone size-medium wp-image-19797\" src=\"https:\/\/mpcid.gov.gn\/wp-content\/uploads\/2026\/04\/11-16-375x500.jpg\" alt=\"\" width=\"375\" height=\"500\" srcset=\"https:\/\/mpcid.gov.gn\/wp-content\/uploads\/2026\/04\/11-16-375x500.jpg 375w, https:\/\/mpcid.gov.gn\/wp-content\/uploads\/2026\/04\/11-16-768x1024.jpg 768w, https:\/\/mpcid.gov.gn\/wp-content\/uploads\/2026\/04\/11-16.jpg 810w\" sizes=\"(max-width: 375px) 85vw, 375px\" \/> <img loading=\"lazy\" decoding=\"async\" class=\"alignnone size-medium wp-image-19798\" src=\"https:\/\/mpcid.gov.gn\/wp-content\/uploads\/2026\/04\/12-14-375x500.jpg\" alt=\"\" width=\"375\" height=\"500\" srcset=\"https:\/\/mpcid.gov.gn\/wp-content\/uploads\/2026\/04\/12-14-375x500.jpg 375w, https:\/\/mpcid.gov.gn\/wp-content\/uploads\/2026\/04\/12-14-768x1024.jpg 768w, https:\/\/mpcid.gov.gn\/wp-content\/uploads\/2026\/04\/12-14.jpg 810w\" sizes=\"(max-width: 375px) 85vw, 375px\" \/> <img loading=\"lazy\" decoding=\"async\" class=\"alignnone size-medium wp-image-19799\" src=\"https:\/\/mpcid.gov.gn\/wp-content\/uploads\/2026\/04\/13-11-375x500.jpg\" alt=\"\" width=\"375\" height=\"500\" srcset=\"https:\/\/mpcid.gov.gn\/wp-content\/uploads\/2026\/04\/13-11-375x500.jpg 375w, https:\/\/mpcid.gov.gn\/wp-content\/uploads\/2026\/04\/13-11-768x1024.jpg 768w, https:\/\/mpcid.gov.gn\/wp-content\/uploads\/2026\/04\/13-11.jpg 810w\" sizes=\"(max-width: 375px) 85vw, 375px\" \/> <img loading=\"lazy\" decoding=\"async\" class=\"alignnone size-medium wp-image-19801\" src=\"https:\/\/mpcid.gov.gn\/wp-content\/uploads\/2026\/04\/15-8-375x500.jpg\" alt=\"\" width=\"375\" height=\"500\" srcset=\"https:\/\/mpcid.gov.gn\/wp-content\/uploads\/2026\/04\/15-8-375x500.jpg 375w, https:\/\/mpcid.gov.gn\/wp-content\/uploads\/2026\/04\/15-8-768x1024.jpg 768w, https:\/\/mpcid.gov.gn\/wp-content\/uploads\/2026\/04\/15-8.jpg 810w\" sizes=\"(max-width: 375px) 85vw, 375px\" \/><\/p>\n<p>Et pour cause : derri\u00e8re ces ouvrages en acier se lit un signal politique fort. La coop\u00e9ration entre Conakry et La Haye fonctionne, elle livre des r\u00e9sultats visibles et les deux parties entendent capitaliser sur cet \u00e9lan pour aller bien plus loin.<\/p>\n<p>C&rsquo;est dans cet esprit que le Ministre NAB\u00c9 a pr\u00e9sent\u00e9 \u00e0 son interlocutrice l&rsquo;architecture du programme Simandou 2040, la feuille de route de transformation nationale qui structure l&rsquo;ensemble des ambitions guin\u00e9ennes pour les quinze prochaines ann\u00e9es : 122 projets, 36 r\u00e9formes, et un investissement global estim\u00e9 \u00e0 200 milliards de dollars, d\u00e9clin\u00e9s en trois horizons : 2030, 2035 et 2040.<\/p>\n<p>Face \u00e0 cette vision, l&rsquo;Ambassadrice Hagenaars n&rsquo;est pas venue les mains vides. Les Pays-Bas affichent une expertise mondiale reconnue dans trois domaines pr\u00e9cis\u00e9ment au c\u0153ur des priorit\u00e9s guin\u00e9ennes : l&rsquo;ing\u00e9nierie hydraulique, la gestion de l&rsquo;eau et les infrastructures portuaires. Un profil qui colle parfaitement aux besoins d&rsquo;un pays dont l&rsquo;un des projets phares est la construction d&rsquo;un port en eau profonde. L&rsquo;int\u00e9r\u00eat n\u00e9erlandais se manifeste d\u00e9j\u00e0 sur le terrain : une entreprise du pays est active dans le secteur minier guin\u00e9en, avec un regard particuli\u00e8rement tourn\u00e9 vers les infrastructures portuaires de Kamsar. La piste d&rsquo;un financement via le cr\u00e9dit export n\u00e9erlandais a \u00e9t\u00e9 \u00e9voqu\u00e9e, dans la continuit\u00e9 des engagements d\u00e9j\u00e0 pris par la France, l&rsquo;Espagne et le Royaume-Uni sur plusieurs projets structurants en Guin\u00e9e.<\/p>\n<p>Au-del\u00e0 des infrastructures, les \u00e9changes ont r\u00e9v\u00e9l\u00e9 une coop\u00e9ration aux ambitions plus larges. Le programme Simandou Academy, volet formation du plan de d\u00e9veloppement national, a retenu l&rsquo;attention de l&rsquo;Ambassadrice. La Guin\u00e9e y cherche des partenaires capables d&rsquo;offrir des bourses d&rsquo;excellence \u00e0 ses \u00e9tudiants et cadres les plus prometteurs. Premiers signes encourageants : des laur\u00e9ats guin\u00e9ens ont d&rsquo;ores et d\u00e9j\u00e0 \u00e9t\u00e9 admis \u00e0 l&rsquo;Universit\u00e9 de Moncton. Les secteurs des technologies et des fintechs ont \u00e9galement \u00e9t\u00e9 identifi\u00e9s comme axes d&rsquo;avenir, aux c\u00f4t\u00e9s des secteurs sociaux traditionnels, \u00e9ducation et sant\u00e9, qui restent des piliers incontournables de la coop\u00e9ration.<\/p>\n<p>De son c\u00f4t\u00e9, Mme Hagenaars a plaid\u00e9 pour une \u00e9volution du mod\u00e8le de coop\u00e9ration classique. Elle a mis en avant le m\u00e9canisme europ\u00e9en Global Gateway, l&rsquo;initiative de l&rsquo;Union europ\u00e9enne visant \u00e0 connecter le monde par des investissements durables, comme cadre id\u00e9al pour mobiliser le secteur priv\u00e9 aux c\u00f4t\u00e9s des \u00c9tats. L\u2019Ambassadrice a \u00e9galement salu\u00e9 les avanc\u00e9es politiques r\u00e9centes de la Guin\u00e9e, soulignant que la r\u00e9ussite du processus \u00e9lectoral ayant port\u00e9 le Pr\u00e9sident de la R\u00e9publique, Monsieur Mamadi DOUMBOUYA, \u00e0 la t\u00eate du pays ouvre de nouvelles perspectives de coop\u00e9ration, en renfor\u00e7ant la cr\u00e9dibilit\u00e9 et l\u2019attractivit\u00e9 du pays aupr\u00e8s de ses partenaires internationaux.<\/p>\n<p>L&rsquo;audience n&rsquo;a pas accouch\u00e9 de v\u0153ux pieux. Deux engagements concrets ont \u00e9t\u00e9 act\u00e9s \u00e0 l&rsquo;issue des discussions : l&rsquo;organisation prochaine d&rsquo;une mission \u00e9conomique aux Pays-Bas, et la pr\u00e9paration d&rsquo;un M\u00e9morandum d&rsquo;Entente (MoU) pour formaliser et acc\u00e9l\u00e9rer la mise en \u0153uvre des projets identifi\u00e9s.<\/p>\n<p>\u00ab La Guin\u00e9e est pleinement engag\u00e9e \u00e0 construire des partenariats structurants \u00bb, a r\u00e9affirm\u00e9 le Ministre NAB\u00c9, dans une formule qui r\u00e9sume bien l&rsquo;esprit de cette rencontre : moins de d\u00e9clarations d&rsquo;intention, plus d&rsquo;actions mesurables. Deux pays, deux capitales, et une conviction partag\u00e9e, celle que les prochaines ann\u00e9es pourraient bien red\u00e9finir la nature et l&rsquo;ambition de leurs liens.<\/p>\n","protected":false},"excerpt":{"rendered":"<p>Conakry, le 29 avril 2026-C&rsquo;est dans le sillage de l&rsquo;inauguration des cinq ponts m\u00e9talliques du Grand Conakry, symbole \u00e9clatant d&rsquo;une coop\u00e9ration bilat\u00e9rale couronn\u00e9e de succ\u00e8s, que S.E. Mme Carmen Hagenaars, Ambassadrice du Royaume des Pays-Bas en Guin\u00e9e, bas\u00e9e \u00e0 Dakar, a \u00e9t\u00e9 re\u00e7ue en audience ce mercredi par le Ministre du Plan, de la Coop\u00e9ration &hellip; <a href=\"https:\/\/mpcid.gov.gn\/index.php\/guinee-pays-bas-conakry-et-la-haye-jettent-les-bases-dun-partenariat-strategique\/\" class=\"more-link\">Continue reading<span class=\"screen-reader-text\"> \u00ab\u00a0Guin\u00e9e\u2013Pays-Bas : Conakry et La Haye jettent les bases d&rsquo;un partenariat strat\u00e9gique\u00a0\u00bb<\/span><\/a><\/p>\n","protected":false},"author":20,"featured_media":19787,"comment_status":"closed","ping_status":"closed","sticky":false,"template":"","format":"standard","meta":{"footnotes":""},"categories":[63],"tags":[],"class_list":["post-19786","post","type-post","status-publish","format-standard","has-post-thumbnail","hentry","category-actualites"],"yoast_head":"<!-- This site is optimized with the Yoast SEO plugin v27.5 - https:\/\/yoast.com\/product\/yoast-seo-wordpress\/ -->\n<title>Guin\u00e9e\u2013Pays-Bas : Conakry et La Haye jettent les bases d&#039;un partenariat strat\u00e9gique - MPCI<\/title>\n<meta name=\"robots\" content=\"index, follow, max-snippet:-1, max-image-preview:large, max-video-preview:-1\" \/>\n<link rel=\"canonical\" href=\"https:\/\/mpcid.gov.gn\/index.php\/guinee-pays-bas-conakry-et-la-haye-jettent-les-bases-dun-partenariat-strategique\/\" \/>\n<meta property=\"og:locale\" content=\"fr_FR\" \/>\n<meta property=\"og:type\" content=\"article\" \/>\n<meta property=\"og:title\" content=\"Guin\u00e9e\u2013Pays-Bas : Conakry et La Haye jettent les bases d&#039;un partenariat strat\u00e9gique - MPCI\" \/>\n<meta property=\"og:description\" content=\"Conakry, le 29 avril 2026-C&rsquo;est dans le sillage de l&rsquo;inauguration des cinq ponts m\u00e9talliques du Grand Conakry, symbole \u00e9clatant d&rsquo;une coop\u00e9ration bilat\u00e9rale couronn\u00e9e de succ\u00e8s, que S.E. Mme Carmen Hagenaars, Ambassadrice du Royaume des Pays-Bas en Guin\u00e9e, bas\u00e9e \u00e0 Dakar, a \u00e9t\u00e9 re\u00e7ue en audience ce mercredi par le Ministre du Plan, de la Coop\u00e9ration &hellip; Continue reading &quot;Guin\u00e9e\u2013Pays-Bas : Conakry et La Haye jettent les bases d&rsquo;un partenariat strat\u00e9gique&quot;\" \/>\n<meta property=\"og:url\" content=\"https:\/\/mpcid.gov.gn\/index.php\/guinee-pays-bas-conakry-et-la-haye-jettent-les-bases-dun-partenariat-strategique\/\" \/>\n<meta property=\"og:site_name\" content=\"MPCI\" \/>\n<meta property=\"article:publisher\" content=\"https:\/\/www.facebook.com\/MPCIGN\" \/>\n<meta property=\"article:published_time\" content=\"2026-04-30T22:33:11+00:00\" \/>\n<meta property=\"og:image\" content=\"https:\/\/mpcid.gov.gn\/wp-content\/uploads\/2026\/04\/3-20.jpg\" \/>\n\t<meta property=\"og:image:width\" content=\"810\" \/>\n\t<meta property=\"og:image:height\" content=\"1080\" \/>\n\t<meta property=\"og:image:type\" content=\"image\/jpeg\" \/>\n<meta name=\"author\" content=\"Service Communication\" \/>\n<meta name=\"twitter:card\" content=\"summary_large_image\" \/>\n<meta name=\"twitter:creator\" content=\"@MpciGov\" \/>\n<meta name=\"twitter:site\" content=\"@MpciGov\" \/>\n<meta name=\"twitter:label1\" content=\"\u00c9crit par\" \/>\n\t<meta name=\"twitter:data1\" content=\"Service Communication\" \/>\n\t<meta name=\"twitter:label2\" content=\"Dur\u00e9e de lecture estim\u00e9e\" \/>\n\t<meta name=\"twitter:data2\" content=\"6 minutes\" \/>\n<script type=\"application\/ld+json\" class=\"yoast-schema-graph\">{\"@context\":\"https:\\\/\\\/schema.org\",\"@graph\":[{\"@type\":\"Article\",\"@id\":\"https:\\\/\\\/mpcid.gov.gn\\\/index.php\\\/guinee-pays-bas-conakry-et-la-haye-jettent-les-bases-dun-partenariat-strategique\\\/#article\",\"isPartOf\":{\"@id\":\"https:\\\/\\\/mpcid.gov.gn\\\/index.php\\\/guinee-pays-bas-conakry-et-la-haye-jettent-les-bases-dun-partenariat-strategique\\\/\"},\"author\":{\"name\":\"Service Communication\",\"@id\":\"https:\\\/\\\/mpcid.gov.gn\\\/#\\\/schema\\\/person\\\/070aeea8fafd7a7e5a037505652abbee\"},\"headline\":\"Guin\u00e9e\u2013Pays-Bas : Conakry et La Haye jettent les bases d&rsquo;un partenariat strat\u00e9gique\",\"datePublished\":\"2026-04-30T22:33:11+00:00\",\"mainEntityOfPage\":{\"@id\":\"https:\\\/\\\/mpcid.gov.gn\\\/index.php\\\/guinee-pays-bas-conakry-et-la-haye-jettent-les-bases-dun-partenariat-strategique\\\/\"},\"wordCount\":726,\"publisher\":{\"@id\":\"https:\\\/\\\/mpcid.gov.gn\\\/#organization\"},\"image\":{\"@id\":\"https:\\\/\\\/mpcid.gov.gn\\\/index.php\\\/guinee-pays-bas-conakry-et-la-haye-jettent-les-bases-dun-partenariat-strategique\\\/#primaryimage\"},\"thumbnailUrl\":\"https:\\\/\\\/mpcid.gov.gn\\\/wp-content\\\/uploads\\\/2026\\\/04\\\/3-20.jpg\",\"articleSection\":[\"Actualit\u00e9s\"],\"inLanguage\":\"fr-FR\"},{\"@type\":\"WebPage\",\"@id\":\"https:\\\/\\\/mpcid.gov.gn\\\/index.php\\\/guinee-pays-bas-conakry-et-la-haye-jettent-les-bases-dun-partenariat-strategique\\\/\",\"url\":\"https:\\\/\\\/mpcid.gov.gn\\\/index.php\\\/guinee-pays-bas-conakry-et-la-haye-jettent-les-bases-dun-partenariat-strategique\\\/\",\"name\":\"Guin\u00e9e\u2013Pays-Bas : Conakry et La Haye jettent les bases d'un partenariat strat\u00e9gique - MPCI\",\"isPartOf\":{\"@id\":\"https:\\\/\\\/mpcid.gov.gn\\\/#website\"},\"primaryImageOfPage\":{\"@id\":\"https:\\\/\\\/mpcid.gov.gn\\\/index.php\\\/guinee-pays-bas-conakry-et-la-haye-jettent-les-bases-dun-partenariat-strategique\\\/#primaryimage\"},\"image\":{\"@id\":\"https:\\\/\\\/mpcid.gov.gn\\\/index.php\\\/guinee-pays-bas-conakry-et-la-haye-jettent-les-bases-dun-partenariat-strategique\\\/#primaryimage\"},\"thumbnailUrl\":\"https:\\\/\\\/mpcid.gov.gn\\\/wp-content\\\/uploads\\\/2026\\\/04\\\/3-20.jpg\",\"datePublished\":\"2026-04-30T22:33:11+00:00\",\"breadcrumb\":{\"@id\":\"https:\\\/\\\/mpcid.gov.gn\\\/index.php\\\/guinee-pays-bas-conakry-et-la-haye-jettent-les-bases-dun-partenariat-strategique\\\/#breadcrumb\"},\"inLanguage\":\"fr-FR\",\"potentialAction\":[{\"@type\":\"ReadAction\",\"target\":[\"https:\\\/\\\/mpcid.gov.gn\\\/index.php\\\/guinee-pays-bas-conakry-et-la-haye-jettent-les-bases-dun-partenariat-strategique\\\/\"]}]},{\"@type\":\"ImageObject\",\"inLanguage\":\"fr-FR\",\"@id\":\"https:\\\/\\\/mpcid.gov.gn\\\/index.php\\\/guinee-pays-bas-conakry-et-la-haye-jettent-les-bases-dun-partenariat-strategique\\\/#primaryimage\",\"url\":\"https:\\\/\\\/mpcid.gov.gn\\\/wp-content\\\/uploads\\\/2026\\\/04\\\/3-20.jpg\",\"contentUrl\":\"https:\\\/\\\/mpcid.gov.gn\\\/wp-content\\\/uploads\\\/2026\\\/04\\\/3-20.jpg\",\"width\":810,\"height\":1080},{\"@type\":\"BreadcrumbList\",\"@id\":\"https:\\\/\\\/mpcid.gov.gn\\\/index.php\\\/guinee-pays-bas-conakry-et-la-haye-jettent-les-bases-dun-partenariat-strategique\\\/#breadcrumb\",\"itemListElement\":[{\"@type\":\"ListItem\",\"position\":1,\"name\":\"Accueil\",\"item\":\"https:\\\/\\\/mpcid.gov.gn\\\/\"},{\"@type\":\"ListItem\",\"position\":2,\"name\":\"Guin\u00e9e\u2013Pays-Bas : Conakry et La Haye jettent les bases d&rsquo;un partenariat strat\u00e9gique\"}]},{\"@type\":\"WebSite\",\"@id\":\"https:\\\/\\\/mpcid.gov.gn\\\/#website\",\"url\":\"https:\\\/\\\/mpcid.gov.gn\\\/\",\"name\":\"https:\\\/\\\/mpcid.gov.gn\\\/\",\"description\":\"Minist\u00e8re du Plan et de la Coop\u00e9ration Internationale\",\"publisher\":{\"@id\":\"https:\\\/\\\/mpcid.gov.gn\\\/#organization\"},\"potentialAction\":[{\"@type\":\"SearchAction\",\"target\":{\"@type\":\"EntryPoint\",\"urlTemplate\":\"https:\\\/\\\/mpcid.gov.gn\\\/?s={search_term_string}\"},\"query-input\":{\"@type\":\"PropertyValueSpecification\",\"valueRequired\":true,\"valueName\":\"search_term_string\"}}],\"inLanguage\":\"fr-FR\"},{\"@type\":\"Organization\",\"@id\":\"https:\\\/\\\/mpcid.gov.gn\\\/#organization\",\"name\":\"Minist\u00e8re du Plan et de la Coop\u00e9ration Internationale - MPCI\",\"url\":\"https:\\\/\\\/mpcid.gov.gn\\\/\",\"logo\":{\"@type\":\"ImageObject\",\"inLanguage\":\"fr-FR\",\"@id\":\"https:\\\/\\\/mpcid.gov.gn\\\/#\\\/schema\\\/logo\\\/image\\\/\",\"url\":\"https:\\\/\\\/mpcid.gov.gn\\\/wp-content\\\/uploads\\\/2023\\\/10\\\/Ministere-du-Plan-et-de-la-Cooperation-Internationale-MPCI.jpg\",\"contentUrl\":\"https:\\\/\\\/mpcid.gov.gn\\\/wp-content\\\/uploads\\\/2023\\\/10\\\/Ministere-du-Plan-et-de-la-Cooperation-Internationale-MPCI.jpg\",\"width\":462,\"height\":462,\"caption\":\"Minist\u00e8re du Plan et de la Coop\u00e9ration Internationale - MPCI\"},\"image\":{\"@id\":\"https:\\\/\\\/mpcid.gov.gn\\\/#\\\/schema\\\/logo\\\/image\\\/\"},\"sameAs\":[\"https:\\\/\\\/www.facebook.com\\\/MPCIGN\",\"https:\\\/\\\/x.com\\\/MpciGov\"]},{\"@type\":\"Person\",\"@id\":\"https:\\\/\\\/mpcid.gov.gn\\\/#\\\/schema\\\/person\\\/070aeea8fafd7a7e5a037505652abbee\",\"name\":\"Service Communication\",\"sameAs\":[\"http:\\\/\\\/Service-com\"],\"url\":\"https:\\\/\\\/mpcid.gov.gn\\\/index.php\\\/author\\\/service-com\\\/\"}]}<\/script>\n<!-- \/ Yoast SEO plugin. -->","yoast_head_json":{"title":"Guin\u00e9e\u2013Pays-Bas : Conakry et La Haye jettent les bases d'un partenariat strat\u00e9gique - MPCI","robots":{"index":"index","follow":"follow","max-snippet":"max-snippet:-1","max-image-preview":"max-image-preview:large","max-video-preview":"max-video-preview:-1"},"canonical":"https:\/\/mpcid.gov.gn\/index.php\/guinee-pays-bas-conakry-et-la-haye-jettent-les-bases-dun-partenariat-strategique\/","og_locale":"fr_FR","og_type":"article","og_title":"Guin\u00e9e\u2013Pays-Bas : Conakry et La Haye jettent les bases d'un partenariat strat\u00e9gique - MPCI","og_description":"Conakry, le 29 avril 2026-C&rsquo;est dans le sillage de l&rsquo;inauguration des cinq ponts m\u00e9talliques du Grand Conakry, symbole \u00e9clatant d&rsquo;une coop\u00e9ration bilat\u00e9rale couronn\u00e9e de succ\u00e8s, que S.E. Mme Carmen Hagenaars, Ambassadrice du Royaume des Pays-Bas en Guin\u00e9e, bas\u00e9e \u00e0 Dakar, a \u00e9t\u00e9 re\u00e7ue en audience ce mercredi par le Ministre du Plan, de la Coop\u00e9ration &hellip; Continue reading \"Guin\u00e9e\u2013Pays-Bas : Conakry et La Haye jettent les bases d&rsquo;un partenariat strat\u00e9gique\"","og_url":"https:\/\/mpcid.gov.gn\/index.php\/guinee-pays-bas-conakry-et-la-haye-jettent-les-bases-dun-partenariat-strategique\/","og_site_name":"MPCI","article_publisher":"https:\/\/www.facebook.com\/MPCIGN","article_published_time":"2026-04-30T22:33:11+00:00","og_image":[{"width":810,"height":1080,"url":"https:\/\/mpcid.gov.gn\/wp-content\/uploads\/2026\/04\/3-20.jpg","type":"image\/jpeg"}],"author":"Service Communication","twitter_card":"summary_large_image","twitter_creator":"@MpciGov","twitter_site":"@MpciGov","twitter_misc":{"\u00c9crit par":"Service Communication","Dur\u00e9e de lecture estim\u00e9e":"6 minutes"},"schema":{"@context":"https:\/\/schema.org","@graph":[{"@type":"Article","@id":"https:\/\/mpcid.gov.gn\/index.php\/guinee-pays-bas-conakry-et-la-haye-jettent-les-bases-dun-partenariat-strategique\/#article","isPartOf":{"@id":"https:\/\/mpcid.gov.gn\/index.php\/guinee-pays-bas-conakry-et-la-haye-jettent-les-bases-dun-partenariat-strategique\/"},"author":{"name":"Service Communication","@id":"https:\/\/mpcid.gov.gn\/#\/schema\/person\/070aeea8fafd7a7e5a037505652abbee"},"headline":"Guin\u00e9e\u2013Pays-Bas : Conakry et La Haye jettent les bases d&rsquo;un partenariat strat\u00e9gique","datePublished":"2026-04-30T22:33:11+00:00","mainEntityOfPage":{"@id":"https:\/\/mpcid.gov.gn\/index.php\/guinee-pays-bas-conakry-et-la-haye-jettent-les-bases-dun-partenariat-strategique\/"},"wordCount":726,"publisher":{"@id":"https:\/\/mpcid.gov.gn\/#organization"},"image":{"@id":"https:\/\/mpcid.gov.gn\/index.php\/guinee-pays-bas-conakry-et-la-haye-jettent-les-bases-dun-partenariat-strategique\/#primaryimage"},"thumbnailUrl":"https:\/\/mpcid.gov.gn\/wp-content\/uploads\/2026\/04\/3-20.jpg","articleSection":["Actualit\u00e9s"],"inLanguage":"fr-FR"},{"@type":"WebPage","@id":"https:\/\/mpcid.gov.gn\/index.php\/guinee-pays-bas-conakry-et-la-haye-jettent-les-bases-dun-partenariat-strategique\/","url":"https:\/\/mpcid.gov.gn\/index.php\/guinee-pays-bas-conakry-et-la-haye-jettent-les-bases-dun-partenariat-strategique\/","name":"Guin\u00e9e\u2013Pays-Bas : Conakry et La Haye jettent les bases d'un partenariat strat\u00e9gique - MPCI","isPartOf":{"@id":"https:\/\/mpcid.gov.gn\/#website"},"primaryImageOfPage":{"@id":"https:\/\/mpcid.gov.gn\/index.php\/guinee-pays-bas-conakry-et-la-haye-jettent-les-bases-dun-partenariat-strategique\/#primaryimage"},"image":{"@id":"https:\/\/mpcid.gov.gn\/index.php\/guinee-pays-bas-conakry-et-la-haye-jettent-les-bases-dun-partenariat-strategique\/#primaryimage"},"thumbnailUrl":"https:\/\/mpcid.gov.gn\/wp-content\/uploads\/2026\/04\/3-20.jpg","datePublished":"2026-04-30T22:33:11+00:00","breadcrumb":{"@id":"https:\/\/mpcid.gov.gn\/index.php\/guinee-pays-bas-conakry-et-la-haye-jettent-les-bases-dun-partenariat-strategique\/#breadcrumb"},"inLanguage":"fr-FR","potentialAction":[{"@type":"ReadAction","target":["https:\/\/mpcid.gov.gn\/index.php\/guinee-pays-bas-conakry-et-la-haye-jettent-les-bases-dun-partenariat-strategique\/"]}]},{"@type":"ImageObject","inLanguage":"fr-FR","@id":"https:\/\/mpcid.gov.gn\/index.php\/guinee-pays-bas-conakry-et-la-haye-jettent-les-bases-dun-partenariat-strategique\/#primaryimage","url":"https:\/\/mpcid.gov.gn\/wp-content\/uploads\/2026\/04\/3-20.jpg","contentUrl":"https:\/\/mpcid.gov.gn\/wp-content\/uploads\/2026\/04\/3-20.jpg","width":810,"height":1080},{"@type":"BreadcrumbList","@id":"https:\/\/mpcid.gov.gn\/index.php\/guinee-pays-bas-conakry-et-la-haye-jettent-les-bases-dun-partenariat-strategique\/#breadcrumb","itemListElement":[{"@type":"ListItem","position":1,"name":"Accueil","item":"https:\/\/mpcid.gov.gn\/"},{"@type":"ListItem","position":2,"name":"Guin\u00e9e\u2013Pays-Bas : Conakry et La Haye jettent les bases d&rsquo;un partenariat strat\u00e9gique"}]},{"@type":"WebSite","@id":"https:\/\/mpcid.gov.gn\/#website","url":"https:\/\/mpcid.gov.gn\/","name":"https:\/\/mpcid.gov.gn\/","description":"Minist\u00e8re du Plan et de la Coop\u00e9ration Internationale","publisher":{"@id":"https:\/\/mpcid.gov.gn\/#organization"},"potentialAction":[{"@type":"SearchAction","target":{"@type":"EntryPoint","urlTemplate":"https:\/\/mpcid.gov.gn\/?s={search_term_string}"},"query-input":{"@type":"PropertyValueSpecification","valueRequired":true,"valueName":"search_term_string"}}],"inLanguage":"fr-FR"},{"@type":"Organization","@id":"https:\/\/mpcid.gov.gn\/#organization","name":"Minist\u00e8re du Plan et de la Coop\u00e9ration Internationale - MPCI","url":"https:\/\/mpcid.gov.gn\/","logo":{"@type":"ImageObject","inLanguage":"fr-FR","@id":"https:\/\/mpcid.gov.gn\/#\/schema\/logo\/image\/","url":"https:\/\/mpcid.gov.gn\/wp-content\/uploads\/2023\/10\/Ministere-du-Plan-et-de-la-Cooperation-Internationale-MPCI.jpg","contentUrl":"https:\/\/mpcid.gov.gn\/wp-content\/uploads\/2023\/10\/Ministere-du-Plan-et-de-la-Cooperation-Internationale-MPCI.jpg","width":462,"height":462,"caption":"Minist\u00e8re du Plan et de la Coop\u00e9ration Internationale - MPCI"},"image":{"@id":"https:\/\/mpcid.gov.gn\/#\/schema\/logo\/image\/"},"sameAs":["https:\/\/www.facebook.com\/MPCIGN","https:\/\/x.com\/MpciGov"]},{"@type":"Person","@id":"https:\/\/mpcid.gov.gn\/#\/schema\/person\/070aeea8fafd7a7e5a037505652abbee","name":"Service Communication","sameAs":["http:\/\/Service-com"],"url":"https:\/\/mpcid.gov.gn\/index.php\/author\/service-com\/"}]}},"_links":{"self":[{"href":"https:\/\/mpcid.gov.gn\/index.php\/wp-json\/wp\/v2\/posts\/19786","targetHints":{"allow":["GET"]}}],"collection":[{"href":"https:\/\/mpcid.gov.gn\/index.php\/wp-json\/wp\/v2\/posts"}],"about":[{"href":"https:\/\/mpcid.gov.gn\/index.php\/wp-json\/wp\/v2\/types\/post"}],"author":[{"embeddable":true,"href":"https:\/\/mpcid.gov.gn\/index.php\/wp-json\/wp\/v2\/users\/20"}],"replies":[{"embeddable":true,"href":"https:\/\/mpcid.gov.gn\/index.php\/wp-json\/wp\/v2\/comments?post=19786"}],"version-history":[{"count":1,"href":"https:\/\/mpcid.gov.gn\/index.php\/wp-json\/wp\/v2\/posts\/19786\/revisions"}],"predecessor-version":[{"id":19805,"href":"https:\/\/mpcid.gov.gn\/index.php\/wp-json\/wp\/v2\/posts\/19786\/revisions\/19805"}],"wp:featuredmedia":[{"embeddable":true,"href":"https:\/\/mpcid.gov.gn\/index.php\/wp-json\/wp\/v2\/media\/19787"}],"wp:attachment":[{"href":"https:\/\/mpcid.gov.gn\/index.php\/wp-json\/wp\/v2\/media?parent=19786"}],"wp:term":[{"taxonomy":"category","embeddable":true,"href":"https:\/\/mpcid.gov.gn\/index.php\/wp-json\/wp\/v2\/categories?post=19786"},{"taxonomy":"post_tag","embeddable":true,"href":"https:\/\/mpcid.gov.gn\/index.php\/wp-json\/wp\/v2\/tags?post=19786"}],"curies":[{"name":"wp","href":"https:\/\/api.w.org\/{rel}","templated":true}]}}