{"id":19767,"date":"2026-04-30T13:27:27","date_gmt":"2026-04-30T13:27:27","guid":{"rendered":"https:\/\/mpcid.gov.gn\/?p=19767"},"modified":"2026-04-30T13:27:27","modified_gmt":"2026-04-30T13:27:27","slug":"corridor-de-simandou-le-ministre-ismael-nabe-recoit-les-rapports-danalyses-de-la-banque-mondiale-des-opportunites-de-developpement-socioeconomique","status":"publish","type":"post","link":"https:\/\/mpcid.gov.gn\/index.php\/corridor-de-simandou-le-ministre-ismael-nabe-recoit-les-rapports-danalyses-de-la-banque-mondiale-des-opportunites-de-developpement-socioeconomique\/","title":{"rendered":"Corridor de Simandou : le Ministre Isma\u00ebl NABE re\u00e7oit les rapports d\u2019analyses de la Banque mondiale des opportunit\u00e9s de d\u00e9veloppement socio\u00e9conomique"},"content":{"rendered":"<p>Conakry, le 29 avril 2026\u2013 Une \u00e9tape majeure vient d\u2019\u00eatre franchie dans la structuration du corridor de Simandou. Le Ministre du Plan, de la Coop\u00e9ration internationale et du D\u00e9veloppement, Isma\u00ebl NABE, a re\u00e7u la mission de restitution des rapports du travail d\u2019analyses de la Banque mondiale des opportunit\u00e9s de d\u00e9veloppement socio-\u00e9conomique le long du corridor ferroviaire d\u2019exportation mini\u00e8re du projet Simandou.<\/p>\n<p><img fetchpriority=\"high\" decoding=\"async\" class=\"alignnone size-medium wp-image-19769\" src=\"https:\/\/mpcid.gov.gn\/wp-content\/uploads\/2026\/04\/1-18-500x375.jpg\" alt=\"\" width=\"500\" height=\"375\" srcset=\"https:\/\/mpcid.gov.gn\/wp-content\/uploads\/2026\/04\/1-18-500x375.jpg 500w, https:\/\/mpcid.gov.gn\/wp-content\/uploads\/2026\/04\/1-18-1024x768.jpg 1024w, https:\/\/mpcid.gov.gn\/wp-content\/uploads\/2026\/04\/1-18-768x576.jpg 768w, https:\/\/mpcid.gov.gn\/wp-content\/uploads\/2026\/04\/1-18.jpg 1080w\" sizes=\"(max-width: 500px) 85vw, 500px\" \/> <img decoding=\"async\" class=\"alignnone size-medium wp-image-19773\" src=\"https:\/\/mpcid.gov.gn\/wp-content\/uploads\/2026\/04\/5-18-500x375.jpg\" alt=\"\" width=\"500\" height=\"375\" srcset=\"https:\/\/mpcid.gov.gn\/wp-content\/uploads\/2026\/04\/5-18-500x375.jpg 500w, https:\/\/mpcid.gov.gn\/wp-content\/uploads\/2026\/04\/5-18-1024x768.jpg 1024w, https:\/\/mpcid.gov.gn\/wp-content\/uploads\/2026\/04\/5-18-768x576.jpg 768w, https:\/\/mpcid.gov.gn\/wp-content\/uploads\/2026\/04\/5-18.jpg 1080w\" sizes=\"(max-width: 500px) 85vw, 500px\" \/> <img decoding=\"async\" class=\"alignnone size-medium wp-image-19774\" src=\"https:\/\/mpcid.gov.gn\/wp-content\/uploads\/2026\/04\/6-17-375x500.jpg\" alt=\"\" width=\"375\" height=\"500\" srcset=\"https:\/\/mpcid.gov.gn\/wp-content\/uploads\/2026\/04\/6-17-375x500.jpg 375w, https:\/\/mpcid.gov.gn\/wp-content\/uploads\/2026\/04\/6-17-768x1024.jpg 768w, https:\/\/mpcid.gov.gn\/wp-content\/uploads\/2026\/04\/6-17.jpg 810w\" sizes=\"(max-width: 375px) 85vw, 375px\" \/> <img loading=\"lazy\" decoding=\"async\" class=\"alignnone size-medium wp-image-19770\" src=\"https:\/\/mpcid.gov.gn\/wp-content\/uploads\/2026\/04\/2-18-375x500.jpg\" alt=\"\" width=\"375\" height=\"500\" srcset=\"https:\/\/mpcid.gov.gn\/wp-content\/uploads\/2026\/04\/2-18-375x500.jpg 375w, https:\/\/mpcid.gov.gn\/wp-content\/uploads\/2026\/04\/2-18-768x1024.jpg 768w, https:\/\/mpcid.gov.gn\/wp-content\/uploads\/2026\/04\/2-18.jpg 810w\" sizes=\"(max-width: 375px) 85vw, 375px\" \/> <img loading=\"lazy\" decoding=\"async\" class=\"alignnone size-medium wp-image-19771\" src=\"https:\/\/mpcid.gov.gn\/wp-content\/uploads\/2026\/04\/3-19-500x375.jpg\" alt=\"\" width=\"500\" height=\"375\" srcset=\"https:\/\/mpcid.gov.gn\/wp-content\/uploads\/2026\/04\/3-19-500x375.jpg 500w, https:\/\/mpcid.gov.gn\/wp-content\/uploads\/2026\/04\/3-19-1024x768.jpg 1024w, https:\/\/mpcid.gov.gn\/wp-content\/uploads\/2026\/04\/3-19-768x576.jpg 768w, https:\/\/mpcid.gov.gn\/wp-content\/uploads\/2026\/04\/3-19.jpg 1080w\" sizes=\"(max-width: 500px) 85vw, 500px\" \/> <img loading=\"lazy\" decoding=\"async\" class=\"alignnone size-medium wp-image-19772\" src=\"https:\/\/mpcid.gov.gn\/wp-content\/uploads\/2026\/04\/4-18-500x375.jpg\" alt=\"\" width=\"500\" height=\"375\" srcset=\"https:\/\/mpcid.gov.gn\/wp-content\/uploads\/2026\/04\/4-18-500x375.jpg 500w, https:\/\/mpcid.gov.gn\/wp-content\/uploads\/2026\/04\/4-18-1024x768.jpg 1024w, https:\/\/mpcid.gov.gn\/wp-content\/uploads\/2026\/04\/4-18-768x576.jpg 768w, https:\/\/mpcid.gov.gn\/wp-content\/uploads\/2026\/04\/4-18.jpg 1080w\" sizes=\"(max-width: 500px) 85vw, 500px\" \/> <img loading=\"lazy\" decoding=\"async\" class=\"alignnone size-medium wp-image-19775\" src=\"https:\/\/mpcid.gov.gn\/wp-content\/uploads\/2026\/04\/7-15-375x500.jpg\" alt=\"\" width=\"375\" height=\"500\" srcset=\"https:\/\/mpcid.gov.gn\/wp-content\/uploads\/2026\/04\/7-15-375x500.jpg 375w, https:\/\/mpcid.gov.gn\/wp-content\/uploads\/2026\/04\/7-15-768x1024.jpg 768w, https:\/\/mpcid.gov.gn\/wp-content\/uploads\/2026\/04\/7-15.jpg 810w\" sizes=\"(max-width: 375px) 85vw, 375px\" \/><\/p>\n<p>Conduite par Messieurs Marc NAVELET (Sp\u00e9cialiste principal en Transport, charg\u00e9 de projet), Philippe NEVES (Sp\u00e9cialiste principal en Transport, co-charg\u00e9 de projet) et Jeremy STRAUSS (Sp\u00e9cialiste principal du Secteur priv\u00e9, co-charg\u00e9 de projet), la mission a r\u00e9sum\u00e9 le contenu des diff\u00e9rents rapports sur les diff\u00e9rents secteurs concern\u00e9s, notamment l\u2019agriculture, l\u2019\u00e9levage, les mines, l\u2019environnement, l\u2019administration du territoire, le commerce et l\u2019industrie, l\u2019urbanisme et l\u2019habitat.<\/p>\n<p><img loading=\"lazy\" decoding=\"async\" class=\"alignnone size-medium wp-image-19777\" src=\"https:\/\/mpcid.gov.gn\/wp-content\/uploads\/2026\/04\/10-15-375x500.jpg\" alt=\"\" width=\"375\" height=\"500\" srcset=\"https:\/\/mpcid.gov.gn\/wp-content\/uploads\/2026\/04\/10-15-375x500.jpg 375w, https:\/\/mpcid.gov.gn\/wp-content\/uploads\/2026\/04\/10-15-768x1024.jpg 768w, https:\/\/mpcid.gov.gn\/wp-content\/uploads\/2026\/04\/10-15.jpg 810w\" sizes=\"(max-width: 375px) 85vw, 375px\" \/><\/p>\n<p>Fruit de plusieurs mois de travaux, de concertations techniques et de missions de terrain, ces rapports proposent une analyse approfondie des leviers de d\u00e9veloppement \u00e9conomique le long du corridor Simandou. Il met en lumi\u00e8re le potentiel structurant de ce projet, non seulement en tant qu\u2019infrastructure mini\u00e8re d\u2019envergure, mais \u00e9galement comme catalyseur de croissance inclusive et de diversification \u00e9conomique.<\/p>\n<p><img loading=\"lazy\" decoding=\"async\" class=\"alignnone size-medium wp-image-19778\" src=\"https:\/\/mpcid.gov.gn\/wp-content\/uploads\/2026\/04\/11-15-375x500.jpg\" alt=\"\" width=\"375\" height=\"500\" srcset=\"https:\/\/mpcid.gov.gn\/wp-content\/uploads\/2026\/04\/11-15-375x500.jpg 375w, https:\/\/mpcid.gov.gn\/wp-content\/uploads\/2026\/04\/11-15-768x1024.jpg 768w, https:\/\/mpcid.gov.gn\/wp-content\/uploads\/2026\/04\/11-15.jpg 810w\" sizes=\"(max-width: 375px) 85vw, 375px\" \/><\/p>\n<p>Au c\u0153ur des conclusions pr\u00e9sent\u00e9es figure l\u2019approche par corridor de d\u00e9veloppement \u00e9conomique, qui repose sur l\u2019optimisation des infrastructures de transport, notamment ferroviaires et routi\u00e8res, afin de renforcer l\u2019efficacit\u00e9 des cha\u00eenes logistiques. Cette vision int\u00e8gre \u00e9galement le d\u00e9veloppement de l\u2019intermodalit\u00e9 entre rail et route, condition essentielle pour maximiser les retomb\u00e9es \u00e9conomiques du projet.<\/p>\n<p>Au-del\u00e0 des infrastructures, le rapport insiste sur la n\u00e9cessit\u00e9 d\u2019accompagner ce d\u00e9veloppement par une planification territoriale coh\u00e9rente. Cela inclut le renforcement des services publics, la structuration des espaces urbains, ainsi que la cr\u00e9ation d\u2019un environnement favorable \u00e0 l\u2019investissement priv\u00e9 et \u00e0 la cr\u00e9ation d\u2019emplois.<\/p>\n<p><img loading=\"lazy\" decoding=\"async\" class=\"alignnone size-medium wp-image-19779\" src=\"https:\/\/mpcid.gov.gn\/wp-content\/uploads\/2026\/04\/12-13-375x500.jpg\" alt=\"\" width=\"375\" height=\"500\" srcset=\"https:\/\/mpcid.gov.gn\/wp-content\/uploads\/2026\/04\/12-13-375x500.jpg 375w, https:\/\/mpcid.gov.gn\/wp-content\/uploads\/2026\/04\/12-13-768x1024.jpg 768w, https:\/\/mpcid.gov.gn\/wp-content\/uploads\/2026\/04\/12-13.jpg 810w\" sizes=\"(max-width: 375px) 85vw, 375px\" \/><\/p>\n<p>Plusieurs secteurs porteurs ont \u00e9t\u00e9 identifi\u00e9s le long du corridor, notamment l\u2019agriculture, les services logistiques, le commerce, ainsi que les industries de transformation. Le rapport souligne que la valorisation de ces opportunit\u00e9s passe par une meilleure int\u00e9gration des \u00e9conomies locales et par le d\u00e9veloppement de cha\u00eenes de valeur comp\u00e9titives.<\/p>\n<p>Une attention particuli\u00e8re est \u00e9galement accord\u00e9e \u00e0 l\u2019inclusion sociale. Le rapport met en avant la n\u00e9cessit\u00e9 de promouvoir des initiatives favorisant l\u2019acc\u00e8s \u00e9quitable aux opportunit\u00e9s \u00e9conomiques, en particulier pour les jeunes, les femmes et les communaut\u00e9s locales directement impact\u00e9es par le projet.<\/p>\n<p>Le Ministre Isma\u00ebl NABE a salu\u00e9 la qualit\u00e9 du travail r\u00e9alis\u00e9 et r\u00e9affirm\u00e9 leur engagement \u00e0 traduire ces recommandations en actions concr\u00e8tes. L\u2019enjeu, d\u00e9sormais, est de passer d\u2019une phase d\u2019analyse \u00e0 une phase op\u00e9rationnelle, en mettant en place des m\u00e9canismes de coordination efficaces et des cadres d\u2019investissement adapt\u00e9s.<\/p>\n<p><img loading=\"lazy\" decoding=\"async\" class=\"alignnone size-medium wp-image-19783\" src=\"https:\/\/mpcid.gov.gn\/wp-content\/uploads\/2026\/04\/16-7-375x500.jpg\" alt=\"\" width=\"375\" height=\"500\" srcset=\"https:\/\/mpcid.gov.gn\/wp-content\/uploads\/2026\/04\/16-7-375x500.jpg 375w, https:\/\/mpcid.gov.gn\/wp-content\/uploads\/2026\/04\/16-7-768x1024.jpg 768w, https:\/\/mpcid.gov.gn\/wp-content\/uploads\/2026\/04\/16-7.jpg 810w\" sizes=\"(max-width: 375px) 85vw, 375px\" \/><\/p>\n<p>Le corridor de Simandou appara\u00eet ainsi comme une opportunit\u00e9 historique pour la Guin\u00e9e de transformer son potentiel minier en levier de d\u00e9veloppement durable, en favorisant une croissance plus inclusive, \u00e9quilibr\u00e9e et r\u00e9siliente.<\/p>\n<p><img loading=\"lazy\" decoding=\"async\" class=\"alignnone size-medium wp-image-19768\" src=\"https:\/\/mpcid.gov.gn\/wp-content\/uploads\/2026\/04\/9-16-500x375.jpg\" alt=\"\" width=\"500\" height=\"375\" srcset=\"https:\/\/mpcid.gov.gn\/wp-content\/uploads\/2026\/04\/9-16-500x375.jpg 500w, https:\/\/mpcid.gov.gn\/wp-content\/uploads\/2026\/04\/9-16-1024x768.jpg 1024w, https:\/\/mpcid.gov.gn\/wp-content\/uploads\/2026\/04\/9-16-768x576.jpg 768w, https:\/\/mpcid.gov.gn\/wp-content\/uploads\/2026\/04\/9-16.jpg 1080w\" sizes=\"(max-width: 500px) 85vw, 500px\" \/><\/p>\n","protected":false},"excerpt":{"rendered":"<p>Conakry, le 29 avril 2026\u2013 Une \u00e9tape majeure vient d\u2019\u00eatre franchie dans la structuration du corridor de Simandou. Le Ministre du Plan, de la Coop\u00e9ration internationale et du D\u00e9veloppement, Isma\u00ebl NABE, a re\u00e7u la mission de restitution des rapports du travail d\u2019analyses de la Banque mondiale des opportunit\u00e9s de d\u00e9veloppement socio-\u00e9conomique le long du corridor &hellip; <a href=\"https:\/\/mpcid.gov.gn\/index.php\/corridor-de-simandou-le-ministre-ismael-nabe-recoit-les-rapports-danalyses-de-la-banque-mondiale-des-opportunites-de-developpement-socioeconomique\/\" class=\"more-link\">Continue reading<span class=\"screen-reader-text\"> \u00ab\u00a0Corridor de Simandou : le Ministre Isma\u00ebl NABE re\u00e7oit les rapports d\u2019analyses de la Banque mondiale des opportunit\u00e9s de d\u00e9veloppement socio\u00e9conomique\u00a0\u00bb<\/span><\/a><\/p>\n","protected":false},"author":20,"featured_media":19768,"comment_status":"closed","ping_status":"closed","sticky":false,"template":"","format":"standard","meta":{"footnotes":""},"categories":[63],"tags":[],"class_list":["post-19767","post","type-post","status-publish","format-standard","has-post-thumbnail","hentry","category-actualites"],"yoast_head":"<!-- This site is optimized with the Yoast SEO plugin v27.5 - https:\/\/yoast.com\/product\/yoast-seo-wordpress\/ -->\n<title>Corridor de Simandou : le Ministre Isma\u00ebl NABE re\u00e7oit les rapports d\u2019analyses de la Banque mondiale des opportunit\u00e9s de d\u00e9veloppement socio\u00e9conomique - MPCI<\/title>\n<meta name=\"robots\" content=\"index, follow, max-snippet:-1, max-image-preview:large, max-video-preview:-1\" \/>\n<link rel=\"canonical\" href=\"https:\/\/mpcid.gov.gn\/index.php\/corridor-de-simandou-le-ministre-ismael-nabe-recoit-les-rapports-danalyses-de-la-banque-mondiale-des-opportunites-de-developpement-socioeconomique\/\" \/>\n<meta property=\"og:locale\" content=\"fr_FR\" \/>\n<meta property=\"og:type\" content=\"article\" \/>\n<meta property=\"og:title\" content=\"Corridor de Simandou : le Ministre Isma\u00ebl NABE re\u00e7oit les rapports d\u2019analyses de la Banque mondiale des opportunit\u00e9s de d\u00e9veloppement socio\u00e9conomique - MPCI\" \/>\n<meta property=\"og:description\" content=\"Conakry, le 29 avril 2026\u2013 Une \u00e9tape majeure vient d\u2019\u00eatre franchie dans la structuration du corridor de Simandou. Le Ministre du Plan, de la Coop\u00e9ration internationale et du D\u00e9veloppement, Isma\u00ebl NABE, a re\u00e7u la mission de restitution des rapports du travail d\u2019analyses de la Banque mondiale des opportunit\u00e9s de d\u00e9veloppement socio-\u00e9conomique le long du corridor &hellip; Continue reading &quot;Corridor de Simandou : le Ministre Isma\u00ebl NABE re\u00e7oit les rapports d\u2019analyses de la Banque mondiale des opportunit\u00e9s de d\u00e9veloppement socio\u00e9conomique&quot;\" \/>\n<meta property=\"og:url\" content=\"https:\/\/mpcid.gov.gn\/index.php\/corridor-de-simandou-le-ministre-ismael-nabe-recoit-les-rapports-danalyses-de-la-banque-mondiale-des-opportunites-de-developpement-socioeconomique\/\" \/>\n<meta property=\"og:site_name\" content=\"MPCI\" \/>\n<meta property=\"article:publisher\" content=\"https:\/\/www.facebook.com\/MPCIGN\" \/>\n<meta property=\"article:published_time\" content=\"2026-04-30T13:27:27+00:00\" \/>\n<meta property=\"og:image\" content=\"https:\/\/mpcid.gov.gn\/wp-content\/uploads\/2026\/04\/9-16.jpg\" \/>\n\t<meta property=\"og:image:width\" content=\"1080\" \/>\n\t<meta property=\"og:image:height\" content=\"810\" \/>\n\t<meta property=\"og:image:type\" content=\"image\/jpeg\" \/>\n<meta name=\"author\" content=\"Service Communication\" \/>\n<meta name=\"twitter:card\" content=\"summary_large_image\" \/>\n<meta name=\"twitter:creator\" content=\"@MpciGov\" \/>\n<meta name=\"twitter:site\" content=\"@MpciGov\" \/>\n<meta name=\"twitter:label1\" content=\"\u00c9crit par\" \/>\n\t<meta name=\"twitter:data1\" content=\"Service Communication\" \/>\n\t<meta name=\"twitter:label2\" content=\"Dur\u00e9e de lecture estim\u00e9e\" \/>\n\t<meta name=\"twitter:data2\" content=\"5 minutes\" \/>\n<script type=\"application\/ld+json\" class=\"yoast-schema-graph\">{\"@context\":\"https:\\\/\\\/schema.org\",\"@graph\":[{\"@type\":\"Article\",\"@id\":\"https:\\\/\\\/mpcid.gov.gn\\\/index.php\\\/corridor-de-simandou-le-ministre-ismael-nabe-recoit-les-rapports-danalyses-de-la-banque-mondiale-des-opportunites-de-developpement-socioeconomique\\\/#article\",\"isPartOf\":{\"@id\":\"https:\\\/\\\/mpcid.gov.gn\\\/index.php\\\/corridor-de-simandou-le-ministre-ismael-nabe-recoit-les-rapports-danalyses-de-la-banque-mondiale-des-opportunites-de-developpement-socioeconomique\\\/\"},\"author\":{\"name\":\"Service Communication\",\"@id\":\"https:\\\/\\\/mpcid.gov.gn\\\/#\\\/schema\\\/person\\\/070aeea8fafd7a7e5a037505652abbee\"},\"headline\":\"Corridor de Simandou : le Ministre Isma\u00ebl NABE re\u00e7oit les rapports d\u2019analyses de la Banque mondiale des opportunit\u00e9s de d\u00e9veloppement socio\u00e9conomique\",\"datePublished\":\"2026-04-30T13:27:27+00:00\",\"mainEntityOfPage\":{\"@id\":\"https:\\\/\\\/mpcid.gov.gn\\\/index.php\\\/corridor-de-simandou-le-ministre-ismael-nabe-recoit-les-rapports-danalyses-de-la-banque-mondiale-des-opportunites-de-developpement-socioeconomique\\\/\"},\"wordCount\":552,\"publisher\":{\"@id\":\"https:\\\/\\\/mpcid.gov.gn\\\/#organization\"},\"image\":{\"@id\":\"https:\\\/\\\/mpcid.gov.gn\\\/index.php\\\/corridor-de-simandou-le-ministre-ismael-nabe-recoit-les-rapports-danalyses-de-la-banque-mondiale-des-opportunites-de-developpement-socioeconomique\\\/#primaryimage\"},\"thumbnailUrl\":\"https:\\\/\\\/mpcid.gov.gn\\\/wp-content\\\/uploads\\\/2026\\\/04\\\/9-16.jpg\",\"articleSection\":[\"Actualit\u00e9s\"],\"inLanguage\":\"fr-FR\"},{\"@type\":\"WebPage\",\"@id\":\"https:\\\/\\\/mpcid.gov.gn\\\/index.php\\\/corridor-de-simandou-le-ministre-ismael-nabe-recoit-les-rapports-danalyses-de-la-banque-mondiale-des-opportunites-de-developpement-socioeconomique\\\/\",\"url\":\"https:\\\/\\\/mpcid.gov.gn\\\/index.php\\\/corridor-de-simandou-le-ministre-ismael-nabe-recoit-les-rapports-danalyses-de-la-banque-mondiale-des-opportunites-de-developpement-socioeconomique\\\/\",\"name\":\"Corridor de Simandou : le Ministre Isma\u00ebl NABE re\u00e7oit les rapports d\u2019analyses de la Banque mondiale des opportunit\u00e9s de d\u00e9veloppement socio\u00e9conomique - MPCI\",\"isPartOf\":{\"@id\":\"https:\\\/\\\/mpcid.gov.gn\\\/#website\"},\"primaryImageOfPage\":{\"@id\":\"https:\\\/\\\/mpcid.gov.gn\\\/index.php\\\/corridor-de-simandou-le-ministre-ismael-nabe-recoit-les-rapports-danalyses-de-la-banque-mondiale-des-opportunites-de-developpement-socioeconomique\\\/#primaryimage\"},\"image\":{\"@id\":\"https:\\\/\\\/mpcid.gov.gn\\\/index.php\\\/corridor-de-simandou-le-ministre-ismael-nabe-recoit-les-rapports-danalyses-de-la-banque-mondiale-des-opportunites-de-developpement-socioeconomique\\\/#primaryimage\"},\"thumbnailUrl\":\"https:\\\/\\\/mpcid.gov.gn\\\/wp-content\\\/uploads\\\/2026\\\/04\\\/9-16.jpg\",\"datePublished\":\"2026-04-30T13:27:27+00:00\",\"breadcrumb\":{\"@id\":\"https:\\\/\\\/mpcid.gov.gn\\\/index.php\\\/corridor-de-simandou-le-ministre-ismael-nabe-recoit-les-rapports-danalyses-de-la-banque-mondiale-des-opportunites-de-developpement-socioeconomique\\\/#breadcrumb\"},\"inLanguage\":\"fr-FR\",\"potentialAction\":[{\"@type\":\"ReadAction\",\"target\":[\"https:\\\/\\\/mpcid.gov.gn\\\/index.php\\\/corridor-de-simandou-le-ministre-ismael-nabe-recoit-les-rapports-danalyses-de-la-banque-mondiale-des-opportunites-de-developpement-socioeconomique\\\/\"]}]},{\"@type\":\"ImageObject\",\"inLanguage\":\"fr-FR\",\"@id\":\"https:\\\/\\\/mpcid.gov.gn\\\/index.php\\\/corridor-de-simandou-le-ministre-ismael-nabe-recoit-les-rapports-danalyses-de-la-banque-mondiale-des-opportunites-de-developpement-socioeconomique\\\/#primaryimage\",\"url\":\"https:\\\/\\\/mpcid.gov.gn\\\/wp-content\\\/uploads\\\/2026\\\/04\\\/9-16.jpg\",\"contentUrl\":\"https:\\\/\\\/mpcid.gov.gn\\\/wp-content\\\/uploads\\\/2026\\\/04\\\/9-16.jpg\",\"width\":1080,\"height\":810},{\"@type\":\"BreadcrumbList\",\"@id\":\"https:\\\/\\\/mpcid.gov.gn\\\/index.php\\\/corridor-de-simandou-le-ministre-ismael-nabe-recoit-les-rapports-danalyses-de-la-banque-mondiale-des-opportunites-de-developpement-socioeconomique\\\/#breadcrumb\",\"itemListElement\":[{\"@type\":\"ListItem\",\"position\":1,\"name\":\"Accueil\",\"item\":\"https:\\\/\\\/mpcid.gov.gn\\\/\"},{\"@type\":\"ListItem\",\"position\":2,\"name\":\"Corridor de Simandou : le Ministre Isma\u00ebl NABE re\u00e7oit les rapports d\u2019analyses de la Banque mondiale des opportunit\u00e9s de d\u00e9veloppement socio\u00e9conomique\"}]},{\"@type\":\"WebSite\",\"@id\":\"https:\\\/\\\/mpcid.gov.gn\\\/#website\",\"url\":\"https:\\\/\\\/mpcid.gov.gn\\\/\",\"name\":\"https:\\\/\\\/mpcid.gov.gn\\\/\",\"description\":\"Minist\u00e8re du Plan et de la Coop\u00e9ration Internationale\",\"publisher\":{\"@id\":\"https:\\\/\\\/mpcid.gov.gn\\\/#organization\"},\"potentialAction\":[{\"@type\":\"SearchAction\",\"target\":{\"@type\":\"EntryPoint\",\"urlTemplate\":\"https:\\\/\\\/mpcid.gov.gn\\\/?s={search_term_string}\"},\"query-input\":{\"@type\":\"PropertyValueSpecification\",\"valueRequired\":true,\"valueName\":\"search_term_string\"}}],\"inLanguage\":\"fr-FR\"},{\"@type\":\"Organization\",\"@id\":\"https:\\\/\\\/mpcid.gov.gn\\\/#organization\",\"name\":\"Minist\u00e8re du Plan et de la Coop\u00e9ration Internationale - MPCI\",\"url\":\"https:\\\/\\\/mpcid.gov.gn\\\/\",\"logo\":{\"@type\":\"ImageObject\",\"inLanguage\":\"fr-FR\",\"@id\":\"https:\\\/\\\/mpcid.gov.gn\\\/#\\\/schema\\\/logo\\\/image\\\/\",\"url\":\"https:\\\/\\\/mpcid.gov.gn\\\/wp-content\\\/uploads\\\/2023\\\/10\\\/Ministere-du-Plan-et-de-la-Cooperation-Internationale-MPCI.jpg\",\"contentUrl\":\"https:\\\/\\\/mpcid.gov.gn\\\/wp-content\\\/uploads\\\/2023\\\/10\\\/Ministere-du-Plan-et-de-la-Cooperation-Internationale-MPCI.jpg\",\"width\":462,\"height\":462,\"caption\":\"Minist\u00e8re du Plan et de la Coop\u00e9ration Internationale - MPCI\"},\"image\":{\"@id\":\"https:\\\/\\\/mpcid.gov.gn\\\/#\\\/schema\\\/logo\\\/image\\\/\"},\"sameAs\":[\"https:\\\/\\\/www.facebook.com\\\/MPCIGN\",\"https:\\\/\\\/x.com\\\/MpciGov\"]},{\"@type\":\"Person\",\"@id\":\"https:\\\/\\\/mpcid.gov.gn\\\/#\\\/schema\\\/person\\\/070aeea8fafd7a7e5a037505652abbee\",\"name\":\"Service Communication\",\"sameAs\":[\"http:\\\/\\\/Service-com\"],\"url\":\"https:\\\/\\\/mpcid.gov.gn\\\/index.php\\\/author\\\/service-com\\\/\"}]}<\/script>\n<!-- \/ Yoast SEO plugin. -->","yoast_head_json":{"title":"Corridor de Simandou : le Ministre Isma\u00ebl NABE re\u00e7oit les rapports d\u2019analyses de la Banque mondiale des opportunit\u00e9s de d\u00e9veloppement socio\u00e9conomique - MPCI","robots":{"index":"index","follow":"follow","max-snippet":"max-snippet:-1","max-image-preview":"max-image-preview:large","max-video-preview":"max-video-preview:-1"},"canonical":"https:\/\/mpcid.gov.gn\/index.php\/corridor-de-simandou-le-ministre-ismael-nabe-recoit-les-rapports-danalyses-de-la-banque-mondiale-des-opportunites-de-developpement-socioeconomique\/","og_locale":"fr_FR","og_type":"article","og_title":"Corridor de Simandou : le Ministre Isma\u00ebl NABE re\u00e7oit les rapports d\u2019analyses de la Banque mondiale des opportunit\u00e9s de d\u00e9veloppement socio\u00e9conomique - MPCI","og_description":"Conakry, le 29 avril 2026\u2013 Une \u00e9tape majeure vient d\u2019\u00eatre franchie dans la structuration du corridor de Simandou. Le Ministre du Plan, de la Coop\u00e9ration internationale et du D\u00e9veloppement, Isma\u00ebl NABE, a re\u00e7u la mission de restitution des rapports du travail d\u2019analyses de la Banque mondiale des opportunit\u00e9s de d\u00e9veloppement socio-\u00e9conomique le long du corridor &hellip; Continue reading \"Corridor de Simandou : le Ministre Isma\u00ebl NABE re\u00e7oit les rapports d\u2019analyses de la Banque mondiale des opportunit\u00e9s de d\u00e9veloppement socio\u00e9conomique\"","og_url":"https:\/\/mpcid.gov.gn\/index.php\/corridor-de-simandou-le-ministre-ismael-nabe-recoit-les-rapports-danalyses-de-la-banque-mondiale-des-opportunites-de-developpement-socioeconomique\/","og_site_name":"MPCI","article_publisher":"https:\/\/www.facebook.com\/MPCIGN","article_published_time":"2026-04-30T13:27:27+00:00","og_image":[{"width":1080,"height":810,"url":"https:\/\/mpcid.gov.gn\/wp-content\/uploads\/2026\/04\/9-16.jpg","type":"image\/jpeg"}],"author":"Service Communication","twitter_card":"summary_large_image","twitter_creator":"@MpciGov","twitter_site":"@MpciGov","twitter_misc":{"\u00c9crit par":"Service Communication","Dur\u00e9e de lecture estim\u00e9e":"5 minutes"},"schema":{"@context":"https:\/\/schema.org","@graph":[{"@type":"Article","@id":"https:\/\/mpcid.gov.gn\/index.php\/corridor-de-simandou-le-ministre-ismael-nabe-recoit-les-rapports-danalyses-de-la-banque-mondiale-des-opportunites-de-developpement-socioeconomique\/#article","isPartOf":{"@id":"https:\/\/mpcid.gov.gn\/index.php\/corridor-de-simandou-le-ministre-ismael-nabe-recoit-les-rapports-danalyses-de-la-banque-mondiale-des-opportunites-de-developpement-socioeconomique\/"},"author":{"name":"Service Communication","@id":"https:\/\/mpcid.gov.gn\/#\/schema\/person\/070aeea8fafd7a7e5a037505652abbee"},"headline":"Corridor de Simandou : le Ministre Isma\u00ebl NABE re\u00e7oit les rapports d\u2019analyses de la Banque mondiale des opportunit\u00e9s de d\u00e9veloppement socio\u00e9conomique","datePublished":"2026-04-30T13:27:27+00:00","mainEntityOfPage":{"@id":"https:\/\/mpcid.gov.gn\/index.php\/corridor-de-simandou-le-ministre-ismael-nabe-recoit-les-rapports-danalyses-de-la-banque-mondiale-des-opportunites-de-developpement-socioeconomique\/"},"wordCount":552,"publisher":{"@id":"https:\/\/mpcid.gov.gn\/#organization"},"image":{"@id":"https:\/\/mpcid.gov.gn\/index.php\/corridor-de-simandou-le-ministre-ismael-nabe-recoit-les-rapports-danalyses-de-la-banque-mondiale-des-opportunites-de-developpement-socioeconomique\/#primaryimage"},"thumbnailUrl":"https:\/\/mpcid.gov.gn\/wp-content\/uploads\/2026\/04\/9-16.jpg","articleSection":["Actualit\u00e9s"],"inLanguage":"fr-FR"},{"@type":"WebPage","@id":"https:\/\/mpcid.gov.gn\/index.php\/corridor-de-simandou-le-ministre-ismael-nabe-recoit-les-rapports-danalyses-de-la-banque-mondiale-des-opportunites-de-developpement-socioeconomique\/","url":"https:\/\/mpcid.gov.gn\/index.php\/corridor-de-simandou-le-ministre-ismael-nabe-recoit-les-rapports-danalyses-de-la-banque-mondiale-des-opportunites-de-developpement-socioeconomique\/","name":"Corridor de Simandou : le Ministre Isma\u00ebl NABE re\u00e7oit les rapports d\u2019analyses de la Banque mondiale des opportunit\u00e9s de d\u00e9veloppement socio\u00e9conomique - MPCI","isPartOf":{"@id":"https:\/\/mpcid.gov.gn\/#website"},"primaryImageOfPage":{"@id":"https:\/\/mpcid.gov.gn\/index.php\/corridor-de-simandou-le-ministre-ismael-nabe-recoit-les-rapports-danalyses-de-la-banque-mondiale-des-opportunites-de-developpement-socioeconomique\/#primaryimage"},"image":{"@id":"https:\/\/mpcid.gov.gn\/index.php\/corridor-de-simandou-le-ministre-ismael-nabe-recoit-les-rapports-danalyses-de-la-banque-mondiale-des-opportunites-de-developpement-socioeconomique\/#primaryimage"},"thumbnailUrl":"https:\/\/mpcid.gov.gn\/wp-content\/uploads\/2026\/04\/9-16.jpg","datePublished":"2026-04-30T13:27:27+00:00","breadcrumb":{"@id":"https:\/\/mpcid.gov.gn\/index.php\/corridor-de-simandou-le-ministre-ismael-nabe-recoit-les-rapports-danalyses-de-la-banque-mondiale-des-opportunites-de-developpement-socioeconomique\/#breadcrumb"},"inLanguage":"fr-FR","potentialAction":[{"@type":"ReadAction","target":["https:\/\/mpcid.gov.gn\/index.php\/corridor-de-simandou-le-ministre-ismael-nabe-recoit-les-rapports-danalyses-de-la-banque-mondiale-des-opportunites-de-developpement-socioeconomique\/"]}]},{"@type":"ImageObject","inLanguage":"fr-FR","@id":"https:\/\/mpcid.gov.gn\/index.php\/corridor-de-simandou-le-ministre-ismael-nabe-recoit-les-rapports-danalyses-de-la-banque-mondiale-des-opportunites-de-developpement-socioeconomique\/#primaryimage","url":"https:\/\/mpcid.gov.gn\/wp-content\/uploads\/2026\/04\/9-16.jpg","contentUrl":"https:\/\/mpcid.gov.gn\/wp-content\/uploads\/2026\/04\/9-16.jpg","width":1080,"height":810},{"@type":"BreadcrumbList","@id":"https:\/\/mpcid.gov.gn\/index.php\/corridor-de-simandou-le-ministre-ismael-nabe-recoit-les-rapports-danalyses-de-la-banque-mondiale-des-opportunites-de-developpement-socioeconomique\/#breadcrumb","itemListElement":[{"@type":"ListItem","position":1,"name":"Accueil","item":"https:\/\/mpcid.gov.gn\/"},{"@type":"ListItem","position":2,"name":"Corridor de Simandou : le Ministre Isma\u00ebl NABE re\u00e7oit les rapports d\u2019analyses de la Banque mondiale des opportunit\u00e9s de d\u00e9veloppement socio\u00e9conomique"}]},{"@type":"WebSite","@id":"https:\/\/mpcid.gov.gn\/#website","url":"https:\/\/mpcid.gov.gn\/","name":"https:\/\/mpcid.gov.gn\/","description":"Minist\u00e8re du Plan et de la Coop\u00e9ration Internationale","publisher":{"@id":"https:\/\/mpcid.gov.gn\/#organization"},"potentialAction":[{"@type":"SearchAction","target":{"@type":"EntryPoint","urlTemplate":"https:\/\/mpcid.gov.gn\/?s={search_term_string}"},"query-input":{"@type":"PropertyValueSpecification","valueRequired":true,"valueName":"search_term_string"}}],"inLanguage":"fr-FR"},{"@type":"Organization","@id":"https:\/\/mpcid.gov.gn\/#organization","name":"Minist\u00e8re du Plan et de la Coop\u00e9ration Internationale - MPCI","url":"https:\/\/mpcid.gov.gn\/","logo":{"@type":"ImageObject","inLanguage":"fr-FR","@id":"https:\/\/mpcid.gov.gn\/#\/schema\/logo\/image\/","url":"https:\/\/mpcid.gov.gn\/wp-content\/uploads\/2023\/10\/Ministere-du-Plan-et-de-la-Cooperation-Internationale-MPCI.jpg","contentUrl":"https:\/\/mpcid.gov.gn\/wp-content\/uploads\/2023\/10\/Ministere-du-Plan-et-de-la-Cooperation-Internationale-MPCI.jpg","width":462,"height":462,"caption":"Minist\u00e8re du Plan et de la Coop\u00e9ration Internationale - MPCI"},"image":{"@id":"https:\/\/mpcid.gov.gn\/#\/schema\/logo\/image\/"},"sameAs":["https:\/\/www.facebook.com\/MPCIGN","https:\/\/x.com\/MpciGov"]},{"@type":"Person","@id":"https:\/\/mpcid.gov.gn\/#\/schema\/person\/070aeea8fafd7a7e5a037505652abbee","name":"Service Communication","sameAs":["http:\/\/Service-com"],"url":"https:\/\/mpcid.gov.gn\/index.php\/author\/service-com\/"}]}},"_links":{"self":[{"href":"https:\/\/mpcid.gov.gn\/index.php\/wp-json\/wp\/v2\/posts\/19767","targetHints":{"allow":["GET"]}}],"collection":[{"href":"https:\/\/mpcid.gov.gn\/index.php\/wp-json\/wp\/v2\/posts"}],"about":[{"href":"https:\/\/mpcid.gov.gn\/index.php\/wp-json\/wp\/v2\/types\/post"}],"author":[{"embeddable":true,"href":"https:\/\/mpcid.gov.gn\/index.php\/wp-json\/wp\/v2\/users\/20"}],"replies":[{"embeddable":true,"href":"https:\/\/mpcid.gov.gn\/index.php\/wp-json\/wp\/v2\/comments?post=19767"}],"version-history":[{"count":1,"href":"https:\/\/mpcid.gov.gn\/index.php\/wp-json\/wp\/v2\/posts\/19767\/revisions"}],"predecessor-version":[{"id":19785,"href":"https:\/\/mpcid.gov.gn\/index.php\/wp-json\/wp\/v2\/posts\/19767\/revisions\/19785"}],"wp:featuredmedia":[{"embeddable":true,"href":"https:\/\/mpcid.gov.gn\/index.php\/wp-json\/wp\/v2\/media\/19768"}],"wp:attachment":[{"href":"https:\/\/mpcid.gov.gn\/index.php\/wp-json\/wp\/v2\/media?parent=19767"}],"wp:term":[{"taxonomy":"category","embeddable":true,"href":"https:\/\/mpcid.gov.gn\/index.php\/wp-json\/wp\/v2\/categories?post=19767"},{"taxonomy":"post_tag","embeddable":true,"href":"https:\/\/mpcid.gov.gn\/index.php\/wp-json\/wp\/v2\/tags?post=19767"}],"curies":[{"name":"wp","href":"https:\/\/api.w.org\/{rel}","templated":true}]}}