{"id":19726,"date":"2026-04-29T14:02:14","date_gmt":"2026-04-29T14:02:14","guid":{"rendered":"https:\/\/mpcid.gov.gn\/?p=19726"},"modified":"2026-04-29T14:02:14","modified_gmt":"2026-04-29T14:02:14","slug":"guinee-suisse-le-ministre-ismael-nabe-recoit-des-diplomates-suisses","status":"publish","type":"post","link":"https:\/\/mpcid.gov.gn\/index.php\/guinee-suisse-le-ministre-ismael-nabe-recoit-des-diplomates-suisses\/","title":{"rendered":"Guin\u00e9e-Suisse : le Ministre Isma\u00ebl NABE re\u00e7oit des diplomates suisses"},"content":{"rendered":"<p>Conakry, le 28 avril 2026 \u2013 Le Ministre du Plan, de la Coop\u00e9ration internationale et du D\u00e9veloppement, Isma\u00ebl NABE, a re\u00e7u en audience Mme Deborah ATTOLINI, conseill\u00e8re aupr\u00e8s de l\u2019Ambassadeur de Suisse bas\u00e9 \u00e0 Abidjan et accr\u00e9dit\u00e9 pour la C\u00f4te d\u2019Ivoire, le Burkina Faso, la Guin\u00e9e, le Liberia et la Sierra Leone. La diplomate suisse a \u00e9t\u00e9 introduite aupr\u00e8s du Ministre par le Consul g\u00e9n\u00e9ral honoraire de Suisse en Guin\u00e9e, M. Abraham CAMARA.<\/p>\n<p><img fetchpriority=\"high\" decoding=\"async\" class=\"alignnone size-medium wp-image-19729\" src=\"https:\/\/mpcid.gov.gn\/wp-content\/uploads\/2026\/04\/MPCID_OUT2-2-500x306.jpg\" alt=\"\" width=\"500\" height=\"306\" srcset=\"https:\/\/mpcid.gov.gn\/wp-content\/uploads\/2026\/04\/MPCID_OUT2-2-500x306.jpg 500w, https:\/\/mpcid.gov.gn\/wp-content\/uploads\/2026\/04\/MPCID_OUT2-2-1024x626.jpg 1024w, https:\/\/mpcid.gov.gn\/wp-content\/uploads\/2026\/04\/MPCID_OUT2-2-768x470.jpg 768w, https:\/\/mpcid.gov.gn\/wp-content\/uploads\/2026\/04\/MPCID_OUT2-2-1536x939.jpg 1536w, https:\/\/mpcid.gov.gn\/wp-content\/uploads\/2026\/04\/MPCID_OUT2-2-2048x1252.jpg 2048w, https:\/\/mpcid.gov.gn\/wp-content\/uploads\/2026\/04\/MPCID_OUT2-2-1200x734.jpg 1200w\" sizes=\"(max-width: 500px) 85vw, 500px\" \/> <img decoding=\"async\" class=\"alignnone size-medium wp-image-19724\" src=\"https:\/\/mpcid.gov.gn\/wp-content\/uploads\/2026\/04\/11-13-500x329.jpg\" alt=\"\" width=\"500\" height=\"329\" srcset=\"https:\/\/mpcid.gov.gn\/wp-content\/uploads\/2026\/04\/11-13-500x329.jpg 500w, https:\/\/mpcid.gov.gn\/wp-content\/uploads\/2026\/04\/11-13-1024x673.jpg 1024w, https:\/\/mpcid.gov.gn\/wp-content\/uploads\/2026\/04\/11-13-768x505.jpg 768w, https:\/\/mpcid.gov.gn\/wp-content\/uploads\/2026\/04\/11-13.jpg 1080w\" sizes=\"(max-width: 500px) 85vw, 500px\" \/> <img decoding=\"async\" class=\"alignnone size-medium wp-image-19730\" src=\"https:\/\/mpcid.gov.gn\/wp-content\/uploads\/2026\/04\/MPCID_OUT2-3-500x325.jpg\" alt=\"\" width=\"500\" height=\"325\" srcset=\"https:\/\/mpcid.gov.gn\/wp-content\/uploads\/2026\/04\/MPCID_OUT2-3-500x325.jpg 500w, https:\/\/mpcid.gov.gn\/wp-content\/uploads\/2026\/04\/MPCID_OUT2-3-1024x665.jpg 1024w, https:\/\/mpcid.gov.gn\/wp-content\/uploads\/2026\/04\/MPCID_OUT2-3-768x498.jpg 768w, https:\/\/mpcid.gov.gn\/wp-content\/uploads\/2026\/04\/MPCID_OUT2-3-1536x997.jpg 1536w, https:\/\/mpcid.gov.gn\/wp-content\/uploads\/2026\/04\/MPCID_OUT2-3-2048x1329.jpg 2048w, https:\/\/mpcid.gov.gn\/wp-content\/uploads\/2026\/04\/MPCID_OUT2-3-1200x779.jpg 1200w\" sizes=\"(max-width: 500px) 85vw, 500px\" \/> <img loading=\"lazy\" decoding=\"async\" class=\"alignnone size-medium wp-image-19733\" src=\"https:\/\/mpcid.gov.gn\/wp-content\/uploads\/2026\/04\/MPCID_OUT2-6-500x352.jpg\" alt=\"\" width=\"500\" height=\"352\" srcset=\"https:\/\/mpcid.gov.gn\/wp-content\/uploads\/2026\/04\/MPCID_OUT2-6-500x352.jpg 500w, https:\/\/mpcid.gov.gn\/wp-content\/uploads\/2026\/04\/MPCID_OUT2-6-1024x721.jpg 1024w, https:\/\/mpcid.gov.gn\/wp-content\/uploads\/2026\/04\/MPCID_OUT2-6-768x541.jpg 768w, https:\/\/mpcid.gov.gn\/wp-content\/uploads\/2026\/04\/MPCID_OUT2-6-1536x1082.jpg 1536w, https:\/\/mpcid.gov.gn\/wp-content\/uploads\/2026\/04\/MPCID_OUT2-6-2048x1443.jpg 2048w, https:\/\/mpcid.gov.gn\/wp-content\/uploads\/2026\/04\/MPCID_OUT2-6-1200x845.jpg 1200w\" sizes=\"(max-width: 500px) 85vw, 500px\" \/> <img loading=\"lazy\" decoding=\"async\" class=\"alignnone size-medium wp-image-19732\" src=\"https:\/\/mpcid.gov.gn\/wp-content\/uploads\/2026\/04\/MPCID_OUT2-5-500x336.jpg\" alt=\"\" width=\"500\" height=\"336\" srcset=\"https:\/\/mpcid.gov.gn\/wp-content\/uploads\/2026\/04\/MPCID_OUT2-5-500x336.jpg 500w, https:\/\/mpcid.gov.gn\/wp-content\/uploads\/2026\/04\/MPCID_OUT2-5-1024x688.jpg 1024w, https:\/\/mpcid.gov.gn\/wp-content\/uploads\/2026\/04\/MPCID_OUT2-5-768x516.jpg 768w, https:\/\/mpcid.gov.gn\/wp-content\/uploads\/2026\/04\/MPCID_OUT2-5-1536x1032.jpg 1536w, https:\/\/mpcid.gov.gn\/wp-content\/uploads\/2026\/04\/MPCID_OUT2-5-2048x1376.jpg 2048w, https:\/\/mpcid.gov.gn\/wp-content\/uploads\/2026\/04\/MPCID_OUT2-5-1200x806.jpg 1200w\" sizes=\"(max-width: 500px) 85vw, 500px\" \/> <img loading=\"lazy\" decoding=\"async\" class=\"alignnone size-medium wp-image-19734\" src=\"https:\/\/mpcid.gov.gn\/wp-content\/uploads\/2026\/04\/MPCID_OUT2-7-500x446.jpg\" alt=\"\" width=\"500\" height=\"446\" srcset=\"https:\/\/mpcid.gov.gn\/wp-content\/uploads\/2026\/04\/MPCID_OUT2-7-500x446.jpg 500w, https:\/\/mpcid.gov.gn\/wp-content\/uploads\/2026\/04\/MPCID_OUT2-7-1024x913.jpg 1024w, https:\/\/mpcid.gov.gn\/wp-content\/uploads\/2026\/04\/MPCID_OUT2-7-768x685.jpg 768w, https:\/\/mpcid.gov.gn\/wp-content\/uploads\/2026\/04\/MPCID_OUT2-7-1536x1370.jpg 1536w, https:\/\/mpcid.gov.gn\/wp-content\/uploads\/2026\/04\/MPCID_OUT2-7-2048x1826.jpg 2048w, https:\/\/mpcid.gov.gn\/wp-content\/uploads\/2026\/04\/MPCID_OUT2-7-1200x1070.jpg 1200w\" sizes=\"(max-width: 500px) 85vw, 500px\" \/> <img loading=\"lazy\" decoding=\"async\" class=\"alignnone size-medium wp-image-19736\" src=\"https:\/\/mpcid.gov.gn\/wp-content\/uploads\/2026\/04\/MPCID_OUT2-9-500x344.jpg\" alt=\"\" width=\"500\" height=\"344\" srcset=\"https:\/\/mpcid.gov.gn\/wp-content\/uploads\/2026\/04\/MPCID_OUT2-9-500x344.jpg 500w, https:\/\/mpcid.gov.gn\/wp-content\/uploads\/2026\/04\/MPCID_OUT2-9-1024x704.jpg 1024w, https:\/\/mpcid.gov.gn\/wp-content\/uploads\/2026\/04\/MPCID_OUT2-9-768x528.jpg 768w, https:\/\/mpcid.gov.gn\/wp-content\/uploads\/2026\/04\/MPCID_OUT2-9-1536x1055.jpg 1536w, https:\/\/mpcid.gov.gn\/wp-content\/uploads\/2026\/04\/MPCID_OUT2-9-2048x1407.jpg 2048w, https:\/\/mpcid.gov.gn\/wp-content\/uploads\/2026\/04\/MPCID_OUT2-9-1200x824.jpg 1200w\" sizes=\"(max-width: 500px) 85vw, 500px\" \/> <img loading=\"lazy\" decoding=\"async\" class=\"alignnone size-medium wp-image-19735\" src=\"https:\/\/mpcid.gov.gn\/wp-content\/uploads\/2026\/04\/MPCID_OUT2-8-500x342.jpg\" alt=\"\" width=\"500\" height=\"342\" srcset=\"https:\/\/mpcid.gov.gn\/wp-content\/uploads\/2026\/04\/MPCID_OUT2-8-500x342.jpg 500w, https:\/\/mpcid.gov.gn\/wp-content\/uploads\/2026\/04\/MPCID_OUT2-8-1024x700.jpg 1024w, https:\/\/mpcid.gov.gn\/wp-content\/uploads\/2026\/04\/MPCID_OUT2-8-768x525.jpg 768w, https:\/\/mpcid.gov.gn\/wp-content\/uploads\/2026\/04\/MPCID_OUT2-8-1536x1050.jpg 1536w, https:\/\/mpcid.gov.gn\/wp-content\/uploads\/2026\/04\/MPCID_OUT2-8-2048x1400.jpg 2048w, https:\/\/mpcid.gov.gn\/wp-content\/uploads\/2026\/04\/MPCID_OUT2-8-1200x820.jpg 1200w\" sizes=\"(max-width: 500px) 85vw, 500px\" \/><\/p>\n<p>Pour cette rencontre, le Ministre Isma\u00ebl NABE \u00e9tait entour\u00e9 de plusieurs cadres de son d\u00e9partement, notamment les Directeurs nationaux de la Coop\u00e9ration internationale, Dr Arafan TRAORE et Mme Housseinatou BAH, t\u00e9moignant ainsi de l\u2019int\u00e9r\u00eat strat\u00e9gique accord\u00e9 \u00e0 cette audience.<\/p>\n<p>Cette visite de courtoisie s\u2019inscrit dans une dynamique d\u2019\u00e9changes visant \u00e0 explorer les opportunit\u00e9s de collaboration et d\u2019investissement que la Suisse pourrait saisir dans le cadre du Programme Simandou 2040, mais aussi du m\u00e9ga-projet minier Simandou, consid\u00e9r\u00e9 comme l\u2019un des leviers majeurs de transformation structurelle de l\u2019\u00e9conomie guin\u00e9enne.<\/p>\n<p>Prenant la parole, Mme Deborah ATTOLINI a rappel\u00e9 que la Suisse est d\u00e9j\u00e0 engag\u00e9e en Guin\u00e9e \u00e0 travers le financement de plusieurs initiatives de d\u00e9veloppement, notamment via l\u2019ONG Terre des Hommes, pr\u00e9sente dans le pays depuis 1987. Elle a pr\u00e9cis\u00e9 que ces interventions portent principalement sur la protection de l\u2019enfance, en particulier la lutte contre la migration irr\u00e9guli\u00e8re des enfants et la promotion de leurs droits fondamentaux.<\/p>\n<p>Dans cette perspective, la diplomate helv\u00e9tique a exprim\u00e9 un vif int\u00e9r\u00eat pour le Programme Simandou 2040, sollicitant des informations approfondies sur ses orientations strat\u00e9giques ainsi que sur les niches d\u2019investissement susceptibles d\u2019int\u00e9resser les op\u00e9rateurs \u00e9conomiques suisses d\u00e9sireux de s\u2019implanter en Guin\u00e9e.<\/p>\n<p>En r\u00e9ponse, le Ministre Isma\u00ebl NABE s\u2019est d\u2019abord f\u00e9licit\u00e9 de cette visite, qu\u2019il a qualifi\u00e9e de marque d\u2019int\u00e9r\u00eat et de confiance envers la Guin\u00e9e. Il a remerci\u00e9 la partie suisse pour l\u2019attention soutenue accord\u00e9e au Programme Simandou 2040, avant de souligner le caract\u00e8re structurant de ce programme, d\u00e9sormais \u00e9rig\u00e9 en r\u00e9f\u00e9rentiel unique pour l\u2019ensemble des investisseurs souhaitant intervenir en Guin\u00e9e au cours des quinze prochaines ann\u00e9es.<\/p>\n<p>Dans son expos\u00e9, le Ministre NABE a d\u00e9taill\u00e9 les cinq piliers fondamentaux du Programme Simandou 2040, \u00e0 savoir : l\u2019Agriculture, l\u2019Industrie et le Commerce ; l\u2019\u00c9ducation et la Culture ; les Infrastructures, le Transport et la Technologie ; les Finances et les Assurances ; ainsi que la Sant\u00e9 et le Bien-\u00eatre. Il a insist\u00e9 sur la coh\u00e9rence et l\u2019ambition de ces axes, con\u00e7us pour impulser une croissance inclusive, durable et r\u00e9siliente.<\/p>\n<p>Poursuivant son intervention, M. NABE a mis en exergue la dimension r\u00e9solument internationale du projet minier Simandou, qu\u2019il a pr\u00e9sent\u00e9 comme un projet multinational de grande envergure, r\u00e9unissant des entreprises issues de divers horizons, notamment am\u00e9ricaines, europ\u00e9ennes, australiennes, chinoises et singapouriennes. Cette diversit\u00e9 t\u00e9moigne, selon lui, de l\u2019attractivit\u00e9 croissante du secteur minier guin\u00e9en et de la confiance des partenaires internationaux.<\/p>\n<p>Au terme des \u00e9changes, le Ministre Isma\u00ebl NABE a remis \u00e0 son h\u00f4te un exemplaire du Programme Simandou 2040, r\u00e9affirmant la disponibilit\u00e9 et l\u2019ouverture de la Guin\u00e9e \u00e0 accueillir davantage d\u2019investisseurs suisses. Il a soulign\u00e9 que plusieurs secteurs offrent des perspectives particuli\u00e8rement prometteuses, notamment la banque, la sant\u00e9, les infrastructures et l\u2019agro-industrie, domaines dans lesquels la Suisse dispose d\u2019une expertise reconnue et d\u2019un savoir-faire av\u00e9r\u00e9 susceptible de contribuer significativement au d\u00e9veloppement \u00e9conomique et social de la Guin\u00e9e.<\/p>\n","protected":false},"excerpt":{"rendered":"<p>Conakry, le 28 avril 2026 \u2013 Le Ministre du Plan, de la Coop\u00e9ration internationale et du D\u00e9veloppement, Isma\u00ebl NABE, a re\u00e7u en audience Mme Deborah ATTOLINI, conseill\u00e8re aupr\u00e8s de l\u2019Ambassadeur de Suisse bas\u00e9 \u00e0 Abidjan et accr\u00e9dit\u00e9 pour la C\u00f4te d\u2019Ivoire, le Burkina Faso, la Guin\u00e9e, le Liberia et la Sierra Leone. La diplomate suisse &hellip; <a href=\"https:\/\/mpcid.gov.gn\/index.php\/guinee-suisse-le-ministre-ismael-nabe-recoit-des-diplomates-suisses\/\" class=\"more-link\">Continue reading<span class=\"screen-reader-text\"> \u00ab\u00a0Guin\u00e9e-Suisse : le Ministre Isma\u00ebl NABE re\u00e7oit des diplomates suisses\u00a0\u00bb<\/span><\/a><\/p>\n","protected":false},"author":20,"featured_media":19727,"comment_status":"closed","ping_status":"closed","sticky":false,"template":"","format":"standard","meta":{"footnotes":""},"categories":[63],"tags":[],"class_list":["post-19726","post","type-post","status-publish","format-standard","has-post-thumbnail","hentry","category-actualites"],"yoast_head":"<!-- This site is optimized with the Yoast SEO plugin v27.5 - https:\/\/yoast.com\/product\/yoast-seo-wordpress\/ -->\n<title>Guin\u00e9e-Suisse : le Ministre Isma\u00ebl NABE re\u00e7oit des diplomates suisses - MPCI<\/title>\n<meta name=\"robots\" content=\"index, follow, max-snippet:-1, max-image-preview:large, max-video-preview:-1\" \/>\n<link rel=\"canonical\" href=\"https:\/\/mpcid.gov.gn\/index.php\/guinee-suisse-le-ministre-ismael-nabe-recoit-des-diplomates-suisses\/\" \/>\n<meta property=\"og:locale\" content=\"fr_FR\" \/>\n<meta property=\"og:type\" content=\"article\" \/>\n<meta property=\"og:title\" content=\"Guin\u00e9e-Suisse : le Ministre Isma\u00ebl NABE re\u00e7oit des diplomates suisses - MPCI\" \/>\n<meta property=\"og:description\" content=\"Conakry, le 28 avril 2026 \u2013 Le Ministre du Plan, de la Coop\u00e9ration internationale et du D\u00e9veloppement, Isma\u00ebl NABE, a re\u00e7u en audience Mme Deborah ATTOLINI, conseill\u00e8re aupr\u00e8s de l\u2019Ambassadeur de Suisse bas\u00e9 \u00e0 Abidjan et accr\u00e9dit\u00e9 pour la C\u00f4te d\u2019Ivoire, le Burkina Faso, la Guin\u00e9e, le Liberia et la Sierra Leone. La diplomate suisse &hellip; Continue reading &quot;Guin\u00e9e-Suisse : le Ministre Isma\u00ebl NABE re\u00e7oit des diplomates suisses&quot;\" \/>\n<meta property=\"og:url\" content=\"https:\/\/mpcid.gov.gn\/index.php\/guinee-suisse-le-ministre-ismael-nabe-recoit-des-diplomates-suisses\/\" \/>\n<meta property=\"og:site_name\" content=\"MPCI\" \/>\n<meta property=\"article:publisher\" content=\"https:\/\/www.facebook.com\/MPCIGN\" \/>\n<meta property=\"article:published_time\" content=\"2026-04-29T14:02:14+00:00\" \/>\n<meta property=\"og:image\" content=\"https:\/\/mpcid.gov.gn\/wp-content\/uploads\/2026\/04\/MPCID_OUT2-14-scaled.jpg\" \/>\n\t<meta property=\"og:image:width\" content=\"2215\" \/>\n\t<meta property=\"og:image:height\" content=\"2560\" \/>\n\t<meta property=\"og:image:type\" content=\"image\/jpeg\" \/>\n<meta name=\"author\" content=\"Service Communication\" \/>\n<meta name=\"twitter:card\" content=\"summary_large_image\" \/>\n<meta name=\"twitter:creator\" content=\"@MpciGov\" \/>\n<meta name=\"twitter:site\" content=\"@MpciGov\" \/>\n<meta name=\"twitter:label1\" content=\"\u00c9crit par\" \/>\n\t<meta name=\"twitter:data1\" content=\"Service Communication\" \/>\n\t<meta name=\"twitter:label2\" content=\"Dur\u00e9e de lecture estim\u00e9e\" \/>\n\t<meta name=\"twitter:data2\" content=\"5 minutes\" \/>\n<script type=\"application\/ld+json\" class=\"yoast-schema-graph\">{\"@context\":\"https:\\\/\\\/schema.org\",\"@graph\":[{\"@type\":\"Article\",\"@id\":\"https:\\\/\\\/mpcid.gov.gn\\\/index.php\\\/guinee-suisse-le-ministre-ismael-nabe-recoit-des-diplomates-suisses\\\/#article\",\"isPartOf\":{\"@id\":\"https:\\\/\\\/mpcid.gov.gn\\\/index.php\\\/guinee-suisse-le-ministre-ismael-nabe-recoit-des-diplomates-suisses\\\/\"},\"author\":{\"name\":\"Service Communication\",\"@id\":\"https:\\\/\\\/mpcid.gov.gn\\\/#\\\/schema\\\/person\\\/070aeea8fafd7a7e5a037505652abbee\"},\"headline\":\"Guin\u00e9e-Suisse : le Ministre Isma\u00ebl NABE re\u00e7oit des diplomates suisses\",\"datePublished\":\"2026-04-29T14:02:14+00:00\",\"mainEntityOfPage\":{\"@id\":\"https:\\\/\\\/mpcid.gov.gn\\\/index.php\\\/guinee-suisse-le-ministre-ismael-nabe-recoit-des-diplomates-suisses\\\/\"},\"wordCount\":637,\"publisher\":{\"@id\":\"https:\\\/\\\/mpcid.gov.gn\\\/#organization\"},\"image\":{\"@id\":\"https:\\\/\\\/mpcid.gov.gn\\\/index.php\\\/guinee-suisse-le-ministre-ismael-nabe-recoit-des-diplomates-suisses\\\/#primaryimage\"},\"thumbnailUrl\":\"https:\\\/\\\/mpcid.gov.gn\\\/wp-content\\\/uploads\\\/2026\\\/04\\\/MPCID_OUT2-14-scaled.jpg\",\"articleSection\":[\"Actualit\u00e9s\"],\"inLanguage\":\"fr-FR\"},{\"@type\":\"WebPage\",\"@id\":\"https:\\\/\\\/mpcid.gov.gn\\\/index.php\\\/guinee-suisse-le-ministre-ismael-nabe-recoit-des-diplomates-suisses\\\/\",\"url\":\"https:\\\/\\\/mpcid.gov.gn\\\/index.php\\\/guinee-suisse-le-ministre-ismael-nabe-recoit-des-diplomates-suisses\\\/\",\"name\":\"Guin\u00e9e-Suisse : le Ministre Isma\u00ebl NABE re\u00e7oit des diplomates suisses - MPCI\",\"isPartOf\":{\"@id\":\"https:\\\/\\\/mpcid.gov.gn\\\/#website\"},\"primaryImageOfPage\":{\"@id\":\"https:\\\/\\\/mpcid.gov.gn\\\/index.php\\\/guinee-suisse-le-ministre-ismael-nabe-recoit-des-diplomates-suisses\\\/#primaryimage\"},\"image\":{\"@id\":\"https:\\\/\\\/mpcid.gov.gn\\\/index.php\\\/guinee-suisse-le-ministre-ismael-nabe-recoit-des-diplomates-suisses\\\/#primaryimage\"},\"thumbnailUrl\":\"https:\\\/\\\/mpcid.gov.gn\\\/wp-content\\\/uploads\\\/2026\\\/04\\\/MPCID_OUT2-14-scaled.jpg\",\"datePublished\":\"2026-04-29T14:02:14+00:00\",\"breadcrumb\":{\"@id\":\"https:\\\/\\\/mpcid.gov.gn\\\/index.php\\\/guinee-suisse-le-ministre-ismael-nabe-recoit-des-diplomates-suisses\\\/#breadcrumb\"},\"inLanguage\":\"fr-FR\",\"potentialAction\":[{\"@type\":\"ReadAction\",\"target\":[\"https:\\\/\\\/mpcid.gov.gn\\\/index.php\\\/guinee-suisse-le-ministre-ismael-nabe-recoit-des-diplomates-suisses\\\/\"]}]},{\"@type\":\"ImageObject\",\"inLanguage\":\"fr-FR\",\"@id\":\"https:\\\/\\\/mpcid.gov.gn\\\/index.php\\\/guinee-suisse-le-ministre-ismael-nabe-recoit-des-diplomates-suisses\\\/#primaryimage\",\"url\":\"https:\\\/\\\/mpcid.gov.gn\\\/wp-content\\\/uploads\\\/2026\\\/04\\\/MPCID_OUT2-14-scaled.jpg\",\"contentUrl\":\"https:\\\/\\\/mpcid.gov.gn\\\/wp-content\\\/uploads\\\/2026\\\/04\\\/MPCID_OUT2-14-scaled.jpg\",\"width\":2215,\"height\":2560},{\"@type\":\"BreadcrumbList\",\"@id\":\"https:\\\/\\\/mpcid.gov.gn\\\/index.php\\\/guinee-suisse-le-ministre-ismael-nabe-recoit-des-diplomates-suisses\\\/#breadcrumb\",\"itemListElement\":[{\"@type\":\"ListItem\",\"position\":1,\"name\":\"Accueil\",\"item\":\"https:\\\/\\\/mpcid.gov.gn\\\/\"},{\"@type\":\"ListItem\",\"position\":2,\"name\":\"Guin\u00e9e-Suisse : le Ministre Isma\u00ebl NABE re\u00e7oit des diplomates suisses\"}]},{\"@type\":\"WebSite\",\"@id\":\"https:\\\/\\\/mpcid.gov.gn\\\/#website\",\"url\":\"https:\\\/\\\/mpcid.gov.gn\\\/\",\"name\":\"https:\\\/\\\/mpcid.gov.gn\\\/\",\"description\":\"Minist\u00e8re du Plan et de la Coop\u00e9ration Internationale\",\"publisher\":{\"@id\":\"https:\\\/\\\/mpcid.gov.gn\\\/#organization\"},\"potentialAction\":[{\"@type\":\"SearchAction\",\"target\":{\"@type\":\"EntryPoint\",\"urlTemplate\":\"https:\\\/\\\/mpcid.gov.gn\\\/?s={search_term_string}\"},\"query-input\":{\"@type\":\"PropertyValueSpecification\",\"valueRequired\":true,\"valueName\":\"search_term_string\"}}],\"inLanguage\":\"fr-FR\"},{\"@type\":\"Organization\",\"@id\":\"https:\\\/\\\/mpcid.gov.gn\\\/#organization\",\"name\":\"Minist\u00e8re du Plan et de la Coop\u00e9ration Internationale - MPCI\",\"url\":\"https:\\\/\\\/mpcid.gov.gn\\\/\",\"logo\":{\"@type\":\"ImageObject\",\"inLanguage\":\"fr-FR\",\"@id\":\"https:\\\/\\\/mpcid.gov.gn\\\/#\\\/schema\\\/logo\\\/image\\\/\",\"url\":\"https:\\\/\\\/mpcid.gov.gn\\\/wp-content\\\/uploads\\\/2023\\\/10\\\/Ministere-du-Plan-et-de-la-Cooperation-Internationale-MPCI.jpg\",\"contentUrl\":\"https:\\\/\\\/mpcid.gov.gn\\\/wp-content\\\/uploads\\\/2023\\\/10\\\/Ministere-du-Plan-et-de-la-Cooperation-Internationale-MPCI.jpg\",\"width\":462,\"height\":462,\"caption\":\"Minist\u00e8re du Plan et de la Coop\u00e9ration Internationale - MPCI\"},\"image\":{\"@id\":\"https:\\\/\\\/mpcid.gov.gn\\\/#\\\/schema\\\/logo\\\/image\\\/\"},\"sameAs\":[\"https:\\\/\\\/www.facebook.com\\\/MPCIGN\",\"https:\\\/\\\/x.com\\\/MpciGov\"]},{\"@type\":\"Person\",\"@id\":\"https:\\\/\\\/mpcid.gov.gn\\\/#\\\/schema\\\/person\\\/070aeea8fafd7a7e5a037505652abbee\",\"name\":\"Service Communication\",\"sameAs\":[\"http:\\\/\\\/Service-com\"],\"url\":\"https:\\\/\\\/mpcid.gov.gn\\\/index.php\\\/author\\\/service-com\\\/\"}]}<\/script>\n<!-- \/ Yoast SEO plugin. -->","yoast_head_json":{"title":"Guin\u00e9e-Suisse : le Ministre Isma\u00ebl NABE re\u00e7oit des diplomates suisses - MPCI","robots":{"index":"index","follow":"follow","max-snippet":"max-snippet:-1","max-image-preview":"max-image-preview:large","max-video-preview":"max-video-preview:-1"},"canonical":"https:\/\/mpcid.gov.gn\/index.php\/guinee-suisse-le-ministre-ismael-nabe-recoit-des-diplomates-suisses\/","og_locale":"fr_FR","og_type":"article","og_title":"Guin\u00e9e-Suisse : le Ministre Isma\u00ebl NABE re\u00e7oit des diplomates suisses - MPCI","og_description":"Conakry, le 28 avril 2026 \u2013 Le Ministre du Plan, de la Coop\u00e9ration internationale et du D\u00e9veloppement, Isma\u00ebl NABE, a re\u00e7u en audience Mme Deborah ATTOLINI, conseill\u00e8re aupr\u00e8s de l\u2019Ambassadeur de Suisse bas\u00e9 \u00e0 Abidjan et accr\u00e9dit\u00e9 pour la C\u00f4te d\u2019Ivoire, le Burkina Faso, la Guin\u00e9e, le Liberia et la Sierra Leone. La diplomate suisse &hellip; Continue reading \"Guin\u00e9e-Suisse : le Ministre Isma\u00ebl NABE re\u00e7oit des diplomates suisses\"","og_url":"https:\/\/mpcid.gov.gn\/index.php\/guinee-suisse-le-ministre-ismael-nabe-recoit-des-diplomates-suisses\/","og_site_name":"MPCI","article_publisher":"https:\/\/www.facebook.com\/MPCIGN","article_published_time":"2026-04-29T14:02:14+00:00","og_image":[{"width":2215,"height":2560,"url":"https:\/\/mpcid.gov.gn\/wp-content\/uploads\/2026\/04\/MPCID_OUT2-14-scaled.jpg","type":"image\/jpeg"}],"author":"Service Communication","twitter_card":"summary_large_image","twitter_creator":"@MpciGov","twitter_site":"@MpciGov","twitter_misc":{"\u00c9crit par":"Service Communication","Dur\u00e9e de lecture estim\u00e9e":"5 minutes"},"schema":{"@context":"https:\/\/schema.org","@graph":[{"@type":"Article","@id":"https:\/\/mpcid.gov.gn\/index.php\/guinee-suisse-le-ministre-ismael-nabe-recoit-des-diplomates-suisses\/#article","isPartOf":{"@id":"https:\/\/mpcid.gov.gn\/index.php\/guinee-suisse-le-ministre-ismael-nabe-recoit-des-diplomates-suisses\/"},"author":{"name":"Service Communication","@id":"https:\/\/mpcid.gov.gn\/#\/schema\/person\/070aeea8fafd7a7e5a037505652abbee"},"headline":"Guin\u00e9e-Suisse : le Ministre Isma\u00ebl NABE re\u00e7oit des diplomates suisses","datePublished":"2026-04-29T14:02:14+00:00","mainEntityOfPage":{"@id":"https:\/\/mpcid.gov.gn\/index.php\/guinee-suisse-le-ministre-ismael-nabe-recoit-des-diplomates-suisses\/"},"wordCount":637,"publisher":{"@id":"https:\/\/mpcid.gov.gn\/#organization"},"image":{"@id":"https:\/\/mpcid.gov.gn\/index.php\/guinee-suisse-le-ministre-ismael-nabe-recoit-des-diplomates-suisses\/#primaryimage"},"thumbnailUrl":"https:\/\/mpcid.gov.gn\/wp-content\/uploads\/2026\/04\/MPCID_OUT2-14-scaled.jpg","articleSection":["Actualit\u00e9s"],"inLanguage":"fr-FR"},{"@type":"WebPage","@id":"https:\/\/mpcid.gov.gn\/index.php\/guinee-suisse-le-ministre-ismael-nabe-recoit-des-diplomates-suisses\/","url":"https:\/\/mpcid.gov.gn\/index.php\/guinee-suisse-le-ministre-ismael-nabe-recoit-des-diplomates-suisses\/","name":"Guin\u00e9e-Suisse : le Ministre Isma\u00ebl NABE re\u00e7oit des diplomates suisses - MPCI","isPartOf":{"@id":"https:\/\/mpcid.gov.gn\/#website"},"primaryImageOfPage":{"@id":"https:\/\/mpcid.gov.gn\/index.php\/guinee-suisse-le-ministre-ismael-nabe-recoit-des-diplomates-suisses\/#primaryimage"},"image":{"@id":"https:\/\/mpcid.gov.gn\/index.php\/guinee-suisse-le-ministre-ismael-nabe-recoit-des-diplomates-suisses\/#primaryimage"},"thumbnailUrl":"https:\/\/mpcid.gov.gn\/wp-content\/uploads\/2026\/04\/MPCID_OUT2-14-scaled.jpg","datePublished":"2026-04-29T14:02:14+00:00","breadcrumb":{"@id":"https:\/\/mpcid.gov.gn\/index.php\/guinee-suisse-le-ministre-ismael-nabe-recoit-des-diplomates-suisses\/#breadcrumb"},"inLanguage":"fr-FR","potentialAction":[{"@type":"ReadAction","target":["https:\/\/mpcid.gov.gn\/index.php\/guinee-suisse-le-ministre-ismael-nabe-recoit-des-diplomates-suisses\/"]}]},{"@type":"ImageObject","inLanguage":"fr-FR","@id":"https:\/\/mpcid.gov.gn\/index.php\/guinee-suisse-le-ministre-ismael-nabe-recoit-des-diplomates-suisses\/#primaryimage","url":"https:\/\/mpcid.gov.gn\/wp-content\/uploads\/2026\/04\/MPCID_OUT2-14-scaled.jpg","contentUrl":"https:\/\/mpcid.gov.gn\/wp-content\/uploads\/2026\/04\/MPCID_OUT2-14-scaled.jpg","width":2215,"height":2560},{"@type":"BreadcrumbList","@id":"https:\/\/mpcid.gov.gn\/index.php\/guinee-suisse-le-ministre-ismael-nabe-recoit-des-diplomates-suisses\/#breadcrumb","itemListElement":[{"@type":"ListItem","position":1,"name":"Accueil","item":"https:\/\/mpcid.gov.gn\/"},{"@type":"ListItem","position":2,"name":"Guin\u00e9e-Suisse : le Ministre Isma\u00ebl NABE re\u00e7oit des diplomates suisses"}]},{"@type":"WebSite","@id":"https:\/\/mpcid.gov.gn\/#website","url":"https:\/\/mpcid.gov.gn\/","name":"https:\/\/mpcid.gov.gn\/","description":"Minist\u00e8re du Plan et de la Coop\u00e9ration Internationale","publisher":{"@id":"https:\/\/mpcid.gov.gn\/#organization"},"potentialAction":[{"@type":"SearchAction","target":{"@type":"EntryPoint","urlTemplate":"https:\/\/mpcid.gov.gn\/?s={search_term_string}"},"query-input":{"@type":"PropertyValueSpecification","valueRequired":true,"valueName":"search_term_string"}}],"inLanguage":"fr-FR"},{"@type":"Organization","@id":"https:\/\/mpcid.gov.gn\/#organization","name":"Minist\u00e8re du Plan et de la Coop\u00e9ration Internationale - MPCI","url":"https:\/\/mpcid.gov.gn\/","logo":{"@type":"ImageObject","inLanguage":"fr-FR","@id":"https:\/\/mpcid.gov.gn\/#\/schema\/logo\/image\/","url":"https:\/\/mpcid.gov.gn\/wp-content\/uploads\/2023\/10\/Ministere-du-Plan-et-de-la-Cooperation-Internationale-MPCI.jpg","contentUrl":"https:\/\/mpcid.gov.gn\/wp-content\/uploads\/2023\/10\/Ministere-du-Plan-et-de-la-Cooperation-Internationale-MPCI.jpg","width":462,"height":462,"caption":"Minist\u00e8re du Plan et de la Coop\u00e9ration Internationale - MPCI"},"image":{"@id":"https:\/\/mpcid.gov.gn\/#\/schema\/logo\/image\/"},"sameAs":["https:\/\/www.facebook.com\/MPCIGN","https:\/\/x.com\/MpciGov"]},{"@type":"Person","@id":"https:\/\/mpcid.gov.gn\/#\/schema\/person\/070aeea8fafd7a7e5a037505652abbee","name":"Service Communication","sameAs":["http:\/\/Service-com"],"url":"https:\/\/mpcid.gov.gn\/index.php\/author\/service-com\/"}]}},"_links":{"self":[{"href":"https:\/\/mpcid.gov.gn\/index.php\/wp-json\/wp\/v2\/posts\/19726","targetHints":{"allow":["GET"]}}],"collection":[{"href":"https:\/\/mpcid.gov.gn\/index.php\/wp-json\/wp\/v2\/posts"}],"about":[{"href":"https:\/\/mpcid.gov.gn\/index.php\/wp-json\/wp\/v2\/types\/post"}],"author":[{"embeddable":true,"href":"https:\/\/mpcid.gov.gn\/index.php\/wp-json\/wp\/v2\/users\/20"}],"replies":[{"embeddable":true,"href":"https:\/\/mpcid.gov.gn\/index.php\/wp-json\/wp\/v2\/comments?post=19726"}],"version-history":[{"count":1,"href":"https:\/\/mpcid.gov.gn\/index.php\/wp-json\/wp\/v2\/posts\/19726\/revisions"}],"predecessor-version":[{"id":19741,"href":"https:\/\/mpcid.gov.gn\/index.php\/wp-json\/wp\/v2\/posts\/19726\/revisions\/19741"}],"wp:featuredmedia":[{"embeddable":true,"href":"https:\/\/mpcid.gov.gn\/index.php\/wp-json\/wp\/v2\/media\/19727"}],"wp:attachment":[{"href":"https:\/\/mpcid.gov.gn\/index.php\/wp-json\/wp\/v2\/media?parent=19726"}],"wp:term":[{"taxonomy":"category","embeddable":true,"href":"https:\/\/mpcid.gov.gn\/index.php\/wp-json\/wp\/v2\/categories?post=19726"},{"taxonomy":"post_tag","embeddable":true,"href":"https:\/\/mpcid.gov.gn\/index.php\/wp-json\/wp\/v2\/tags?post=19726"}],"curies":[{"name":"wp","href":"https:\/\/api.w.org\/{rel}","templated":true}]}}