{"id":19712,"date":"2026-04-29T13:44:10","date_gmt":"2026-04-29T13:44:10","guid":{"rendered":"https:\/\/mpcid.gov.gn\/?p=19712"},"modified":"2026-04-29T13:44:10","modified_gmt":"2026-04-29T13:44:10","slug":"simandou-2040-le-ministre-ismael-nabe-echange-avec-lunops-sur-lacceleration-de-la-mise-en-oeuvre-des-projets-prioritaires","status":"publish","type":"post","link":"https:\/\/mpcid.gov.gn\/index.php\/simandou-2040-le-ministre-ismael-nabe-echange-avec-lunops-sur-lacceleration-de-la-mise-en-oeuvre-des-projets-prioritaires\/","title":{"rendered":"Simandou 2040 : le Ministre Isma\u00ebl NAB\u00c9 \u00e9change avec l\u2019UNOPS sur l\u2019acc\u00e9l\u00e9ration de la mise en \u0153uvre des projets prioritaires"},"content":{"rendered":"<p>Ce mardi 28 avril 2026, le Ministre du Plan, de la Coop\u00e9ration internationale et du D\u00e9veloppement, Isma\u00ebl NAB\u00c9, a re\u00e7u en audience une importante d\u00e9l\u00e9gation de l\u2019UNOPS (Bureau des Nations Unies pour les services d\u2019appui aux projets) dans le cadre du suivi des discussions engag\u00e9es au plus haut niveau autour du programme Simandou 2040. Cette rencontre visait \u00e0 examiner les m\u00e9canismes concrets de mise en \u0153uvre des projets identifi\u00e9s, \u00e0 renforcer l\u2019alignement de l\u2019appui de l\u2019UNOPS sur les priorit\u00e9s nationales de d\u00e9veloppement et \u00e0 consolider le partenariat autour de l\u2019ex\u00e9cution des projets structurants inscrits dans cette vision strat\u00e9gique.<\/p>\n<p><img fetchpriority=\"high\" decoding=\"async\" class=\"alignnone size-medium wp-image-19718\" src=\"https:\/\/mpcid.gov.gn\/wp-content\/uploads\/2026\/04\/5-16-444x500.jpg\" alt=\"\" width=\"444\" height=\"500\" srcset=\"https:\/\/mpcid.gov.gn\/wp-content\/uploads\/2026\/04\/5-16-444x500.jpg 444w, https:\/\/mpcid.gov.gn\/wp-content\/uploads\/2026\/04\/5-16-910x1024.jpg 910w, https:\/\/mpcid.gov.gn\/wp-content\/uploads\/2026\/04\/5-16-768x864.jpg 768w, https:\/\/mpcid.gov.gn\/wp-content\/uploads\/2026\/04\/5-16.jpg 913w\" sizes=\"(max-width: 444px) 85vw, 444px\" \/> <img decoding=\"async\" class=\"alignnone size-medium wp-image-19716\" src=\"https:\/\/mpcid.gov.gn\/wp-content\/uploads\/2026\/04\/3-17-500x390.jpg\" alt=\"\" width=\"500\" height=\"390\" srcset=\"https:\/\/mpcid.gov.gn\/wp-content\/uploads\/2026\/04\/3-17-500x390.jpg 500w, https:\/\/mpcid.gov.gn\/wp-content\/uploads\/2026\/04\/3-17-1024x799.jpg 1024w, https:\/\/mpcid.gov.gn\/wp-content\/uploads\/2026\/04\/3-17-768x599.jpg 768w, https:\/\/mpcid.gov.gn\/wp-content\/uploads\/2026\/04\/3-17.jpg 1080w\" sizes=\"(max-width: 500px) 85vw, 500px\" \/> <img decoding=\"async\" class=\"alignnone size-medium wp-image-19720\" src=\"https:\/\/mpcid.gov.gn\/wp-content\/uploads\/2026\/04\/7-13-500x344.jpg\" alt=\"\" width=\"500\" height=\"344\" srcset=\"https:\/\/mpcid.gov.gn\/wp-content\/uploads\/2026\/04\/7-13-500x344.jpg 500w, https:\/\/mpcid.gov.gn\/wp-content\/uploads\/2026\/04\/7-13-1024x704.jpg 1024w, https:\/\/mpcid.gov.gn\/wp-content\/uploads\/2026\/04\/7-13-768x528.jpg 768w, https:\/\/mpcid.gov.gn\/wp-content\/uploads\/2026\/04\/7-13.jpg 1080w\" sizes=\"(max-width: 500px) 85vw, 500px\" \/> <img loading=\"lazy\" decoding=\"async\" class=\"alignnone size-medium wp-image-19717\" src=\"https:\/\/mpcid.gov.gn\/wp-content\/uploads\/2026\/04\/4-16-500x309.jpg\" alt=\"\" width=\"500\" height=\"309\" srcset=\"https:\/\/mpcid.gov.gn\/wp-content\/uploads\/2026\/04\/4-16-500x309.jpg 500w, https:\/\/mpcid.gov.gn\/wp-content\/uploads\/2026\/04\/4-16-1024x633.jpg 1024w, https:\/\/mpcid.gov.gn\/wp-content\/uploads\/2026\/04\/4-16-768x475.jpg 768w, https:\/\/mpcid.gov.gn\/wp-content\/uploads\/2026\/04\/4-16.jpg 1080w\" sizes=\"(max-width: 500px) 85vw, 500px\" \/> <img loading=\"lazy\" decoding=\"async\" class=\"alignnone size-medium wp-image-19724\" src=\"https:\/\/mpcid.gov.gn\/wp-content\/uploads\/2026\/04\/11-13-500x329.jpg\" alt=\"\" width=\"500\" height=\"329\" srcset=\"https:\/\/mpcid.gov.gn\/wp-content\/uploads\/2026\/04\/11-13-500x329.jpg 500w, https:\/\/mpcid.gov.gn\/wp-content\/uploads\/2026\/04\/11-13-1024x673.jpg 1024w, https:\/\/mpcid.gov.gn\/wp-content\/uploads\/2026\/04\/11-13-768x505.jpg 768w, https:\/\/mpcid.gov.gn\/wp-content\/uploads\/2026\/04\/11-13.jpg 1080w\" sizes=\"(max-width: 500px) 85vw, 500px\" \/> <img loading=\"lazy\" decoding=\"async\" class=\"alignnone size-medium wp-image-19723\" src=\"https:\/\/mpcid.gov.gn\/wp-content\/uploads\/2026\/04\/10-13-500x406.jpg\" alt=\"\" width=\"500\" height=\"406\" srcset=\"https:\/\/mpcid.gov.gn\/wp-content\/uploads\/2026\/04\/10-13-500x406.jpg 500w, https:\/\/mpcid.gov.gn\/wp-content\/uploads\/2026\/04\/10-13-1024x831.jpg 1024w, https:\/\/mpcid.gov.gn\/wp-content\/uploads\/2026\/04\/10-13-768x623.jpg 768w, https:\/\/mpcid.gov.gn\/wp-content\/uploads\/2026\/04\/10-13.jpg 1080w\" sizes=\"(max-width: 500px) 85vw, 500px\" \/> <img loading=\"lazy\" decoding=\"async\" class=\"alignnone size-medium wp-image-19715\" src=\"https:\/\/mpcid.gov.gn\/wp-content\/uploads\/2026\/04\/2-16-500x418.jpg\" alt=\"\" width=\"500\" height=\"418\" srcset=\"https:\/\/mpcid.gov.gn\/wp-content\/uploads\/2026\/04\/2-16-500x418.jpg 500w, https:\/\/mpcid.gov.gn\/wp-content\/uploads\/2026\/04\/2-16-1024x855.jpg 1024w, https:\/\/mpcid.gov.gn\/wp-content\/uploads\/2026\/04\/2-16-768x641.jpg 768w, https:\/\/mpcid.gov.gn\/wp-content\/uploads\/2026\/04\/2-16.jpg 1080w\" sizes=\"(max-width: 500px) 85vw, 500px\" \/> <img loading=\"lazy\" decoding=\"async\" class=\"alignnone size-medium wp-image-19722\" src=\"https:\/\/mpcid.gov.gn\/wp-content\/uploads\/2026\/04\/9-14-500x333.jpg\" alt=\"\" width=\"500\" height=\"333\" srcset=\"https:\/\/mpcid.gov.gn\/wp-content\/uploads\/2026\/04\/9-14-500x333.jpg 500w, https:\/\/mpcid.gov.gn\/wp-content\/uploads\/2026\/04\/9-14-1024x682.jpg 1024w, https:\/\/mpcid.gov.gn\/wp-content\/uploads\/2026\/04\/9-14-768x511.jpg 768w, https:\/\/mpcid.gov.gn\/wp-content\/uploads\/2026\/04\/9-14.jpg 1080w\" sizes=\"(max-width: 500px) 85vw, 500px\" \/> <img loading=\"lazy\" decoding=\"async\" class=\"alignnone size-medium wp-image-19721\" src=\"https:\/\/mpcid.gov.gn\/wp-content\/uploads\/2026\/04\/8-14-443x500.jpg\" alt=\"\" width=\"443\" height=\"500\" srcset=\"https:\/\/mpcid.gov.gn\/wp-content\/uploads\/2026\/04\/8-14-443x500.jpg 443w, https:\/\/mpcid.gov.gn\/wp-content\/uploads\/2026\/04\/8-14-768x866.jpg 768w, https:\/\/mpcid.gov.gn\/wp-content\/uploads\/2026\/04\/8-14.jpg 839w\" sizes=\"(max-width: 443px) 85vw, 443px\" \/><\/p>\n<p>Le Ministre s\u2019est r\u00e9joui de cette importante rencontre, rappelant que le programme Simandou 2040 est d\u00e9sormais finalis\u00e9. Il a indiqu\u00e9 que l\u2019UNOPS, en tant qu\u2019agence d\u2019ex\u00e9cution, pourrait jouer un r\u00f4le d\u00e9terminant dans sa mise en \u0153uvre.<\/p>\n<p>Le programme comprend 122 projets, dont l\u2019ex\u00e9cution sera structur\u00e9e en trois phases : 2030, 2035 et 2040. La mise en place d\u2019une Delivery Unit a \u00e9galement \u00e9t\u00e9 \u00e9voqu\u00e9e. Les \u00e9quipes techniques ont d\u00e9j\u00e0 r\u00e9alis\u00e9 des analyses qui seront transmises au Ministre pour approfondissement.<\/p>\n<p>Par ailleurs, des modules de renforcement des capacit\u00e9s sont disponibles afin d\u2019am\u00e9liorer la capacit\u00e9 d\u2019absorption des structures d\u2019ex\u00e9cution, notamment celles d\u00e9di\u00e9es au programme Simandou 2040.<\/p>\n<p>Enfin, il a \u00e9t\u00e9 rappel\u00e9 que le minist\u00e8re assure la coordination de la vulgarisation ainsi que le suivi et l\u2019\u00e9valuation du programme.<\/p>\n<p><img loading=\"lazy\" decoding=\"async\" class=\"alignnone size-medium wp-image-19714\" src=\"https:\/\/mpcid.gov.gn\/wp-content\/uploads\/2026\/04\/1-16-498x500.jpg\" alt=\"\" width=\"498\" height=\"500\" srcset=\"https:\/\/mpcid.gov.gn\/wp-content\/uploads\/2026\/04\/1-16-498x500.jpg 498w, https:\/\/mpcid.gov.gn\/wp-content\/uploads\/2026\/04\/1-16-1020x1024.jpg 1020w, https:\/\/mpcid.gov.gn\/wp-content\/uploads\/2026\/04\/1-16-768x771.jpg 768w, https:\/\/mpcid.gov.gn\/wp-content\/uploads\/2026\/04\/1-16.jpg 1076w\" sizes=\"(max-width: 498px) 85vw, 498px\" \/> <img loading=\"lazy\" decoding=\"async\" class=\"alignnone size-medium wp-image-19713\" src=\"https:\/\/mpcid.gov.gn\/wp-content\/uploads\/2026\/04\/12-11-500x371.jpg\" alt=\"\" width=\"500\" height=\"371\" srcset=\"https:\/\/mpcid.gov.gn\/wp-content\/uploads\/2026\/04\/12-11-500x371.jpg 500w, https:\/\/mpcid.gov.gn\/wp-content\/uploads\/2026\/04\/12-11-1024x759.jpg 1024w, https:\/\/mpcid.gov.gn\/wp-content\/uploads\/2026\/04\/12-11-768x570.jpg 768w, https:\/\/mpcid.gov.gn\/wp-content\/uploads\/2026\/04\/12-11.jpg 1080w\" sizes=\"(max-width: 500px) 85vw, 500px\" \/><\/p>\n","protected":false},"excerpt":{"rendered":"<p>Ce mardi 28 avril 2026, le Ministre du Plan, de la Coop\u00e9ration internationale et du D\u00e9veloppement, Isma\u00ebl NAB\u00c9, a re\u00e7u en audience une importante d\u00e9l\u00e9gation de l\u2019UNOPS (Bureau des Nations Unies pour les services d\u2019appui aux projets) dans le cadre du suivi des discussions engag\u00e9es au plus haut niveau autour du programme Simandou 2040. Cette &hellip; <a href=\"https:\/\/mpcid.gov.gn\/index.php\/simandou-2040-le-ministre-ismael-nabe-echange-avec-lunops-sur-lacceleration-de-la-mise-en-oeuvre-des-projets-prioritaires\/\" class=\"more-link\">Continue reading<span class=\"screen-reader-text\"> \u00ab\u00a0Simandou 2040 : le Ministre Isma\u00ebl NAB\u00c9 \u00e9change avec l\u2019UNOPS sur l\u2019acc\u00e9l\u00e9ration de la mise en \u0153uvre des projets prioritaires\u00a0\u00bb<\/span><\/a><\/p>\n","protected":false},"author":20,"featured_media":19713,"comment_status":"closed","ping_status":"closed","sticky":false,"template":"","format":"standard","meta":{"footnotes":""},"categories":[63],"tags":[],"class_list":["post-19712","post","type-post","status-publish","format-standard","has-post-thumbnail","hentry","category-actualites"],"yoast_head":"<!-- This site is optimized with the Yoast SEO plugin v27.5 - https:\/\/yoast.com\/product\/yoast-seo-wordpress\/ -->\n<title>Simandou 2040 : le Ministre Isma\u00ebl NAB\u00c9 \u00e9change avec l\u2019UNOPS sur l\u2019acc\u00e9l\u00e9ration de la mise en \u0153uvre des projets prioritaires - MPCI<\/title>\n<meta name=\"robots\" content=\"index, follow, max-snippet:-1, max-image-preview:large, max-video-preview:-1\" \/>\n<link rel=\"canonical\" href=\"https:\/\/mpcid.gov.gn\/index.php\/simandou-2040-le-ministre-ismael-nabe-echange-avec-lunops-sur-lacceleration-de-la-mise-en-oeuvre-des-projets-prioritaires\/\" \/>\n<meta property=\"og:locale\" content=\"fr_FR\" \/>\n<meta property=\"og:type\" content=\"article\" \/>\n<meta property=\"og:title\" content=\"Simandou 2040 : le Ministre Isma\u00ebl NAB\u00c9 \u00e9change avec l\u2019UNOPS sur l\u2019acc\u00e9l\u00e9ration de la mise en \u0153uvre des projets prioritaires - MPCI\" \/>\n<meta property=\"og:description\" content=\"Ce mardi 28 avril 2026, le Ministre du Plan, de la Coop\u00e9ration internationale et du D\u00e9veloppement, Isma\u00ebl NAB\u00c9, a re\u00e7u en audience une importante d\u00e9l\u00e9gation de l\u2019UNOPS (Bureau des Nations Unies pour les services d\u2019appui aux projets) dans le cadre du suivi des discussions engag\u00e9es au plus haut niveau autour du programme Simandou 2040. Cette &hellip; Continue reading &quot;Simandou 2040 : le Ministre Isma\u00ebl NAB\u00c9 \u00e9change avec l\u2019UNOPS sur l\u2019acc\u00e9l\u00e9ration de la mise en \u0153uvre des projets prioritaires&quot;\" \/>\n<meta property=\"og:url\" content=\"https:\/\/mpcid.gov.gn\/index.php\/simandou-2040-le-ministre-ismael-nabe-echange-avec-lunops-sur-lacceleration-de-la-mise-en-oeuvre-des-projets-prioritaires\/\" \/>\n<meta property=\"og:site_name\" content=\"MPCI\" \/>\n<meta property=\"article:publisher\" content=\"https:\/\/www.facebook.com\/MPCIGN\" \/>\n<meta property=\"article:published_time\" content=\"2026-04-29T13:44:10+00:00\" \/>\n<meta property=\"og:image\" content=\"https:\/\/mpcid.gov.gn\/wp-content\/uploads\/2026\/04\/12-11.jpg\" \/>\n\t<meta property=\"og:image:width\" content=\"1080\" \/>\n\t<meta property=\"og:image:height\" content=\"801\" \/>\n\t<meta property=\"og:image:type\" content=\"image\/jpeg\" \/>\n<meta name=\"author\" content=\"Service Communication\" \/>\n<meta name=\"twitter:card\" content=\"summary_large_image\" \/>\n<meta name=\"twitter:creator\" content=\"@MpciGov\" \/>\n<meta name=\"twitter:site\" content=\"@MpciGov\" \/>\n<meta name=\"twitter:label1\" content=\"\u00c9crit par\" \/>\n\t<meta name=\"twitter:data1\" content=\"Service Communication\" \/>\n\t<meta name=\"twitter:label2\" content=\"Dur\u00e9e de lecture estim\u00e9e\" \/>\n\t<meta name=\"twitter:data2\" content=\"4 minutes\" \/>\n<script type=\"application\/ld+json\" class=\"yoast-schema-graph\">{\"@context\":\"https:\\\/\\\/schema.org\",\"@graph\":[{\"@type\":\"Article\",\"@id\":\"https:\\\/\\\/mpcid.gov.gn\\\/index.php\\\/simandou-2040-le-ministre-ismael-nabe-echange-avec-lunops-sur-lacceleration-de-la-mise-en-oeuvre-des-projets-prioritaires\\\/#article\",\"isPartOf\":{\"@id\":\"https:\\\/\\\/mpcid.gov.gn\\\/index.php\\\/simandou-2040-le-ministre-ismael-nabe-echange-avec-lunops-sur-lacceleration-de-la-mise-en-oeuvre-des-projets-prioritaires\\\/\"},\"author\":{\"name\":\"Service Communication\",\"@id\":\"https:\\\/\\\/mpcid.gov.gn\\\/#\\\/schema\\\/person\\\/070aeea8fafd7a7e5a037505652abbee\"},\"headline\":\"Simandou 2040 : le Ministre Isma\u00ebl NAB\u00c9 \u00e9change avec l\u2019UNOPS sur l\u2019acc\u00e9l\u00e9ration de la mise en \u0153uvre des projets prioritaires\",\"datePublished\":\"2026-04-29T13:44:10+00:00\",\"mainEntityOfPage\":{\"@id\":\"https:\\\/\\\/mpcid.gov.gn\\\/index.php\\\/simandou-2040-le-ministre-ismael-nabe-echange-avec-lunops-sur-lacceleration-de-la-mise-en-oeuvre-des-projets-prioritaires\\\/\"},\"wordCount\":279,\"publisher\":{\"@id\":\"https:\\\/\\\/mpcid.gov.gn\\\/#organization\"},\"image\":{\"@id\":\"https:\\\/\\\/mpcid.gov.gn\\\/index.php\\\/simandou-2040-le-ministre-ismael-nabe-echange-avec-lunops-sur-lacceleration-de-la-mise-en-oeuvre-des-projets-prioritaires\\\/#primaryimage\"},\"thumbnailUrl\":\"https:\\\/\\\/mpcid.gov.gn\\\/wp-content\\\/uploads\\\/2026\\\/04\\\/12-11.jpg\",\"articleSection\":[\"Actualit\u00e9s\"],\"inLanguage\":\"fr-FR\"},{\"@type\":\"WebPage\",\"@id\":\"https:\\\/\\\/mpcid.gov.gn\\\/index.php\\\/simandou-2040-le-ministre-ismael-nabe-echange-avec-lunops-sur-lacceleration-de-la-mise-en-oeuvre-des-projets-prioritaires\\\/\",\"url\":\"https:\\\/\\\/mpcid.gov.gn\\\/index.php\\\/simandou-2040-le-ministre-ismael-nabe-echange-avec-lunops-sur-lacceleration-de-la-mise-en-oeuvre-des-projets-prioritaires\\\/\",\"name\":\"Simandou 2040 : le Ministre Isma\u00ebl NAB\u00c9 \u00e9change avec l\u2019UNOPS sur l\u2019acc\u00e9l\u00e9ration de la mise en \u0153uvre des projets prioritaires - MPCI\",\"isPartOf\":{\"@id\":\"https:\\\/\\\/mpcid.gov.gn\\\/#website\"},\"primaryImageOfPage\":{\"@id\":\"https:\\\/\\\/mpcid.gov.gn\\\/index.php\\\/simandou-2040-le-ministre-ismael-nabe-echange-avec-lunops-sur-lacceleration-de-la-mise-en-oeuvre-des-projets-prioritaires\\\/#primaryimage\"},\"image\":{\"@id\":\"https:\\\/\\\/mpcid.gov.gn\\\/index.php\\\/simandou-2040-le-ministre-ismael-nabe-echange-avec-lunops-sur-lacceleration-de-la-mise-en-oeuvre-des-projets-prioritaires\\\/#primaryimage\"},\"thumbnailUrl\":\"https:\\\/\\\/mpcid.gov.gn\\\/wp-content\\\/uploads\\\/2026\\\/04\\\/12-11.jpg\",\"datePublished\":\"2026-04-29T13:44:10+00:00\",\"breadcrumb\":{\"@id\":\"https:\\\/\\\/mpcid.gov.gn\\\/index.php\\\/simandou-2040-le-ministre-ismael-nabe-echange-avec-lunops-sur-lacceleration-de-la-mise-en-oeuvre-des-projets-prioritaires\\\/#breadcrumb\"},\"inLanguage\":\"fr-FR\",\"potentialAction\":[{\"@type\":\"ReadAction\",\"target\":[\"https:\\\/\\\/mpcid.gov.gn\\\/index.php\\\/simandou-2040-le-ministre-ismael-nabe-echange-avec-lunops-sur-lacceleration-de-la-mise-en-oeuvre-des-projets-prioritaires\\\/\"]}]},{\"@type\":\"ImageObject\",\"inLanguage\":\"fr-FR\",\"@id\":\"https:\\\/\\\/mpcid.gov.gn\\\/index.php\\\/simandou-2040-le-ministre-ismael-nabe-echange-avec-lunops-sur-lacceleration-de-la-mise-en-oeuvre-des-projets-prioritaires\\\/#primaryimage\",\"url\":\"https:\\\/\\\/mpcid.gov.gn\\\/wp-content\\\/uploads\\\/2026\\\/04\\\/12-11.jpg\",\"contentUrl\":\"https:\\\/\\\/mpcid.gov.gn\\\/wp-content\\\/uploads\\\/2026\\\/04\\\/12-11.jpg\",\"width\":1080,\"height\":801},{\"@type\":\"BreadcrumbList\",\"@id\":\"https:\\\/\\\/mpcid.gov.gn\\\/index.php\\\/simandou-2040-le-ministre-ismael-nabe-echange-avec-lunops-sur-lacceleration-de-la-mise-en-oeuvre-des-projets-prioritaires\\\/#breadcrumb\",\"itemListElement\":[{\"@type\":\"ListItem\",\"position\":1,\"name\":\"Accueil\",\"item\":\"https:\\\/\\\/mpcid.gov.gn\\\/\"},{\"@type\":\"ListItem\",\"position\":2,\"name\":\"Simandou 2040 : le Ministre Isma\u00ebl NAB\u00c9 \u00e9change avec l\u2019UNOPS sur l\u2019acc\u00e9l\u00e9ration de la mise en \u0153uvre des projets prioritaires\"}]},{\"@type\":\"WebSite\",\"@id\":\"https:\\\/\\\/mpcid.gov.gn\\\/#website\",\"url\":\"https:\\\/\\\/mpcid.gov.gn\\\/\",\"name\":\"https:\\\/\\\/mpcid.gov.gn\\\/\",\"description\":\"Minist\u00e8re du Plan et de la Coop\u00e9ration Internationale\",\"publisher\":{\"@id\":\"https:\\\/\\\/mpcid.gov.gn\\\/#organization\"},\"potentialAction\":[{\"@type\":\"SearchAction\",\"target\":{\"@type\":\"EntryPoint\",\"urlTemplate\":\"https:\\\/\\\/mpcid.gov.gn\\\/?s={search_term_string}\"},\"query-input\":{\"@type\":\"PropertyValueSpecification\",\"valueRequired\":true,\"valueName\":\"search_term_string\"}}],\"inLanguage\":\"fr-FR\"},{\"@type\":\"Organization\",\"@id\":\"https:\\\/\\\/mpcid.gov.gn\\\/#organization\",\"name\":\"Minist\u00e8re du Plan et de la Coop\u00e9ration Internationale - MPCI\",\"url\":\"https:\\\/\\\/mpcid.gov.gn\\\/\",\"logo\":{\"@type\":\"ImageObject\",\"inLanguage\":\"fr-FR\",\"@id\":\"https:\\\/\\\/mpcid.gov.gn\\\/#\\\/schema\\\/logo\\\/image\\\/\",\"url\":\"https:\\\/\\\/mpcid.gov.gn\\\/wp-content\\\/uploads\\\/2023\\\/10\\\/Ministere-du-Plan-et-de-la-Cooperation-Internationale-MPCI.jpg\",\"contentUrl\":\"https:\\\/\\\/mpcid.gov.gn\\\/wp-content\\\/uploads\\\/2023\\\/10\\\/Ministere-du-Plan-et-de-la-Cooperation-Internationale-MPCI.jpg\",\"width\":462,\"height\":462,\"caption\":\"Minist\u00e8re du Plan et de la Coop\u00e9ration Internationale - MPCI\"},\"image\":{\"@id\":\"https:\\\/\\\/mpcid.gov.gn\\\/#\\\/schema\\\/logo\\\/image\\\/\"},\"sameAs\":[\"https:\\\/\\\/www.facebook.com\\\/MPCIGN\",\"https:\\\/\\\/x.com\\\/MpciGov\"]},{\"@type\":\"Person\",\"@id\":\"https:\\\/\\\/mpcid.gov.gn\\\/#\\\/schema\\\/person\\\/070aeea8fafd7a7e5a037505652abbee\",\"name\":\"Service Communication\",\"sameAs\":[\"http:\\\/\\\/Service-com\"],\"url\":\"https:\\\/\\\/mpcid.gov.gn\\\/index.php\\\/author\\\/service-com\\\/\"}]}<\/script>\n<!-- \/ Yoast SEO plugin. -->","yoast_head_json":{"title":"Simandou 2040 : le Ministre Isma\u00ebl NAB\u00c9 \u00e9change avec l\u2019UNOPS sur l\u2019acc\u00e9l\u00e9ration de la mise en \u0153uvre des projets prioritaires - MPCI","robots":{"index":"index","follow":"follow","max-snippet":"max-snippet:-1","max-image-preview":"max-image-preview:large","max-video-preview":"max-video-preview:-1"},"canonical":"https:\/\/mpcid.gov.gn\/index.php\/simandou-2040-le-ministre-ismael-nabe-echange-avec-lunops-sur-lacceleration-de-la-mise-en-oeuvre-des-projets-prioritaires\/","og_locale":"fr_FR","og_type":"article","og_title":"Simandou 2040 : le Ministre Isma\u00ebl NAB\u00c9 \u00e9change avec l\u2019UNOPS sur l\u2019acc\u00e9l\u00e9ration de la mise en \u0153uvre des projets prioritaires - MPCI","og_description":"Ce mardi 28 avril 2026, le Ministre du Plan, de la Coop\u00e9ration internationale et du D\u00e9veloppement, Isma\u00ebl NAB\u00c9, a re\u00e7u en audience une importante d\u00e9l\u00e9gation de l\u2019UNOPS (Bureau des Nations Unies pour les services d\u2019appui aux projets) dans le cadre du suivi des discussions engag\u00e9es au plus haut niveau autour du programme Simandou 2040. Cette &hellip; Continue reading \"Simandou 2040 : le Ministre Isma\u00ebl NAB\u00c9 \u00e9change avec l\u2019UNOPS sur l\u2019acc\u00e9l\u00e9ration de la mise en \u0153uvre des projets prioritaires\"","og_url":"https:\/\/mpcid.gov.gn\/index.php\/simandou-2040-le-ministre-ismael-nabe-echange-avec-lunops-sur-lacceleration-de-la-mise-en-oeuvre-des-projets-prioritaires\/","og_site_name":"MPCI","article_publisher":"https:\/\/www.facebook.com\/MPCIGN","article_published_time":"2026-04-29T13:44:10+00:00","og_image":[{"width":1080,"height":801,"url":"https:\/\/mpcid.gov.gn\/wp-content\/uploads\/2026\/04\/12-11.jpg","type":"image\/jpeg"}],"author":"Service Communication","twitter_card":"summary_large_image","twitter_creator":"@MpciGov","twitter_site":"@MpciGov","twitter_misc":{"\u00c9crit par":"Service Communication","Dur\u00e9e de lecture estim\u00e9e":"4 minutes"},"schema":{"@context":"https:\/\/schema.org","@graph":[{"@type":"Article","@id":"https:\/\/mpcid.gov.gn\/index.php\/simandou-2040-le-ministre-ismael-nabe-echange-avec-lunops-sur-lacceleration-de-la-mise-en-oeuvre-des-projets-prioritaires\/#article","isPartOf":{"@id":"https:\/\/mpcid.gov.gn\/index.php\/simandou-2040-le-ministre-ismael-nabe-echange-avec-lunops-sur-lacceleration-de-la-mise-en-oeuvre-des-projets-prioritaires\/"},"author":{"name":"Service Communication","@id":"https:\/\/mpcid.gov.gn\/#\/schema\/person\/070aeea8fafd7a7e5a037505652abbee"},"headline":"Simandou 2040 : le Ministre Isma\u00ebl NAB\u00c9 \u00e9change avec l\u2019UNOPS sur l\u2019acc\u00e9l\u00e9ration de la mise en \u0153uvre des projets prioritaires","datePublished":"2026-04-29T13:44:10+00:00","mainEntityOfPage":{"@id":"https:\/\/mpcid.gov.gn\/index.php\/simandou-2040-le-ministre-ismael-nabe-echange-avec-lunops-sur-lacceleration-de-la-mise-en-oeuvre-des-projets-prioritaires\/"},"wordCount":279,"publisher":{"@id":"https:\/\/mpcid.gov.gn\/#organization"},"image":{"@id":"https:\/\/mpcid.gov.gn\/index.php\/simandou-2040-le-ministre-ismael-nabe-echange-avec-lunops-sur-lacceleration-de-la-mise-en-oeuvre-des-projets-prioritaires\/#primaryimage"},"thumbnailUrl":"https:\/\/mpcid.gov.gn\/wp-content\/uploads\/2026\/04\/12-11.jpg","articleSection":["Actualit\u00e9s"],"inLanguage":"fr-FR"},{"@type":"WebPage","@id":"https:\/\/mpcid.gov.gn\/index.php\/simandou-2040-le-ministre-ismael-nabe-echange-avec-lunops-sur-lacceleration-de-la-mise-en-oeuvre-des-projets-prioritaires\/","url":"https:\/\/mpcid.gov.gn\/index.php\/simandou-2040-le-ministre-ismael-nabe-echange-avec-lunops-sur-lacceleration-de-la-mise-en-oeuvre-des-projets-prioritaires\/","name":"Simandou 2040 : le Ministre Isma\u00ebl NAB\u00c9 \u00e9change avec l\u2019UNOPS sur l\u2019acc\u00e9l\u00e9ration de la mise en \u0153uvre des projets prioritaires - MPCI","isPartOf":{"@id":"https:\/\/mpcid.gov.gn\/#website"},"primaryImageOfPage":{"@id":"https:\/\/mpcid.gov.gn\/index.php\/simandou-2040-le-ministre-ismael-nabe-echange-avec-lunops-sur-lacceleration-de-la-mise-en-oeuvre-des-projets-prioritaires\/#primaryimage"},"image":{"@id":"https:\/\/mpcid.gov.gn\/index.php\/simandou-2040-le-ministre-ismael-nabe-echange-avec-lunops-sur-lacceleration-de-la-mise-en-oeuvre-des-projets-prioritaires\/#primaryimage"},"thumbnailUrl":"https:\/\/mpcid.gov.gn\/wp-content\/uploads\/2026\/04\/12-11.jpg","datePublished":"2026-04-29T13:44:10+00:00","breadcrumb":{"@id":"https:\/\/mpcid.gov.gn\/index.php\/simandou-2040-le-ministre-ismael-nabe-echange-avec-lunops-sur-lacceleration-de-la-mise-en-oeuvre-des-projets-prioritaires\/#breadcrumb"},"inLanguage":"fr-FR","potentialAction":[{"@type":"ReadAction","target":["https:\/\/mpcid.gov.gn\/index.php\/simandou-2040-le-ministre-ismael-nabe-echange-avec-lunops-sur-lacceleration-de-la-mise-en-oeuvre-des-projets-prioritaires\/"]}]},{"@type":"ImageObject","inLanguage":"fr-FR","@id":"https:\/\/mpcid.gov.gn\/index.php\/simandou-2040-le-ministre-ismael-nabe-echange-avec-lunops-sur-lacceleration-de-la-mise-en-oeuvre-des-projets-prioritaires\/#primaryimage","url":"https:\/\/mpcid.gov.gn\/wp-content\/uploads\/2026\/04\/12-11.jpg","contentUrl":"https:\/\/mpcid.gov.gn\/wp-content\/uploads\/2026\/04\/12-11.jpg","width":1080,"height":801},{"@type":"BreadcrumbList","@id":"https:\/\/mpcid.gov.gn\/index.php\/simandou-2040-le-ministre-ismael-nabe-echange-avec-lunops-sur-lacceleration-de-la-mise-en-oeuvre-des-projets-prioritaires\/#breadcrumb","itemListElement":[{"@type":"ListItem","position":1,"name":"Accueil","item":"https:\/\/mpcid.gov.gn\/"},{"@type":"ListItem","position":2,"name":"Simandou 2040 : le Ministre Isma\u00ebl NAB\u00c9 \u00e9change avec l\u2019UNOPS sur l\u2019acc\u00e9l\u00e9ration de la mise en \u0153uvre des projets prioritaires"}]},{"@type":"WebSite","@id":"https:\/\/mpcid.gov.gn\/#website","url":"https:\/\/mpcid.gov.gn\/","name":"https:\/\/mpcid.gov.gn\/","description":"Minist\u00e8re du Plan et de la Coop\u00e9ration Internationale","publisher":{"@id":"https:\/\/mpcid.gov.gn\/#organization"},"potentialAction":[{"@type":"SearchAction","target":{"@type":"EntryPoint","urlTemplate":"https:\/\/mpcid.gov.gn\/?s={search_term_string}"},"query-input":{"@type":"PropertyValueSpecification","valueRequired":true,"valueName":"search_term_string"}}],"inLanguage":"fr-FR"},{"@type":"Organization","@id":"https:\/\/mpcid.gov.gn\/#organization","name":"Minist\u00e8re du Plan et de la Coop\u00e9ration Internationale - MPCI","url":"https:\/\/mpcid.gov.gn\/","logo":{"@type":"ImageObject","inLanguage":"fr-FR","@id":"https:\/\/mpcid.gov.gn\/#\/schema\/logo\/image\/","url":"https:\/\/mpcid.gov.gn\/wp-content\/uploads\/2023\/10\/Ministere-du-Plan-et-de-la-Cooperation-Internationale-MPCI.jpg","contentUrl":"https:\/\/mpcid.gov.gn\/wp-content\/uploads\/2023\/10\/Ministere-du-Plan-et-de-la-Cooperation-Internationale-MPCI.jpg","width":462,"height":462,"caption":"Minist\u00e8re du Plan et de la Coop\u00e9ration Internationale - MPCI"},"image":{"@id":"https:\/\/mpcid.gov.gn\/#\/schema\/logo\/image\/"},"sameAs":["https:\/\/www.facebook.com\/MPCIGN","https:\/\/x.com\/MpciGov"]},{"@type":"Person","@id":"https:\/\/mpcid.gov.gn\/#\/schema\/person\/070aeea8fafd7a7e5a037505652abbee","name":"Service Communication","sameAs":["http:\/\/Service-com"],"url":"https:\/\/mpcid.gov.gn\/index.php\/author\/service-com\/"}]}},"_links":{"self":[{"href":"https:\/\/mpcid.gov.gn\/index.php\/wp-json\/wp\/v2\/posts\/19712","targetHints":{"allow":["GET"]}}],"collection":[{"href":"https:\/\/mpcid.gov.gn\/index.php\/wp-json\/wp\/v2\/posts"}],"about":[{"href":"https:\/\/mpcid.gov.gn\/index.php\/wp-json\/wp\/v2\/types\/post"}],"author":[{"embeddable":true,"href":"https:\/\/mpcid.gov.gn\/index.php\/wp-json\/wp\/v2\/users\/20"}],"replies":[{"embeddable":true,"href":"https:\/\/mpcid.gov.gn\/index.php\/wp-json\/wp\/v2\/comments?post=19712"}],"version-history":[{"count":1,"href":"https:\/\/mpcid.gov.gn\/index.php\/wp-json\/wp\/v2\/posts\/19712\/revisions"}],"predecessor-version":[{"id":19725,"href":"https:\/\/mpcid.gov.gn\/index.php\/wp-json\/wp\/v2\/posts\/19712\/revisions\/19725"}],"wp:featuredmedia":[{"embeddable":true,"href":"https:\/\/mpcid.gov.gn\/index.php\/wp-json\/wp\/v2\/media\/19713"}],"wp:attachment":[{"href":"https:\/\/mpcid.gov.gn\/index.php\/wp-json\/wp\/v2\/media?parent=19712"}],"wp:term":[{"taxonomy":"category","embeddable":true,"href":"https:\/\/mpcid.gov.gn\/index.php\/wp-json\/wp\/v2\/categories?post=19712"},{"taxonomy":"post_tag","embeddable":true,"href":"https:\/\/mpcid.gov.gn\/index.php\/wp-json\/wp\/v2\/tags?post=19712"}],"curies":[{"name":"wp","href":"https:\/\/api.w.org\/{rel}","templated":true}]}}