{"id":19314,"date":"2026-03-24T21:53:15","date_gmt":"2026-03-24T21:53:15","guid":{"rendered":"https:\/\/mpcid.gov.gn\/?p=19314"},"modified":"2026-03-24T21:53:15","modified_gmt":"2026-03-24T21:53:15","slug":"audience-la-mission-de-la-bad-salue-les-ambitions-de-la-guinee","status":"publish","type":"post","link":"https:\/\/mpcid.gov.gn\/index.php\/audience-la-mission-de-la-bad-salue-les-ambitions-de-la-guinee\/","title":{"rendered":"Audience : la mission de la BAD salue les ambitions de la Guin\u00e9e."},"content":{"rendered":"<p>Le Ministre du Plan, de la Coop\u00e9ration internationale et du D\u00e9veloppement, Monsieur Isma\u00ebl NABE a accord\u00e9 dans la soir\u00e9e du 23 mars 2026 une audience \u00e0 une mission de la Banque Africaine de D\u00e9veloppement (BAD), venue dans le cadre de l\u2019\u00e9valuation du Projet d\u2019appui \u00e0 la modernisation de la gestion \u00e9conomique et financi\u00e8re (PAMGEF).<\/p>\n<p><img fetchpriority=\"high\" decoding=\"async\" class=\"alignnone size-medium wp-image-19332\" src=\"https:\/\/mpcid.gov.gn\/wp-content\/uploads\/2026\/03\/18-4-500x314.jpg\" alt=\"\" width=\"500\" height=\"314\" srcset=\"https:\/\/mpcid.gov.gn\/wp-content\/uploads\/2026\/03\/18-4-500x314.jpg 500w, https:\/\/mpcid.gov.gn\/wp-content\/uploads\/2026\/03\/18-4-1024x644.jpg 1024w, https:\/\/mpcid.gov.gn\/wp-content\/uploads\/2026\/03\/18-4-768x483.jpg 768w, https:\/\/mpcid.gov.gn\/wp-content\/uploads\/2026\/03\/18-4.jpg 1080w\" sizes=\"(max-width: 500px) 85vw, 500px\" \/> <img decoding=\"async\" class=\"alignnone size-medium wp-image-19331\" src=\"https:\/\/mpcid.gov.gn\/wp-content\/uploads\/2026\/03\/17-4-500x312.jpg\" alt=\"\" width=\"500\" height=\"312\" srcset=\"https:\/\/mpcid.gov.gn\/wp-content\/uploads\/2026\/03\/17-4-500x312.jpg 500w, https:\/\/mpcid.gov.gn\/wp-content\/uploads\/2026\/03\/17-4-1024x639.jpg 1024w, https:\/\/mpcid.gov.gn\/wp-content\/uploads\/2026\/03\/17-4-768x479.jpg 768w, https:\/\/mpcid.gov.gn\/wp-content\/uploads\/2026\/03\/17-4.jpg 1080w\" sizes=\"(max-width: 500px) 85vw, 500px\" \/> <img decoding=\"async\" class=\"alignnone size-medium wp-image-19330\" src=\"https:\/\/mpcid.gov.gn\/wp-content\/uploads\/2026\/03\/16-6-333x500.jpg\" alt=\"\" width=\"333\" height=\"500\" srcset=\"https:\/\/mpcid.gov.gn\/wp-content\/uploads\/2026\/03\/16-6-333x500.jpg 333w, https:\/\/mpcid.gov.gn\/wp-content\/uploads\/2026\/03\/16-6-683x1024.jpg 683w, https:\/\/mpcid.gov.gn\/wp-content\/uploads\/2026\/03\/16-6.jpg 720w\" sizes=\"(max-width: 333px) 85vw, 333px\" \/> <img loading=\"lazy\" decoding=\"async\" class=\"alignnone size-medium wp-image-19329\" src=\"https:\/\/mpcid.gov.gn\/wp-content\/uploads\/2026\/03\/15-6-333x500.jpg\" alt=\"\" width=\"333\" height=\"500\" srcset=\"https:\/\/mpcid.gov.gn\/wp-content\/uploads\/2026\/03\/15-6-333x500.jpg 333w, https:\/\/mpcid.gov.gn\/wp-content\/uploads\/2026\/03\/15-6-683x1024.jpg 683w, https:\/\/mpcid.gov.gn\/wp-content\/uploads\/2026\/03\/15-6.jpg 720w\" sizes=\"(max-width: 333px) 85vw, 333px\" \/> <img loading=\"lazy\" decoding=\"async\" class=\"alignnone size-medium wp-image-19328\" src=\"https:\/\/mpcid.gov.gn\/wp-content\/uploads\/2026\/03\/14-6-333x500.jpg\" alt=\"\" width=\"333\" height=\"500\" srcset=\"https:\/\/mpcid.gov.gn\/wp-content\/uploads\/2026\/03\/14-6-333x500.jpg 333w, https:\/\/mpcid.gov.gn\/wp-content\/uploads\/2026\/03\/14-6-683x1024.jpg 683w, https:\/\/mpcid.gov.gn\/wp-content\/uploads\/2026\/03\/14-6.jpg 720w\" sizes=\"(max-width: 333px) 85vw, 333px\" \/> <img loading=\"lazy\" decoding=\"async\" class=\"alignnone size-medium wp-image-19326\" src=\"https:\/\/mpcid.gov.gn\/wp-content\/uploads\/2026\/03\/12-7-333x500.jpg\" alt=\"\" width=\"333\" height=\"500\" srcset=\"https:\/\/mpcid.gov.gn\/wp-content\/uploads\/2026\/03\/12-7-333x500.jpg 333w, https:\/\/mpcid.gov.gn\/wp-content\/uploads\/2026\/03\/12-7-683x1024.jpg 683w, https:\/\/mpcid.gov.gn\/wp-content\/uploads\/2026\/03\/12-7.jpg 720w\" sizes=\"(max-width: 333px) 85vw, 333px\" \/> <img loading=\"lazy\" decoding=\"async\" class=\"alignnone size-medium wp-image-19325\" src=\"https:\/\/mpcid.gov.gn\/wp-content\/uploads\/2026\/03\/11-7-500x333.jpg\" alt=\"\" width=\"500\" height=\"333\" srcset=\"https:\/\/mpcid.gov.gn\/wp-content\/uploads\/2026\/03\/11-7-500x333.jpg 500w, https:\/\/mpcid.gov.gn\/wp-content\/uploads\/2026\/03\/11-7-1024x683.jpg 1024w, https:\/\/mpcid.gov.gn\/wp-content\/uploads\/2026\/03\/11-7-768x512.jpg 768w, https:\/\/mpcid.gov.gn\/wp-content\/uploads\/2026\/03\/11-7.jpg 1080w\" sizes=\"(max-width: 500px) 85vw, 500px\" \/> <img loading=\"lazy\" decoding=\"async\" class=\"alignnone size-medium wp-image-19324\" src=\"https:\/\/mpcid.gov.gn\/wp-content\/uploads\/2026\/03\/10-8-500x321.jpg\" alt=\"\" width=\"500\" height=\"321\" srcset=\"https:\/\/mpcid.gov.gn\/wp-content\/uploads\/2026\/03\/10-8-500x321.jpg 500w, https:\/\/mpcid.gov.gn\/wp-content\/uploads\/2026\/03\/10-8-1024x658.jpg 1024w, https:\/\/mpcid.gov.gn\/wp-content\/uploads\/2026\/03\/10-8-768x494.jpg 768w, https:\/\/mpcid.gov.gn\/wp-content\/uploads\/2026\/03\/10-8.jpg 1080w\" sizes=\"(max-width: 500px) 85vw, 500px\" \/> <img loading=\"lazy\" decoding=\"async\" class=\"alignnone size-medium wp-image-19323\" src=\"https:\/\/mpcid.gov.gn\/wp-content\/uploads\/2026\/03\/9-7-500x333.jpg\" alt=\"\" width=\"500\" height=\"333\" srcset=\"https:\/\/mpcid.gov.gn\/wp-content\/uploads\/2026\/03\/9-7-500x333.jpg 500w, https:\/\/mpcid.gov.gn\/wp-content\/uploads\/2026\/03\/9-7-1024x682.jpg 1024w, https:\/\/mpcid.gov.gn\/wp-content\/uploads\/2026\/03\/9-7-768x511.jpg 768w, https:\/\/mpcid.gov.gn\/wp-content\/uploads\/2026\/03\/9-7.jpg 1080w\" sizes=\"(max-width: 500px) 85vw, 500px\" \/> <img loading=\"lazy\" decoding=\"async\" class=\"alignnone size-medium wp-image-19322\" src=\"https:\/\/mpcid.gov.gn\/wp-content\/uploads\/2026\/03\/8-9-363x500.jpg\" alt=\"\" width=\"363\" height=\"500\" srcset=\"https:\/\/mpcid.gov.gn\/wp-content\/uploads\/2026\/03\/8-9-363x500.jpg 363w, https:\/\/mpcid.gov.gn\/wp-content\/uploads\/2026\/03\/8-9-742x1024.jpg 742w, https:\/\/mpcid.gov.gn\/wp-content\/uploads\/2026\/03\/8-9-768x1059.jpg 768w, https:\/\/mpcid.gov.gn\/wp-content\/uploads\/2026\/03\/8-9.jpg 783w\" sizes=\"(max-width: 363px) 85vw, 363px\" \/> <img loading=\"lazy\" decoding=\"async\" class=\"alignnone size-medium wp-image-19321\" src=\"https:\/\/mpcid.gov.gn\/wp-content\/uploads\/2026\/03\/7-9-500x300.jpg\" alt=\"\" width=\"500\" height=\"300\" srcset=\"https:\/\/mpcid.gov.gn\/wp-content\/uploads\/2026\/03\/7-9-500x300.jpg 500w, https:\/\/mpcid.gov.gn\/wp-content\/uploads\/2026\/03\/7-9-1024x615.jpg 1024w, https:\/\/mpcid.gov.gn\/wp-content\/uploads\/2026\/03\/7-9-768x462.jpg 768w, https:\/\/mpcid.gov.gn\/wp-content\/uploads\/2026\/03\/7-9.jpg 1080w\" sizes=\"(max-width: 500px) 85vw, 500px\" \/> <img loading=\"lazy\" decoding=\"async\" class=\"alignnone size-medium wp-image-19320\" src=\"https:\/\/mpcid.gov.gn\/wp-content\/uploads\/2026\/03\/6-8-500x335.jpg\" alt=\"\" width=\"500\" height=\"335\" srcset=\"https:\/\/mpcid.gov.gn\/wp-content\/uploads\/2026\/03\/6-8-500x335.jpg 500w, https:\/\/mpcid.gov.gn\/wp-content\/uploads\/2026\/03\/6-8-1024x686.jpg 1024w, https:\/\/mpcid.gov.gn\/wp-content\/uploads\/2026\/03\/6-8-768x514.jpg 768w, https:\/\/mpcid.gov.gn\/wp-content\/uploads\/2026\/03\/6-8.jpg 1080w\" sizes=\"(max-width: 500px) 85vw, 500px\" \/> <img loading=\"lazy\" decoding=\"async\" class=\"alignnone size-medium wp-image-19319\" src=\"https:\/\/mpcid.gov.gn\/wp-content\/uploads\/2026\/03\/5-9-388x500.jpg\" alt=\"\" width=\"388\" height=\"500\" srcset=\"https:\/\/mpcid.gov.gn\/wp-content\/uploads\/2026\/03\/5-9-388x500.jpg 388w, https:\/\/mpcid.gov.gn\/wp-content\/uploads\/2026\/03\/5-9-794x1024.jpg 794w, https:\/\/mpcid.gov.gn\/wp-content\/uploads\/2026\/03\/5-9-768x991.jpg 768w, https:\/\/mpcid.gov.gn\/wp-content\/uploads\/2026\/03\/5-9.jpg 837w\" sizes=\"(max-width: 388px) 85vw, 388px\" \/> <img loading=\"lazy\" decoding=\"async\" class=\"alignnone size-medium wp-image-19327\" src=\"https:\/\/mpcid.gov.gn\/wp-content\/uploads\/2026\/03\/13-6-333x500.jpg\" alt=\"\" width=\"333\" height=\"500\" srcset=\"https:\/\/mpcid.gov.gn\/wp-content\/uploads\/2026\/03\/13-6-333x500.jpg 333w, https:\/\/mpcid.gov.gn\/wp-content\/uploads\/2026\/03\/13-6-683x1024.jpg 683w, https:\/\/mpcid.gov.gn\/wp-content\/uploads\/2026\/03\/13-6.jpg 720w\" sizes=\"(max-width: 333px) 85vw, 333px\" \/><\/p>\n<p>Conduite par LAWSON ZANKLY Lat\u00e9 Dodjji, repr\u00e9sentant r\u00e9sident de la BAD en Guin\u00e9e, la d\u00e9l\u00e9gation a \u00e9chang\u00e9 avec le ministre sur les orientations strat\u00e9giques du projet, notamment en mati\u00e8re de mobilisation des ressources internes, de renforcement du contr\u00f4le, de transparence et de promotion du contenu local.<\/p>\n<p>Au cours de la rencontre, Monsieur Tiangboho SANOGO, charg\u00e9 de programme \u00e0 la BAD a \u00e9voqu\u00e9 l\u2019importance du d\u00e9veloppement du contenu local et des liens entre entreprises nationales. \u00ab Mon travail porte sur la mani\u00e8re dont les PME locales peuvent mieux s\u2019int\u00e9grer dans les cha\u00eenes de valeur et d\u2019approvisionnement des industries cl\u00e9s \u00bb, a-t-il expliqu\u00e9, soulignant avoir d\u00e9j\u00e0 mis en \u0153uvre des initiatives similaires au Burkina Faso. Il a aussi mis un accent particulier sur le transfert de comp\u00e9tences et l\u2019accompagnement cibl\u00e9, apr\u00e8s analyse des documents strat\u00e9giques du pays.<\/p>\n<p>De son c\u00f4t\u00e9, le Ministre a pr\u00e9sent\u00e9 la vision de d\u00e9veloppement Simandou 2040 de la Guin\u00e9e, structur\u00e9e autour de cinq piliers majeurs. Le premier concerne le d\u00e9veloppement agro-industriel, avec un accent sur la transformation locale des produits. Le deuxi\u00e8me pilier porte sur l\u2019\u00e9ducation et le capital humain, consid\u00e9r\u00e9s comme essentiels pour renforcer la comp\u00e9titivit\u00e9 nationale.<\/p>\n<p>Le troisi\u00e8me pilier porte sur les infrastructures, les transports et la technologie, avec des objectifs ambitieux, notamment l\u2019augmentation significative de la production \u00e9nerg\u00e9tique et le d\u00e9veloppement du r\u00e9seau ferroviaire. \u00ab D\u00e9sormais, chaque projet doit \u00eatre ex\u00e9cut\u00e9 dans une logique de r\u00e9sultats, avec des d\u00e9lais ma\u00eetris\u00e9s \u00bb, a soulign\u00e9 le Ministre.<\/p>\n<p>Le quatri\u00e8me pilier concerne le secteur financier, incluant le d\u00e9veloppement de m\u00e9canismes d\u2019assurance pour soutenir la r\u00e9silience \u00e9conomique, tandis que le cinqui\u00e8me est d\u00e9di\u00e9 \u00e0 la sant\u00e9 et \u00e0 l\u2019\u00e9quit\u00e9, afin de garantir un acc\u00e8s inclusif aux services essentiels.<\/p>\n<p>Selon le Ministre, la mise en \u0153uvre de cette vision n\u00e9cessitera la mobilisation de plus 200 milliards de dollars am\u00e9ricains. En toile de fond, la bonne gouvernance, l\u2019\u00e9tat de droit et la lutte contre la corruption constituent le socle transversal de cette strat\u00e9gie.<\/p>\n<p>Les \u00e9changes ont \u00e9galement mis en exergue l\u2019importance de la d\u00e9centralisation et de la planification locale. \u201cChaque village est appel\u00e9 \u00e0 \u00e9laborer son propre plan de d\u00e9veloppement, appuy\u00e9 par des donn\u00e9es statistiques fiables. Avec plus de 120 m\u00e9gaprojets identifi\u00e9s, les autorit\u00e9s entendent assurer une mise en \u0153uvre effective jusque dans les localit\u00e9s les plus recul\u00e9es\u2019\u2019 martel-il.<\/p>\n<p>Le Ministre a par ailleurs rappel\u00e9 que, par le pass\u00e9, chaque pr\u00e9fecture disposait d\u2019unit\u00e9s de transformation industrielle bas\u00e9es sur des \u00e9tudes \u00e9conomiques solides, une approche qu\u2019il juge n\u00e9cessaire de relancer pour renforcer les cha\u00eenes de valeur locales et favoriser un d\u00e9veloppement \u00e9quilibr\u00e9 du territoire.<\/p>\n<p>Enfin, la mission de la BAD a soulign\u00e9 que la transparence et l\u2019efficacit\u00e9 dans l\u2019ex\u00e9cution des projets seront essentielles pour garantir leur succ\u00e8s. Elle a insist\u00e9 sur la n\u00e9cessit\u00e9 de d\u00e9velopper des solutions adapt\u00e9es, de renforcer les capacit\u00e9s techniques et de promouvoir une culture de partage d\u2019exp\u00e9riences entre les acteurs, notamment les ing\u00e9nieurs impliqu\u00e9s dans leurs mises en \u0153uvre.<\/p>\n<p><img loading=\"lazy\" decoding=\"async\" class=\"alignnone size-medium wp-image-19317\" src=\"https:\/\/mpcid.gov.gn\/wp-content\/uploads\/2026\/03\/3-8-363x500.jpg\" alt=\"\" width=\"363\" height=\"500\" srcset=\"https:\/\/mpcid.gov.gn\/wp-content\/uploads\/2026\/03\/3-8-363x500.jpg 363w, https:\/\/mpcid.gov.gn\/wp-content\/uploads\/2026\/03\/3-8-744x1024.jpg 744w, https:\/\/mpcid.gov.gn\/wp-content\/uploads\/2026\/03\/3-8-768x1057.jpg 768w, https:\/\/mpcid.gov.gn\/wp-content\/uploads\/2026\/03\/3-8.jpg 785w\" sizes=\"(max-width: 363px) 85vw, 363px\" \/> <img loading=\"lazy\" decoding=\"async\" class=\"alignnone size-medium wp-image-19316\" src=\"https:\/\/mpcid.gov.gn\/wp-content\/uploads\/2026\/03\/2-8-358x500.jpg\" alt=\"\" width=\"358\" height=\"500\" srcset=\"https:\/\/mpcid.gov.gn\/wp-content\/uploads\/2026\/03\/2-8-358x500.jpg 358w, https:\/\/mpcid.gov.gn\/wp-content\/uploads\/2026\/03\/2-8-734x1024.jpg 734w, https:\/\/mpcid.gov.gn\/wp-content\/uploads\/2026\/03\/2-8-768x1072.jpg 768w, https:\/\/mpcid.gov.gn\/wp-content\/uploads\/2026\/03\/2-8.jpg 774w\" sizes=\"(max-width: 358px) 85vw, 358px\" \/> <img loading=\"lazy\" decoding=\"async\" class=\"alignnone size-medium wp-image-19318\" src=\"https:\/\/mpcid.gov.gn\/wp-content\/uploads\/2026\/03\/4-8-500x282.jpg\" alt=\"\" width=\"500\" height=\"282\" srcset=\"https:\/\/mpcid.gov.gn\/wp-content\/uploads\/2026\/03\/4-8-500x282.jpg 500w, https:\/\/mpcid.gov.gn\/wp-content\/uploads\/2026\/03\/4-8-1024x577.jpg 1024w, https:\/\/mpcid.gov.gn\/wp-content\/uploads\/2026\/03\/4-8-768x433.jpg 768w, https:\/\/mpcid.gov.gn\/wp-content\/uploads\/2026\/03\/4-8.jpg 1080w\" sizes=\"(max-width: 500px) 85vw, 500px\" \/> <img loading=\"lazy\" decoding=\"async\" class=\"alignnone size-medium wp-image-19315\" src=\"https:\/\/mpcid.gov.gn\/wp-content\/uploads\/2026\/03\/1-10-500x325.jpg\" alt=\"\" width=\"500\" height=\"325\" srcset=\"https:\/\/mpcid.gov.gn\/wp-content\/uploads\/2026\/03\/1-10-500x325.jpg 500w, https:\/\/mpcid.gov.gn\/wp-content\/uploads\/2026\/03\/1-10-1024x667.jpg 1024w, https:\/\/mpcid.gov.gn\/wp-content\/uploads\/2026\/03\/1-10-768x500.jpg 768w, https:\/\/mpcid.gov.gn\/wp-content\/uploads\/2026\/03\/1-10.jpg 1080w\" sizes=\"(max-width: 500px) 85vw, 500px\" \/><\/p>\n<p>Cette mission d\u2019\u00e9valuation constitue une \u00e9tape d\u00e9terminante pour le lancement du PAMGEF, appel\u00e9 \u00e0 jouer un r\u00f4le cl\u00e9 dans la transformation de la gouvernance \u00e9conomique et financi\u00e8re de la Guin\u00e9e.<\/p>\n","protected":false},"excerpt":{"rendered":"<p>Le Ministre du Plan, de la Coop\u00e9ration internationale et du D\u00e9veloppement, Monsieur Isma\u00ebl NABE a accord\u00e9 dans la soir\u00e9e du 23 mars 2026 une audience \u00e0 une mission de la Banque Africaine de D\u00e9veloppement (BAD), venue dans le cadre de l\u2019\u00e9valuation du Projet d\u2019appui \u00e0 la modernisation de la gestion \u00e9conomique et financi\u00e8re (PAMGEF). Conduite &hellip; <a href=\"https:\/\/mpcid.gov.gn\/index.php\/audience-la-mission-de-la-bad-salue-les-ambitions-de-la-guinee\/\" class=\"more-link\">Continue reading<span class=\"screen-reader-text\"> \u00ab\u00a0Audience : la mission de la BAD salue les ambitions de la Guin\u00e9e.\u00a0\u00bb<\/span><\/a><\/p>\n","protected":false},"author":20,"featured_media":19315,"comment_status":"closed","ping_status":"closed","sticky":false,"template":"","format":"standard","meta":{"footnotes":""},"categories":[63],"tags":[],"class_list":["post-19314","post","type-post","status-publish","format-standard","has-post-thumbnail","hentry","category-actualites"],"yoast_head":"<!-- This site is optimized with the Yoast SEO plugin v27.5 - https:\/\/yoast.com\/product\/yoast-seo-wordpress\/ -->\n<title>Audience : la mission de la BAD salue les ambitions de la Guin\u00e9e. - MPCI<\/title>\n<meta name=\"robots\" content=\"index, follow, max-snippet:-1, max-image-preview:large, max-video-preview:-1\" \/>\n<link rel=\"canonical\" href=\"https:\/\/mpcid.gov.gn\/index.php\/audience-la-mission-de-la-bad-salue-les-ambitions-de-la-guinee\/\" \/>\n<meta property=\"og:locale\" content=\"fr_FR\" \/>\n<meta property=\"og:type\" content=\"article\" \/>\n<meta property=\"og:title\" content=\"Audience : la mission de la BAD salue les ambitions de la Guin\u00e9e. - MPCI\" \/>\n<meta property=\"og:description\" content=\"Le Ministre du Plan, de la Coop\u00e9ration internationale et du D\u00e9veloppement, Monsieur Isma\u00ebl NABE a accord\u00e9 dans la soir\u00e9e du 23 mars 2026 une audience \u00e0 une mission de la Banque Africaine de D\u00e9veloppement (BAD), venue dans le cadre de l\u2019\u00e9valuation du Projet d\u2019appui \u00e0 la modernisation de la gestion \u00e9conomique et financi\u00e8re (PAMGEF). Conduite &hellip; Continue reading &quot;Audience : la mission de la BAD salue les ambitions de la Guin\u00e9e.&quot;\" \/>\n<meta property=\"og:url\" content=\"https:\/\/mpcid.gov.gn\/index.php\/audience-la-mission-de-la-bad-salue-les-ambitions-de-la-guinee\/\" \/>\n<meta property=\"og:site_name\" content=\"MPCI\" \/>\n<meta property=\"article:publisher\" content=\"https:\/\/www.facebook.com\/MPCIGN\" \/>\n<meta property=\"article:published_time\" content=\"2026-03-24T21:53:15+00:00\" \/>\n<meta property=\"og:image\" content=\"https:\/\/mpcid.gov.gn\/wp-content\/uploads\/2026\/03\/1-10.jpg\" \/>\n\t<meta property=\"og:image:width\" content=\"1080\" \/>\n\t<meta property=\"og:image:height\" content=\"703\" \/>\n\t<meta property=\"og:image:type\" content=\"image\/jpeg\" \/>\n<meta name=\"author\" content=\"Service Communication\" \/>\n<meta name=\"twitter:card\" content=\"summary_large_image\" \/>\n<meta name=\"twitter:creator\" content=\"@MpciGov\" \/>\n<meta name=\"twitter:site\" content=\"@MpciGov\" \/>\n<meta name=\"twitter:label1\" content=\"\u00c9crit par\" \/>\n\t<meta name=\"twitter:data1\" content=\"Service Communication\" \/>\n\t<meta name=\"twitter:label2\" content=\"Dur\u00e9e de lecture estim\u00e9e\" \/>\n\t<meta name=\"twitter:data2\" content=\"7 minutes\" \/>\n<script type=\"application\/ld+json\" class=\"yoast-schema-graph\">{\"@context\":\"https:\\\/\\\/schema.org\",\"@graph\":[{\"@type\":\"Article\",\"@id\":\"https:\\\/\\\/mpcid.gov.gn\\\/index.php\\\/audience-la-mission-de-la-bad-salue-les-ambitions-de-la-guinee\\\/#article\",\"isPartOf\":{\"@id\":\"https:\\\/\\\/mpcid.gov.gn\\\/index.php\\\/audience-la-mission-de-la-bad-salue-les-ambitions-de-la-guinee\\\/\"},\"author\":{\"name\":\"Service Communication\",\"@id\":\"https:\\\/\\\/mpcid.gov.gn\\\/#\\\/schema\\\/person\\\/070aeea8fafd7a7e5a037505652abbee\"},\"headline\":\"Audience : la mission de la BAD salue les ambitions de la Guin\u00e9e.\",\"datePublished\":\"2026-03-24T21:53:15+00:00\",\"mainEntityOfPage\":{\"@id\":\"https:\\\/\\\/mpcid.gov.gn\\\/index.php\\\/audience-la-mission-de-la-bad-salue-les-ambitions-de-la-guinee\\\/\"},\"wordCount\":660,\"publisher\":{\"@id\":\"https:\\\/\\\/mpcid.gov.gn\\\/#organization\"},\"image\":{\"@id\":\"https:\\\/\\\/mpcid.gov.gn\\\/index.php\\\/audience-la-mission-de-la-bad-salue-les-ambitions-de-la-guinee\\\/#primaryimage\"},\"thumbnailUrl\":\"https:\\\/\\\/mpcid.gov.gn\\\/wp-content\\\/uploads\\\/2026\\\/03\\\/1-10.jpg\",\"articleSection\":[\"Actualit\u00e9s\"],\"inLanguage\":\"fr-FR\"},{\"@type\":\"WebPage\",\"@id\":\"https:\\\/\\\/mpcid.gov.gn\\\/index.php\\\/audience-la-mission-de-la-bad-salue-les-ambitions-de-la-guinee\\\/\",\"url\":\"https:\\\/\\\/mpcid.gov.gn\\\/index.php\\\/audience-la-mission-de-la-bad-salue-les-ambitions-de-la-guinee\\\/\",\"name\":\"Audience : la mission de la BAD salue les ambitions de la Guin\u00e9e. - MPCI\",\"isPartOf\":{\"@id\":\"https:\\\/\\\/mpcid.gov.gn\\\/#website\"},\"primaryImageOfPage\":{\"@id\":\"https:\\\/\\\/mpcid.gov.gn\\\/index.php\\\/audience-la-mission-de-la-bad-salue-les-ambitions-de-la-guinee\\\/#primaryimage\"},\"image\":{\"@id\":\"https:\\\/\\\/mpcid.gov.gn\\\/index.php\\\/audience-la-mission-de-la-bad-salue-les-ambitions-de-la-guinee\\\/#primaryimage\"},\"thumbnailUrl\":\"https:\\\/\\\/mpcid.gov.gn\\\/wp-content\\\/uploads\\\/2026\\\/03\\\/1-10.jpg\",\"datePublished\":\"2026-03-24T21:53:15+00:00\",\"breadcrumb\":{\"@id\":\"https:\\\/\\\/mpcid.gov.gn\\\/index.php\\\/audience-la-mission-de-la-bad-salue-les-ambitions-de-la-guinee\\\/#breadcrumb\"},\"inLanguage\":\"fr-FR\",\"potentialAction\":[{\"@type\":\"ReadAction\",\"target\":[\"https:\\\/\\\/mpcid.gov.gn\\\/index.php\\\/audience-la-mission-de-la-bad-salue-les-ambitions-de-la-guinee\\\/\"]}]},{\"@type\":\"ImageObject\",\"inLanguage\":\"fr-FR\",\"@id\":\"https:\\\/\\\/mpcid.gov.gn\\\/index.php\\\/audience-la-mission-de-la-bad-salue-les-ambitions-de-la-guinee\\\/#primaryimage\",\"url\":\"https:\\\/\\\/mpcid.gov.gn\\\/wp-content\\\/uploads\\\/2026\\\/03\\\/1-10.jpg\",\"contentUrl\":\"https:\\\/\\\/mpcid.gov.gn\\\/wp-content\\\/uploads\\\/2026\\\/03\\\/1-10.jpg\",\"width\":1080,\"height\":703},{\"@type\":\"BreadcrumbList\",\"@id\":\"https:\\\/\\\/mpcid.gov.gn\\\/index.php\\\/audience-la-mission-de-la-bad-salue-les-ambitions-de-la-guinee\\\/#breadcrumb\",\"itemListElement\":[{\"@type\":\"ListItem\",\"position\":1,\"name\":\"Accueil\",\"item\":\"https:\\\/\\\/mpcid.gov.gn\\\/\"},{\"@type\":\"ListItem\",\"position\":2,\"name\":\"Audience : la mission de la BAD salue les ambitions de la Guin\u00e9e.\"}]},{\"@type\":\"WebSite\",\"@id\":\"https:\\\/\\\/mpcid.gov.gn\\\/#website\",\"url\":\"https:\\\/\\\/mpcid.gov.gn\\\/\",\"name\":\"https:\\\/\\\/mpcid.gov.gn\\\/\",\"description\":\"Minist\u00e8re du Plan et de la Coop\u00e9ration Internationale\",\"publisher\":{\"@id\":\"https:\\\/\\\/mpcid.gov.gn\\\/#organization\"},\"potentialAction\":[{\"@type\":\"SearchAction\",\"target\":{\"@type\":\"EntryPoint\",\"urlTemplate\":\"https:\\\/\\\/mpcid.gov.gn\\\/?s={search_term_string}\"},\"query-input\":{\"@type\":\"PropertyValueSpecification\",\"valueRequired\":true,\"valueName\":\"search_term_string\"}}],\"inLanguage\":\"fr-FR\"},{\"@type\":\"Organization\",\"@id\":\"https:\\\/\\\/mpcid.gov.gn\\\/#organization\",\"name\":\"Minist\u00e8re du Plan et de la Coop\u00e9ration Internationale - MPCI\",\"url\":\"https:\\\/\\\/mpcid.gov.gn\\\/\",\"logo\":{\"@type\":\"ImageObject\",\"inLanguage\":\"fr-FR\",\"@id\":\"https:\\\/\\\/mpcid.gov.gn\\\/#\\\/schema\\\/logo\\\/image\\\/\",\"url\":\"https:\\\/\\\/mpcid.gov.gn\\\/wp-content\\\/uploads\\\/2023\\\/10\\\/Ministere-du-Plan-et-de-la-Cooperation-Internationale-MPCI.jpg\",\"contentUrl\":\"https:\\\/\\\/mpcid.gov.gn\\\/wp-content\\\/uploads\\\/2023\\\/10\\\/Ministere-du-Plan-et-de-la-Cooperation-Internationale-MPCI.jpg\",\"width\":462,\"height\":462,\"caption\":\"Minist\u00e8re du Plan et de la Coop\u00e9ration Internationale - MPCI\"},\"image\":{\"@id\":\"https:\\\/\\\/mpcid.gov.gn\\\/#\\\/schema\\\/logo\\\/image\\\/\"},\"sameAs\":[\"https:\\\/\\\/www.facebook.com\\\/MPCIGN\",\"https:\\\/\\\/x.com\\\/MpciGov\"]},{\"@type\":\"Person\",\"@id\":\"https:\\\/\\\/mpcid.gov.gn\\\/#\\\/schema\\\/person\\\/070aeea8fafd7a7e5a037505652abbee\",\"name\":\"Service Communication\",\"sameAs\":[\"http:\\\/\\\/Service-com\"],\"url\":\"https:\\\/\\\/mpcid.gov.gn\\\/index.php\\\/author\\\/service-com\\\/\"}]}<\/script>\n<!-- \/ Yoast SEO plugin. -->","yoast_head_json":{"title":"Audience : la mission de la BAD salue les ambitions de la Guin\u00e9e. - MPCI","robots":{"index":"index","follow":"follow","max-snippet":"max-snippet:-1","max-image-preview":"max-image-preview:large","max-video-preview":"max-video-preview:-1"},"canonical":"https:\/\/mpcid.gov.gn\/index.php\/audience-la-mission-de-la-bad-salue-les-ambitions-de-la-guinee\/","og_locale":"fr_FR","og_type":"article","og_title":"Audience : la mission de la BAD salue les ambitions de la Guin\u00e9e. - MPCI","og_description":"Le Ministre du Plan, de la Coop\u00e9ration internationale et du D\u00e9veloppement, Monsieur Isma\u00ebl NABE a accord\u00e9 dans la soir\u00e9e du 23 mars 2026 une audience \u00e0 une mission de la Banque Africaine de D\u00e9veloppement (BAD), venue dans le cadre de l\u2019\u00e9valuation du Projet d\u2019appui \u00e0 la modernisation de la gestion \u00e9conomique et financi\u00e8re (PAMGEF). Conduite &hellip; Continue reading \"Audience : la mission de la BAD salue les ambitions de la Guin\u00e9e.\"","og_url":"https:\/\/mpcid.gov.gn\/index.php\/audience-la-mission-de-la-bad-salue-les-ambitions-de-la-guinee\/","og_site_name":"MPCI","article_publisher":"https:\/\/www.facebook.com\/MPCIGN","article_published_time":"2026-03-24T21:53:15+00:00","og_image":[{"width":1080,"height":703,"url":"https:\/\/mpcid.gov.gn\/wp-content\/uploads\/2026\/03\/1-10.jpg","type":"image\/jpeg"}],"author":"Service Communication","twitter_card":"summary_large_image","twitter_creator":"@MpciGov","twitter_site":"@MpciGov","twitter_misc":{"\u00c9crit par":"Service Communication","Dur\u00e9e de lecture estim\u00e9e":"7 minutes"},"schema":{"@context":"https:\/\/schema.org","@graph":[{"@type":"Article","@id":"https:\/\/mpcid.gov.gn\/index.php\/audience-la-mission-de-la-bad-salue-les-ambitions-de-la-guinee\/#article","isPartOf":{"@id":"https:\/\/mpcid.gov.gn\/index.php\/audience-la-mission-de-la-bad-salue-les-ambitions-de-la-guinee\/"},"author":{"name":"Service Communication","@id":"https:\/\/mpcid.gov.gn\/#\/schema\/person\/070aeea8fafd7a7e5a037505652abbee"},"headline":"Audience : la mission de la BAD salue les ambitions de la Guin\u00e9e.","datePublished":"2026-03-24T21:53:15+00:00","mainEntityOfPage":{"@id":"https:\/\/mpcid.gov.gn\/index.php\/audience-la-mission-de-la-bad-salue-les-ambitions-de-la-guinee\/"},"wordCount":660,"publisher":{"@id":"https:\/\/mpcid.gov.gn\/#organization"},"image":{"@id":"https:\/\/mpcid.gov.gn\/index.php\/audience-la-mission-de-la-bad-salue-les-ambitions-de-la-guinee\/#primaryimage"},"thumbnailUrl":"https:\/\/mpcid.gov.gn\/wp-content\/uploads\/2026\/03\/1-10.jpg","articleSection":["Actualit\u00e9s"],"inLanguage":"fr-FR"},{"@type":"WebPage","@id":"https:\/\/mpcid.gov.gn\/index.php\/audience-la-mission-de-la-bad-salue-les-ambitions-de-la-guinee\/","url":"https:\/\/mpcid.gov.gn\/index.php\/audience-la-mission-de-la-bad-salue-les-ambitions-de-la-guinee\/","name":"Audience : la mission de la BAD salue les ambitions de la Guin\u00e9e. - MPCI","isPartOf":{"@id":"https:\/\/mpcid.gov.gn\/#website"},"primaryImageOfPage":{"@id":"https:\/\/mpcid.gov.gn\/index.php\/audience-la-mission-de-la-bad-salue-les-ambitions-de-la-guinee\/#primaryimage"},"image":{"@id":"https:\/\/mpcid.gov.gn\/index.php\/audience-la-mission-de-la-bad-salue-les-ambitions-de-la-guinee\/#primaryimage"},"thumbnailUrl":"https:\/\/mpcid.gov.gn\/wp-content\/uploads\/2026\/03\/1-10.jpg","datePublished":"2026-03-24T21:53:15+00:00","breadcrumb":{"@id":"https:\/\/mpcid.gov.gn\/index.php\/audience-la-mission-de-la-bad-salue-les-ambitions-de-la-guinee\/#breadcrumb"},"inLanguage":"fr-FR","potentialAction":[{"@type":"ReadAction","target":["https:\/\/mpcid.gov.gn\/index.php\/audience-la-mission-de-la-bad-salue-les-ambitions-de-la-guinee\/"]}]},{"@type":"ImageObject","inLanguage":"fr-FR","@id":"https:\/\/mpcid.gov.gn\/index.php\/audience-la-mission-de-la-bad-salue-les-ambitions-de-la-guinee\/#primaryimage","url":"https:\/\/mpcid.gov.gn\/wp-content\/uploads\/2026\/03\/1-10.jpg","contentUrl":"https:\/\/mpcid.gov.gn\/wp-content\/uploads\/2026\/03\/1-10.jpg","width":1080,"height":703},{"@type":"BreadcrumbList","@id":"https:\/\/mpcid.gov.gn\/index.php\/audience-la-mission-de-la-bad-salue-les-ambitions-de-la-guinee\/#breadcrumb","itemListElement":[{"@type":"ListItem","position":1,"name":"Accueil","item":"https:\/\/mpcid.gov.gn\/"},{"@type":"ListItem","position":2,"name":"Audience : la mission de la BAD salue les ambitions de la Guin\u00e9e."}]},{"@type":"WebSite","@id":"https:\/\/mpcid.gov.gn\/#website","url":"https:\/\/mpcid.gov.gn\/","name":"https:\/\/mpcid.gov.gn\/","description":"Minist\u00e8re du Plan et de la Coop\u00e9ration Internationale","publisher":{"@id":"https:\/\/mpcid.gov.gn\/#organization"},"potentialAction":[{"@type":"SearchAction","target":{"@type":"EntryPoint","urlTemplate":"https:\/\/mpcid.gov.gn\/?s={search_term_string}"},"query-input":{"@type":"PropertyValueSpecification","valueRequired":true,"valueName":"search_term_string"}}],"inLanguage":"fr-FR"},{"@type":"Organization","@id":"https:\/\/mpcid.gov.gn\/#organization","name":"Minist\u00e8re du Plan et de la Coop\u00e9ration Internationale - MPCI","url":"https:\/\/mpcid.gov.gn\/","logo":{"@type":"ImageObject","inLanguage":"fr-FR","@id":"https:\/\/mpcid.gov.gn\/#\/schema\/logo\/image\/","url":"https:\/\/mpcid.gov.gn\/wp-content\/uploads\/2023\/10\/Ministere-du-Plan-et-de-la-Cooperation-Internationale-MPCI.jpg","contentUrl":"https:\/\/mpcid.gov.gn\/wp-content\/uploads\/2023\/10\/Ministere-du-Plan-et-de-la-Cooperation-Internationale-MPCI.jpg","width":462,"height":462,"caption":"Minist\u00e8re du Plan et de la Coop\u00e9ration Internationale - MPCI"},"image":{"@id":"https:\/\/mpcid.gov.gn\/#\/schema\/logo\/image\/"},"sameAs":["https:\/\/www.facebook.com\/MPCIGN","https:\/\/x.com\/MpciGov"]},{"@type":"Person","@id":"https:\/\/mpcid.gov.gn\/#\/schema\/person\/070aeea8fafd7a7e5a037505652abbee","name":"Service Communication","sameAs":["http:\/\/Service-com"],"url":"https:\/\/mpcid.gov.gn\/index.php\/author\/service-com\/"}]}},"_links":{"self":[{"href":"https:\/\/mpcid.gov.gn\/index.php\/wp-json\/wp\/v2\/posts\/19314","targetHints":{"allow":["GET"]}}],"collection":[{"href":"https:\/\/mpcid.gov.gn\/index.php\/wp-json\/wp\/v2\/posts"}],"about":[{"href":"https:\/\/mpcid.gov.gn\/index.php\/wp-json\/wp\/v2\/types\/post"}],"author":[{"embeddable":true,"href":"https:\/\/mpcid.gov.gn\/index.php\/wp-json\/wp\/v2\/users\/20"}],"replies":[{"embeddable":true,"href":"https:\/\/mpcid.gov.gn\/index.php\/wp-json\/wp\/v2\/comments?post=19314"}],"version-history":[{"count":0,"href":"https:\/\/mpcid.gov.gn\/index.php\/wp-json\/wp\/v2\/posts\/19314\/revisions"}],"wp:featuredmedia":[{"embeddable":true,"href":"https:\/\/mpcid.gov.gn\/index.php\/wp-json\/wp\/v2\/media\/19315"}],"wp:attachment":[{"href":"https:\/\/mpcid.gov.gn\/index.php\/wp-json\/wp\/v2\/media?parent=19314"}],"wp:term":[{"taxonomy":"category","embeddable":true,"href":"https:\/\/mpcid.gov.gn\/index.php\/wp-json\/wp\/v2\/categories?post=19314"},{"taxonomy":"post_tag","embeddable":true,"href":"https:\/\/mpcid.gov.gn\/index.php\/wp-json\/wp\/v2\/tags?post=19314"}],"curies":[{"name":"wp","href":"https:\/\/api.w.org\/{rel}","templated":true}]}}