{"id":19290,"date":"2026-03-23T22:16:07","date_gmt":"2026-03-23T22:16:07","guid":{"rendered":"https:\/\/mpcid.gov.gn\/?p=19290"},"modified":"2026-03-23T22:16:07","modified_gmt":"2026-03-23T22:16:07","slug":"audience-le-ministre-ismael-nabe-recoit-la-delegation-de-lukef","status":"publish","type":"post","link":"https:\/\/mpcid.gov.gn\/index.php\/audience-le-ministre-ismael-nabe-recoit-la-delegation-de-lukef\/","title":{"rendered":"Audience\u00a0: le Ministre Isma\u00ebl NABE re\u00e7oit la d\u00e9l\u00e9gation de l\u2019UKEF"},"content":{"rendered":"<p>Conakry, le 23 mars 2026 \u2013 Dans le cadre des rencontres B2B, en marge de la mission britannique de haut niveau, le Ministre du Plan, de la Coop\u00e9ration internationale et du D\u00e9veloppement, Isma\u00ebl NABE, a re\u00e7u en audience la d\u00e9l\u00e9gation de l\u2019UKEF et l\u2019Ambassadeur du Royaume Uni en Guin\u00e9e.<\/p>\n<p><img fetchpriority=\"high\" decoding=\"async\" class=\"alignnone size-medium wp-image-19295\" src=\"https:\/\/mpcid.gov.gn\/wp-content\/uploads\/2026\/03\/4-7-500x331.jpg\" alt=\"\" width=\"500\" height=\"331\" srcset=\"https:\/\/mpcid.gov.gn\/wp-content\/uploads\/2026\/03\/4-7-500x331.jpg 500w, https:\/\/mpcid.gov.gn\/wp-content\/uploads\/2026\/03\/4-7-1024x679.jpg 1024w, https:\/\/mpcid.gov.gn\/wp-content\/uploads\/2026\/03\/4-7-768x509.jpg 768w, https:\/\/mpcid.gov.gn\/wp-content\/uploads\/2026\/03\/4-7.jpg 1080w\" sizes=\"(max-width: 500px) 85vw, 500px\" \/> <img decoding=\"async\" class=\"alignnone size-medium wp-image-19294\" src=\"https:\/\/mpcid.gov.gn\/wp-content\/uploads\/2026\/03\/3-7-333x500.jpg\" alt=\"\" width=\"333\" height=\"500\" srcset=\"https:\/\/mpcid.gov.gn\/wp-content\/uploads\/2026\/03\/3-7-333x500.jpg 333w, https:\/\/mpcid.gov.gn\/wp-content\/uploads\/2026\/03\/3-7-683x1024.jpg 683w, https:\/\/mpcid.gov.gn\/wp-content\/uploads\/2026\/03\/3-7.jpg 720w\" sizes=\"(max-width: 333px) 85vw, 333px\" \/> <img decoding=\"async\" class=\"alignnone size-medium wp-image-19299\" src=\"https:\/\/mpcid.gov.gn\/wp-content\/uploads\/2026\/03\/8-8-333x500.jpg\" alt=\"\" width=\"333\" height=\"500\" srcset=\"https:\/\/mpcid.gov.gn\/wp-content\/uploads\/2026\/03\/8-8-333x500.jpg 333w, https:\/\/mpcid.gov.gn\/wp-content\/uploads\/2026\/03\/8-8-683x1024.jpg 683w, https:\/\/mpcid.gov.gn\/wp-content\/uploads\/2026\/03\/8-8.jpg 720w\" sizes=\"(max-width: 333px) 85vw, 333px\" \/> <img loading=\"lazy\" decoding=\"async\" class=\"alignnone size-medium wp-image-19302\" src=\"https:\/\/mpcid.gov.gn\/wp-content\/uploads\/2026\/03\/12-6-500x286.jpg\" alt=\"\" width=\"500\" height=\"286\" srcset=\"https:\/\/mpcid.gov.gn\/wp-content\/uploads\/2026\/03\/12-6-500x286.jpg 500w, https:\/\/mpcid.gov.gn\/wp-content\/uploads\/2026\/03\/12-6-1024x586.jpg 1024w, https:\/\/mpcid.gov.gn\/wp-content\/uploads\/2026\/03\/12-6-768x439.jpg 768w, https:\/\/mpcid.gov.gn\/wp-content\/uploads\/2026\/03\/12-6.jpg 1080w\" sizes=\"(max-width: 500px) 85vw, 500px\" \/> <img loading=\"lazy\" decoding=\"async\" class=\"alignnone size-medium wp-image-19301\" src=\"https:\/\/mpcid.gov.gn\/wp-content\/uploads\/2026\/03\/11-6-333x500.jpg\" alt=\"\" width=\"333\" height=\"500\" srcset=\"https:\/\/mpcid.gov.gn\/wp-content\/uploads\/2026\/03\/11-6-333x500.jpg 333w, https:\/\/mpcid.gov.gn\/wp-content\/uploads\/2026\/03\/11-6-683x1024.jpg 683w, https:\/\/mpcid.gov.gn\/wp-content\/uploads\/2026\/03\/11-6.jpg 720w\" sizes=\"(max-width: 333px) 85vw, 333px\" \/> <img loading=\"lazy\" decoding=\"async\" class=\"alignnone size-medium wp-image-19300\" src=\"https:\/\/mpcid.gov.gn\/wp-content\/uploads\/2026\/03\/9-6-500x307.jpg\" alt=\"\" width=\"500\" height=\"307\" srcset=\"https:\/\/mpcid.gov.gn\/wp-content\/uploads\/2026\/03\/9-6-500x307.jpg 500w, https:\/\/mpcid.gov.gn\/wp-content\/uploads\/2026\/03\/9-6-1024x630.jpg 1024w, https:\/\/mpcid.gov.gn\/wp-content\/uploads\/2026\/03\/9-6-768x472.jpg 768w, https:\/\/mpcid.gov.gn\/wp-content\/uploads\/2026\/03\/9-6.jpg 1080w\" sizes=\"(max-width: 500px) 85vw, 500px\" \/> <img loading=\"lazy\" decoding=\"async\" class=\"alignnone size-medium wp-image-19298\" src=\"https:\/\/mpcid.gov.gn\/wp-content\/uploads\/2026\/03\/7-8-500x333.jpg\" alt=\"\" width=\"500\" height=\"333\" srcset=\"https:\/\/mpcid.gov.gn\/wp-content\/uploads\/2026\/03\/7-8-500x333.jpg 500w, https:\/\/mpcid.gov.gn\/wp-content\/uploads\/2026\/03\/7-8-1024x683.jpg 1024w, https:\/\/mpcid.gov.gn\/wp-content\/uploads\/2026\/03\/7-8-768x512.jpg 768w, https:\/\/mpcid.gov.gn\/wp-content\/uploads\/2026\/03\/7-8.jpg 1080w\" sizes=\"(max-width: 500px) 85vw, 500px\" \/> <img loading=\"lazy\" decoding=\"async\" class=\"alignnone size-medium wp-image-19297\" src=\"https:\/\/mpcid.gov.gn\/wp-content\/uploads\/2026\/03\/6-7-500x327.jpg\" alt=\"\" width=\"500\" height=\"327\" srcset=\"https:\/\/mpcid.gov.gn\/wp-content\/uploads\/2026\/03\/6-7-500x327.jpg 500w, https:\/\/mpcid.gov.gn\/wp-content\/uploads\/2026\/03\/6-7-1024x670.jpg 1024w, https:\/\/mpcid.gov.gn\/wp-content\/uploads\/2026\/03\/6-7-768x503.jpg 768w, https:\/\/mpcid.gov.gn\/wp-content\/uploads\/2026\/03\/6-7.jpg 1080w\" sizes=\"(max-width: 500px) 85vw, 500px\" \/> <img loading=\"lazy\" decoding=\"async\" class=\"alignnone size-medium wp-image-19296\" src=\"https:\/\/mpcid.gov.gn\/wp-content\/uploads\/2026\/03\/5-8-500x322.jpg\" alt=\"\" width=\"500\" height=\"322\" srcset=\"https:\/\/mpcid.gov.gn\/wp-content\/uploads\/2026\/03\/5-8-500x322.jpg 500w, https:\/\/mpcid.gov.gn\/wp-content\/uploads\/2026\/03\/5-8-1024x659.jpg 1024w, https:\/\/mpcid.gov.gn\/wp-content\/uploads\/2026\/03\/5-8-768x494.jpg 768w, https:\/\/mpcid.gov.gn\/wp-content\/uploads\/2026\/03\/5-8.jpg 1080w\" sizes=\"(max-width: 500px) 85vw, 500px\" \/><\/p>\n<p>Le Ministre NABE \u00e9tait \u00e9galement accompagn\u00e9 de la Ministre de l\u2019Environnement et du D\u00e9veloppement durable, Djami DIALLO, par ailleurs membre du Comit\u00e9 strat\u00e9gique Simandou et responsable de l\u2019initiative Simandou Acad\u00e9my, de l\u2019Ambassadeur de la Guin\u00e9e au Royaume Uni, SEM Aliou DIALLO, du Premier vice-gouverneur de la Banque centrale, Mohamed Lamine CONTE, ainsi que les membres du cabinet du ministre et des directeurs nationaux, g\u00e9n\u00e9raux du d\u00e9partement.<\/p>\n<p><img loading=\"lazy\" decoding=\"async\" class=\"alignnone size-medium wp-image-19305\" src=\"https:\/\/mpcid.gov.gn\/wp-content\/uploads\/2026\/03\/15-5-500x323.jpg\" alt=\"\" width=\"500\" height=\"323\" srcset=\"https:\/\/mpcid.gov.gn\/wp-content\/uploads\/2026\/03\/15-5-500x323.jpg 500w, https:\/\/mpcid.gov.gn\/wp-content\/uploads\/2026\/03\/15-5-1024x661.jpg 1024w, https:\/\/mpcid.gov.gn\/wp-content\/uploads\/2026\/03\/15-5-768x496.jpg 768w, https:\/\/mpcid.gov.gn\/wp-content\/uploads\/2026\/03\/15-5.jpg 1080w\" sizes=\"(max-width: 500px) 85vw, 500px\" \/> <img loading=\"lazy\" decoding=\"async\" class=\"alignnone size-medium wp-image-19306\" src=\"https:\/\/mpcid.gov.gn\/wp-content\/uploads\/2026\/03\/16-5-351x500.jpg\" alt=\"\" width=\"351\" height=\"500\" srcset=\"https:\/\/mpcid.gov.gn\/wp-content\/uploads\/2026\/03\/16-5-351x500.jpg 351w, https:\/\/mpcid.gov.gn\/wp-content\/uploads\/2026\/03\/16-5-720x1024.jpg 720w, https:\/\/mpcid.gov.gn\/wp-content\/uploads\/2026\/03\/16-5.jpg 759w\" sizes=\"(max-width: 351px) 85vw, 351px\" \/> <img loading=\"lazy\" decoding=\"async\" class=\"alignnone size-medium wp-image-19292\" src=\"https:\/\/mpcid.gov.gn\/wp-content\/uploads\/2026\/03\/1-9-333x500.jpg\" alt=\"\" width=\"333\" height=\"500\" srcset=\"https:\/\/mpcid.gov.gn\/wp-content\/uploads\/2026\/03\/1-9-333x500.jpg 333w, https:\/\/mpcid.gov.gn\/wp-content\/uploads\/2026\/03\/1-9-683x1024.jpg 683w, https:\/\/mpcid.gov.gn\/wp-content\/uploads\/2026\/03\/1-9.jpg 720w\" sizes=\"(max-width: 333px) 85vw, 333px\" \/> <img loading=\"lazy\" decoding=\"async\" class=\"alignnone size-medium wp-image-19310\" src=\"https:\/\/mpcid.gov.gn\/wp-content\/uploads\/2026\/03\/20-1-500x331.jpg\" alt=\"\" width=\"500\" height=\"331\" srcset=\"https:\/\/mpcid.gov.gn\/wp-content\/uploads\/2026\/03\/20-1-500x331.jpg 500w, https:\/\/mpcid.gov.gn\/wp-content\/uploads\/2026\/03\/20-1-1024x678.jpg 1024w, https:\/\/mpcid.gov.gn\/wp-content\/uploads\/2026\/03\/20-1-768x508.jpg 768w, https:\/\/mpcid.gov.gn\/wp-content\/uploads\/2026\/03\/20-1.jpg 1080w\" sizes=\"(max-width: 500px) 85vw, 500px\" \/> <img loading=\"lazy\" decoding=\"async\" class=\"alignnone size-medium wp-image-19312\" src=\"https:\/\/mpcid.gov.gn\/wp-content\/uploads\/2026\/03\/22-1-500x320.jpg\" alt=\"\" width=\"500\" height=\"320\" srcset=\"https:\/\/mpcid.gov.gn\/wp-content\/uploads\/2026\/03\/22-1-500x320.jpg 500w, https:\/\/mpcid.gov.gn\/wp-content\/uploads\/2026\/03\/22-1-1024x656.jpg 1024w, https:\/\/mpcid.gov.gn\/wp-content\/uploads\/2026\/03\/22-1-768x492.jpg 768w, https:\/\/mpcid.gov.gn\/wp-content\/uploads\/2026\/03\/22-1.jpg 1080w\" sizes=\"(max-width: 500px) 85vw, 500px\" \/> <img loading=\"lazy\" decoding=\"async\" class=\"alignnone size-medium wp-image-19309\" src=\"https:\/\/mpcid.gov.gn\/wp-content\/uploads\/2026\/03\/19-1-333x500.jpg\" alt=\"\" width=\"333\" height=\"500\" srcset=\"https:\/\/mpcid.gov.gn\/wp-content\/uploads\/2026\/03\/19-1-333x500.jpg 333w, https:\/\/mpcid.gov.gn\/wp-content\/uploads\/2026\/03\/19-1-683x1024.jpg 683w, https:\/\/mpcid.gov.gn\/wp-content\/uploads\/2026\/03\/19-1.jpg 720w\" sizes=\"(max-width: 333px) 85vw, 333px\" \/> <img loading=\"lazy\" decoding=\"async\" class=\"alignnone size-medium wp-image-19307\" src=\"https:\/\/mpcid.gov.gn\/wp-content\/uploads\/2026\/03\/17-3-500x337.jpg\" alt=\"\" width=\"500\" height=\"337\" srcset=\"https:\/\/mpcid.gov.gn\/wp-content\/uploads\/2026\/03\/17-3-500x337.jpg 500w, https:\/\/mpcid.gov.gn\/wp-content\/uploads\/2026\/03\/17-3-1024x689.jpg 1024w, https:\/\/mpcid.gov.gn\/wp-content\/uploads\/2026\/03\/17-3-768x517.jpg 768w, https:\/\/mpcid.gov.gn\/wp-content\/uploads\/2026\/03\/17-3.jpg 1080w\" sizes=\"(max-width: 500px) 85vw, 500px\" \/> <img loading=\"lazy\" decoding=\"async\" class=\"alignnone size-medium wp-image-19304\" src=\"https:\/\/mpcid.gov.gn\/wp-content\/uploads\/2026\/03\/14-5-500x333.jpg\" alt=\"\" width=\"500\" height=\"333\" srcset=\"https:\/\/mpcid.gov.gn\/wp-content\/uploads\/2026\/03\/14-5-500x333.jpg 500w, https:\/\/mpcid.gov.gn\/wp-content\/uploads\/2026\/03\/14-5-1024x682.jpg 1024w, https:\/\/mpcid.gov.gn\/wp-content\/uploads\/2026\/03\/14-5-768x511.jpg 768w, https:\/\/mpcid.gov.gn\/wp-content\/uploads\/2026\/03\/14-5.jpg 1080w\" sizes=\"(max-width: 500px) 85vw, 500px\" \/><\/p>\n<p>Cette rencontre a \u00e9t\u00e9 l\u2019occasion pour les deux parties d\u2019\u00e9changer sur les opportunit\u00e9s d\u2019investissement et les m\u00e9canismes de financement des projets strat\u00e9giques dans le pays.<\/p>\n<p>La d\u00e9l\u00e9gation de l\u2019UKEF a pr\u00e9sent\u00e9 les instruments financiers disponibles pour soutenir le d\u00e9veloppement des infrastructures, du secteur industriel et des projets \u00e0 forte valeur ajout\u00e9e, en insistant sur l\u2019importance d\u2019un suivi rigoureux et d\u2019une gestion efficace des programmes.<\/p>\n<p><img loading=\"lazy\" decoding=\"async\" class=\"alignnone size-medium wp-image-19292\" src=\"https:\/\/mpcid.gov.gn\/wp-content\/uploads\/2026\/03\/1-9-333x500.jpg\" alt=\"\" width=\"333\" height=\"500\" srcset=\"https:\/\/mpcid.gov.gn\/wp-content\/uploads\/2026\/03\/1-9-333x500.jpg 333w, https:\/\/mpcid.gov.gn\/wp-content\/uploads\/2026\/03\/1-9-683x1024.jpg 683w, https:\/\/mpcid.gov.gn\/wp-content\/uploads\/2026\/03\/1-9.jpg 720w\" sizes=\"(max-width: 333px) 85vw, 333px\" \/><\/p>\n<p>Les Ministres Isma\u00ebl NABE et Djami DIALLO ont, pour leur part, rappel\u00e9 que le Programme Simandou 2040 est la \u00ab v\u00e9ritable colonne vert\u00e9brale \u00bb de la strat\u00e9gie nationale de d\u00e9veloppement. Ils ont r\u00e9affirm\u00e9 l\u2019engagement du gouvernement \u00e0 assurer la stabilit\u00e9 et la transparence dans la mise en \u0153uvre des projets financ\u00e9s, tout en mettant en avant le r\u00f4le cl\u00e9 du capital humain et du d\u00e9veloppement des comp\u00e9tences pour accompagner la croissance \u00e9conomique durable du pays.<\/p>\n<p><img loading=\"lazy\" decoding=\"async\" class=\"alignnone size-medium wp-image-19306\" src=\"https:\/\/mpcid.gov.gn\/wp-content\/uploads\/2026\/03\/16-5-351x500.jpg\" alt=\"\" width=\"351\" height=\"500\" srcset=\"https:\/\/mpcid.gov.gn\/wp-content\/uploads\/2026\/03\/16-5-351x500.jpg 351w, https:\/\/mpcid.gov.gn\/wp-content\/uploads\/2026\/03\/16-5-720x1024.jpg 720w, https:\/\/mpcid.gov.gn\/wp-content\/uploads\/2026\/03\/16-5.jpg 759w\" sizes=\"(max-width: 351px) 85vw, 351px\" \/><\/p>\n<p>Au cours de l\u2019audience, les \u00e9changes ont \u00e9galement port\u00e9 sur le r\u00f4le de l\u2019\u00c9tat dans le partenariat public-priv\u00e9, ainsi que sur l\u2019utilisation des revenus g\u00e9n\u00e9r\u00e9s par les projets industriels pour soutenir l\u2019\u00e9ducation nationale et les bourses destin\u00e9es aux meilleurs \u00e9tudiants guin\u00e9ens. Cette approche vise \u00e0 renforcer les capacit\u00e9s locales tout en consolidant l\u2019attractivit\u00e9 de la Guin\u00e9e pour les investisseurs internationaux.<\/p>\n<p><img loading=\"lazy\" decoding=\"async\" class=\"alignnone size-medium wp-image-19311\" src=\"https:\/\/mpcid.gov.gn\/wp-content\/uploads\/2026\/03\/21-1-343x500.jpg\" alt=\"\" width=\"343\" height=\"500\" srcset=\"https:\/\/mpcid.gov.gn\/wp-content\/uploads\/2026\/03\/21-1-343x500.jpg 343w, https:\/\/mpcid.gov.gn\/wp-content\/uploads\/2026\/03\/21-1-702x1024.jpg 702w, https:\/\/mpcid.gov.gn\/wp-content\/uploads\/2026\/03\/21-1.jpg 740w\" sizes=\"(max-width: 343px) 85vw, 343px\" \/><\/p>\n<p>La d\u00e9l\u00e9gation de l\u2019UKEF et les ministres guin\u00e9ens ont convenu de poursuivre ces discussions et de mettre en place un cadre de suivi r\u00e9gulier afin d\u2019assurer la bonne ex\u00e9cution des projets et de maximiser leur impact socio-\u00e9conomique.<\/p>\n<p>Cette audience illustre la volont\u00e9 des deux pays de renforcer leur coop\u00e9ration \u00e9conomique, de favoriser un environnement d\u2019investissement stable et d\u2019aligner les efforts sur les priorit\u00e9s de d\u00e9veloppement durable de la Guin\u00e9e.<\/p>\n<p><img loading=\"lazy\" decoding=\"async\" class=\"alignnone size-medium wp-image-19303\" src=\"https:\/\/mpcid.gov.gn\/wp-content\/uploads\/2026\/03\/13-5-500x350.jpg\" alt=\"\" width=\"500\" height=\"350\" srcset=\"https:\/\/mpcid.gov.gn\/wp-content\/uploads\/2026\/03\/13-5-500x350.jpg 500w, https:\/\/mpcid.gov.gn\/wp-content\/uploads\/2026\/03\/13-5-1024x717.jpg 1024w, https:\/\/mpcid.gov.gn\/wp-content\/uploads\/2026\/03\/13-5-768x538.jpg 768w, https:\/\/mpcid.gov.gn\/wp-content\/uploads\/2026\/03\/13-5.jpg 1080w\" sizes=\"(max-width: 500px) 85vw, 500px\" \/> <img loading=\"lazy\" decoding=\"async\" class=\"alignnone size-medium wp-image-19308\" src=\"https:\/\/mpcid.gov.gn\/wp-content\/uploads\/2026\/03\/18-3-500x258.jpg\" alt=\"\" width=\"500\" height=\"258\" srcset=\"https:\/\/mpcid.gov.gn\/wp-content\/uploads\/2026\/03\/18-3-500x258.jpg 500w, https:\/\/mpcid.gov.gn\/wp-content\/uploads\/2026\/03\/18-3-1024x528.jpg 1024w, https:\/\/mpcid.gov.gn\/wp-content\/uploads\/2026\/03\/18-3-768x396.jpg 768w, https:\/\/mpcid.gov.gn\/wp-content\/uploads\/2026\/03\/18-3.jpg 1080w\" sizes=\"(max-width: 500px) 85vw, 500px\" \/> <img loading=\"lazy\" decoding=\"async\" class=\"alignnone size-medium wp-image-19293\" src=\"https:\/\/mpcid.gov.gn\/wp-content\/uploads\/2026\/03\/2-7-500x251.jpg\" alt=\"\" width=\"500\" height=\"251\" srcset=\"https:\/\/mpcid.gov.gn\/wp-content\/uploads\/2026\/03\/2-7-500x251.jpg 500w, https:\/\/mpcid.gov.gn\/wp-content\/uploads\/2026\/03\/2-7-1024x514.jpg 1024w, https:\/\/mpcid.gov.gn\/wp-content\/uploads\/2026\/03\/2-7-768x385.jpg 768w, https:\/\/mpcid.gov.gn\/wp-content\/uploads\/2026\/03\/2-7.jpg 1080w\" sizes=\"(max-width: 500px) 85vw, 500px\" \/><\/p>\n","protected":false},"excerpt":{"rendered":"<p>Conakry, le 23 mars 2026 \u2013 Dans le cadre des rencontres B2B, en marge de la mission britannique de haut niveau, le Ministre du Plan, de la Coop\u00e9ration internationale et du D\u00e9veloppement, Isma\u00ebl NABE, a re\u00e7u en audience la d\u00e9l\u00e9gation de l\u2019UKEF et l\u2019Ambassadeur du Royaume Uni en Guin\u00e9e. Le Ministre NABE \u00e9tait \u00e9galement accompagn\u00e9 &hellip; <a href=\"https:\/\/mpcid.gov.gn\/index.php\/audience-le-ministre-ismael-nabe-recoit-la-delegation-de-lukef\/\" class=\"more-link\">Continue reading<span class=\"screen-reader-text\"> \u00ab\u00a0Audience\u00a0: le Ministre Isma\u00ebl NABE re\u00e7oit la d\u00e9l\u00e9gation de l\u2019UKEF\u00a0\u00bb<\/span><\/a><\/p>\n","protected":false},"author":20,"featured_media":19291,"comment_status":"closed","ping_status":"closed","sticky":false,"template":"","format":"standard","meta":{"footnotes":""},"categories":[63],"tags":[],"class_list":["post-19290","post","type-post","status-publish","format-standard","has-post-thumbnail","hentry","category-actualites"],"yoast_head":"<!-- This site is optimized with the Yoast SEO plugin v27.5 - https:\/\/yoast.com\/product\/yoast-seo-wordpress\/ -->\n<title>Audience\u00a0: le Ministre Isma\u00ebl NABE re\u00e7oit la d\u00e9l\u00e9gation de l\u2019UKEF - MPCI<\/title>\n<meta name=\"robots\" content=\"index, follow, max-snippet:-1, max-image-preview:large, max-video-preview:-1\" \/>\n<link rel=\"canonical\" href=\"https:\/\/mpcid.gov.gn\/index.php\/audience-le-ministre-ismael-nabe-recoit-la-delegation-de-lukef\/\" \/>\n<meta property=\"og:locale\" content=\"fr_FR\" \/>\n<meta property=\"og:type\" content=\"article\" \/>\n<meta property=\"og:title\" content=\"Audience\u00a0: le Ministre Isma\u00ebl NABE re\u00e7oit la d\u00e9l\u00e9gation de l\u2019UKEF - MPCI\" \/>\n<meta property=\"og:description\" content=\"Conakry, le 23 mars 2026 \u2013 Dans le cadre des rencontres B2B, en marge de la mission britannique de haut niveau, le Ministre du Plan, de la Coop\u00e9ration internationale et du D\u00e9veloppement, Isma\u00ebl NABE, a re\u00e7u en audience la d\u00e9l\u00e9gation de l\u2019UKEF et l\u2019Ambassadeur du Royaume Uni en Guin\u00e9e. Le Ministre NABE \u00e9tait \u00e9galement accompagn\u00e9 &hellip; Continue reading &quot;Audience\u00a0: le Ministre Isma\u00ebl NABE re\u00e7oit la d\u00e9l\u00e9gation de l\u2019UKEF&quot;\" \/>\n<meta property=\"og:url\" content=\"https:\/\/mpcid.gov.gn\/index.php\/audience-le-ministre-ismael-nabe-recoit-la-delegation-de-lukef\/\" \/>\n<meta property=\"og:site_name\" content=\"MPCI\" \/>\n<meta property=\"article:publisher\" content=\"https:\/\/www.facebook.com\/MPCIGN\" \/>\n<meta property=\"article:published_time\" content=\"2026-03-23T22:16:07+00:00\" \/>\n<meta property=\"og:image\" content=\"https:\/\/mpcid.gov.gn\/wp-content\/uploads\/2026\/03\/10-7.jpg\" \/>\n\t<meta property=\"og:image:width\" content=\"1080\" \/>\n\t<meta property=\"og:image:height\" content=\"727\" \/>\n\t<meta property=\"og:image:type\" content=\"image\/jpeg\" \/>\n<meta name=\"author\" content=\"Service Communication\" \/>\n<meta name=\"twitter:card\" content=\"summary_large_image\" \/>\n<meta name=\"twitter:creator\" content=\"@MpciGov\" \/>\n<meta name=\"twitter:site\" content=\"@MpciGov\" \/>\n<meta name=\"twitter:label1\" content=\"\u00c9crit par\" \/>\n\t<meta name=\"twitter:data1\" content=\"Service Communication\" \/>\n\t<meta name=\"twitter:label2\" content=\"Dur\u00e9e de lecture estim\u00e9e\" \/>\n\t<meta name=\"twitter:data2\" content=\"7 minutes\" \/>\n<script type=\"application\/ld+json\" class=\"yoast-schema-graph\">{\"@context\":\"https:\\\/\\\/schema.org\",\"@graph\":[{\"@type\":\"Article\",\"@id\":\"https:\\\/\\\/mpcid.gov.gn\\\/index.php\\\/audience-le-ministre-ismael-nabe-recoit-la-delegation-de-lukef\\\/#article\",\"isPartOf\":{\"@id\":\"https:\\\/\\\/mpcid.gov.gn\\\/index.php\\\/audience-le-ministre-ismael-nabe-recoit-la-delegation-de-lukef\\\/\"},\"author\":{\"name\":\"Service Communication\",\"@id\":\"https:\\\/\\\/mpcid.gov.gn\\\/#\\\/schema\\\/person\\\/070aeea8fafd7a7e5a037505652abbee\"},\"headline\":\"Audience\u00a0: le Ministre Isma\u00ebl NABE re\u00e7oit la d\u00e9l\u00e9gation de l\u2019UKEF\",\"datePublished\":\"2026-03-23T22:16:07+00:00\",\"mainEntityOfPage\":{\"@id\":\"https:\\\/\\\/mpcid.gov.gn\\\/index.php\\\/audience-le-ministre-ismael-nabe-recoit-la-delegation-de-lukef\\\/\"},\"wordCount\":462,\"publisher\":{\"@id\":\"https:\\\/\\\/mpcid.gov.gn\\\/#organization\"},\"image\":{\"@id\":\"https:\\\/\\\/mpcid.gov.gn\\\/index.php\\\/audience-le-ministre-ismael-nabe-recoit-la-delegation-de-lukef\\\/#primaryimage\"},\"thumbnailUrl\":\"https:\\\/\\\/mpcid.gov.gn\\\/wp-content\\\/uploads\\\/2026\\\/03\\\/10-7.jpg\",\"articleSection\":[\"Actualit\u00e9s\"],\"inLanguage\":\"fr-FR\"},{\"@type\":\"WebPage\",\"@id\":\"https:\\\/\\\/mpcid.gov.gn\\\/index.php\\\/audience-le-ministre-ismael-nabe-recoit-la-delegation-de-lukef\\\/\",\"url\":\"https:\\\/\\\/mpcid.gov.gn\\\/index.php\\\/audience-le-ministre-ismael-nabe-recoit-la-delegation-de-lukef\\\/\",\"name\":\"Audience\u00a0: le Ministre Isma\u00ebl NABE re\u00e7oit la d\u00e9l\u00e9gation de l\u2019UKEF - MPCI\",\"isPartOf\":{\"@id\":\"https:\\\/\\\/mpcid.gov.gn\\\/#website\"},\"primaryImageOfPage\":{\"@id\":\"https:\\\/\\\/mpcid.gov.gn\\\/index.php\\\/audience-le-ministre-ismael-nabe-recoit-la-delegation-de-lukef\\\/#primaryimage\"},\"image\":{\"@id\":\"https:\\\/\\\/mpcid.gov.gn\\\/index.php\\\/audience-le-ministre-ismael-nabe-recoit-la-delegation-de-lukef\\\/#primaryimage\"},\"thumbnailUrl\":\"https:\\\/\\\/mpcid.gov.gn\\\/wp-content\\\/uploads\\\/2026\\\/03\\\/10-7.jpg\",\"datePublished\":\"2026-03-23T22:16:07+00:00\",\"breadcrumb\":{\"@id\":\"https:\\\/\\\/mpcid.gov.gn\\\/index.php\\\/audience-le-ministre-ismael-nabe-recoit-la-delegation-de-lukef\\\/#breadcrumb\"},\"inLanguage\":\"fr-FR\",\"potentialAction\":[{\"@type\":\"ReadAction\",\"target\":[\"https:\\\/\\\/mpcid.gov.gn\\\/index.php\\\/audience-le-ministre-ismael-nabe-recoit-la-delegation-de-lukef\\\/\"]}]},{\"@type\":\"ImageObject\",\"inLanguage\":\"fr-FR\",\"@id\":\"https:\\\/\\\/mpcid.gov.gn\\\/index.php\\\/audience-le-ministre-ismael-nabe-recoit-la-delegation-de-lukef\\\/#primaryimage\",\"url\":\"https:\\\/\\\/mpcid.gov.gn\\\/wp-content\\\/uploads\\\/2026\\\/03\\\/10-7.jpg\",\"contentUrl\":\"https:\\\/\\\/mpcid.gov.gn\\\/wp-content\\\/uploads\\\/2026\\\/03\\\/10-7.jpg\",\"width\":1080,\"height\":727},{\"@type\":\"BreadcrumbList\",\"@id\":\"https:\\\/\\\/mpcid.gov.gn\\\/index.php\\\/audience-le-ministre-ismael-nabe-recoit-la-delegation-de-lukef\\\/#breadcrumb\",\"itemListElement\":[{\"@type\":\"ListItem\",\"position\":1,\"name\":\"Accueil\",\"item\":\"https:\\\/\\\/mpcid.gov.gn\\\/\"},{\"@type\":\"ListItem\",\"position\":2,\"name\":\"Audience\u00a0: le Ministre Isma\u00ebl NABE re\u00e7oit la d\u00e9l\u00e9gation de l\u2019UKEF\"}]},{\"@type\":\"WebSite\",\"@id\":\"https:\\\/\\\/mpcid.gov.gn\\\/#website\",\"url\":\"https:\\\/\\\/mpcid.gov.gn\\\/\",\"name\":\"https:\\\/\\\/mpcid.gov.gn\\\/\",\"description\":\"Minist\u00e8re du Plan et de la Coop\u00e9ration Internationale\",\"publisher\":{\"@id\":\"https:\\\/\\\/mpcid.gov.gn\\\/#organization\"},\"potentialAction\":[{\"@type\":\"SearchAction\",\"target\":{\"@type\":\"EntryPoint\",\"urlTemplate\":\"https:\\\/\\\/mpcid.gov.gn\\\/?s={search_term_string}\"},\"query-input\":{\"@type\":\"PropertyValueSpecification\",\"valueRequired\":true,\"valueName\":\"search_term_string\"}}],\"inLanguage\":\"fr-FR\"},{\"@type\":\"Organization\",\"@id\":\"https:\\\/\\\/mpcid.gov.gn\\\/#organization\",\"name\":\"Minist\u00e8re du Plan et de la Coop\u00e9ration Internationale - MPCI\",\"url\":\"https:\\\/\\\/mpcid.gov.gn\\\/\",\"logo\":{\"@type\":\"ImageObject\",\"inLanguage\":\"fr-FR\",\"@id\":\"https:\\\/\\\/mpcid.gov.gn\\\/#\\\/schema\\\/logo\\\/image\\\/\",\"url\":\"https:\\\/\\\/mpcid.gov.gn\\\/wp-content\\\/uploads\\\/2023\\\/10\\\/Ministere-du-Plan-et-de-la-Cooperation-Internationale-MPCI.jpg\",\"contentUrl\":\"https:\\\/\\\/mpcid.gov.gn\\\/wp-content\\\/uploads\\\/2023\\\/10\\\/Ministere-du-Plan-et-de-la-Cooperation-Internationale-MPCI.jpg\",\"width\":462,\"height\":462,\"caption\":\"Minist\u00e8re du Plan et de la Coop\u00e9ration Internationale - MPCI\"},\"image\":{\"@id\":\"https:\\\/\\\/mpcid.gov.gn\\\/#\\\/schema\\\/logo\\\/image\\\/\"},\"sameAs\":[\"https:\\\/\\\/www.facebook.com\\\/MPCIGN\",\"https:\\\/\\\/x.com\\\/MpciGov\"]},{\"@type\":\"Person\",\"@id\":\"https:\\\/\\\/mpcid.gov.gn\\\/#\\\/schema\\\/person\\\/070aeea8fafd7a7e5a037505652abbee\",\"name\":\"Service Communication\",\"sameAs\":[\"http:\\\/\\\/Service-com\"],\"url\":\"https:\\\/\\\/mpcid.gov.gn\\\/index.php\\\/author\\\/service-com\\\/\"}]}<\/script>\n<!-- \/ Yoast SEO plugin. -->","yoast_head_json":{"title":"Audience\u00a0: le Ministre Isma\u00ebl NABE re\u00e7oit la d\u00e9l\u00e9gation de l\u2019UKEF - MPCI","robots":{"index":"index","follow":"follow","max-snippet":"max-snippet:-1","max-image-preview":"max-image-preview:large","max-video-preview":"max-video-preview:-1"},"canonical":"https:\/\/mpcid.gov.gn\/index.php\/audience-le-ministre-ismael-nabe-recoit-la-delegation-de-lukef\/","og_locale":"fr_FR","og_type":"article","og_title":"Audience\u00a0: le Ministre Isma\u00ebl NABE re\u00e7oit la d\u00e9l\u00e9gation de l\u2019UKEF - MPCI","og_description":"Conakry, le 23 mars 2026 \u2013 Dans le cadre des rencontres B2B, en marge de la mission britannique de haut niveau, le Ministre du Plan, de la Coop\u00e9ration internationale et du D\u00e9veloppement, Isma\u00ebl NABE, a re\u00e7u en audience la d\u00e9l\u00e9gation de l\u2019UKEF et l\u2019Ambassadeur du Royaume Uni en Guin\u00e9e. Le Ministre NABE \u00e9tait \u00e9galement accompagn\u00e9 &hellip; Continue reading \"Audience\u00a0: le Ministre Isma\u00ebl NABE re\u00e7oit la d\u00e9l\u00e9gation de l\u2019UKEF\"","og_url":"https:\/\/mpcid.gov.gn\/index.php\/audience-le-ministre-ismael-nabe-recoit-la-delegation-de-lukef\/","og_site_name":"MPCI","article_publisher":"https:\/\/www.facebook.com\/MPCIGN","article_published_time":"2026-03-23T22:16:07+00:00","og_image":[{"width":1080,"height":727,"url":"https:\/\/mpcid.gov.gn\/wp-content\/uploads\/2026\/03\/10-7.jpg","type":"image\/jpeg"}],"author":"Service Communication","twitter_card":"summary_large_image","twitter_creator":"@MpciGov","twitter_site":"@MpciGov","twitter_misc":{"\u00c9crit par":"Service Communication","Dur\u00e9e de lecture estim\u00e9e":"7 minutes"},"schema":{"@context":"https:\/\/schema.org","@graph":[{"@type":"Article","@id":"https:\/\/mpcid.gov.gn\/index.php\/audience-le-ministre-ismael-nabe-recoit-la-delegation-de-lukef\/#article","isPartOf":{"@id":"https:\/\/mpcid.gov.gn\/index.php\/audience-le-ministre-ismael-nabe-recoit-la-delegation-de-lukef\/"},"author":{"name":"Service Communication","@id":"https:\/\/mpcid.gov.gn\/#\/schema\/person\/070aeea8fafd7a7e5a037505652abbee"},"headline":"Audience\u00a0: le Ministre Isma\u00ebl NABE re\u00e7oit la d\u00e9l\u00e9gation de l\u2019UKEF","datePublished":"2026-03-23T22:16:07+00:00","mainEntityOfPage":{"@id":"https:\/\/mpcid.gov.gn\/index.php\/audience-le-ministre-ismael-nabe-recoit-la-delegation-de-lukef\/"},"wordCount":462,"publisher":{"@id":"https:\/\/mpcid.gov.gn\/#organization"},"image":{"@id":"https:\/\/mpcid.gov.gn\/index.php\/audience-le-ministre-ismael-nabe-recoit-la-delegation-de-lukef\/#primaryimage"},"thumbnailUrl":"https:\/\/mpcid.gov.gn\/wp-content\/uploads\/2026\/03\/10-7.jpg","articleSection":["Actualit\u00e9s"],"inLanguage":"fr-FR"},{"@type":"WebPage","@id":"https:\/\/mpcid.gov.gn\/index.php\/audience-le-ministre-ismael-nabe-recoit-la-delegation-de-lukef\/","url":"https:\/\/mpcid.gov.gn\/index.php\/audience-le-ministre-ismael-nabe-recoit-la-delegation-de-lukef\/","name":"Audience\u00a0: le Ministre Isma\u00ebl NABE re\u00e7oit la d\u00e9l\u00e9gation de l\u2019UKEF - MPCI","isPartOf":{"@id":"https:\/\/mpcid.gov.gn\/#website"},"primaryImageOfPage":{"@id":"https:\/\/mpcid.gov.gn\/index.php\/audience-le-ministre-ismael-nabe-recoit-la-delegation-de-lukef\/#primaryimage"},"image":{"@id":"https:\/\/mpcid.gov.gn\/index.php\/audience-le-ministre-ismael-nabe-recoit-la-delegation-de-lukef\/#primaryimage"},"thumbnailUrl":"https:\/\/mpcid.gov.gn\/wp-content\/uploads\/2026\/03\/10-7.jpg","datePublished":"2026-03-23T22:16:07+00:00","breadcrumb":{"@id":"https:\/\/mpcid.gov.gn\/index.php\/audience-le-ministre-ismael-nabe-recoit-la-delegation-de-lukef\/#breadcrumb"},"inLanguage":"fr-FR","potentialAction":[{"@type":"ReadAction","target":["https:\/\/mpcid.gov.gn\/index.php\/audience-le-ministre-ismael-nabe-recoit-la-delegation-de-lukef\/"]}]},{"@type":"ImageObject","inLanguage":"fr-FR","@id":"https:\/\/mpcid.gov.gn\/index.php\/audience-le-ministre-ismael-nabe-recoit-la-delegation-de-lukef\/#primaryimage","url":"https:\/\/mpcid.gov.gn\/wp-content\/uploads\/2026\/03\/10-7.jpg","contentUrl":"https:\/\/mpcid.gov.gn\/wp-content\/uploads\/2026\/03\/10-7.jpg","width":1080,"height":727},{"@type":"BreadcrumbList","@id":"https:\/\/mpcid.gov.gn\/index.php\/audience-le-ministre-ismael-nabe-recoit-la-delegation-de-lukef\/#breadcrumb","itemListElement":[{"@type":"ListItem","position":1,"name":"Accueil","item":"https:\/\/mpcid.gov.gn\/"},{"@type":"ListItem","position":2,"name":"Audience\u00a0: le Ministre Isma\u00ebl NABE re\u00e7oit la d\u00e9l\u00e9gation de l\u2019UKEF"}]},{"@type":"WebSite","@id":"https:\/\/mpcid.gov.gn\/#website","url":"https:\/\/mpcid.gov.gn\/","name":"https:\/\/mpcid.gov.gn\/","description":"Minist\u00e8re du Plan et de la Coop\u00e9ration Internationale","publisher":{"@id":"https:\/\/mpcid.gov.gn\/#organization"},"potentialAction":[{"@type":"SearchAction","target":{"@type":"EntryPoint","urlTemplate":"https:\/\/mpcid.gov.gn\/?s={search_term_string}"},"query-input":{"@type":"PropertyValueSpecification","valueRequired":true,"valueName":"search_term_string"}}],"inLanguage":"fr-FR"},{"@type":"Organization","@id":"https:\/\/mpcid.gov.gn\/#organization","name":"Minist\u00e8re du Plan et de la Coop\u00e9ration Internationale - MPCI","url":"https:\/\/mpcid.gov.gn\/","logo":{"@type":"ImageObject","inLanguage":"fr-FR","@id":"https:\/\/mpcid.gov.gn\/#\/schema\/logo\/image\/","url":"https:\/\/mpcid.gov.gn\/wp-content\/uploads\/2023\/10\/Ministere-du-Plan-et-de-la-Cooperation-Internationale-MPCI.jpg","contentUrl":"https:\/\/mpcid.gov.gn\/wp-content\/uploads\/2023\/10\/Ministere-du-Plan-et-de-la-Cooperation-Internationale-MPCI.jpg","width":462,"height":462,"caption":"Minist\u00e8re du Plan et de la Coop\u00e9ration Internationale - MPCI"},"image":{"@id":"https:\/\/mpcid.gov.gn\/#\/schema\/logo\/image\/"},"sameAs":["https:\/\/www.facebook.com\/MPCIGN","https:\/\/x.com\/MpciGov"]},{"@type":"Person","@id":"https:\/\/mpcid.gov.gn\/#\/schema\/person\/070aeea8fafd7a7e5a037505652abbee","name":"Service Communication","sameAs":["http:\/\/Service-com"],"url":"https:\/\/mpcid.gov.gn\/index.php\/author\/service-com\/"}]}},"_links":{"self":[{"href":"https:\/\/mpcid.gov.gn\/index.php\/wp-json\/wp\/v2\/posts\/19290","targetHints":{"allow":["GET"]}}],"collection":[{"href":"https:\/\/mpcid.gov.gn\/index.php\/wp-json\/wp\/v2\/posts"}],"about":[{"href":"https:\/\/mpcid.gov.gn\/index.php\/wp-json\/wp\/v2\/types\/post"}],"author":[{"embeddable":true,"href":"https:\/\/mpcid.gov.gn\/index.php\/wp-json\/wp\/v2\/users\/20"}],"replies":[{"embeddable":true,"href":"https:\/\/mpcid.gov.gn\/index.php\/wp-json\/wp\/v2\/comments?post=19290"}],"version-history":[{"count":0,"href":"https:\/\/mpcid.gov.gn\/index.php\/wp-json\/wp\/v2\/posts\/19290\/revisions"}],"wp:featuredmedia":[{"embeddable":true,"href":"https:\/\/mpcid.gov.gn\/index.php\/wp-json\/wp\/v2\/media\/19291"}],"wp:attachment":[{"href":"https:\/\/mpcid.gov.gn\/index.php\/wp-json\/wp\/v2\/media?parent=19290"}],"wp:term":[{"taxonomy":"category","embeddable":true,"href":"https:\/\/mpcid.gov.gn\/index.php\/wp-json\/wp\/v2\/categories?post=19290"},{"taxonomy":"post_tag","embeddable":true,"href":"https:\/\/mpcid.gov.gn\/index.php\/wp-json\/wp\/v2\/tags?post=19290"}],"curies":[{"name":"wp","href":"https:\/\/api.w.org\/{rel}","templated":true}]}}