{"id":19234,"date":"2026-03-19T22:49:30","date_gmt":"2026-03-19T22:49:30","guid":{"rendered":"https:\/\/mpcid.gov.gn\/?p=19234"},"modified":"2026-03-19T22:49:30","modified_gmt":"2026-03-19T22:49:30","slug":"vulgarisation-du-programme-simandou-2040-le-ministre-ismael-nabe-remet-officiellement-des-exemplaires-au-gouvernorat-de-conakry","status":"publish","type":"post","link":"https:\/\/mpcid.gov.gn\/index.php\/vulgarisation-du-programme-simandou-2040-le-ministre-ismael-nabe-remet-officiellement-des-exemplaires-au-gouvernorat-de-conakry\/","title":{"rendered":"Vulgarisation du Programme Simandou 2040 : le Ministre Isma\u00ebl NABE remet officiellement des exemplaires au Gouvernorat de Conakry"},"content":{"rendered":"<p>Conakry, le 19 mars 2026 \u2013 Le Programme Simandou 2040 entre d\u00e9sormais dans sa phase active de d\u00e9ploiement et de vulgarisation nationale. C\u2019est dans ce cadre qu\u2019une c\u00e9r\u00e9monie empreinte d\u2019une haute solennit\u00e9 s\u2019est tenue au si\u00e8ge du Gouvernorat de Conakry. \u00c0 cette occasion, le Ministre du Plan, de la Coop\u00e9ration internationale et du D\u00e9veloppement, M. Isma\u00ebl NABE, a proc\u00e9d\u00e9 \u00e0 la remise officielle des exemplaires \u00e0 Madame la Gouverneure de la ville de Conakry, G\u00e9n\u00e9ral de Brigade M\u2019Mahawa SYLLA. L&rsquo;\u00e9v\u00e9nement a mobilis\u00e9 un parterre de personnalit\u00e9s, notamment les pr\u00e9sidents des d\u00e9l\u00e9gations sp\u00e9ciales, les directeurs communaux du Plan, ainsi que les hauts cadres du Gouvernorat et de la Direction Nationale du Plan (DNP).<\/p>\n<p><img fetchpriority=\"high\" decoding=\"async\" class=\"alignnone size-medium wp-image-19236\" src=\"https:\/\/mpcid.gov.gn\/wp-content\/uploads\/2026\/03\/1-7-500x331.jpg\" alt=\"\" width=\"500\" height=\"331\" srcset=\"https:\/\/mpcid.gov.gn\/wp-content\/uploads\/2026\/03\/1-7-500x331.jpg 500w, https:\/\/mpcid.gov.gn\/wp-content\/uploads\/2026\/03\/1-7-1024x677.jpg 1024w, https:\/\/mpcid.gov.gn\/wp-content\/uploads\/2026\/03\/1-7-768x508.jpg 768w, https:\/\/mpcid.gov.gn\/wp-content\/uploads\/2026\/03\/1-7-1536x1016.jpg 1536w, https:\/\/mpcid.gov.gn\/wp-content\/uploads\/2026\/03\/1-7-2048x1354.jpg 2048w, https:\/\/mpcid.gov.gn\/wp-content\/uploads\/2026\/03\/1-7-1200x794.jpg 1200w\" sizes=\"(max-width: 500px) 85vw, 500px\" \/><\/p>\n<p><strong>Un programme structurant au c\u0153ur de la transformation \u00e9conomique<\/strong><\/p>\n<p>\u00c9tabli comme le r\u00e9f\u00e9rentiel unique de d\u00e9veloppement de la R\u00e9publique de Guin\u00e9e, le Programme Simandou 2040 ambitionne de rompre d\u00e9finitivement avec les approches fragment\u00e9es et sectorielles du pass\u00e9. Il instaure une vision coh\u00e9rente, rigoureusement planifi\u00e9e et r\u00e9solument orient\u00e9e vers l\u2019impact socio-\u00e9conomique. Ce document d&rsquo;envergure repose sur une architecture robuste comprenant 122 m\u00e9gaprojets, appuy\u00e9s par plusieurs centaines de projets structurants, ainsi que 36 r\u00e9formes majeures destin\u00e9es \u00e0 lever les verrous institutionnels et structurels qui entravent la croissance.<\/p>\n<p><strong>Une vision de d\u00e9veloppement port\u00e9e par la souverainet\u00e9 et la planification<\/strong><\/p>\n<p>Dans son discours circonstanciel, le Ministre Isma\u00ebl NABE a soulign\u00e9 que \u00ab Simandou 2040 \u00bb incarne un changement de paradigme dans la conception du d\u00e9veloppement national. Cette nouvelle approche est fond\u00e9e sur une planification scientifique, une mobilisation optimis\u00e9e des ressources internes et externes, et un renforcement soutenu de la gouvernance publique. \u00ab Il s\u2019agit d\u2019un programme con\u00e7u par les Guin\u00e9ens, pour les Guin\u00e9ens, et destin\u00e9 \u00e0 transformer durablement la physionomie de notre pays \u00bb, a-t-il d\u00e9clar\u00e9, insistant sur l\u2019imp\u00e9ratif pour chaque acteur institutionnel de s\u2019approprier ce levier strat\u00e9gique.<\/p>\n<p>Poursuivant, le Ministre NABE a pr\u00e9cis\u00e9 : \u00ab Au nom de Son Excellence Monsieur le Pr\u00e9sident de la R\u00e9publique, Chef de l\u2019\u00c9tat, ainsi qu&rsquo;au nom du Premier Ministre et de l&rsquo;ensemble du Comit\u00e9 Strat\u00e9gique de Simandou, nous proc\u00e9dons aujourd&rsquo;hui \u00e0 la remise officielle du Programme Simandou 2040. Cette \u00e9tape \u00e0 Conakry est une premi\u00e8re, car l&rsquo;op\u00e9ration sera \u00e9tendue \u00e0 l&rsquo;ensemble du territoire national. Il convient de rappeler que lors de la phase d&rsquo;\u00e9laboration, tous les Gouverneurs et Pr\u00e9fets de la R\u00e9publique ont activement contribu\u00e9 \u00e0 la maturation de ce programme. Il est donc de notre responsabilit\u00e9 de revenir vers eux pour leur remettre le fruit de ce labeur collectif. C\u2019est un travail colossal, syst\u00e9matique et scientifique pour le d\u00e9veloppement dans les quinze prochaines ann\u00e9es. Il y a quelques semaines, le CNT a ratifi\u00e9 la Loi-Plan 2026-2040 et la Loi de Programmation 2026-2030, approuv\u00e9es \u00e0 une \u00e9crasante majorit\u00e9. D\u00e9sormais, chaque citoyen et chaque responsable doit s\u2019approprier du programme, notamment les cinq piliers, les 122 m\u00e9gaprojets et les r\u00e9formes qui sous-tendent cette vision. Avec plus de 200 milliards de dollars \u00e0 mobiliser, ce programme est le catalyseur de notre \u00e9mergence. Nous remettons solennellement ce document \u00e0 nos d\u00e9membrements au nom de notre leader, Son Excellence le Pr\u00e9sident Mamadi Doumbouya, pour signifier qu\u2019il est d\u00e9sormais le seul et unique r\u00e9f\u00e9rentiel de d\u00e9veloppement de la Guin\u00e9e. \u00bb<\/p>\n<p><strong>Une mise en \u0153uvre progressive et territorialis\u00e9e<\/strong><\/p>\n<p>La strat\u00e9gie d&rsquo;ex\u00e9cution du programme s&rsquo;articule autour de trois cycles quinquennaux successifs : 2026-2030, 2030-2035 et 2035-2040. Cette segmentation permet un pilotage agile, une \u00e9valuation rigoureuse par \u00e9tape et une adaptation continue aux r\u00e9alit\u00e9s changeantes du contexte \u00e9conomique mondial et social.<\/p>\n<p>La c\u00e9r\u00e9monie au Gouvernorat de Conakry constitue le point de d\u00e9part d\u2019une vaste campagne de sensibilisation \u00e0 l\u2019\u00e9chelle nationale. Les autorit\u00e9s r\u00e9gionales et pr\u00e9fectorales, ainsi que les collectivit\u00e9s locales, sont appel\u00e9es \u00e0 jouer un r\u00f4le de premier plan dans la mise en \u0153uvre op\u00e9rationnelle. \u00c0 cet effet, le Ministre NABE a invit\u00e9 les acteurs locaux \u00e0 proc\u00e9der \u00e0 une analyse profonde du document et \u00e0 remonter toute observation pertinente susceptible d\u2019en optimiser l\u2019ex\u00e9cution sur le terrain.<\/p>\n<p><strong>La reconnaissance du gouvernorat<\/strong><\/p>\n<p>S&rsquo;exprimant au nom des collectivit\u00e9s de sa juridiction, la Gouverneure M\u2019Mahawa SYLLA s\u2019est r\u00e9jouie du choix port\u00e9 sur Conakry pour initier cette remise officielle. Pour elle, cette priorit\u00e9 t\u00e9moigne de la reconnaissance du r\u00f4le n\u00e9vralgique de la capitale, mais souligne \u00e9galement la responsabilit\u00e9 accrue des autorit\u00e9s locales dans la r\u00e9ussite du programme. \u00ab C\u2019est un honneur pour le Gouvernorat de Conakry de recevoir les premiers exemplaires de Simandou 2040. Nous disposons d\u00e9sormais d&rsquo;un guide clair qui permettra \u00e0 notre nation de baliser son itin\u00e9raire de croissance. Aujourd&rsquo;hui, nous savons pr\u00e9cis\u00e9ment d&rsquo;o\u00f9 nous partons et vers quels objectifs nous tendons pour les quinze prochaines ann\u00e9es. Nous exprimons notre profonde gratitude au Minist\u00e8re du Plan, de la Coop\u00e9ration internationale et du D\u00e9veloppement pour cette initiative structurante \u00bb, a conclu Madame la Gouverneure.<\/p>\n<p><img decoding=\"async\" class=\"alignnone size-medium wp-image-19238\" src=\"https:\/\/mpcid.gov.gn\/wp-content\/uploads\/2026\/03\/8-6-500x333.jpg\" alt=\"\" width=\"500\" height=\"333\" srcset=\"https:\/\/mpcid.gov.gn\/wp-content\/uploads\/2026\/03\/8-6-500x333.jpg 500w, https:\/\/mpcid.gov.gn\/wp-content\/uploads\/2026\/03\/8-6-1024x682.jpg 1024w, https:\/\/mpcid.gov.gn\/wp-content\/uploads\/2026\/03\/8-6-768x512.jpg 768w, https:\/\/mpcid.gov.gn\/wp-content\/uploads\/2026\/03\/8-6-1536x1024.jpg 1536w, https:\/\/mpcid.gov.gn\/wp-content\/uploads\/2026\/03\/8-6-2048x1365.jpg 2048w, https:\/\/mpcid.gov.gn\/wp-content\/uploads\/2026\/03\/8-6-1200x800.jpg 1200w\" sizes=\"(max-width: 500px) 85vw, 500px\" \/> <img decoding=\"async\" class=\"alignnone size-medium wp-image-19237\" src=\"https:\/\/mpcid.gov.gn\/wp-content\/uploads\/2026\/03\/7-6-333x500.jpg\" alt=\"\" width=\"333\" height=\"500\" srcset=\"https:\/\/mpcid.gov.gn\/wp-content\/uploads\/2026\/03\/7-6-333x500.jpg 333w, https:\/\/mpcid.gov.gn\/wp-content\/uploads\/2026\/03\/7-6-682x1024.jpg 682w, https:\/\/mpcid.gov.gn\/wp-content\/uploads\/2026\/03\/7-6-768x1152.jpg 768w, https:\/\/mpcid.gov.gn\/wp-content\/uploads\/2026\/03\/7-6-1024x1536.jpg 1024w, https:\/\/mpcid.gov.gn\/wp-content\/uploads\/2026\/03\/7-6-1365x2048.jpg 1365w, https:\/\/mpcid.gov.gn\/wp-content\/uploads\/2026\/03\/7-6-1200x1801.jpg 1200w, https:\/\/mpcid.gov.gn\/wp-content\/uploads\/2026\/03\/7-6.jpg 1706w\" sizes=\"(max-width: 333px) 85vw, 333px\" \/> <img loading=\"lazy\" decoding=\"async\" class=\"alignnone size-medium wp-image-19240\" src=\"https:\/\/mpcid.gov.gn\/wp-content\/uploads\/2026\/03\/12-4-500x333.jpg\" alt=\"\" width=\"500\" height=\"333\" srcset=\"https:\/\/mpcid.gov.gn\/wp-content\/uploads\/2026\/03\/12-4-500x333.jpg 500w, https:\/\/mpcid.gov.gn\/wp-content\/uploads\/2026\/03\/12-4-1024x682.jpg 1024w, https:\/\/mpcid.gov.gn\/wp-content\/uploads\/2026\/03\/12-4-768x512.jpg 768w, https:\/\/mpcid.gov.gn\/wp-content\/uploads\/2026\/03\/12-4-1536x1024.jpg 1536w, https:\/\/mpcid.gov.gn\/wp-content\/uploads\/2026\/03\/12-4-2048x1365.jpg 2048w, https:\/\/mpcid.gov.gn\/wp-content\/uploads\/2026\/03\/12-4-1200x800.jpg 1200w\" sizes=\"(max-width: 500px) 85vw, 500px\" \/> <img loading=\"lazy\" decoding=\"async\" class=\"alignnone size-medium wp-image-19239\" src=\"https:\/\/mpcid.gov.gn\/wp-content\/uploads\/2026\/03\/11-4-500x333.jpg\" alt=\"\" width=\"500\" height=\"333\" srcset=\"https:\/\/mpcid.gov.gn\/wp-content\/uploads\/2026\/03\/11-4-500x333.jpg 500w, https:\/\/mpcid.gov.gn\/wp-content\/uploads\/2026\/03\/11-4-1024x682.jpg 1024w, https:\/\/mpcid.gov.gn\/wp-content\/uploads\/2026\/03\/11-4-768x512.jpg 768w, https:\/\/mpcid.gov.gn\/wp-content\/uploads\/2026\/03\/11-4-1536x1024.jpg 1536w, https:\/\/mpcid.gov.gn\/wp-content\/uploads\/2026\/03\/11-4-2048x1365.jpg 2048w, https:\/\/mpcid.gov.gn\/wp-content\/uploads\/2026\/03\/11-4-1200x800.jpg 1200w\" sizes=\"(max-width: 500px) 85vw, 500px\" \/> <img loading=\"lazy\" decoding=\"async\" class=\"alignnone size-medium wp-image-19235\" src=\"https:\/\/mpcid.gov.gn\/wp-content\/uploads\/2026\/03\/10-5-500x320.jpg\" alt=\"\" width=\"500\" height=\"320\" srcset=\"https:\/\/mpcid.gov.gn\/wp-content\/uploads\/2026\/03\/10-5-500x320.jpg 500w, https:\/\/mpcid.gov.gn\/wp-content\/uploads\/2026\/03\/10-5-1024x656.jpg 1024w, https:\/\/mpcid.gov.gn\/wp-content\/uploads\/2026\/03\/10-5-768x492.jpg 768w, https:\/\/mpcid.gov.gn\/wp-content\/uploads\/2026\/03\/10-5-1536x984.jpg 1536w, https:\/\/mpcid.gov.gn\/wp-content\/uploads\/2026\/03\/10-5-2048x1312.jpg 2048w, https:\/\/mpcid.gov.gn\/wp-content\/uploads\/2026\/03\/10-5-1200x769.jpg 1200w\" sizes=\"(max-width: 500px) 85vw, 500px\" \/><\/p>\n<p>En remettant officiellement le Programme Simandou 2040 aux autorit\u00e9s de Conakry, le Minist\u00e8re du Plan, de la Coop\u00e9ration internationale et du D\u00e9veloppement pose les jalons d\u2019une \u00e8re nouvelle, marquant la fin du pilotage \u00e0 vue et l\u2019av\u00e8nement d\u2019une vision d\u2019\u00c9tat structur\u00e9e, inclusive et mesurable.<\/p>\n","protected":false},"excerpt":{"rendered":"<p>Conakry, le 19 mars 2026 \u2013 Le Programme Simandou 2040 entre d\u00e9sormais dans sa phase active de d\u00e9ploiement et de vulgarisation nationale. C\u2019est dans ce cadre qu\u2019une c\u00e9r\u00e9monie empreinte d\u2019une haute solennit\u00e9 s\u2019est tenue au si\u00e8ge du Gouvernorat de Conakry. \u00c0 cette occasion, le Ministre du Plan, de la Coop\u00e9ration internationale et du D\u00e9veloppement, M. &hellip; <a href=\"https:\/\/mpcid.gov.gn\/index.php\/vulgarisation-du-programme-simandou-2040-le-ministre-ismael-nabe-remet-officiellement-des-exemplaires-au-gouvernorat-de-conakry\/\" class=\"more-link\">Continue reading<span class=\"screen-reader-text\"> \u00ab\u00a0Vulgarisation du Programme Simandou 2040 : le Ministre Isma\u00ebl NABE remet officiellement des exemplaires au Gouvernorat de Conakry\u00a0\u00bb<\/span><\/a><\/p>\n","protected":false},"author":20,"featured_media":19235,"comment_status":"closed","ping_status":"closed","sticky":false,"template":"","format":"standard","meta":{"footnotes":""},"categories":[63],"tags":[],"class_list":["post-19234","post","type-post","status-publish","format-standard","has-post-thumbnail","hentry","category-actualites"],"yoast_head":"<!-- This site is optimized with the Yoast SEO plugin v27.5 - https:\/\/yoast.com\/product\/yoast-seo-wordpress\/ -->\n<title>Vulgarisation du Programme Simandou 2040 : le Ministre Isma\u00ebl NABE remet officiellement des exemplaires au Gouvernorat de Conakry - MPCI<\/title>\n<meta name=\"robots\" content=\"index, follow, max-snippet:-1, max-image-preview:large, max-video-preview:-1\" \/>\n<link rel=\"canonical\" href=\"https:\/\/mpcid.gov.gn\/index.php\/vulgarisation-du-programme-simandou-2040-le-ministre-ismael-nabe-remet-officiellement-des-exemplaires-au-gouvernorat-de-conakry\/\" \/>\n<meta property=\"og:locale\" content=\"fr_FR\" \/>\n<meta property=\"og:type\" content=\"article\" \/>\n<meta property=\"og:title\" content=\"Vulgarisation du Programme Simandou 2040 : le Ministre Isma\u00ebl NABE remet officiellement des exemplaires au Gouvernorat de Conakry - MPCI\" \/>\n<meta property=\"og:description\" content=\"Conakry, le 19 mars 2026 \u2013 Le Programme Simandou 2040 entre d\u00e9sormais dans sa phase active de d\u00e9ploiement et de vulgarisation nationale. C\u2019est dans ce cadre qu\u2019une c\u00e9r\u00e9monie empreinte d\u2019une haute solennit\u00e9 s\u2019est tenue au si\u00e8ge du Gouvernorat de Conakry. \u00c0 cette occasion, le Ministre du Plan, de la Coop\u00e9ration internationale et du D\u00e9veloppement, M. &hellip; Continue reading &quot;Vulgarisation du Programme Simandou 2040 : le Ministre Isma\u00ebl NABE remet officiellement des exemplaires au Gouvernorat de Conakry&quot;\" \/>\n<meta property=\"og:url\" content=\"https:\/\/mpcid.gov.gn\/index.php\/vulgarisation-du-programme-simandou-2040-le-ministre-ismael-nabe-remet-officiellement-des-exemplaires-au-gouvernorat-de-conakry\/\" \/>\n<meta property=\"og:site_name\" content=\"MPCI\" \/>\n<meta property=\"article:publisher\" content=\"https:\/\/www.facebook.com\/MPCIGN\" \/>\n<meta property=\"article:published_time\" content=\"2026-03-19T22:49:30+00:00\" \/>\n<meta property=\"og:image\" content=\"https:\/\/mpcid.gov.gn\/wp-content\/uploads\/2026\/03\/10-5.jpg\" \/>\n\t<meta property=\"og:image:width\" content=\"2560\" \/>\n\t<meta property=\"og:image:height\" content=\"1640\" \/>\n\t<meta property=\"og:image:type\" content=\"image\/jpeg\" \/>\n<meta name=\"author\" content=\"Service Communication\" \/>\n<meta name=\"twitter:card\" content=\"summary_large_image\" \/>\n<meta name=\"twitter:creator\" content=\"@MpciGov\" \/>\n<meta name=\"twitter:site\" content=\"@MpciGov\" \/>\n<meta name=\"twitter:label1\" content=\"\u00c9crit par\" \/>\n\t<meta name=\"twitter:data1\" content=\"Service Communication\" \/>\n\t<meta name=\"twitter:label2\" content=\"Dur\u00e9e de lecture estim\u00e9e\" \/>\n\t<meta name=\"twitter:data2\" content=\"6 minutes\" \/>\n<script type=\"application\/ld+json\" class=\"yoast-schema-graph\">{\"@context\":\"https:\\\/\\\/schema.org\",\"@graph\":[{\"@type\":\"Article\",\"@id\":\"https:\\\/\\\/mpcid.gov.gn\\\/index.php\\\/vulgarisation-du-programme-simandou-2040-le-ministre-ismael-nabe-remet-officiellement-des-exemplaires-au-gouvernorat-de-conakry\\\/#article\",\"isPartOf\":{\"@id\":\"https:\\\/\\\/mpcid.gov.gn\\\/index.php\\\/vulgarisation-du-programme-simandou-2040-le-ministre-ismael-nabe-remet-officiellement-des-exemplaires-au-gouvernorat-de-conakry\\\/\"},\"author\":{\"name\":\"Service Communication\",\"@id\":\"https:\\\/\\\/mpcid.gov.gn\\\/#\\\/schema\\\/person\\\/070aeea8fafd7a7e5a037505652abbee\"},\"headline\":\"Vulgarisation du Programme Simandou 2040 : le Ministre Isma\u00ebl NABE remet officiellement des exemplaires au Gouvernorat de Conakry\",\"datePublished\":\"2026-03-19T22:49:30+00:00\",\"mainEntityOfPage\":{\"@id\":\"https:\\\/\\\/mpcid.gov.gn\\\/index.php\\\/vulgarisation-du-programme-simandou-2040-le-ministre-ismael-nabe-remet-officiellement-des-exemplaires-au-gouvernorat-de-conakry\\\/\"},\"wordCount\":941,\"publisher\":{\"@id\":\"https:\\\/\\\/mpcid.gov.gn\\\/#organization\"},\"image\":{\"@id\":\"https:\\\/\\\/mpcid.gov.gn\\\/index.php\\\/vulgarisation-du-programme-simandou-2040-le-ministre-ismael-nabe-remet-officiellement-des-exemplaires-au-gouvernorat-de-conakry\\\/#primaryimage\"},\"thumbnailUrl\":\"https:\\\/\\\/mpcid.gov.gn\\\/wp-content\\\/uploads\\\/2026\\\/03\\\/10-5.jpg\",\"articleSection\":[\"Actualit\u00e9s\"],\"inLanguage\":\"fr-FR\"},{\"@type\":\"WebPage\",\"@id\":\"https:\\\/\\\/mpcid.gov.gn\\\/index.php\\\/vulgarisation-du-programme-simandou-2040-le-ministre-ismael-nabe-remet-officiellement-des-exemplaires-au-gouvernorat-de-conakry\\\/\",\"url\":\"https:\\\/\\\/mpcid.gov.gn\\\/index.php\\\/vulgarisation-du-programme-simandou-2040-le-ministre-ismael-nabe-remet-officiellement-des-exemplaires-au-gouvernorat-de-conakry\\\/\",\"name\":\"Vulgarisation du Programme Simandou 2040 : le Ministre Isma\u00ebl NABE remet officiellement des exemplaires au Gouvernorat de Conakry - MPCI\",\"isPartOf\":{\"@id\":\"https:\\\/\\\/mpcid.gov.gn\\\/#website\"},\"primaryImageOfPage\":{\"@id\":\"https:\\\/\\\/mpcid.gov.gn\\\/index.php\\\/vulgarisation-du-programme-simandou-2040-le-ministre-ismael-nabe-remet-officiellement-des-exemplaires-au-gouvernorat-de-conakry\\\/#primaryimage\"},\"image\":{\"@id\":\"https:\\\/\\\/mpcid.gov.gn\\\/index.php\\\/vulgarisation-du-programme-simandou-2040-le-ministre-ismael-nabe-remet-officiellement-des-exemplaires-au-gouvernorat-de-conakry\\\/#primaryimage\"},\"thumbnailUrl\":\"https:\\\/\\\/mpcid.gov.gn\\\/wp-content\\\/uploads\\\/2026\\\/03\\\/10-5.jpg\",\"datePublished\":\"2026-03-19T22:49:30+00:00\",\"breadcrumb\":{\"@id\":\"https:\\\/\\\/mpcid.gov.gn\\\/index.php\\\/vulgarisation-du-programme-simandou-2040-le-ministre-ismael-nabe-remet-officiellement-des-exemplaires-au-gouvernorat-de-conakry\\\/#breadcrumb\"},\"inLanguage\":\"fr-FR\",\"potentialAction\":[{\"@type\":\"ReadAction\",\"target\":[\"https:\\\/\\\/mpcid.gov.gn\\\/index.php\\\/vulgarisation-du-programme-simandou-2040-le-ministre-ismael-nabe-remet-officiellement-des-exemplaires-au-gouvernorat-de-conakry\\\/\"]}]},{\"@type\":\"ImageObject\",\"inLanguage\":\"fr-FR\",\"@id\":\"https:\\\/\\\/mpcid.gov.gn\\\/index.php\\\/vulgarisation-du-programme-simandou-2040-le-ministre-ismael-nabe-remet-officiellement-des-exemplaires-au-gouvernorat-de-conakry\\\/#primaryimage\",\"url\":\"https:\\\/\\\/mpcid.gov.gn\\\/wp-content\\\/uploads\\\/2026\\\/03\\\/10-5.jpg\",\"contentUrl\":\"https:\\\/\\\/mpcid.gov.gn\\\/wp-content\\\/uploads\\\/2026\\\/03\\\/10-5.jpg\",\"width\":2560,\"height\":1640},{\"@type\":\"BreadcrumbList\",\"@id\":\"https:\\\/\\\/mpcid.gov.gn\\\/index.php\\\/vulgarisation-du-programme-simandou-2040-le-ministre-ismael-nabe-remet-officiellement-des-exemplaires-au-gouvernorat-de-conakry\\\/#breadcrumb\",\"itemListElement\":[{\"@type\":\"ListItem\",\"position\":1,\"name\":\"Accueil\",\"item\":\"https:\\\/\\\/mpcid.gov.gn\\\/\"},{\"@type\":\"ListItem\",\"position\":2,\"name\":\"Vulgarisation du Programme Simandou 2040 : le Ministre Isma\u00ebl NABE remet officiellement des exemplaires au Gouvernorat de Conakry\"}]},{\"@type\":\"WebSite\",\"@id\":\"https:\\\/\\\/mpcid.gov.gn\\\/#website\",\"url\":\"https:\\\/\\\/mpcid.gov.gn\\\/\",\"name\":\"https:\\\/\\\/mpcid.gov.gn\\\/\",\"description\":\"Minist\u00e8re du Plan et de la Coop\u00e9ration Internationale\",\"publisher\":{\"@id\":\"https:\\\/\\\/mpcid.gov.gn\\\/#organization\"},\"potentialAction\":[{\"@type\":\"SearchAction\",\"target\":{\"@type\":\"EntryPoint\",\"urlTemplate\":\"https:\\\/\\\/mpcid.gov.gn\\\/?s={search_term_string}\"},\"query-input\":{\"@type\":\"PropertyValueSpecification\",\"valueRequired\":true,\"valueName\":\"search_term_string\"}}],\"inLanguage\":\"fr-FR\"},{\"@type\":\"Organization\",\"@id\":\"https:\\\/\\\/mpcid.gov.gn\\\/#organization\",\"name\":\"Minist\u00e8re du Plan et de la Coop\u00e9ration Internationale - MPCI\",\"url\":\"https:\\\/\\\/mpcid.gov.gn\\\/\",\"logo\":{\"@type\":\"ImageObject\",\"inLanguage\":\"fr-FR\",\"@id\":\"https:\\\/\\\/mpcid.gov.gn\\\/#\\\/schema\\\/logo\\\/image\\\/\",\"url\":\"https:\\\/\\\/mpcid.gov.gn\\\/wp-content\\\/uploads\\\/2023\\\/10\\\/Ministere-du-Plan-et-de-la-Cooperation-Internationale-MPCI.jpg\",\"contentUrl\":\"https:\\\/\\\/mpcid.gov.gn\\\/wp-content\\\/uploads\\\/2023\\\/10\\\/Ministere-du-Plan-et-de-la-Cooperation-Internationale-MPCI.jpg\",\"width\":462,\"height\":462,\"caption\":\"Minist\u00e8re du Plan et de la Coop\u00e9ration Internationale - MPCI\"},\"image\":{\"@id\":\"https:\\\/\\\/mpcid.gov.gn\\\/#\\\/schema\\\/logo\\\/image\\\/\"},\"sameAs\":[\"https:\\\/\\\/www.facebook.com\\\/MPCIGN\",\"https:\\\/\\\/x.com\\\/MpciGov\"]},{\"@type\":\"Person\",\"@id\":\"https:\\\/\\\/mpcid.gov.gn\\\/#\\\/schema\\\/person\\\/070aeea8fafd7a7e5a037505652abbee\",\"name\":\"Service Communication\",\"sameAs\":[\"http:\\\/\\\/Service-com\"],\"url\":\"https:\\\/\\\/mpcid.gov.gn\\\/index.php\\\/author\\\/service-com\\\/\"}]}<\/script>\n<!-- \/ Yoast SEO plugin. -->","yoast_head_json":{"title":"Vulgarisation du Programme Simandou 2040 : le Ministre Isma\u00ebl NABE remet officiellement des exemplaires au Gouvernorat de Conakry - MPCI","robots":{"index":"index","follow":"follow","max-snippet":"max-snippet:-1","max-image-preview":"max-image-preview:large","max-video-preview":"max-video-preview:-1"},"canonical":"https:\/\/mpcid.gov.gn\/index.php\/vulgarisation-du-programme-simandou-2040-le-ministre-ismael-nabe-remet-officiellement-des-exemplaires-au-gouvernorat-de-conakry\/","og_locale":"fr_FR","og_type":"article","og_title":"Vulgarisation du Programme Simandou 2040 : le Ministre Isma\u00ebl NABE remet officiellement des exemplaires au Gouvernorat de Conakry - MPCI","og_description":"Conakry, le 19 mars 2026 \u2013 Le Programme Simandou 2040 entre d\u00e9sormais dans sa phase active de d\u00e9ploiement et de vulgarisation nationale. C\u2019est dans ce cadre qu\u2019une c\u00e9r\u00e9monie empreinte d\u2019une haute solennit\u00e9 s\u2019est tenue au si\u00e8ge du Gouvernorat de Conakry. \u00c0 cette occasion, le Ministre du Plan, de la Coop\u00e9ration internationale et du D\u00e9veloppement, M. &hellip; Continue reading \"Vulgarisation du Programme Simandou 2040 : le Ministre Isma\u00ebl NABE remet officiellement des exemplaires au Gouvernorat de Conakry\"","og_url":"https:\/\/mpcid.gov.gn\/index.php\/vulgarisation-du-programme-simandou-2040-le-ministre-ismael-nabe-remet-officiellement-des-exemplaires-au-gouvernorat-de-conakry\/","og_site_name":"MPCI","article_publisher":"https:\/\/www.facebook.com\/MPCIGN","article_published_time":"2026-03-19T22:49:30+00:00","og_image":[{"width":2560,"height":1640,"url":"https:\/\/mpcid.gov.gn\/wp-content\/uploads\/2026\/03\/10-5.jpg","type":"image\/jpeg"}],"author":"Service Communication","twitter_card":"summary_large_image","twitter_creator":"@MpciGov","twitter_site":"@MpciGov","twitter_misc":{"\u00c9crit par":"Service Communication","Dur\u00e9e de lecture estim\u00e9e":"6 minutes"},"schema":{"@context":"https:\/\/schema.org","@graph":[{"@type":"Article","@id":"https:\/\/mpcid.gov.gn\/index.php\/vulgarisation-du-programme-simandou-2040-le-ministre-ismael-nabe-remet-officiellement-des-exemplaires-au-gouvernorat-de-conakry\/#article","isPartOf":{"@id":"https:\/\/mpcid.gov.gn\/index.php\/vulgarisation-du-programme-simandou-2040-le-ministre-ismael-nabe-remet-officiellement-des-exemplaires-au-gouvernorat-de-conakry\/"},"author":{"name":"Service Communication","@id":"https:\/\/mpcid.gov.gn\/#\/schema\/person\/070aeea8fafd7a7e5a037505652abbee"},"headline":"Vulgarisation du Programme Simandou 2040 : le Ministre Isma\u00ebl NABE remet officiellement des exemplaires au Gouvernorat de Conakry","datePublished":"2026-03-19T22:49:30+00:00","mainEntityOfPage":{"@id":"https:\/\/mpcid.gov.gn\/index.php\/vulgarisation-du-programme-simandou-2040-le-ministre-ismael-nabe-remet-officiellement-des-exemplaires-au-gouvernorat-de-conakry\/"},"wordCount":941,"publisher":{"@id":"https:\/\/mpcid.gov.gn\/#organization"},"image":{"@id":"https:\/\/mpcid.gov.gn\/index.php\/vulgarisation-du-programme-simandou-2040-le-ministre-ismael-nabe-remet-officiellement-des-exemplaires-au-gouvernorat-de-conakry\/#primaryimage"},"thumbnailUrl":"https:\/\/mpcid.gov.gn\/wp-content\/uploads\/2026\/03\/10-5.jpg","articleSection":["Actualit\u00e9s"],"inLanguage":"fr-FR"},{"@type":"WebPage","@id":"https:\/\/mpcid.gov.gn\/index.php\/vulgarisation-du-programme-simandou-2040-le-ministre-ismael-nabe-remet-officiellement-des-exemplaires-au-gouvernorat-de-conakry\/","url":"https:\/\/mpcid.gov.gn\/index.php\/vulgarisation-du-programme-simandou-2040-le-ministre-ismael-nabe-remet-officiellement-des-exemplaires-au-gouvernorat-de-conakry\/","name":"Vulgarisation du Programme Simandou 2040 : le Ministre Isma\u00ebl NABE remet officiellement des exemplaires au Gouvernorat de Conakry - MPCI","isPartOf":{"@id":"https:\/\/mpcid.gov.gn\/#website"},"primaryImageOfPage":{"@id":"https:\/\/mpcid.gov.gn\/index.php\/vulgarisation-du-programme-simandou-2040-le-ministre-ismael-nabe-remet-officiellement-des-exemplaires-au-gouvernorat-de-conakry\/#primaryimage"},"image":{"@id":"https:\/\/mpcid.gov.gn\/index.php\/vulgarisation-du-programme-simandou-2040-le-ministre-ismael-nabe-remet-officiellement-des-exemplaires-au-gouvernorat-de-conakry\/#primaryimage"},"thumbnailUrl":"https:\/\/mpcid.gov.gn\/wp-content\/uploads\/2026\/03\/10-5.jpg","datePublished":"2026-03-19T22:49:30+00:00","breadcrumb":{"@id":"https:\/\/mpcid.gov.gn\/index.php\/vulgarisation-du-programme-simandou-2040-le-ministre-ismael-nabe-remet-officiellement-des-exemplaires-au-gouvernorat-de-conakry\/#breadcrumb"},"inLanguage":"fr-FR","potentialAction":[{"@type":"ReadAction","target":["https:\/\/mpcid.gov.gn\/index.php\/vulgarisation-du-programme-simandou-2040-le-ministre-ismael-nabe-remet-officiellement-des-exemplaires-au-gouvernorat-de-conakry\/"]}]},{"@type":"ImageObject","inLanguage":"fr-FR","@id":"https:\/\/mpcid.gov.gn\/index.php\/vulgarisation-du-programme-simandou-2040-le-ministre-ismael-nabe-remet-officiellement-des-exemplaires-au-gouvernorat-de-conakry\/#primaryimage","url":"https:\/\/mpcid.gov.gn\/wp-content\/uploads\/2026\/03\/10-5.jpg","contentUrl":"https:\/\/mpcid.gov.gn\/wp-content\/uploads\/2026\/03\/10-5.jpg","width":2560,"height":1640},{"@type":"BreadcrumbList","@id":"https:\/\/mpcid.gov.gn\/index.php\/vulgarisation-du-programme-simandou-2040-le-ministre-ismael-nabe-remet-officiellement-des-exemplaires-au-gouvernorat-de-conakry\/#breadcrumb","itemListElement":[{"@type":"ListItem","position":1,"name":"Accueil","item":"https:\/\/mpcid.gov.gn\/"},{"@type":"ListItem","position":2,"name":"Vulgarisation du Programme Simandou 2040 : le Ministre Isma\u00ebl NABE remet officiellement des exemplaires au Gouvernorat de Conakry"}]},{"@type":"WebSite","@id":"https:\/\/mpcid.gov.gn\/#website","url":"https:\/\/mpcid.gov.gn\/","name":"https:\/\/mpcid.gov.gn\/","description":"Minist\u00e8re du Plan et de la Coop\u00e9ration Internationale","publisher":{"@id":"https:\/\/mpcid.gov.gn\/#organization"},"potentialAction":[{"@type":"SearchAction","target":{"@type":"EntryPoint","urlTemplate":"https:\/\/mpcid.gov.gn\/?s={search_term_string}"},"query-input":{"@type":"PropertyValueSpecification","valueRequired":true,"valueName":"search_term_string"}}],"inLanguage":"fr-FR"},{"@type":"Organization","@id":"https:\/\/mpcid.gov.gn\/#organization","name":"Minist\u00e8re du Plan et de la Coop\u00e9ration Internationale - MPCI","url":"https:\/\/mpcid.gov.gn\/","logo":{"@type":"ImageObject","inLanguage":"fr-FR","@id":"https:\/\/mpcid.gov.gn\/#\/schema\/logo\/image\/","url":"https:\/\/mpcid.gov.gn\/wp-content\/uploads\/2023\/10\/Ministere-du-Plan-et-de-la-Cooperation-Internationale-MPCI.jpg","contentUrl":"https:\/\/mpcid.gov.gn\/wp-content\/uploads\/2023\/10\/Ministere-du-Plan-et-de-la-Cooperation-Internationale-MPCI.jpg","width":462,"height":462,"caption":"Minist\u00e8re du Plan et de la Coop\u00e9ration Internationale - MPCI"},"image":{"@id":"https:\/\/mpcid.gov.gn\/#\/schema\/logo\/image\/"},"sameAs":["https:\/\/www.facebook.com\/MPCIGN","https:\/\/x.com\/MpciGov"]},{"@type":"Person","@id":"https:\/\/mpcid.gov.gn\/#\/schema\/person\/070aeea8fafd7a7e5a037505652abbee","name":"Service Communication","sameAs":["http:\/\/Service-com"],"url":"https:\/\/mpcid.gov.gn\/index.php\/author\/service-com\/"}]}},"_links":{"self":[{"href":"https:\/\/mpcid.gov.gn\/index.php\/wp-json\/wp\/v2\/posts\/19234","targetHints":{"allow":["GET"]}}],"collection":[{"href":"https:\/\/mpcid.gov.gn\/index.php\/wp-json\/wp\/v2\/posts"}],"about":[{"href":"https:\/\/mpcid.gov.gn\/index.php\/wp-json\/wp\/v2\/types\/post"}],"author":[{"embeddable":true,"href":"https:\/\/mpcid.gov.gn\/index.php\/wp-json\/wp\/v2\/users\/20"}],"replies":[{"embeddable":true,"href":"https:\/\/mpcid.gov.gn\/index.php\/wp-json\/wp\/v2\/comments?post=19234"}],"version-history":[{"count":0,"href":"https:\/\/mpcid.gov.gn\/index.php\/wp-json\/wp\/v2\/posts\/19234\/revisions"}],"wp:featuredmedia":[{"embeddable":true,"href":"https:\/\/mpcid.gov.gn\/index.php\/wp-json\/wp\/v2\/media\/19235"}],"wp:attachment":[{"href":"https:\/\/mpcid.gov.gn\/index.php\/wp-json\/wp\/v2\/media?parent=19234"}],"wp:term":[{"taxonomy":"category","embeddable":true,"href":"https:\/\/mpcid.gov.gn\/index.php\/wp-json\/wp\/v2\/categories?post=19234"},{"taxonomy":"post_tag","embeddable":true,"href":"https:\/\/mpcid.gov.gn\/index.php\/wp-json\/wp\/v2\/tags?post=19234"}],"curies":[{"name":"wp","href":"https:\/\/api.w.org\/{rel}","templated":true}]}}