{"id":19220,"date":"2026-03-18T17:44:21","date_gmt":"2026-03-18T17:44:21","guid":{"rendered":"https:\/\/mpcid.gov.gn\/?p=19220"},"modified":"2026-03-20T22:12:04","modified_gmt":"2026-03-20T22:12:04","slug":"guinee-turquie-une-cooperation-renforcee-au-service-du-developpement-economique-et-technique","status":"publish","type":"post","link":"https:\/\/mpcid.gov.gn\/index.php\/guinee-turquie-une-cooperation-renforcee-au-service-du-developpement-economique-et-technique\/","title":{"rendered":"Guin\u00e9e\u2013Turquie : Une coop\u00e9ration renforc\u00e9e au service du d\u00e9veloppement \u00e9conomique et technique"},"content":{"rendered":"<p><strong>Le Ministre du Plan, de la Coop\u00e9ration internationale et du D\u00e9veloppement, Isma\u00ebl NABE, a re\u00e7u en audience, ce mercredi 18 mars 2026, Son Excellence Rifat Cem \u00d6rnekol, Ambassadeur de Turquie en Guin\u00e9e, accompagn\u00e9 de Monsieur Enes AKEL, Conseilller Commercial de l\u2019ambassade. Cette rencontre s\u2019inscrit dans une volont\u00e9 commune de renforcer la coop\u00e9ration bilat\u00e9rale, en mettant particuli\u00e8rement l\u2019accent sur le d\u00e9veloppement \u00e9conomique, l\u2019investissement et le renforcement des capacit\u00e9s.<\/strong><\/p>\n<p><img fetchpriority=\"high\" decoding=\"async\" class=\"alignnone size-medium wp-image-19227\" src=\"https:\/\/mpcid.gov.gn\/wp-content\/uploads\/2026\/03\/MPCID-Turquie-7-500x320.jpg\" alt=\"\" width=\"500\" height=\"320\" srcset=\"https:\/\/mpcid.gov.gn\/wp-content\/uploads\/2026\/03\/MPCID-Turquie-7-500x320.jpg 500w, https:\/\/mpcid.gov.gn\/wp-content\/uploads\/2026\/03\/MPCID-Turquie-7-1024x656.jpg 1024w, https:\/\/mpcid.gov.gn\/wp-content\/uploads\/2026\/03\/MPCID-Turquie-7-768x492.jpg 768w, https:\/\/mpcid.gov.gn\/wp-content\/uploads\/2026\/03\/MPCID-Turquie-7-1536x984.jpg 1536w, https:\/\/mpcid.gov.gn\/wp-content\/uploads\/2026\/03\/MPCID-Turquie-7-2048x1311.jpg 2048w, https:\/\/mpcid.gov.gn\/wp-content\/uploads\/2026\/03\/MPCID-Turquie-7-1200x768.jpg 1200w\" sizes=\"(max-width: 500px) 85vw, 500px\" \/> <img decoding=\"async\" class=\"alignnone size-medium wp-image-19230\" src=\"https:\/\/mpcid.gov.gn\/wp-content\/uploads\/2026\/03\/MPCID-Turquie-10-500x375.jpg\" alt=\"\" width=\"500\" height=\"375\" srcset=\"https:\/\/mpcid.gov.gn\/wp-content\/uploads\/2026\/03\/MPCID-Turquie-10-500x375.jpg 500w, https:\/\/mpcid.gov.gn\/wp-content\/uploads\/2026\/03\/MPCID-Turquie-10-1024x768.jpg 1024w, https:\/\/mpcid.gov.gn\/wp-content\/uploads\/2026\/03\/MPCID-Turquie-10-768x576.jpg 768w, https:\/\/mpcid.gov.gn\/wp-content\/uploads\/2026\/03\/MPCID-Turquie-10.jpg 1080w\" sizes=\"(max-width: 500px) 85vw, 500px\" \/> <img decoding=\"async\" class=\"alignnone size-medium wp-image-19226\" src=\"https:\/\/mpcid.gov.gn\/wp-content\/uploads\/2026\/03\/MPCID-Turquie-6-500x377.jpg\" alt=\"\" width=\"500\" height=\"377\" srcset=\"https:\/\/mpcid.gov.gn\/wp-content\/uploads\/2026\/03\/MPCID-Turquie-6-500x377.jpg 500w, https:\/\/mpcid.gov.gn\/wp-content\/uploads\/2026\/03\/MPCID-Turquie-6-768x579.jpg 768w, https:\/\/mpcid.gov.gn\/wp-content\/uploads\/2026\/03\/MPCID-Turquie-6.jpg 825w\" sizes=\"(max-width: 500px) 85vw, 500px\" \/> <img loading=\"lazy\" decoding=\"async\" class=\"alignnone size-medium wp-image-19229\" src=\"https:\/\/mpcid.gov.gn\/wp-content\/uploads\/2026\/03\/MPCID-Turquie-9-352x500.jpg\" alt=\"\" width=\"352\" height=\"500\" srcset=\"https:\/\/mpcid.gov.gn\/wp-content\/uploads\/2026\/03\/MPCID-Turquie-9-352x500.jpg 352w, https:\/\/mpcid.gov.gn\/wp-content\/uploads\/2026\/03\/MPCID-Turquie-9-721x1024.jpg 721w, https:\/\/mpcid.gov.gn\/wp-content\/uploads\/2026\/03\/MPCID-Turquie-9-768x1091.jpg 768w, https:\/\/mpcid.gov.gn\/wp-content\/uploads\/2026\/03\/MPCID-Turquie-9-1081x1536.jpg 1081w, https:\/\/mpcid.gov.gn\/wp-content\/uploads\/2026\/03\/MPCID-Turquie-9-1200x1705.jpg 1200w, https:\/\/mpcid.gov.gn\/wp-content\/uploads\/2026\/03\/MPCID-Turquie-9.jpg 1215w\" sizes=\"(max-width: 352px) 85vw, 352px\" \/> <img loading=\"lazy\" decoding=\"async\" class=\"alignnone size-medium wp-image-19228\" src=\"https:\/\/mpcid.gov.gn\/wp-content\/uploads\/2026\/03\/MPCID-Turquie-8-375x500.jpg\" alt=\"\" width=\"375\" height=\"500\" srcset=\"https:\/\/mpcid.gov.gn\/wp-content\/uploads\/2026\/03\/MPCID-Turquie-8-375x500.jpg 375w, https:\/\/mpcid.gov.gn\/wp-content\/uploads\/2026\/03\/MPCID-Turquie-8-768x1024.jpg 768w, https:\/\/mpcid.gov.gn\/wp-content\/uploads\/2026\/03\/MPCID-Turquie-8-1152x1536.jpg 1152w, https:\/\/mpcid.gov.gn\/wp-content\/uploads\/2026\/03\/MPCID-Turquie-8-1536x2048.jpg 1536w, https:\/\/mpcid.gov.gn\/wp-content\/uploads\/2026\/03\/MPCID-Turquie-8-1200x1600.jpg 1200w, https:\/\/mpcid.gov.gn\/wp-content\/uploads\/2026\/03\/MPCID-Turquie-8.jpg 1903w\" sizes=\"(max-width: 375px) 85vw, 375px\" \/><\/p>\n<p>Le Ministre Isma\u00ebl NABE \u00e9tait entour\u00e9 du Secr\u00e9taire G\u00e9n\u00e9ral, l\u2019Ambassadeur Kab\u00e8l\u00e8 Soumah, ainsi que de la Directrice Nationale Adjointe de la Coop\u00e9ration Internationale, Mme Housseinatou Bah. D\u00e8s l\u2019entame des \u00e9changes, il a soulign\u00e9 l\u2019importance d\u2019un partenariat renforc\u00e9 avec la Turquie, insistant sur le r\u00f4le central du secteur priv\u00e9, appel\u00e9 \u00e0 porter pr\u00e8s de 60 % des projets du programme Simandou \u00e0 l\u2019horizon 2040.<\/p>\n<p>Selon lui, les entreprises turques disposent d\u2019un fort potentiel pour intervenir en Guin\u00e9e. Il a \u00e9galement pr\u00e9sent\u00e9 les principaux m\u00e9canismes de financement envisag\u00e9s, reposant sur une mobilisation conjointe du fonds souverain guin\u00e9en, des partenaires techniques et financiers, de l\u2019\u00c9tat et surtout du secteur priv\u00e9, pour une enveloppe globale estim\u00e9e \u00e0 200 milliards de dollars.<\/p>\n<p>Le Ministre a, par ailleurs, identifi\u00e9 les secteurs prioritaires de cette coop\u00e9ration, notamment le logement, le capital humain, les infrastructures, l\u2019\u00e9nergie, l\u2019eau et la sant\u00e9. Il a pr\u00e9cis\u00e9 la structuration financi\u00e8re des projets du programme Simandou, r\u00e9partie entre le fonds souverain (20 %), les partenaires techniques (15 %), le gouvernement (30 %) et le secteur priv\u00e9 (40 %). Il a \u00e9galement plaid\u00e9 pour une plus grande visibilit\u00e9 et une implication accrue des entreprises turques, au-del\u00e0 des deux principales actuellement pr\u00e9sentes en Guin\u00e9e qui sont la gestion du port autonome de Conakry et l\u2019extension de l\u2019a\u00e9roport internationale Ahmed Sekou TOURE.<\/p>\n<p>La question de la formation des cadres guin\u00e9ens, notamment dans les domaines de la statistique et de la planification, a \u00e9t\u00e9 mise en avant comme un levier essentiel pour la r\u00e9ussite du programme.<\/p>\n<p>De son c\u00f4t\u00e9, l\u2019Ambassadeur de Turquie a exprim\u00e9 l\u2019engagement de son pays \u00e0 approfondir la coop\u00e9ration bilat\u00e9rale, notamment en soutenant les entreprises turques d\u00e9sireuses de s\u2019implanter en Guin\u00e9e. Il a r\u00e9affirm\u00e9 l\u2019int\u00e9r\u00eat de la Turquie pour des projets structurants dans divers secteurs et insist\u00e9 sur la n\u00e9cessit\u00e9 de mettre en place un cadre structur\u00e9 et attractif pour faciliter les investissements.<\/p>\n<p>Il a \u00e9galement \u00e9voqu\u00e9 la possibilit\u00e9 de mobiliser des institutions financi\u00e8res internationales, telles que Turkish EximBank, afin d\u2019accompagner le financement des projets et de s\u00e9curiser les investissements. Dans cette dynamique, il a encourag\u00e9 la signature de protocoles d\u2019accord pour formaliser les partenariats et acc\u00e9l\u00e9rer leur mise en \u0153uvre.<\/p>\n<p>Sur le volet du renforcement des capacit\u00e9s, il a salu\u00e9 les exp\u00e9riences r\u00e9ussies de formation en Turquie et exprim\u00e9 la volont\u00e9 de poursuivre ces initiatives au b\u00e9n\u00e9fice des cadres guin\u00e9ens.<\/p>\n<p>Enfin, Monsieur Enes AKEL, Conseilller Commercial de l\u2019ambassade a de son c\u00f4t\u00e9 annonc\u00e9 l\u2019organisation prochaine d\u2019\u00e9v\u00e9nements conjoints et a insist\u00e9 sur la n\u00e9cessit\u00e9 d\u2019une coordination \u00e9troite entre les deux parties, tout en soulignant le r\u00f4le d\u00e9terminant de la Chambre de commerce et des structures locales dans l\u2019accompagnement des entreprises.<\/p>\n<p>Il a ensuite relev\u00e9 les progr\u00e8s significatifs des \u00e9changes commerciaux entre la Guin\u00e9e et la Turquie, dont le volume a atteint pr\u00e8s de 300 millions de dollars en 2025, avec un objectif de 500 millions \u00e0 court terme. Il a \u00e9galement annonc\u00e9 la venue prochaine \u00e0 Conakry d\u2019une d\u00e9l\u00e9gation de 14 entreprises turques, dans le cadre d\u2019une mission organis\u00e9e avec les exportateurs turcs, comprenant une exposition et des rencontres avec les autorit\u00e9s guin\u00e9ennes.<\/p>\n<p>Il a enfin insist\u00e9 sur la n\u00e9cessit\u00e9 de disposer d\u2019un portefeuille clair de projets \u00e0 court et moyen terme, pour attirer davantage d\u2019investisseurs, tout en appelant \u00e0 une transformation rapide des accords en actions concr\u00e8tes.<\/p>\n<p><img loading=\"lazy\" decoding=\"async\" class=\"alignnone size-medium wp-image-19225\" src=\"https:\/\/mpcid.gov.gn\/wp-content\/uploads\/2026\/03\/MPCID-Turquie-4-500x378.jpg\" alt=\"\" width=\"500\" height=\"378\" srcset=\"https:\/\/mpcid.gov.gn\/wp-content\/uploads\/2026\/03\/MPCID-Turquie-4-500x378.jpg 500w, https:\/\/mpcid.gov.gn\/wp-content\/uploads\/2026\/03\/MPCID-Turquie-4-768x581.jpg 768w, https:\/\/mpcid.gov.gn\/wp-content\/uploads\/2026\/03\/MPCID-Turquie-4.jpg 930w\" sizes=\"(max-width: 500px) 85vw, 500px\" \/> <img loading=\"lazy\" decoding=\"async\" class=\"alignnone size-medium wp-image-19224\" src=\"https:\/\/mpcid.gov.gn\/wp-content\/uploads\/2026\/03\/MPCID-Turquie-3-500x364.jpg\" alt=\"\" width=\"500\" height=\"364\" srcset=\"https:\/\/mpcid.gov.gn\/wp-content\/uploads\/2026\/03\/MPCID-Turquie-3-500x364.jpg 500w, https:\/\/mpcid.gov.gn\/wp-content\/uploads\/2026\/03\/MPCID-Turquie-3-768x559.jpg 768w, https:\/\/mpcid.gov.gn\/wp-content\/uploads\/2026\/03\/MPCID-Turquie-3.jpg 976w\" sizes=\"(max-width: 500px) 85vw, 500px\" \/> <img loading=\"lazy\" decoding=\"async\" class=\"alignnone size-medium wp-image-19221\" src=\"https:\/\/mpcid.gov.gn\/wp-content\/uploads\/2026\/03\/MPCID-Turquie-5-500x369.jpg\" alt=\"\" width=\"500\" height=\"369\" srcset=\"https:\/\/mpcid.gov.gn\/wp-content\/uploads\/2026\/03\/MPCID-Turquie-5-500x369.jpg 500w, https:\/\/mpcid.gov.gn\/wp-content\/uploads\/2026\/03\/MPCID-Turquie-5-1024x756.jpg 1024w, https:\/\/mpcid.gov.gn\/wp-content\/uploads\/2026\/03\/MPCID-Turquie-5-768x567.jpg 768w, https:\/\/mpcid.gov.gn\/wp-content\/uploads\/2026\/03\/MPCID-Turquie-5.jpg 1076w\" sizes=\"(max-width: 500px) 85vw, 500px\" \/> <img loading=\"lazy\" decoding=\"async\" class=\"alignnone size-medium wp-image-19223\" src=\"https:\/\/mpcid.gov.gn\/wp-content\/uploads\/2026\/03\/MPCID-Turquie-2-500x323.jpg\" alt=\"\" width=\"500\" height=\"323\" srcset=\"https:\/\/mpcid.gov.gn\/wp-content\/uploads\/2026\/03\/MPCID-Turquie-2-500x323.jpg 500w, https:\/\/mpcid.gov.gn\/wp-content\/uploads\/2026\/03\/MPCID-Turquie-2-1024x662.jpg 1024w, https:\/\/mpcid.gov.gn\/wp-content\/uploads\/2026\/03\/MPCID-Turquie-2-768x496.jpg 768w, https:\/\/mpcid.gov.gn\/wp-content\/uploads\/2026\/03\/MPCID-Turquie-2-1536x993.jpg 1536w, https:\/\/mpcid.gov.gn\/wp-content\/uploads\/2026\/03\/MPCID-Turquie-2-2048x1324.jpg 2048w, https:\/\/mpcid.gov.gn\/wp-content\/uploads\/2026\/03\/MPCID-Turquie-2-1200x776.jpg 1200w\" sizes=\"(max-width: 500px) 85vw, 500px\" \/> <img loading=\"lazy\" decoding=\"async\" class=\"alignnone size-medium wp-image-19222\" src=\"https:\/\/mpcid.gov.gn\/wp-content\/uploads\/2026\/03\/MPCID-Turquie-500x369.jpg\" alt=\"\" width=\"500\" height=\"369\" srcset=\"https:\/\/mpcid.gov.gn\/wp-content\/uploads\/2026\/03\/MPCID-Turquie-500x369.jpg 500w, https:\/\/mpcid.gov.gn\/wp-content\/uploads\/2026\/03\/MPCID-Turquie-1024x756.jpg 1024w, https:\/\/mpcid.gov.gn\/wp-content\/uploads\/2026\/03\/MPCID-Turquie-768x567.jpg 768w, https:\/\/mpcid.gov.gn\/wp-content\/uploads\/2026\/03\/MPCID-Turquie-1536x1133.jpg 1536w, https:\/\/mpcid.gov.gn\/wp-content\/uploads\/2026\/03\/MPCID-Turquie-1200x885.jpg 1200w, https:\/\/mpcid.gov.gn\/wp-content\/uploads\/2026\/03\/MPCID-Turquie.jpg 1835w\" sizes=\"(max-width: 500px) 85vw, 500px\" \/><\/p>\n","protected":false},"excerpt":{"rendered":"<p>Le Ministre du Plan, de la Coop\u00e9ration internationale et du D\u00e9veloppement, Isma\u00ebl NABE, a re\u00e7u en audience, ce mercredi 18 mars 2026, Son Excellence Rifat Cem \u00d6rnekol, Ambassadeur de Turquie en Guin\u00e9e, accompagn\u00e9 de Monsieur Enes AKEL, Conseilller Commercial de l\u2019ambassade. Cette rencontre s\u2019inscrit dans une volont\u00e9 commune de renforcer la coop\u00e9ration bilat\u00e9rale, en mettant &hellip; <a href=\"https:\/\/mpcid.gov.gn\/index.php\/guinee-turquie-une-cooperation-renforcee-au-service-du-developpement-economique-et-technique\/\" class=\"more-link\">Continue reading<span class=\"screen-reader-text\"> \u00ab\u00a0Guin\u00e9e\u2013Turquie : Une coop\u00e9ration renforc\u00e9e au service du d\u00e9veloppement \u00e9conomique et technique\u00a0\u00bb<\/span><\/a><\/p>\n","protected":false},"author":20,"featured_media":19221,"comment_status":"closed","ping_status":"closed","sticky":false,"template":"","format":"standard","meta":{"footnotes":""},"categories":[63],"tags":[],"class_list":["post-19220","post","type-post","status-publish","format-standard","has-post-thumbnail","hentry","category-actualites"],"yoast_head":"<!-- This site is optimized with the Yoast SEO plugin v27.5 - https:\/\/yoast.com\/product\/yoast-seo-wordpress\/ -->\n<title>Guin\u00e9e\u2013Turquie : Une coop\u00e9ration renforc\u00e9e au service du d\u00e9veloppement \u00e9conomique et technique - MPCI<\/title>\n<meta name=\"robots\" content=\"index, follow, max-snippet:-1, max-image-preview:large, max-video-preview:-1\" \/>\n<link rel=\"canonical\" href=\"https:\/\/mpcid.gov.gn\/index.php\/guinee-turquie-une-cooperation-renforcee-au-service-du-developpement-economique-et-technique\/\" \/>\n<meta property=\"og:locale\" content=\"fr_FR\" \/>\n<meta property=\"og:type\" content=\"article\" \/>\n<meta property=\"og:title\" content=\"Guin\u00e9e\u2013Turquie : Une coop\u00e9ration renforc\u00e9e au service du d\u00e9veloppement \u00e9conomique et technique - MPCI\" \/>\n<meta property=\"og:description\" content=\"Le Ministre du Plan, de la Coop\u00e9ration internationale et du D\u00e9veloppement, Isma\u00ebl NABE, a re\u00e7u en audience, ce mercredi 18 mars 2026, Son Excellence Rifat Cem \u00d6rnekol, Ambassadeur de Turquie en Guin\u00e9e, accompagn\u00e9 de Monsieur Enes AKEL, Conseilller Commercial de l\u2019ambassade. Cette rencontre s\u2019inscrit dans une volont\u00e9 commune de renforcer la coop\u00e9ration bilat\u00e9rale, en mettant &hellip; Continue reading &quot;Guin\u00e9e\u2013Turquie : Une coop\u00e9ration renforc\u00e9e au service du d\u00e9veloppement \u00e9conomique et technique&quot;\" \/>\n<meta property=\"og:url\" content=\"https:\/\/mpcid.gov.gn\/index.php\/guinee-turquie-une-cooperation-renforcee-au-service-du-developpement-economique-et-technique\/\" \/>\n<meta property=\"og:site_name\" content=\"MPCI\" \/>\n<meta property=\"article:publisher\" content=\"https:\/\/www.facebook.com\/MPCIGN\" \/>\n<meta property=\"article:published_time\" content=\"2026-03-18T17:44:21+00:00\" \/>\n<meta property=\"article:modified_time\" content=\"2026-03-20T22:12:04+00:00\" \/>\n<meta property=\"og:image\" content=\"https:\/\/mpcid.gov.gn\/wp-content\/uploads\/2026\/03\/MPCID-Turquie-5.jpg\" \/>\n\t<meta property=\"og:image:width\" content=\"1076\" \/>\n\t<meta property=\"og:image:height\" content=\"794\" \/>\n\t<meta property=\"og:image:type\" content=\"image\/jpeg\" \/>\n<meta name=\"author\" content=\"Service Communication\" \/>\n<meta name=\"twitter:card\" content=\"summary_large_image\" \/>\n<meta name=\"twitter:creator\" content=\"@MpciGov\" \/>\n<meta name=\"twitter:site\" content=\"@MpciGov\" \/>\n<meta name=\"twitter:label1\" content=\"\u00c9crit par\" \/>\n\t<meta name=\"twitter:data1\" content=\"Service Communication\" \/>\n\t<meta name=\"twitter:label2\" content=\"Dur\u00e9e de lecture estim\u00e9e\" \/>\n\t<meta name=\"twitter:data2\" content=\"6 minutes\" \/>\n<script type=\"application\/ld+json\" class=\"yoast-schema-graph\">{\"@context\":\"https:\\\/\\\/schema.org\",\"@graph\":[{\"@type\":\"Article\",\"@id\":\"https:\\\/\\\/mpcid.gov.gn\\\/index.php\\\/guinee-turquie-une-cooperation-renforcee-au-service-du-developpement-economique-et-technique\\\/#article\",\"isPartOf\":{\"@id\":\"https:\\\/\\\/mpcid.gov.gn\\\/index.php\\\/guinee-turquie-une-cooperation-renforcee-au-service-du-developpement-economique-et-technique\\\/\"},\"author\":{\"name\":\"Service Communication\",\"@id\":\"https:\\\/\\\/mpcid.gov.gn\\\/#\\\/schema\\\/person\\\/070aeea8fafd7a7e5a037505652abbee\"},\"headline\":\"Guin\u00e9e\u2013Turquie : Une coop\u00e9ration renforc\u00e9e au service du d\u00e9veloppement \u00e9conomique et technique\",\"datePublished\":\"2026-03-18T17:44:21+00:00\",\"dateModified\":\"2026-03-20T22:12:04+00:00\",\"mainEntityOfPage\":{\"@id\":\"https:\\\/\\\/mpcid.gov.gn\\\/index.php\\\/guinee-turquie-une-cooperation-renforcee-au-service-du-developpement-economique-et-technique\\\/\"},\"wordCount\":699,\"publisher\":{\"@id\":\"https:\\\/\\\/mpcid.gov.gn\\\/#organization\"},\"image\":{\"@id\":\"https:\\\/\\\/mpcid.gov.gn\\\/index.php\\\/guinee-turquie-une-cooperation-renforcee-au-service-du-developpement-economique-et-technique\\\/#primaryimage\"},\"thumbnailUrl\":\"https:\\\/\\\/mpcid.gov.gn\\\/wp-content\\\/uploads\\\/2026\\\/03\\\/MPCID-Turquie-5.jpg\",\"articleSection\":[\"Actualit\u00e9s\"],\"inLanguage\":\"fr-FR\"},{\"@type\":\"WebPage\",\"@id\":\"https:\\\/\\\/mpcid.gov.gn\\\/index.php\\\/guinee-turquie-une-cooperation-renforcee-au-service-du-developpement-economique-et-technique\\\/\",\"url\":\"https:\\\/\\\/mpcid.gov.gn\\\/index.php\\\/guinee-turquie-une-cooperation-renforcee-au-service-du-developpement-economique-et-technique\\\/\",\"name\":\"Guin\u00e9e\u2013Turquie : Une coop\u00e9ration renforc\u00e9e au service du d\u00e9veloppement \u00e9conomique et technique - MPCI\",\"isPartOf\":{\"@id\":\"https:\\\/\\\/mpcid.gov.gn\\\/#website\"},\"primaryImageOfPage\":{\"@id\":\"https:\\\/\\\/mpcid.gov.gn\\\/index.php\\\/guinee-turquie-une-cooperation-renforcee-au-service-du-developpement-economique-et-technique\\\/#primaryimage\"},\"image\":{\"@id\":\"https:\\\/\\\/mpcid.gov.gn\\\/index.php\\\/guinee-turquie-une-cooperation-renforcee-au-service-du-developpement-economique-et-technique\\\/#primaryimage\"},\"thumbnailUrl\":\"https:\\\/\\\/mpcid.gov.gn\\\/wp-content\\\/uploads\\\/2026\\\/03\\\/MPCID-Turquie-5.jpg\",\"datePublished\":\"2026-03-18T17:44:21+00:00\",\"dateModified\":\"2026-03-20T22:12:04+00:00\",\"breadcrumb\":{\"@id\":\"https:\\\/\\\/mpcid.gov.gn\\\/index.php\\\/guinee-turquie-une-cooperation-renforcee-au-service-du-developpement-economique-et-technique\\\/#breadcrumb\"},\"inLanguage\":\"fr-FR\",\"potentialAction\":[{\"@type\":\"ReadAction\",\"target\":[\"https:\\\/\\\/mpcid.gov.gn\\\/index.php\\\/guinee-turquie-une-cooperation-renforcee-au-service-du-developpement-economique-et-technique\\\/\"]}]},{\"@type\":\"ImageObject\",\"inLanguage\":\"fr-FR\",\"@id\":\"https:\\\/\\\/mpcid.gov.gn\\\/index.php\\\/guinee-turquie-une-cooperation-renforcee-au-service-du-developpement-economique-et-technique\\\/#primaryimage\",\"url\":\"https:\\\/\\\/mpcid.gov.gn\\\/wp-content\\\/uploads\\\/2026\\\/03\\\/MPCID-Turquie-5.jpg\",\"contentUrl\":\"https:\\\/\\\/mpcid.gov.gn\\\/wp-content\\\/uploads\\\/2026\\\/03\\\/MPCID-Turquie-5.jpg\",\"width\":1076,\"height\":794},{\"@type\":\"BreadcrumbList\",\"@id\":\"https:\\\/\\\/mpcid.gov.gn\\\/index.php\\\/guinee-turquie-une-cooperation-renforcee-au-service-du-developpement-economique-et-technique\\\/#breadcrumb\",\"itemListElement\":[{\"@type\":\"ListItem\",\"position\":1,\"name\":\"Accueil\",\"item\":\"https:\\\/\\\/mpcid.gov.gn\\\/\"},{\"@type\":\"ListItem\",\"position\":2,\"name\":\"Guin\u00e9e\u2013Turquie : Une coop\u00e9ration renforc\u00e9e au service du d\u00e9veloppement \u00e9conomique et technique\"}]},{\"@type\":\"WebSite\",\"@id\":\"https:\\\/\\\/mpcid.gov.gn\\\/#website\",\"url\":\"https:\\\/\\\/mpcid.gov.gn\\\/\",\"name\":\"https:\\\/\\\/mpcid.gov.gn\\\/\",\"description\":\"Minist\u00e8re du Plan et de la Coop\u00e9ration Internationale\",\"publisher\":{\"@id\":\"https:\\\/\\\/mpcid.gov.gn\\\/#organization\"},\"potentialAction\":[{\"@type\":\"SearchAction\",\"target\":{\"@type\":\"EntryPoint\",\"urlTemplate\":\"https:\\\/\\\/mpcid.gov.gn\\\/?s={search_term_string}\"},\"query-input\":{\"@type\":\"PropertyValueSpecification\",\"valueRequired\":true,\"valueName\":\"search_term_string\"}}],\"inLanguage\":\"fr-FR\"},{\"@type\":\"Organization\",\"@id\":\"https:\\\/\\\/mpcid.gov.gn\\\/#organization\",\"name\":\"Minist\u00e8re du Plan et de la Coop\u00e9ration Internationale - MPCI\",\"url\":\"https:\\\/\\\/mpcid.gov.gn\\\/\",\"logo\":{\"@type\":\"ImageObject\",\"inLanguage\":\"fr-FR\",\"@id\":\"https:\\\/\\\/mpcid.gov.gn\\\/#\\\/schema\\\/logo\\\/image\\\/\",\"url\":\"https:\\\/\\\/mpcid.gov.gn\\\/wp-content\\\/uploads\\\/2023\\\/10\\\/Ministere-du-Plan-et-de-la-Cooperation-Internationale-MPCI.jpg\",\"contentUrl\":\"https:\\\/\\\/mpcid.gov.gn\\\/wp-content\\\/uploads\\\/2023\\\/10\\\/Ministere-du-Plan-et-de-la-Cooperation-Internationale-MPCI.jpg\",\"width\":462,\"height\":462,\"caption\":\"Minist\u00e8re du Plan et de la Coop\u00e9ration Internationale - MPCI\"},\"image\":{\"@id\":\"https:\\\/\\\/mpcid.gov.gn\\\/#\\\/schema\\\/logo\\\/image\\\/\"},\"sameAs\":[\"https:\\\/\\\/www.facebook.com\\\/MPCIGN\",\"https:\\\/\\\/x.com\\\/MpciGov\"]},{\"@type\":\"Person\",\"@id\":\"https:\\\/\\\/mpcid.gov.gn\\\/#\\\/schema\\\/person\\\/070aeea8fafd7a7e5a037505652abbee\",\"name\":\"Service Communication\",\"sameAs\":[\"http:\\\/\\\/Service-com\"],\"url\":\"https:\\\/\\\/mpcid.gov.gn\\\/index.php\\\/author\\\/service-com\\\/\"}]}<\/script>\n<!-- \/ Yoast SEO plugin. -->","yoast_head_json":{"title":"Guin\u00e9e\u2013Turquie : Une coop\u00e9ration renforc\u00e9e au service du d\u00e9veloppement \u00e9conomique et technique - MPCI","robots":{"index":"index","follow":"follow","max-snippet":"max-snippet:-1","max-image-preview":"max-image-preview:large","max-video-preview":"max-video-preview:-1"},"canonical":"https:\/\/mpcid.gov.gn\/index.php\/guinee-turquie-une-cooperation-renforcee-au-service-du-developpement-economique-et-technique\/","og_locale":"fr_FR","og_type":"article","og_title":"Guin\u00e9e\u2013Turquie : Une coop\u00e9ration renforc\u00e9e au service du d\u00e9veloppement \u00e9conomique et technique - MPCI","og_description":"Le Ministre du Plan, de la Coop\u00e9ration internationale et du D\u00e9veloppement, Isma\u00ebl NABE, a re\u00e7u en audience, ce mercredi 18 mars 2026, Son Excellence Rifat Cem \u00d6rnekol, Ambassadeur de Turquie en Guin\u00e9e, accompagn\u00e9 de Monsieur Enes AKEL, Conseilller Commercial de l\u2019ambassade. Cette rencontre s\u2019inscrit dans une volont\u00e9 commune de renforcer la coop\u00e9ration bilat\u00e9rale, en mettant &hellip; Continue reading \"Guin\u00e9e\u2013Turquie : Une coop\u00e9ration renforc\u00e9e au service du d\u00e9veloppement \u00e9conomique et technique\"","og_url":"https:\/\/mpcid.gov.gn\/index.php\/guinee-turquie-une-cooperation-renforcee-au-service-du-developpement-economique-et-technique\/","og_site_name":"MPCI","article_publisher":"https:\/\/www.facebook.com\/MPCIGN","article_published_time":"2026-03-18T17:44:21+00:00","article_modified_time":"2026-03-20T22:12:04+00:00","og_image":[{"width":1076,"height":794,"url":"https:\/\/mpcid.gov.gn\/wp-content\/uploads\/2026\/03\/MPCID-Turquie-5.jpg","type":"image\/jpeg"}],"author":"Service Communication","twitter_card":"summary_large_image","twitter_creator":"@MpciGov","twitter_site":"@MpciGov","twitter_misc":{"\u00c9crit par":"Service Communication","Dur\u00e9e de lecture estim\u00e9e":"6 minutes"},"schema":{"@context":"https:\/\/schema.org","@graph":[{"@type":"Article","@id":"https:\/\/mpcid.gov.gn\/index.php\/guinee-turquie-une-cooperation-renforcee-au-service-du-developpement-economique-et-technique\/#article","isPartOf":{"@id":"https:\/\/mpcid.gov.gn\/index.php\/guinee-turquie-une-cooperation-renforcee-au-service-du-developpement-economique-et-technique\/"},"author":{"name":"Service Communication","@id":"https:\/\/mpcid.gov.gn\/#\/schema\/person\/070aeea8fafd7a7e5a037505652abbee"},"headline":"Guin\u00e9e\u2013Turquie : Une coop\u00e9ration renforc\u00e9e au service du d\u00e9veloppement \u00e9conomique et technique","datePublished":"2026-03-18T17:44:21+00:00","dateModified":"2026-03-20T22:12:04+00:00","mainEntityOfPage":{"@id":"https:\/\/mpcid.gov.gn\/index.php\/guinee-turquie-une-cooperation-renforcee-au-service-du-developpement-economique-et-technique\/"},"wordCount":699,"publisher":{"@id":"https:\/\/mpcid.gov.gn\/#organization"},"image":{"@id":"https:\/\/mpcid.gov.gn\/index.php\/guinee-turquie-une-cooperation-renforcee-au-service-du-developpement-economique-et-technique\/#primaryimage"},"thumbnailUrl":"https:\/\/mpcid.gov.gn\/wp-content\/uploads\/2026\/03\/MPCID-Turquie-5.jpg","articleSection":["Actualit\u00e9s"],"inLanguage":"fr-FR"},{"@type":"WebPage","@id":"https:\/\/mpcid.gov.gn\/index.php\/guinee-turquie-une-cooperation-renforcee-au-service-du-developpement-economique-et-technique\/","url":"https:\/\/mpcid.gov.gn\/index.php\/guinee-turquie-une-cooperation-renforcee-au-service-du-developpement-economique-et-technique\/","name":"Guin\u00e9e\u2013Turquie : Une coop\u00e9ration renforc\u00e9e au service du d\u00e9veloppement \u00e9conomique et technique - MPCI","isPartOf":{"@id":"https:\/\/mpcid.gov.gn\/#website"},"primaryImageOfPage":{"@id":"https:\/\/mpcid.gov.gn\/index.php\/guinee-turquie-une-cooperation-renforcee-au-service-du-developpement-economique-et-technique\/#primaryimage"},"image":{"@id":"https:\/\/mpcid.gov.gn\/index.php\/guinee-turquie-une-cooperation-renforcee-au-service-du-developpement-economique-et-technique\/#primaryimage"},"thumbnailUrl":"https:\/\/mpcid.gov.gn\/wp-content\/uploads\/2026\/03\/MPCID-Turquie-5.jpg","datePublished":"2026-03-18T17:44:21+00:00","dateModified":"2026-03-20T22:12:04+00:00","breadcrumb":{"@id":"https:\/\/mpcid.gov.gn\/index.php\/guinee-turquie-une-cooperation-renforcee-au-service-du-developpement-economique-et-technique\/#breadcrumb"},"inLanguage":"fr-FR","potentialAction":[{"@type":"ReadAction","target":["https:\/\/mpcid.gov.gn\/index.php\/guinee-turquie-une-cooperation-renforcee-au-service-du-developpement-economique-et-technique\/"]}]},{"@type":"ImageObject","inLanguage":"fr-FR","@id":"https:\/\/mpcid.gov.gn\/index.php\/guinee-turquie-une-cooperation-renforcee-au-service-du-developpement-economique-et-technique\/#primaryimage","url":"https:\/\/mpcid.gov.gn\/wp-content\/uploads\/2026\/03\/MPCID-Turquie-5.jpg","contentUrl":"https:\/\/mpcid.gov.gn\/wp-content\/uploads\/2026\/03\/MPCID-Turquie-5.jpg","width":1076,"height":794},{"@type":"BreadcrumbList","@id":"https:\/\/mpcid.gov.gn\/index.php\/guinee-turquie-une-cooperation-renforcee-au-service-du-developpement-economique-et-technique\/#breadcrumb","itemListElement":[{"@type":"ListItem","position":1,"name":"Accueil","item":"https:\/\/mpcid.gov.gn\/"},{"@type":"ListItem","position":2,"name":"Guin\u00e9e\u2013Turquie : Une coop\u00e9ration renforc\u00e9e au service du d\u00e9veloppement \u00e9conomique et technique"}]},{"@type":"WebSite","@id":"https:\/\/mpcid.gov.gn\/#website","url":"https:\/\/mpcid.gov.gn\/","name":"https:\/\/mpcid.gov.gn\/","description":"Minist\u00e8re du Plan et de la Coop\u00e9ration Internationale","publisher":{"@id":"https:\/\/mpcid.gov.gn\/#organization"},"potentialAction":[{"@type":"SearchAction","target":{"@type":"EntryPoint","urlTemplate":"https:\/\/mpcid.gov.gn\/?s={search_term_string}"},"query-input":{"@type":"PropertyValueSpecification","valueRequired":true,"valueName":"search_term_string"}}],"inLanguage":"fr-FR"},{"@type":"Organization","@id":"https:\/\/mpcid.gov.gn\/#organization","name":"Minist\u00e8re du Plan et de la Coop\u00e9ration Internationale - MPCI","url":"https:\/\/mpcid.gov.gn\/","logo":{"@type":"ImageObject","inLanguage":"fr-FR","@id":"https:\/\/mpcid.gov.gn\/#\/schema\/logo\/image\/","url":"https:\/\/mpcid.gov.gn\/wp-content\/uploads\/2023\/10\/Ministere-du-Plan-et-de-la-Cooperation-Internationale-MPCI.jpg","contentUrl":"https:\/\/mpcid.gov.gn\/wp-content\/uploads\/2023\/10\/Ministere-du-Plan-et-de-la-Cooperation-Internationale-MPCI.jpg","width":462,"height":462,"caption":"Minist\u00e8re du Plan et de la Coop\u00e9ration Internationale - MPCI"},"image":{"@id":"https:\/\/mpcid.gov.gn\/#\/schema\/logo\/image\/"},"sameAs":["https:\/\/www.facebook.com\/MPCIGN","https:\/\/x.com\/MpciGov"]},{"@type":"Person","@id":"https:\/\/mpcid.gov.gn\/#\/schema\/person\/070aeea8fafd7a7e5a037505652abbee","name":"Service Communication","sameAs":["http:\/\/Service-com"],"url":"https:\/\/mpcid.gov.gn\/index.php\/author\/service-com\/"}]}},"_links":{"self":[{"href":"https:\/\/mpcid.gov.gn\/index.php\/wp-json\/wp\/v2\/posts\/19220","targetHints":{"allow":["GET"]}}],"collection":[{"href":"https:\/\/mpcid.gov.gn\/index.php\/wp-json\/wp\/v2\/posts"}],"about":[{"href":"https:\/\/mpcid.gov.gn\/index.php\/wp-json\/wp\/v2\/types\/post"}],"author":[{"embeddable":true,"href":"https:\/\/mpcid.gov.gn\/index.php\/wp-json\/wp\/v2\/users\/20"}],"replies":[{"embeddable":true,"href":"https:\/\/mpcid.gov.gn\/index.php\/wp-json\/wp\/v2\/comments?post=19220"}],"version-history":[{"count":0,"href":"https:\/\/mpcid.gov.gn\/index.php\/wp-json\/wp\/v2\/posts\/19220\/revisions"}],"wp:featuredmedia":[{"embeddable":true,"href":"https:\/\/mpcid.gov.gn\/index.php\/wp-json\/wp\/v2\/media\/19221"}],"wp:attachment":[{"href":"https:\/\/mpcid.gov.gn\/index.php\/wp-json\/wp\/v2\/media?parent=19220"}],"wp:term":[{"taxonomy":"category","embeddable":true,"href":"https:\/\/mpcid.gov.gn\/index.php\/wp-json\/wp\/v2\/categories?post=19220"},{"taxonomy":"post_tag","embeddable":true,"href":"https:\/\/mpcid.gov.gn\/index.php\/wp-json\/wp\/v2\/tags?post=19220"}],"curies":[{"name":"wp","href":"https:\/\/api.w.org\/{rel}","templated":true}]}}