{"id":19216,"date":"2026-03-15T17:32:01","date_gmt":"2026-03-15T17:32:01","guid":{"rendered":"https:\/\/mpcid.gov.gn\/?p=19216"},"modified":"2026-03-15T17:32:01","modified_gmt":"2026-03-15T17:32:01","slug":"la-guinee-franchit-une-nouvelle-etape-sp-releve-sa-perspective-a-positive","status":"publish","type":"post","link":"https:\/\/mpcid.gov.gn\/index.php\/la-guinee-franchit-une-nouvelle-etape-sp-releve-sa-perspective-a-positive\/","title":{"rendered":"La Guin\u00e9e franchit une nouvelle \u00e9tape : S&amp;P rel\u00e8ve sa perspective \u00e0 \u00ab Positive \u00bb"},"content":{"rendered":"<p>Quelques mois apr\u00e8s avoir obtenu sa premi\u00e8re notation souveraine, la Guin\u00e9e voit sa perspective rehauss\u00e9e de \u00ab Stable \u00bb \u00e0 \u00ab Positive \u00bb d\u00e8s sa premi\u00e8re revue.<\/p>\n<p>Ce rel\u00e8vement rapide constitue une reconnaissance importante de la trajectoire engag\u00e9e par notre pays. Il montre que la Guin\u00e9e ne se contente pas de tenir ses engagements \u2014 elle les d\u00e9passe.<\/p>\n<p>Cette notation B+ avec perspective positive n\u2019est pas le fruit du hasard, il est le r\u00e9sultat d&rsquo;un travail collectif, de r\u00e9formes courageuses et d&rsquo;une vision claire port\u00e9e avec d\u00e9termination par Son Excellence le Pr\u00e9sident Mamadi Doumbouya. Les r\u00e9sultats sont l\u00e0 et ils parlent d\u2019eux-m\u00eames :<\/p>\n<p>\ud83d\udd39 Une croissance \u00e9conomique exceptionnelle port\u00e9e entre autres par la mont\u00e9e en puissance de Simandou<\/p>\n<p>\ud83d\udd39 Des r\u00e9serves de change qui ont plus que tripl\u00e9 en un an<\/p>\n<p>\ud83d\udd39 la consolidation budg\u00e9taire qui a permis une am\u00e9lioration des recettes publiques ; et<\/p>\n<p>\ud83d\udd39la mise en \u0153uvre de plusieurs reformes port\u00e9es par la disponibilit\u00e9 des statistiques de qualit\u00e9 produites selon les standards internationaux, gr\u00e2ce notamment au rebasage du PIB.<\/p>\n<p>La Guin\u00e9e confirme ainsi son positionnement parmi les signatures souveraines les plus solides du continent africain et s\u2019affirme comme une destination d&rsquo;investissement cr\u00e9dible et attractive.<\/p>\n<p>Ensemble, continuons d\u2019\u00e9crire l&rsquo;histoire d&rsquo;une Guin\u00e9e unie, prosp\u00e8re et r\u00e9solument tourn\u00e9e vers l&rsquo;avenir.<\/p>\n","protected":false},"excerpt":{"rendered":"<p>Quelques mois apr\u00e8s avoir obtenu sa premi\u00e8re notation souveraine, la Guin\u00e9e voit sa perspective rehauss\u00e9e de \u00ab Stable \u00bb \u00e0 \u00ab Positive \u00bb d\u00e8s sa premi\u00e8re revue. Ce rel\u00e8vement rapide constitue une reconnaissance importante de la trajectoire engag\u00e9e par notre pays. Il montre que la Guin\u00e9e ne se contente pas de tenir ses engagements \u2014 &hellip; <a href=\"https:\/\/mpcid.gov.gn\/index.php\/la-guinee-franchit-une-nouvelle-etape-sp-releve-sa-perspective-a-positive\/\" class=\"more-link\">Continue reading<span class=\"screen-reader-text\"> \u00ab\u00a0La Guin\u00e9e franchit une nouvelle \u00e9tape : S&amp;P rel\u00e8ve sa perspective \u00e0 \u00ab Positive \u00bb\u00a0\u00bb<\/span><\/a><\/p>\n","protected":false},"author":20,"featured_media":19217,"comment_status":"closed","ping_status":"closed","sticky":false,"template":"","format":"standard","meta":{"footnotes":""},"categories":[63],"tags":[],"class_list":["post-19216","post","type-post","status-publish","format-standard","has-post-thumbnail","hentry","category-actualites"],"yoast_head":"<!-- This site is optimized with the Yoast SEO plugin v27.5 - https:\/\/yoast.com\/product\/yoast-seo-wordpress\/ -->\n<title>La Guin\u00e9e franchit une nouvelle \u00e9tape : S&amp;P rel\u00e8ve sa perspective \u00e0 \u00ab Positive \u00bb - MPCI<\/title>\n<meta name=\"robots\" content=\"index, follow, max-snippet:-1, max-image-preview:large, max-video-preview:-1\" \/>\n<link rel=\"canonical\" href=\"https:\/\/mpcid.gov.gn\/index.php\/la-guinee-franchit-une-nouvelle-etape-sp-releve-sa-perspective-a-positive\/\" \/>\n<meta property=\"og:locale\" content=\"fr_FR\" \/>\n<meta property=\"og:type\" content=\"article\" \/>\n<meta property=\"og:title\" content=\"La Guin\u00e9e franchit une nouvelle \u00e9tape : S&amp;P rel\u00e8ve sa perspective \u00e0 \u00ab Positive \u00bb - MPCI\" \/>\n<meta property=\"og:description\" content=\"Quelques mois apr\u00e8s avoir obtenu sa premi\u00e8re notation souveraine, la Guin\u00e9e voit sa perspective rehauss\u00e9e de \u00ab Stable \u00bb \u00e0 \u00ab Positive \u00bb d\u00e8s sa premi\u00e8re revue. Ce rel\u00e8vement rapide constitue une reconnaissance importante de la trajectoire engag\u00e9e par notre pays. Il montre que la Guin\u00e9e ne se contente pas de tenir ses engagements \u2014 &hellip; Continue reading &quot;La Guin\u00e9e franchit une nouvelle \u00e9tape : S&amp;P rel\u00e8ve sa perspective \u00e0 \u00ab Positive \u00bb&quot;\" \/>\n<meta property=\"og:url\" content=\"https:\/\/mpcid.gov.gn\/index.php\/la-guinee-franchit-une-nouvelle-etape-sp-releve-sa-perspective-a-positive\/\" \/>\n<meta property=\"og:site_name\" content=\"MPCI\" \/>\n<meta property=\"article:publisher\" content=\"https:\/\/www.facebook.com\/MPCIGN\" \/>\n<meta property=\"article:published_time\" content=\"2026-03-15T17:32:01+00:00\" \/>\n<meta property=\"og:image\" content=\"https:\/\/mpcid.gov.gn\/wp-content\/uploads\/2026\/03\/1-6.jpg\" \/>\n\t<meta property=\"og:image:width\" content=\"1600\" \/>\n\t<meta property=\"og:image:height\" content=\"1066\" \/>\n\t<meta property=\"og:image:type\" content=\"image\/jpeg\" \/>\n<meta name=\"author\" content=\"Service Communication\" \/>\n<meta name=\"twitter:card\" content=\"summary_large_image\" \/>\n<meta name=\"twitter:creator\" content=\"@MpciGov\" \/>\n<meta name=\"twitter:site\" content=\"@MpciGov\" \/>\n<meta name=\"twitter:label1\" content=\"\u00c9crit par\" \/>\n\t<meta name=\"twitter:data1\" content=\"Service Communication\" \/>\n\t<meta name=\"twitter:label2\" content=\"Dur\u00e9e de lecture estim\u00e9e\" \/>\n\t<meta name=\"twitter:data2\" content=\"2 minutes\" \/>\n<script type=\"application\/ld+json\" class=\"yoast-schema-graph\">{\"@context\":\"https:\\\/\\\/schema.org\",\"@graph\":[{\"@type\":\"Article\",\"@id\":\"https:\\\/\\\/mpcid.gov.gn\\\/index.php\\\/la-guinee-franchit-une-nouvelle-etape-sp-releve-sa-perspective-a-positive\\\/#article\",\"isPartOf\":{\"@id\":\"https:\\\/\\\/mpcid.gov.gn\\\/index.php\\\/la-guinee-franchit-une-nouvelle-etape-sp-releve-sa-perspective-a-positive\\\/\"},\"author\":{\"name\":\"Service Communication\",\"@id\":\"https:\\\/\\\/mpcid.gov.gn\\\/#\\\/schema\\\/person\\\/070aeea8fafd7a7e5a037505652abbee\"},\"headline\":\"La Guin\u00e9e franchit une nouvelle \u00e9tape : S&amp;P rel\u00e8ve sa perspective \u00e0 \u00ab Positive \u00bb\",\"datePublished\":\"2026-03-15T17:32:01+00:00\",\"mainEntityOfPage\":{\"@id\":\"https:\\\/\\\/mpcid.gov.gn\\\/index.php\\\/la-guinee-franchit-une-nouvelle-etape-sp-releve-sa-perspective-a-positive\\\/\"},\"wordCount\":253,\"publisher\":{\"@id\":\"https:\\\/\\\/mpcid.gov.gn\\\/#organization\"},\"image\":{\"@id\":\"https:\\\/\\\/mpcid.gov.gn\\\/index.php\\\/la-guinee-franchit-une-nouvelle-etape-sp-releve-sa-perspective-a-positive\\\/#primaryimage\"},\"thumbnailUrl\":\"https:\\\/\\\/mpcid.gov.gn\\\/wp-content\\\/uploads\\\/2026\\\/03\\\/1-6.jpg\",\"articleSection\":[\"Actualit\u00e9s\"],\"inLanguage\":\"fr-FR\"},{\"@type\":\"WebPage\",\"@id\":\"https:\\\/\\\/mpcid.gov.gn\\\/index.php\\\/la-guinee-franchit-une-nouvelle-etape-sp-releve-sa-perspective-a-positive\\\/\",\"url\":\"https:\\\/\\\/mpcid.gov.gn\\\/index.php\\\/la-guinee-franchit-une-nouvelle-etape-sp-releve-sa-perspective-a-positive\\\/\",\"name\":\"La Guin\u00e9e franchit une nouvelle \u00e9tape : S&amp;P rel\u00e8ve sa perspective \u00e0 \u00ab Positive \u00bb - MPCI\",\"isPartOf\":{\"@id\":\"https:\\\/\\\/mpcid.gov.gn\\\/#website\"},\"primaryImageOfPage\":{\"@id\":\"https:\\\/\\\/mpcid.gov.gn\\\/index.php\\\/la-guinee-franchit-une-nouvelle-etape-sp-releve-sa-perspective-a-positive\\\/#primaryimage\"},\"image\":{\"@id\":\"https:\\\/\\\/mpcid.gov.gn\\\/index.php\\\/la-guinee-franchit-une-nouvelle-etape-sp-releve-sa-perspective-a-positive\\\/#primaryimage\"},\"thumbnailUrl\":\"https:\\\/\\\/mpcid.gov.gn\\\/wp-content\\\/uploads\\\/2026\\\/03\\\/1-6.jpg\",\"datePublished\":\"2026-03-15T17:32:01+00:00\",\"breadcrumb\":{\"@id\":\"https:\\\/\\\/mpcid.gov.gn\\\/index.php\\\/la-guinee-franchit-une-nouvelle-etape-sp-releve-sa-perspective-a-positive\\\/#breadcrumb\"},\"inLanguage\":\"fr-FR\",\"potentialAction\":[{\"@type\":\"ReadAction\",\"target\":[\"https:\\\/\\\/mpcid.gov.gn\\\/index.php\\\/la-guinee-franchit-une-nouvelle-etape-sp-releve-sa-perspective-a-positive\\\/\"]}]},{\"@type\":\"ImageObject\",\"inLanguage\":\"fr-FR\",\"@id\":\"https:\\\/\\\/mpcid.gov.gn\\\/index.php\\\/la-guinee-franchit-une-nouvelle-etape-sp-releve-sa-perspective-a-positive\\\/#primaryimage\",\"url\":\"https:\\\/\\\/mpcid.gov.gn\\\/wp-content\\\/uploads\\\/2026\\\/03\\\/1-6.jpg\",\"contentUrl\":\"https:\\\/\\\/mpcid.gov.gn\\\/wp-content\\\/uploads\\\/2026\\\/03\\\/1-6.jpg\",\"width\":1600,\"height\":1066},{\"@type\":\"BreadcrumbList\",\"@id\":\"https:\\\/\\\/mpcid.gov.gn\\\/index.php\\\/la-guinee-franchit-une-nouvelle-etape-sp-releve-sa-perspective-a-positive\\\/#breadcrumb\",\"itemListElement\":[{\"@type\":\"ListItem\",\"position\":1,\"name\":\"Accueil\",\"item\":\"https:\\\/\\\/mpcid.gov.gn\\\/\"},{\"@type\":\"ListItem\",\"position\":2,\"name\":\"La Guin\u00e9e franchit une nouvelle \u00e9tape : S&amp;P rel\u00e8ve sa perspective \u00e0 \u00ab Positive \u00bb\"}]},{\"@type\":\"WebSite\",\"@id\":\"https:\\\/\\\/mpcid.gov.gn\\\/#website\",\"url\":\"https:\\\/\\\/mpcid.gov.gn\\\/\",\"name\":\"https:\\\/\\\/mpcid.gov.gn\\\/\",\"description\":\"Minist\u00e8re du Plan et de la Coop\u00e9ration Internationale\",\"publisher\":{\"@id\":\"https:\\\/\\\/mpcid.gov.gn\\\/#organization\"},\"potentialAction\":[{\"@type\":\"SearchAction\",\"target\":{\"@type\":\"EntryPoint\",\"urlTemplate\":\"https:\\\/\\\/mpcid.gov.gn\\\/?s={search_term_string}\"},\"query-input\":{\"@type\":\"PropertyValueSpecification\",\"valueRequired\":true,\"valueName\":\"search_term_string\"}}],\"inLanguage\":\"fr-FR\"},{\"@type\":\"Organization\",\"@id\":\"https:\\\/\\\/mpcid.gov.gn\\\/#organization\",\"name\":\"Minist\u00e8re du Plan et de la Coop\u00e9ration Internationale - MPCI\",\"url\":\"https:\\\/\\\/mpcid.gov.gn\\\/\",\"logo\":{\"@type\":\"ImageObject\",\"inLanguage\":\"fr-FR\",\"@id\":\"https:\\\/\\\/mpcid.gov.gn\\\/#\\\/schema\\\/logo\\\/image\\\/\",\"url\":\"https:\\\/\\\/mpcid.gov.gn\\\/wp-content\\\/uploads\\\/2023\\\/10\\\/Ministere-du-Plan-et-de-la-Cooperation-Internationale-MPCI.jpg\",\"contentUrl\":\"https:\\\/\\\/mpcid.gov.gn\\\/wp-content\\\/uploads\\\/2023\\\/10\\\/Ministere-du-Plan-et-de-la-Cooperation-Internationale-MPCI.jpg\",\"width\":462,\"height\":462,\"caption\":\"Minist\u00e8re du Plan et de la Coop\u00e9ration Internationale - MPCI\"},\"image\":{\"@id\":\"https:\\\/\\\/mpcid.gov.gn\\\/#\\\/schema\\\/logo\\\/image\\\/\"},\"sameAs\":[\"https:\\\/\\\/www.facebook.com\\\/MPCIGN\",\"https:\\\/\\\/x.com\\\/MpciGov\"]},{\"@type\":\"Person\",\"@id\":\"https:\\\/\\\/mpcid.gov.gn\\\/#\\\/schema\\\/person\\\/070aeea8fafd7a7e5a037505652abbee\",\"name\":\"Service Communication\",\"sameAs\":[\"http:\\\/\\\/Service-com\"],\"url\":\"https:\\\/\\\/mpcid.gov.gn\\\/index.php\\\/author\\\/service-com\\\/\"}]}<\/script>\n<!-- \/ Yoast SEO plugin. -->","yoast_head_json":{"title":"La Guin\u00e9e franchit une nouvelle \u00e9tape : S&amp;P rel\u00e8ve sa perspective \u00e0 \u00ab Positive \u00bb - MPCI","robots":{"index":"index","follow":"follow","max-snippet":"max-snippet:-1","max-image-preview":"max-image-preview:large","max-video-preview":"max-video-preview:-1"},"canonical":"https:\/\/mpcid.gov.gn\/index.php\/la-guinee-franchit-une-nouvelle-etape-sp-releve-sa-perspective-a-positive\/","og_locale":"fr_FR","og_type":"article","og_title":"La Guin\u00e9e franchit une nouvelle \u00e9tape : S&amp;P rel\u00e8ve sa perspective \u00e0 \u00ab Positive \u00bb - MPCI","og_description":"Quelques mois apr\u00e8s avoir obtenu sa premi\u00e8re notation souveraine, la Guin\u00e9e voit sa perspective rehauss\u00e9e de \u00ab Stable \u00bb \u00e0 \u00ab Positive \u00bb d\u00e8s sa premi\u00e8re revue. Ce rel\u00e8vement rapide constitue une reconnaissance importante de la trajectoire engag\u00e9e par notre pays. Il montre que la Guin\u00e9e ne se contente pas de tenir ses engagements \u2014 &hellip; Continue reading \"La Guin\u00e9e franchit une nouvelle \u00e9tape : S&amp;P rel\u00e8ve sa perspective \u00e0 \u00ab Positive \u00bb\"","og_url":"https:\/\/mpcid.gov.gn\/index.php\/la-guinee-franchit-une-nouvelle-etape-sp-releve-sa-perspective-a-positive\/","og_site_name":"MPCI","article_publisher":"https:\/\/www.facebook.com\/MPCIGN","article_published_time":"2026-03-15T17:32:01+00:00","og_image":[{"width":1600,"height":1066,"url":"https:\/\/mpcid.gov.gn\/wp-content\/uploads\/2026\/03\/1-6.jpg","type":"image\/jpeg"}],"author":"Service Communication","twitter_card":"summary_large_image","twitter_creator":"@MpciGov","twitter_site":"@MpciGov","twitter_misc":{"\u00c9crit par":"Service Communication","Dur\u00e9e de lecture estim\u00e9e":"2 minutes"},"schema":{"@context":"https:\/\/schema.org","@graph":[{"@type":"Article","@id":"https:\/\/mpcid.gov.gn\/index.php\/la-guinee-franchit-une-nouvelle-etape-sp-releve-sa-perspective-a-positive\/#article","isPartOf":{"@id":"https:\/\/mpcid.gov.gn\/index.php\/la-guinee-franchit-une-nouvelle-etape-sp-releve-sa-perspective-a-positive\/"},"author":{"name":"Service Communication","@id":"https:\/\/mpcid.gov.gn\/#\/schema\/person\/070aeea8fafd7a7e5a037505652abbee"},"headline":"La Guin\u00e9e franchit une nouvelle \u00e9tape : S&amp;P rel\u00e8ve sa perspective \u00e0 \u00ab Positive \u00bb","datePublished":"2026-03-15T17:32:01+00:00","mainEntityOfPage":{"@id":"https:\/\/mpcid.gov.gn\/index.php\/la-guinee-franchit-une-nouvelle-etape-sp-releve-sa-perspective-a-positive\/"},"wordCount":253,"publisher":{"@id":"https:\/\/mpcid.gov.gn\/#organization"},"image":{"@id":"https:\/\/mpcid.gov.gn\/index.php\/la-guinee-franchit-une-nouvelle-etape-sp-releve-sa-perspective-a-positive\/#primaryimage"},"thumbnailUrl":"https:\/\/mpcid.gov.gn\/wp-content\/uploads\/2026\/03\/1-6.jpg","articleSection":["Actualit\u00e9s"],"inLanguage":"fr-FR"},{"@type":"WebPage","@id":"https:\/\/mpcid.gov.gn\/index.php\/la-guinee-franchit-une-nouvelle-etape-sp-releve-sa-perspective-a-positive\/","url":"https:\/\/mpcid.gov.gn\/index.php\/la-guinee-franchit-une-nouvelle-etape-sp-releve-sa-perspective-a-positive\/","name":"La Guin\u00e9e franchit une nouvelle \u00e9tape : S&amp;P rel\u00e8ve sa perspective \u00e0 \u00ab Positive \u00bb - MPCI","isPartOf":{"@id":"https:\/\/mpcid.gov.gn\/#website"},"primaryImageOfPage":{"@id":"https:\/\/mpcid.gov.gn\/index.php\/la-guinee-franchit-une-nouvelle-etape-sp-releve-sa-perspective-a-positive\/#primaryimage"},"image":{"@id":"https:\/\/mpcid.gov.gn\/index.php\/la-guinee-franchit-une-nouvelle-etape-sp-releve-sa-perspective-a-positive\/#primaryimage"},"thumbnailUrl":"https:\/\/mpcid.gov.gn\/wp-content\/uploads\/2026\/03\/1-6.jpg","datePublished":"2026-03-15T17:32:01+00:00","breadcrumb":{"@id":"https:\/\/mpcid.gov.gn\/index.php\/la-guinee-franchit-une-nouvelle-etape-sp-releve-sa-perspective-a-positive\/#breadcrumb"},"inLanguage":"fr-FR","potentialAction":[{"@type":"ReadAction","target":["https:\/\/mpcid.gov.gn\/index.php\/la-guinee-franchit-une-nouvelle-etape-sp-releve-sa-perspective-a-positive\/"]}]},{"@type":"ImageObject","inLanguage":"fr-FR","@id":"https:\/\/mpcid.gov.gn\/index.php\/la-guinee-franchit-une-nouvelle-etape-sp-releve-sa-perspective-a-positive\/#primaryimage","url":"https:\/\/mpcid.gov.gn\/wp-content\/uploads\/2026\/03\/1-6.jpg","contentUrl":"https:\/\/mpcid.gov.gn\/wp-content\/uploads\/2026\/03\/1-6.jpg","width":1600,"height":1066},{"@type":"BreadcrumbList","@id":"https:\/\/mpcid.gov.gn\/index.php\/la-guinee-franchit-une-nouvelle-etape-sp-releve-sa-perspective-a-positive\/#breadcrumb","itemListElement":[{"@type":"ListItem","position":1,"name":"Accueil","item":"https:\/\/mpcid.gov.gn\/"},{"@type":"ListItem","position":2,"name":"La Guin\u00e9e franchit une nouvelle \u00e9tape : S&amp;P rel\u00e8ve sa perspective \u00e0 \u00ab Positive \u00bb"}]},{"@type":"WebSite","@id":"https:\/\/mpcid.gov.gn\/#website","url":"https:\/\/mpcid.gov.gn\/","name":"https:\/\/mpcid.gov.gn\/","description":"Minist\u00e8re du Plan et de la Coop\u00e9ration Internationale","publisher":{"@id":"https:\/\/mpcid.gov.gn\/#organization"},"potentialAction":[{"@type":"SearchAction","target":{"@type":"EntryPoint","urlTemplate":"https:\/\/mpcid.gov.gn\/?s={search_term_string}"},"query-input":{"@type":"PropertyValueSpecification","valueRequired":true,"valueName":"search_term_string"}}],"inLanguage":"fr-FR"},{"@type":"Organization","@id":"https:\/\/mpcid.gov.gn\/#organization","name":"Minist\u00e8re du Plan et de la Coop\u00e9ration Internationale - MPCI","url":"https:\/\/mpcid.gov.gn\/","logo":{"@type":"ImageObject","inLanguage":"fr-FR","@id":"https:\/\/mpcid.gov.gn\/#\/schema\/logo\/image\/","url":"https:\/\/mpcid.gov.gn\/wp-content\/uploads\/2023\/10\/Ministere-du-Plan-et-de-la-Cooperation-Internationale-MPCI.jpg","contentUrl":"https:\/\/mpcid.gov.gn\/wp-content\/uploads\/2023\/10\/Ministere-du-Plan-et-de-la-Cooperation-Internationale-MPCI.jpg","width":462,"height":462,"caption":"Minist\u00e8re du Plan et de la Coop\u00e9ration Internationale - MPCI"},"image":{"@id":"https:\/\/mpcid.gov.gn\/#\/schema\/logo\/image\/"},"sameAs":["https:\/\/www.facebook.com\/MPCIGN","https:\/\/x.com\/MpciGov"]},{"@type":"Person","@id":"https:\/\/mpcid.gov.gn\/#\/schema\/person\/070aeea8fafd7a7e5a037505652abbee","name":"Service Communication","sameAs":["http:\/\/Service-com"],"url":"https:\/\/mpcid.gov.gn\/index.php\/author\/service-com\/"}]}},"_links":{"self":[{"href":"https:\/\/mpcid.gov.gn\/index.php\/wp-json\/wp\/v2\/posts\/19216","targetHints":{"allow":["GET"]}}],"collection":[{"href":"https:\/\/mpcid.gov.gn\/index.php\/wp-json\/wp\/v2\/posts"}],"about":[{"href":"https:\/\/mpcid.gov.gn\/index.php\/wp-json\/wp\/v2\/types\/post"}],"author":[{"embeddable":true,"href":"https:\/\/mpcid.gov.gn\/index.php\/wp-json\/wp\/v2\/users\/20"}],"replies":[{"embeddable":true,"href":"https:\/\/mpcid.gov.gn\/index.php\/wp-json\/wp\/v2\/comments?post=19216"}],"version-history":[{"count":0,"href":"https:\/\/mpcid.gov.gn\/index.php\/wp-json\/wp\/v2\/posts\/19216\/revisions"}],"wp:featuredmedia":[{"embeddable":true,"href":"https:\/\/mpcid.gov.gn\/index.php\/wp-json\/wp\/v2\/media\/19217"}],"wp:attachment":[{"href":"https:\/\/mpcid.gov.gn\/index.php\/wp-json\/wp\/v2\/media?parent=19216"}],"wp:term":[{"taxonomy":"category","embeddable":true,"href":"https:\/\/mpcid.gov.gn\/index.php\/wp-json\/wp\/v2\/categories?post=19216"},{"taxonomy":"post_tag","embeddable":true,"href":"https:\/\/mpcid.gov.gn\/index.php\/wp-json\/wp\/v2\/tags?post=19216"}],"curies":[{"name":"wp","href":"https:\/\/api.w.org\/{rel}","templated":true}]}}