{"id":19213,"date":"2026-03-14T12:10:06","date_gmt":"2026-03-14T12:10:06","guid":{"rendered":"https:\/\/mpcid.gov.gn\/?p=19213"},"modified":"2026-03-14T22:45:44","modified_gmt":"2026-03-14T22:45:44","slug":"cnt-le-ministre-ismael-nabe-defend-deux-accords-strategiques-pour-lagriculture-et-la-securite-urbaine","status":"publish","type":"post","link":"https:\/\/mpcid.gov.gn\/index.php\/cnt-le-ministre-ismael-nabe-defend-deux-accords-strategiques-pour-lagriculture-et-la-securite-urbaine\/","title":{"rendered":"CNT : Le Ministre Isma\u00ebl NABE d\u00e9fend deux accords strat\u00e9giques pour l\u2019agriculture et la s\u00e9curit\u00e9 urbaine"},"content":{"rendered":"<p>Conakry, le 13 mars 2026-Dans une \u00e9tape d\u00e9cisive pour la mise en \u0153uvre de la vision \u00ab Simandou 2040 \u00bb, le Ministre du Plan, de la Coop\u00e9ration Internationale et du D\u00e9veloppement, Isma\u00ebl NABE, a d\u00e9fendu et obtenu ce jour l\u2019approbation du Conseil National de la Transition (CNT) pour deux financements majeurs. Totalisant plus de 80 millions de dollars, ces accords conclus avec la Banque Africaine de D\u00e9veloppement (BAD) et la China EXIM Bank marquent un tournant dans la souverainet\u00e9 alimentaire et la s\u00e9curit\u00e9 urbaine.<\/p>\n<p>Sous l\u2019impulsion du leadership visionnaire de S.E.M. le Pr\u00e9sident de la R\u00e9publique, Monsieur Mamadi DOUMBOUYA, le gouvernement guin\u00e9en poursuit ainsi sa strat\u00e9gie de mobilisation de financements structurants. Face aux conseillers nationaux, le Ministre Isma\u00ebl NABE a d\u00e9taill\u00e9 les b\u00e9n\u00e9fices de ces deux conventions de pr\u00eats.<\/p>\n<p><strong>Une r\u00e9volution agricole avec la BAD et le Fonds Vert pour le Climat<\/strong><\/p>\n<p>La premi\u00e8re convention concerne l\u2019accord de financement de 30,5 millions de dollars US destin\u00e9 \u00e0 la promotion des cha\u00eenes de valeur agricoles durables. Il avait \u00e9t\u00e9 sign\u00e9 \u00e0 Abidjan le 4 janvier 2025, entre la Guin\u00e9e et la Banque Africaine de D\u00e9veloppement (BAD).<\/p>\n<p>Le Ministre NABE a insist\u00e9 sur les conditions particuli\u00e8rement avantageuses de ce financement : 80 % de la somme, soit 24,5 millions de dollars, est un don pur. Les 6 millions de dollars restants sont un pr\u00eat \u00e0 tr\u00e8s long terme, remboursable sur 50 ans, avec une p\u00e9riode de gr\u00e2ce de 10 ans.<\/p>\n<p>Ce programme vise \u00e0 s\u00e9curiser l&rsquo;approvisionnement des futurs Parcs Agro-Industriels et \u00e0 cr\u00e9er des emplois ruraux durables. \u00ab L\u2019avenir de la Guin\u00e9e ne se construira pas seulement dans les mines, mais aussi dans ses champs \u00bb, a martel\u00e9 le Ministre, rappelant qu&rsquo;aucune grande nation n\u2019a r\u00e9ussi sa mue \u00e9conomique sans moderniser son agriculture.<\/p>\n<p>Ce projet permettra notamment l\u2019am\u00e9lioration des infrastructures agricoles, la promotion de pratiques agricoles r\u00e9silientes face aux changements climatiques, et le d\u00e9veloppement de cha\u00eenes de valeur agricoles capables d\u2019alimenter durablement les zones de transformation agro-industrielles.<\/p>\n<p><strong>\u00ab Guinea Safe City \u00bb : La technologie au service de la protection des citoyens<\/strong><\/p>\n<p>Le second accord, un pr\u00eat concessionnel de 385,3 millions de renminbi, soit environ 54 millions de dollars, octroy\u00e9 par la China EXIM Bank, est d\u00e9di\u00e9 au projet ambitieux \u00ab Guinea Safe City \u00bb. C\u2019est le premier fruit concret du partenariat strat\u00e9gique renforc\u00e9 lors du Sommet FOCAC 2024. L\u2019accord a \u00e9t\u00e9 sign\u00e9 le 30 juin 2025 entre la R\u00e9publique de Guin\u00e9e et l\u2019Export-Import Bank of China (Exim Bank China).<\/p>\n<p>Ce projet s\u2019appuie sur l\u2019expertise technologique du groupe Huawei. Ce syst\u00e8me pr\u00e9voit l\u2019installation d\u2019un r\u00e9seau de cam\u00e9ras de vid\u00e9osurveillance intelligentes, de centres de commandement num\u00e9riques et d\u2019un dispositif de r\u00e9gulation du trafic routier. Pour le Ministre NABE, l\u2019enjeu est multiple : \u00ab Il n\u2019y a pas de d\u00e9veloppement durable sans s\u00e9curit\u00e9, il n\u2019y a pas de dynamisme \u00e9conomique sans mobilit\u00e9 fluide, et il n\u2019y a pas d\u2019innovation sans investissements technologiques strat\u00e9giques\u00a0\u00bb.<\/p>\n<p>Le projet ciblera des zones critiques telles que les ports, les fronti\u00e8res, les axes congestionn\u00e9s et les infrastructures strat\u00e9giques, pla\u00e7ant Conakry et les grandes villes au niveau des standards internationaux des m\u00e9tropoles mondiales. Il permettra la gestion du trafic urbain et l\u2019efficacit\u00e9 op\u00e9rationnelle des forces de d\u00e9fense et de s\u00e9curit\u00e9. \u00ab\u00a0Je voudrais saluer, avec respect et conviction, l\u2019engagement personnel du Pr\u00e9sident de la R\u00e9publique Son Excellence Monsieur Mamadi DOUMBOUYA. C\u2019est lui qui, d\u00e8s le FOCAC 2024, a port\u00e9 ce projet au plus haut niveau de l\u2019\u00c9tat chinois. C\u2019est lui qui a obtenu, \u00e0 travers une diplomatie d\u2019influence assum\u00e9e et efficace, un financement concessionnel permettant \u00e0 la Guin\u00e9e de faire un saut qualitatif dans la gestion de la s\u00e9curit\u00e9 urbaine. Et c\u2019est encore lui qui continue de placer la modernisation technologique, l\u2019innovation et la protection des citoyens au c\u0153ur de l\u2019action publique. Guinea Safe City est l\u2019une des incarnations les plus tangibles de cette vision\u00a0\u00bb, a insist\u00e9 le Ministre Isma\u00ebl NABE.<\/p>\n<p><strong>Simandou 2040 : Une boussole unique<\/strong><\/p>\n<p>Ces deux projets s&rsquo;inscrivent directement dans les piliers du Programme Simandou 2040. Qu&rsquo;il s&rsquo;agisse des infrastructures technologiques (Pilier 3) ou de la transformation agro-industrielle, l&rsquo;objectif reste la construction d&rsquo;une Guin\u00e9e \u00e9mergente, industrielle et inclusive.<\/p>\n<p>En ratifiant ces accords, le CNT valide une strat\u00e9gie de d\u00e9veloppement qui concilie croissance \u00e9conomique, protection du climat et s\u00e9curit\u00e9 publique. Comme l&rsquo;a conclu le Ministre Isma\u00ebl NABE, ces d\u00e9cisions participent \u00e0 la \u00ab construction patiente de la s\u00e9curit\u00e9, de la modernit\u00e9 et de la souverainet\u00e9 d\u2019une Nation \u00bb.<\/p>\n","protected":false},"excerpt":{"rendered":"<p>Conakry, le 13 mars 2026-Dans une \u00e9tape d\u00e9cisive pour la mise en \u0153uvre de la vision \u00ab Simandou 2040 \u00bb, le Ministre du Plan, de la Coop\u00e9ration Internationale et du D\u00e9veloppement, Isma\u00ebl NABE, a d\u00e9fendu et obtenu ce jour l\u2019approbation du Conseil National de la Transition (CNT) pour deux financements majeurs. Totalisant plus de 80 &hellip; <a href=\"https:\/\/mpcid.gov.gn\/index.php\/cnt-le-ministre-ismael-nabe-defend-deux-accords-strategiques-pour-lagriculture-et-la-securite-urbaine\/\" class=\"more-link\">Continue reading<span class=\"screen-reader-text\"> \u00ab\u00a0CNT : Le Ministre Isma\u00ebl NABE d\u00e9fend deux accords strat\u00e9giques pour l\u2019agriculture et la s\u00e9curit\u00e9 urbaine\u00a0\u00bb<\/span><\/a><\/p>\n","protected":false},"author":20,"featured_media":19215,"comment_status":"closed","ping_status":"closed","sticky":false,"template":"","format":"standard","meta":{"footnotes":""},"categories":[63],"tags":[],"class_list":["post-19213","post","type-post","status-publish","format-standard","has-post-thumbnail","hentry","category-actualites"],"yoast_head":"<!-- This site is optimized with the Yoast SEO plugin v27.5 - https:\/\/yoast.com\/product\/yoast-seo-wordpress\/ -->\n<title>CNT : Le Ministre Isma\u00ebl NABE d\u00e9fend deux accords strat\u00e9giques pour l\u2019agriculture et la s\u00e9curit\u00e9 urbaine - MPCI<\/title>\n<meta name=\"robots\" content=\"index, follow, max-snippet:-1, max-image-preview:large, max-video-preview:-1\" \/>\n<link rel=\"canonical\" href=\"https:\/\/mpcid.gov.gn\/index.php\/cnt-le-ministre-ismael-nabe-defend-deux-accords-strategiques-pour-lagriculture-et-la-securite-urbaine\/\" \/>\n<meta property=\"og:locale\" content=\"fr_FR\" \/>\n<meta property=\"og:type\" content=\"article\" \/>\n<meta property=\"og:title\" content=\"CNT : Le Ministre Isma\u00ebl NABE d\u00e9fend deux accords strat\u00e9giques pour l\u2019agriculture et la s\u00e9curit\u00e9 urbaine - MPCI\" \/>\n<meta property=\"og:description\" content=\"Conakry, le 13 mars 2026-Dans une \u00e9tape d\u00e9cisive pour la mise en \u0153uvre de la vision \u00ab Simandou 2040 \u00bb, le Ministre du Plan, de la Coop\u00e9ration Internationale et du D\u00e9veloppement, Isma\u00ebl NABE, a d\u00e9fendu et obtenu ce jour l\u2019approbation du Conseil National de la Transition (CNT) pour deux financements majeurs. Totalisant plus de 80 &hellip; Continue reading &quot;CNT : Le Ministre Isma\u00ebl NABE d\u00e9fend deux accords strat\u00e9giques pour l\u2019agriculture et la s\u00e9curit\u00e9 urbaine&quot;\" \/>\n<meta property=\"og:url\" content=\"https:\/\/mpcid.gov.gn\/index.php\/cnt-le-ministre-ismael-nabe-defend-deux-accords-strategiques-pour-lagriculture-et-la-securite-urbaine\/\" \/>\n<meta property=\"og:site_name\" content=\"MPCI\" \/>\n<meta property=\"article:publisher\" content=\"https:\/\/www.facebook.com\/MPCIGN\" \/>\n<meta property=\"article:published_time\" content=\"2026-03-14T12:10:06+00:00\" \/>\n<meta property=\"article:modified_time\" content=\"2026-03-14T22:45:44+00:00\" \/>\n<meta property=\"og:image\" content=\"https:\/\/mpcid.gov.gn\/wp-content\/uploads\/2026\/03\/5-6.jpg\" \/>\n\t<meta property=\"og:image:width\" content=\"1280\" \/>\n\t<meta property=\"og:image:height\" content=\"854\" \/>\n\t<meta property=\"og:image:type\" content=\"image\/jpeg\" \/>\n<meta name=\"author\" content=\"Service Communication\" \/>\n<meta name=\"twitter:card\" content=\"summary_large_image\" \/>\n<meta name=\"twitter:creator\" content=\"@MpciGov\" \/>\n<meta name=\"twitter:site\" content=\"@MpciGov\" \/>\n<meta name=\"twitter:label1\" content=\"\u00c9crit par\" \/>\n\t<meta name=\"twitter:data1\" content=\"Service Communication\" \/>\n\t<meta name=\"twitter:label2\" content=\"Dur\u00e9e de lecture estim\u00e9e\" \/>\n\t<meta name=\"twitter:data2\" content=\"4 minutes\" \/>\n<script type=\"application\/ld+json\" class=\"yoast-schema-graph\">{\"@context\":\"https:\\\/\\\/schema.org\",\"@graph\":[{\"@type\":\"Article\",\"@id\":\"https:\\\/\\\/mpcid.gov.gn\\\/index.php\\\/cnt-le-ministre-ismael-nabe-defend-deux-accords-strategiques-pour-lagriculture-et-la-securite-urbaine\\\/#article\",\"isPartOf\":{\"@id\":\"https:\\\/\\\/mpcid.gov.gn\\\/index.php\\\/cnt-le-ministre-ismael-nabe-defend-deux-accords-strategiques-pour-lagriculture-et-la-securite-urbaine\\\/\"},\"author\":{\"name\":\"Service Communication\",\"@id\":\"https:\\\/\\\/mpcid.gov.gn\\\/#\\\/schema\\\/person\\\/070aeea8fafd7a7e5a037505652abbee\"},\"headline\":\"CNT : Le Ministre Isma\u00ebl NABE d\u00e9fend deux accords strat\u00e9giques pour l\u2019agriculture et la s\u00e9curit\u00e9 urbaine\",\"datePublished\":\"2026-03-14T12:10:06+00:00\",\"dateModified\":\"2026-03-14T22:45:44+00:00\",\"mainEntityOfPage\":{\"@id\":\"https:\\\/\\\/mpcid.gov.gn\\\/index.php\\\/cnt-le-ministre-ismael-nabe-defend-deux-accords-strategiques-pour-lagriculture-et-la-securite-urbaine\\\/\"},\"wordCount\":817,\"publisher\":{\"@id\":\"https:\\\/\\\/mpcid.gov.gn\\\/#organization\"},\"image\":{\"@id\":\"https:\\\/\\\/mpcid.gov.gn\\\/index.php\\\/cnt-le-ministre-ismael-nabe-defend-deux-accords-strategiques-pour-lagriculture-et-la-securite-urbaine\\\/#primaryimage\"},\"thumbnailUrl\":\"https:\\\/\\\/mpcid.gov.gn\\\/wp-content\\\/uploads\\\/2026\\\/03\\\/5-6.jpg\",\"articleSection\":[\"Actualit\u00e9s\"],\"inLanguage\":\"fr-FR\"},{\"@type\":\"WebPage\",\"@id\":\"https:\\\/\\\/mpcid.gov.gn\\\/index.php\\\/cnt-le-ministre-ismael-nabe-defend-deux-accords-strategiques-pour-lagriculture-et-la-securite-urbaine\\\/\",\"url\":\"https:\\\/\\\/mpcid.gov.gn\\\/index.php\\\/cnt-le-ministre-ismael-nabe-defend-deux-accords-strategiques-pour-lagriculture-et-la-securite-urbaine\\\/\",\"name\":\"CNT : Le Ministre Isma\u00ebl NABE d\u00e9fend deux accords strat\u00e9giques pour l\u2019agriculture et la s\u00e9curit\u00e9 urbaine - MPCI\",\"isPartOf\":{\"@id\":\"https:\\\/\\\/mpcid.gov.gn\\\/#website\"},\"primaryImageOfPage\":{\"@id\":\"https:\\\/\\\/mpcid.gov.gn\\\/index.php\\\/cnt-le-ministre-ismael-nabe-defend-deux-accords-strategiques-pour-lagriculture-et-la-securite-urbaine\\\/#primaryimage\"},\"image\":{\"@id\":\"https:\\\/\\\/mpcid.gov.gn\\\/index.php\\\/cnt-le-ministre-ismael-nabe-defend-deux-accords-strategiques-pour-lagriculture-et-la-securite-urbaine\\\/#primaryimage\"},\"thumbnailUrl\":\"https:\\\/\\\/mpcid.gov.gn\\\/wp-content\\\/uploads\\\/2026\\\/03\\\/5-6.jpg\",\"datePublished\":\"2026-03-14T12:10:06+00:00\",\"dateModified\":\"2026-03-14T22:45:44+00:00\",\"breadcrumb\":{\"@id\":\"https:\\\/\\\/mpcid.gov.gn\\\/index.php\\\/cnt-le-ministre-ismael-nabe-defend-deux-accords-strategiques-pour-lagriculture-et-la-securite-urbaine\\\/#breadcrumb\"},\"inLanguage\":\"fr-FR\",\"potentialAction\":[{\"@type\":\"ReadAction\",\"target\":[\"https:\\\/\\\/mpcid.gov.gn\\\/index.php\\\/cnt-le-ministre-ismael-nabe-defend-deux-accords-strategiques-pour-lagriculture-et-la-securite-urbaine\\\/\"]}]},{\"@type\":\"ImageObject\",\"inLanguage\":\"fr-FR\",\"@id\":\"https:\\\/\\\/mpcid.gov.gn\\\/index.php\\\/cnt-le-ministre-ismael-nabe-defend-deux-accords-strategiques-pour-lagriculture-et-la-securite-urbaine\\\/#primaryimage\",\"url\":\"https:\\\/\\\/mpcid.gov.gn\\\/wp-content\\\/uploads\\\/2026\\\/03\\\/5-6.jpg\",\"contentUrl\":\"https:\\\/\\\/mpcid.gov.gn\\\/wp-content\\\/uploads\\\/2026\\\/03\\\/5-6.jpg\",\"width\":1280,\"height\":854},{\"@type\":\"BreadcrumbList\",\"@id\":\"https:\\\/\\\/mpcid.gov.gn\\\/index.php\\\/cnt-le-ministre-ismael-nabe-defend-deux-accords-strategiques-pour-lagriculture-et-la-securite-urbaine\\\/#breadcrumb\",\"itemListElement\":[{\"@type\":\"ListItem\",\"position\":1,\"name\":\"Accueil\",\"item\":\"https:\\\/\\\/mpcid.gov.gn\\\/\"},{\"@type\":\"ListItem\",\"position\":2,\"name\":\"CNT : Le Ministre Isma\u00ebl NABE d\u00e9fend deux accords strat\u00e9giques pour l\u2019agriculture et la s\u00e9curit\u00e9 urbaine\"}]},{\"@type\":\"WebSite\",\"@id\":\"https:\\\/\\\/mpcid.gov.gn\\\/#website\",\"url\":\"https:\\\/\\\/mpcid.gov.gn\\\/\",\"name\":\"https:\\\/\\\/mpcid.gov.gn\\\/\",\"description\":\"Minist\u00e8re du Plan et de la Coop\u00e9ration Internationale\",\"publisher\":{\"@id\":\"https:\\\/\\\/mpcid.gov.gn\\\/#organization\"},\"potentialAction\":[{\"@type\":\"SearchAction\",\"target\":{\"@type\":\"EntryPoint\",\"urlTemplate\":\"https:\\\/\\\/mpcid.gov.gn\\\/?s={search_term_string}\"},\"query-input\":{\"@type\":\"PropertyValueSpecification\",\"valueRequired\":true,\"valueName\":\"search_term_string\"}}],\"inLanguage\":\"fr-FR\"},{\"@type\":\"Organization\",\"@id\":\"https:\\\/\\\/mpcid.gov.gn\\\/#organization\",\"name\":\"Minist\u00e8re du Plan et de la Coop\u00e9ration Internationale - MPCI\",\"url\":\"https:\\\/\\\/mpcid.gov.gn\\\/\",\"logo\":{\"@type\":\"ImageObject\",\"inLanguage\":\"fr-FR\",\"@id\":\"https:\\\/\\\/mpcid.gov.gn\\\/#\\\/schema\\\/logo\\\/image\\\/\",\"url\":\"https:\\\/\\\/mpcid.gov.gn\\\/wp-content\\\/uploads\\\/2023\\\/10\\\/Ministere-du-Plan-et-de-la-Cooperation-Internationale-MPCI.jpg\",\"contentUrl\":\"https:\\\/\\\/mpcid.gov.gn\\\/wp-content\\\/uploads\\\/2023\\\/10\\\/Ministere-du-Plan-et-de-la-Cooperation-Internationale-MPCI.jpg\",\"width\":462,\"height\":462,\"caption\":\"Minist\u00e8re du Plan et de la Coop\u00e9ration Internationale - MPCI\"},\"image\":{\"@id\":\"https:\\\/\\\/mpcid.gov.gn\\\/#\\\/schema\\\/logo\\\/image\\\/\"},\"sameAs\":[\"https:\\\/\\\/www.facebook.com\\\/MPCIGN\",\"https:\\\/\\\/x.com\\\/MpciGov\"]},{\"@type\":\"Person\",\"@id\":\"https:\\\/\\\/mpcid.gov.gn\\\/#\\\/schema\\\/person\\\/070aeea8fafd7a7e5a037505652abbee\",\"name\":\"Service Communication\",\"sameAs\":[\"http:\\\/\\\/Service-com\"],\"url\":\"https:\\\/\\\/mpcid.gov.gn\\\/index.php\\\/author\\\/service-com\\\/\"}]}<\/script>\n<!-- \/ Yoast SEO plugin. -->","yoast_head_json":{"title":"CNT : Le Ministre Isma\u00ebl NABE d\u00e9fend deux accords strat\u00e9giques pour l\u2019agriculture et la s\u00e9curit\u00e9 urbaine - MPCI","robots":{"index":"index","follow":"follow","max-snippet":"max-snippet:-1","max-image-preview":"max-image-preview:large","max-video-preview":"max-video-preview:-1"},"canonical":"https:\/\/mpcid.gov.gn\/index.php\/cnt-le-ministre-ismael-nabe-defend-deux-accords-strategiques-pour-lagriculture-et-la-securite-urbaine\/","og_locale":"fr_FR","og_type":"article","og_title":"CNT : Le Ministre Isma\u00ebl NABE d\u00e9fend deux accords strat\u00e9giques pour l\u2019agriculture et la s\u00e9curit\u00e9 urbaine - MPCI","og_description":"Conakry, le 13 mars 2026-Dans une \u00e9tape d\u00e9cisive pour la mise en \u0153uvre de la vision \u00ab Simandou 2040 \u00bb, le Ministre du Plan, de la Coop\u00e9ration Internationale et du D\u00e9veloppement, Isma\u00ebl NABE, a d\u00e9fendu et obtenu ce jour l\u2019approbation du Conseil National de la Transition (CNT) pour deux financements majeurs. Totalisant plus de 80 &hellip; Continue reading \"CNT : Le Ministre Isma\u00ebl NABE d\u00e9fend deux accords strat\u00e9giques pour l\u2019agriculture et la s\u00e9curit\u00e9 urbaine\"","og_url":"https:\/\/mpcid.gov.gn\/index.php\/cnt-le-ministre-ismael-nabe-defend-deux-accords-strategiques-pour-lagriculture-et-la-securite-urbaine\/","og_site_name":"MPCI","article_publisher":"https:\/\/www.facebook.com\/MPCIGN","article_published_time":"2026-03-14T12:10:06+00:00","article_modified_time":"2026-03-14T22:45:44+00:00","og_image":[{"width":1280,"height":854,"url":"https:\/\/mpcid.gov.gn\/wp-content\/uploads\/2026\/03\/5-6.jpg","type":"image\/jpeg"}],"author":"Service Communication","twitter_card":"summary_large_image","twitter_creator":"@MpciGov","twitter_site":"@MpciGov","twitter_misc":{"\u00c9crit par":"Service Communication","Dur\u00e9e de lecture estim\u00e9e":"4 minutes"},"schema":{"@context":"https:\/\/schema.org","@graph":[{"@type":"Article","@id":"https:\/\/mpcid.gov.gn\/index.php\/cnt-le-ministre-ismael-nabe-defend-deux-accords-strategiques-pour-lagriculture-et-la-securite-urbaine\/#article","isPartOf":{"@id":"https:\/\/mpcid.gov.gn\/index.php\/cnt-le-ministre-ismael-nabe-defend-deux-accords-strategiques-pour-lagriculture-et-la-securite-urbaine\/"},"author":{"name":"Service Communication","@id":"https:\/\/mpcid.gov.gn\/#\/schema\/person\/070aeea8fafd7a7e5a037505652abbee"},"headline":"CNT : Le Ministre Isma\u00ebl NABE d\u00e9fend deux accords strat\u00e9giques pour l\u2019agriculture et la s\u00e9curit\u00e9 urbaine","datePublished":"2026-03-14T12:10:06+00:00","dateModified":"2026-03-14T22:45:44+00:00","mainEntityOfPage":{"@id":"https:\/\/mpcid.gov.gn\/index.php\/cnt-le-ministre-ismael-nabe-defend-deux-accords-strategiques-pour-lagriculture-et-la-securite-urbaine\/"},"wordCount":817,"publisher":{"@id":"https:\/\/mpcid.gov.gn\/#organization"},"image":{"@id":"https:\/\/mpcid.gov.gn\/index.php\/cnt-le-ministre-ismael-nabe-defend-deux-accords-strategiques-pour-lagriculture-et-la-securite-urbaine\/#primaryimage"},"thumbnailUrl":"https:\/\/mpcid.gov.gn\/wp-content\/uploads\/2026\/03\/5-6.jpg","articleSection":["Actualit\u00e9s"],"inLanguage":"fr-FR"},{"@type":"WebPage","@id":"https:\/\/mpcid.gov.gn\/index.php\/cnt-le-ministre-ismael-nabe-defend-deux-accords-strategiques-pour-lagriculture-et-la-securite-urbaine\/","url":"https:\/\/mpcid.gov.gn\/index.php\/cnt-le-ministre-ismael-nabe-defend-deux-accords-strategiques-pour-lagriculture-et-la-securite-urbaine\/","name":"CNT : Le Ministre Isma\u00ebl NABE d\u00e9fend deux accords strat\u00e9giques pour l\u2019agriculture et la s\u00e9curit\u00e9 urbaine - MPCI","isPartOf":{"@id":"https:\/\/mpcid.gov.gn\/#website"},"primaryImageOfPage":{"@id":"https:\/\/mpcid.gov.gn\/index.php\/cnt-le-ministre-ismael-nabe-defend-deux-accords-strategiques-pour-lagriculture-et-la-securite-urbaine\/#primaryimage"},"image":{"@id":"https:\/\/mpcid.gov.gn\/index.php\/cnt-le-ministre-ismael-nabe-defend-deux-accords-strategiques-pour-lagriculture-et-la-securite-urbaine\/#primaryimage"},"thumbnailUrl":"https:\/\/mpcid.gov.gn\/wp-content\/uploads\/2026\/03\/5-6.jpg","datePublished":"2026-03-14T12:10:06+00:00","dateModified":"2026-03-14T22:45:44+00:00","breadcrumb":{"@id":"https:\/\/mpcid.gov.gn\/index.php\/cnt-le-ministre-ismael-nabe-defend-deux-accords-strategiques-pour-lagriculture-et-la-securite-urbaine\/#breadcrumb"},"inLanguage":"fr-FR","potentialAction":[{"@type":"ReadAction","target":["https:\/\/mpcid.gov.gn\/index.php\/cnt-le-ministre-ismael-nabe-defend-deux-accords-strategiques-pour-lagriculture-et-la-securite-urbaine\/"]}]},{"@type":"ImageObject","inLanguage":"fr-FR","@id":"https:\/\/mpcid.gov.gn\/index.php\/cnt-le-ministre-ismael-nabe-defend-deux-accords-strategiques-pour-lagriculture-et-la-securite-urbaine\/#primaryimage","url":"https:\/\/mpcid.gov.gn\/wp-content\/uploads\/2026\/03\/5-6.jpg","contentUrl":"https:\/\/mpcid.gov.gn\/wp-content\/uploads\/2026\/03\/5-6.jpg","width":1280,"height":854},{"@type":"BreadcrumbList","@id":"https:\/\/mpcid.gov.gn\/index.php\/cnt-le-ministre-ismael-nabe-defend-deux-accords-strategiques-pour-lagriculture-et-la-securite-urbaine\/#breadcrumb","itemListElement":[{"@type":"ListItem","position":1,"name":"Accueil","item":"https:\/\/mpcid.gov.gn\/"},{"@type":"ListItem","position":2,"name":"CNT : Le Ministre Isma\u00ebl NABE d\u00e9fend deux accords strat\u00e9giques pour l\u2019agriculture et la s\u00e9curit\u00e9 urbaine"}]},{"@type":"WebSite","@id":"https:\/\/mpcid.gov.gn\/#website","url":"https:\/\/mpcid.gov.gn\/","name":"https:\/\/mpcid.gov.gn\/","description":"Minist\u00e8re du Plan et de la Coop\u00e9ration Internationale","publisher":{"@id":"https:\/\/mpcid.gov.gn\/#organization"},"potentialAction":[{"@type":"SearchAction","target":{"@type":"EntryPoint","urlTemplate":"https:\/\/mpcid.gov.gn\/?s={search_term_string}"},"query-input":{"@type":"PropertyValueSpecification","valueRequired":true,"valueName":"search_term_string"}}],"inLanguage":"fr-FR"},{"@type":"Organization","@id":"https:\/\/mpcid.gov.gn\/#organization","name":"Minist\u00e8re du Plan et de la Coop\u00e9ration Internationale - MPCI","url":"https:\/\/mpcid.gov.gn\/","logo":{"@type":"ImageObject","inLanguage":"fr-FR","@id":"https:\/\/mpcid.gov.gn\/#\/schema\/logo\/image\/","url":"https:\/\/mpcid.gov.gn\/wp-content\/uploads\/2023\/10\/Ministere-du-Plan-et-de-la-Cooperation-Internationale-MPCI.jpg","contentUrl":"https:\/\/mpcid.gov.gn\/wp-content\/uploads\/2023\/10\/Ministere-du-Plan-et-de-la-Cooperation-Internationale-MPCI.jpg","width":462,"height":462,"caption":"Minist\u00e8re du Plan et de la Coop\u00e9ration Internationale - MPCI"},"image":{"@id":"https:\/\/mpcid.gov.gn\/#\/schema\/logo\/image\/"},"sameAs":["https:\/\/www.facebook.com\/MPCIGN","https:\/\/x.com\/MpciGov"]},{"@type":"Person","@id":"https:\/\/mpcid.gov.gn\/#\/schema\/person\/070aeea8fafd7a7e5a037505652abbee","name":"Service Communication","sameAs":["http:\/\/Service-com"],"url":"https:\/\/mpcid.gov.gn\/index.php\/author\/service-com\/"}]}},"_links":{"self":[{"href":"https:\/\/mpcid.gov.gn\/index.php\/wp-json\/wp\/v2\/posts\/19213","targetHints":{"allow":["GET"]}}],"collection":[{"href":"https:\/\/mpcid.gov.gn\/index.php\/wp-json\/wp\/v2\/posts"}],"about":[{"href":"https:\/\/mpcid.gov.gn\/index.php\/wp-json\/wp\/v2\/types\/post"}],"author":[{"embeddable":true,"href":"https:\/\/mpcid.gov.gn\/index.php\/wp-json\/wp\/v2\/users\/20"}],"replies":[{"embeddable":true,"href":"https:\/\/mpcid.gov.gn\/index.php\/wp-json\/wp\/v2\/comments?post=19213"}],"version-history":[{"count":0,"href":"https:\/\/mpcid.gov.gn\/index.php\/wp-json\/wp\/v2\/posts\/19213\/revisions"}],"wp:featuredmedia":[{"embeddable":true,"href":"https:\/\/mpcid.gov.gn\/index.php\/wp-json\/wp\/v2\/media\/19215"}],"wp:attachment":[{"href":"https:\/\/mpcid.gov.gn\/index.php\/wp-json\/wp\/v2\/media?parent=19213"}],"wp:term":[{"taxonomy":"category","embeddable":true,"href":"https:\/\/mpcid.gov.gn\/index.php\/wp-json\/wp\/v2\/categories?post=19213"},{"taxonomy":"post_tag","embeddable":true,"href":"https:\/\/mpcid.gov.gn\/index.php\/wp-json\/wp\/v2\/tags?post=19213"}],"curies":[{"name":"wp","href":"https:\/\/api.w.org\/{rel}","templated":true}]}}