{"id":19210,"date":"2026-03-14T08:34:05","date_gmt":"2026-03-14T08:34:05","guid":{"rendered":"https:\/\/mpcid.gov.gn\/?p=19210"},"modified":"2026-03-14T22:37:10","modified_gmt":"2026-03-14T22:37:10","slug":"audience-le-ministre-ismael-nabe-recoit-le-charge-daffaires-de-lambassade-de-malaisie-en-guinee","status":"publish","type":"post","link":"https:\/\/mpcid.gov.gn\/index.php\/audience-le-ministre-ismael-nabe-recoit-le-charge-daffaires-de-lambassade-de-malaisie-en-guinee\/","title":{"rendered":"Audience : le Ministre Isma\u00ebl NAB\u00c9 re\u00e7oit le Charg\u00e9 d\u2019affaires de l\u2019Ambassade de Malaisie en Guin\u00e9e"},"content":{"rendered":"<p>Conakry, le 13 mars 2026-Monsieur le Ministre du Plan, de la Coop\u00e9ration Internationale et du D\u00e9veloppement, Isma\u00ebl NAB\u00c9, a re\u00e7u une audience M. Amad Fuad BIN MOHD NORZIN, Charg\u00e9 d\u2019affaires de l\u2019Ambassade de la Malaisie en R\u00e9publique de Guin\u00e9e.<\/p>\n<p>Pour cette rencontre, Monsieur le Ministre \u00e9tait accompagn\u00e9 de la Cheffe de Cabinet, Mme Fatoumata TOUR\u00c9, ainsi que de la Directrice Nationale Adjointe de la Coop\u00e9ration Internationale, Mme Housseinatou BAH.<\/p>\n<p>Au menu des \u00e9changes\u00a0: le renforcement de la coop\u00e9ration bilat\u00e9rale entre la Guin\u00e9e et la Malaisie, notamment la finance islamique, \u2060le fonds du p\u00e8lerinage, \u2060la plantation de palmier, \u2060l\u2019\u00e9ducation, les \u2060150 bourses, l\u2019\u2060extension de visa d\u2019entr\u00e9e pour la Guin\u00e9e de 3 mois et l\u2019\u2060\u00e9change des d\u00e9tenus.<\/p>\n<p>Dans son mot de bienvenue, le Ministre Isma\u00ebl NAB\u00c9 a tenu \u00e0 remercier chaleureusement son h\u00f4te pour cette visite de courtoisie, tout en rappelant avec insistance l&rsquo;excellence des liens historiques de coop\u00e9ration qui unissent les deux nations. Il a r\u00e9affirm\u00e9 que les portes du d\u00e9partement demeurent pleinement ouvertes \u00e0 la Malaisie, dans l&rsquo;optique de b\u00e2tir un partenariat strat\u00e9gique et mutuellement fructueux pour les deux parties.<\/p>\n<p>Le Ministre a profit\u00e9 de l\u2019opportunit\u00e9 pour souligner que, dans le cadre de la mise en \u0153uvre du Programme Simandou 2040, l\u2019expertise technologique et les capitaux des investisseurs malaisiens sont particuli\u00e8rement sollicit\u00e9s, notamment le Pilier 3, relatif au d\u00e9veloppement des technologies, ainsi que le Pilier 4, ax\u00e9 sur les secteurs de la finance, de la banque et des assurances.<\/p>\n<p>Au terme des \u00e9changes, les deux personnalit\u00e9s se sont engag\u00e9es \u00e0 proc\u00e9der prochainement \u00e0 une revue globale de la coop\u00e9ration existante, afin de dynamiser et de consolider davantage le partenariat \u00e9conomique entre la Guin\u00e9e et la Malaisie.<\/p>\n","protected":false},"excerpt":{"rendered":"<p>Conakry, le 13 mars 2026-Monsieur le Ministre du Plan, de la Coop\u00e9ration Internationale et du D\u00e9veloppement, Isma\u00ebl NAB\u00c9, a re\u00e7u une audience M. Amad Fuad BIN MOHD NORZIN, Charg\u00e9 d\u2019affaires de l\u2019Ambassade de la Malaisie en R\u00e9publique de Guin\u00e9e. Pour cette rencontre, Monsieur le Ministre \u00e9tait accompagn\u00e9 de la Cheffe de Cabinet, Mme Fatoumata TOUR\u00c9, &hellip; <a href=\"https:\/\/mpcid.gov.gn\/index.php\/audience-le-ministre-ismael-nabe-recoit-le-charge-daffaires-de-lambassade-de-malaisie-en-guinee\/\" class=\"more-link\">Continue reading<span class=\"screen-reader-text\"> \u00ab\u00a0Audience : le Ministre Isma\u00ebl NAB\u00c9 re\u00e7oit le Charg\u00e9 d\u2019affaires de l\u2019Ambassade de Malaisie en Guin\u00e9e\u00a0\u00bb<\/span><\/a><\/p>\n","protected":false},"author":20,"featured_media":19211,"comment_status":"closed","ping_status":"closed","sticky":false,"template":"","format":"standard","meta":{"footnotes":""},"categories":[63],"tags":[],"class_list":["post-19210","post","type-post","status-publish","format-standard","has-post-thumbnail","hentry","category-actualites"],"yoast_head":"<!-- This site is optimized with the Yoast SEO plugin v27.5 - https:\/\/yoast.com\/product\/yoast-seo-wordpress\/ -->\n<title>Audience : le Ministre Isma\u00ebl NAB\u00c9 re\u00e7oit le Charg\u00e9 d\u2019affaires de l\u2019Ambassade de Malaisie en Guin\u00e9e - MPCI<\/title>\n<meta name=\"robots\" content=\"index, follow, max-snippet:-1, max-image-preview:large, max-video-preview:-1\" \/>\n<link rel=\"canonical\" href=\"https:\/\/mpcid.gov.gn\/index.php\/audience-le-ministre-ismael-nabe-recoit-le-charge-daffaires-de-lambassade-de-malaisie-en-guinee\/\" \/>\n<meta property=\"og:locale\" content=\"fr_FR\" \/>\n<meta property=\"og:type\" content=\"article\" \/>\n<meta property=\"og:title\" content=\"Audience : le Ministre Isma\u00ebl NAB\u00c9 re\u00e7oit le Charg\u00e9 d\u2019affaires de l\u2019Ambassade de Malaisie en Guin\u00e9e - MPCI\" \/>\n<meta property=\"og:description\" content=\"Conakry, le 13 mars 2026-Monsieur le Ministre du Plan, de la Coop\u00e9ration Internationale et du D\u00e9veloppement, Isma\u00ebl NAB\u00c9, a re\u00e7u une audience M. Amad Fuad BIN MOHD NORZIN, Charg\u00e9 d\u2019affaires de l\u2019Ambassade de la Malaisie en R\u00e9publique de Guin\u00e9e. Pour cette rencontre, Monsieur le Ministre \u00e9tait accompagn\u00e9 de la Cheffe de Cabinet, Mme Fatoumata TOUR\u00c9, &hellip; Continue reading &quot;Audience : le Ministre Isma\u00ebl NAB\u00c9 re\u00e7oit le Charg\u00e9 d\u2019affaires de l\u2019Ambassade de Malaisie en Guin\u00e9e&quot;\" \/>\n<meta property=\"og:url\" content=\"https:\/\/mpcid.gov.gn\/index.php\/audience-le-ministre-ismael-nabe-recoit-le-charge-daffaires-de-lambassade-de-malaisie-en-guinee\/\" \/>\n<meta property=\"og:site_name\" content=\"MPCI\" \/>\n<meta property=\"article:publisher\" content=\"https:\/\/www.facebook.com\/MPCIGN\" \/>\n<meta property=\"article:published_time\" content=\"2026-03-14T08:34:05+00:00\" \/>\n<meta property=\"article:modified_time\" content=\"2026-03-14T22:37:10+00:00\" \/>\n<meta property=\"og:image\" content=\"https:\/\/mpcid.gov.gn\/wp-content\/uploads\/2026\/03\/MPCID-Malaisie-17-scaled.jpg\" \/>\n\t<meta property=\"og:image:width\" content=\"2560\" \/>\n\t<meta property=\"og:image:height\" content=\"1822\" \/>\n\t<meta property=\"og:image:type\" content=\"image\/jpeg\" \/>\n<meta name=\"author\" content=\"Service Communication\" \/>\n<meta name=\"twitter:card\" content=\"summary_large_image\" \/>\n<meta name=\"twitter:creator\" content=\"@MpciGov\" \/>\n<meta name=\"twitter:site\" content=\"@MpciGov\" \/>\n<meta name=\"twitter:label1\" content=\"\u00c9crit par\" \/>\n\t<meta name=\"twitter:data1\" content=\"Service Communication\" \/>\n\t<meta name=\"twitter:label2\" content=\"Dur\u00e9e de lecture estim\u00e9e\" \/>\n\t<meta name=\"twitter:data2\" content=\"2 minutes\" \/>\n<script type=\"application\/ld+json\" class=\"yoast-schema-graph\">{\"@context\":\"https:\\\/\\\/schema.org\",\"@graph\":[{\"@type\":\"Article\",\"@id\":\"https:\\\/\\\/mpcid.gov.gn\\\/index.php\\\/audience-le-ministre-ismael-nabe-recoit-le-charge-daffaires-de-lambassade-de-malaisie-en-guinee\\\/#article\",\"isPartOf\":{\"@id\":\"https:\\\/\\\/mpcid.gov.gn\\\/index.php\\\/audience-le-ministre-ismael-nabe-recoit-le-charge-daffaires-de-lambassade-de-malaisie-en-guinee\\\/\"},\"author\":{\"name\":\"Service Communication\",\"@id\":\"https:\\\/\\\/mpcid.gov.gn\\\/#\\\/schema\\\/person\\\/070aeea8fafd7a7e5a037505652abbee\"},\"headline\":\"Audience : le Ministre Isma\u00ebl NAB\u00c9 re\u00e7oit le Charg\u00e9 d\u2019affaires de l\u2019Ambassade de Malaisie en Guin\u00e9e\",\"datePublished\":\"2026-03-14T08:34:05+00:00\",\"dateModified\":\"2026-03-14T22:37:10+00:00\",\"mainEntityOfPage\":{\"@id\":\"https:\\\/\\\/mpcid.gov.gn\\\/index.php\\\/audience-le-ministre-ismael-nabe-recoit-le-charge-daffaires-de-lambassade-de-malaisie-en-guinee\\\/\"},\"wordCount\":325,\"publisher\":{\"@id\":\"https:\\\/\\\/mpcid.gov.gn\\\/#organization\"},\"image\":{\"@id\":\"https:\\\/\\\/mpcid.gov.gn\\\/index.php\\\/audience-le-ministre-ismael-nabe-recoit-le-charge-daffaires-de-lambassade-de-malaisie-en-guinee\\\/#primaryimage\"},\"thumbnailUrl\":\"https:\\\/\\\/mpcid.gov.gn\\\/wp-content\\\/uploads\\\/2026\\\/03\\\/MPCID-Malaisie-17-scaled.jpg\",\"articleSection\":[\"Actualit\u00e9s\"],\"inLanguage\":\"fr-FR\"},{\"@type\":\"WebPage\",\"@id\":\"https:\\\/\\\/mpcid.gov.gn\\\/index.php\\\/audience-le-ministre-ismael-nabe-recoit-le-charge-daffaires-de-lambassade-de-malaisie-en-guinee\\\/\",\"url\":\"https:\\\/\\\/mpcid.gov.gn\\\/index.php\\\/audience-le-ministre-ismael-nabe-recoit-le-charge-daffaires-de-lambassade-de-malaisie-en-guinee\\\/\",\"name\":\"Audience : le Ministre Isma\u00ebl NAB\u00c9 re\u00e7oit le Charg\u00e9 d\u2019affaires de l\u2019Ambassade de Malaisie en Guin\u00e9e - MPCI\",\"isPartOf\":{\"@id\":\"https:\\\/\\\/mpcid.gov.gn\\\/#website\"},\"primaryImageOfPage\":{\"@id\":\"https:\\\/\\\/mpcid.gov.gn\\\/index.php\\\/audience-le-ministre-ismael-nabe-recoit-le-charge-daffaires-de-lambassade-de-malaisie-en-guinee\\\/#primaryimage\"},\"image\":{\"@id\":\"https:\\\/\\\/mpcid.gov.gn\\\/index.php\\\/audience-le-ministre-ismael-nabe-recoit-le-charge-daffaires-de-lambassade-de-malaisie-en-guinee\\\/#primaryimage\"},\"thumbnailUrl\":\"https:\\\/\\\/mpcid.gov.gn\\\/wp-content\\\/uploads\\\/2026\\\/03\\\/MPCID-Malaisie-17-scaled.jpg\",\"datePublished\":\"2026-03-14T08:34:05+00:00\",\"dateModified\":\"2026-03-14T22:37:10+00:00\",\"breadcrumb\":{\"@id\":\"https:\\\/\\\/mpcid.gov.gn\\\/index.php\\\/audience-le-ministre-ismael-nabe-recoit-le-charge-daffaires-de-lambassade-de-malaisie-en-guinee\\\/#breadcrumb\"},\"inLanguage\":\"fr-FR\",\"potentialAction\":[{\"@type\":\"ReadAction\",\"target\":[\"https:\\\/\\\/mpcid.gov.gn\\\/index.php\\\/audience-le-ministre-ismael-nabe-recoit-le-charge-daffaires-de-lambassade-de-malaisie-en-guinee\\\/\"]}]},{\"@type\":\"ImageObject\",\"inLanguage\":\"fr-FR\",\"@id\":\"https:\\\/\\\/mpcid.gov.gn\\\/index.php\\\/audience-le-ministre-ismael-nabe-recoit-le-charge-daffaires-de-lambassade-de-malaisie-en-guinee\\\/#primaryimage\",\"url\":\"https:\\\/\\\/mpcid.gov.gn\\\/wp-content\\\/uploads\\\/2026\\\/03\\\/MPCID-Malaisie-17-scaled.jpg\",\"contentUrl\":\"https:\\\/\\\/mpcid.gov.gn\\\/wp-content\\\/uploads\\\/2026\\\/03\\\/MPCID-Malaisie-17-scaled.jpg\",\"width\":2560,\"height\":1822},{\"@type\":\"BreadcrumbList\",\"@id\":\"https:\\\/\\\/mpcid.gov.gn\\\/index.php\\\/audience-le-ministre-ismael-nabe-recoit-le-charge-daffaires-de-lambassade-de-malaisie-en-guinee\\\/#breadcrumb\",\"itemListElement\":[{\"@type\":\"ListItem\",\"position\":1,\"name\":\"Accueil\",\"item\":\"https:\\\/\\\/mpcid.gov.gn\\\/\"},{\"@type\":\"ListItem\",\"position\":2,\"name\":\"Audience : le Ministre Isma\u00ebl NAB\u00c9 re\u00e7oit le Charg\u00e9 d\u2019affaires de l\u2019Ambassade de Malaisie en Guin\u00e9e\"}]},{\"@type\":\"WebSite\",\"@id\":\"https:\\\/\\\/mpcid.gov.gn\\\/#website\",\"url\":\"https:\\\/\\\/mpcid.gov.gn\\\/\",\"name\":\"https:\\\/\\\/mpcid.gov.gn\\\/\",\"description\":\"Minist\u00e8re du Plan et de la Coop\u00e9ration Internationale\",\"publisher\":{\"@id\":\"https:\\\/\\\/mpcid.gov.gn\\\/#organization\"},\"potentialAction\":[{\"@type\":\"SearchAction\",\"target\":{\"@type\":\"EntryPoint\",\"urlTemplate\":\"https:\\\/\\\/mpcid.gov.gn\\\/?s={search_term_string}\"},\"query-input\":{\"@type\":\"PropertyValueSpecification\",\"valueRequired\":true,\"valueName\":\"search_term_string\"}}],\"inLanguage\":\"fr-FR\"},{\"@type\":\"Organization\",\"@id\":\"https:\\\/\\\/mpcid.gov.gn\\\/#organization\",\"name\":\"Minist\u00e8re du Plan et de la Coop\u00e9ration Internationale - MPCI\",\"url\":\"https:\\\/\\\/mpcid.gov.gn\\\/\",\"logo\":{\"@type\":\"ImageObject\",\"inLanguage\":\"fr-FR\",\"@id\":\"https:\\\/\\\/mpcid.gov.gn\\\/#\\\/schema\\\/logo\\\/image\\\/\",\"url\":\"https:\\\/\\\/mpcid.gov.gn\\\/wp-content\\\/uploads\\\/2023\\\/10\\\/Ministere-du-Plan-et-de-la-Cooperation-Internationale-MPCI.jpg\",\"contentUrl\":\"https:\\\/\\\/mpcid.gov.gn\\\/wp-content\\\/uploads\\\/2023\\\/10\\\/Ministere-du-Plan-et-de-la-Cooperation-Internationale-MPCI.jpg\",\"width\":462,\"height\":462,\"caption\":\"Minist\u00e8re du Plan et de la Coop\u00e9ration Internationale - MPCI\"},\"image\":{\"@id\":\"https:\\\/\\\/mpcid.gov.gn\\\/#\\\/schema\\\/logo\\\/image\\\/\"},\"sameAs\":[\"https:\\\/\\\/www.facebook.com\\\/MPCIGN\",\"https:\\\/\\\/x.com\\\/MpciGov\"]},{\"@type\":\"Person\",\"@id\":\"https:\\\/\\\/mpcid.gov.gn\\\/#\\\/schema\\\/person\\\/070aeea8fafd7a7e5a037505652abbee\",\"name\":\"Service Communication\",\"sameAs\":[\"http:\\\/\\\/Service-com\"],\"url\":\"https:\\\/\\\/mpcid.gov.gn\\\/index.php\\\/author\\\/service-com\\\/\"}]}<\/script>\n<!-- \/ Yoast SEO plugin. -->","yoast_head_json":{"title":"Audience : le Ministre Isma\u00ebl NAB\u00c9 re\u00e7oit le Charg\u00e9 d\u2019affaires de l\u2019Ambassade de Malaisie en Guin\u00e9e - MPCI","robots":{"index":"index","follow":"follow","max-snippet":"max-snippet:-1","max-image-preview":"max-image-preview:large","max-video-preview":"max-video-preview:-1"},"canonical":"https:\/\/mpcid.gov.gn\/index.php\/audience-le-ministre-ismael-nabe-recoit-le-charge-daffaires-de-lambassade-de-malaisie-en-guinee\/","og_locale":"fr_FR","og_type":"article","og_title":"Audience : le Ministre Isma\u00ebl NAB\u00c9 re\u00e7oit le Charg\u00e9 d\u2019affaires de l\u2019Ambassade de Malaisie en Guin\u00e9e - MPCI","og_description":"Conakry, le 13 mars 2026-Monsieur le Ministre du Plan, de la Coop\u00e9ration Internationale et du D\u00e9veloppement, Isma\u00ebl NAB\u00c9, a re\u00e7u une audience M. Amad Fuad BIN MOHD NORZIN, Charg\u00e9 d\u2019affaires de l\u2019Ambassade de la Malaisie en R\u00e9publique de Guin\u00e9e. Pour cette rencontre, Monsieur le Ministre \u00e9tait accompagn\u00e9 de la Cheffe de Cabinet, Mme Fatoumata TOUR\u00c9, &hellip; Continue reading \"Audience : le Ministre Isma\u00ebl NAB\u00c9 re\u00e7oit le Charg\u00e9 d\u2019affaires de l\u2019Ambassade de Malaisie en Guin\u00e9e\"","og_url":"https:\/\/mpcid.gov.gn\/index.php\/audience-le-ministre-ismael-nabe-recoit-le-charge-daffaires-de-lambassade-de-malaisie-en-guinee\/","og_site_name":"MPCI","article_publisher":"https:\/\/www.facebook.com\/MPCIGN","article_published_time":"2026-03-14T08:34:05+00:00","article_modified_time":"2026-03-14T22:37:10+00:00","og_image":[{"width":2560,"height":1822,"url":"https:\/\/mpcid.gov.gn\/wp-content\/uploads\/2026\/03\/MPCID-Malaisie-17-scaled.jpg","type":"image\/jpeg"}],"author":"Service Communication","twitter_card":"summary_large_image","twitter_creator":"@MpciGov","twitter_site":"@MpciGov","twitter_misc":{"\u00c9crit par":"Service Communication","Dur\u00e9e de lecture estim\u00e9e":"2 minutes"},"schema":{"@context":"https:\/\/schema.org","@graph":[{"@type":"Article","@id":"https:\/\/mpcid.gov.gn\/index.php\/audience-le-ministre-ismael-nabe-recoit-le-charge-daffaires-de-lambassade-de-malaisie-en-guinee\/#article","isPartOf":{"@id":"https:\/\/mpcid.gov.gn\/index.php\/audience-le-ministre-ismael-nabe-recoit-le-charge-daffaires-de-lambassade-de-malaisie-en-guinee\/"},"author":{"name":"Service Communication","@id":"https:\/\/mpcid.gov.gn\/#\/schema\/person\/070aeea8fafd7a7e5a037505652abbee"},"headline":"Audience : le Ministre Isma\u00ebl NAB\u00c9 re\u00e7oit le Charg\u00e9 d\u2019affaires de l\u2019Ambassade de Malaisie en Guin\u00e9e","datePublished":"2026-03-14T08:34:05+00:00","dateModified":"2026-03-14T22:37:10+00:00","mainEntityOfPage":{"@id":"https:\/\/mpcid.gov.gn\/index.php\/audience-le-ministre-ismael-nabe-recoit-le-charge-daffaires-de-lambassade-de-malaisie-en-guinee\/"},"wordCount":325,"publisher":{"@id":"https:\/\/mpcid.gov.gn\/#organization"},"image":{"@id":"https:\/\/mpcid.gov.gn\/index.php\/audience-le-ministre-ismael-nabe-recoit-le-charge-daffaires-de-lambassade-de-malaisie-en-guinee\/#primaryimage"},"thumbnailUrl":"https:\/\/mpcid.gov.gn\/wp-content\/uploads\/2026\/03\/MPCID-Malaisie-17-scaled.jpg","articleSection":["Actualit\u00e9s"],"inLanguage":"fr-FR"},{"@type":"WebPage","@id":"https:\/\/mpcid.gov.gn\/index.php\/audience-le-ministre-ismael-nabe-recoit-le-charge-daffaires-de-lambassade-de-malaisie-en-guinee\/","url":"https:\/\/mpcid.gov.gn\/index.php\/audience-le-ministre-ismael-nabe-recoit-le-charge-daffaires-de-lambassade-de-malaisie-en-guinee\/","name":"Audience : le Ministre Isma\u00ebl NAB\u00c9 re\u00e7oit le Charg\u00e9 d\u2019affaires de l\u2019Ambassade de Malaisie en Guin\u00e9e - MPCI","isPartOf":{"@id":"https:\/\/mpcid.gov.gn\/#website"},"primaryImageOfPage":{"@id":"https:\/\/mpcid.gov.gn\/index.php\/audience-le-ministre-ismael-nabe-recoit-le-charge-daffaires-de-lambassade-de-malaisie-en-guinee\/#primaryimage"},"image":{"@id":"https:\/\/mpcid.gov.gn\/index.php\/audience-le-ministre-ismael-nabe-recoit-le-charge-daffaires-de-lambassade-de-malaisie-en-guinee\/#primaryimage"},"thumbnailUrl":"https:\/\/mpcid.gov.gn\/wp-content\/uploads\/2026\/03\/MPCID-Malaisie-17-scaled.jpg","datePublished":"2026-03-14T08:34:05+00:00","dateModified":"2026-03-14T22:37:10+00:00","breadcrumb":{"@id":"https:\/\/mpcid.gov.gn\/index.php\/audience-le-ministre-ismael-nabe-recoit-le-charge-daffaires-de-lambassade-de-malaisie-en-guinee\/#breadcrumb"},"inLanguage":"fr-FR","potentialAction":[{"@type":"ReadAction","target":["https:\/\/mpcid.gov.gn\/index.php\/audience-le-ministre-ismael-nabe-recoit-le-charge-daffaires-de-lambassade-de-malaisie-en-guinee\/"]}]},{"@type":"ImageObject","inLanguage":"fr-FR","@id":"https:\/\/mpcid.gov.gn\/index.php\/audience-le-ministre-ismael-nabe-recoit-le-charge-daffaires-de-lambassade-de-malaisie-en-guinee\/#primaryimage","url":"https:\/\/mpcid.gov.gn\/wp-content\/uploads\/2026\/03\/MPCID-Malaisie-17-scaled.jpg","contentUrl":"https:\/\/mpcid.gov.gn\/wp-content\/uploads\/2026\/03\/MPCID-Malaisie-17-scaled.jpg","width":2560,"height":1822},{"@type":"BreadcrumbList","@id":"https:\/\/mpcid.gov.gn\/index.php\/audience-le-ministre-ismael-nabe-recoit-le-charge-daffaires-de-lambassade-de-malaisie-en-guinee\/#breadcrumb","itemListElement":[{"@type":"ListItem","position":1,"name":"Accueil","item":"https:\/\/mpcid.gov.gn\/"},{"@type":"ListItem","position":2,"name":"Audience : le Ministre Isma\u00ebl NAB\u00c9 re\u00e7oit le Charg\u00e9 d\u2019affaires de l\u2019Ambassade de Malaisie en Guin\u00e9e"}]},{"@type":"WebSite","@id":"https:\/\/mpcid.gov.gn\/#website","url":"https:\/\/mpcid.gov.gn\/","name":"https:\/\/mpcid.gov.gn\/","description":"Minist\u00e8re du Plan et de la Coop\u00e9ration Internationale","publisher":{"@id":"https:\/\/mpcid.gov.gn\/#organization"},"potentialAction":[{"@type":"SearchAction","target":{"@type":"EntryPoint","urlTemplate":"https:\/\/mpcid.gov.gn\/?s={search_term_string}"},"query-input":{"@type":"PropertyValueSpecification","valueRequired":true,"valueName":"search_term_string"}}],"inLanguage":"fr-FR"},{"@type":"Organization","@id":"https:\/\/mpcid.gov.gn\/#organization","name":"Minist\u00e8re du Plan et de la Coop\u00e9ration Internationale - MPCI","url":"https:\/\/mpcid.gov.gn\/","logo":{"@type":"ImageObject","inLanguage":"fr-FR","@id":"https:\/\/mpcid.gov.gn\/#\/schema\/logo\/image\/","url":"https:\/\/mpcid.gov.gn\/wp-content\/uploads\/2023\/10\/Ministere-du-Plan-et-de-la-Cooperation-Internationale-MPCI.jpg","contentUrl":"https:\/\/mpcid.gov.gn\/wp-content\/uploads\/2023\/10\/Ministere-du-Plan-et-de-la-Cooperation-Internationale-MPCI.jpg","width":462,"height":462,"caption":"Minist\u00e8re du Plan et de la Coop\u00e9ration Internationale - MPCI"},"image":{"@id":"https:\/\/mpcid.gov.gn\/#\/schema\/logo\/image\/"},"sameAs":["https:\/\/www.facebook.com\/MPCIGN","https:\/\/x.com\/MpciGov"]},{"@type":"Person","@id":"https:\/\/mpcid.gov.gn\/#\/schema\/person\/070aeea8fafd7a7e5a037505652abbee","name":"Service Communication","sameAs":["http:\/\/Service-com"],"url":"https:\/\/mpcid.gov.gn\/index.php\/author\/service-com\/"}]}},"_links":{"self":[{"href":"https:\/\/mpcid.gov.gn\/index.php\/wp-json\/wp\/v2\/posts\/19210","targetHints":{"allow":["GET"]}}],"collection":[{"href":"https:\/\/mpcid.gov.gn\/index.php\/wp-json\/wp\/v2\/posts"}],"about":[{"href":"https:\/\/mpcid.gov.gn\/index.php\/wp-json\/wp\/v2\/types\/post"}],"author":[{"embeddable":true,"href":"https:\/\/mpcid.gov.gn\/index.php\/wp-json\/wp\/v2\/users\/20"}],"replies":[{"embeddable":true,"href":"https:\/\/mpcid.gov.gn\/index.php\/wp-json\/wp\/v2\/comments?post=19210"}],"version-history":[{"count":0,"href":"https:\/\/mpcid.gov.gn\/index.php\/wp-json\/wp\/v2\/posts\/19210\/revisions"}],"wp:featuredmedia":[{"embeddable":true,"href":"https:\/\/mpcid.gov.gn\/index.php\/wp-json\/wp\/v2\/media\/19211"}],"wp:attachment":[{"href":"https:\/\/mpcid.gov.gn\/index.php\/wp-json\/wp\/v2\/media?parent=19210"}],"wp:term":[{"taxonomy":"category","embeddable":true,"href":"https:\/\/mpcid.gov.gn\/index.php\/wp-json\/wp\/v2\/categories?post=19210"},{"taxonomy":"post_tag","embeddable":true,"href":"https:\/\/mpcid.gov.gn\/index.php\/wp-json\/wp\/v2\/tags?post=19210"}],"curies":[{"name":"wp","href":"https:\/\/api.w.org\/{rel}","templated":true}]}}