{"id":19192,"date":"2026-03-13T15:39:20","date_gmt":"2026-03-13T15:39:20","guid":{"rendered":"https:\/\/mpcid.gov.gn\/?p=19192"},"modified":"2026-03-14T07:48:05","modified_gmt":"2026-03-14T07:48:05","slug":"cooperation-au-developpement-le-ministre-ismael-nabe-echange-avec-la-banque-mondiale","status":"publish","type":"post","link":"https:\/\/mpcid.gov.gn\/index.php\/cooperation-au-developpement-le-ministre-ismael-nabe-echange-avec-la-banque-mondiale\/","title":{"rendered":"COOP\u00c9RATION AU D\u00c9VELOPPEMENT\u00a0: LE MINISTRE ISMA\u00cbL NAB\u00c9 \u00c9CHANGE AVEC LA BANQUE MONDIALE"},"content":{"rendered":"<p>Ce vendredi 13 mars, Monsieur Isma\u00ebl NAB\u00c9, Ministre du Plan, de la Coop\u00e9ration Internationale et du D\u00e9veloppement, a re\u00e7u en audience Monsieur Issa Diaw, Repr\u00e9sentant r\u00e9sident de la Banque mondiale en Guin\u00e9e.<\/p>\n<p><img fetchpriority=\"high\" decoding=\"async\" class=\"alignnone size-medium wp-image-19197\" src=\"https:\/\/mpcid.gov.gn\/wp-content\/uploads\/2026\/03\/MPCID-Banque-mondiale-4-485x500.jpg\" alt=\"\" width=\"485\" height=\"500\" srcset=\"https:\/\/mpcid.gov.gn\/wp-content\/uploads\/2026\/03\/MPCID-Banque-mondiale-4-485x500.jpg 485w, https:\/\/mpcid.gov.gn\/wp-content\/uploads\/2026\/03\/MPCID-Banque-mondiale-4-993x1024.jpg 993w, https:\/\/mpcid.gov.gn\/wp-content\/uploads\/2026\/03\/MPCID-Banque-mondiale-4-768x792.jpg 768w, https:\/\/mpcid.gov.gn\/wp-content\/uploads\/2026\/03\/MPCID-Banque-mondiale-4-1489x1536.jpg 1489w, https:\/\/mpcid.gov.gn\/wp-content\/uploads\/2026\/03\/MPCID-Banque-mondiale-4-1986x2048.jpg 1986w, https:\/\/mpcid.gov.gn\/wp-content\/uploads\/2026\/03\/MPCID-Banque-mondiale-4-1200x1238.jpg 1200w\" sizes=\"(max-width: 485px) 85vw, 485px\" \/> <img decoding=\"async\" class=\"alignnone size-medium wp-image-19199\" src=\"https:\/\/mpcid.gov.gn\/wp-content\/uploads\/2026\/03\/MPCID-Banque-mondiale-6-362x500.jpg\" alt=\"\" width=\"362\" height=\"500\" srcset=\"https:\/\/mpcid.gov.gn\/wp-content\/uploads\/2026\/03\/MPCID-Banque-mondiale-6-362x500.jpg 362w, https:\/\/mpcid.gov.gn\/wp-content\/uploads\/2026\/03\/MPCID-Banque-mondiale-6-741x1024.jpg 741w, https:\/\/mpcid.gov.gn\/wp-content\/uploads\/2026\/03\/MPCID-Banque-mondiale-6-768x1062.jpg 768w, https:\/\/mpcid.gov.gn\/wp-content\/uploads\/2026\/03\/MPCID-Banque-mondiale-6-1111x1536.jpg 1111w, https:\/\/mpcid.gov.gn\/wp-content\/uploads\/2026\/03\/MPCID-Banque-mondiale-6-1481x2048.jpg 1481w, https:\/\/mpcid.gov.gn\/wp-content\/uploads\/2026\/03\/MPCID-Banque-mondiale-6-1200x1659.jpg 1200w, https:\/\/mpcid.gov.gn\/wp-content\/uploads\/2026\/03\/MPCID-Banque-mondiale-6-scaled.jpg 1852w\" sizes=\"(max-width: 362px) 85vw, 362px\" \/> <img decoding=\"async\" class=\"alignnone size-medium wp-image-19198\" src=\"https:\/\/mpcid.gov.gn\/wp-content\/uploads\/2026\/03\/MPCID-Banque-mondiale-5-382x500.jpg\" alt=\"\" width=\"382\" height=\"500\" srcset=\"https:\/\/mpcid.gov.gn\/wp-content\/uploads\/2026\/03\/MPCID-Banque-mondiale-5-382x500.jpg 382w, https:\/\/mpcid.gov.gn\/wp-content\/uploads\/2026\/03\/MPCID-Banque-mondiale-5-782x1024.jpg 782w, https:\/\/mpcid.gov.gn\/wp-content\/uploads\/2026\/03\/MPCID-Banque-mondiale-5-768x1006.jpg 768w, https:\/\/mpcid.gov.gn\/wp-content\/uploads\/2026\/03\/MPCID-Banque-mondiale-5-1173x1536.jpg 1173w, https:\/\/mpcid.gov.gn\/wp-content\/uploads\/2026\/03\/MPCID-Banque-mondiale-5-1564x2048.jpg 1564w, https:\/\/mpcid.gov.gn\/wp-content\/uploads\/2026\/03\/MPCID-Banque-mondiale-5-1200x1571.jpg 1200w, https:\/\/mpcid.gov.gn\/wp-content\/uploads\/2026\/03\/MPCID-Banque-mondiale-5-scaled.jpg 1955w\" sizes=\"(max-width: 382px) 85vw, 382px\" \/> <img loading=\"lazy\" decoding=\"async\" class=\"alignnone size-medium wp-image-19204\" src=\"https:\/\/mpcid.gov.gn\/wp-content\/uploads\/2026\/03\/MPCID-Banque-mondiale-11-378x500.jpg\" alt=\"\" width=\"378\" height=\"500\" srcset=\"https:\/\/mpcid.gov.gn\/wp-content\/uploads\/2026\/03\/MPCID-Banque-mondiale-11-378x500.jpg 378w, https:\/\/mpcid.gov.gn\/wp-content\/uploads\/2026\/03\/MPCID-Banque-mondiale-11-774x1024.jpg 774w, https:\/\/mpcid.gov.gn\/wp-content\/uploads\/2026\/03\/MPCID-Banque-mondiale-11-768x1016.jpg 768w, https:\/\/mpcid.gov.gn\/wp-content\/uploads\/2026\/03\/MPCID-Banque-mondiale-11-1161x1536.jpg 1161w, https:\/\/mpcid.gov.gn\/wp-content\/uploads\/2026\/03\/MPCID-Banque-mondiale-11-1548x2048.jpg 1548w, https:\/\/mpcid.gov.gn\/wp-content\/uploads\/2026\/03\/MPCID-Banque-mondiale-11-1200x1587.jpg 1200w, https:\/\/mpcid.gov.gn\/wp-content\/uploads\/2026\/03\/MPCID-Banque-mondiale-11-scaled.jpg 1935w\" sizes=\"(max-width: 378px) 85vw, 378px\" \/> <img loading=\"lazy\" decoding=\"async\" class=\"alignnone size-medium wp-image-19201\" src=\"https:\/\/mpcid.gov.gn\/wp-content\/uploads\/2026\/03\/MPCID-Banque-mondiale-8-382x500.jpg\" alt=\"\" width=\"382\" height=\"500\" srcset=\"https:\/\/mpcid.gov.gn\/wp-content\/uploads\/2026\/03\/MPCID-Banque-mondiale-8-382x500.jpg 382w, https:\/\/mpcid.gov.gn\/wp-content\/uploads\/2026\/03\/MPCID-Banque-mondiale-8-783x1024.jpg 783w, https:\/\/mpcid.gov.gn\/wp-content\/uploads\/2026\/03\/MPCID-Banque-mondiale-8-768x1005.jpg 768w, https:\/\/mpcid.gov.gn\/wp-content\/uploads\/2026\/03\/MPCID-Banque-mondiale-8-1174x1536.jpg 1174w, https:\/\/mpcid.gov.gn\/wp-content\/uploads\/2026\/03\/MPCID-Banque-mondiale-8-1565x2048.jpg 1565w, https:\/\/mpcid.gov.gn\/wp-content\/uploads\/2026\/03\/MPCID-Banque-mondiale-8-1200x1570.jpg 1200w, https:\/\/mpcid.gov.gn\/wp-content\/uploads\/2026\/03\/MPCID-Banque-mondiale-8-scaled.jpg 1957w\" sizes=\"(max-width: 382px) 85vw, 382px\" \/> <img loading=\"lazy\" decoding=\"async\" class=\"alignnone size-medium wp-image-19195\" src=\"https:\/\/mpcid.gov.gn\/wp-content\/uploads\/2026\/03\/MPCID-Banque-mondiale-2-388x500.jpg\" alt=\"\" width=\"388\" height=\"500\" srcset=\"https:\/\/mpcid.gov.gn\/wp-content\/uploads\/2026\/03\/MPCID-Banque-mondiale-2-388x500.jpg 388w, https:\/\/mpcid.gov.gn\/wp-content\/uploads\/2026\/03\/MPCID-Banque-mondiale-2-795x1024.jpg 795w, https:\/\/mpcid.gov.gn\/wp-content\/uploads\/2026\/03\/MPCID-Banque-mondiale-2-768x989.jpg 768w, https:\/\/mpcid.gov.gn\/wp-content\/uploads\/2026\/03\/MPCID-Banque-mondiale-2-1192x1536.jpg 1192w, https:\/\/mpcid.gov.gn\/wp-content\/uploads\/2026\/03\/MPCID-Banque-mondiale-2-1590x2048.jpg 1590w, https:\/\/mpcid.gov.gn\/wp-content\/uploads\/2026\/03\/MPCID-Banque-mondiale-2-1200x1546.jpg 1200w, https:\/\/mpcid.gov.gn\/wp-content\/uploads\/2026\/03\/MPCID-Banque-mondiale-2-scaled.jpg 1987w\" sizes=\"(max-width: 388px) 85vw, 388px\" \/> <img loading=\"lazy\" decoding=\"async\" class=\"alignnone size-medium wp-image-19194\" src=\"https:\/\/mpcid.gov.gn\/wp-content\/uploads\/2026\/03\/MPCID-Banque-mondiale-391x500.jpg\" alt=\"\" width=\"391\" height=\"500\" srcset=\"https:\/\/mpcid.gov.gn\/wp-content\/uploads\/2026\/03\/MPCID-Banque-mondiale-391x500.jpg 391w, https:\/\/mpcid.gov.gn\/wp-content\/uploads\/2026\/03\/MPCID-Banque-mondiale-801x1024.jpg 801w, https:\/\/mpcid.gov.gn\/wp-content\/uploads\/2026\/03\/MPCID-Banque-mondiale-768x982.jpg 768w, https:\/\/mpcid.gov.gn\/wp-content\/uploads\/2026\/03\/MPCID-Banque-mondiale-1201x1536.jpg 1201w, https:\/\/mpcid.gov.gn\/wp-content\/uploads\/2026\/03\/MPCID-Banque-mondiale-1601x2048.jpg 1601w, https:\/\/mpcid.gov.gn\/wp-content\/uploads\/2026\/03\/MPCID-Banque-mondiale-1200x1535.jpg 1200w, https:\/\/mpcid.gov.gn\/wp-content\/uploads\/2026\/03\/MPCID-Banque-mondiale-scaled.jpg 2001w\" sizes=\"(max-width: 391px) 85vw, 391px\" \/><\/p>\n<p>Cette rencontre s\u2019est tenue en pr\u00e9sence de Monsieur Kab\u00e8l\u00e8 Soumah, Secr\u00e9taire g\u00e9n\u00e9ral, de Madame Fatoumata Tour\u00e9, Cheffe de Cabinet, de Monsieur Abdoulaye Sano, Directeur national de la Population et du D\u00e9veloppement, ainsi que du Dr Makan Doumbouya, Directeur g\u00e9n\u00e9ral de l\u2019Institut National de la Statistique (INS).<\/p>\n<p>Les \u00e9changes ont port\u00e9 sur le renforcement du partenariat strat\u00e9gique entre la Banque mondiale et la R\u00e9publique de Guin\u00e9e dans plusieurs domaines prioritaires. Parmi les sujets abord\u00e9s figurent notamment les Sch\u00e9mas R\u00e9gionaux d\u2019Am\u00e9nagement et de D\u00e9veloppement (SRAD), le renforcement du syst\u00e8me statistique national \u00e0 travers le projet PHASAOC, ainsi que l\u2019entr\u00e9e en vigueur du projet SERA.<\/p>\n<p><img loading=\"lazy\" decoding=\"async\" class=\"alignnone size-medium wp-image-19202\" src=\"https:\/\/mpcid.gov.gn\/wp-content\/uploads\/2026\/03\/MPCID-Banque-mondiale-9-500x391.jpg\" alt=\"\" width=\"500\" height=\"391\" srcset=\"https:\/\/mpcid.gov.gn\/wp-content\/uploads\/2026\/03\/MPCID-Banque-mondiale-9-500x391.jpg 500w, https:\/\/mpcid.gov.gn\/wp-content\/uploads\/2026\/03\/MPCID-Banque-mondiale-9-1024x802.jpg 1024w, https:\/\/mpcid.gov.gn\/wp-content\/uploads\/2026\/03\/MPCID-Banque-mondiale-9-768x601.jpg 768w, https:\/\/mpcid.gov.gn\/wp-content\/uploads\/2026\/03\/MPCID-Banque-mondiale-9-1536x1202.jpg 1536w, https:\/\/mpcid.gov.gn\/wp-content\/uploads\/2026\/03\/MPCID-Banque-mondiale-9-2048x1603.jpg 2048w, https:\/\/mpcid.gov.gn\/wp-content\/uploads\/2026\/03\/MPCID-Banque-mondiale-9-1200x939.jpg 1200w\" sizes=\"(max-width: 500px) 85vw, 500px\" \/> <img loading=\"lazy\" decoding=\"async\" class=\"alignnone size-medium wp-image-19203\" src=\"https:\/\/mpcid.gov.gn\/wp-content\/uploads\/2026\/03\/MPCID-Banque-mondiale-10-309x500.jpg\" alt=\"\" width=\"309\" height=\"500\" srcset=\"https:\/\/mpcid.gov.gn\/wp-content\/uploads\/2026\/03\/MPCID-Banque-mondiale-10-309x500.jpg 309w, https:\/\/mpcid.gov.gn\/wp-content\/uploads\/2026\/03\/MPCID-Banque-mondiale-10-633x1024.jpg 633w, https:\/\/mpcid.gov.gn\/wp-content\/uploads\/2026\/03\/MPCID-Banque-mondiale-10-768x1243.jpg 768w, https:\/\/mpcid.gov.gn\/wp-content\/uploads\/2026\/03\/MPCID-Banque-mondiale-10-949x1536.jpg 949w, https:\/\/mpcid.gov.gn\/wp-content\/uploads\/2026\/03\/MPCID-Banque-mondiale-10-1266x2048.jpg 1266w, https:\/\/mpcid.gov.gn\/wp-content\/uploads\/2026\/03\/MPCID-Banque-mondiale-10-1200x1942.jpg 1200w, https:\/\/mpcid.gov.gn\/wp-content\/uploads\/2026\/03\/MPCID-Banque-mondiale-10-scaled.jpg 1582w\" sizes=\"(max-width: 309px) 85vw, 309px\" \/> <img loading=\"lazy\" decoding=\"async\" class=\"alignnone size-medium wp-image-19200\" src=\"https:\/\/mpcid.gov.gn\/wp-content\/uploads\/2026\/03\/MPCID-Banque-mondiale-7-391x500.jpg\" alt=\"\" width=\"391\" height=\"500\" srcset=\"https:\/\/mpcid.gov.gn\/wp-content\/uploads\/2026\/03\/MPCID-Banque-mondiale-7-391x500.jpg 391w, https:\/\/mpcid.gov.gn\/wp-content\/uploads\/2026\/03\/MPCID-Banque-mondiale-7-801x1024.jpg 801w, https:\/\/mpcid.gov.gn\/wp-content\/uploads\/2026\/03\/MPCID-Banque-mondiale-7-768x982.jpg 768w, https:\/\/mpcid.gov.gn\/wp-content\/uploads\/2026\/03\/MPCID-Banque-mondiale-7-1201x1536.jpg 1201w, https:\/\/mpcid.gov.gn\/wp-content\/uploads\/2026\/03\/MPCID-Banque-mondiale-7-1602x2048.jpg 1602w, https:\/\/mpcid.gov.gn\/wp-content\/uploads\/2026\/03\/MPCID-Banque-mondiale-7-1200x1535.jpg 1200w, https:\/\/mpcid.gov.gn\/wp-content\/uploads\/2026\/03\/MPCID-Banque-mondiale-7-scaled.jpg 2002w\" sizes=\"(max-width: 391px) 85vw, 391px\" \/><\/p>\n<p>Les discussions ont \u00e9galement permis d\u2019\u00e9voquer l\u2019\u00e9laboration du nouveau Programme de Strat\u00e9gie Pays de la Banque mondiale pour la Guin\u00e9e sur les sept prochaines ann\u00e9es, align\u00e9 sur les priorit\u00e9s nationales et la vision de transformation \u00e9conomique port\u00e9e par le programme Simandou 2040.<\/p>\n<p>Par ailleurs, les deux parties ont \u00e9chang\u00e9 sur le d\u00e9veloppement du corridor du projet Simandou et des infrastructures de transport associ\u00e9es, consid\u00e9r\u00e9 comme un levier structurant pour l\u2019int\u00e9gration \u00e9conomique, la mobilit\u00e9 des biens et des personnes, ainsi que l\u2019acc\u00e9l\u00e9ration du d\u00e9veloppement territorial.<\/p>\n<p>La rencontre a aussi \u00e9t\u00e9 l\u2019occasion d\u2019\u00e9voquer la prochaine visite en Guin\u00e9e de Monsieur Makhtar Diop, Directeur g\u00e9n\u00e9ral de la Soci\u00e9t\u00e9 Financi\u00e8re Internationale (SFI), une mission qui devrait contribuer \u00e0 renforcer la mobilisation des investissements priv\u00e9s en faveur du d\u00e9veloppement \u00e9conomique du pays.<\/p>\n<p>D\u00e9sormais Vice-Gouverneur de la Banque mondiale pour la Guin\u00e9e, Monsieur le Ministre Isma\u00ebl NAB\u00c9 a r\u00e9affirm\u00e9 son engagement \u00e0 consolider cette coop\u00e9ration et a indiqu\u00e9 compter sur l\u2019expertise et l\u2019accompagnement du Groupe de la Banque mondiale pour soutenir les priorit\u00e9s de d\u00e9veloppement de la Guin\u00e9e.<\/p>\n<p><img loading=\"lazy\" decoding=\"async\" class=\"alignnone size-medium wp-image-19193\" src=\"https:\/\/mpcid.gov.gn\/wp-content\/uploads\/2026\/03\/MPCID-Banque-mondiale-13-347x500.jpg\" alt=\"\" width=\"347\" height=\"500\" srcset=\"https:\/\/mpcid.gov.gn\/wp-content\/uploads\/2026\/03\/MPCID-Banque-mondiale-13-347x500.jpg 347w, https:\/\/mpcid.gov.gn\/wp-content\/uploads\/2026\/03\/MPCID-Banque-mondiale-13-711x1024.jpg 711w, https:\/\/mpcid.gov.gn\/wp-content\/uploads\/2026\/03\/MPCID-Banque-mondiale-13-768x1106.jpg 768w, https:\/\/mpcid.gov.gn\/wp-content\/uploads\/2026\/03\/MPCID-Banque-mondiale-13-1067x1536.jpg 1067w, https:\/\/mpcid.gov.gn\/wp-content\/uploads\/2026\/03\/MPCID-Banque-mondiale-13-1422x2048.jpg 1422w, https:\/\/mpcid.gov.gn\/wp-content\/uploads\/2026\/03\/MPCID-Banque-mondiale-13-1200x1728.jpg 1200w, https:\/\/mpcid.gov.gn\/wp-content\/uploads\/2026\/03\/MPCID-Banque-mondiale-13-scaled.jpg 1778w\" sizes=\"(max-width: 347px) 85vw, 347px\" \/> <img loading=\"lazy\" decoding=\"async\" class=\"alignnone size-medium wp-image-19208\" src=\"https:\/\/mpcid.gov.gn\/wp-content\/uploads\/2026\/03\/MPCID-Banque-mondiale-16-500x326.jpg\" alt=\"\" width=\"500\" height=\"326\" srcset=\"https:\/\/mpcid.gov.gn\/wp-content\/uploads\/2026\/03\/MPCID-Banque-mondiale-16-500x326.jpg 500w, https:\/\/mpcid.gov.gn\/wp-content\/uploads\/2026\/03\/MPCID-Banque-mondiale-16-1024x668.jpg 1024w, https:\/\/mpcid.gov.gn\/wp-content\/uploads\/2026\/03\/MPCID-Banque-mondiale-16-768x501.jpg 768w, https:\/\/mpcid.gov.gn\/wp-content\/uploads\/2026\/03\/MPCID-Banque-mondiale-16-1536x1002.jpg 1536w, https:\/\/mpcid.gov.gn\/wp-content\/uploads\/2026\/03\/MPCID-Banque-mondiale-16-2048x1337.jpg 2048w, https:\/\/mpcid.gov.gn\/wp-content\/uploads\/2026\/03\/MPCID-Banque-mondiale-16-1200x783.jpg 1200w\" sizes=\"(max-width: 500px) 85vw, 500px\" \/> <img loading=\"lazy\" decoding=\"async\" class=\"alignnone size-medium wp-image-19207\" src=\"https:\/\/mpcid.gov.gn\/wp-content\/uploads\/2026\/03\/MPCID-Banque-mondiale-15-500x372.jpg\" alt=\"\" width=\"500\" height=\"372\" srcset=\"https:\/\/mpcid.gov.gn\/wp-content\/uploads\/2026\/03\/MPCID-Banque-mondiale-15-500x372.jpg 500w, https:\/\/mpcid.gov.gn\/wp-content\/uploads\/2026\/03\/MPCID-Banque-mondiale-15-1024x761.jpg 1024w, https:\/\/mpcid.gov.gn\/wp-content\/uploads\/2026\/03\/MPCID-Banque-mondiale-15-768x571.jpg 768w, https:\/\/mpcid.gov.gn\/wp-content\/uploads\/2026\/03\/MPCID-Banque-mondiale-15-1536x1141.jpg 1536w, https:\/\/mpcid.gov.gn\/wp-content\/uploads\/2026\/03\/MPCID-Banque-mondiale-15-2048x1522.jpg 2048w, https:\/\/mpcid.gov.gn\/wp-content\/uploads\/2026\/03\/MPCID-Banque-mondiale-15-1200x892.jpg 1200w\" sizes=\"(max-width: 500px) 85vw, 500px\" \/> <img loading=\"lazy\" decoding=\"async\" class=\"alignnone size-medium wp-image-19206\" src=\"https:\/\/mpcid.gov.gn\/wp-content\/uploads\/2026\/03\/MPCID-Banque-mondiale-14-500x344.jpg\" alt=\"\" width=\"500\" height=\"344\" srcset=\"https:\/\/mpcid.gov.gn\/wp-content\/uploads\/2026\/03\/MPCID-Banque-mondiale-14-500x344.jpg 500w, https:\/\/mpcid.gov.gn\/wp-content\/uploads\/2026\/03\/MPCID-Banque-mondiale-14-1024x706.jpg 1024w, https:\/\/mpcid.gov.gn\/wp-content\/uploads\/2026\/03\/MPCID-Banque-mondiale-14-768x529.jpg 768w, https:\/\/mpcid.gov.gn\/wp-content\/uploads\/2026\/03\/MPCID-Banque-mondiale-14-1536x1058.jpg 1536w, https:\/\/mpcid.gov.gn\/wp-content\/uploads\/2026\/03\/MPCID-Banque-mondiale-14-2048x1411.jpg 2048w, https:\/\/mpcid.gov.gn\/wp-content\/uploads\/2026\/03\/MPCID-Banque-mondiale-14-1200x827.jpg 1200w\" sizes=\"(max-width: 500px) 85vw, 500px\" \/><\/p>\n<p>#Guin\u00e9e #Simandou2040 #Conakry #MPCID #Guin\u00e9e224 #infoguin\u00e9e<\/p>\n","protected":false},"excerpt":{"rendered":"<p>Ce vendredi 13 mars, Monsieur Isma\u00ebl NAB\u00c9, Ministre du Plan, de la Coop\u00e9ration Internationale et du D\u00e9veloppement, a re\u00e7u en audience Monsieur Issa Diaw, Repr\u00e9sentant r\u00e9sident de la Banque mondiale en Guin\u00e9e. Cette rencontre s\u2019est tenue en pr\u00e9sence de Monsieur Kab\u00e8l\u00e8 Soumah, Secr\u00e9taire g\u00e9n\u00e9ral, de Madame Fatoumata Tour\u00e9, Cheffe de Cabinet, de Monsieur Abdoulaye Sano, &hellip; <a href=\"https:\/\/mpcid.gov.gn\/index.php\/cooperation-au-developpement-le-ministre-ismael-nabe-echange-avec-la-banque-mondiale\/\" class=\"more-link\">Continue reading<span class=\"screen-reader-text\"> \u00ab\u00a0COOP\u00c9RATION AU D\u00c9VELOPPEMENT\u00a0: LE MINISTRE ISMA\u00cbL NAB\u00c9 \u00c9CHANGE AVEC LA BANQUE MONDIALE\u00a0\u00bb<\/span><\/a><\/p>\n","protected":false},"author":20,"featured_media":19193,"comment_status":"closed","ping_status":"closed","sticky":false,"template":"","format":"standard","meta":{"footnotes":""},"categories":[63],"tags":[],"class_list":["post-19192","post","type-post","status-publish","format-standard","has-post-thumbnail","hentry","category-actualites"],"yoast_head":"<!-- This site is optimized with the Yoast SEO plugin v27.5 - https:\/\/yoast.com\/product\/yoast-seo-wordpress\/ -->\n<title>COOP\u00c9RATION AU D\u00c9VELOPPEMENT\u00a0: LE MINISTRE ISMA\u00cbL NAB\u00c9 \u00c9CHANGE AVEC LA BANQUE MONDIALE - MPCI<\/title>\n<meta name=\"robots\" content=\"index, follow, max-snippet:-1, max-image-preview:large, max-video-preview:-1\" \/>\n<link rel=\"canonical\" href=\"https:\/\/mpcid.gov.gn\/index.php\/cooperation-au-developpement-le-ministre-ismael-nabe-echange-avec-la-banque-mondiale\/\" \/>\n<meta property=\"og:locale\" content=\"fr_FR\" \/>\n<meta property=\"og:type\" content=\"article\" \/>\n<meta property=\"og:title\" content=\"COOP\u00c9RATION AU D\u00c9VELOPPEMENT\u00a0: LE MINISTRE ISMA\u00cbL NAB\u00c9 \u00c9CHANGE AVEC LA BANQUE MONDIALE - MPCI\" \/>\n<meta property=\"og:description\" content=\"Ce vendredi 13 mars, Monsieur Isma\u00ebl NAB\u00c9, Ministre du Plan, de la Coop\u00e9ration Internationale et du D\u00e9veloppement, a re\u00e7u en audience Monsieur Issa Diaw, Repr\u00e9sentant r\u00e9sident de la Banque mondiale en Guin\u00e9e. Cette rencontre s\u2019est tenue en pr\u00e9sence de Monsieur Kab\u00e8l\u00e8 Soumah, Secr\u00e9taire g\u00e9n\u00e9ral, de Madame Fatoumata Tour\u00e9, Cheffe de Cabinet, de Monsieur Abdoulaye Sano, &hellip; Continue reading &quot;COOP\u00c9RATION AU D\u00c9VELOPPEMENT\u00a0: LE MINISTRE ISMA\u00cbL NAB\u00c9 \u00c9CHANGE AVEC LA BANQUE MONDIALE&quot;\" \/>\n<meta property=\"og:url\" content=\"https:\/\/mpcid.gov.gn\/index.php\/cooperation-au-developpement-le-ministre-ismael-nabe-echange-avec-la-banque-mondiale\/\" \/>\n<meta property=\"og:site_name\" content=\"MPCI\" \/>\n<meta property=\"article:publisher\" content=\"https:\/\/www.facebook.com\/MPCIGN\" \/>\n<meta property=\"article:published_time\" content=\"2026-03-13T15:39:20+00:00\" \/>\n<meta property=\"article:modified_time\" content=\"2026-03-14T07:48:05+00:00\" \/>\n<meta property=\"og:image\" content=\"https:\/\/mpcid.gov.gn\/wp-content\/uploads\/2026\/03\/MPCID-Banque-mondiale-13-scaled.jpg\" \/>\n\t<meta property=\"og:image:width\" content=\"1778\" \/>\n\t<meta property=\"og:image:height\" content=\"2560\" \/>\n\t<meta property=\"og:image:type\" content=\"image\/jpeg\" \/>\n<meta name=\"author\" content=\"Service Communication\" \/>\n<meta name=\"twitter:card\" content=\"summary_large_image\" \/>\n<meta name=\"twitter:creator\" content=\"@MpciGov\" \/>\n<meta name=\"twitter:site\" content=\"@MpciGov\" \/>\n<meta name=\"twitter:label1\" content=\"\u00c9crit par\" \/>\n\t<meta name=\"twitter:data1\" content=\"Service Communication\" \/>\n\t<meta name=\"twitter:label2\" content=\"Dur\u00e9e de lecture estim\u00e9e\" \/>\n\t<meta name=\"twitter:data2\" content=\"5 minutes\" \/>\n<script type=\"application\/ld+json\" class=\"yoast-schema-graph\">{\"@context\":\"https:\\\/\\\/schema.org\",\"@graph\":[{\"@type\":\"Article\",\"@id\":\"https:\\\/\\\/mpcid.gov.gn\\\/index.php\\\/cooperation-au-developpement-le-ministre-ismael-nabe-echange-avec-la-banque-mondiale\\\/#article\",\"isPartOf\":{\"@id\":\"https:\\\/\\\/mpcid.gov.gn\\\/index.php\\\/cooperation-au-developpement-le-ministre-ismael-nabe-echange-avec-la-banque-mondiale\\\/\"},\"author\":{\"name\":\"Service Communication\",\"@id\":\"https:\\\/\\\/mpcid.gov.gn\\\/#\\\/schema\\\/person\\\/070aeea8fafd7a7e5a037505652abbee\"},\"headline\":\"COOP\u00c9RATION AU D\u00c9VELOPPEMENT\u00a0: LE MINISTRE ISMA\u00cbL NAB\u00c9 \u00c9CHANGE AVEC LA BANQUE MONDIALE\",\"datePublished\":\"2026-03-13T15:39:20+00:00\",\"dateModified\":\"2026-03-14T07:48:05+00:00\",\"mainEntityOfPage\":{\"@id\":\"https:\\\/\\\/mpcid.gov.gn\\\/index.php\\\/cooperation-au-developpement-le-ministre-ismael-nabe-echange-avec-la-banque-mondiale\\\/\"},\"wordCount\":389,\"publisher\":{\"@id\":\"https:\\\/\\\/mpcid.gov.gn\\\/#organization\"},\"image\":{\"@id\":\"https:\\\/\\\/mpcid.gov.gn\\\/index.php\\\/cooperation-au-developpement-le-ministre-ismael-nabe-echange-avec-la-banque-mondiale\\\/#primaryimage\"},\"thumbnailUrl\":\"https:\\\/\\\/mpcid.gov.gn\\\/wp-content\\\/uploads\\\/2026\\\/03\\\/MPCID-Banque-mondiale-13-scaled.jpg\",\"articleSection\":[\"Actualit\u00e9s\"],\"inLanguage\":\"fr-FR\"},{\"@type\":\"WebPage\",\"@id\":\"https:\\\/\\\/mpcid.gov.gn\\\/index.php\\\/cooperation-au-developpement-le-ministre-ismael-nabe-echange-avec-la-banque-mondiale\\\/\",\"url\":\"https:\\\/\\\/mpcid.gov.gn\\\/index.php\\\/cooperation-au-developpement-le-ministre-ismael-nabe-echange-avec-la-banque-mondiale\\\/\",\"name\":\"COOP\u00c9RATION AU D\u00c9VELOPPEMENT\u00a0: LE MINISTRE ISMA\u00cbL NAB\u00c9 \u00c9CHANGE AVEC LA BANQUE MONDIALE - MPCI\",\"isPartOf\":{\"@id\":\"https:\\\/\\\/mpcid.gov.gn\\\/#website\"},\"primaryImageOfPage\":{\"@id\":\"https:\\\/\\\/mpcid.gov.gn\\\/index.php\\\/cooperation-au-developpement-le-ministre-ismael-nabe-echange-avec-la-banque-mondiale\\\/#primaryimage\"},\"image\":{\"@id\":\"https:\\\/\\\/mpcid.gov.gn\\\/index.php\\\/cooperation-au-developpement-le-ministre-ismael-nabe-echange-avec-la-banque-mondiale\\\/#primaryimage\"},\"thumbnailUrl\":\"https:\\\/\\\/mpcid.gov.gn\\\/wp-content\\\/uploads\\\/2026\\\/03\\\/MPCID-Banque-mondiale-13-scaled.jpg\",\"datePublished\":\"2026-03-13T15:39:20+00:00\",\"dateModified\":\"2026-03-14T07:48:05+00:00\",\"breadcrumb\":{\"@id\":\"https:\\\/\\\/mpcid.gov.gn\\\/index.php\\\/cooperation-au-developpement-le-ministre-ismael-nabe-echange-avec-la-banque-mondiale\\\/#breadcrumb\"},\"inLanguage\":\"fr-FR\",\"potentialAction\":[{\"@type\":\"ReadAction\",\"target\":[\"https:\\\/\\\/mpcid.gov.gn\\\/index.php\\\/cooperation-au-developpement-le-ministre-ismael-nabe-echange-avec-la-banque-mondiale\\\/\"]}]},{\"@type\":\"ImageObject\",\"inLanguage\":\"fr-FR\",\"@id\":\"https:\\\/\\\/mpcid.gov.gn\\\/index.php\\\/cooperation-au-developpement-le-ministre-ismael-nabe-echange-avec-la-banque-mondiale\\\/#primaryimage\",\"url\":\"https:\\\/\\\/mpcid.gov.gn\\\/wp-content\\\/uploads\\\/2026\\\/03\\\/MPCID-Banque-mondiale-13-scaled.jpg\",\"contentUrl\":\"https:\\\/\\\/mpcid.gov.gn\\\/wp-content\\\/uploads\\\/2026\\\/03\\\/MPCID-Banque-mondiale-13-scaled.jpg\",\"width\":1778,\"height\":2560},{\"@type\":\"BreadcrumbList\",\"@id\":\"https:\\\/\\\/mpcid.gov.gn\\\/index.php\\\/cooperation-au-developpement-le-ministre-ismael-nabe-echange-avec-la-banque-mondiale\\\/#breadcrumb\",\"itemListElement\":[{\"@type\":\"ListItem\",\"position\":1,\"name\":\"Accueil\",\"item\":\"https:\\\/\\\/mpcid.gov.gn\\\/\"},{\"@type\":\"ListItem\",\"position\":2,\"name\":\"COOP\u00c9RATION AU D\u00c9VELOPPEMENT\u00a0: LE MINISTRE ISMA\u00cbL NAB\u00c9 \u00c9CHANGE AVEC LA BANQUE MONDIALE\"}]},{\"@type\":\"WebSite\",\"@id\":\"https:\\\/\\\/mpcid.gov.gn\\\/#website\",\"url\":\"https:\\\/\\\/mpcid.gov.gn\\\/\",\"name\":\"https:\\\/\\\/mpcid.gov.gn\\\/\",\"description\":\"Minist\u00e8re du Plan et de la Coop\u00e9ration Internationale\",\"publisher\":{\"@id\":\"https:\\\/\\\/mpcid.gov.gn\\\/#organization\"},\"potentialAction\":[{\"@type\":\"SearchAction\",\"target\":{\"@type\":\"EntryPoint\",\"urlTemplate\":\"https:\\\/\\\/mpcid.gov.gn\\\/?s={search_term_string}\"},\"query-input\":{\"@type\":\"PropertyValueSpecification\",\"valueRequired\":true,\"valueName\":\"search_term_string\"}}],\"inLanguage\":\"fr-FR\"},{\"@type\":\"Organization\",\"@id\":\"https:\\\/\\\/mpcid.gov.gn\\\/#organization\",\"name\":\"Minist\u00e8re du Plan et de la Coop\u00e9ration Internationale - MPCI\",\"url\":\"https:\\\/\\\/mpcid.gov.gn\\\/\",\"logo\":{\"@type\":\"ImageObject\",\"inLanguage\":\"fr-FR\",\"@id\":\"https:\\\/\\\/mpcid.gov.gn\\\/#\\\/schema\\\/logo\\\/image\\\/\",\"url\":\"https:\\\/\\\/mpcid.gov.gn\\\/wp-content\\\/uploads\\\/2023\\\/10\\\/Ministere-du-Plan-et-de-la-Cooperation-Internationale-MPCI.jpg\",\"contentUrl\":\"https:\\\/\\\/mpcid.gov.gn\\\/wp-content\\\/uploads\\\/2023\\\/10\\\/Ministere-du-Plan-et-de-la-Cooperation-Internationale-MPCI.jpg\",\"width\":462,\"height\":462,\"caption\":\"Minist\u00e8re du Plan et de la Coop\u00e9ration Internationale - MPCI\"},\"image\":{\"@id\":\"https:\\\/\\\/mpcid.gov.gn\\\/#\\\/schema\\\/logo\\\/image\\\/\"},\"sameAs\":[\"https:\\\/\\\/www.facebook.com\\\/MPCIGN\",\"https:\\\/\\\/x.com\\\/MpciGov\"]},{\"@type\":\"Person\",\"@id\":\"https:\\\/\\\/mpcid.gov.gn\\\/#\\\/schema\\\/person\\\/070aeea8fafd7a7e5a037505652abbee\",\"name\":\"Service Communication\",\"sameAs\":[\"http:\\\/\\\/Service-com\"],\"url\":\"https:\\\/\\\/mpcid.gov.gn\\\/index.php\\\/author\\\/service-com\\\/\"}]}<\/script>\n<!-- \/ Yoast SEO plugin. -->","yoast_head_json":{"title":"COOP\u00c9RATION AU D\u00c9VELOPPEMENT\u00a0: LE MINISTRE ISMA\u00cbL NAB\u00c9 \u00c9CHANGE AVEC LA BANQUE MONDIALE - MPCI","robots":{"index":"index","follow":"follow","max-snippet":"max-snippet:-1","max-image-preview":"max-image-preview:large","max-video-preview":"max-video-preview:-1"},"canonical":"https:\/\/mpcid.gov.gn\/index.php\/cooperation-au-developpement-le-ministre-ismael-nabe-echange-avec-la-banque-mondiale\/","og_locale":"fr_FR","og_type":"article","og_title":"COOP\u00c9RATION AU D\u00c9VELOPPEMENT\u00a0: LE MINISTRE ISMA\u00cbL NAB\u00c9 \u00c9CHANGE AVEC LA BANQUE MONDIALE - MPCI","og_description":"Ce vendredi 13 mars, Monsieur Isma\u00ebl NAB\u00c9, Ministre du Plan, de la Coop\u00e9ration Internationale et du D\u00e9veloppement, a re\u00e7u en audience Monsieur Issa Diaw, Repr\u00e9sentant r\u00e9sident de la Banque mondiale en Guin\u00e9e. Cette rencontre s\u2019est tenue en pr\u00e9sence de Monsieur Kab\u00e8l\u00e8 Soumah, Secr\u00e9taire g\u00e9n\u00e9ral, de Madame Fatoumata Tour\u00e9, Cheffe de Cabinet, de Monsieur Abdoulaye Sano, &hellip; Continue reading \"COOP\u00c9RATION AU D\u00c9VELOPPEMENT\u00a0: LE MINISTRE ISMA\u00cbL NAB\u00c9 \u00c9CHANGE AVEC LA BANQUE MONDIALE\"","og_url":"https:\/\/mpcid.gov.gn\/index.php\/cooperation-au-developpement-le-ministre-ismael-nabe-echange-avec-la-banque-mondiale\/","og_site_name":"MPCI","article_publisher":"https:\/\/www.facebook.com\/MPCIGN","article_published_time":"2026-03-13T15:39:20+00:00","article_modified_time":"2026-03-14T07:48:05+00:00","og_image":[{"width":1778,"height":2560,"url":"https:\/\/mpcid.gov.gn\/wp-content\/uploads\/2026\/03\/MPCID-Banque-mondiale-13-scaled.jpg","type":"image\/jpeg"}],"author":"Service Communication","twitter_card":"summary_large_image","twitter_creator":"@MpciGov","twitter_site":"@MpciGov","twitter_misc":{"\u00c9crit par":"Service Communication","Dur\u00e9e de lecture estim\u00e9e":"5 minutes"},"schema":{"@context":"https:\/\/schema.org","@graph":[{"@type":"Article","@id":"https:\/\/mpcid.gov.gn\/index.php\/cooperation-au-developpement-le-ministre-ismael-nabe-echange-avec-la-banque-mondiale\/#article","isPartOf":{"@id":"https:\/\/mpcid.gov.gn\/index.php\/cooperation-au-developpement-le-ministre-ismael-nabe-echange-avec-la-banque-mondiale\/"},"author":{"name":"Service Communication","@id":"https:\/\/mpcid.gov.gn\/#\/schema\/person\/070aeea8fafd7a7e5a037505652abbee"},"headline":"COOP\u00c9RATION AU D\u00c9VELOPPEMENT\u00a0: LE MINISTRE ISMA\u00cbL NAB\u00c9 \u00c9CHANGE AVEC LA BANQUE MONDIALE","datePublished":"2026-03-13T15:39:20+00:00","dateModified":"2026-03-14T07:48:05+00:00","mainEntityOfPage":{"@id":"https:\/\/mpcid.gov.gn\/index.php\/cooperation-au-developpement-le-ministre-ismael-nabe-echange-avec-la-banque-mondiale\/"},"wordCount":389,"publisher":{"@id":"https:\/\/mpcid.gov.gn\/#organization"},"image":{"@id":"https:\/\/mpcid.gov.gn\/index.php\/cooperation-au-developpement-le-ministre-ismael-nabe-echange-avec-la-banque-mondiale\/#primaryimage"},"thumbnailUrl":"https:\/\/mpcid.gov.gn\/wp-content\/uploads\/2026\/03\/MPCID-Banque-mondiale-13-scaled.jpg","articleSection":["Actualit\u00e9s"],"inLanguage":"fr-FR"},{"@type":"WebPage","@id":"https:\/\/mpcid.gov.gn\/index.php\/cooperation-au-developpement-le-ministre-ismael-nabe-echange-avec-la-banque-mondiale\/","url":"https:\/\/mpcid.gov.gn\/index.php\/cooperation-au-developpement-le-ministre-ismael-nabe-echange-avec-la-banque-mondiale\/","name":"COOP\u00c9RATION AU D\u00c9VELOPPEMENT\u00a0: LE MINISTRE ISMA\u00cbL NAB\u00c9 \u00c9CHANGE AVEC LA BANQUE MONDIALE - MPCI","isPartOf":{"@id":"https:\/\/mpcid.gov.gn\/#website"},"primaryImageOfPage":{"@id":"https:\/\/mpcid.gov.gn\/index.php\/cooperation-au-developpement-le-ministre-ismael-nabe-echange-avec-la-banque-mondiale\/#primaryimage"},"image":{"@id":"https:\/\/mpcid.gov.gn\/index.php\/cooperation-au-developpement-le-ministre-ismael-nabe-echange-avec-la-banque-mondiale\/#primaryimage"},"thumbnailUrl":"https:\/\/mpcid.gov.gn\/wp-content\/uploads\/2026\/03\/MPCID-Banque-mondiale-13-scaled.jpg","datePublished":"2026-03-13T15:39:20+00:00","dateModified":"2026-03-14T07:48:05+00:00","breadcrumb":{"@id":"https:\/\/mpcid.gov.gn\/index.php\/cooperation-au-developpement-le-ministre-ismael-nabe-echange-avec-la-banque-mondiale\/#breadcrumb"},"inLanguage":"fr-FR","potentialAction":[{"@type":"ReadAction","target":["https:\/\/mpcid.gov.gn\/index.php\/cooperation-au-developpement-le-ministre-ismael-nabe-echange-avec-la-banque-mondiale\/"]}]},{"@type":"ImageObject","inLanguage":"fr-FR","@id":"https:\/\/mpcid.gov.gn\/index.php\/cooperation-au-developpement-le-ministre-ismael-nabe-echange-avec-la-banque-mondiale\/#primaryimage","url":"https:\/\/mpcid.gov.gn\/wp-content\/uploads\/2026\/03\/MPCID-Banque-mondiale-13-scaled.jpg","contentUrl":"https:\/\/mpcid.gov.gn\/wp-content\/uploads\/2026\/03\/MPCID-Banque-mondiale-13-scaled.jpg","width":1778,"height":2560},{"@type":"BreadcrumbList","@id":"https:\/\/mpcid.gov.gn\/index.php\/cooperation-au-developpement-le-ministre-ismael-nabe-echange-avec-la-banque-mondiale\/#breadcrumb","itemListElement":[{"@type":"ListItem","position":1,"name":"Accueil","item":"https:\/\/mpcid.gov.gn\/"},{"@type":"ListItem","position":2,"name":"COOP\u00c9RATION AU D\u00c9VELOPPEMENT\u00a0: LE MINISTRE ISMA\u00cbL NAB\u00c9 \u00c9CHANGE AVEC LA BANQUE MONDIALE"}]},{"@type":"WebSite","@id":"https:\/\/mpcid.gov.gn\/#website","url":"https:\/\/mpcid.gov.gn\/","name":"https:\/\/mpcid.gov.gn\/","description":"Minist\u00e8re du Plan et de la Coop\u00e9ration Internationale","publisher":{"@id":"https:\/\/mpcid.gov.gn\/#organization"},"potentialAction":[{"@type":"SearchAction","target":{"@type":"EntryPoint","urlTemplate":"https:\/\/mpcid.gov.gn\/?s={search_term_string}"},"query-input":{"@type":"PropertyValueSpecification","valueRequired":true,"valueName":"search_term_string"}}],"inLanguage":"fr-FR"},{"@type":"Organization","@id":"https:\/\/mpcid.gov.gn\/#organization","name":"Minist\u00e8re du Plan et de la Coop\u00e9ration Internationale - MPCI","url":"https:\/\/mpcid.gov.gn\/","logo":{"@type":"ImageObject","inLanguage":"fr-FR","@id":"https:\/\/mpcid.gov.gn\/#\/schema\/logo\/image\/","url":"https:\/\/mpcid.gov.gn\/wp-content\/uploads\/2023\/10\/Ministere-du-Plan-et-de-la-Cooperation-Internationale-MPCI.jpg","contentUrl":"https:\/\/mpcid.gov.gn\/wp-content\/uploads\/2023\/10\/Ministere-du-Plan-et-de-la-Cooperation-Internationale-MPCI.jpg","width":462,"height":462,"caption":"Minist\u00e8re du Plan et de la Coop\u00e9ration Internationale - MPCI"},"image":{"@id":"https:\/\/mpcid.gov.gn\/#\/schema\/logo\/image\/"},"sameAs":["https:\/\/www.facebook.com\/MPCIGN","https:\/\/x.com\/MpciGov"]},{"@type":"Person","@id":"https:\/\/mpcid.gov.gn\/#\/schema\/person\/070aeea8fafd7a7e5a037505652abbee","name":"Service Communication","sameAs":["http:\/\/Service-com"],"url":"https:\/\/mpcid.gov.gn\/index.php\/author\/service-com\/"}]}},"_links":{"self":[{"href":"https:\/\/mpcid.gov.gn\/index.php\/wp-json\/wp\/v2\/posts\/19192","targetHints":{"allow":["GET"]}}],"collection":[{"href":"https:\/\/mpcid.gov.gn\/index.php\/wp-json\/wp\/v2\/posts"}],"about":[{"href":"https:\/\/mpcid.gov.gn\/index.php\/wp-json\/wp\/v2\/types\/post"}],"author":[{"embeddable":true,"href":"https:\/\/mpcid.gov.gn\/index.php\/wp-json\/wp\/v2\/users\/20"}],"replies":[{"embeddable":true,"href":"https:\/\/mpcid.gov.gn\/index.php\/wp-json\/wp\/v2\/comments?post=19192"}],"version-history":[{"count":0,"href":"https:\/\/mpcid.gov.gn\/index.php\/wp-json\/wp\/v2\/posts\/19192\/revisions"}],"wp:featuredmedia":[{"embeddable":true,"href":"https:\/\/mpcid.gov.gn\/index.php\/wp-json\/wp\/v2\/media\/19193"}],"wp:attachment":[{"href":"https:\/\/mpcid.gov.gn\/index.php\/wp-json\/wp\/v2\/media?parent=19192"}],"wp:term":[{"taxonomy":"category","embeddable":true,"href":"https:\/\/mpcid.gov.gn\/index.php\/wp-json\/wp\/v2\/categories?post=19192"},{"taxonomy":"post_tag","embeddable":true,"href":"https:\/\/mpcid.gov.gn\/index.php\/wp-json\/wp\/v2\/tags?post=19192"}],"curies":[{"name":"wp","href":"https:\/\/api.w.org\/{rel}","templated":true}]}}