{"id":19181,"date":"2026-03-11T15:12:17","date_gmt":"2026-03-11T15:12:17","guid":{"rendered":"https:\/\/mpcid.gov.gn\/?p=19181"},"modified":"2026-03-11T23:15:29","modified_gmt":"2026-03-11T23:15:29","slug":"mpcid-partenariat-strategique-le-ministre-ismael-nabe-recoit-le-coordinateur-resident-des-nations-unies-en-guinee","status":"publish","type":"post","link":"https:\/\/mpcid.gov.gn\/index.php\/mpcid-partenariat-strategique-le-ministre-ismael-nabe-recoit-le-coordinateur-resident-des-nations-unies-en-guinee\/","title":{"rendered":"MPCID &#8211; PARTENARIAT STRATEGIQUE : LE MINISTRE ISMA\u00cbL NAB\u00c9 RE\u00c7OIT LE COORDINATEUR RESIDENT DES NATIONS UNIES EN GUINEE"},"content":{"rendered":"<p>Ce mercredi 11 mars 2026, le Ministre du Plan, de la Coop\u00e9ration Internationale et du D\u00e9veloppement, Isma\u00ebl NAB\u00c9, a re\u00e7u en audience le nouveau Coordinateur r\u00e9sident du Syst\u00e8me des Nations Unies en Guin\u00e9e et pr\u00e9sident du COMEX, Diego ZORRILLA. Cette rencontre s\u2019est tenue en pr\u00e9sence de Mme la Cheffe de Cabinet, Fatoumata Tour\u00e9, du Directeur National des Organisations, Alphadio Idriss Hann, du Directeur G\u00e9n\u00e9ral de la Coordination et Suivi des Aides, Mr Mohamed Camara.<\/p>\n<p><img fetchpriority=\"high\" decoding=\"async\" class=\"alignnone size-medium wp-image-19183\" src=\"https:\/\/mpcid.gov.gn\/wp-content\/uploads\/2026\/03\/1-5-500x314.jpg\" alt=\"\" width=\"500\" height=\"314\" srcset=\"https:\/\/mpcid.gov.gn\/wp-content\/uploads\/2026\/03\/1-5-500x314.jpg 500w, https:\/\/mpcid.gov.gn\/wp-content\/uploads\/2026\/03\/1-5-1024x643.jpg 1024w, https:\/\/mpcid.gov.gn\/wp-content\/uploads\/2026\/03\/1-5-768x482.jpg 768w, https:\/\/mpcid.gov.gn\/wp-content\/uploads\/2026\/03\/1-5.jpg 1080w\" sizes=\"(max-width: 500px) 85vw, 500px\" \/> <img decoding=\"async\" class=\"alignnone size-medium wp-image-19187\" src=\"https:\/\/mpcid.gov.gn\/wp-content\/uploads\/2026\/03\/5-5-345x500.jpg\" alt=\"\" width=\"345\" height=\"500\" srcset=\"https:\/\/mpcid.gov.gn\/wp-content\/uploads\/2026\/03\/5-5-345x500.jpg 345w, https:\/\/mpcid.gov.gn\/wp-content\/uploads\/2026\/03\/5-5-706x1024.jpg 706w, https:\/\/mpcid.gov.gn\/wp-content\/uploads\/2026\/03\/5-5.jpg 745w\" sizes=\"(max-width: 345px) 85vw, 345px\" \/> <img decoding=\"async\" class=\"alignnone size-medium wp-image-19185\" src=\"https:\/\/mpcid.gov.gn\/wp-content\/uploads\/2026\/03\/3-5-500x308.jpg\" alt=\"\" width=\"500\" height=\"308\" srcset=\"https:\/\/mpcid.gov.gn\/wp-content\/uploads\/2026\/03\/3-5-500x308.jpg 500w, https:\/\/mpcid.gov.gn\/wp-content\/uploads\/2026\/03\/3-5-1024x631.jpg 1024w, https:\/\/mpcid.gov.gn\/wp-content\/uploads\/2026\/03\/3-5-768x473.jpg 768w, https:\/\/mpcid.gov.gn\/wp-content\/uploads\/2026\/03\/3-5.jpg 1080w\" sizes=\"(max-width: 500px) 85vw, 500px\" \/> <img loading=\"lazy\" decoding=\"async\" class=\"alignnone size-medium wp-image-19186\" src=\"https:\/\/mpcid.gov.gn\/wp-content\/uploads\/2026\/03\/4-5-500x304.jpg\" alt=\"\" width=\"500\" height=\"304\" srcset=\"https:\/\/mpcid.gov.gn\/wp-content\/uploads\/2026\/03\/4-5-500x304.jpg 500w, https:\/\/mpcid.gov.gn\/wp-content\/uploads\/2026\/03\/4-5-1024x622.jpg 1024w, https:\/\/mpcid.gov.gn\/wp-content\/uploads\/2026\/03\/4-5-768x466.jpg 768w, https:\/\/mpcid.gov.gn\/wp-content\/uploads\/2026\/03\/4-5.jpg 1080w\" sizes=\"(max-width: 500px) 85vw, 500px\" \/> <img loading=\"lazy\" decoding=\"async\" class=\"alignnone size-medium wp-image-19190\" src=\"https:\/\/mpcid.gov.gn\/wp-content\/uploads\/2026\/03\/8-5-337x500.jpg\" alt=\"\" width=\"337\" height=\"500\" srcset=\"https:\/\/mpcid.gov.gn\/wp-content\/uploads\/2026\/03\/8-5-337x500.jpg 337w, https:\/\/mpcid.gov.gn\/wp-content\/uploads\/2026\/03\/8-5-689x1024.jpg 689w, https:\/\/mpcid.gov.gn\/wp-content\/uploads\/2026\/03\/8-5.jpg 727w\" sizes=\"(max-width: 337px) 85vw, 337px\" \/> <img loading=\"lazy\" decoding=\"async\" class=\"alignnone size-medium wp-image-19188\" src=\"https:\/\/mpcid.gov.gn\/wp-content\/uploads\/2026\/03\/6-5-333x500.jpg\" alt=\"\" width=\"333\" height=\"500\" srcset=\"https:\/\/mpcid.gov.gn\/wp-content\/uploads\/2026\/03\/6-5-333x500.jpg 333w, https:\/\/mpcid.gov.gn\/wp-content\/uploads\/2026\/03\/6-5-683x1024.jpg 683w, https:\/\/mpcid.gov.gn\/wp-content\/uploads\/2026\/03\/6-5.jpg 720w\" sizes=\"(max-width: 333px) 85vw, 333px\" \/> <img loading=\"lazy\" decoding=\"async\" class=\"alignnone size-medium wp-image-19189\" src=\"https:\/\/mpcid.gov.gn\/wp-content\/uploads\/2026\/03\/7-5-500x318.jpg\" alt=\"\" width=\"500\" height=\"318\" srcset=\"https:\/\/mpcid.gov.gn\/wp-content\/uploads\/2026\/03\/7-5-500x318.jpg 500w, https:\/\/mpcid.gov.gn\/wp-content\/uploads\/2026\/03\/7-5-1024x651.jpg 1024w, https:\/\/mpcid.gov.gn\/wp-content\/uploads\/2026\/03\/7-5-768x489.jpg 768w, https:\/\/mpcid.gov.gn\/wp-content\/uploads\/2026\/03\/7-5.jpg 1080w\" sizes=\"(max-width: 500px) 85vw, 500px\" \/><\/p>\n<p>Cette rencontre a \u00e9t\u00e9 l\u2019occasion pour le Coordinateur r\u00e9sident d\u2019exprimer sa disponibilit\u00e9 et son engagement \u00e0 renforcer la coop\u00e9ration entre les agences des Nations Unies et le Gouvernement guin\u00e9en, notamment dans le cadre de la coordination des interventions des partenaires techniques et financiers.<\/p>\n<p>Les \u00e9changes ont port\u00e9 sur l\u2019alignement des programmes du Syst\u00e8me des Nations Unies avec les priorit\u00e9s nationales de d\u00e9veloppement, conform\u00e9ment \u00e0 la vision port\u00e9e par le Pr\u00e9sident de la R\u00e9publique, Son Excellence Monsieur Mamadi Doumbouya. Les discussions ont notamment abord\u00e9 la contribution des Nations Unies \u00e0 la r\u00e9alisation des ambitions de transformation \u00e9conomique et sociale inscrites dans la vision strat\u00e9gique Simandou 2040, ainsi que les initiatives visant \u00e0 acc\u00e9l\u00e9rer le d\u00e9veloppement local, la s\u00e9curit\u00e9 alimentaire et la cr\u00e9ation d\u2019emplois.<\/p>\n<p>Le Ministre Isma\u00ebl NAB\u00c9 a rappel\u00e9 que le Minist\u00e8re du Plan, de la Coop\u00e9ration Internationale et du D\u00e9veloppement en tant que porte d\u2019entr\u00e9e des PTFs joue un r\u00f4le central dans la coordination et la planification des interventions des partenaires, \u00e0 travers ses diff\u00e9rentes directions techniques, notamment l\u2019Institut National de la Statistique (INS), la Direction Nationale du Plan entre autres.<\/p>\n<p>Il a notamment mis en avant les avanc\u00e9es enregistr\u00e9es en mati\u00e8re de production de donn\u00e9es strat\u00e9giques et de cartographie des infrastructures, gr\u00e2ce aux r\u00e9sultats du Quatri\u00e8me Recensement G\u00e9n\u00e9ral de la Population et de l\u2019Habitation (RGPH-4) et au d\u00e9veloppement d\u2019outils num\u00e9riques permettant de disposer d\u2019informations pr\u00e9cises pour orienter les politiques publiques et am\u00e9liorer la prise de d\u00e9cision.<\/p>\n<p>Monsieur le Ministre a saisi cette occasion pour proc\u00e9der \u00e0 une remise symbolique d\u2019une copie du programme Simandou 2040 et le rapport du RGPH-4 \u00e0 Monsieur le coordinateur r\u00e9sident.<\/p>\n<p>Les deux parties ont convenu de renforcer davantage la collaboration entre le Gouvernement guin\u00e9en et le Syst\u00e8me des Nations Unies, afin d\u2019assurer une meilleure coordination des programmes, un partage efficace des informations et la production de r\u00e9sultats concrets au b\u00e9n\u00e9fice des populations.<\/p>\n<p>#Guin\u00e9e #Simandou2040 #ONU #MPCID #Guin\u00e9e224 #infoguin\u00e9e<\/p>\n","protected":false},"excerpt":{"rendered":"<p>Ce mercredi 11 mars 2026, le Ministre du Plan, de la Coop\u00e9ration Internationale et du D\u00e9veloppement, Isma\u00ebl NAB\u00c9, a re\u00e7u en audience le nouveau Coordinateur r\u00e9sident du Syst\u00e8me des Nations Unies en Guin\u00e9e et pr\u00e9sident du COMEX, Diego ZORRILLA. Cette rencontre s\u2019est tenue en pr\u00e9sence de Mme la Cheffe de Cabinet, Fatoumata Tour\u00e9, du Directeur &hellip; <a href=\"https:\/\/mpcid.gov.gn\/index.php\/mpcid-partenariat-strategique-le-ministre-ismael-nabe-recoit-le-coordinateur-resident-des-nations-unies-en-guinee\/\" class=\"more-link\">Continue reading<span class=\"screen-reader-text\"> \u00ab\u00a0MPCID &#8211; PARTENARIAT STRATEGIQUE : LE MINISTRE ISMA\u00cbL NAB\u00c9 RE\u00c7OIT LE COORDINATEUR RESIDENT DES NATIONS UNIES EN GUINEE\u00a0\u00bb<\/span><\/a><\/p>\n","protected":false},"author":20,"featured_media":19184,"comment_status":"closed","ping_status":"closed","sticky":false,"template":"","format":"standard","meta":{"footnotes":""},"categories":[63],"tags":[],"class_list":["post-19181","post","type-post","status-publish","format-standard","has-post-thumbnail","hentry","category-actualites"],"yoast_head":"<!-- This site is optimized with the Yoast SEO plugin v27.5 - https:\/\/yoast.com\/product\/yoast-seo-wordpress\/ -->\n<title>MPCID - PARTENARIAT STRATEGIQUE : LE MINISTRE ISMA\u00cbL NAB\u00c9 RE\u00c7OIT LE COORDINATEUR RESIDENT DES NATIONS UNIES EN GUINEE - MPCI<\/title>\n<meta name=\"robots\" content=\"index, follow, max-snippet:-1, max-image-preview:large, max-video-preview:-1\" \/>\n<link rel=\"canonical\" href=\"https:\/\/mpcid.gov.gn\/index.php\/mpcid-partenariat-strategique-le-ministre-ismael-nabe-recoit-le-coordinateur-resident-des-nations-unies-en-guinee\/\" \/>\n<meta property=\"og:locale\" content=\"fr_FR\" \/>\n<meta property=\"og:type\" content=\"article\" \/>\n<meta property=\"og:title\" content=\"MPCID - PARTENARIAT STRATEGIQUE : LE MINISTRE ISMA\u00cbL NAB\u00c9 RE\u00c7OIT LE COORDINATEUR RESIDENT DES NATIONS UNIES EN GUINEE - MPCI\" \/>\n<meta property=\"og:description\" content=\"Ce mercredi 11 mars 2026, le Ministre du Plan, de la Coop\u00e9ration Internationale et du D\u00e9veloppement, Isma\u00ebl NAB\u00c9, a re\u00e7u en audience le nouveau Coordinateur r\u00e9sident du Syst\u00e8me des Nations Unies en Guin\u00e9e et pr\u00e9sident du COMEX, Diego ZORRILLA. Cette rencontre s\u2019est tenue en pr\u00e9sence de Mme la Cheffe de Cabinet, Fatoumata Tour\u00e9, du Directeur &hellip; Continue reading &quot;MPCID &#8211; PARTENARIAT STRATEGIQUE : LE MINISTRE ISMA\u00cbL NAB\u00c9 RE\u00c7OIT LE COORDINATEUR RESIDENT DES NATIONS UNIES EN GUINEE&quot;\" \/>\n<meta property=\"og:url\" content=\"https:\/\/mpcid.gov.gn\/index.php\/mpcid-partenariat-strategique-le-ministre-ismael-nabe-recoit-le-coordinateur-resident-des-nations-unies-en-guinee\/\" \/>\n<meta property=\"og:site_name\" content=\"MPCI\" \/>\n<meta property=\"article:publisher\" content=\"https:\/\/www.facebook.com\/MPCIGN\" \/>\n<meta property=\"article:published_time\" content=\"2026-03-11T15:12:17+00:00\" \/>\n<meta property=\"article:modified_time\" content=\"2026-03-11T23:15:29+00:00\" \/>\n<meta property=\"og:image\" content=\"https:\/\/mpcid.gov.gn\/wp-content\/uploads\/2026\/03\/2-5.jpg\" \/>\n\t<meta property=\"og:image:width\" content=\"1080\" \/>\n\t<meta property=\"og:image:height\" content=\"727\" \/>\n\t<meta property=\"og:image:type\" content=\"image\/jpeg\" \/>\n<meta name=\"author\" content=\"Service Communication\" \/>\n<meta name=\"twitter:card\" content=\"summary_large_image\" \/>\n<meta name=\"twitter:creator\" content=\"@MpciGov\" \/>\n<meta name=\"twitter:site\" content=\"@MpciGov\" \/>\n<meta name=\"twitter:label1\" content=\"\u00c9crit par\" \/>\n\t<meta name=\"twitter:data1\" content=\"Service Communication\" \/>\n\t<meta name=\"twitter:label2\" content=\"Dur\u00e9e de lecture estim\u00e9e\" \/>\n\t<meta name=\"twitter:data2\" content=\"4 minutes\" \/>\n<script type=\"application\/ld+json\" class=\"yoast-schema-graph\">{\"@context\":\"https:\\\/\\\/schema.org\",\"@graph\":[{\"@type\":\"Article\",\"@id\":\"https:\\\/\\\/mpcid.gov.gn\\\/index.php\\\/mpcid-partenariat-strategique-le-ministre-ismael-nabe-recoit-le-coordinateur-resident-des-nations-unies-en-guinee\\\/#article\",\"isPartOf\":{\"@id\":\"https:\\\/\\\/mpcid.gov.gn\\\/index.php\\\/mpcid-partenariat-strategique-le-ministre-ismael-nabe-recoit-le-coordinateur-resident-des-nations-unies-en-guinee\\\/\"},\"author\":{\"name\":\"Service Communication\",\"@id\":\"https:\\\/\\\/mpcid.gov.gn\\\/#\\\/schema\\\/person\\\/070aeea8fafd7a7e5a037505652abbee\"},\"headline\":\"MPCID &#8211; PARTENARIAT STRATEGIQUE : LE MINISTRE ISMA\u00cbL NAB\u00c9 RE\u00c7OIT LE COORDINATEUR RESIDENT DES NATIONS UNIES EN GUINEE\",\"datePublished\":\"2026-03-11T15:12:17+00:00\",\"dateModified\":\"2026-03-11T23:15:29+00:00\",\"mainEntityOfPage\":{\"@id\":\"https:\\\/\\\/mpcid.gov.gn\\\/index.php\\\/mpcid-partenariat-strategique-le-ministre-ismael-nabe-recoit-le-coordinateur-resident-des-nations-unies-en-guinee\\\/\"},\"wordCount\":468,\"publisher\":{\"@id\":\"https:\\\/\\\/mpcid.gov.gn\\\/#organization\"},\"image\":{\"@id\":\"https:\\\/\\\/mpcid.gov.gn\\\/index.php\\\/mpcid-partenariat-strategique-le-ministre-ismael-nabe-recoit-le-coordinateur-resident-des-nations-unies-en-guinee\\\/#primaryimage\"},\"thumbnailUrl\":\"https:\\\/\\\/mpcid.gov.gn\\\/wp-content\\\/uploads\\\/2026\\\/03\\\/2-5.jpg\",\"articleSection\":[\"Actualit\u00e9s\"],\"inLanguage\":\"fr-FR\"},{\"@type\":\"WebPage\",\"@id\":\"https:\\\/\\\/mpcid.gov.gn\\\/index.php\\\/mpcid-partenariat-strategique-le-ministre-ismael-nabe-recoit-le-coordinateur-resident-des-nations-unies-en-guinee\\\/\",\"url\":\"https:\\\/\\\/mpcid.gov.gn\\\/index.php\\\/mpcid-partenariat-strategique-le-ministre-ismael-nabe-recoit-le-coordinateur-resident-des-nations-unies-en-guinee\\\/\",\"name\":\"MPCID - PARTENARIAT STRATEGIQUE : LE MINISTRE ISMA\u00cbL NAB\u00c9 RE\u00c7OIT LE COORDINATEUR RESIDENT DES NATIONS UNIES EN GUINEE - MPCI\",\"isPartOf\":{\"@id\":\"https:\\\/\\\/mpcid.gov.gn\\\/#website\"},\"primaryImageOfPage\":{\"@id\":\"https:\\\/\\\/mpcid.gov.gn\\\/index.php\\\/mpcid-partenariat-strategique-le-ministre-ismael-nabe-recoit-le-coordinateur-resident-des-nations-unies-en-guinee\\\/#primaryimage\"},\"image\":{\"@id\":\"https:\\\/\\\/mpcid.gov.gn\\\/index.php\\\/mpcid-partenariat-strategique-le-ministre-ismael-nabe-recoit-le-coordinateur-resident-des-nations-unies-en-guinee\\\/#primaryimage\"},\"thumbnailUrl\":\"https:\\\/\\\/mpcid.gov.gn\\\/wp-content\\\/uploads\\\/2026\\\/03\\\/2-5.jpg\",\"datePublished\":\"2026-03-11T15:12:17+00:00\",\"dateModified\":\"2026-03-11T23:15:29+00:00\",\"breadcrumb\":{\"@id\":\"https:\\\/\\\/mpcid.gov.gn\\\/index.php\\\/mpcid-partenariat-strategique-le-ministre-ismael-nabe-recoit-le-coordinateur-resident-des-nations-unies-en-guinee\\\/#breadcrumb\"},\"inLanguage\":\"fr-FR\",\"potentialAction\":[{\"@type\":\"ReadAction\",\"target\":[\"https:\\\/\\\/mpcid.gov.gn\\\/index.php\\\/mpcid-partenariat-strategique-le-ministre-ismael-nabe-recoit-le-coordinateur-resident-des-nations-unies-en-guinee\\\/\"]}]},{\"@type\":\"ImageObject\",\"inLanguage\":\"fr-FR\",\"@id\":\"https:\\\/\\\/mpcid.gov.gn\\\/index.php\\\/mpcid-partenariat-strategique-le-ministre-ismael-nabe-recoit-le-coordinateur-resident-des-nations-unies-en-guinee\\\/#primaryimage\",\"url\":\"https:\\\/\\\/mpcid.gov.gn\\\/wp-content\\\/uploads\\\/2026\\\/03\\\/2-5.jpg\",\"contentUrl\":\"https:\\\/\\\/mpcid.gov.gn\\\/wp-content\\\/uploads\\\/2026\\\/03\\\/2-5.jpg\",\"width\":1080,\"height\":727},{\"@type\":\"BreadcrumbList\",\"@id\":\"https:\\\/\\\/mpcid.gov.gn\\\/index.php\\\/mpcid-partenariat-strategique-le-ministre-ismael-nabe-recoit-le-coordinateur-resident-des-nations-unies-en-guinee\\\/#breadcrumb\",\"itemListElement\":[{\"@type\":\"ListItem\",\"position\":1,\"name\":\"Accueil\",\"item\":\"https:\\\/\\\/mpcid.gov.gn\\\/\"},{\"@type\":\"ListItem\",\"position\":2,\"name\":\"MPCID &#8211; PARTENARIAT STRATEGIQUE : LE MINISTRE ISMA\u00cbL NAB\u00c9 RE\u00c7OIT LE COORDINATEUR RESIDENT DES NATIONS UNIES EN GUINEE\"}]},{\"@type\":\"WebSite\",\"@id\":\"https:\\\/\\\/mpcid.gov.gn\\\/#website\",\"url\":\"https:\\\/\\\/mpcid.gov.gn\\\/\",\"name\":\"https:\\\/\\\/mpcid.gov.gn\\\/\",\"description\":\"Minist\u00e8re du Plan et de la Coop\u00e9ration Internationale\",\"publisher\":{\"@id\":\"https:\\\/\\\/mpcid.gov.gn\\\/#organization\"},\"potentialAction\":[{\"@type\":\"SearchAction\",\"target\":{\"@type\":\"EntryPoint\",\"urlTemplate\":\"https:\\\/\\\/mpcid.gov.gn\\\/?s={search_term_string}\"},\"query-input\":{\"@type\":\"PropertyValueSpecification\",\"valueRequired\":true,\"valueName\":\"search_term_string\"}}],\"inLanguage\":\"fr-FR\"},{\"@type\":\"Organization\",\"@id\":\"https:\\\/\\\/mpcid.gov.gn\\\/#organization\",\"name\":\"Minist\u00e8re du Plan et de la Coop\u00e9ration Internationale - MPCI\",\"url\":\"https:\\\/\\\/mpcid.gov.gn\\\/\",\"logo\":{\"@type\":\"ImageObject\",\"inLanguage\":\"fr-FR\",\"@id\":\"https:\\\/\\\/mpcid.gov.gn\\\/#\\\/schema\\\/logo\\\/image\\\/\",\"url\":\"https:\\\/\\\/mpcid.gov.gn\\\/wp-content\\\/uploads\\\/2023\\\/10\\\/Ministere-du-Plan-et-de-la-Cooperation-Internationale-MPCI.jpg\",\"contentUrl\":\"https:\\\/\\\/mpcid.gov.gn\\\/wp-content\\\/uploads\\\/2023\\\/10\\\/Ministere-du-Plan-et-de-la-Cooperation-Internationale-MPCI.jpg\",\"width\":462,\"height\":462,\"caption\":\"Minist\u00e8re du Plan et de la Coop\u00e9ration Internationale - MPCI\"},\"image\":{\"@id\":\"https:\\\/\\\/mpcid.gov.gn\\\/#\\\/schema\\\/logo\\\/image\\\/\"},\"sameAs\":[\"https:\\\/\\\/www.facebook.com\\\/MPCIGN\",\"https:\\\/\\\/x.com\\\/MpciGov\"]},{\"@type\":\"Person\",\"@id\":\"https:\\\/\\\/mpcid.gov.gn\\\/#\\\/schema\\\/person\\\/070aeea8fafd7a7e5a037505652abbee\",\"name\":\"Service Communication\",\"sameAs\":[\"http:\\\/\\\/Service-com\"],\"url\":\"https:\\\/\\\/mpcid.gov.gn\\\/index.php\\\/author\\\/service-com\\\/\"}]}<\/script>\n<!-- \/ Yoast SEO plugin. -->","yoast_head_json":{"title":"MPCID - PARTENARIAT STRATEGIQUE : LE MINISTRE ISMA\u00cbL NAB\u00c9 RE\u00c7OIT LE COORDINATEUR RESIDENT DES NATIONS UNIES EN GUINEE - MPCI","robots":{"index":"index","follow":"follow","max-snippet":"max-snippet:-1","max-image-preview":"max-image-preview:large","max-video-preview":"max-video-preview:-1"},"canonical":"https:\/\/mpcid.gov.gn\/index.php\/mpcid-partenariat-strategique-le-ministre-ismael-nabe-recoit-le-coordinateur-resident-des-nations-unies-en-guinee\/","og_locale":"fr_FR","og_type":"article","og_title":"MPCID - PARTENARIAT STRATEGIQUE : LE MINISTRE ISMA\u00cbL NAB\u00c9 RE\u00c7OIT LE COORDINATEUR RESIDENT DES NATIONS UNIES EN GUINEE - MPCI","og_description":"Ce mercredi 11 mars 2026, le Ministre du Plan, de la Coop\u00e9ration Internationale et du D\u00e9veloppement, Isma\u00ebl NAB\u00c9, a re\u00e7u en audience le nouveau Coordinateur r\u00e9sident du Syst\u00e8me des Nations Unies en Guin\u00e9e et pr\u00e9sident du COMEX, Diego ZORRILLA. Cette rencontre s\u2019est tenue en pr\u00e9sence de Mme la Cheffe de Cabinet, Fatoumata Tour\u00e9, du Directeur &hellip; Continue reading \"MPCID &#8211; PARTENARIAT STRATEGIQUE : LE MINISTRE ISMA\u00cbL NAB\u00c9 RE\u00c7OIT LE COORDINATEUR RESIDENT DES NATIONS UNIES EN GUINEE\"","og_url":"https:\/\/mpcid.gov.gn\/index.php\/mpcid-partenariat-strategique-le-ministre-ismael-nabe-recoit-le-coordinateur-resident-des-nations-unies-en-guinee\/","og_site_name":"MPCI","article_publisher":"https:\/\/www.facebook.com\/MPCIGN","article_published_time":"2026-03-11T15:12:17+00:00","article_modified_time":"2026-03-11T23:15:29+00:00","og_image":[{"width":1080,"height":727,"url":"https:\/\/mpcid.gov.gn\/wp-content\/uploads\/2026\/03\/2-5.jpg","type":"image\/jpeg"}],"author":"Service Communication","twitter_card":"summary_large_image","twitter_creator":"@MpciGov","twitter_site":"@MpciGov","twitter_misc":{"\u00c9crit par":"Service Communication","Dur\u00e9e de lecture estim\u00e9e":"4 minutes"},"schema":{"@context":"https:\/\/schema.org","@graph":[{"@type":"Article","@id":"https:\/\/mpcid.gov.gn\/index.php\/mpcid-partenariat-strategique-le-ministre-ismael-nabe-recoit-le-coordinateur-resident-des-nations-unies-en-guinee\/#article","isPartOf":{"@id":"https:\/\/mpcid.gov.gn\/index.php\/mpcid-partenariat-strategique-le-ministre-ismael-nabe-recoit-le-coordinateur-resident-des-nations-unies-en-guinee\/"},"author":{"name":"Service Communication","@id":"https:\/\/mpcid.gov.gn\/#\/schema\/person\/070aeea8fafd7a7e5a037505652abbee"},"headline":"MPCID &#8211; PARTENARIAT STRATEGIQUE : LE MINISTRE ISMA\u00cbL NAB\u00c9 RE\u00c7OIT LE COORDINATEUR RESIDENT DES NATIONS UNIES EN GUINEE","datePublished":"2026-03-11T15:12:17+00:00","dateModified":"2026-03-11T23:15:29+00:00","mainEntityOfPage":{"@id":"https:\/\/mpcid.gov.gn\/index.php\/mpcid-partenariat-strategique-le-ministre-ismael-nabe-recoit-le-coordinateur-resident-des-nations-unies-en-guinee\/"},"wordCount":468,"publisher":{"@id":"https:\/\/mpcid.gov.gn\/#organization"},"image":{"@id":"https:\/\/mpcid.gov.gn\/index.php\/mpcid-partenariat-strategique-le-ministre-ismael-nabe-recoit-le-coordinateur-resident-des-nations-unies-en-guinee\/#primaryimage"},"thumbnailUrl":"https:\/\/mpcid.gov.gn\/wp-content\/uploads\/2026\/03\/2-5.jpg","articleSection":["Actualit\u00e9s"],"inLanguage":"fr-FR"},{"@type":"WebPage","@id":"https:\/\/mpcid.gov.gn\/index.php\/mpcid-partenariat-strategique-le-ministre-ismael-nabe-recoit-le-coordinateur-resident-des-nations-unies-en-guinee\/","url":"https:\/\/mpcid.gov.gn\/index.php\/mpcid-partenariat-strategique-le-ministre-ismael-nabe-recoit-le-coordinateur-resident-des-nations-unies-en-guinee\/","name":"MPCID - PARTENARIAT STRATEGIQUE : LE MINISTRE ISMA\u00cbL NAB\u00c9 RE\u00c7OIT LE COORDINATEUR RESIDENT DES NATIONS UNIES EN GUINEE - MPCI","isPartOf":{"@id":"https:\/\/mpcid.gov.gn\/#website"},"primaryImageOfPage":{"@id":"https:\/\/mpcid.gov.gn\/index.php\/mpcid-partenariat-strategique-le-ministre-ismael-nabe-recoit-le-coordinateur-resident-des-nations-unies-en-guinee\/#primaryimage"},"image":{"@id":"https:\/\/mpcid.gov.gn\/index.php\/mpcid-partenariat-strategique-le-ministre-ismael-nabe-recoit-le-coordinateur-resident-des-nations-unies-en-guinee\/#primaryimage"},"thumbnailUrl":"https:\/\/mpcid.gov.gn\/wp-content\/uploads\/2026\/03\/2-5.jpg","datePublished":"2026-03-11T15:12:17+00:00","dateModified":"2026-03-11T23:15:29+00:00","breadcrumb":{"@id":"https:\/\/mpcid.gov.gn\/index.php\/mpcid-partenariat-strategique-le-ministre-ismael-nabe-recoit-le-coordinateur-resident-des-nations-unies-en-guinee\/#breadcrumb"},"inLanguage":"fr-FR","potentialAction":[{"@type":"ReadAction","target":["https:\/\/mpcid.gov.gn\/index.php\/mpcid-partenariat-strategique-le-ministre-ismael-nabe-recoit-le-coordinateur-resident-des-nations-unies-en-guinee\/"]}]},{"@type":"ImageObject","inLanguage":"fr-FR","@id":"https:\/\/mpcid.gov.gn\/index.php\/mpcid-partenariat-strategique-le-ministre-ismael-nabe-recoit-le-coordinateur-resident-des-nations-unies-en-guinee\/#primaryimage","url":"https:\/\/mpcid.gov.gn\/wp-content\/uploads\/2026\/03\/2-5.jpg","contentUrl":"https:\/\/mpcid.gov.gn\/wp-content\/uploads\/2026\/03\/2-5.jpg","width":1080,"height":727},{"@type":"BreadcrumbList","@id":"https:\/\/mpcid.gov.gn\/index.php\/mpcid-partenariat-strategique-le-ministre-ismael-nabe-recoit-le-coordinateur-resident-des-nations-unies-en-guinee\/#breadcrumb","itemListElement":[{"@type":"ListItem","position":1,"name":"Accueil","item":"https:\/\/mpcid.gov.gn\/"},{"@type":"ListItem","position":2,"name":"MPCID &#8211; PARTENARIAT STRATEGIQUE : LE MINISTRE ISMA\u00cbL NAB\u00c9 RE\u00c7OIT LE COORDINATEUR RESIDENT DES NATIONS UNIES EN GUINEE"}]},{"@type":"WebSite","@id":"https:\/\/mpcid.gov.gn\/#website","url":"https:\/\/mpcid.gov.gn\/","name":"https:\/\/mpcid.gov.gn\/","description":"Minist\u00e8re du Plan et de la Coop\u00e9ration Internationale","publisher":{"@id":"https:\/\/mpcid.gov.gn\/#organization"},"potentialAction":[{"@type":"SearchAction","target":{"@type":"EntryPoint","urlTemplate":"https:\/\/mpcid.gov.gn\/?s={search_term_string}"},"query-input":{"@type":"PropertyValueSpecification","valueRequired":true,"valueName":"search_term_string"}}],"inLanguage":"fr-FR"},{"@type":"Organization","@id":"https:\/\/mpcid.gov.gn\/#organization","name":"Minist\u00e8re du Plan et de la Coop\u00e9ration Internationale - MPCI","url":"https:\/\/mpcid.gov.gn\/","logo":{"@type":"ImageObject","inLanguage":"fr-FR","@id":"https:\/\/mpcid.gov.gn\/#\/schema\/logo\/image\/","url":"https:\/\/mpcid.gov.gn\/wp-content\/uploads\/2023\/10\/Ministere-du-Plan-et-de-la-Cooperation-Internationale-MPCI.jpg","contentUrl":"https:\/\/mpcid.gov.gn\/wp-content\/uploads\/2023\/10\/Ministere-du-Plan-et-de-la-Cooperation-Internationale-MPCI.jpg","width":462,"height":462,"caption":"Minist\u00e8re du Plan et de la Coop\u00e9ration Internationale - MPCI"},"image":{"@id":"https:\/\/mpcid.gov.gn\/#\/schema\/logo\/image\/"},"sameAs":["https:\/\/www.facebook.com\/MPCIGN","https:\/\/x.com\/MpciGov"]},{"@type":"Person","@id":"https:\/\/mpcid.gov.gn\/#\/schema\/person\/070aeea8fafd7a7e5a037505652abbee","name":"Service Communication","sameAs":["http:\/\/Service-com"],"url":"https:\/\/mpcid.gov.gn\/index.php\/author\/service-com\/"}]}},"_links":{"self":[{"href":"https:\/\/mpcid.gov.gn\/index.php\/wp-json\/wp\/v2\/posts\/19181","targetHints":{"allow":["GET"]}}],"collection":[{"href":"https:\/\/mpcid.gov.gn\/index.php\/wp-json\/wp\/v2\/posts"}],"about":[{"href":"https:\/\/mpcid.gov.gn\/index.php\/wp-json\/wp\/v2\/types\/post"}],"author":[{"embeddable":true,"href":"https:\/\/mpcid.gov.gn\/index.php\/wp-json\/wp\/v2\/users\/20"}],"replies":[{"embeddable":true,"href":"https:\/\/mpcid.gov.gn\/index.php\/wp-json\/wp\/v2\/comments?post=19181"}],"version-history":[{"count":0,"href":"https:\/\/mpcid.gov.gn\/index.php\/wp-json\/wp\/v2\/posts\/19181\/revisions"}],"wp:featuredmedia":[{"embeddable":true,"href":"https:\/\/mpcid.gov.gn\/index.php\/wp-json\/wp\/v2\/media\/19184"}],"wp:attachment":[{"href":"https:\/\/mpcid.gov.gn\/index.php\/wp-json\/wp\/v2\/media?parent=19181"}],"wp:term":[{"taxonomy":"category","embeddable":true,"href":"https:\/\/mpcid.gov.gn\/index.php\/wp-json\/wp\/v2\/categories?post=19181"},{"taxonomy":"post_tag","embeddable":true,"href":"https:\/\/mpcid.gov.gn\/index.php\/wp-json\/wp\/v2\/tags?post=19181"}],"curies":[{"name":"wp","href":"https:\/\/api.w.org\/{rel}","templated":true}]}}