{"id":19146,"date":"2026-03-11T14:30:38","date_gmt":"2026-03-11T14:30:38","guid":{"rendered":"https:\/\/mpcid.gov.gn\/?p=19146"},"modified":"2026-03-11T23:09:57","modified_gmt":"2026-03-11T23:09:57","slug":"planification-territoriale-le-ministre-ismael-nabe-lance-la-validation-des-notes-de-cadrage-pour-lelaboration-des-srad","status":"publish","type":"post","link":"https:\/\/mpcid.gov.gn\/index.php\/planification-territoriale-le-ministre-ismael-nabe-lance-la-validation-des-notes-de-cadrage-pour-lelaboration-des-srad\/","title":{"rendered":"Planification territoriale : le Ministre Isma\u00ebl NABE lance la validation des notes de cadrage pour l\u2019\u00e9laboration des SRAD"},"content":{"rendered":"<p>Conakry, le 11 mars 2026-Le Ministre du Plan, de la Coop\u00e9ration internationale et du D\u00e9veloppement, Isma\u00ebl NABE, a lanc\u00e9 l\u2019atelier de validation des notes de cadrage pour l\u2019\u00e9laboration des Sch\u00e9mas R\u00e9gionaux d\u2019Am\u00e9nagement et de D\u00e9veloppement (SRAD). Cet atelier regroupe les BSD des diff\u00e9rents d\u00e9partements minist\u00e9riels, les membres du comit\u00e9 technique, les consultants, les cabinets retenus, l\u2019ANAFIC et les bailleurs de fonds (Banque mondiale et Banque africaine de d\u00e9veloppement). La rencontre marque une \u00e9tape strat\u00e9gique dans le processus de planification territoriale visant \u00e0 promouvoir un d\u00e9veloppement \u00e9quilibr\u00e9, harmonieux et durable de l\u2019ensemble des r\u00e9gions du pays.<\/p>\n<p><img fetchpriority=\"high\" decoding=\"async\" class=\"alignnone size-medium wp-image-19168\" src=\"https:\/\/mpcid.gov.gn\/wp-content\/uploads\/2026\/03\/7-4-500x333.jpg\" alt=\"\" width=\"500\" height=\"333\" srcset=\"https:\/\/mpcid.gov.gn\/wp-content\/uploads\/2026\/03\/7-4-500x333.jpg 500w, https:\/\/mpcid.gov.gn\/wp-content\/uploads\/2026\/03\/7-4-1024x683.jpg 1024w, https:\/\/mpcid.gov.gn\/wp-content\/uploads\/2026\/03\/7-4-768x512.jpg 768w, https:\/\/mpcid.gov.gn\/wp-content\/uploads\/2026\/03\/7-4.jpg 1080w\" sizes=\"(max-width: 500px) 85vw, 500px\" \/> <img decoding=\"async\" class=\"alignnone size-medium wp-image-19169\" src=\"https:\/\/mpcid.gov.gn\/wp-content\/uploads\/2026\/03\/8-4-500x318.jpg\" alt=\"\" width=\"500\" height=\"318\" srcset=\"https:\/\/mpcid.gov.gn\/wp-content\/uploads\/2026\/03\/8-4-500x318.jpg 500w, https:\/\/mpcid.gov.gn\/wp-content\/uploads\/2026\/03\/8-4-1024x651.jpg 1024w, https:\/\/mpcid.gov.gn\/wp-content\/uploads\/2026\/03\/8-4-768x489.jpg 768w, https:\/\/mpcid.gov.gn\/wp-content\/uploads\/2026\/03\/8-4.jpg 1080w\" sizes=\"(max-width: 500px) 85vw, 500px\" \/> <img decoding=\"async\" class=\"alignnone size-medium wp-image-19162\" src=\"https:\/\/mpcid.gov.gn\/wp-content\/uploads\/2026\/03\/1-4-500x333.jpg\" alt=\"\" width=\"500\" height=\"333\" srcset=\"https:\/\/mpcid.gov.gn\/wp-content\/uploads\/2026\/03\/1-4-500x333.jpg 500w, https:\/\/mpcid.gov.gn\/wp-content\/uploads\/2026\/03\/1-4-1024x683.jpg 1024w, https:\/\/mpcid.gov.gn\/wp-content\/uploads\/2026\/03\/1-4-768x512.jpg 768w, https:\/\/mpcid.gov.gn\/wp-content\/uploads\/2026\/03\/1-4.jpg 1080w\" sizes=\"(max-width: 500px) 85vw, 500px\" \/> <img loading=\"lazy\" decoding=\"async\" class=\"alignnone size-medium wp-image-19165\" src=\"https:\/\/mpcid.gov.gn\/wp-content\/uploads\/2026\/03\/4-4-500x333.jpg\" alt=\"\" width=\"500\" height=\"333\" srcset=\"https:\/\/mpcid.gov.gn\/wp-content\/uploads\/2026\/03\/4-4-500x333.jpg 500w, https:\/\/mpcid.gov.gn\/wp-content\/uploads\/2026\/03\/4-4-1024x683.jpg 1024w, https:\/\/mpcid.gov.gn\/wp-content\/uploads\/2026\/03\/4-4-768x512.jpg 768w, https:\/\/mpcid.gov.gn\/wp-content\/uploads\/2026\/03\/4-4.jpg 1080w\" sizes=\"(max-width: 500px) 85vw, 500px\" \/> <img loading=\"lazy\" decoding=\"async\" class=\"alignnone size-medium wp-image-19164\" src=\"https:\/\/mpcid.gov.gn\/wp-content\/uploads\/2026\/03\/3-4-500x333.jpg\" alt=\"\" width=\"500\" height=\"333\" srcset=\"https:\/\/mpcid.gov.gn\/wp-content\/uploads\/2026\/03\/3-4-500x333.jpg 500w, https:\/\/mpcid.gov.gn\/wp-content\/uploads\/2026\/03\/3-4-1024x683.jpg 1024w, https:\/\/mpcid.gov.gn\/wp-content\/uploads\/2026\/03\/3-4-768x512.jpg 768w, https:\/\/mpcid.gov.gn\/wp-content\/uploads\/2026\/03\/3-4.jpg 1080w\" sizes=\"(max-width: 500px) 85vw, 500px\" \/> <img loading=\"lazy\" decoding=\"async\" class=\"alignnone size-medium wp-image-19163\" src=\"https:\/\/mpcid.gov.gn\/wp-content\/uploads\/2026\/03\/2-4-500x333.jpg\" alt=\"\" width=\"500\" height=\"333\" srcset=\"https:\/\/mpcid.gov.gn\/wp-content\/uploads\/2026\/03\/2-4-500x333.jpg 500w, https:\/\/mpcid.gov.gn\/wp-content\/uploads\/2026\/03\/2-4-1024x683.jpg 1024w, https:\/\/mpcid.gov.gn\/wp-content\/uploads\/2026\/03\/2-4-768x512.jpg 768w, https:\/\/mpcid.gov.gn\/wp-content\/uploads\/2026\/03\/2-4.jpg 1080w\" sizes=\"(max-width: 500px) 85vw, 500px\" \/> <img loading=\"lazy\" decoding=\"async\" class=\"alignnone size-medium wp-image-19174\" src=\"https:\/\/mpcid.gov.gn\/wp-content\/uploads\/2026\/03\/14-3-500x333.jpg\" alt=\"\" width=\"500\" height=\"333\" srcset=\"https:\/\/mpcid.gov.gn\/wp-content\/uploads\/2026\/03\/14-3-500x333.jpg 500w, https:\/\/mpcid.gov.gn\/wp-content\/uploads\/2026\/03\/14-3-1024x683.jpg 1024w, https:\/\/mpcid.gov.gn\/wp-content\/uploads\/2026\/03\/14-3-768x512.jpg 768w, https:\/\/mpcid.gov.gn\/wp-content\/uploads\/2026\/03\/14-3.jpg 1080w\" sizes=\"(max-width: 500px) 85vw, 500px\" \/> <img loading=\"lazy\" decoding=\"async\" class=\"alignnone size-medium wp-image-19175\" src=\"https:\/\/mpcid.gov.gn\/wp-content\/uploads\/2026\/03\/15-3-500x333.jpg\" alt=\"\" width=\"500\" height=\"333\" srcset=\"https:\/\/mpcid.gov.gn\/wp-content\/uploads\/2026\/03\/15-3-500x333.jpg 500w, https:\/\/mpcid.gov.gn\/wp-content\/uploads\/2026\/03\/15-3-1024x683.jpg 1024w, https:\/\/mpcid.gov.gn\/wp-content\/uploads\/2026\/03\/15-3-768x512.jpg 768w, https:\/\/mpcid.gov.gn\/wp-content\/uploads\/2026\/03\/15-3.jpg 1080w\" sizes=\"(max-width: 500px) 85vw, 500px\" \/> <img loading=\"lazy\" decoding=\"async\" class=\"alignnone size-medium wp-image-19176\" src=\"https:\/\/mpcid.gov.gn\/wp-content\/uploads\/2026\/03\/16-3-500x333.jpg\" alt=\"\" width=\"500\" height=\"333\" srcset=\"https:\/\/mpcid.gov.gn\/wp-content\/uploads\/2026\/03\/16-3-500x333.jpg 500w, https:\/\/mpcid.gov.gn\/wp-content\/uploads\/2026\/03\/16-3-1024x683.jpg 1024w, https:\/\/mpcid.gov.gn\/wp-content\/uploads\/2026\/03\/16-3-768x512.jpg 768w, https:\/\/mpcid.gov.gn\/wp-content\/uploads\/2026\/03\/16-3.jpg 1080w\" sizes=\"(max-width: 500px) 85vw, 500px\" \/> <img loading=\"lazy\" decoding=\"async\" class=\"alignnone size-medium wp-image-19177\" src=\"https:\/\/mpcid.gov.gn\/wp-content\/uploads\/2026\/03\/17-1-500x333.jpg\" alt=\"\" width=\"500\" height=\"333\" srcset=\"https:\/\/mpcid.gov.gn\/wp-content\/uploads\/2026\/03\/17-1-500x333.jpg 500w, https:\/\/mpcid.gov.gn\/wp-content\/uploads\/2026\/03\/17-1-1024x683.jpg 1024w, https:\/\/mpcid.gov.gn\/wp-content\/uploads\/2026\/03\/17-1-768x512.jpg 768w, https:\/\/mpcid.gov.gn\/wp-content\/uploads\/2026\/03\/17-1.jpg 1080w\" sizes=\"(max-width: 500px) 85vw, 500px\" \/> <img loading=\"lazy\" decoding=\"async\" class=\"alignnone size-medium wp-image-19178\" src=\"https:\/\/mpcid.gov.gn\/wp-content\/uploads\/2026\/03\/18-1-500x333.jpg\" alt=\"\" width=\"500\" height=\"333\" srcset=\"https:\/\/mpcid.gov.gn\/wp-content\/uploads\/2026\/03\/18-1-500x333.jpg 500w, https:\/\/mpcid.gov.gn\/wp-content\/uploads\/2026\/03\/18-1-1024x683.jpg 1024w, https:\/\/mpcid.gov.gn\/wp-content\/uploads\/2026\/03\/18-1-768x512.jpg 768w, https:\/\/mpcid.gov.gn\/wp-content\/uploads\/2026\/03\/18-1.jpg 1080w\" sizes=\"(max-width: 500px) 85vw, 500px\" \/><\/p>\n<p>Pr\u00e9sidant la c\u00e9r\u00e9monie d\u2019ouverture, le Ministre Isma\u00ebl NABE a soulign\u00e9 l\u2019importance cruciale de cette \u00e9tape technique qui doit permettre de poser les bases m\u00e9thodologiques et op\u00e9rationnelles de l\u2019\u00e9laboration des SRAD. Il a rappel\u00e9 que cet exercice s\u2019inscrit pleinement dans la vision de transformation structurelle port\u00e9e par les autorit\u00e9s guin\u00e9ennes.<\/p>\n<p><img loading=\"lazy\" decoding=\"async\" class=\"alignnone size-medium wp-image-19172\" src=\"https:\/\/mpcid.gov.gn\/wp-content\/uploads\/2026\/03\/11-3-333x500.jpg\" alt=\"\" width=\"333\" height=\"500\" srcset=\"https:\/\/mpcid.gov.gn\/wp-content\/uploads\/2026\/03\/11-3-333x500.jpg 333w, https:\/\/mpcid.gov.gn\/wp-content\/uploads\/2026\/03\/11-3-683x1024.jpg 683w, https:\/\/mpcid.gov.gn\/wp-content\/uploads\/2026\/03\/11-3.jpg 720w\" sizes=\"(max-width: 333px) 85vw, 333px\" \/><\/p>\n<p>Le Ministre NABE a notamment salu\u00e9 la vision de Son Excellence le Pr\u00e9sident de la R\u00e9publique, Mamadi Doumbouya, pour son engagement en faveur d\u2019un d\u00e9veloppement structur\u00e9 et \u00e9quilibr\u00e9 du territoire national. Il a \u00e9galement rendu hommage aux orientations strat\u00e9giques du Premier ministre, Amadou Oury Bah, qui pr\u00e9side le comit\u00e9 de pilotage de cette initiative.<\/p>\n<p><strong>Le comit\u00e9 technique au c\u0153ur du processus<\/strong><\/p>\n<p>Selon le Ministre, le comit\u00e9 technique constitue la v\u00e9ritable cheville ouvri\u00e8re de ce processus ambitieux. Si le comit\u00e9 de pilotage d\u00e9finit les orientations strat\u00e9giques et politiques, les techniciens ont la responsabilit\u00e9 de traduire ces ambitions en actions concr\u00e8tes, en s\u2019appuyant sur des bases scientifiques solides, des m\u00e9thodologies rigoureuses et un calendrier r\u00e9aliste.<\/p>\n<p>Il a ainsi insist\u00e9 sur l\u2019importance de la collaboration entre les diff\u00e9rents experts mobilis\u00e9s, soulignant que la diversit\u00e9 des comp\u00e9tences et des perspectives constitue un atout majeur pour relever les d\u00e9fis li\u00e9s \u00e0 la planification territoriale. \u00ab Votre expertise collective est l\u2019une des ressources les plus pr\u00e9cieuses dont nous disposons pour transformer nos visions strat\u00e9giques en actions concr\u00e8tes et mesurables \u00bb, a-t-il d\u00e9clar\u00e9.<\/p>\n<p><strong>Les SRAD, boussoles du d\u00e9veloppement r\u00e9gional<\/strong><\/p>\n<p>Les Sch\u00e9mas R\u00e9gionaux d\u2019Am\u00e9nagement et de D\u00e9veloppement sont appel\u00e9s \u00e0 jouer un r\u00f4le central dans la transformation \u00e9conomique et territoriale du pays. V\u00e9ritables outils de planification strat\u00e9gique, ils permettront d\u2019orienter les politiques publiques \u00e0 l\u2019\u00e9chelle r\u00e9gionale en conciliant d\u00e9veloppement \u00e9conomique, pr\u00e9servation des ressources naturelles et r\u00e9duction des disparit\u00e9s territoriales.<\/p>\n<p><img loading=\"lazy\" decoding=\"async\" class=\"alignnone size-medium wp-image-19173\" src=\"https:\/\/mpcid.gov.gn\/wp-content\/uploads\/2026\/03\/13-3-333x500.jpg\" alt=\"\" width=\"333\" height=\"500\" srcset=\"https:\/\/mpcid.gov.gn\/wp-content\/uploads\/2026\/03\/13-3-333x500.jpg 333w, https:\/\/mpcid.gov.gn\/wp-content\/uploads\/2026\/03\/13-3-683x1024.jpg 683w, https:\/\/mpcid.gov.gn\/wp-content\/uploads\/2026\/03\/13-3.jpg 720w\" sizes=\"(max-width: 333px) 85vw, 333px\" \/><\/p>\n<p>Ces sch\u00e9mas contribueront \u00e9galement \u00e0 l\u2019op\u00e9rationnalisation au niveau r\u00e9gional de la vision nationale de d\u00e9veloppement \u00e0 long terme, notamment dans la perspective de la transformation structurelle de l\u2019\u00e9conomie guin\u00e9enne.<\/p>\n<p>Ils constitueront ainsi un cadre coh\u00e9rent pour la planification, la programmation et la budg\u00e9tisation de l\u2019action publique, tout en tenant compte des sp\u00e9cificit\u00e9s et des potentialit\u00e9s propres \u00e0 chaque r\u00e9gion du pays.<\/p>\n<p><strong>Des travaux techniques approfondis attendus<\/strong><\/p>\n<p>Dans le cadre de cette mission, les cabinets et experts mobilis\u00e9s auront pour responsabilit\u00e9 de conduire un travail technique approfondi. Celui-ci portera notamment sur :<\/p>\n<ul>\n<li>L\u2019analyse et la consolidation des donn\u00e9es existantes ;<\/li>\n<li>La r\u00e9alisation d\u2019un diagnostic territorial d\u00e9taill\u00e9 ;<\/li>\n<li>La formulation de propositions relatives \u00e0 l\u2019affectation des sols, au d\u00e9veloppement des infrastructures et \u00e0 la valorisation des ressources \u00e9conomiques ;<\/li>\n<li>La r\u00e9daction des documents strat\u00e9giques des SRAD en coh\u00e9rence avec les politiques nationales et les besoins locaux.<\/li>\n<\/ul>\n<p>Le Ministre Isma\u00ebl NABE a \u00e9galement insist\u00e9 sur la n\u00e9cessit\u00e9 d\u2019int\u00e9grer les principes du d\u00e9veloppement durable, en prenant en compte les dimensions environnementales, sociales ainsi que la r\u00e9silience face aux effets du changement climatique.<\/p>\n<p><img loading=\"lazy\" decoding=\"async\" class=\"alignnone size-medium wp-image-19166\" src=\"https:\/\/mpcid.gov.gn\/wp-content\/uploads\/2026\/03\/5-4-333x500.jpg\" alt=\"\" width=\"333\" height=\"500\" srcset=\"https:\/\/mpcid.gov.gn\/wp-content\/uploads\/2026\/03\/5-4-333x500.jpg 333w, https:\/\/mpcid.gov.gn\/wp-content\/uploads\/2026\/03\/5-4-683x1024.jpg 683w, https:\/\/mpcid.gov.gn\/wp-content\/uploads\/2026\/03\/5-4.jpg 720w\" sizes=\"(max-width: 333px) 85vw, 333px\" \/><\/p>\n<p>Il a exprim\u00e9 sa gratitude \u00e0 la Banque Mondiale et \u00e0 la Banque Africaine de D\u00e9veloppement pour leur accompagnement dans ce processus structurant pour l\u2019avenir du pays.<\/p>\n<p>Enfin, le Ministre a invit\u00e9 les participants \u00e0 faire preuve de rigueur scientifique, d\u2019objectivit\u00e9 et d\u2019un esprit de collaboration exemplaire. Selon lui, les travaux qui seront men\u00e9s dans le cadre de ce processus auront un impact direct sur l\u2019organisation du territoire et sur l\u2019am\u00e9lioration des conditions de vie des populations. \u00ab Chaque rapport, chaque carte et chaque proposition que vous \u00e9laborerez contribuera \u00e0 fa\u00e7onner l\u2019avenir de nos r\u00e9gions et \u00e0 b\u00e2tir une Guin\u00e9e mieux organis\u00e9e, plus r\u00e9siliente et plus prosp\u00e8re \u00bb, a-t-il conclu.<\/p>\n<p><img loading=\"lazy\" decoding=\"async\" class=\"alignnone size-medium wp-image-19171\" src=\"https:\/\/mpcid.gov.gn\/wp-content\/uploads\/2026\/03\/10-4-362x500.jpg\" alt=\"\" width=\"362\" height=\"500\" srcset=\"https:\/\/mpcid.gov.gn\/wp-content\/uploads\/2026\/03\/10-4-362x500.jpg 362w, https:\/\/mpcid.gov.gn\/wp-content\/uploads\/2026\/03\/10-4-741x1024.jpg 741w, https:\/\/mpcid.gov.gn\/wp-content\/uploads\/2026\/03\/10-4-768x1061.jpg 768w, https:\/\/mpcid.gov.gn\/wp-content\/uploads\/2026\/03\/10-4.jpg 782w\" sizes=\"(max-width: 362px) 85vw, 362px\" \/> <img loading=\"lazy\" decoding=\"async\" class=\"alignnone size-medium wp-image-19161\" src=\"https:\/\/mpcid.gov.gn\/wp-content\/uploads\/2026\/03\/12-3-500x375.jpg\" alt=\"\" width=\"500\" height=\"375\" srcset=\"https:\/\/mpcid.gov.gn\/wp-content\/uploads\/2026\/03\/12-3-500x375.jpg 500w, https:\/\/mpcid.gov.gn\/wp-content\/uploads\/2026\/03\/12-3-1024x768.jpg 1024w, https:\/\/mpcid.gov.gn\/wp-content\/uploads\/2026\/03\/12-3-768x576.jpg 768w, https:\/\/mpcid.gov.gn\/wp-content\/uploads\/2026\/03\/12-3.jpg 1080w\" sizes=\"(max-width: 500px) 85vw, 500px\" \/><\/p>\n","protected":false},"excerpt":{"rendered":"<p>Conakry, le 11 mars 2026-Le Ministre du Plan, de la Coop\u00e9ration internationale et du D\u00e9veloppement, Isma\u00ebl NABE, a lanc\u00e9 l\u2019atelier de validation des notes de cadrage pour l\u2019\u00e9laboration des Sch\u00e9mas R\u00e9gionaux d\u2019Am\u00e9nagement et de D\u00e9veloppement (SRAD). Cet atelier regroupe les BSD des diff\u00e9rents d\u00e9partements minist\u00e9riels, les membres du comit\u00e9 technique, les consultants, les cabinets retenus, &hellip; <a href=\"https:\/\/mpcid.gov.gn\/index.php\/planification-territoriale-le-ministre-ismael-nabe-lance-la-validation-des-notes-de-cadrage-pour-lelaboration-des-srad\/\" class=\"more-link\">Continue reading<span class=\"screen-reader-text\"> \u00ab\u00a0Planification territoriale : le Ministre Isma\u00ebl NABE lance la validation des notes de cadrage pour l\u2019\u00e9laboration des SRAD\u00a0\u00bb<\/span><\/a><\/p>\n","protected":false},"author":20,"featured_media":19161,"comment_status":"closed","ping_status":"closed","sticky":false,"template":"","format":"standard","meta":{"footnotes":""},"categories":[63],"tags":[],"class_list":["post-19146","post","type-post","status-publish","format-standard","has-post-thumbnail","hentry","category-actualites"],"yoast_head":"<!-- This site is optimized with the Yoast SEO plugin v27.5 - https:\/\/yoast.com\/product\/yoast-seo-wordpress\/ -->\n<title>Planification territoriale : le Ministre Isma\u00ebl NABE lance la validation des notes de cadrage pour l\u2019\u00e9laboration des SRAD - MPCI<\/title>\n<meta name=\"robots\" content=\"index, follow, max-snippet:-1, max-image-preview:large, max-video-preview:-1\" \/>\n<link rel=\"canonical\" href=\"https:\/\/mpcid.gov.gn\/index.php\/planification-territoriale-le-ministre-ismael-nabe-lance-la-validation-des-notes-de-cadrage-pour-lelaboration-des-srad\/\" \/>\n<meta property=\"og:locale\" content=\"fr_FR\" \/>\n<meta property=\"og:type\" content=\"article\" \/>\n<meta property=\"og:title\" content=\"Planification territoriale : le Ministre Isma\u00ebl NABE lance la validation des notes de cadrage pour l\u2019\u00e9laboration des SRAD - MPCI\" \/>\n<meta property=\"og:description\" content=\"Conakry, le 11 mars 2026-Le Ministre du Plan, de la Coop\u00e9ration internationale et du D\u00e9veloppement, Isma\u00ebl NABE, a lanc\u00e9 l\u2019atelier de validation des notes de cadrage pour l\u2019\u00e9laboration des Sch\u00e9mas R\u00e9gionaux d\u2019Am\u00e9nagement et de D\u00e9veloppement (SRAD). Cet atelier regroupe les BSD des diff\u00e9rents d\u00e9partements minist\u00e9riels, les membres du comit\u00e9 technique, les consultants, les cabinets retenus, &hellip; Continue reading &quot;Planification territoriale : le Ministre Isma\u00ebl NABE lance la validation des notes de cadrage pour l\u2019\u00e9laboration des SRAD&quot;\" \/>\n<meta property=\"og:url\" content=\"https:\/\/mpcid.gov.gn\/index.php\/planification-territoriale-le-ministre-ismael-nabe-lance-la-validation-des-notes-de-cadrage-pour-lelaboration-des-srad\/\" \/>\n<meta property=\"og:site_name\" content=\"MPCI\" \/>\n<meta property=\"article:publisher\" content=\"https:\/\/www.facebook.com\/MPCIGN\" \/>\n<meta property=\"article:published_time\" content=\"2026-03-11T14:30:38+00:00\" \/>\n<meta property=\"article:modified_time\" content=\"2026-03-11T23:09:57+00:00\" \/>\n<meta property=\"og:image\" content=\"https:\/\/mpcid.gov.gn\/wp-content\/uploads\/2026\/03\/12-3.jpg\" \/>\n\t<meta property=\"og:image:width\" content=\"1080\" \/>\n\t<meta property=\"og:image:height\" content=\"810\" \/>\n\t<meta property=\"og:image:type\" content=\"image\/jpeg\" \/>\n<meta name=\"author\" content=\"Service Communication\" \/>\n<meta name=\"twitter:card\" content=\"summary_large_image\" \/>\n<meta name=\"twitter:creator\" content=\"@MpciGov\" \/>\n<meta name=\"twitter:site\" content=\"@MpciGov\" \/>\n<meta name=\"twitter:label1\" content=\"\u00c9crit par\" \/>\n\t<meta name=\"twitter:data1\" content=\"Service Communication\" \/>\n\t<meta name=\"twitter:label2\" content=\"Dur\u00e9e de lecture estim\u00e9e\" \/>\n\t<meta name=\"twitter:data2\" content=\"7 minutes\" \/>\n<script type=\"application\/ld+json\" class=\"yoast-schema-graph\">{\"@context\":\"https:\\\/\\\/schema.org\",\"@graph\":[{\"@type\":\"Article\",\"@id\":\"https:\\\/\\\/mpcid.gov.gn\\\/index.php\\\/planification-territoriale-le-ministre-ismael-nabe-lance-la-validation-des-notes-de-cadrage-pour-lelaboration-des-srad\\\/#article\",\"isPartOf\":{\"@id\":\"https:\\\/\\\/mpcid.gov.gn\\\/index.php\\\/planification-territoriale-le-ministre-ismael-nabe-lance-la-validation-des-notes-de-cadrage-pour-lelaboration-des-srad\\\/\"},\"author\":{\"name\":\"Service Communication\",\"@id\":\"https:\\\/\\\/mpcid.gov.gn\\\/#\\\/schema\\\/person\\\/070aeea8fafd7a7e5a037505652abbee\"},\"headline\":\"Planification territoriale : le Ministre Isma\u00ebl NABE lance la validation des notes de cadrage pour l\u2019\u00e9laboration des SRAD\",\"datePublished\":\"2026-03-11T14:30:38+00:00\",\"dateModified\":\"2026-03-11T23:09:57+00:00\",\"mainEntityOfPage\":{\"@id\":\"https:\\\/\\\/mpcid.gov.gn\\\/index.php\\\/planification-territoriale-le-ministre-ismael-nabe-lance-la-validation-des-notes-de-cadrage-pour-lelaboration-des-srad\\\/\"},\"wordCount\":782,\"publisher\":{\"@id\":\"https:\\\/\\\/mpcid.gov.gn\\\/#organization\"},\"image\":{\"@id\":\"https:\\\/\\\/mpcid.gov.gn\\\/index.php\\\/planification-territoriale-le-ministre-ismael-nabe-lance-la-validation-des-notes-de-cadrage-pour-lelaboration-des-srad\\\/#primaryimage\"},\"thumbnailUrl\":\"https:\\\/\\\/mpcid.gov.gn\\\/wp-content\\\/uploads\\\/2026\\\/03\\\/12-3.jpg\",\"articleSection\":[\"Actualit\u00e9s\"],\"inLanguage\":\"fr-FR\"},{\"@type\":\"WebPage\",\"@id\":\"https:\\\/\\\/mpcid.gov.gn\\\/index.php\\\/planification-territoriale-le-ministre-ismael-nabe-lance-la-validation-des-notes-de-cadrage-pour-lelaboration-des-srad\\\/\",\"url\":\"https:\\\/\\\/mpcid.gov.gn\\\/index.php\\\/planification-territoriale-le-ministre-ismael-nabe-lance-la-validation-des-notes-de-cadrage-pour-lelaboration-des-srad\\\/\",\"name\":\"Planification territoriale : le Ministre Isma\u00ebl NABE lance la validation des notes de cadrage pour l\u2019\u00e9laboration des SRAD - MPCI\",\"isPartOf\":{\"@id\":\"https:\\\/\\\/mpcid.gov.gn\\\/#website\"},\"primaryImageOfPage\":{\"@id\":\"https:\\\/\\\/mpcid.gov.gn\\\/index.php\\\/planification-territoriale-le-ministre-ismael-nabe-lance-la-validation-des-notes-de-cadrage-pour-lelaboration-des-srad\\\/#primaryimage\"},\"image\":{\"@id\":\"https:\\\/\\\/mpcid.gov.gn\\\/index.php\\\/planification-territoriale-le-ministre-ismael-nabe-lance-la-validation-des-notes-de-cadrage-pour-lelaboration-des-srad\\\/#primaryimage\"},\"thumbnailUrl\":\"https:\\\/\\\/mpcid.gov.gn\\\/wp-content\\\/uploads\\\/2026\\\/03\\\/12-3.jpg\",\"datePublished\":\"2026-03-11T14:30:38+00:00\",\"dateModified\":\"2026-03-11T23:09:57+00:00\",\"breadcrumb\":{\"@id\":\"https:\\\/\\\/mpcid.gov.gn\\\/index.php\\\/planification-territoriale-le-ministre-ismael-nabe-lance-la-validation-des-notes-de-cadrage-pour-lelaboration-des-srad\\\/#breadcrumb\"},\"inLanguage\":\"fr-FR\",\"potentialAction\":[{\"@type\":\"ReadAction\",\"target\":[\"https:\\\/\\\/mpcid.gov.gn\\\/index.php\\\/planification-territoriale-le-ministre-ismael-nabe-lance-la-validation-des-notes-de-cadrage-pour-lelaboration-des-srad\\\/\"]}]},{\"@type\":\"ImageObject\",\"inLanguage\":\"fr-FR\",\"@id\":\"https:\\\/\\\/mpcid.gov.gn\\\/index.php\\\/planification-territoriale-le-ministre-ismael-nabe-lance-la-validation-des-notes-de-cadrage-pour-lelaboration-des-srad\\\/#primaryimage\",\"url\":\"https:\\\/\\\/mpcid.gov.gn\\\/wp-content\\\/uploads\\\/2026\\\/03\\\/12-3.jpg\",\"contentUrl\":\"https:\\\/\\\/mpcid.gov.gn\\\/wp-content\\\/uploads\\\/2026\\\/03\\\/12-3.jpg\",\"width\":1080,\"height\":810},{\"@type\":\"BreadcrumbList\",\"@id\":\"https:\\\/\\\/mpcid.gov.gn\\\/index.php\\\/planification-territoriale-le-ministre-ismael-nabe-lance-la-validation-des-notes-de-cadrage-pour-lelaboration-des-srad\\\/#breadcrumb\",\"itemListElement\":[{\"@type\":\"ListItem\",\"position\":1,\"name\":\"Accueil\",\"item\":\"https:\\\/\\\/mpcid.gov.gn\\\/\"},{\"@type\":\"ListItem\",\"position\":2,\"name\":\"Planification territoriale : le Ministre Isma\u00ebl NABE lance la validation des notes de cadrage pour l\u2019\u00e9laboration des SRAD\"}]},{\"@type\":\"WebSite\",\"@id\":\"https:\\\/\\\/mpcid.gov.gn\\\/#website\",\"url\":\"https:\\\/\\\/mpcid.gov.gn\\\/\",\"name\":\"https:\\\/\\\/mpcid.gov.gn\\\/\",\"description\":\"Minist\u00e8re du Plan et de la Coop\u00e9ration Internationale\",\"publisher\":{\"@id\":\"https:\\\/\\\/mpcid.gov.gn\\\/#organization\"},\"potentialAction\":[{\"@type\":\"SearchAction\",\"target\":{\"@type\":\"EntryPoint\",\"urlTemplate\":\"https:\\\/\\\/mpcid.gov.gn\\\/?s={search_term_string}\"},\"query-input\":{\"@type\":\"PropertyValueSpecification\",\"valueRequired\":true,\"valueName\":\"search_term_string\"}}],\"inLanguage\":\"fr-FR\"},{\"@type\":\"Organization\",\"@id\":\"https:\\\/\\\/mpcid.gov.gn\\\/#organization\",\"name\":\"Minist\u00e8re du Plan et de la Coop\u00e9ration Internationale - MPCI\",\"url\":\"https:\\\/\\\/mpcid.gov.gn\\\/\",\"logo\":{\"@type\":\"ImageObject\",\"inLanguage\":\"fr-FR\",\"@id\":\"https:\\\/\\\/mpcid.gov.gn\\\/#\\\/schema\\\/logo\\\/image\\\/\",\"url\":\"https:\\\/\\\/mpcid.gov.gn\\\/wp-content\\\/uploads\\\/2023\\\/10\\\/Ministere-du-Plan-et-de-la-Cooperation-Internationale-MPCI.jpg\",\"contentUrl\":\"https:\\\/\\\/mpcid.gov.gn\\\/wp-content\\\/uploads\\\/2023\\\/10\\\/Ministere-du-Plan-et-de-la-Cooperation-Internationale-MPCI.jpg\",\"width\":462,\"height\":462,\"caption\":\"Minist\u00e8re du Plan et de la Coop\u00e9ration Internationale - MPCI\"},\"image\":{\"@id\":\"https:\\\/\\\/mpcid.gov.gn\\\/#\\\/schema\\\/logo\\\/image\\\/\"},\"sameAs\":[\"https:\\\/\\\/www.facebook.com\\\/MPCIGN\",\"https:\\\/\\\/x.com\\\/MpciGov\"]},{\"@type\":\"Person\",\"@id\":\"https:\\\/\\\/mpcid.gov.gn\\\/#\\\/schema\\\/person\\\/070aeea8fafd7a7e5a037505652abbee\",\"name\":\"Service Communication\",\"sameAs\":[\"http:\\\/\\\/Service-com\"],\"url\":\"https:\\\/\\\/mpcid.gov.gn\\\/index.php\\\/author\\\/service-com\\\/\"}]}<\/script>\n<!-- \/ Yoast SEO plugin. -->","yoast_head_json":{"title":"Planification territoriale : le Ministre Isma\u00ebl NABE lance la validation des notes de cadrage pour l\u2019\u00e9laboration des SRAD - MPCI","robots":{"index":"index","follow":"follow","max-snippet":"max-snippet:-1","max-image-preview":"max-image-preview:large","max-video-preview":"max-video-preview:-1"},"canonical":"https:\/\/mpcid.gov.gn\/index.php\/planification-territoriale-le-ministre-ismael-nabe-lance-la-validation-des-notes-de-cadrage-pour-lelaboration-des-srad\/","og_locale":"fr_FR","og_type":"article","og_title":"Planification territoriale : le Ministre Isma\u00ebl NABE lance la validation des notes de cadrage pour l\u2019\u00e9laboration des SRAD - MPCI","og_description":"Conakry, le 11 mars 2026-Le Ministre du Plan, de la Coop\u00e9ration internationale et du D\u00e9veloppement, Isma\u00ebl NABE, a lanc\u00e9 l\u2019atelier de validation des notes de cadrage pour l\u2019\u00e9laboration des Sch\u00e9mas R\u00e9gionaux d\u2019Am\u00e9nagement et de D\u00e9veloppement (SRAD). Cet atelier regroupe les BSD des diff\u00e9rents d\u00e9partements minist\u00e9riels, les membres du comit\u00e9 technique, les consultants, les cabinets retenus, &hellip; Continue reading \"Planification territoriale : le Ministre Isma\u00ebl NABE lance la validation des notes de cadrage pour l\u2019\u00e9laboration des SRAD\"","og_url":"https:\/\/mpcid.gov.gn\/index.php\/planification-territoriale-le-ministre-ismael-nabe-lance-la-validation-des-notes-de-cadrage-pour-lelaboration-des-srad\/","og_site_name":"MPCI","article_publisher":"https:\/\/www.facebook.com\/MPCIGN","article_published_time":"2026-03-11T14:30:38+00:00","article_modified_time":"2026-03-11T23:09:57+00:00","og_image":[{"width":1080,"height":810,"url":"https:\/\/mpcid.gov.gn\/wp-content\/uploads\/2026\/03\/12-3.jpg","type":"image\/jpeg"}],"author":"Service Communication","twitter_card":"summary_large_image","twitter_creator":"@MpciGov","twitter_site":"@MpciGov","twitter_misc":{"\u00c9crit par":"Service Communication","Dur\u00e9e de lecture estim\u00e9e":"7 minutes"},"schema":{"@context":"https:\/\/schema.org","@graph":[{"@type":"Article","@id":"https:\/\/mpcid.gov.gn\/index.php\/planification-territoriale-le-ministre-ismael-nabe-lance-la-validation-des-notes-de-cadrage-pour-lelaboration-des-srad\/#article","isPartOf":{"@id":"https:\/\/mpcid.gov.gn\/index.php\/planification-territoriale-le-ministre-ismael-nabe-lance-la-validation-des-notes-de-cadrage-pour-lelaboration-des-srad\/"},"author":{"name":"Service Communication","@id":"https:\/\/mpcid.gov.gn\/#\/schema\/person\/070aeea8fafd7a7e5a037505652abbee"},"headline":"Planification territoriale : le Ministre Isma\u00ebl NABE lance la validation des notes de cadrage pour l\u2019\u00e9laboration des SRAD","datePublished":"2026-03-11T14:30:38+00:00","dateModified":"2026-03-11T23:09:57+00:00","mainEntityOfPage":{"@id":"https:\/\/mpcid.gov.gn\/index.php\/planification-territoriale-le-ministre-ismael-nabe-lance-la-validation-des-notes-de-cadrage-pour-lelaboration-des-srad\/"},"wordCount":782,"publisher":{"@id":"https:\/\/mpcid.gov.gn\/#organization"},"image":{"@id":"https:\/\/mpcid.gov.gn\/index.php\/planification-territoriale-le-ministre-ismael-nabe-lance-la-validation-des-notes-de-cadrage-pour-lelaboration-des-srad\/#primaryimage"},"thumbnailUrl":"https:\/\/mpcid.gov.gn\/wp-content\/uploads\/2026\/03\/12-3.jpg","articleSection":["Actualit\u00e9s"],"inLanguage":"fr-FR"},{"@type":"WebPage","@id":"https:\/\/mpcid.gov.gn\/index.php\/planification-territoriale-le-ministre-ismael-nabe-lance-la-validation-des-notes-de-cadrage-pour-lelaboration-des-srad\/","url":"https:\/\/mpcid.gov.gn\/index.php\/planification-territoriale-le-ministre-ismael-nabe-lance-la-validation-des-notes-de-cadrage-pour-lelaboration-des-srad\/","name":"Planification territoriale : le Ministre Isma\u00ebl NABE lance la validation des notes de cadrage pour l\u2019\u00e9laboration des SRAD - MPCI","isPartOf":{"@id":"https:\/\/mpcid.gov.gn\/#website"},"primaryImageOfPage":{"@id":"https:\/\/mpcid.gov.gn\/index.php\/planification-territoriale-le-ministre-ismael-nabe-lance-la-validation-des-notes-de-cadrage-pour-lelaboration-des-srad\/#primaryimage"},"image":{"@id":"https:\/\/mpcid.gov.gn\/index.php\/planification-territoriale-le-ministre-ismael-nabe-lance-la-validation-des-notes-de-cadrage-pour-lelaboration-des-srad\/#primaryimage"},"thumbnailUrl":"https:\/\/mpcid.gov.gn\/wp-content\/uploads\/2026\/03\/12-3.jpg","datePublished":"2026-03-11T14:30:38+00:00","dateModified":"2026-03-11T23:09:57+00:00","breadcrumb":{"@id":"https:\/\/mpcid.gov.gn\/index.php\/planification-territoriale-le-ministre-ismael-nabe-lance-la-validation-des-notes-de-cadrage-pour-lelaboration-des-srad\/#breadcrumb"},"inLanguage":"fr-FR","potentialAction":[{"@type":"ReadAction","target":["https:\/\/mpcid.gov.gn\/index.php\/planification-territoriale-le-ministre-ismael-nabe-lance-la-validation-des-notes-de-cadrage-pour-lelaboration-des-srad\/"]}]},{"@type":"ImageObject","inLanguage":"fr-FR","@id":"https:\/\/mpcid.gov.gn\/index.php\/planification-territoriale-le-ministre-ismael-nabe-lance-la-validation-des-notes-de-cadrage-pour-lelaboration-des-srad\/#primaryimage","url":"https:\/\/mpcid.gov.gn\/wp-content\/uploads\/2026\/03\/12-3.jpg","contentUrl":"https:\/\/mpcid.gov.gn\/wp-content\/uploads\/2026\/03\/12-3.jpg","width":1080,"height":810},{"@type":"BreadcrumbList","@id":"https:\/\/mpcid.gov.gn\/index.php\/planification-territoriale-le-ministre-ismael-nabe-lance-la-validation-des-notes-de-cadrage-pour-lelaboration-des-srad\/#breadcrumb","itemListElement":[{"@type":"ListItem","position":1,"name":"Accueil","item":"https:\/\/mpcid.gov.gn\/"},{"@type":"ListItem","position":2,"name":"Planification territoriale : le Ministre Isma\u00ebl NABE lance la validation des notes de cadrage pour l\u2019\u00e9laboration des SRAD"}]},{"@type":"WebSite","@id":"https:\/\/mpcid.gov.gn\/#website","url":"https:\/\/mpcid.gov.gn\/","name":"https:\/\/mpcid.gov.gn\/","description":"Minist\u00e8re du Plan et de la Coop\u00e9ration Internationale","publisher":{"@id":"https:\/\/mpcid.gov.gn\/#organization"},"potentialAction":[{"@type":"SearchAction","target":{"@type":"EntryPoint","urlTemplate":"https:\/\/mpcid.gov.gn\/?s={search_term_string}"},"query-input":{"@type":"PropertyValueSpecification","valueRequired":true,"valueName":"search_term_string"}}],"inLanguage":"fr-FR"},{"@type":"Organization","@id":"https:\/\/mpcid.gov.gn\/#organization","name":"Minist\u00e8re du Plan et de la Coop\u00e9ration Internationale - MPCI","url":"https:\/\/mpcid.gov.gn\/","logo":{"@type":"ImageObject","inLanguage":"fr-FR","@id":"https:\/\/mpcid.gov.gn\/#\/schema\/logo\/image\/","url":"https:\/\/mpcid.gov.gn\/wp-content\/uploads\/2023\/10\/Ministere-du-Plan-et-de-la-Cooperation-Internationale-MPCI.jpg","contentUrl":"https:\/\/mpcid.gov.gn\/wp-content\/uploads\/2023\/10\/Ministere-du-Plan-et-de-la-Cooperation-Internationale-MPCI.jpg","width":462,"height":462,"caption":"Minist\u00e8re du Plan et de la Coop\u00e9ration Internationale - MPCI"},"image":{"@id":"https:\/\/mpcid.gov.gn\/#\/schema\/logo\/image\/"},"sameAs":["https:\/\/www.facebook.com\/MPCIGN","https:\/\/x.com\/MpciGov"]},{"@type":"Person","@id":"https:\/\/mpcid.gov.gn\/#\/schema\/person\/070aeea8fafd7a7e5a037505652abbee","name":"Service Communication","sameAs":["http:\/\/Service-com"],"url":"https:\/\/mpcid.gov.gn\/index.php\/author\/service-com\/"}]}},"_links":{"self":[{"href":"https:\/\/mpcid.gov.gn\/index.php\/wp-json\/wp\/v2\/posts\/19146","targetHints":{"allow":["GET"]}}],"collection":[{"href":"https:\/\/mpcid.gov.gn\/index.php\/wp-json\/wp\/v2\/posts"}],"about":[{"href":"https:\/\/mpcid.gov.gn\/index.php\/wp-json\/wp\/v2\/types\/post"}],"author":[{"embeddable":true,"href":"https:\/\/mpcid.gov.gn\/index.php\/wp-json\/wp\/v2\/users\/20"}],"replies":[{"embeddable":true,"href":"https:\/\/mpcid.gov.gn\/index.php\/wp-json\/wp\/v2\/comments?post=19146"}],"version-history":[{"count":0,"href":"https:\/\/mpcid.gov.gn\/index.php\/wp-json\/wp\/v2\/posts\/19146\/revisions"}],"wp:featuredmedia":[{"embeddable":true,"href":"https:\/\/mpcid.gov.gn\/index.php\/wp-json\/wp\/v2\/media\/19161"}],"wp:attachment":[{"href":"https:\/\/mpcid.gov.gn\/index.php\/wp-json\/wp\/v2\/media?parent=19146"}],"wp:term":[{"taxonomy":"category","embeddable":true,"href":"https:\/\/mpcid.gov.gn\/index.php\/wp-json\/wp\/v2\/categories?post=19146"},{"taxonomy":"post_tag","embeddable":true,"href":"https:\/\/mpcid.gov.gn\/index.php\/wp-json\/wp\/v2\/tags?post=19146"}],"curies":[{"name":"wp","href":"https:\/\/api.w.org\/{rel}","templated":true}]}}