{"id":19144,"date":"2026-03-11T12:41:30","date_gmt":"2026-03-11T12:41:30","guid":{"rendered":"https:\/\/mpcid.gov.gn\/?p=19144"},"modified":"2026-03-11T13:23:09","modified_gmt":"2026-03-11T13:23:09","slug":"parcours-business-international-guinee-simandou-2040-les-preparatifs-se-precisent-avec-bpifrance","status":"publish","type":"post","link":"https:\/\/mpcid.gov.gn\/index.php\/parcours-business-international-guinee-simandou-2040-les-preparatifs-se-precisent-avec-bpifrance\/","title":{"rendered":"Parcours Business International Guin\u00e9e \u2013 Simandou 2040 : les pr\u00e9paratifs se pr\u00e9cisent avec Bpifrance"},"content":{"rendered":"<p>Le Ministre du Plan, de la Coop\u00e9ration Internationale et du D\u00e9veloppement, Isma\u00ebl NABE, a tenu une s\u00e9ance de travail consacr\u00e9e au point d\u2019\u00e9tape sur les pr\u00e9paratifs du Programme Parcours Business International Guin\u00e9e \u2013 Simandou 2040, organis\u00e9 en partenariat avec Bpifrance. Cette rencontre a permis d\u2019\u00e9valuer l\u2019\u00e9tat d\u2019avancement des pr\u00e9paratifs de l\u2019\u00e9v\u00e9nement prevu de 30 mars au 1 avril 2026 \u00e0 Conakry et d\u2019affiner les diff\u00e9rents dispositifs pr\u00e9vus pour favoriser les \u00e9changes entre acteurs publics, partenaires techniques et investisseurs.<\/p>\n<p><img fetchpriority=\"high\" decoding=\"async\" class=\"alignnone size-medium wp-image-19154\" src=\"https:\/\/mpcid.gov.gn\/wp-content\/uploads\/2026\/03\/6-3-500x309.jpg\" alt=\"\" width=\"500\" height=\"309\" srcset=\"https:\/\/mpcid.gov.gn\/wp-content\/uploads\/2026\/03\/6-3-500x309.jpg 500w, https:\/\/mpcid.gov.gn\/wp-content\/uploads\/2026\/03\/6-3-1024x632.jpg 1024w, https:\/\/mpcid.gov.gn\/wp-content\/uploads\/2026\/03\/6-3-768x474.jpg 768w, https:\/\/mpcid.gov.gn\/wp-content\/uploads\/2026\/03\/6-3-1536x948.jpg 1536w, https:\/\/mpcid.gov.gn\/wp-content\/uploads\/2026\/03\/6-3-2048x1264.jpg 2048w, https:\/\/mpcid.gov.gn\/wp-content\/uploads\/2026\/03\/6-3-1200x741.jpg 1200w\" sizes=\"(max-width: 500px) 85vw, 500px\" \/> <img decoding=\"async\" class=\"alignnone size-medium wp-image-19151\" src=\"https:\/\/mpcid.gov.gn\/wp-content\/uploads\/2026\/03\/3-3-500x324.jpg\" alt=\"\" width=\"500\" height=\"324\" srcset=\"https:\/\/mpcid.gov.gn\/wp-content\/uploads\/2026\/03\/3-3-500x324.jpg 500w, https:\/\/mpcid.gov.gn\/wp-content\/uploads\/2026\/03\/3-3-1024x664.jpg 1024w, https:\/\/mpcid.gov.gn\/wp-content\/uploads\/2026\/03\/3-3-768x498.jpg 768w, https:\/\/mpcid.gov.gn\/wp-content\/uploads\/2026\/03\/3-3-1536x995.jpg 1536w, https:\/\/mpcid.gov.gn\/wp-content\/uploads\/2026\/03\/3-3-2048x1327.jpg 2048w, https:\/\/mpcid.gov.gn\/wp-content\/uploads\/2026\/03\/3-3-1200x778.jpg 1200w\" sizes=\"(max-width: 500px) 85vw, 500px\" \/> <img decoding=\"async\" class=\"alignnone size-medium wp-image-19152\" src=\"https:\/\/mpcid.gov.gn\/wp-content\/uploads\/2026\/03\/4-3-500x333.jpg\" alt=\"\" width=\"500\" height=\"333\" srcset=\"https:\/\/mpcid.gov.gn\/wp-content\/uploads\/2026\/03\/4-3-500x333.jpg 500w, https:\/\/mpcid.gov.gn\/wp-content\/uploads\/2026\/03\/4-3-1024x682.jpg 1024w, https:\/\/mpcid.gov.gn\/wp-content\/uploads\/2026\/03\/4-3-768x512.jpg 768w, https:\/\/mpcid.gov.gn\/wp-content\/uploads\/2026\/03\/4-3-1536x1024.jpg 1536w, https:\/\/mpcid.gov.gn\/wp-content\/uploads\/2026\/03\/4-3-2048x1365.jpg 2048w, https:\/\/mpcid.gov.gn\/wp-content\/uploads\/2026\/03\/4-3-1200x800.jpg 1200w\" sizes=\"(max-width: 500px) 85vw, 500px\" \/> <img loading=\"lazy\" decoding=\"async\" class=\"alignnone size-medium wp-image-19155\" src=\"https:\/\/mpcid.gov.gn\/wp-content\/uploads\/2026\/03\/7-3-358x500.jpg\" alt=\"\" width=\"358\" height=\"500\" srcset=\"https:\/\/mpcid.gov.gn\/wp-content\/uploads\/2026\/03\/7-3-358x500.jpg 358w, https:\/\/mpcid.gov.gn\/wp-content\/uploads\/2026\/03\/7-3-733x1024.jpg 733w, https:\/\/mpcid.gov.gn\/wp-content\/uploads\/2026\/03\/7-3-768x1073.jpg 768w, https:\/\/mpcid.gov.gn\/wp-content\/uploads\/2026\/03\/7-3-1099x1536.jpg 1099w, https:\/\/mpcid.gov.gn\/wp-content\/uploads\/2026\/03\/7-3-1466x2048.jpg 1466w, https:\/\/mpcid.gov.gn\/wp-content\/uploads\/2026\/03\/7-3-1200x1677.jpg 1200w, https:\/\/mpcid.gov.gn\/wp-content\/uploads\/2026\/03\/7-3.jpg 1832w\" sizes=\"(max-width: 358px) 85vw, 358px\" \/> <img loading=\"lazy\" decoding=\"async\" class=\"alignnone size-medium wp-image-19150\" src=\"https:\/\/mpcid.gov.gn\/wp-content\/uploads\/2026\/03\/2-3-500x333.jpg\" alt=\"\" width=\"500\" height=\"333\" srcset=\"https:\/\/mpcid.gov.gn\/wp-content\/uploads\/2026\/03\/2-3-500x333.jpg 500w, https:\/\/mpcid.gov.gn\/wp-content\/uploads\/2026\/03\/2-3-1024x682.jpg 1024w, https:\/\/mpcid.gov.gn\/wp-content\/uploads\/2026\/03\/2-3-768x512.jpg 768w, https:\/\/mpcid.gov.gn\/wp-content\/uploads\/2026\/03\/2-3-1536x1024.jpg 1536w, https:\/\/mpcid.gov.gn\/wp-content\/uploads\/2026\/03\/2-3-2048x1365.jpg 2048w, https:\/\/mpcid.gov.gn\/wp-content\/uploads\/2026\/03\/2-3-1200x800.jpg 1200w\" sizes=\"(max-width: 500px) 85vw, 500px\" \/> <img loading=\"lazy\" decoding=\"async\" class=\"alignnone size-medium wp-image-19156\" src=\"https:\/\/mpcid.gov.gn\/wp-content\/uploads\/2026\/03\/8-3-333x500.jpg\" alt=\"\" width=\"333\" height=\"500\" srcset=\"https:\/\/mpcid.gov.gn\/wp-content\/uploads\/2026\/03\/8-3-333x500.jpg 333w, https:\/\/mpcid.gov.gn\/wp-content\/uploads\/2026\/03\/8-3-682x1024.jpg 682w, https:\/\/mpcid.gov.gn\/wp-content\/uploads\/2026\/03\/8-3-768x1152.jpg 768w, https:\/\/mpcid.gov.gn\/wp-content\/uploads\/2026\/03\/8-3-1024x1536.jpg 1024w, https:\/\/mpcid.gov.gn\/wp-content\/uploads\/2026\/03\/8-3-1365x2048.jpg 1365w, https:\/\/mpcid.gov.gn\/wp-content\/uploads\/2026\/03\/8-3-1200x1801.jpg 1200w, https:\/\/mpcid.gov.gn\/wp-content\/uploads\/2026\/03\/8-3.jpg 1706w\" sizes=\"(max-width: 333px) 85vw, 333px\" \/> <img loading=\"lazy\" decoding=\"async\" class=\"alignnone size-medium wp-image-19149\" src=\"https:\/\/mpcid.gov.gn\/wp-content\/uploads\/2026\/03\/1-3-500x316.jpg\" alt=\"\" width=\"500\" height=\"316\" srcset=\"https:\/\/mpcid.gov.gn\/wp-content\/uploads\/2026\/03\/1-3-500x316.jpg 500w, https:\/\/mpcid.gov.gn\/wp-content\/uploads\/2026\/03\/1-3-1024x648.jpg 1024w, https:\/\/mpcid.gov.gn\/wp-content\/uploads\/2026\/03\/1-3-768x486.jpg 768w, https:\/\/mpcid.gov.gn\/wp-content\/uploads\/2026\/03\/1-3-1536x972.jpg 1536w, https:\/\/mpcid.gov.gn\/wp-content\/uploads\/2026\/03\/1-3-2048x1296.jpg 2048w, https:\/\/mpcid.gov.gn\/wp-content\/uploads\/2026\/03\/1-3-1200x759.jpg 1200w\" sizes=\"(max-width: 500px) 85vw, 500px\" \/><\/p>\n<p>Au c\u0153ur du programme figure un format d\u2019\u00e9changes innovant visant \u00e0 renforcer l\u2019interaction entre experts et entreprises. Ainsi, une dizaine de tables d\u2019experts seront mises en place, r\u00e9unissant notamment des consultants financiers, des partenaires techniques, des repr\u00e9sentants d\u2019institutions publiques et des cabinets sp\u00e9cialis\u00e9s. Les entreprises pourront circuler entre ces diff\u00e9rentes tables afin d\u2019\u00e9changer directement avec les experts lors de s\u00e9quences d\u2019environ dix minutes, favorisant des discussions cibl\u00e9es et orient\u00e9es vers des opportunit\u00e9s concr\u00e8tes de partenariat et d\u2019investissement.<\/p>\n<p>Le programme pr\u00e9voit \u00e9galement des rencontres institutionnelles avec plusieurs minist\u00e8res, afin d\u2019explorer les perspectives de coop\u00e9ration dans des secteurs strat\u00e9giques tels que l\u2019\u00e9nergie, les infrastructures, l\u2019\u00e9conomie num\u00e9rique et l\u2019innovation, l\u2019agriculture, l\u2019\u00e9levage etc. Des groupes th\u00e9matiques pourront \u00eatre constitu\u00e9s pour faciliter la mise en relation entre porteurs de projets, investisseurs et partenaires techniques.<\/p>\n<p>En marge de ces travaux, un cocktail de networking baptis\u00e9 \u201cCercle des partenaires\u201d r\u00e9unira d\u00e9cideurs publics, partenaires et acteurs \u00e9conomiques autour des opportunit\u00e9s d\u2019affaires en Guin\u00e9e. Ce format, d\u00e9j\u00e0 exp\u00e9riment\u00e9 dans plusieurs capitales africaines, vise \u00e0 renforcer les dynamiques de coop\u00e9ration et \u00e0 encourager l\u2019\u00e9mergence de nouveaux partenariats.<\/p>\n<p>L\u2019\u00e9v\u00e9nement principal qui se tiendra le 31 mars rassemblera 700 de participants autour d\u2019une pl\u00e9ni\u00e8re, suivie de panels th\u00e9matiques consacr\u00e9s notamment \u00e0 l\u2019agriculture et \u00e0 l\u2019environnement, aux infrastructures et \u00e0 l\u2019innovation technologique. Ces \u00e9changes permettront de mettre en lumi\u00e8re les opportunit\u00e9s d\u2019investissement et les projets port\u00e9s dans le cadre de la vision de transformation \u00e9conomique Simandou 2040.<\/p>\n<p>\u00c0 cette occasion, le Ministre Isma\u00ebl Nab\u00e9 a \u00e9galement profit\u00e9 de la rencontre pour partager avec les partenaires de Bpifrance le document de r\u00e9f\u00e9rence pr\u00e9sentant la vision et les axes strat\u00e9giques du programme Simandou 2040, afin de renforcer leur compr\u00e9hension des priorit\u00e9s de d\u00e9veloppement de la Guin\u00e9e et d\u2019identifier les opportunit\u00e9s de collaboration autour des projets du pays.<\/p>\n<p><img loading=\"lazy\" decoding=\"async\" class=\"alignnone size-medium wp-image-19148\" src=\"https:\/\/mpcid.gov.gn\/wp-content\/uploads\/2026\/03\/9-3-500x346.jpg\" alt=\"\" width=\"500\" height=\"346\" srcset=\"https:\/\/mpcid.gov.gn\/wp-content\/uploads\/2026\/03\/9-3-500x346.jpg 500w, https:\/\/mpcid.gov.gn\/wp-content\/uploads\/2026\/03\/9-3-1024x708.jpg 1024w, https:\/\/mpcid.gov.gn\/wp-content\/uploads\/2026\/03\/9-3-768x531.jpg 768w, https:\/\/mpcid.gov.gn\/wp-content\/uploads\/2026\/03\/9-3-1536x1063.jpg 1536w, https:\/\/mpcid.gov.gn\/wp-content\/uploads\/2026\/03\/9-3-2048x1417.jpg 2048w, https:\/\/mpcid.gov.gn\/wp-content\/uploads\/2026\/03\/9-3-1200x830.jpg 1200w\" sizes=\"(max-width: 500px) 85vw, 500px\" \/> <img loading=\"lazy\" decoding=\"async\" class=\"alignnone size-medium wp-image-19157\" src=\"https:\/\/mpcid.gov.gn\/wp-content\/uploads\/2026\/03\/10-3-500x345.jpg\" alt=\"\" width=\"500\" height=\"345\" srcset=\"https:\/\/mpcid.gov.gn\/wp-content\/uploads\/2026\/03\/10-3-500x345.jpg 500w, https:\/\/mpcid.gov.gn\/wp-content\/uploads\/2026\/03\/10-3-1024x706.jpg 1024w, https:\/\/mpcid.gov.gn\/wp-content\/uploads\/2026\/03\/10-3-768x529.jpg 768w, https:\/\/mpcid.gov.gn\/wp-content\/uploads\/2026\/03\/10-3-1536x1058.jpg 1536w, https:\/\/mpcid.gov.gn\/wp-content\/uploads\/2026\/03\/10-3-2048x1411.jpg 2048w, https:\/\/mpcid.gov.gn\/wp-content\/uploads\/2026\/03\/10-3-1200x827.jpg 1200w\" sizes=\"(max-width: 500px) 85vw, 500px\" \/><\/p>\n","protected":false},"excerpt":{"rendered":"<p>Le Ministre du Plan, de la Coop\u00e9ration Internationale et du D\u00e9veloppement, Isma\u00ebl NABE, a tenu une s\u00e9ance de travail consacr\u00e9e au point d\u2019\u00e9tape sur les pr\u00e9paratifs du Programme Parcours Business International Guin\u00e9e \u2013 Simandou 2040, organis\u00e9 en partenariat avec Bpifrance. Cette rencontre a permis d\u2019\u00e9valuer l\u2019\u00e9tat d\u2019avancement des pr\u00e9paratifs de l\u2019\u00e9v\u00e9nement prevu de 30 mars &hellip; <a href=\"https:\/\/mpcid.gov.gn\/index.php\/parcours-business-international-guinee-simandou-2040-les-preparatifs-se-precisent-avec-bpifrance\/\" class=\"more-link\">Continue reading<span class=\"screen-reader-text\"> \u00ab\u00a0Parcours Business International Guin\u00e9e \u2013 Simandou 2040 : les pr\u00e9paratifs se pr\u00e9cisent avec Bpifrance\u00a0\u00bb<\/span><\/a><\/p>\n","protected":false},"author":20,"featured_media":19148,"comment_status":"closed","ping_status":"closed","sticky":false,"template":"","format":"standard","meta":{"footnotes":""},"categories":[63],"tags":[],"class_list":["post-19144","post","type-post","status-publish","format-standard","has-post-thumbnail","hentry","category-actualites"],"yoast_head":"<!-- This site is optimized with the Yoast SEO plugin v27.5 - https:\/\/yoast.com\/product\/yoast-seo-wordpress\/ -->\n<title>Parcours Business International Guin\u00e9e \u2013 Simandou 2040 : les pr\u00e9paratifs se pr\u00e9cisent avec Bpifrance - MPCI<\/title>\n<meta name=\"robots\" content=\"index, follow, max-snippet:-1, max-image-preview:large, max-video-preview:-1\" \/>\n<link rel=\"canonical\" href=\"https:\/\/mpcid.gov.gn\/index.php\/parcours-business-international-guinee-simandou-2040-les-preparatifs-se-precisent-avec-bpifrance\/\" \/>\n<meta property=\"og:locale\" content=\"fr_FR\" \/>\n<meta property=\"og:type\" content=\"article\" \/>\n<meta property=\"og:title\" content=\"Parcours Business International Guin\u00e9e \u2013 Simandou 2040 : les pr\u00e9paratifs se pr\u00e9cisent avec Bpifrance - MPCI\" \/>\n<meta property=\"og:description\" content=\"Le Ministre du Plan, de la Coop\u00e9ration Internationale et du D\u00e9veloppement, Isma\u00ebl NABE, a tenu une s\u00e9ance de travail consacr\u00e9e au point d\u2019\u00e9tape sur les pr\u00e9paratifs du Programme Parcours Business International Guin\u00e9e \u2013 Simandou 2040, organis\u00e9 en partenariat avec Bpifrance. Cette rencontre a permis d\u2019\u00e9valuer l\u2019\u00e9tat d\u2019avancement des pr\u00e9paratifs de l\u2019\u00e9v\u00e9nement prevu de 30 mars &hellip; Continue reading &quot;Parcours Business International Guin\u00e9e \u2013 Simandou 2040 : les pr\u00e9paratifs se pr\u00e9cisent avec Bpifrance&quot;\" \/>\n<meta property=\"og:url\" content=\"https:\/\/mpcid.gov.gn\/index.php\/parcours-business-international-guinee-simandou-2040-les-preparatifs-se-precisent-avec-bpifrance\/\" \/>\n<meta property=\"og:site_name\" content=\"MPCI\" \/>\n<meta property=\"article:publisher\" content=\"https:\/\/www.facebook.com\/MPCIGN\" \/>\n<meta property=\"article:published_time\" content=\"2026-03-11T12:41:30+00:00\" \/>\n<meta property=\"article:modified_time\" content=\"2026-03-11T13:23:09+00:00\" \/>\n<meta property=\"og:image\" content=\"https:\/\/mpcid.gov.gn\/wp-content\/uploads\/2026\/03\/9-3.jpg\" \/>\n\t<meta property=\"og:image:width\" content=\"2560\" \/>\n\t<meta property=\"og:image:height\" content=\"1771\" \/>\n\t<meta property=\"og:image:type\" content=\"image\/jpeg\" \/>\n<meta name=\"author\" content=\"Service Communication\" \/>\n<meta name=\"twitter:card\" content=\"summary_large_image\" \/>\n<meta name=\"twitter:creator\" content=\"@MpciGov\" \/>\n<meta name=\"twitter:site\" content=\"@MpciGov\" \/>\n<meta name=\"twitter:label1\" content=\"\u00c9crit par\" \/>\n\t<meta name=\"twitter:data1\" content=\"Service Communication\" \/>\n\t<meta name=\"twitter:label2\" content=\"Dur\u00e9e de lecture estim\u00e9e\" \/>\n\t<meta name=\"twitter:data2\" content=\"4 minutes\" \/>\n<script type=\"application\/ld+json\" class=\"yoast-schema-graph\">{\"@context\":\"https:\\\/\\\/schema.org\",\"@graph\":[{\"@type\":\"Article\",\"@id\":\"https:\\\/\\\/mpcid.gov.gn\\\/index.php\\\/parcours-business-international-guinee-simandou-2040-les-preparatifs-se-precisent-avec-bpifrance\\\/#article\",\"isPartOf\":{\"@id\":\"https:\\\/\\\/mpcid.gov.gn\\\/index.php\\\/parcours-business-international-guinee-simandou-2040-les-preparatifs-se-precisent-avec-bpifrance\\\/\"},\"author\":{\"name\":\"Service Communication\",\"@id\":\"https:\\\/\\\/mpcid.gov.gn\\\/#\\\/schema\\\/person\\\/070aeea8fafd7a7e5a037505652abbee\"},\"headline\":\"Parcours Business International Guin\u00e9e \u2013 Simandou 2040 : les pr\u00e9paratifs se pr\u00e9cisent avec Bpifrance\",\"datePublished\":\"2026-03-11T12:41:30+00:00\",\"dateModified\":\"2026-03-11T13:23:09+00:00\",\"mainEntityOfPage\":{\"@id\":\"https:\\\/\\\/mpcid.gov.gn\\\/index.php\\\/parcours-business-international-guinee-simandou-2040-les-preparatifs-se-precisent-avec-bpifrance\\\/\"},\"wordCount\":449,\"publisher\":{\"@id\":\"https:\\\/\\\/mpcid.gov.gn\\\/#organization\"},\"image\":{\"@id\":\"https:\\\/\\\/mpcid.gov.gn\\\/index.php\\\/parcours-business-international-guinee-simandou-2040-les-preparatifs-se-precisent-avec-bpifrance\\\/#primaryimage\"},\"thumbnailUrl\":\"https:\\\/\\\/mpcid.gov.gn\\\/wp-content\\\/uploads\\\/2026\\\/03\\\/9-3.jpg\",\"articleSection\":[\"Actualit\u00e9s\"],\"inLanguage\":\"fr-FR\"},{\"@type\":\"WebPage\",\"@id\":\"https:\\\/\\\/mpcid.gov.gn\\\/index.php\\\/parcours-business-international-guinee-simandou-2040-les-preparatifs-se-precisent-avec-bpifrance\\\/\",\"url\":\"https:\\\/\\\/mpcid.gov.gn\\\/index.php\\\/parcours-business-international-guinee-simandou-2040-les-preparatifs-se-precisent-avec-bpifrance\\\/\",\"name\":\"Parcours Business International Guin\u00e9e \u2013 Simandou 2040 : les pr\u00e9paratifs se pr\u00e9cisent avec Bpifrance - MPCI\",\"isPartOf\":{\"@id\":\"https:\\\/\\\/mpcid.gov.gn\\\/#website\"},\"primaryImageOfPage\":{\"@id\":\"https:\\\/\\\/mpcid.gov.gn\\\/index.php\\\/parcours-business-international-guinee-simandou-2040-les-preparatifs-se-precisent-avec-bpifrance\\\/#primaryimage\"},\"image\":{\"@id\":\"https:\\\/\\\/mpcid.gov.gn\\\/index.php\\\/parcours-business-international-guinee-simandou-2040-les-preparatifs-se-precisent-avec-bpifrance\\\/#primaryimage\"},\"thumbnailUrl\":\"https:\\\/\\\/mpcid.gov.gn\\\/wp-content\\\/uploads\\\/2026\\\/03\\\/9-3.jpg\",\"datePublished\":\"2026-03-11T12:41:30+00:00\",\"dateModified\":\"2026-03-11T13:23:09+00:00\",\"breadcrumb\":{\"@id\":\"https:\\\/\\\/mpcid.gov.gn\\\/index.php\\\/parcours-business-international-guinee-simandou-2040-les-preparatifs-se-precisent-avec-bpifrance\\\/#breadcrumb\"},\"inLanguage\":\"fr-FR\",\"potentialAction\":[{\"@type\":\"ReadAction\",\"target\":[\"https:\\\/\\\/mpcid.gov.gn\\\/index.php\\\/parcours-business-international-guinee-simandou-2040-les-preparatifs-se-precisent-avec-bpifrance\\\/\"]}]},{\"@type\":\"ImageObject\",\"inLanguage\":\"fr-FR\",\"@id\":\"https:\\\/\\\/mpcid.gov.gn\\\/index.php\\\/parcours-business-international-guinee-simandou-2040-les-preparatifs-se-precisent-avec-bpifrance\\\/#primaryimage\",\"url\":\"https:\\\/\\\/mpcid.gov.gn\\\/wp-content\\\/uploads\\\/2026\\\/03\\\/9-3.jpg\",\"contentUrl\":\"https:\\\/\\\/mpcid.gov.gn\\\/wp-content\\\/uploads\\\/2026\\\/03\\\/9-3.jpg\",\"width\":2560,\"height\":1771},{\"@type\":\"BreadcrumbList\",\"@id\":\"https:\\\/\\\/mpcid.gov.gn\\\/index.php\\\/parcours-business-international-guinee-simandou-2040-les-preparatifs-se-precisent-avec-bpifrance\\\/#breadcrumb\",\"itemListElement\":[{\"@type\":\"ListItem\",\"position\":1,\"name\":\"Accueil\",\"item\":\"https:\\\/\\\/mpcid.gov.gn\\\/\"},{\"@type\":\"ListItem\",\"position\":2,\"name\":\"Parcours Business International Guin\u00e9e \u2013 Simandou 2040 : les pr\u00e9paratifs se pr\u00e9cisent avec Bpifrance\"}]},{\"@type\":\"WebSite\",\"@id\":\"https:\\\/\\\/mpcid.gov.gn\\\/#website\",\"url\":\"https:\\\/\\\/mpcid.gov.gn\\\/\",\"name\":\"https:\\\/\\\/mpcid.gov.gn\\\/\",\"description\":\"Minist\u00e8re du Plan et de la Coop\u00e9ration Internationale\",\"publisher\":{\"@id\":\"https:\\\/\\\/mpcid.gov.gn\\\/#organization\"},\"potentialAction\":[{\"@type\":\"SearchAction\",\"target\":{\"@type\":\"EntryPoint\",\"urlTemplate\":\"https:\\\/\\\/mpcid.gov.gn\\\/?s={search_term_string}\"},\"query-input\":{\"@type\":\"PropertyValueSpecification\",\"valueRequired\":true,\"valueName\":\"search_term_string\"}}],\"inLanguage\":\"fr-FR\"},{\"@type\":\"Organization\",\"@id\":\"https:\\\/\\\/mpcid.gov.gn\\\/#organization\",\"name\":\"Minist\u00e8re du Plan et de la Coop\u00e9ration Internationale - MPCI\",\"url\":\"https:\\\/\\\/mpcid.gov.gn\\\/\",\"logo\":{\"@type\":\"ImageObject\",\"inLanguage\":\"fr-FR\",\"@id\":\"https:\\\/\\\/mpcid.gov.gn\\\/#\\\/schema\\\/logo\\\/image\\\/\",\"url\":\"https:\\\/\\\/mpcid.gov.gn\\\/wp-content\\\/uploads\\\/2023\\\/10\\\/Ministere-du-Plan-et-de-la-Cooperation-Internationale-MPCI.jpg\",\"contentUrl\":\"https:\\\/\\\/mpcid.gov.gn\\\/wp-content\\\/uploads\\\/2023\\\/10\\\/Ministere-du-Plan-et-de-la-Cooperation-Internationale-MPCI.jpg\",\"width\":462,\"height\":462,\"caption\":\"Minist\u00e8re du Plan et de la Coop\u00e9ration Internationale - MPCI\"},\"image\":{\"@id\":\"https:\\\/\\\/mpcid.gov.gn\\\/#\\\/schema\\\/logo\\\/image\\\/\"},\"sameAs\":[\"https:\\\/\\\/www.facebook.com\\\/MPCIGN\",\"https:\\\/\\\/x.com\\\/MpciGov\"]},{\"@type\":\"Person\",\"@id\":\"https:\\\/\\\/mpcid.gov.gn\\\/#\\\/schema\\\/person\\\/070aeea8fafd7a7e5a037505652abbee\",\"name\":\"Service Communication\",\"sameAs\":[\"http:\\\/\\\/Service-com\"],\"url\":\"https:\\\/\\\/mpcid.gov.gn\\\/index.php\\\/author\\\/service-com\\\/\"}]}<\/script>\n<!-- \/ Yoast SEO plugin. -->","yoast_head_json":{"title":"Parcours Business International Guin\u00e9e \u2013 Simandou 2040 : les pr\u00e9paratifs se pr\u00e9cisent avec Bpifrance - MPCI","robots":{"index":"index","follow":"follow","max-snippet":"max-snippet:-1","max-image-preview":"max-image-preview:large","max-video-preview":"max-video-preview:-1"},"canonical":"https:\/\/mpcid.gov.gn\/index.php\/parcours-business-international-guinee-simandou-2040-les-preparatifs-se-precisent-avec-bpifrance\/","og_locale":"fr_FR","og_type":"article","og_title":"Parcours Business International Guin\u00e9e \u2013 Simandou 2040 : les pr\u00e9paratifs se pr\u00e9cisent avec Bpifrance - MPCI","og_description":"Le Ministre du Plan, de la Coop\u00e9ration Internationale et du D\u00e9veloppement, Isma\u00ebl NABE, a tenu une s\u00e9ance de travail consacr\u00e9e au point d\u2019\u00e9tape sur les pr\u00e9paratifs du Programme Parcours Business International Guin\u00e9e \u2013 Simandou 2040, organis\u00e9 en partenariat avec Bpifrance. Cette rencontre a permis d\u2019\u00e9valuer l\u2019\u00e9tat d\u2019avancement des pr\u00e9paratifs de l\u2019\u00e9v\u00e9nement prevu de 30 mars &hellip; Continue reading \"Parcours Business International Guin\u00e9e \u2013 Simandou 2040 : les pr\u00e9paratifs se pr\u00e9cisent avec Bpifrance\"","og_url":"https:\/\/mpcid.gov.gn\/index.php\/parcours-business-international-guinee-simandou-2040-les-preparatifs-se-precisent-avec-bpifrance\/","og_site_name":"MPCI","article_publisher":"https:\/\/www.facebook.com\/MPCIGN","article_published_time":"2026-03-11T12:41:30+00:00","article_modified_time":"2026-03-11T13:23:09+00:00","og_image":[{"width":2560,"height":1771,"url":"https:\/\/mpcid.gov.gn\/wp-content\/uploads\/2026\/03\/9-3.jpg","type":"image\/jpeg"}],"author":"Service Communication","twitter_card":"summary_large_image","twitter_creator":"@MpciGov","twitter_site":"@MpciGov","twitter_misc":{"\u00c9crit par":"Service Communication","Dur\u00e9e de lecture estim\u00e9e":"4 minutes"},"schema":{"@context":"https:\/\/schema.org","@graph":[{"@type":"Article","@id":"https:\/\/mpcid.gov.gn\/index.php\/parcours-business-international-guinee-simandou-2040-les-preparatifs-se-precisent-avec-bpifrance\/#article","isPartOf":{"@id":"https:\/\/mpcid.gov.gn\/index.php\/parcours-business-international-guinee-simandou-2040-les-preparatifs-se-precisent-avec-bpifrance\/"},"author":{"name":"Service Communication","@id":"https:\/\/mpcid.gov.gn\/#\/schema\/person\/070aeea8fafd7a7e5a037505652abbee"},"headline":"Parcours Business International Guin\u00e9e \u2013 Simandou 2040 : les pr\u00e9paratifs se pr\u00e9cisent avec Bpifrance","datePublished":"2026-03-11T12:41:30+00:00","dateModified":"2026-03-11T13:23:09+00:00","mainEntityOfPage":{"@id":"https:\/\/mpcid.gov.gn\/index.php\/parcours-business-international-guinee-simandou-2040-les-preparatifs-se-precisent-avec-bpifrance\/"},"wordCount":449,"publisher":{"@id":"https:\/\/mpcid.gov.gn\/#organization"},"image":{"@id":"https:\/\/mpcid.gov.gn\/index.php\/parcours-business-international-guinee-simandou-2040-les-preparatifs-se-precisent-avec-bpifrance\/#primaryimage"},"thumbnailUrl":"https:\/\/mpcid.gov.gn\/wp-content\/uploads\/2026\/03\/9-3.jpg","articleSection":["Actualit\u00e9s"],"inLanguage":"fr-FR"},{"@type":"WebPage","@id":"https:\/\/mpcid.gov.gn\/index.php\/parcours-business-international-guinee-simandou-2040-les-preparatifs-se-precisent-avec-bpifrance\/","url":"https:\/\/mpcid.gov.gn\/index.php\/parcours-business-international-guinee-simandou-2040-les-preparatifs-se-precisent-avec-bpifrance\/","name":"Parcours Business International Guin\u00e9e \u2013 Simandou 2040 : les pr\u00e9paratifs se pr\u00e9cisent avec Bpifrance - MPCI","isPartOf":{"@id":"https:\/\/mpcid.gov.gn\/#website"},"primaryImageOfPage":{"@id":"https:\/\/mpcid.gov.gn\/index.php\/parcours-business-international-guinee-simandou-2040-les-preparatifs-se-precisent-avec-bpifrance\/#primaryimage"},"image":{"@id":"https:\/\/mpcid.gov.gn\/index.php\/parcours-business-international-guinee-simandou-2040-les-preparatifs-se-precisent-avec-bpifrance\/#primaryimage"},"thumbnailUrl":"https:\/\/mpcid.gov.gn\/wp-content\/uploads\/2026\/03\/9-3.jpg","datePublished":"2026-03-11T12:41:30+00:00","dateModified":"2026-03-11T13:23:09+00:00","breadcrumb":{"@id":"https:\/\/mpcid.gov.gn\/index.php\/parcours-business-international-guinee-simandou-2040-les-preparatifs-se-precisent-avec-bpifrance\/#breadcrumb"},"inLanguage":"fr-FR","potentialAction":[{"@type":"ReadAction","target":["https:\/\/mpcid.gov.gn\/index.php\/parcours-business-international-guinee-simandou-2040-les-preparatifs-se-precisent-avec-bpifrance\/"]}]},{"@type":"ImageObject","inLanguage":"fr-FR","@id":"https:\/\/mpcid.gov.gn\/index.php\/parcours-business-international-guinee-simandou-2040-les-preparatifs-se-precisent-avec-bpifrance\/#primaryimage","url":"https:\/\/mpcid.gov.gn\/wp-content\/uploads\/2026\/03\/9-3.jpg","contentUrl":"https:\/\/mpcid.gov.gn\/wp-content\/uploads\/2026\/03\/9-3.jpg","width":2560,"height":1771},{"@type":"BreadcrumbList","@id":"https:\/\/mpcid.gov.gn\/index.php\/parcours-business-international-guinee-simandou-2040-les-preparatifs-se-precisent-avec-bpifrance\/#breadcrumb","itemListElement":[{"@type":"ListItem","position":1,"name":"Accueil","item":"https:\/\/mpcid.gov.gn\/"},{"@type":"ListItem","position":2,"name":"Parcours Business International Guin\u00e9e \u2013 Simandou 2040 : les pr\u00e9paratifs se pr\u00e9cisent avec Bpifrance"}]},{"@type":"WebSite","@id":"https:\/\/mpcid.gov.gn\/#website","url":"https:\/\/mpcid.gov.gn\/","name":"https:\/\/mpcid.gov.gn\/","description":"Minist\u00e8re du Plan et de la Coop\u00e9ration Internationale","publisher":{"@id":"https:\/\/mpcid.gov.gn\/#organization"},"potentialAction":[{"@type":"SearchAction","target":{"@type":"EntryPoint","urlTemplate":"https:\/\/mpcid.gov.gn\/?s={search_term_string}"},"query-input":{"@type":"PropertyValueSpecification","valueRequired":true,"valueName":"search_term_string"}}],"inLanguage":"fr-FR"},{"@type":"Organization","@id":"https:\/\/mpcid.gov.gn\/#organization","name":"Minist\u00e8re du Plan et de la Coop\u00e9ration Internationale - MPCI","url":"https:\/\/mpcid.gov.gn\/","logo":{"@type":"ImageObject","inLanguage":"fr-FR","@id":"https:\/\/mpcid.gov.gn\/#\/schema\/logo\/image\/","url":"https:\/\/mpcid.gov.gn\/wp-content\/uploads\/2023\/10\/Ministere-du-Plan-et-de-la-Cooperation-Internationale-MPCI.jpg","contentUrl":"https:\/\/mpcid.gov.gn\/wp-content\/uploads\/2023\/10\/Ministere-du-Plan-et-de-la-Cooperation-Internationale-MPCI.jpg","width":462,"height":462,"caption":"Minist\u00e8re du Plan et de la Coop\u00e9ration Internationale - MPCI"},"image":{"@id":"https:\/\/mpcid.gov.gn\/#\/schema\/logo\/image\/"},"sameAs":["https:\/\/www.facebook.com\/MPCIGN","https:\/\/x.com\/MpciGov"]},{"@type":"Person","@id":"https:\/\/mpcid.gov.gn\/#\/schema\/person\/070aeea8fafd7a7e5a037505652abbee","name":"Service Communication","sameAs":["http:\/\/Service-com"],"url":"https:\/\/mpcid.gov.gn\/index.php\/author\/service-com\/"}]}},"_links":{"self":[{"href":"https:\/\/mpcid.gov.gn\/index.php\/wp-json\/wp\/v2\/posts\/19144","targetHints":{"allow":["GET"]}}],"collection":[{"href":"https:\/\/mpcid.gov.gn\/index.php\/wp-json\/wp\/v2\/posts"}],"about":[{"href":"https:\/\/mpcid.gov.gn\/index.php\/wp-json\/wp\/v2\/types\/post"}],"author":[{"embeddable":true,"href":"https:\/\/mpcid.gov.gn\/index.php\/wp-json\/wp\/v2\/users\/20"}],"replies":[{"embeddable":true,"href":"https:\/\/mpcid.gov.gn\/index.php\/wp-json\/wp\/v2\/comments?post=19144"}],"version-history":[{"count":0,"href":"https:\/\/mpcid.gov.gn\/index.php\/wp-json\/wp\/v2\/posts\/19144\/revisions"}],"wp:featuredmedia":[{"embeddable":true,"href":"https:\/\/mpcid.gov.gn\/index.php\/wp-json\/wp\/v2\/media\/19148"}],"wp:attachment":[{"href":"https:\/\/mpcid.gov.gn\/index.php\/wp-json\/wp\/v2\/media?parent=19144"}],"wp:term":[{"taxonomy":"category","embeddable":true,"href":"https:\/\/mpcid.gov.gn\/index.php\/wp-json\/wp\/v2\/categories?post=19144"},{"taxonomy":"post_tag","embeddable":true,"href":"https:\/\/mpcid.gov.gn\/index.php\/wp-json\/wp\/v2\/tags?post=19144"}],"curies":[{"name":"wp","href":"https:\/\/api.w.org\/{rel}","templated":true}]}}