{"id":19095,"date":"2026-03-06T10:30:17","date_gmt":"2026-03-06T10:30:17","guid":{"rendered":"https:\/\/mpcid.gov.gn\/?p=19095"},"modified":"2026-03-06T17:04:14","modified_gmt":"2026-03-06T17:04:14","slug":"cnt-le-ministre-ismael-nabe-defend-les-lois-fondatrices-du-programme-simandou-2040-nouvelle-architecture-du-developpement-guineen","status":"publish","type":"post","link":"https:\/\/mpcid.gov.gn\/index.php\/cnt-le-ministre-ismael-nabe-defend-les-lois-fondatrices-du-programme-simandou-2040-nouvelle-architecture-du-developpement-guineen\/","title":{"rendered":"CNT\u00a0: le Ministre Isma\u00ebl NABE d\u00e9fend les lois fondatrices du Programme Simandou 2040, nouvelle architecture du d\u00e9veloppement guin\u00e9en"},"content":{"rendered":"<p>Conakry, le 2 mars 2026 \u2013 La R\u00e9publique de Guin\u00e9e a franchi une \u00e9tape d\u00e9terminante de son histoire \u00e9conomique et institutionnelle. Apr\u00e8s deux jours d\u2019intenses travaux en intercommissions et devant les Conseillers nationaux r\u00e9unis en session pl\u00e9ni\u00e8re du Conseil National de la Transition (CNT), le Ministre du Plan, de la Coop\u00e9ration internationale et du D\u00e9veloppement, Isma\u00ebl NABE, a d\u00e9fendu, avant son adoption, la Loi de Plan 2026\u20132040 relatif au Programme de D\u00e9veloppement Socio-\u00c9conomique Durable et Responsable Simandou 2040 et la Loi Programme 2026\u20132030 encadrant la premi\u00e8re phase dudit programme.<\/p>\n<p><img fetchpriority=\"high\" decoding=\"async\" class=\"alignnone size-medium wp-image-19104\" src=\"https:\/\/mpcid.gov.gn\/wp-content\/uploads\/2026\/03\/4-2-500x333.jpg\" alt=\"\" width=\"500\" height=\"333\" srcset=\"https:\/\/mpcid.gov.gn\/wp-content\/uploads\/2026\/03\/4-2-500x333.jpg 500w, https:\/\/mpcid.gov.gn\/wp-content\/uploads\/2026\/03\/4-2-768x512.jpg 768w, https:\/\/mpcid.gov.gn\/wp-content\/uploads\/2026\/03\/4-2.jpg 1024w\" sizes=\"(max-width: 500px) 85vw, 500px\" \/> <img decoding=\"async\" class=\"alignnone size-medium wp-image-19107\" src=\"https:\/\/mpcid.gov.gn\/wp-content\/uploads\/2026\/03\/7-2-500x318.jpg\" alt=\"\" width=\"500\" height=\"318\" srcset=\"https:\/\/mpcid.gov.gn\/wp-content\/uploads\/2026\/03\/7-2-500x318.jpg 500w, https:\/\/mpcid.gov.gn\/wp-content\/uploads\/2026\/03\/7-2-1024x651.jpg 1024w, https:\/\/mpcid.gov.gn\/wp-content\/uploads\/2026\/03\/7-2-768x489.jpg 768w, https:\/\/mpcid.gov.gn\/wp-content\/uploads\/2026\/03\/7-2.jpg 1080w\" sizes=\"(max-width: 500px) 85vw, 500px\" \/> <img decoding=\"async\" class=\"alignnone size-medium wp-image-19101\" src=\"https:\/\/mpcid.gov.gn\/wp-content\/uploads\/2026\/03\/1-2-500x359.jpg\" alt=\"\" width=\"500\" height=\"359\" srcset=\"https:\/\/mpcid.gov.gn\/wp-content\/uploads\/2026\/03\/1-2-500x359.jpg 500w, https:\/\/mpcid.gov.gn\/wp-content\/uploads\/2026\/03\/1-2-1024x735.jpg 1024w, https:\/\/mpcid.gov.gn\/wp-content\/uploads\/2026\/03\/1-2-768x551.jpg 768w, https:\/\/mpcid.gov.gn\/wp-content\/uploads\/2026\/03\/1-2.jpg 1080w\" sizes=\"(max-width: 500px) 85vw, 500px\" \/> <img loading=\"lazy\" decoding=\"async\" class=\"alignnone size-medium wp-image-19105\" src=\"https:\/\/mpcid.gov.gn\/wp-content\/uploads\/2026\/03\/5-2-333x500.jpg\" alt=\"\" width=\"333\" height=\"500\" srcset=\"https:\/\/mpcid.gov.gn\/wp-content\/uploads\/2026\/03\/5-2-333x500.jpg 333w, https:\/\/mpcid.gov.gn\/wp-content\/uploads\/2026\/03\/5-2-683x1024.jpg 683w, https:\/\/mpcid.gov.gn\/wp-content\/uploads\/2026\/03\/5-2.jpg 696w\" sizes=\"(max-width: 333px) 85vw, 333px\" \/> <img loading=\"lazy\" decoding=\"async\" class=\"alignnone size-medium wp-image-19102\" src=\"https:\/\/mpcid.gov.gn\/wp-content\/uploads\/2026\/03\/2-2-500x333.jpg\" alt=\"\" width=\"500\" height=\"333\" srcset=\"https:\/\/mpcid.gov.gn\/wp-content\/uploads\/2026\/03\/2-2-500x333.jpg 500w, https:\/\/mpcid.gov.gn\/wp-content\/uploads\/2026\/03\/2-2-1024x683.jpg 1024w, https:\/\/mpcid.gov.gn\/wp-content\/uploads\/2026\/03\/2-2-768x512.jpg 768w, https:\/\/mpcid.gov.gn\/wp-content\/uploads\/2026\/03\/2-2.jpg 1080w\" sizes=\"(max-width: 500px) 85vw, 500px\" \/><img loading=\"lazy\" decoding=\"async\" class=\"alignnone size-medium wp-image-19106\" src=\"https:\/\/mpcid.gov.gn\/wp-content\/uploads\/2026\/03\/6-2-500x356.jpg\" alt=\"\" width=\"500\" height=\"356\" srcset=\"https:\/\/mpcid.gov.gn\/wp-content\/uploads\/2026\/03\/6-2-500x356.jpg 500w, https:\/\/mpcid.gov.gn\/wp-content\/uploads\/2026\/03\/6-2-768x546.jpg 768w, https:\/\/mpcid.gov.gn\/wp-content\/uploads\/2026\/03\/6-2.jpg 904w\" sizes=\"(max-width: 500px) 85vw, 500px\" \/><\/p>\n<p>Dans un discours solennel, le Ministre Isma\u00ebl NABE a soulign\u00e9 la port\u00e9e historique de cette initiative l\u00e9gislative, qu\u2019il consid\u00e8re comme un tournant d\u00e9cisif dans la trajectoire de d\u00e9veloppement de la Guin\u00e9e. Selon lui, il ne s\u2019agit pas simplement de d\u00e9battre de textes juridiques, mais de poser les fondations d\u2019une transformation profonde et durable du pays.<\/p>\n<p><img loading=\"lazy\" decoding=\"async\" class=\"alignnone size-medium wp-image-19103\" src=\"https:\/\/mpcid.gov.gn\/wp-content\/uploads\/2026\/03\/3-2-333x500.jpg\" alt=\"\" width=\"333\" height=\"500\" srcset=\"https:\/\/mpcid.gov.gn\/wp-content\/uploads\/2026\/03\/3-2-333x500.jpg 333w, https:\/\/mpcid.gov.gn\/wp-content\/uploads\/2026\/03\/3-2-683x1024.jpg 683w, https:\/\/mpcid.gov.gn\/wp-content\/uploads\/2026\/03\/3-2.jpg 720w\" sizes=\"(max-width: 333px) 85vw, 333px\" \/><\/p>\n<p>Les deux projets de loi soumis \u00e0 l\u2019examen du CNT constituent un cadre juridique, strat\u00e9gique et \u00e9conomique in\u00e9dit dans l\u2019histoire contemporaine du pays, destin\u00e9 \u00e0 organiser sur une p\u00e9riode de quinze ans la transformation structurelle de l\u2019\u00e9conomie nationale.<\/p>\n<p><strong>Une tradition de planification renforc\u00e9e<\/strong><\/p>\n<p>Le Ministre NABE a inscrit cette initiative dans la continuit\u00e9 de l\u2019histoire de la planification en Guin\u00e9e. Il a rappel\u00e9 que le pays poss\u00e8de une tradition d\u2019anticipation \u00e9conomique remontant aux premi\u00e8res d\u00e9cennies de l\u2019ind\u00e9pendance sous la pr\u00e9sidence de Ahmed S\u00e9kou Tour\u00e9. Il a \u00e9galement soulign\u00e9 que Simandou 2040 s\u2019inscrit dans les principales dynamiques de d\u00e9veloppement globales et continentales. Le programme s\u2019aligne notamment avec les Objectifs de D\u00e9veloppement Durable (ODD) des Nations unies ; l\u2019Agenda 2063 de l\u2019Union africaine ; la African Continental Free Trade Area (ZLECAF)\u00a0; ainsi que les engagements climatiques internationaux. \u00c0 travers ce programme, la Guin\u00e9e ambitionne de devenir un p\u00f4le de croissance r\u00e9gional et un acteur industriel majeur en Afrique.<\/p>\n<p><strong>Deux lois pour encadrer la transformation<\/strong><\/p>\n<p>Le Ministre Isma\u00ebl NABE a expliqu\u00e9 que les deux textes soumis au CNT remplissent des fonctions compl\u00e9mentaires.<\/p>\n<p><img loading=\"lazy\" decoding=\"async\" class=\"alignnone size-medium wp-image-19110\" src=\"https:\/\/mpcid.gov.gn\/wp-content\/uploads\/2026\/03\/10-2-500x336.jpg\" alt=\"\" width=\"500\" height=\"336\" srcset=\"https:\/\/mpcid.gov.gn\/wp-content\/uploads\/2026\/03\/10-2-500x336.jpg 500w, https:\/\/mpcid.gov.gn\/wp-content\/uploads\/2026\/03\/10-2-1024x688.jpg 1024w, https:\/\/mpcid.gov.gn\/wp-content\/uploads\/2026\/03\/10-2-768x516.jpg 768w, https:\/\/mpcid.gov.gn\/wp-content\/uploads\/2026\/03\/10-2.jpg 1080w\" sizes=\"(max-width: 500px) 85vw, 500px\" \/><\/p>\n<p>La Loi de Plan 2026-2040 \u00e9tablit le cadre strat\u00e9gique global et vise \u00e0 : garantir la continuit\u00e9 de l\u2019action publique au-del\u00e0 des cycles politiques ; s\u00e9curiser juridiquement les engagements de l\u2019\u00c9tat ; assurer la coh\u00e9rence entre strat\u00e9gie nationale et lois de finances ; renforcer la pr\u00e9visibilit\u00e9 pour les investisseurs et partenaires internationaux. Elle marque ainsi le passage d\u2019une logique de projets isol\u00e9s \u00e0 une architecture nationale de transformation \u00e9conomique.<\/p>\n<p>La Loi Programme 2026-2030, quant \u00e0 elle, constitue la premi\u00e8re phase op\u00e9rationnelle du programme. Elle permettra notamment d\u2019organiser la programmation budg\u00e9taire pluriannuelle ; d\u2019aligner les politiques sectorielles ; d\u2019introduire davantage de discipline et de visibilit\u00e9 dans l\u2019action publique. \u00ab La Loi de Plan \u00e9tablit le cap. La Loi Programme met ce cap en mouvement \u00bb, a r\u00e9sum\u00e9 le Ministre.<\/p>\n<p><img loading=\"lazy\" decoding=\"async\" class=\"alignnone size-medium wp-image-19111\" src=\"https:\/\/mpcid.gov.gn\/wp-content\/uploads\/2026\/03\/11-2-500x333.jpg\" alt=\"\" width=\"500\" height=\"333\" srcset=\"https:\/\/mpcid.gov.gn\/wp-content\/uploads\/2026\/03\/11-2-500x333.jpg 500w, https:\/\/mpcid.gov.gn\/wp-content\/uploads\/2026\/03\/11-2-1024x683.jpg 1024w, https:\/\/mpcid.gov.gn\/wp-content\/uploads\/2026\/03\/11-2-768x512.jpg 768w, https:\/\/mpcid.gov.gn\/wp-content\/uploads\/2026\/03\/11-2.jpg 1080w\" sizes=\"(max-width: 500px) 85vw, 500px\" \/><\/p>\n<p><strong>Une vision port\u00e9e au sommet de l\u2019\u00c9tat<\/strong><\/p>\n<p>Le Ministre Isma\u00ebl NABE a \u00e9galement rappel\u00e9 que ce programme s\u2019inscrit dans la vision strat\u00e9gique du Pr\u00e9sident de la R\u00e9publique, Mamadi Doumbouya, qui a fait le choix de transformer l\u2019opportunit\u00e9 mini\u00e8re de Simandou en un vaste programme national de d\u00e9veloppement. Selon lui, cette orientation marque une rupture avec les approches traditionnelles consistant \u00e0 exploiter les ressources naturelles sans transformation structurelle de l\u2019\u00e9conomie. \u00ab L\u00e0 o\u00f9 certains voyaient uniquement un gisement de minerai de fer, le Pr\u00e9sident Mamadi Doumbouya a d\u00e9cid\u00e9 de b\u00e2tir un destin \u00e9conomique pour toutes les filles et tous les fils de la Guin\u00e9e \u00bb, a-t-il d\u00e9clar\u00e9.<\/p>\n<p><strong>Un vote qualifi\u00e9 d\u2019historique<\/strong><\/p>\n<p>Enfin, le Ministre Isma\u00ebl NABE a soulign\u00e9 que le vote attendu d\u00e9passe largement le cadre technique de l\u2019adoption de textes l\u00e9gislatifs. \u00ab Il existe des votes ordinaires et des votes historiques. Le vote que vous vous appr\u00eatez \u00e0 exercer appartient \u00e0 cette seconde cat\u00e9gorie \u00bb, a-t-il affirm\u00e9.<\/p>\n<p><img loading=\"lazy\" decoding=\"async\" class=\"alignnone size-medium wp-image-19113\" src=\"https:\/\/mpcid.gov.gn\/wp-content\/uploads\/2026\/03\/13-2-500x333.jpg\" alt=\"\" width=\"500\" height=\"333\" srcset=\"https:\/\/mpcid.gov.gn\/wp-content\/uploads\/2026\/03\/13-2-500x333.jpg 500w, https:\/\/mpcid.gov.gn\/wp-content\/uploads\/2026\/03\/13-2-1024x683.jpg 1024w, https:\/\/mpcid.gov.gn\/wp-content\/uploads\/2026\/03\/13-2-768x512.jpg 768w, https:\/\/mpcid.gov.gn\/wp-content\/uploads\/2026\/03\/13-2.jpg 1080w\" sizes=\"(max-width: 500px) 85vw, 500px\" \/><\/p>\n<p>Selon lui, l\u2019adoption de ces lois permettra de donner \u00e0 la Guin\u00e9e une boussole strat\u00e9gique jusqu\u2019en 2040 ; de s\u00e9curiser son avenir \u00e9conomique ; d\u2019offrir \u00e0 la jeunesse des perspectives structur\u00e9es ; et d\u2019inscrire la prosp\u00e9rit\u00e9 dans l\u2019ordre juridique national.<\/p>\n<p><strong>Vers une nouvelle \u00e8re de planification souveraine<\/strong><\/p>\n<p>Pour conclure, le Ministre NABE a invit\u00e9 les Conseillers nationaux \u00e0 adopter les deux textes afin de permettre au programme Simandou 2040 de devenir le cadre structurant de la transformation \u00e9conomique du pays.<\/p>\n<p><img loading=\"lazy\" decoding=\"async\" class=\"alignnone size-medium wp-image-19112\" src=\"https:\/\/mpcid.gov.gn\/wp-content\/uploads\/2026\/03\/12-2-500x333.jpg\" alt=\"\" width=\"500\" height=\"333\" srcset=\"https:\/\/mpcid.gov.gn\/wp-content\/uploads\/2026\/03\/12-2-500x333.jpg 500w, https:\/\/mpcid.gov.gn\/wp-content\/uploads\/2026\/03\/12-2-1024x683.jpg 1024w, https:\/\/mpcid.gov.gn\/wp-content\/uploads\/2026\/03\/12-2-768x512.jpg 768w, https:\/\/mpcid.gov.gn\/wp-content\/uploads\/2026\/03\/12-2.jpg 1080w\" sizes=\"(max-width: 500px) 85vw, 500px\" \/><\/p>\n<p>Il a soulign\u00e9 que cette d\u00e9cision pourrait marquer le point de d\u00e9part d\u2019une nouvelle \u00e9tape dans l\u2019histoire nationale. \u00ab En adoptant ces lois, vous ne votez pas seulement des dispositions juridiques. Vous scellez un pacte entre le pr\u00e9sent et l\u2019avenir, entre les institutions et le peuple, entre les g\u00e9n\u00e9rations \u00bb, a-t-il d\u00e9clar\u00e9.<\/p>\n<p>Le Ministre Isma\u00ebl NABE a enfin exprim\u00e9 l\u2019espoir que cette d\u00e9marche permettra \u00e0 la Guin\u00e9e d\u2019entrer dans une nouvelle \u00e8re de planification souveraine, de transformation \u00e9conomique et de d\u00e9veloppement durable.<\/p>\n<p><img loading=\"lazy\" decoding=\"async\" class=\"alignnone size-medium wp-image-19115\" src=\"https:\/\/mpcid.gov.gn\/wp-content\/uploads\/2026\/03\/16-2-500x331.jpg\" alt=\"\" width=\"500\" height=\"331\" srcset=\"https:\/\/mpcid.gov.gn\/wp-content\/uploads\/2026\/03\/16-2-500x331.jpg 500w, https:\/\/mpcid.gov.gn\/wp-content\/uploads\/2026\/03\/16-2-1024x678.jpg 1024w, https:\/\/mpcid.gov.gn\/wp-content\/uploads\/2026\/03\/16-2-768x508.jpg 768w, https:\/\/mpcid.gov.gn\/wp-content\/uploads\/2026\/03\/16-2.jpg 1080w\" sizes=\"(max-width: 500px) 85vw, 500px\" \/> <img loading=\"lazy\" decoding=\"async\" class=\"alignnone size-medium wp-image-19114\" src=\"https:\/\/mpcid.gov.gn\/wp-content\/uploads\/2026\/03\/15-2-500x336.jpg\" alt=\"\" width=\"500\" height=\"336\" srcset=\"https:\/\/mpcid.gov.gn\/wp-content\/uploads\/2026\/03\/15-2-500x336.jpg 500w, https:\/\/mpcid.gov.gn\/wp-content\/uploads\/2026\/03\/15-2-1024x687.jpg 1024w, https:\/\/mpcid.gov.gn\/wp-content\/uploads\/2026\/03\/15-2-768x516.jpg 768w, https:\/\/mpcid.gov.gn\/wp-content\/uploads\/2026\/03\/15-2.jpg 1080w\" sizes=\"(max-width: 500px) 85vw, 500px\" \/><\/p>\n","protected":false},"excerpt":{"rendered":"<p>Conakry, le 2 mars 2026 \u2013 La R\u00e9publique de Guin\u00e9e a franchi une \u00e9tape d\u00e9terminante de son histoire \u00e9conomique et institutionnelle. Apr\u00e8s deux jours d\u2019intenses travaux en intercommissions et devant les Conseillers nationaux r\u00e9unis en session pl\u00e9ni\u00e8re du Conseil National de la Transition (CNT), le Ministre du Plan, de la Coop\u00e9ration internationale et du D\u00e9veloppement, &hellip; <a href=\"https:\/\/mpcid.gov.gn\/index.php\/cnt-le-ministre-ismael-nabe-defend-les-lois-fondatrices-du-programme-simandou-2040-nouvelle-architecture-du-developpement-guineen\/\" class=\"more-link\">Continue reading<span class=\"screen-reader-text\"> \u00ab\u00a0CNT\u00a0: le Ministre Isma\u00ebl NABE d\u00e9fend les lois fondatrices du Programme Simandou 2040, nouvelle architecture du d\u00e9veloppement guin\u00e9en\u00a0\u00bb<\/span><\/a><\/p>\n","protected":false},"author":20,"featured_media":19100,"comment_status":"closed","ping_status":"closed","sticky":false,"template":"","format":"standard","meta":{"footnotes":""},"categories":[63],"tags":[],"class_list":["post-19095","post","type-post","status-publish","format-standard","has-post-thumbnail","hentry","category-actualites"],"yoast_head":"<!-- This site is optimized with the Yoast SEO plugin v27.5 - https:\/\/yoast.com\/product\/yoast-seo-wordpress\/ -->\n<title>CNT\u00a0: le Ministre Isma\u00ebl NABE d\u00e9fend les lois fondatrices du Programme Simandou 2040, nouvelle architecture du d\u00e9veloppement guin\u00e9en - MPCI<\/title>\n<meta name=\"robots\" content=\"index, follow, max-snippet:-1, max-image-preview:large, max-video-preview:-1\" \/>\n<link rel=\"canonical\" href=\"https:\/\/mpcid.gov.gn\/index.php\/cnt-le-ministre-ismael-nabe-defend-les-lois-fondatrices-du-programme-simandou-2040-nouvelle-architecture-du-developpement-guineen\/\" \/>\n<meta property=\"og:locale\" content=\"fr_FR\" \/>\n<meta property=\"og:type\" content=\"article\" \/>\n<meta property=\"og:title\" content=\"CNT\u00a0: le Ministre Isma\u00ebl NABE d\u00e9fend les lois fondatrices du Programme Simandou 2040, nouvelle architecture du d\u00e9veloppement guin\u00e9en - MPCI\" \/>\n<meta property=\"og:description\" content=\"Conakry, le 2 mars 2026 \u2013 La R\u00e9publique de Guin\u00e9e a franchi une \u00e9tape d\u00e9terminante de son histoire \u00e9conomique et institutionnelle. Apr\u00e8s deux jours d\u2019intenses travaux en intercommissions et devant les Conseillers nationaux r\u00e9unis en session pl\u00e9ni\u00e8re du Conseil National de la Transition (CNT), le Ministre du Plan, de la Coop\u00e9ration internationale et du D\u00e9veloppement, &hellip; Continue reading &quot;CNT\u00a0: le Ministre Isma\u00ebl NABE d\u00e9fend les lois fondatrices du Programme Simandou 2040, nouvelle architecture du d\u00e9veloppement guin\u00e9en&quot;\" \/>\n<meta property=\"og:url\" content=\"https:\/\/mpcid.gov.gn\/index.php\/cnt-le-ministre-ismael-nabe-defend-les-lois-fondatrices-du-programme-simandou-2040-nouvelle-architecture-du-developpement-guineen\/\" \/>\n<meta property=\"og:site_name\" content=\"MPCI\" \/>\n<meta property=\"article:publisher\" content=\"https:\/\/www.facebook.com\/MPCIGN\" \/>\n<meta property=\"article:published_time\" content=\"2026-03-06T10:30:17+00:00\" \/>\n<meta property=\"article:modified_time\" content=\"2026-03-06T17:04:14+00:00\" \/>\n<meta property=\"og:image\" content=\"https:\/\/mpcid.gov.gn\/wp-content\/uploads\/2026\/03\/14-2.jpg\" \/>\n\t<meta property=\"og:image:width\" content=\"1080\" \/>\n\t<meta property=\"og:image:height\" content=\"720\" \/>\n\t<meta property=\"og:image:type\" content=\"image\/jpeg\" \/>\n<meta name=\"author\" content=\"Service Communication\" \/>\n<meta name=\"twitter:card\" content=\"summary_large_image\" \/>\n<meta name=\"twitter:creator\" content=\"@MpciGov\" \/>\n<meta name=\"twitter:site\" content=\"@MpciGov\" \/>\n<meta name=\"twitter:label1\" content=\"\u00c9crit par\" \/>\n\t<meta name=\"twitter:data1\" content=\"Service Communication\" \/>\n\t<meta name=\"twitter:label2\" content=\"Dur\u00e9e de lecture estim\u00e9e\" \/>\n\t<meta name=\"twitter:data2\" content=\"7 minutes\" \/>\n<script type=\"application\/ld+json\" class=\"yoast-schema-graph\">{\"@context\":\"https:\\\/\\\/schema.org\",\"@graph\":[{\"@type\":\"Article\",\"@id\":\"https:\\\/\\\/mpcid.gov.gn\\\/index.php\\\/cnt-le-ministre-ismael-nabe-defend-les-lois-fondatrices-du-programme-simandou-2040-nouvelle-architecture-du-developpement-guineen\\\/#article\",\"isPartOf\":{\"@id\":\"https:\\\/\\\/mpcid.gov.gn\\\/index.php\\\/cnt-le-ministre-ismael-nabe-defend-les-lois-fondatrices-du-programme-simandou-2040-nouvelle-architecture-du-developpement-guineen\\\/\"},\"author\":{\"name\":\"Service Communication\",\"@id\":\"https:\\\/\\\/mpcid.gov.gn\\\/#\\\/schema\\\/person\\\/070aeea8fafd7a7e5a037505652abbee\"},\"headline\":\"CNT\u00a0: le Ministre Isma\u00ebl NABE d\u00e9fend les lois fondatrices du Programme Simandou 2040, nouvelle architecture du d\u00e9veloppement guin\u00e9en\",\"datePublished\":\"2026-03-06T10:30:17+00:00\",\"dateModified\":\"2026-03-06T17:04:14+00:00\",\"mainEntityOfPage\":{\"@id\":\"https:\\\/\\\/mpcid.gov.gn\\\/index.php\\\/cnt-le-ministre-ismael-nabe-defend-les-lois-fondatrices-du-programme-simandou-2040-nouvelle-architecture-du-developpement-guineen\\\/\"},\"wordCount\":868,\"publisher\":{\"@id\":\"https:\\\/\\\/mpcid.gov.gn\\\/#organization\"},\"image\":{\"@id\":\"https:\\\/\\\/mpcid.gov.gn\\\/index.php\\\/cnt-le-ministre-ismael-nabe-defend-les-lois-fondatrices-du-programme-simandou-2040-nouvelle-architecture-du-developpement-guineen\\\/#primaryimage\"},\"thumbnailUrl\":\"https:\\\/\\\/mpcid.gov.gn\\\/wp-content\\\/uploads\\\/2026\\\/03\\\/14-2.jpg\",\"articleSection\":[\"Actualit\u00e9s\"],\"inLanguage\":\"fr-FR\"},{\"@type\":\"WebPage\",\"@id\":\"https:\\\/\\\/mpcid.gov.gn\\\/index.php\\\/cnt-le-ministre-ismael-nabe-defend-les-lois-fondatrices-du-programme-simandou-2040-nouvelle-architecture-du-developpement-guineen\\\/\",\"url\":\"https:\\\/\\\/mpcid.gov.gn\\\/index.php\\\/cnt-le-ministre-ismael-nabe-defend-les-lois-fondatrices-du-programme-simandou-2040-nouvelle-architecture-du-developpement-guineen\\\/\",\"name\":\"CNT\u00a0: le Ministre Isma\u00ebl NABE d\u00e9fend les lois fondatrices du Programme Simandou 2040, nouvelle architecture du d\u00e9veloppement guin\u00e9en - MPCI\",\"isPartOf\":{\"@id\":\"https:\\\/\\\/mpcid.gov.gn\\\/#website\"},\"primaryImageOfPage\":{\"@id\":\"https:\\\/\\\/mpcid.gov.gn\\\/index.php\\\/cnt-le-ministre-ismael-nabe-defend-les-lois-fondatrices-du-programme-simandou-2040-nouvelle-architecture-du-developpement-guineen\\\/#primaryimage\"},\"image\":{\"@id\":\"https:\\\/\\\/mpcid.gov.gn\\\/index.php\\\/cnt-le-ministre-ismael-nabe-defend-les-lois-fondatrices-du-programme-simandou-2040-nouvelle-architecture-du-developpement-guineen\\\/#primaryimage\"},\"thumbnailUrl\":\"https:\\\/\\\/mpcid.gov.gn\\\/wp-content\\\/uploads\\\/2026\\\/03\\\/14-2.jpg\",\"datePublished\":\"2026-03-06T10:30:17+00:00\",\"dateModified\":\"2026-03-06T17:04:14+00:00\",\"breadcrumb\":{\"@id\":\"https:\\\/\\\/mpcid.gov.gn\\\/index.php\\\/cnt-le-ministre-ismael-nabe-defend-les-lois-fondatrices-du-programme-simandou-2040-nouvelle-architecture-du-developpement-guineen\\\/#breadcrumb\"},\"inLanguage\":\"fr-FR\",\"potentialAction\":[{\"@type\":\"ReadAction\",\"target\":[\"https:\\\/\\\/mpcid.gov.gn\\\/index.php\\\/cnt-le-ministre-ismael-nabe-defend-les-lois-fondatrices-du-programme-simandou-2040-nouvelle-architecture-du-developpement-guineen\\\/\"]}]},{\"@type\":\"ImageObject\",\"inLanguage\":\"fr-FR\",\"@id\":\"https:\\\/\\\/mpcid.gov.gn\\\/index.php\\\/cnt-le-ministre-ismael-nabe-defend-les-lois-fondatrices-du-programme-simandou-2040-nouvelle-architecture-du-developpement-guineen\\\/#primaryimage\",\"url\":\"https:\\\/\\\/mpcid.gov.gn\\\/wp-content\\\/uploads\\\/2026\\\/03\\\/14-2.jpg\",\"contentUrl\":\"https:\\\/\\\/mpcid.gov.gn\\\/wp-content\\\/uploads\\\/2026\\\/03\\\/14-2.jpg\",\"width\":1080,\"height\":720},{\"@type\":\"BreadcrumbList\",\"@id\":\"https:\\\/\\\/mpcid.gov.gn\\\/index.php\\\/cnt-le-ministre-ismael-nabe-defend-les-lois-fondatrices-du-programme-simandou-2040-nouvelle-architecture-du-developpement-guineen\\\/#breadcrumb\",\"itemListElement\":[{\"@type\":\"ListItem\",\"position\":1,\"name\":\"Accueil\",\"item\":\"https:\\\/\\\/mpcid.gov.gn\\\/\"},{\"@type\":\"ListItem\",\"position\":2,\"name\":\"CNT\u00a0: le Ministre Isma\u00ebl NABE d\u00e9fend les lois fondatrices du Programme Simandou 2040, nouvelle architecture du d\u00e9veloppement guin\u00e9en\"}]},{\"@type\":\"WebSite\",\"@id\":\"https:\\\/\\\/mpcid.gov.gn\\\/#website\",\"url\":\"https:\\\/\\\/mpcid.gov.gn\\\/\",\"name\":\"https:\\\/\\\/mpcid.gov.gn\\\/\",\"description\":\"Minist\u00e8re du Plan et de la Coop\u00e9ration Internationale\",\"publisher\":{\"@id\":\"https:\\\/\\\/mpcid.gov.gn\\\/#organization\"},\"potentialAction\":[{\"@type\":\"SearchAction\",\"target\":{\"@type\":\"EntryPoint\",\"urlTemplate\":\"https:\\\/\\\/mpcid.gov.gn\\\/?s={search_term_string}\"},\"query-input\":{\"@type\":\"PropertyValueSpecification\",\"valueRequired\":true,\"valueName\":\"search_term_string\"}}],\"inLanguage\":\"fr-FR\"},{\"@type\":\"Organization\",\"@id\":\"https:\\\/\\\/mpcid.gov.gn\\\/#organization\",\"name\":\"Minist\u00e8re du Plan et de la Coop\u00e9ration Internationale - MPCI\",\"url\":\"https:\\\/\\\/mpcid.gov.gn\\\/\",\"logo\":{\"@type\":\"ImageObject\",\"inLanguage\":\"fr-FR\",\"@id\":\"https:\\\/\\\/mpcid.gov.gn\\\/#\\\/schema\\\/logo\\\/image\\\/\",\"url\":\"https:\\\/\\\/mpcid.gov.gn\\\/wp-content\\\/uploads\\\/2023\\\/10\\\/Ministere-du-Plan-et-de-la-Cooperation-Internationale-MPCI.jpg\",\"contentUrl\":\"https:\\\/\\\/mpcid.gov.gn\\\/wp-content\\\/uploads\\\/2023\\\/10\\\/Ministere-du-Plan-et-de-la-Cooperation-Internationale-MPCI.jpg\",\"width\":462,\"height\":462,\"caption\":\"Minist\u00e8re du Plan et de la Coop\u00e9ration Internationale - MPCI\"},\"image\":{\"@id\":\"https:\\\/\\\/mpcid.gov.gn\\\/#\\\/schema\\\/logo\\\/image\\\/\"},\"sameAs\":[\"https:\\\/\\\/www.facebook.com\\\/MPCIGN\",\"https:\\\/\\\/x.com\\\/MpciGov\"]},{\"@type\":\"Person\",\"@id\":\"https:\\\/\\\/mpcid.gov.gn\\\/#\\\/schema\\\/person\\\/070aeea8fafd7a7e5a037505652abbee\",\"name\":\"Service Communication\",\"sameAs\":[\"http:\\\/\\\/Service-com\"],\"url\":\"https:\\\/\\\/mpcid.gov.gn\\\/index.php\\\/author\\\/service-com\\\/\"}]}<\/script>\n<!-- \/ Yoast SEO plugin. -->","yoast_head_json":{"title":"CNT\u00a0: le Ministre Isma\u00ebl NABE d\u00e9fend les lois fondatrices du Programme Simandou 2040, nouvelle architecture du d\u00e9veloppement guin\u00e9en - MPCI","robots":{"index":"index","follow":"follow","max-snippet":"max-snippet:-1","max-image-preview":"max-image-preview:large","max-video-preview":"max-video-preview:-1"},"canonical":"https:\/\/mpcid.gov.gn\/index.php\/cnt-le-ministre-ismael-nabe-defend-les-lois-fondatrices-du-programme-simandou-2040-nouvelle-architecture-du-developpement-guineen\/","og_locale":"fr_FR","og_type":"article","og_title":"CNT\u00a0: le Ministre Isma\u00ebl NABE d\u00e9fend les lois fondatrices du Programme Simandou 2040, nouvelle architecture du d\u00e9veloppement guin\u00e9en - MPCI","og_description":"Conakry, le 2 mars 2026 \u2013 La R\u00e9publique de Guin\u00e9e a franchi une \u00e9tape d\u00e9terminante de son histoire \u00e9conomique et institutionnelle. Apr\u00e8s deux jours d\u2019intenses travaux en intercommissions et devant les Conseillers nationaux r\u00e9unis en session pl\u00e9ni\u00e8re du Conseil National de la Transition (CNT), le Ministre du Plan, de la Coop\u00e9ration internationale et du D\u00e9veloppement, &hellip; Continue reading \"CNT\u00a0: le Ministre Isma\u00ebl NABE d\u00e9fend les lois fondatrices du Programme Simandou 2040, nouvelle architecture du d\u00e9veloppement guin\u00e9en\"","og_url":"https:\/\/mpcid.gov.gn\/index.php\/cnt-le-ministre-ismael-nabe-defend-les-lois-fondatrices-du-programme-simandou-2040-nouvelle-architecture-du-developpement-guineen\/","og_site_name":"MPCI","article_publisher":"https:\/\/www.facebook.com\/MPCIGN","article_published_time":"2026-03-06T10:30:17+00:00","article_modified_time":"2026-03-06T17:04:14+00:00","og_image":[{"width":1080,"height":720,"url":"https:\/\/mpcid.gov.gn\/wp-content\/uploads\/2026\/03\/14-2.jpg","type":"image\/jpeg"}],"author":"Service Communication","twitter_card":"summary_large_image","twitter_creator":"@MpciGov","twitter_site":"@MpciGov","twitter_misc":{"\u00c9crit par":"Service Communication","Dur\u00e9e de lecture estim\u00e9e":"7 minutes"},"schema":{"@context":"https:\/\/schema.org","@graph":[{"@type":"Article","@id":"https:\/\/mpcid.gov.gn\/index.php\/cnt-le-ministre-ismael-nabe-defend-les-lois-fondatrices-du-programme-simandou-2040-nouvelle-architecture-du-developpement-guineen\/#article","isPartOf":{"@id":"https:\/\/mpcid.gov.gn\/index.php\/cnt-le-ministre-ismael-nabe-defend-les-lois-fondatrices-du-programme-simandou-2040-nouvelle-architecture-du-developpement-guineen\/"},"author":{"name":"Service Communication","@id":"https:\/\/mpcid.gov.gn\/#\/schema\/person\/070aeea8fafd7a7e5a037505652abbee"},"headline":"CNT\u00a0: le Ministre Isma\u00ebl NABE d\u00e9fend les lois fondatrices du Programme Simandou 2040, nouvelle architecture du d\u00e9veloppement guin\u00e9en","datePublished":"2026-03-06T10:30:17+00:00","dateModified":"2026-03-06T17:04:14+00:00","mainEntityOfPage":{"@id":"https:\/\/mpcid.gov.gn\/index.php\/cnt-le-ministre-ismael-nabe-defend-les-lois-fondatrices-du-programme-simandou-2040-nouvelle-architecture-du-developpement-guineen\/"},"wordCount":868,"publisher":{"@id":"https:\/\/mpcid.gov.gn\/#organization"},"image":{"@id":"https:\/\/mpcid.gov.gn\/index.php\/cnt-le-ministre-ismael-nabe-defend-les-lois-fondatrices-du-programme-simandou-2040-nouvelle-architecture-du-developpement-guineen\/#primaryimage"},"thumbnailUrl":"https:\/\/mpcid.gov.gn\/wp-content\/uploads\/2026\/03\/14-2.jpg","articleSection":["Actualit\u00e9s"],"inLanguage":"fr-FR"},{"@type":"WebPage","@id":"https:\/\/mpcid.gov.gn\/index.php\/cnt-le-ministre-ismael-nabe-defend-les-lois-fondatrices-du-programme-simandou-2040-nouvelle-architecture-du-developpement-guineen\/","url":"https:\/\/mpcid.gov.gn\/index.php\/cnt-le-ministre-ismael-nabe-defend-les-lois-fondatrices-du-programme-simandou-2040-nouvelle-architecture-du-developpement-guineen\/","name":"CNT\u00a0: le Ministre Isma\u00ebl NABE d\u00e9fend les lois fondatrices du Programme Simandou 2040, nouvelle architecture du d\u00e9veloppement guin\u00e9en - MPCI","isPartOf":{"@id":"https:\/\/mpcid.gov.gn\/#website"},"primaryImageOfPage":{"@id":"https:\/\/mpcid.gov.gn\/index.php\/cnt-le-ministre-ismael-nabe-defend-les-lois-fondatrices-du-programme-simandou-2040-nouvelle-architecture-du-developpement-guineen\/#primaryimage"},"image":{"@id":"https:\/\/mpcid.gov.gn\/index.php\/cnt-le-ministre-ismael-nabe-defend-les-lois-fondatrices-du-programme-simandou-2040-nouvelle-architecture-du-developpement-guineen\/#primaryimage"},"thumbnailUrl":"https:\/\/mpcid.gov.gn\/wp-content\/uploads\/2026\/03\/14-2.jpg","datePublished":"2026-03-06T10:30:17+00:00","dateModified":"2026-03-06T17:04:14+00:00","breadcrumb":{"@id":"https:\/\/mpcid.gov.gn\/index.php\/cnt-le-ministre-ismael-nabe-defend-les-lois-fondatrices-du-programme-simandou-2040-nouvelle-architecture-du-developpement-guineen\/#breadcrumb"},"inLanguage":"fr-FR","potentialAction":[{"@type":"ReadAction","target":["https:\/\/mpcid.gov.gn\/index.php\/cnt-le-ministre-ismael-nabe-defend-les-lois-fondatrices-du-programme-simandou-2040-nouvelle-architecture-du-developpement-guineen\/"]}]},{"@type":"ImageObject","inLanguage":"fr-FR","@id":"https:\/\/mpcid.gov.gn\/index.php\/cnt-le-ministre-ismael-nabe-defend-les-lois-fondatrices-du-programme-simandou-2040-nouvelle-architecture-du-developpement-guineen\/#primaryimage","url":"https:\/\/mpcid.gov.gn\/wp-content\/uploads\/2026\/03\/14-2.jpg","contentUrl":"https:\/\/mpcid.gov.gn\/wp-content\/uploads\/2026\/03\/14-2.jpg","width":1080,"height":720},{"@type":"BreadcrumbList","@id":"https:\/\/mpcid.gov.gn\/index.php\/cnt-le-ministre-ismael-nabe-defend-les-lois-fondatrices-du-programme-simandou-2040-nouvelle-architecture-du-developpement-guineen\/#breadcrumb","itemListElement":[{"@type":"ListItem","position":1,"name":"Accueil","item":"https:\/\/mpcid.gov.gn\/"},{"@type":"ListItem","position":2,"name":"CNT\u00a0: le Ministre Isma\u00ebl NABE d\u00e9fend les lois fondatrices du Programme Simandou 2040, nouvelle architecture du d\u00e9veloppement guin\u00e9en"}]},{"@type":"WebSite","@id":"https:\/\/mpcid.gov.gn\/#website","url":"https:\/\/mpcid.gov.gn\/","name":"https:\/\/mpcid.gov.gn\/","description":"Minist\u00e8re du Plan et de la Coop\u00e9ration Internationale","publisher":{"@id":"https:\/\/mpcid.gov.gn\/#organization"},"potentialAction":[{"@type":"SearchAction","target":{"@type":"EntryPoint","urlTemplate":"https:\/\/mpcid.gov.gn\/?s={search_term_string}"},"query-input":{"@type":"PropertyValueSpecification","valueRequired":true,"valueName":"search_term_string"}}],"inLanguage":"fr-FR"},{"@type":"Organization","@id":"https:\/\/mpcid.gov.gn\/#organization","name":"Minist\u00e8re du Plan et de la Coop\u00e9ration Internationale - MPCI","url":"https:\/\/mpcid.gov.gn\/","logo":{"@type":"ImageObject","inLanguage":"fr-FR","@id":"https:\/\/mpcid.gov.gn\/#\/schema\/logo\/image\/","url":"https:\/\/mpcid.gov.gn\/wp-content\/uploads\/2023\/10\/Ministere-du-Plan-et-de-la-Cooperation-Internationale-MPCI.jpg","contentUrl":"https:\/\/mpcid.gov.gn\/wp-content\/uploads\/2023\/10\/Ministere-du-Plan-et-de-la-Cooperation-Internationale-MPCI.jpg","width":462,"height":462,"caption":"Minist\u00e8re du Plan et de la Coop\u00e9ration Internationale - MPCI"},"image":{"@id":"https:\/\/mpcid.gov.gn\/#\/schema\/logo\/image\/"},"sameAs":["https:\/\/www.facebook.com\/MPCIGN","https:\/\/x.com\/MpciGov"]},{"@type":"Person","@id":"https:\/\/mpcid.gov.gn\/#\/schema\/person\/070aeea8fafd7a7e5a037505652abbee","name":"Service Communication","sameAs":["http:\/\/Service-com"],"url":"https:\/\/mpcid.gov.gn\/index.php\/author\/service-com\/"}]}},"_links":{"self":[{"href":"https:\/\/mpcid.gov.gn\/index.php\/wp-json\/wp\/v2\/posts\/19095","targetHints":{"allow":["GET"]}}],"collection":[{"href":"https:\/\/mpcid.gov.gn\/index.php\/wp-json\/wp\/v2\/posts"}],"about":[{"href":"https:\/\/mpcid.gov.gn\/index.php\/wp-json\/wp\/v2\/types\/post"}],"author":[{"embeddable":true,"href":"https:\/\/mpcid.gov.gn\/index.php\/wp-json\/wp\/v2\/users\/20"}],"replies":[{"embeddable":true,"href":"https:\/\/mpcid.gov.gn\/index.php\/wp-json\/wp\/v2\/comments?post=19095"}],"version-history":[{"count":0,"href":"https:\/\/mpcid.gov.gn\/index.php\/wp-json\/wp\/v2\/posts\/19095\/revisions"}],"wp:featuredmedia":[{"embeddable":true,"href":"https:\/\/mpcid.gov.gn\/index.php\/wp-json\/wp\/v2\/media\/19100"}],"wp:attachment":[{"href":"https:\/\/mpcid.gov.gn\/index.php\/wp-json\/wp\/v2\/media?parent=19095"}],"wp:term":[{"taxonomy":"category","embeddable":true,"href":"https:\/\/mpcid.gov.gn\/index.php\/wp-json\/wp\/v2\/categories?post=19095"},{"taxonomy":"post_tag","embeddable":true,"href":"https:\/\/mpcid.gov.gn\/index.php\/wp-json\/wp\/v2\/tags?post=19095"}],"curies":[{"name":"wp","href":"https:\/\/api.w.org\/{rel}","templated":true}]}}