{"id":19075,"date":"2026-03-06T06:51:17","date_gmt":"2026-03-06T06:51:17","guid":{"rendered":"https:\/\/mpcid.gov.gn\/?p=19075"},"modified":"2026-03-06T06:51:17","modified_gmt":"2026-03-06T06:51:17","slug":"cooperation-internationale-la-guinee-et-le-pam-renforcent-leur-partenariat-strategique","status":"publish","type":"post","link":"https:\/\/mpcid.gov.gn\/index.php\/cooperation-internationale-la-guinee-et-le-pam-renforcent-leur-partenariat-strategique\/","title":{"rendered":"Coop\u00e9ration internationale : la Guin\u00e9e et le PAM renforcent leur partenariat strat\u00e9gique"},"content":{"rendered":"<p>Conakry, le 5 mars 2026-Le Gouvernement guin\u00e9en, \u00e0 travers le Minist\u00e8re du Plan, de la Coop\u00e9ration internationale et du D\u00e9veloppement, et le Programme Alimentaire Mondial (PAM) ont proc\u00e9d\u00e9 \u00e0 la signature d\u2019un m\u00e9morandum d\u2019entente (MOU) visant \u00e0 consolider leur coop\u00e9ration dans les domaines de la s\u00e9curit\u00e9 alimentaire, de la nutrition et du d\u00e9veloppement du capital humain. Cette initiative marque une \u00e9tape importante dans le renforcement du partenariat entre les deux parties, avec pour objectif d\u2019am\u00e9liorer durablement les conditions de vie des populations guin\u00e9ennes.<\/p>\n<p><img fetchpriority=\"high\" decoding=\"async\" class=\"alignnone size-medium wp-image-19086\" src=\"https:\/\/mpcid.gov.gn\/wp-content\/uploads\/2026\/03\/11-1-500x333.jpg\" alt=\"\" width=\"500\" height=\"333\" srcset=\"https:\/\/mpcid.gov.gn\/wp-content\/uploads\/2026\/03\/11-1-500x333.jpg 500w, https:\/\/mpcid.gov.gn\/wp-content\/uploads\/2026\/03\/11-1-1024x683.jpg 1024w, https:\/\/mpcid.gov.gn\/wp-content\/uploads\/2026\/03\/11-1-768x512.jpg 768w, https:\/\/mpcid.gov.gn\/wp-content\/uploads\/2026\/03\/11-1.jpg 1080w\" sizes=\"(max-width: 500px) 85vw, 500px\" \/> <img decoding=\"async\" class=\"alignnone size-medium wp-image-19081\" src=\"https:\/\/mpcid.gov.gn\/wp-content\/uploads\/2026\/03\/6-1-340x500.jpg\" alt=\"\" width=\"340\" height=\"500\" srcset=\"https:\/\/mpcid.gov.gn\/wp-content\/uploads\/2026\/03\/6-1-340x500.jpg 340w, https:\/\/mpcid.gov.gn\/wp-content\/uploads\/2026\/03\/6-1-696x1024.jpg 696w, https:\/\/mpcid.gov.gn\/wp-content\/uploads\/2026\/03\/6-1.jpg 734w\" sizes=\"(max-width: 340px) 85vw, 340px\" \/> <img decoding=\"async\" class=\"alignnone size-medium wp-image-19093\" src=\"https:\/\/mpcid.gov.gn\/wp-content\/uploads\/2026\/03\/18-500x327.jpg\" alt=\"\" width=\"500\" height=\"327\" srcset=\"https:\/\/mpcid.gov.gn\/wp-content\/uploads\/2026\/03\/18-500x327.jpg 500w, https:\/\/mpcid.gov.gn\/wp-content\/uploads\/2026\/03\/18-1024x670.jpg 1024w, https:\/\/mpcid.gov.gn\/wp-content\/uploads\/2026\/03\/18-768x503.jpg 768w, https:\/\/mpcid.gov.gn\/wp-content\/uploads\/2026\/03\/18.jpg 1080w\" sizes=\"(max-width: 500px) 85vw, 500px\" \/> <img loading=\"lazy\" decoding=\"async\" class=\"alignnone size-medium wp-image-19083\" src=\"https:\/\/mpcid.gov.gn\/wp-content\/uploads\/2026\/03\/8-1-500x302.jpg\" alt=\"\" width=\"500\" height=\"302\" srcset=\"https:\/\/mpcid.gov.gn\/wp-content\/uploads\/2026\/03\/8-1-500x302.jpg 500w, https:\/\/mpcid.gov.gn\/wp-content\/uploads\/2026\/03\/8-1-1024x619.jpg 1024w, https:\/\/mpcid.gov.gn\/wp-content\/uploads\/2026\/03\/8-1-768x464.jpg 768w, https:\/\/mpcid.gov.gn\/wp-content\/uploads\/2026\/03\/8-1.jpg 1080w\" sizes=\"(max-width: 500px) 85vw, 500px\" \/> <img loading=\"lazy\" decoding=\"async\" class=\"alignnone size-medium wp-image-19085\" src=\"https:\/\/mpcid.gov.gn\/wp-content\/uploads\/2026\/03\/10-1-500x319.jpg\" alt=\"\" width=\"500\" height=\"319\" srcset=\"https:\/\/mpcid.gov.gn\/wp-content\/uploads\/2026\/03\/10-1-500x319.jpg 500w, https:\/\/mpcid.gov.gn\/wp-content\/uploads\/2026\/03\/10-1-1024x652.jpg 1024w, https:\/\/mpcid.gov.gn\/wp-content\/uploads\/2026\/03\/10-1-768x489.jpg 768w, https:\/\/mpcid.gov.gn\/wp-content\/uploads\/2026\/03\/10-1.jpg 1080w\" sizes=\"(max-width: 500px) 85vw, 500px\" \/> <img loading=\"lazy\" decoding=\"async\" class=\"alignnone size-medium wp-image-19089\" src=\"https:\/\/mpcid.gov.gn\/wp-content\/uploads\/2026\/03\/14-1-500x333.jpg\" alt=\"\" width=\"500\" height=\"333\" srcset=\"https:\/\/mpcid.gov.gn\/wp-content\/uploads\/2026\/03\/14-1-500x333.jpg 500w, https:\/\/mpcid.gov.gn\/wp-content\/uploads\/2026\/03\/14-1-1024x683.jpg 1024w, https:\/\/mpcid.gov.gn\/wp-content\/uploads\/2026\/03\/14-1-768x512.jpg 768w, https:\/\/mpcid.gov.gn\/wp-content\/uploads\/2026\/03\/14-1.jpg 1080w\" sizes=\"(max-width: 500px) 85vw, 500px\" \/> <img loading=\"lazy\" decoding=\"async\" class=\"alignnone size-medium wp-image-19087\" src=\"https:\/\/mpcid.gov.gn\/wp-content\/uploads\/2026\/03\/12-1-500x333.jpg\" alt=\"\" width=\"500\" height=\"333\" srcset=\"https:\/\/mpcid.gov.gn\/wp-content\/uploads\/2026\/03\/12-1-500x333.jpg 500w, https:\/\/mpcid.gov.gn\/wp-content\/uploads\/2026\/03\/12-1-1024x683.jpg 1024w, https:\/\/mpcid.gov.gn\/wp-content\/uploads\/2026\/03\/12-1-768x512.jpg 768w, https:\/\/mpcid.gov.gn\/wp-content\/uploads\/2026\/03\/12-1.jpg 1080w\" sizes=\"(max-width: 500px) 85vw, 500px\" \/> <img loading=\"lazy\" decoding=\"async\" class=\"alignnone size-medium wp-image-19092\" src=\"https:\/\/mpcid.gov.gn\/wp-content\/uploads\/2026\/03\/17-500x333.jpg\" alt=\"\" width=\"500\" height=\"333\" srcset=\"https:\/\/mpcid.gov.gn\/wp-content\/uploads\/2026\/03\/17-500x333.jpg 500w, https:\/\/mpcid.gov.gn\/wp-content\/uploads\/2026\/03\/17-1024x683.jpg 1024w, https:\/\/mpcid.gov.gn\/wp-content\/uploads\/2026\/03\/17-768x512.jpg 768w, https:\/\/mpcid.gov.gn\/wp-content\/uploads\/2026\/03\/17.jpg 1080w\" sizes=\"(max-width: 500px) 85vw, 500px\" \/> <img loading=\"lazy\" decoding=\"async\" class=\"alignnone size-medium wp-image-19091\" src=\"https:\/\/mpcid.gov.gn\/wp-content\/uploads\/2026\/03\/16-1-500x333.jpg\" alt=\"\" width=\"500\" height=\"333\" srcset=\"https:\/\/mpcid.gov.gn\/wp-content\/uploads\/2026\/03\/16-1-500x333.jpg 500w, https:\/\/mpcid.gov.gn\/wp-content\/uploads\/2026\/03\/16-1-1024x683.jpg 1024w, https:\/\/mpcid.gov.gn\/wp-content\/uploads\/2026\/03\/16-1-768x512.jpg 768w, https:\/\/mpcid.gov.gn\/wp-content\/uploads\/2026\/03\/16-1.jpg 1080w\" sizes=\"(max-width: 500px) 85vw, 500px\" \/> <img loading=\"lazy\" decoding=\"async\" class=\"alignnone size-medium wp-image-19088\" src=\"https:\/\/mpcid.gov.gn\/wp-content\/uploads\/2026\/03\/13-1-500x333.jpg\" alt=\"\" width=\"500\" height=\"333\" srcset=\"https:\/\/mpcid.gov.gn\/wp-content\/uploads\/2026\/03\/13-1-500x333.jpg 500w, https:\/\/mpcid.gov.gn\/wp-content\/uploads\/2026\/03\/13-1-1024x683.jpg 1024w, https:\/\/mpcid.gov.gn\/wp-content\/uploads\/2026\/03\/13-1-768x512.jpg 768w, https:\/\/mpcid.gov.gn\/wp-content\/uploads\/2026\/03\/13-1.jpg 1080w\" sizes=\"(max-width: 500px) 85vw, 500px\" \/><\/p>\n<p><strong>Une coop\u00e9ration ax\u00e9e sur l\u2019impact et la coordination des actions<\/strong><\/p>\n<p>Pr\u00e9sidant la c\u00e9r\u00e9monie, le Ministre Isma\u00ebl NABE a salu\u00e9 la qualit\u00e9 du partenariat entre le gouvernement guin\u00e9en et le PAM, tout en soulignant l\u2019importance d\u2019une meilleure coordination des initiatives de d\u00e9veloppement men\u00e9es avec les partenaires techniques et financiers.<\/p>\n<p>Selon lui, la signature de cet accord constitue une avanc\u00e9e majeure pour structurer la collaboration entre les institutions nationales et les partenaires internationaux. Elle permettra \u00e9galement de renforcer la coh\u00e9rence et la visibilit\u00e9 des interventions, notamment \u00e0 travers la Direction nationale des Organisations internationales et les diff\u00e9rentes structures techniques du minist\u00e8re.<\/p>\n<p><img loading=\"lazy\" decoding=\"async\" class=\"alignnone size-medium wp-image-19090\" src=\"https:\/\/mpcid.gov.gn\/wp-content\/uploads\/2026\/03\/15-1-333x500.jpg\" alt=\"\" width=\"333\" height=\"500\" srcset=\"https:\/\/mpcid.gov.gn\/wp-content\/uploads\/2026\/03\/15-1-333x500.jpg 333w, https:\/\/mpcid.gov.gn\/wp-content\/uploads\/2026\/03\/15-1-683x1024.jpg 683w, https:\/\/mpcid.gov.gn\/wp-content\/uploads\/2026\/03\/15-1.jpg 720w\" sizes=\"(max-width: 333px) 85vw, 333px\" \/> <img loading=\"lazy\" decoding=\"async\" class=\"alignnone size-medium wp-image-19079\" src=\"https:\/\/mpcid.gov.gn\/wp-content\/uploads\/2026\/03\/4-1-500x333.jpg\" alt=\"\" width=\"500\" height=\"333\" srcset=\"https:\/\/mpcid.gov.gn\/wp-content\/uploads\/2026\/03\/4-1-500x333.jpg 500w, https:\/\/mpcid.gov.gn\/wp-content\/uploads\/2026\/03\/4-1-1024x683.jpg 1024w, https:\/\/mpcid.gov.gn\/wp-content\/uploads\/2026\/03\/4-1-768x512.jpg 768w, https:\/\/mpcid.gov.gn\/wp-content\/uploads\/2026\/03\/4-1.jpg 1080w\" sizes=\"(max-width: 500px) 85vw, 500px\" \/><\/p>\n<p>Le Ministre NABE a ainsi r\u00e9affirm\u00e9 l\u2019engagement du gouvernement \u00e0 promouvoir des projets \u00e0 fort impact social et \u00e9conomique, capables de r\u00e9pondre aux besoins d\u2019une population en constante croissance. Dans cette perspective, il a insist\u00e9 sur la n\u00e9cessit\u00e9 d\u2019une planification strat\u00e9gique rigoureuse afin d\u2019accompagner le d\u00e9veloppement du pays.<\/p>\n<p><strong>La nutrition scolaire au c\u0153ur des priorit\u00e9s<\/strong><\/p>\n<p>Parmi les axes majeurs de la coop\u00e9ration figure le renforcement des programmes de cantines scolaires, consid\u00e9r\u00e9s comme un levier essentiel pour am\u00e9liorer la nutrition des enfants et soutenir leur r\u00e9ussite \u00e9ducative.<\/p>\n<p>Le Ministre NABE a rappel\u00e9 que ces programmes s\u2019inscrivent dans une strat\u00e9gie nationale plus large visant \u00e0 renforcer le capital humain. \u00c0 cet effet, la task force nationale d\u00e9di\u00e9e aux cantines scolaires sera prochainement activ\u00e9e afin de mobiliser l\u2019ensemble des acteurs concern\u00e9s et d\u2019acc\u00e9l\u00e9rer la mise en \u0153uvre des initiatives dans ce domaine. Le gouvernement entend travailler en \u00e9troite collaboration avec plusieurs partenaires internationaux, notamment la Banque mondiale, le Fonds mon\u00e9taire international (FMI) et la BID, afin de mobiliser les ressources n\u00e9cessaires au financement durable de ces programmes.<\/p>\n<p><img loading=\"lazy\" decoding=\"async\" class=\"alignnone size-medium wp-image-19080\" src=\"https:\/\/mpcid.gov.gn\/wp-content\/uploads\/2026\/03\/5-1-369x500.jpg\" alt=\"\" width=\"369\" height=\"500\" srcset=\"https:\/\/mpcid.gov.gn\/wp-content\/uploads\/2026\/03\/5-1-369x500.jpg 369w, https:\/\/mpcid.gov.gn\/wp-content\/uploads\/2026\/03\/5-1-757x1024.jpg 757w, https:\/\/mpcid.gov.gn\/wp-content\/uploads\/2026\/03\/5-1-768x1039.jpg 768w, https:\/\/mpcid.gov.gn\/wp-content\/uploads\/2026\/03\/5-1.jpg 798w\" sizes=\"(max-width: 369px) 85vw, 369px\" \/> <img loading=\"lazy\" decoding=\"async\" class=\"alignnone size-medium wp-image-19082\" src=\"https:\/\/mpcid.gov.gn\/wp-content\/uploads\/2026\/03\/7-1-333x500.jpg\" alt=\"\" width=\"333\" height=\"500\" srcset=\"https:\/\/mpcid.gov.gn\/wp-content\/uploads\/2026\/03\/7-1-333x500.jpg 333w, https:\/\/mpcid.gov.gn\/wp-content\/uploads\/2026\/03\/7-1-683x1024.jpg 683w, https:\/\/mpcid.gov.gn\/wp-content\/uploads\/2026\/03\/7-1.jpg 696w\" sizes=\"(max-width: 333px) 85vw, 333px\" \/><\/p>\n<p><strong>Vers une autosuffisance alimentaire durable<\/strong><\/p>\n<p>Au cours des \u00e9changes, le Ministre Isma\u00ebl NABE a \u00e9galement soulign\u00e9 la n\u00e9cessit\u00e9 d\u2019aller au-del\u00e0 de l\u2019assistance alimentaire traditionnelle pour promouvoir des solutions durables favorisant l\u2019autosuffisance alimentaire. Dans cette optique, il a plaid\u00e9 pour un renforcement des capacit\u00e9s nationales de production agricole, notamment dans la fili\u00e8re rizicole. Selon lui, l\u2019objectif du gouvernement n\u2019est pas seulement de recevoir une aide alimentaire ponctuelle, mais surtout de d\u00e9velopper des comp\u00e9tences et des technologies permettant d\u2019accro\u00eetre la production locale. \u00ab\u00a0Notre ambition n\u2019est pas seulement de recevoir du riz, mais d\u2019apprendre \u00e0 produire davantage localement. La production rizicole peut devenir un v\u00e9ritable moteur du d\u00e9veloppement agricole et \u00e9conomique de notre pays \u00bb, a-t-il d\u00e9clar\u00e9.<\/p>\n<p><strong>Capitaliser sur les initiatives r\u00e9ussies<\/strong><\/p>\n<p>Enfin, le Ministre Isma\u00ebl NABE a exprim\u00e9 la volont\u00e9 du gouvernement de capitaliser sur certaines exp\u00e9riences r\u00e9ussies, notamment l\u2019initiative \u00ab\u00a0Faim Z\u00e9ro\u00a0\u00bb mise en \u0153uvre \u00e0 Nieh (N\u2019Z\u00e9r\u00e9kor\u00e9). L\u2019objectif est d\u2019identifier d\u2019autres pr\u00e9fectures afin de reproduire ces mod\u00e8les de d\u00e9veloppement \u00e0 plus grande \u00e9chelle et de renforcer l\u2019impact des programmes sur le terrain.<\/p>\n<p><img loading=\"lazy\" decoding=\"async\" class=\"alignnone size-medium wp-image-19078\" src=\"https:\/\/mpcid.gov.gn\/wp-content\/uploads\/2026\/03\/3-1-500x333.jpg\" alt=\"\" width=\"500\" height=\"333\" srcset=\"https:\/\/mpcid.gov.gn\/wp-content\/uploads\/2026\/03\/3-1-500x333.jpg 500w, https:\/\/mpcid.gov.gn\/wp-content\/uploads\/2026\/03\/3-1-1024x683.jpg 1024w, https:\/\/mpcid.gov.gn\/wp-content\/uploads\/2026\/03\/3-1-768x512.jpg 768w, https:\/\/mpcid.gov.gn\/wp-content\/uploads\/2026\/03\/3-1.jpg 1080w\" sizes=\"(max-width: 500px) 85vw, 500px\" \/> <img loading=\"lazy\" decoding=\"async\" class=\"alignnone size-medium wp-image-19076\" src=\"https:\/\/mpcid.gov.gn\/wp-content\/uploads\/2026\/03\/2-1-500x369.jpg\" alt=\"\" width=\"500\" height=\"369\" srcset=\"https:\/\/mpcid.gov.gn\/wp-content\/uploads\/2026\/03\/2-1-500x369.jpg 500w, https:\/\/mpcid.gov.gn\/wp-content\/uploads\/2026\/03\/2-1-1024x757.jpg 1024w, https:\/\/mpcid.gov.gn\/wp-content\/uploads\/2026\/03\/2-1-768x567.jpg 768w, https:\/\/mpcid.gov.gn\/wp-content\/uploads\/2026\/03\/2-1.jpg 1080w\" sizes=\"(max-width: 500px) 85vw, 500px\" \/> <img loading=\"lazy\" decoding=\"async\" class=\"alignnone size-medium wp-image-19077\" src=\"https:\/\/mpcid.gov.gn\/wp-content\/uploads\/2026\/03\/1-1-500x283.jpg\" alt=\"\" width=\"500\" height=\"283\" srcset=\"https:\/\/mpcid.gov.gn\/wp-content\/uploads\/2026\/03\/1-1-500x283.jpg 500w, https:\/\/mpcid.gov.gn\/wp-content\/uploads\/2026\/03\/1-1-1024x579.jpg 1024w, https:\/\/mpcid.gov.gn\/wp-content\/uploads\/2026\/03\/1-1-768x434.jpg 768w, https:\/\/mpcid.gov.gn\/wp-content\/uploads\/2026\/03\/1-1.jpg 1080w\" sizes=\"(max-width: 500px) 85vw, 500px\" \/><\/p>\n<p>\u00c0 travers la signature de ce m\u00e9morandum d\u2019entente, le Gouvernement guin\u00e9en et le Programme Alimentaire Mondial r\u00e9affirment ainsi leur engagement commun \u00e0 \u0153uvrer pour une s\u00e9curit\u00e9 alimentaire durable, une meilleure nutrition des populations et un d\u00e9veloppement inclusif au b\u00e9n\u00e9fice de l\u2019ensemble des citoyens de Guinea.<\/p>\n","protected":false},"excerpt":{"rendered":"<p>Conakry, le 5 mars 2026-Le Gouvernement guin\u00e9en, \u00e0 travers le Minist\u00e8re du Plan, de la Coop\u00e9ration internationale et du D\u00e9veloppement, et le Programme Alimentaire Mondial (PAM) ont proc\u00e9d\u00e9 \u00e0 la signature d\u2019un m\u00e9morandum d\u2019entente (MOU) visant \u00e0 consolider leur coop\u00e9ration dans les domaines de la s\u00e9curit\u00e9 alimentaire, de la nutrition et du d\u00e9veloppement du capital &hellip; <a href=\"https:\/\/mpcid.gov.gn\/index.php\/cooperation-internationale-la-guinee-et-le-pam-renforcent-leur-partenariat-strategique\/\" class=\"more-link\">Continue reading<span class=\"screen-reader-text\"> \u00ab\u00a0Coop\u00e9ration internationale : la Guin\u00e9e et le PAM renforcent leur partenariat strat\u00e9gique\u00a0\u00bb<\/span><\/a><\/p>\n","protected":false},"author":20,"featured_media":19076,"comment_status":"closed","ping_status":"closed","sticky":false,"template":"","format":"standard","meta":{"footnotes":""},"categories":[63],"tags":[],"class_list":["post-19075","post","type-post","status-publish","format-standard","has-post-thumbnail","hentry","category-actualites"],"yoast_head":"<!-- This site is optimized with the Yoast SEO plugin v27.5 - https:\/\/yoast.com\/product\/yoast-seo-wordpress\/ -->\n<title>Coop\u00e9ration internationale : la Guin\u00e9e et le PAM renforcent leur partenariat strat\u00e9gique - MPCI<\/title>\n<meta name=\"robots\" content=\"index, follow, max-snippet:-1, max-image-preview:large, max-video-preview:-1\" \/>\n<link rel=\"canonical\" href=\"https:\/\/mpcid.gov.gn\/index.php\/cooperation-internationale-la-guinee-et-le-pam-renforcent-leur-partenariat-strategique\/\" \/>\n<meta property=\"og:locale\" content=\"fr_FR\" \/>\n<meta property=\"og:type\" content=\"article\" \/>\n<meta property=\"og:title\" content=\"Coop\u00e9ration internationale : la Guin\u00e9e et le PAM renforcent leur partenariat strat\u00e9gique - MPCI\" \/>\n<meta property=\"og:description\" content=\"Conakry, le 5 mars 2026-Le Gouvernement guin\u00e9en, \u00e0 travers le Minist\u00e8re du Plan, de la Coop\u00e9ration internationale et du D\u00e9veloppement, et le Programme Alimentaire Mondial (PAM) ont proc\u00e9d\u00e9 \u00e0 la signature d\u2019un m\u00e9morandum d\u2019entente (MOU) visant \u00e0 consolider leur coop\u00e9ration dans les domaines de la s\u00e9curit\u00e9 alimentaire, de la nutrition et du d\u00e9veloppement du capital &hellip; Continue reading &quot;Coop\u00e9ration internationale : la Guin\u00e9e et le PAM renforcent leur partenariat strat\u00e9gique&quot;\" \/>\n<meta property=\"og:url\" content=\"https:\/\/mpcid.gov.gn\/index.php\/cooperation-internationale-la-guinee-et-le-pam-renforcent-leur-partenariat-strategique\/\" \/>\n<meta property=\"og:site_name\" content=\"MPCI\" \/>\n<meta property=\"article:publisher\" content=\"https:\/\/www.facebook.com\/MPCIGN\" \/>\n<meta property=\"article:published_time\" content=\"2026-03-06T06:51:17+00:00\" \/>\n<meta property=\"og:image\" content=\"https:\/\/mpcid.gov.gn\/wp-content\/uploads\/2026\/03\/2-1.jpg\" \/>\n\t<meta property=\"og:image:width\" content=\"1080\" \/>\n\t<meta property=\"og:image:height\" content=\"798\" \/>\n\t<meta property=\"og:image:type\" content=\"image\/jpeg\" \/>\n<meta name=\"author\" content=\"Service Communication\" \/>\n<meta name=\"twitter:card\" content=\"summary_large_image\" \/>\n<meta name=\"twitter:creator\" content=\"@MpciGov\" \/>\n<meta name=\"twitter:site\" content=\"@MpciGov\" \/>\n<meta name=\"twitter:label1\" content=\"\u00c9crit par\" \/>\n\t<meta name=\"twitter:data1\" content=\"Service Communication\" \/>\n\t<meta name=\"twitter:label2\" content=\"Dur\u00e9e de lecture estim\u00e9e\" \/>\n\t<meta name=\"twitter:data2\" content=\"6 minutes\" \/>\n<script type=\"application\/ld+json\" class=\"yoast-schema-graph\">{\"@context\":\"https:\\\/\\\/schema.org\",\"@graph\":[{\"@type\":\"Article\",\"@id\":\"https:\\\/\\\/mpcid.gov.gn\\\/index.php\\\/cooperation-internationale-la-guinee-et-le-pam-renforcent-leur-partenariat-strategique\\\/#article\",\"isPartOf\":{\"@id\":\"https:\\\/\\\/mpcid.gov.gn\\\/index.php\\\/cooperation-internationale-la-guinee-et-le-pam-renforcent-leur-partenariat-strategique\\\/\"},\"author\":{\"name\":\"Service Communication\",\"@id\":\"https:\\\/\\\/mpcid.gov.gn\\\/#\\\/schema\\\/person\\\/070aeea8fafd7a7e5a037505652abbee\"},\"headline\":\"Coop\u00e9ration internationale : la Guin\u00e9e et le PAM renforcent leur partenariat strat\u00e9gique\",\"datePublished\":\"2026-03-06T06:51:17+00:00\",\"mainEntityOfPage\":{\"@id\":\"https:\\\/\\\/mpcid.gov.gn\\\/index.php\\\/cooperation-internationale-la-guinee-et-le-pam-renforcent-leur-partenariat-strategique\\\/\"},\"wordCount\":672,\"publisher\":{\"@id\":\"https:\\\/\\\/mpcid.gov.gn\\\/#organization\"},\"image\":{\"@id\":\"https:\\\/\\\/mpcid.gov.gn\\\/index.php\\\/cooperation-internationale-la-guinee-et-le-pam-renforcent-leur-partenariat-strategique\\\/#primaryimage\"},\"thumbnailUrl\":\"https:\\\/\\\/mpcid.gov.gn\\\/wp-content\\\/uploads\\\/2026\\\/03\\\/2-1.jpg\",\"articleSection\":[\"Actualit\u00e9s\"],\"inLanguage\":\"fr-FR\"},{\"@type\":\"WebPage\",\"@id\":\"https:\\\/\\\/mpcid.gov.gn\\\/index.php\\\/cooperation-internationale-la-guinee-et-le-pam-renforcent-leur-partenariat-strategique\\\/\",\"url\":\"https:\\\/\\\/mpcid.gov.gn\\\/index.php\\\/cooperation-internationale-la-guinee-et-le-pam-renforcent-leur-partenariat-strategique\\\/\",\"name\":\"Coop\u00e9ration internationale : la Guin\u00e9e et le PAM renforcent leur partenariat strat\u00e9gique - MPCI\",\"isPartOf\":{\"@id\":\"https:\\\/\\\/mpcid.gov.gn\\\/#website\"},\"primaryImageOfPage\":{\"@id\":\"https:\\\/\\\/mpcid.gov.gn\\\/index.php\\\/cooperation-internationale-la-guinee-et-le-pam-renforcent-leur-partenariat-strategique\\\/#primaryimage\"},\"image\":{\"@id\":\"https:\\\/\\\/mpcid.gov.gn\\\/index.php\\\/cooperation-internationale-la-guinee-et-le-pam-renforcent-leur-partenariat-strategique\\\/#primaryimage\"},\"thumbnailUrl\":\"https:\\\/\\\/mpcid.gov.gn\\\/wp-content\\\/uploads\\\/2026\\\/03\\\/2-1.jpg\",\"datePublished\":\"2026-03-06T06:51:17+00:00\",\"breadcrumb\":{\"@id\":\"https:\\\/\\\/mpcid.gov.gn\\\/index.php\\\/cooperation-internationale-la-guinee-et-le-pam-renforcent-leur-partenariat-strategique\\\/#breadcrumb\"},\"inLanguage\":\"fr-FR\",\"potentialAction\":[{\"@type\":\"ReadAction\",\"target\":[\"https:\\\/\\\/mpcid.gov.gn\\\/index.php\\\/cooperation-internationale-la-guinee-et-le-pam-renforcent-leur-partenariat-strategique\\\/\"]}]},{\"@type\":\"ImageObject\",\"inLanguage\":\"fr-FR\",\"@id\":\"https:\\\/\\\/mpcid.gov.gn\\\/index.php\\\/cooperation-internationale-la-guinee-et-le-pam-renforcent-leur-partenariat-strategique\\\/#primaryimage\",\"url\":\"https:\\\/\\\/mpcid.gov.gn\\\/wp-content\\\/uploads\\\/2026\\\/03\\\/2-1.jpg\",\"contentUrl\":\"https:\\\/\\\/mpcid.gov.gn\\\/wp-content\\\/uploads\\\/2026\\\/03\\\/2-1.jpg\",\"width\":1080,\"height\":798},{\"@type\":\"BreadcrumbList\",\"@id\":\"https:\\\/\\\/mpcid.gov.gn\\\/index.php\\\/cooperation-internationale-la-guinee-et-le-pam-renforcent-leur-partenariat-strategique\\\/#breadcrumb\",\"itemListElement\":[{\"@type\":\"ListItem\",\"position\":1,\"name\":\"Accueil\",\"item\":\"https:\\\/\\\/mpcid.gov.gn\\\/\"},{\"@type\":\"ListItem\",\"position\":2,\"name\":\"Coop\u00e9ration internationale : la Guin\u00e9e et le PAM renforcent leur partenariat strat\u00e9gique\"}]},{\"@type\":\"WebSite\",\"@id\":\"https:\\\/\\\/mpcid.gov.gn\\\/#website\",\"url\":\"https:\\\/\\\/mpcid.gov.gn\\\/\",\"name\":\"https:\\\/\\\/mpcid.gov.gn\\\/\",\"description\":\"Minist\u00e8re du Plan et de la Coop\u00e9ration Internationale\",\"publisher\":{\"@id\":\"https:\\\/\\\/mpcid.gov.gn\\\/#organization\"},\"potentialAction\":[{\"@type\":\"SearchAction\",\"target\":{\"@type\":\"EntryPoint\",\"urlTemplate\":\"https:\\\/\\\/mpcid.gov.gn\\\/?s={search_term_string}\"},\"query-input\":{\"@type\":\"PropertyValueSpecification\",\"valueRequired\":true,\"valueName\":\"search_term_string\"}}],\"inLanguage\":\"fr-FR\"},{\"@type\":\"Organization\",\"@id\":\"https:\\\/\\\/mpcid.gov.gn\\\/#organization\",\"name\":\"Minist\u00e8re du Plan et de la Coop\u00e9ration Internationale - MPCI\",\"url\":\"https:\\\/\\\/mpcid.gov.gn\\\/\",\"logo\":{\"@type\":\"ImageObject\",\"inLanguage\":\"fr-FR\",\"@id\":\"https:\\\/\\\/mpcid.gov.gn\\\/#\\\/schema\\\/logo\\\/image\\\/\",\"url\":\"https:\\\/\\\/mpcid.gov.gn\\\/wp-content\\\/uploads\\\/2023\\\/10\\\/Ministere-du-Plan-et-de-la-Cooperation-Internationale-MPCI.jpg\",\"contentUrl\":\"https:\\\/\\\/mpcid.gov.gn\\\/wp-content\\\/uploads\\\/2023\\\/10\\\/Ministere-du-Plan-et-de-la-Cooperation-Internationale-MPCI.jpg\",\"width\":462,\"height\":462,\"caption\":\"Minist\u00e8re du Plan et de la Coop\u00e9ration Internationale - MPCI\"},\"image\":{\"@id\":\"https:\\\/\\\/mpcid.gov.gn\\\/#\\\/schema\\\/logo\\\/image\\\/\"},\"sameAs\":[\"https:\\\/\\\/www.facebook.com\\\/MPCIGN\",\"https:\\\/\\\/x.com\\\/MpciGov\"]},{\"@type\":\"Person\",\"@id\":\"https:\\\/\\\/mpcid.gov.gn\\\/#\\\/schema\\\/person\\\/070aeea8fafd7a7e5a037505652abbee\",\"name\":\"Service Communication\",\"sameAs\":[\"http:\\\/\\\/Service-com\"],\"url\":\"https:\\\/\\\/mpcid.gov.gn\\\/index.php\\\/author\\\/service-com\\\/\"}]}<\/script>\n<!-- \/ Yoast SEO plugin. -->","yoast_head_json":{"title":"Coop\u00e9ration internationale : la Guin\u00e9e et le PAM renforcent leur partenariat strat\u00e9gique - MPCI","robots":{"index":"index","follow":"follow","max-snippet":"max-snippet:-1","max-image-preview":"max-image-preview:large","max-video-preview":"max-video-preview:-1"},"canonical":"https:\/\/mpcid.gov.gn\/index.php\/cooperation-internationale-la-guinee-et-le-pam-renforcent-leur-partenariat-strategique\/","og_locale":"fr_FR","og_type":"article","og_title":"Coop\u00e9ration internationale : la Guin\u00e9e et le PAM renforcent leur partenariat strat\u00e9gique - MPCI","og_description":"Conakry, le 5 mars 2026-Le Gouvernement guin\u00e9en, \u00e0 travers le Minist\u00e8re du Plan, de la Coop\u00e9ration internationale et du D\u00e9veloppement, et le Programme Alimentaire Mondial (PAM) ont proc\u00e9d\u00e9 \u00e0 la signature d\u2019un m\u00e9morandum d\u2019entente (MOU) visant \u00e0 consolider leur coop\u00e9ration dans les domaines de la s\u00e9curit\u00e9 alimentaire, de la nutrition et du d\u00e9veloppement du capital &hellip; Continue reading \"Coop\u00e9ration internationale : la Guin\u00e9e et le PAM renforcent leur partenariat strat\u00e9gique\"","og_url":"https:\/\/mpcid.gov.gn\/index.php\/cooperation-internationale-la-guinee-et-le-pam-renforcent-leur-partenariat-strategique\/","og_site_name":"MPCI","article_publisher":"https:\/\/www.facebook.com\/MPCIGN","article_published_time":"2026-03-06T06:51:17+00:00","og_image":[{"width":1080,"height":798,"url":"https:\/\/mpcid.gov.gn\/wp-content\/uploads\/2026\/03\/2-1.jpg","type":"image\/jpeg"}],"author":"Service Communication","twitter_card":"summary_large_image","twitter_creator":"@MpciGov","twitter_site":"@MpciGov","twitter_misc":{"\u00c9crit par":"Service Communication","Dur\u00e9e de lecture estim\u00e9e":"6 minutes"},"schema":{"@context":"https:\/\/schema.org","@graph":[{"@type":"Article","@id":"https:\/\/mpcid.gov.gn\/index.php\/cooperation-internationale-la-guinee-et-le-pam-renforcent-leur-partenariat-strategique\/#article","isPartOf":{"@id":"https:\/\/mpcid.gov.gn\/index.php\/cooperation-internationale-la-guinee-et-le-pam-renforcent-leur-partenariat-strategique\/"},"author":{"name":"Service Communication","@id":"https:\/\/mpcid.gov.gn\/#\/schema\/person\/070aeea8fafd7a7e5a037505652abbee"},"headline":"Coop\u00e9ration internationale : la Guin\u00e9e et le PAM renforcent leur partenariat strat\u00e9gique","datePublished":"2026-03-06T06:51:17+00:00","mainEntityOfPage":{"@id":"https:\/\/mpcid.gov.gn\/index.php\/cooperation-internationale-la-guinee-et-le-pam-renforcent-leur-partenariat-strategique\/"},"wordCount":672,"publisher":{"@id":"https:\/\/mpcid.gov.gn\/#organization"},"image":{"@id":"https:\/\/mpcid.gov.gn\/index.php\/cooperation-internationale-la-guinee-et-le-pam-renforcent-leur-partenariat-strategique\/#primaryimage"},"thumbnailUrl":"https:\/\/mpcid.gov.gn\/wp-content\/uploads\/2026\/03\/2-1.jpg","articleSection":["Actualit\u00e9s"],"inLanguage":"fr-FR"},{"@type":"WebPage","@id":"https:\/\/mpcid.gov.gn\/index.php\/cooperation-internationale-la-guinee-et-le-pam-renforcent-leur-partenariat-strategique\/","url":"https:\/\/mpcid.gov.gn\/index.php\/cooperation-internationale-la-guinee-et-le-pam-renforcent-leur-partenariat-strategique\/","name":"Coop\u00e9ration internationale : la Guin\u00e9e et le PAM renforcent leur partenariat strat\u00e9gique - MPCI","isPartOf":{"@id":"https:\/\/mpcid.gov.gn\/#website"},"primaryImageOfPage":{"@id":"https:\/\/mpcid.gov.gn\/index.php\/cooperation-internationale-la-guinee-et-le-pam-renforcent-leur-partenariat-strategique\/#primaryimage"},"image":{"@id":"https:\/\/mpcid.gov.gn\/index.php\/cooperation-internationale-la-guinee-et-le-pam-renforcent-leur-partenariat-strategique\/#primaryimage"},"thumbnailUrl":"https:\/\/mpcid.gov.gn\/wp-content\/uploads\/2026\/03\/2-1.jpg","datePublished":"2026-03-06T06:51:17+00:00","breadcrumb":{"@id":"https:\/\/mpcid.gov.gn\/index.php\/cooperation-internationale-la-guinee-et-le-pam-renforcent-leur-partenariat-strategique\/#breadcrumb"},"inLanguage":"fr-FR","potentialAction":[{"@type":"ReadAction","target":["https:\/\/mpcid.gov.gn\/index.php\/cooperation-internationale-la-guinee-et-le-pam-renforcent-leur-partenariat-strategique\/"]}]},{"@type":"ImageObject","inLanguage":"fr-FR","@id":"https:\/\/mpcid.gov.gn\/index.php\/cooperation-internationale-la-guinee-et-le-pam-renforcent-leur-partenariat-strategique\/#primaryimage","url":"https:\/\/mpcid.gov.gn\/wp-content\/uploads\/2026\/03\/2-1.jpg","contentUrl":"https:\/\/mpcid.gov.gn\/wp-content\/uploads\/2026\/03\/2-1.jpg","width":1080,"height":798},{"@type":"BreadcrumbList","@id":"https:\/\/mpcid.gov.gn\/index.php\/cooperation-internationale-la-guinee-et-le-pam-renforcent-leur-partenariat-strategique\/#breadcrumb","itemListElement":[{"@type":"ListItem","position":1,"name":"Accueil","item":"https:\/\/mpcid.gov.gn\/"},{"@type":"ListItem","position":2,"name":"Coop\u00e9ration internationale : la Guin\u00e9e et le PAM renforcent leur partenariat strat\u00e9gique"}]},{"@type":"WebSite","@id":"https:\/\/mpcid.gov.gn\/#website","url":"https:\/\/mpcid.gov.gn\/","name":"https:\/\/mpcid.gov.gn\/","description":"Minist\u00e8re du Plan et de la Coop\u00e9ration Internationale","publisher":{"@id":"https:\/\/mpcid.gov.gn\/#organization"},"potentialAction":[{"@type":"SearchAction","target":{"@type":"EntryPoint","urlTemplate":"https:\/\/mpcid.gov.gn\/?s={search_term_string}"},"query-input":{"@type":"PropertyValueSpecification","valueRequired":true,"valueName":"search_term_string"}}],"inLanguage":"fr-FR"},{"@type":"Organization","@id":"https:\/\/mpcid.gov.gn\/#organization","name":"Minist\u00e8re du Plan et de la Coop\u00e9ration Internationale - MPCI","url":"https:\/\/mpcid.gov.gn\/","logo":{"@type":"ImageObject","inLanguage":"fr-FR","@id":"https:\/\/mpcid.gov.gn\/#\/schema\/logo\/image\/","url":"https:\/\/mpcid.gov.gn\/wp-content\/uploads\/2023\/10\/Ministere-du-Plan-et-de-la-Cooperation-Internationale-MPCI.jpg","contentUrl":"https:\/\/mpcid.gov.gn\/wp-content\/uploads\/2023\/10\/Ministere-du-Plan-et-de-la-Cooperation-Internationale-MPCI.jpg","width":462,"height":462,"caption":"Minist\u00e8re du Plan et de la Coop\u00e9ration Internationale - MPCI"},"image":{"@id":"https:\/\/mpcid.gov.gn\/#\/schema\/logo\/image\/"},"sameAs":["https:\/\/www.facebook.com\/MPCIGN","https:\/\/x.com\/MpciGov"]},{"@type":"Person","@id":"https:\/\/mpcid.gov.gn\/#\/schema\/person\/070aeea8fafd7a7e5a037505652abbee","name":"Service Communication","sameAs":["http:\/\/Service-com"],"url":"https:\/\/mpcid.gov.gn\/index.php\/author\/service-com\/"}]}},"_links":{"self":[{"href":"https:\/\/mpcid.gov.gn\/index.php\/wp-json\/wp\/v2\/posts\/19075","targetHints":{"allow":["GET"]}}],"collection":[{"href":"https:\/\/mpcid.gov.gn\/index.php\/wp-json\/wp\/v2\/posts"}],"about":[{"href":"https:\/\/mpcid.gov.gn\/index.php\/wp-json\/wp\/v2\/types\/post"}],"author":[{"embeddable":true,"href":"https:\/\/mpcid.gov.gn\/index.php\/wp-json\/wp\/v2\/users\/20"}],"replies":[{"embeddable":true,"href":"https:\/\/mpcid.gov.gn\/index.php\/wp-json\/wp\/v2\/comments?post=19075"}],"version-history":[{"count":0,"href":"https:\/\/mpcid.gov.gn\/index.php\/wp-json\/wp\/v2\/posts\/19075\/revisions"}],"wp:featuredmedia":[{"embeddable":true,"href":"https:\/\/mpcid.gov.gn\/index.php\/wp-json\/wp\/v2\/media\/19076"}],"wp:attachment":[{"href":"https:\/\/mpcid.gov.gn\/index.php\/wp-json\/wp\/v2\/media?parent=19075"}],"wp:term":[{"taxonomy":"category","embeddable":true,"href":"https:\/\/mpcid.gov.gn\/index.php\/wp-json\/wp\/v2\/categories?post=19075"},{"taxonomy":"post_tag","embeddable":true,"href":"https:\/\/mpcid.gov.gn\/index.php\/wp-json\/wp\/v2\/tags?post=19075"}],"curies":[{"name":"wp","href":"https:\/\/api.w.org\/{rel}","templated":true}]}}