{"id":19008,"date":"2026-02-25T15:30:43","date_gmt":"2026-02-25T15:30:43","guid":{"rendered":"https:\/\/mpcid.gov.gn\/?p=19008"},"modified":"2026-02-26T23:29:50","modified_gmt":"2026-02-26T23:29:50","slug":"publication-des-resultats-preliminaires-du-rgph-4-voici-le-discours-prononce-par-le-ministre-du-plan-de-la-cooperation-internationale-et-du-developpement-ismael-nabe","status":"publish","type":"post","link":"https:\/\/mpcid.gov.gn\/index.php\/publication-des-resultats-preliminaires-du-rgph-4-voici-le-discours-prononce-par-le-ministre-du-plan-de-la-cooperation-internationale-et-du-developpement-ismael-nabe\/","title":{"rendered":"Publication des r\u00e9sultats pr\u00e9liminaires du RGPH-4 : Voici le discours prononc\u00e9 par le Ministre du Plan, de la Coop\u00e9ration internationale et du D\u00e9veloppement, Isma\u00ebl NABE"},"content":{"rendered":"<p><a href=\"https:\/\/mpcid.gov.gn\/wp-content\/uploads\/2026\/02\/Discours-du-MPCID-lors-de-la-presentation-des-resultats-preliminaires-du-RGPH-4.pdf\">Discours du MPCID lors de la presentation des resultats preliminaires du RGPH-4<\/a><\/p>\n","protected":false},"excerpt":{"rendered":"<p>Discours du MPCID lors de la presentation des resultats preliminaires du RGPH-4<\/p>\n","protected":false},"author":20,"featured_media":18963,"comment_status":"closed","ping_status":"closed","sticky":false,"template":"","format":"standard","meta":{"footnotes":""},"categories":[61],"tags":[],"class_list":["post-19008","post","type-post","status-publish","format-standard","has-post-thumbnail","hentry","category-discours-ministre-ismael-nabe"],"yoast_head":"<!-- This site is optimized with the Yoast SEO plugin v27.5 - https:\/\/yoast.com\/product\/yoast-seo-wordpress\/ -->\n<title>Publication des r\u00e9sultats pr\u00e9liminaires du RGPH-4 : Voici le discours prononc\u00e9 par le Ministre du Plan, de la Coop\u00e9ration internationale et du D\u00e9veloppement, Isma\u00ebl NABE - MPCI<\/title>\n<meta name=\"robots\" content=\"index, follow, max-snippet:-1, max-image-preview:large, max-video-preview:-1\" \/>\n<link rel=\"canonical\" href=\"https:\/\/mpcid.gov.gn\/index.php\/publication-des-resultats-preliminaires-du-rgph-4-voici-le-discours-prononce-par-le-ministre-du-plan-de-la-cooperation-internationale-et-du-developpement-ismael-nabe\/\" \/>\n<meta property=\"og:locale\" content=\"fr_FR\" \/>\n<meta property=\"og:type\" content=\"article\" \/>\n<meta property=\"og:title\" content=\"Publication des r\u00e9sultats pr\u00e9liminaires du RGPH-4 : Voici le discours prononc\u00e9 par le Ministre du Plan, de la Coop\u00e9ration internationale et du D\u00e9veloppement, Isma\u00ebl NABE - MPCI\" \/>\n<meta property=\"og:description\" content=\"Discours du MPCID lors de la presentation des resultats preliminaires du RGPH-4\" \/>\n<meta property=\"og:url\" content=\"https:\/\/mpcid.gov.gn\/index.php\/publication-des-resultats-preliminaires-du-rgph-4-voici-le-discours-prononce-par-le-ministre-du-plan-de-la-cooperation-internationale-et-du-developpement-ismael-nabe\/\" \/>\n<meta property=\"og:site_name\" content=\"MPCI\" \/>\n<meta property=\"article:publisher\" content=\"https:\/\/www.facebook.com\/MPCIGN\" \/>\n<meta property=\"article:published_time\" content=\"2026-02-25T15:30:43+00:00\" \/>\n<meta property=\"article:modified_time\" content=\"2026-02-26T23:29:50+00:00\" \/>\n<meta property=\"og:image\" content=\"https:\/\/mpcid.gov.gn\/wp-content\/uploads\/2026\/02\/9-10.jpg\" \/>\n\t<meta property=\"og:image:width\" content=\"1280\" \/>\n\t<meta property=\"og:image:height\" content=\"853\" \/>\n\t<meta property=\"og:image:type\" content=\"image\/jpeg\" \/>\n<meta name=\"author\" content=\"Service Communication\" \/>\n<meta name=\"twitter:card\" content=\"summary_large_image\" \/>\n<meta name=\"twitter:creator\" content=\"@MpciGov\" \/>\n<meta name=\"twitter:site\" content=\"@MpciGov\" \/>\n<meta name=\"twitter:label1\" content=\"\u00c9crit par\" \/>\n\t<meta name=\"twitter:data1\" content=\"Service Communication\" \/>\n\t<meta name=\"twitter:label2\" content=\"Dur\u00e9e de lecture estim\u00e9e\" \/>\n\t<meta name=\"twitter:data2\" content=\"1 minute\" \/>\n<script type=\"application\/ld+json\" class=\"yoast-schema-graph\">{\"@context\":\"https:\\\/\\\/schema.org\",\"@graph\":[{\"@type\":\"Article\",\"@id\":\"https:\\\/\\\/mpcid.gov.gn\\\/index.php\\\/publication-des-resultats-preliminaires-du-rgph-4-voici-le-discours-prononce-par-le-ministre-du-plan-de-la-cooperation-internationale-et-du-developpement-ismael-nabe\\\/#article\",\"isPartOf\":{\"@id\":\"https:\\\/\\\/mpcid.gov.gn\\\/index.php\\\/publication-des-resultats-preliminaires-du-rgph-4-voici-le-discours-prononce-par-le-ministre-du-plan-de-la-cooperation-internationale-et-du-developpement-ismael-nabe\\\/\"},\"author\":{\"name\":\"Service Communication\",\"@id\":\"https:\\\/\\\/mpcid.gov.gn\\\/#\\\/schema\\\/person\\\/070aeea8fafd7a7e5a037505652abbee\"},\"headline\":\"Publication des r\u00e9sultats pr\u00e9liminaires du RGPH-4 : Voici le discours prononc\u00e9 par le Ministre du Plan, de la Coop\u00e9ration internationale et du D\u00e9veloppement, Isma\u00ebl NABE\",\"datePublished\":\"2026-02-25T15:30:43+00:00\",\"dateModified\":\"2026-02-26T23:29:50+00:00\",\"mainEntityOfPage\":{\"@id\":\"https:\\\/\\\/mpcid.gov.gn\\\/index.php\\\/publication-des-resultats-preliminaires-du-rgph-4-voici-le-discours-prononce-par-le-ministre-du-plan-de-la-cooperation-internationale-et-du-developpement-ismael-nabe\\\/\"},\"wordCount\":41,\"publisher\":{\"@id\":\"https:\\\/\\\/mpcid.gov.gn\\\/#organization\"},\"image\":{\"@id\":\"https:\\\/\\\/mpcid.gov.gn\\\/index.php\\\/publication-des-resultats-preliminaires-du-rgph-4-voici-le-discours-prononce-par-le-ministre-du-plan-de-la-cooperation-internationale-et-du-developpement-ismael-nabe\\\/#primaryimage\"},\"thumbnailUrl\":\"https:\\\/\\\/mpcid.gov.gn\\\/wp-content\\\/uploads\\\/2026\\\/02\\\/9-10.jpg\",\"articleSection\":[\"Discours Ministre Ismael Nab\u00e9\"],\"inLanguage\":\"fr-FR\"},{\"@type\":\"WebPage\",\"@id\":\"https:\\\/\\\/mpcid.gov.gn\\\/index.php\\\/publication-des-resultats-preliminaires-du-rgph-4-voici-le-discours-prononce-par-le-ministre-du-plan-de-la-cooperation-internationale-et-du-developpement-ismael-nabe\\\/\",\"url\":\"https:\\\/\\\/mpcid.gov.gn\\\/index.php\\\/publication-des-resultats-preliminaires-du-rgph-4-voici-le-discours-prononce-par-le-ministre-du-plan-de-la-cooperation-internationale-et-du-developpement-ismael-nabe\\\/\",\"name\":\"Publication des r\u00e9sultats pr\u00e9liminaires du RGPH-4 : Voici le discours prononc\u00e9 par le Ministre du Plan, de la Coop\u00e9ration internationale et du D\u00e9veloppement, Isma\u00ebl NABE - MPCI\",\"isPartOf\":{\"@id\":\"https:\\\/\\\/mpcid.gov.gn\\\/#website\"},\"primaryImageOfPage\":{\"@id\":\"https:\\\/\\\/mpcid.gov.gn\\\/index.php\\\/publication-des-resultats-preliminaires-du-rgph-4-voici-le-discours-prononce-par-le-ministre-du-plan-de-la-cooperation-internationale-et-du-developpement-ismael-nabe\\\/#primaryimage\"},\"image\":{\"@id\":\"https:\\\/\\\/mpcid.gov.gn\\\/index.php\\\/publication-des-resultats-preliminaires-du-rgph-4-voici-le-discours-prononce-par-le-ministre-du-plan-de-la-cooperation-internationale-et-du-developpement-ismael-nabe\\\/#primaryimage\"},\"thumbnailUrl\":\"https:\\\/\\\/mpcid.gov.gn\\\/wp-content\\\/uploads\\\/2026\\\/02\\\/9-10.jpg\",\"datePublished\":\"2026-02-25T15:30:43+00:00\",\"dateModified\":\"2026-02-26T23:29:50+00:00\",\"breadcrumb\":{\"@id\":\"https:\\\/\\\/mpcid.gov.gn\\\/index.php\\\/publication-des-resultats-preliminaires-du-rgph-4-voici-le-discours-prononce-par-le-ministre-du-plan-de-la-cooperation-internationale-et-du-developpement-ismael-nabe\\\/#breadcrumb\"},\"inLanguage\":\"fr-FR\",\"potentialAction\":[{\"@type\":\"ReadAction\",\"target\":[\"https:\\\/\\\/mpcid.gov.gn\\\/index.php\\\/publication-des-resultats-preliminaires-du-rgph-4-voici-le-discours-prononce-par-le-ministre-du-plan-de-la-cooperation-internationale-et-du-developpement-ismael-nabe\\\/\"]}]},{\"@type\":\"ImageObject\",\"inLanguage\":\"fr-FR\",\"@id\":\"https:\\\/\\\/mpcid.gov.gn\\\/index.php\\\/publication-des-resultats-preliminaires-du-rgph-4-voici-le-discours-prononce-par-le-ministre-du-plan-de-la-cooperation-internationale-et-du-developpement-ismael-nabe\\\/#primaryimage\",\"url\":\"https:\\\/\\\/mpcid.gov.gn\\\/wp-content\\\/uploads\\\/2026\\\/02\\\/9-10.jpg\",\"contentUrl\":\"https:\\\/\\\/mpcid.gov.gn\\\/wp-content\\\/uploads\\\/2026\\\/02\\\/9-10.jpg\",\"width\":1280,\"height\":853},{\"@type\":\"BreadcrumbList\",\"@id\":\"https:\\\/\\\/mpcid.gov.gn\\\/index.php\\\/publication-des-resultats-preliminaires-du-rgph-4-voici-le-discours-prononce-par-le-ministre-du-plan-de-la-cooperation-internationale-et-du-developpement-ismael-nabe\\\/#breadcrumb\",\"itemListElement\":[{\"@type\":\"ListItem\",\"position\":1,\"name\":\"Accueil\",\"item\":\"https:\\\/\\\/mpcid.gov.gn\\\/\"},{\"@type\":\"ListItem\",\"position\":2,\"name\":\"Publication des r\u00e9sultats pr\u00e9liminaires du RGPH-4 : Voici le discours prononc\u00e9 par le Ministre du Plan, de la Coop\u00e9ration internationale et du D\u00e9veloppement, Isma\u00ebl NABE\"}]},{\"@type\":\"WebSite\",\"@id\":\"https:\\\/\\\/mpcid.gov.gn\\\/#website\",\"url\":\"https:\\\/\\\/mpcid.gov.gn\\\/\",\"name\":\"https:\\\/\\\/mpcid.gov.gn\\\/\",\"description\":\"Minist\u00e8re du Plan et de la Coop\u00e9ration Internationale\",\"publisher\":{\"@id\":\"https:\\\/\\\/mpcid.gov.gn\\\/#organization\"},\"potentialAction\":[{\"@type\":\"SearchAction\",\"target\":{\"@type\":\"EntryPoint\",\"urlTemplate\":\"https:\\\/\\\/mpcid.gov.gn\\\/?s={search_term_string}\"},\"query-input\":{\"@type\":\"PropertyValueSpecification\",\"valueRequired\":true,\"valueName\":\"search_term_string\"}}],\"inLanguage\":\"fr-FR\"},{\"@type\":\"Organization\",\"@id\":\"https:\\\/\\\/mpcid.gov.gn\\\/#organization\",\"name\":\"Minist\u00e8re du Plan et de la Coop\u00e9ration Internationale - MPCI\",\"url\":\"https:\\\/\\\/mpcid.gov.gn\\\/\",\"logo\":{\"@type\":\"ImageObject\",\"inLanguage\":\"fr-FR\",\"@id\":\"https:\\\/\\\/mpcid.gov.gn\\\/#\\\/schema\\\/logo\\\/image\\\/\",\"url\":\"https:\\\/\\\/mpcid.gov.gn\\\/wp-content\\\/uploads\\\/2023\\\/10\\\/Ministere-du-Plan-et-de-la-Cooperation-Internationale-MPCI.jpg\",\"contentUrl\":\"https:\\\/\\\/mpcid.gov.gn\\\/wp-content\\\/uploads\\\/2023\\\/10\\\/Ministere-du-Plan-et-de-la-Cooperation-Internationale-MPCI.jpg\",\"width\":462,\"height\":462,\"caption\":\"Minist\u00e8re du Plan et de la Coop\u00e9ration Internationale - MPCI\"},\"image\":{\"@id\":\"https:\\\/\\\/mpcid.gov.gn\\\/#\\\/schema\\\/logo\\\/image\\\/\"},\"sameAs\":[\"https:\\\/\\\/www.facebook.com\\\/MPCIGN\",\"https:\\\/\\\/x.com\\\/MpciGov\"]},{\"@type\":\"Person\",\"@id\":\"https:\\\/\\\/mpcid.gov.gn\\\/#\\\/schema\\\/person\\\/070aeea8fafd7a7e5a037505652abbee\",\"name\":\"Service Communication\",\"sameAs\":[\"http:\\\/\\\/Service-com\"],\"url\":\"https:\\\/\\\/mpcid.gov.gn\\\/index.php\\\/author\\\/service-com\\\/\"}]}<\/script>\n<!-- \/ Yoast SEO plugin. -->","yoast_head_json":{"title":"Publication des r\u00e9sultats pr\u00e9liminaires du RGPH-4 : Voici le discours prononc\u00e9 par le Ministre du Plan, de la Coop\u00e9ration internationale et du D\u00e9veloppement, Isma\u00ebl NABE - MPCI","robots":{"index":"index","follow":"follow","max-snippet":"max-snippet:-1","max-image-preview":"max-image-preview:large","max-video-preview":"max-video-preview:-1"},"canonical":"https:\/\/mpcid.gov.gn\/index.php\/publication-des-resultats-preliminaires-du-rgph-4-voici-le-discours-prononce-par-le-ministre-du-plan-de-la-cooperation-internationale-et-du-developpement-ismael-nabe\/","og_locale":"fr_FR","og_type":"article","og_title":"Publication des r\u00e9sultats pr\u00e9liminaires du RGPH-4 : Voici le discours prononc\u00e9 par le Ministre du Plan, de la Coop\u00e9ration internationale et du D\u00e9veloppement, Isma\u00ebl NABE - MPCI","og_description":"Discours du MPCID lors de la presentation des resultats preliminaires du RGPH-4","og_url":"https:\/\/mpcid.gov.gn\/index.php\/publication-des-resultats-preliminaires-du-rgph-4-voici-le-discours-prononce-par-le-ministre-du-plan-de-la-cooperation-internationale-et-du-developpement-ismael-nabe\/","og_site_name":"MPCI","article_publisher":"https:\/\/www.facebook.com\/MPCIGN","article_published_time":"2026-02-25T15:30:43+00:00","article_modified_time":"2026-02-26T23:29:50+00:00","og_image":[{"width":1280,"height":853,"url":"https:\/\/mpcid.gov.gn\/wp-content\/uploads\/2026\/02\/9-10.jpg","type":"image\/jpeg"}],"author":"Service Communication","twitter_card":"summary_large_image","twitter_creator":"@MpciGov","twitter_site":"@MpciGov","twitter_misc":{"\u00c9crit par":"Service Communication","Dur\u00e9e de lecture estim\u00e9e":"1 minute"},"schema":{"@context":"https:\/\/schema.org","@graph":[{"@type":"Article","@id":"https:\/\/mpcid.gov.gn\/index.php\/publication-des-resultats-preliminaires-du-rgph-4-voici-le-discours-prononce-par-le-ministre-du-plan-de-la-cooperation-internationale-et-du-developpement-ismael-nabe\/#article","isPartOf":{"@id":"https:\/\/mpcid.gov.gn\/index.php\/publication-des-resultats-preliminaires-du-rgph-4-voici-le-discours-prononce-par-le-ministre-du-plan-de-la-cooperation-internationale-et-du-developpement-ismael-nabe\/"},"author":{"name":"Service Communication","@id":"https:\/\/mpcid.gov.gn\/#\/schema\/person\/070aeea8fafd7a7e5a037505652abbee"},"headline":"Publication des r\u00e9sultats pr\u00e9liminaires du RGPH-4 : Voici le discours prononc\u00e9 par le Ministre du Plan, de la Coop\u00e9ration internationale et du D\u00e9veloppement, Isma\u00ebl NABE","datePublished":"2026-02-25T15:30:43+00:00","dateModified":"2026-02-26T23:29:50+00:00","mainEntityOfPage":{"@id":"https:\/\/mpcid.gov.gn\/index.php\/publication-des-resultats-preliminaires-du-rgph-4-voici-le-discours-prononce-par-le-ministre-du-plan-de-la-cooperation-internationale-et-du-developpement-ismael-nabe\/"},"wordCount":41,"publisher":{"@id":"https:\/\/mpcid.gov.gn\/#organization"},"image":{"@id":"https:\/\/mpcid.gov.gn\/index.php\/publication-des-resultats-preliminaires-du-rgph-4-voici-le-discours-prononce-par-le-ministre-du-plan-de-la-cooperation-internationale-et-du-developpement-ismael-nabe\/#primaryimage"},"thumbnailUrl":"https:\/\/mpcid.gov.gn\/wp-content\/uploads\/2026\/02\/9-10.jpg","articleSection":["Discours Ministre Ismael Nab\u00e9"],"inLanguage":"fr-FR"},{"@type":"WebPage","@id":"https:\/\/mpcid.gov.gn\/index.php\/publication-des-resultats-preliminaires-du-rgph-4-voici-le-discours-prononce-par-le-ministre-du-plan-de-la-cooperation-internationale-et-du-developpement-ismael-nabe\/","url":"https:\/\/mpcid.gov.gn\/index.php\/publication-des-resultats-preliminaires-du-rgph-4-voici-le-discours-prononce-par-le-ministre-du-plan-de-la-cooperation-internationale-et-du-developpement-ismael-nabe\/","name":"Publication des r\u00e9sultats pr\u00e9liminaires du RGPH-4 : Voici le discours prononc\u00e9 par le Ministre du Plan, de la Coop\u00e9ration internationale et du D\u00e9veloppement, Isma\u00ebl NABE - MPCI","isPartOf":{"@id":"https:\/\/mpcid.gov.gn\/#website"},"primaryImageOfPage":{"@id":"https:\/\/mpcid.gov.gn\/index.php\/publication-des-resultats-preliminaires-du-rgph-4-voici-le-discours-prononce-par-le-ministre-du-plan-de-la-cooperation-internationale-et-du-developpement-ismael-nabe\/#primaryimage"},"image":{"@id":"https:\/\/mpcid.gov.gn\/index.php\/publication-des-resultats-preliminaires-du-rgph-4-voici-le-discours-prononce-par-le-ministre-du-plan-de-la-cooperation-internationale-et-du-developpement-ismael-nabe\/#primaryimage"},"thumbnailUrl":"https:\/\/mpcid.gov.gn\/wp-content\/uploads\/2026\/02\/9-10.jpg","datePublished":"2026-02-25T15:30:43+00:00","dateModified":"2026-02-26T23:29:50+00:00","breadcrumb":{"@id":"https:\/\/mpcid.gov.gn\/index.php\/publication-des-resultats-preliminaires-du-rgph-4-voici-le-discours-prononce-par-le-ministre-du-plan-de-la-cooperation-internationale-et-du-developpement-ismael-nabe\/#breadcrumb"},"inLanguage":"fr-FR","potentialAction":[{"@type":"ReadAction","target":["https:\/\/mpcid.gov.gn\/index.php\/publication-des-resultats-preliminaires-du-rgph-4-voici-le-discours-prononce-par-le-ministre-du-plan-de-la-cooperation-internationale-et-du-developpement-ismael-nabe\/"]}]},{"@type":"ImageObject","inLanguage":"fr-FR","@id":"https:\/\/mpcid.gov.gn\/index.php\/publication-des-resultats-preliminaires-du-rgph-4-voici-le-discours-prononce-par-le-ministre-du-plan-de-la-cooperation-internationale-et-du-developpement-ismael-nabe\/#primaryimage","url":"https:\/\/mpcid.gov.gn\/wp-content\/uploads\/2026\/02\/9-10.jpg","contentUrl":"https:\/\/mpcid.gov.gn\/wp-content\/uploads\/2026\/02\/9-10.jpg","width":1280,"height":853},{"@type":"BreadcrumbList","@id":"https:\/\/mpcid.gov.gn\/index.php\/publication-des-resultats-preliminaires-du-rgph-4-voici-le-discours-prononce-par-le-ministre-du-plan-de-la-cooperation-internationale-et-du-developpement-ismael-nabe\/#breadcrumb","itemListElement":[{"@type":"ListItem","position":1,"name":"Accueil","item":"https:\/\/mpcid.gov.gn\/"},{"@type":"ListItem","position":2,"name":"Publication des r\u00e9sultats pr\u00e9liminaires du RGPH-4 : Voici le discours prononc\u00e9 par le Ministre du Plan, de la Coop\u00e9ration internationale et du D\u00e9veloppement, Isma\u00ebl NABE"}]},{"@type":"WebSite","@id":"https:\/\/mpcid.gov.gn\/#website","url":"https:\/\/mpcid.gov.gn\/","name":"https:\/\/mpcid.gov.gn\/","description":"Minist\u00e8re du Plan et de la Coop\u00e9ration Internationale","publisher":{"@id":"https:\/\/mpcid.gov.gn\/#organization"},"potentialAction":[{"@type":"SearchAction","target":{"@type":"EntryPoint","urlTemplate":"https:\/\/mpcid.gov.gn\/?s={search_term_string}"},"query-input":{"@type":"PropertyValueSpecification","valueRequired":true,"valueName":"search_term_string"}}],"inLanguage":"fr-FR"},{"@type":"Organization","@id":"https:\/\/mpcid.gov.gn\/#organization","name":"Minist\u00e8re du Plan et de la Coop\u00e9ration Internationale - MPCI","url":"https:\/\/mpcid.gov.gn\/","logo":{"@type":"ImageObject","inLanguage":"fr-FR","@id":"https:\/\/mpcid.gov.gn\/#\/schema\/logo\/image\/","url":"https:\/\/mpcid.gov.gn\/wp-content\/uploads\/2023\/10\/Ministere-du-Plan-et-de-la-Cooperation-Internationale-MPCI.jpg","contentUrl":"https:\/\/mpcid.gov.gn\/wp-content\/uploads\/2023\/10\/Ministere-du-Plan-et-de-la-Cooperation-Internationale-MPCI.jpg","width":462,"height":462,"caption":"Minist\u00e8re du Plan et de la Coop\u00e9ration Internationale - MPCI"},"image":{"@id":"https:\/\/mpcid.gov.gn\/#\/schema\/logo\/image\/"},"sameAs":["https:\/\/www.facebook.com\/MPCIGN","https:\/\/x.com\/MpciGov"]},{"@type":"Person","@id":"https:\/\/mpcid.gov.gn\/#\/schema\/person\/070aeea8fafd7a7e5a037505652abbee","name":"Service Communication","sameAs":["http:\/\/Service-com"],"url":"https:\/\/mpcid.gov.gn\/index.php\/author\/service-com\/"}]}},"_links":{"self":[{"href":"https:\/\/mpcid.gov.gn\/index.php\/wp-json\/wp\/v2\/posts\/19008","targetHints":{"allow":["GET"]}}],"collection":[{"href":"https:\/\/mpcid.gov.gn\/index.php\/wp-json\/wp\/v2\/posts"}],"about":[{"href":"https:\/\/mpcid.gov.gn\/index.php\/wp-json\/wp\/v2\/types\/post"}],"author":[{"embeddable":true,"href":"https:\/\/mpcid.gov.gn\/index.php\/wp-json\/wp\/v2\/users\/20"}],"replies":[{"embeddable":true,"href":"https:\/\/mpcid.gov.gn\/index.php\/wp-json\/wp\/v2\/comments?post=19008"}],"version-history":[{"count":0,"href":"https:\/\/mpcid.gov.gn\/index.php\/wp-json\/wp\/v2\/posts\/19008\/revisions"}],"wp:featuredmedia":[{"embeddable":true,"href":"https:\/\/mpcid.gov.gn\/index.php\/wp-json\/wp\/v2\/media\/18963"}],"wp:attachment":[{"href":"https:\/\/mpcid.gov.gn\/index.php\/wp-json\/wp\/v2\/media?parent=19008"}],"wp:term":[{"taxonomy":"category","embeddable":true,"href":"https:\/\/mpcid.gov.gn\/index.php\/wp-json\/wp\/v2\/categories?post=19008"},{"taxonomy":"post_tag","embeddable":true,"href":"https:\/\/mpcid.gov.gn\/index.php\/wp-json\/wp\/v2\/tags?post=19008"}],"curies":[{"name":"wp","href":"https:\/\/api.w.org\/{rel}","templated":true}]}}