{"id":18942,"date":"2026-02-25T08:10:34","date_gmt":"2026-02-25T08:10:34","guid":{"rendered":"https:\/\/mpcid.gov.gn\/?p=18942"},"modified":"2026-02-26T23:32:38","modified_gmt":"2026-02-26T23:32:38","slug":"cooperation-et-investissements-le-ministre-ismael-nabe-recoit-une-mission-de-societe-generale-et-la-representante-residente-de-lunicef-en-guinee","status":"publish","type":"post","link":"https:\/\/mpcid.gov.gn\/index.php\/cooperation-et-investissements-le-ministre-ismael-nabe-recoit-une-mission-de-societe-generale-et-la-representante-residente-de-lunicef-en-guinee\/","title":{"rendered":"Coop\u00e9ration et investissements : le Ministre Isma\u00ebl NAB\u00c9 re\u00e7oit une mission de Soci\u00e9t\u00e9 G\u00e9n\u00e9rale et la Repr\u00e9sentante r\u00e9sidente de l\u2019UNICEF en Guin\u00e9e"},"content":{"rendered":"<p>Conakry, le 24 f\u00e9vrier 2026 \u2013 Le Ministre du Plan, de la Coop\u00e9ration internationale et du D\u00e9veloppement, Monsieur Isma\u00ebl NAB\u00c9, a accord\u00e9, ce mardi, une s\u00e9rie d\u2019audiences. Entre mobilisation de financements structurants et consolidation du capital humain, il a successivement re\u00e7u une d\u00e9l\u00e9gation de la banque fran\u00e7aise Soci\u00e9t\u00e9 G\u00e9n\u00e9rale ainsi que la Repr\u00e9sentante r\u00e9sidente de l\u2019UNICEF en Guin\u00e9e.<\/p>\n<p><img fetchpriority=\"high\" decoding=\"async\" class=\"alignnone size-medium wp-image-18946\" src=\"https:\/\/mpcid.gov.gn\/wp-content\/uploads\/2026\/02\/10-10-500x333.jpg\" alt=\"\" width=\"500\" height=\"333\" srcset=\"https:\/\/mpcid.gov.gn\/wp-content\/uploads\/2026\/02\/10-10-500x333.jpg 500w, https:\/\/mpcid.gov.gn\/wp-content\/uploads\/2026\/02\/10-10-1024x683.jpg 1024w, https:\/\/mpcid.gov.gn\/wp-content\/uploads\/2026\/02\/10-10-768x512.jpg 768w, https:\/\/mpcid.gov.gn\/wp-content\/uploads\/2026\/02\/10-10.jpg 1080w\" sizes=\"(max-width: 500px) 85vw, 500px\" \/><\/p>\n<p>La premi\u00e8re audience, consacr\u00e9e aux enjeux \u00e9conomiques, a port\u00e9 sur la r\u00e9ception d\u2019une mission de Soci\u00e9t\u00e9 G\u00e9n\u00e9rale (Banque d\u2019affaires et d\u2019investissement), conduite par Madame Fatou GUIBERT, Responsable de la couverture et de la banque d\u2019investissement pour l\u2019Afrique.<\/p>\n<p>Au c\u0153ur des \u00e9changes figurait l\u2019accompagnement financier des grands projets. Madame GUIBERT a r\u00e9affirm\u00e9 l\u2019engagement du groupe bancaire \u00e0 soutenir la dynamique de d\u00e9veloppement de la Guin\u00e9e, notamment \u00e0 travers des instruments tels que les cr\u00e9dits export, les \u00e9missions d\u2019Eurobonds ou encore le \u00ab Simandoubond \u00bb. L\u2019institution a, en outre, exprim\u00e9 un int\u00e9r\u00eat soutenu pour le financement d\u2019infrastructures routi\u00e8res et sanitaires, en parfaite coh\u00e9rence avec la vision port\u00e9e par le Programme Simandou 2040.<\/p>\n<p>Le Ministre Isma\u00ebl NAB\u00c9 a salu\u00e9 cette volont\u00e9 de mobilisation de capitaux internationaux au service des priorit\u00e9s nationales. Il a rappel\u00e9 que la Guin\u00e9e demeure r\u00e9solument ouverte aux financements structurants, soulignant que la r\u00e9ussite du Programme Simandou 2040 repose \u00e0 hauteur de 60 % sur le dynamisme et l\u2019engagement du secteur priv\u00e9.<\/p>\n<p>La journ\u00e9e s\u2019est poursuivie par une audience accord\u00e9e \u00e0 Madame Maddalena BERTOLETTI, Repr\u00e9sentante r\u00e9sidente de l\u2019UNICEF en Guin\u00e9e.<\/p>\n<p><img decoding=\"async\" class=\"alignnone size-medium wp-image-18945\" src=\"https:\/\/mpcid.gov.gn\/wp-content\/uploads\/2026\/02\/1-13-333x500.jpg\" alt=\"\" width=\"333\" height=\"500\" srcset=\"https:\/\/mpcid.gov.gn\/wp-content\/uploads\/2026\/02\/1-13-333x500.jpg 333w, https:\/\/mpcid.gov.gn\/wp-content\/uploads\/2026\/02\/1-13-683x1024.jpg 683w, https:\/\/mpcid.gov.gn\/wp-content\/uploads\/2026\/02\/1-13.jpg 720w\" sizes=\"(max-width: 333px) 85vw, 333px\" \/> <img decoding=\"async\" class=\"alignnone size-medium wp-image-18951\" src=\"https:\/\/mpcid.gov.gn\/wp-content\/uploads\/2026\/02\/16-6-500x333.jpg\" alt=\"\" width=\"500\" height=\"333\" srcset=\"https:\/\/mpcid.gov.gn\/wp-content\/uploads\/2026\/02\/16-6-500x333.jpg 500w, https:\/\/mpcid.gov.gn\/wp-content\/uploads\/2026\/02\/16-6-1024x683.jpg 1024w, https:\/\/mpcid.gov.gn\/wp-content\/uploads\/2026\/02\/16-6-768x512.jpg 768w, https:\/\/mpcid.gov.gn\/wp-content\/uploads\/2026\/02\/16-6.jpg 1080w\" sizes=\"(max-width: 500px) 85vw, 500px\" \/> <img loading=\"lazy\" decoding=\"async\" class=\"alignnone size-medium wp-image-18949\" src=\"https:\/\/mpcid.gov.gn\/wp-content\/uploads\/2026\/02\/13-7-500x333.jpg\" alt=\"\" width=\"500\" height=\"333\" srcset=\"https:\/\/mpcid.gov.gn\/wp-content\/uploads\/2026\/02\/13-7-500x333.jpg 500w, https:\/\/mpcid.gov.gn\/wp-content\/uploads\/2026\/02\/13-7-1024x682.jpg 1024w, https:\/\/mpcid.gov.gn\/wp-content\/uploads\/2026\/02\/13-7-768x511.jpg 768w, https:\/\/mpcid.gov.gn\/wp-content\/uploads\/2026\/02\/13-7.jpg 1080w\" sizes=\"(max-width: 500px) 85vw, 500px\" \/> <img loading=\"lazy\" decoding=\"async\" class=\"alignnone size-medium wp-image-18947\" src=\"https:\/\/mpcid.gov.gn\/wp-content\/uploads\/2026\/02\/11-9-333x500.jpg\" alt=\"\" width=\"333\" height=\"500\" srcset=\"https:\/\/mpcid.gov.gn\/wp-content\/uploads\/2026\/02\/11-9-333x500.jpg 333w, https:\/\/mpcid.gov.gn\/wp-content\/uploads\/2026\/02\/11-9-683x1024.jpg 683w, https:\/\/mpcid.gov.gn\/wp-content\/uploads\/2026\/02\/11-9.jpg 720w\" sizes=\"(max-width: 333px) 85vw, 333px\" \/> <img loading=\"lazy\" decoding=\"async\" class=\"alignnone size-medium wp-image-18948\" src=\"https:\/\/mpcid.gov.gn\/wp-content\/uploads\/2026\/02\/12-8-500x375.jpg\" alt=\"\" width=\"500\" height=\"375\" srcset=\"https:\/\/mpcid.gov.gn\/wp-content\/uploads\/2026\/02\/12-8-500x375.jpg 500w, https:\/\/mpcid.gov.gn\/wp-content\/uploads\/2026\/02\/12-8-1024x769.jpg 1024w, https:\/\/mpcid.gov.gn\/wp-content\/uploads\/2026\/02\/12-8-768x577.jpg 768w, https:\/\/mpcid.gov.gn\/wp-content\/uploads\/2026\/02\/12-8.jpg 1080w\" sizes=\"(max-width: 500px) 85vw, 500px\" \/> <img loading=\"lazy\" decoding=\"async\" class=\"alignnone size-medium wp-image-18950\" src=\"https:\/\/mpcid.gov.gn\/wp-content\/uploads\/2026\/02\/15-6-500x288.jpg\" alt=\"\" width=\"500\" height=\"288\" srcset=\"https:\/\/mpcid.gov.gn\/wp-content\/uploads\/2026\/02\/15-6-500x288.jpg 500w, https:\/\/mpcid.gov.gn\/wp-content\/uploads\/2026\/02\/15-6-1024x591.jpg 1024w, https:\/\/mpcid.gov.gn\/wp-content\/uploads\/2026\/02\/15-6-768x443.jpg 768w, https:\/\/mpcid.gov.gn\/wp-content\/uploads\/2026\/02\/15-6.jpg 1080w\" sizes=\"(max-width: 500px) 85vw, 500px\" \/><\/p>\n<p>Apr\u00e8s avoir adress\u00e9 ses f\u00e9licitations au Ministre pour le renouvellement de la confiance du Chef de l\u2019\u00c9tat \u00e0 la t\u00eate de son d\u00e9partement, Madame BERTOLETTI a pr\u00e9sent\u00e9 un \u00e9tat des lieux des actions prioritaires de l\u2019agence, notamment le projet consacr\u00e9 au d\u00e9veloppement du capital humain. Elle a \u00e9galement propos\u00e9 l\u2019expertise technique de l\u2019UNICEF en appui \u00e0 la collecte et \u00e0 l\u2019analyse des donn\u00e9es statistiques sociales.<\/p>\n<p>En r\u00e9ponse, le Ministre NAB\u00c9 a salu\u00e9 l\u2019impact significatif des interventions de l\u2019agence onusienne en faveur de l\u2019enfance guin\u00e9enne. Tout en assurant l\u2019institution de l\u2019enti\u00e8re disponibilit\u00e9 de ses services, il a insist\u00e9 sur la n\u00e9cessaire synergie entre la Direction nationale Population et D\u00e9veloppement et l\u2019UNICEF. S\u2019agissant de la collecte des donn\u00e9es relatives \u00e0 l\u2019\u00e9ducation, il a r\u00e9affirm\u00e9 la comp\u00e9tence technique de l\u2019Institut National de la Statistique pour en assurer le pilotage.<\/p>\n<p>En conclusion, le Ministre a sollicit\u00e9 l\u2019appui de l\u2019organisation pour le<strong> renforcement des capacit\u00e9s techniques des cadres de son d\u00e9partement, dans une perspective d\u2019efficacit\u00e9 accrue de l\u2019action publique.<\/strong><\/p>\n","protected":false},"excerpt":{"rendered":"<p>Conakry, le 24 f\u00e9vrier 2026 \u2013 Le Ministre du Plan, de la Coop\u00e9ration internationale et du D\u00e9veloppement, Monsieur Isma\u00ebl NAB\u00c9, a accord\u00e9, ce mardi, une s\u00e9rie d\u2019audiences. Entre mobilisation de financements structurants et consolidation du capital humain, il a successivement re\u00e7u une d\u00e9l\u00e9gation de la banque fran\u00e7aise Soci\u00e9t\u00e9 G\u00e9n\u00e9rale ainsi que la Repr\u00e9sentante r\u00e9sidente de &hellip; <a href=\"https:\/\/mpcid.gov.gn\/index.php\/cooperation-et-investissements-le-ministre-ismael-nabe-recoit-une-mission-de-societe-generale-et-la-representante-residente-de-lunicef-en-guinee\/\" class=\"more-link\">Continue reading<span class=\"screen-reader-text\"> \u00ab\u00a0Coop\u00e9ration et investissements : le Ministre Isma\u00ebl NAB\u00c9 re\u00e7oit une mission de Soci\u00e9t\u00e9 G\u00e9n\u00e9rale et la Repr\u00e9sentante r\u00e9sidente de l\u2019UNICEF en Guin\u00e9e\u00a0\u00bb<\/span><\/a><\/p>\n","protected":false},"author":20,"featured_media":18943,"comment_status":"closed","ping_status":"closed","sticky":false,"template":"","format":"standard","meta":{"footnotes":""},"categories":[63],"tags":[],"class_list":["post-18942","post","type-post","status-publish","format-standard","has-post-thumbnail","hentry","category-actualites"],"yoast_head":"<!-- This site is optimized with the Yoast SEO plugin v27.5 - https:\/\/yoast.com\/product\/yoast-seo-wordpress\/ -->\n<title>Coop\u00e9ration et investissements : le Ministre Isma\u00ebl NAB\u00c9 re\u00e7oit une mission de Soci\u00e9t\u00e9 G\u00e9n\u00e9rale et la Repr\u00e9sentante r\u00e9sidente de l\u2019UNICEF en Guin\u00e9e - MPCI<\/title>\n<meta name=\"robots\" content=\"index, follow, max-snippet:-1, max-image-preview:large, max-video-preview:-1\" \/>\n<link rel=\"canonical\" href=\"https:\/\/mpcid.gov.gn\/index.php\/cooperation-et-investissements-le-ministre-ismael-nabe-recoit-une-mission-de-societe-generale-et-la-representante-residente-de-lunicef-en-guinee\/\" \/>\n<meta property=\"og:locale\" content=\"fr_FR\" \/>\n<meta property=\"og:type\" content=\"article\" \/>\n<meta property=\"og:title\" content=\"Coop\u00e9ration et investissements : le Ministre Isma\u00ebl NAB\u00c9 re\u00e7oit une mission de Soci\u00e9t\u00e9 G\u00e9n\u00e9rale et la Repr\u00e9sentante r\u00e9sidente de l\u2019UNICEF en Guin\u00e9e - MPCI\" \/>\n<meta property=\"og:description\" content=\"Conakry, le 24 f\u00e9vrier 2026 \u2013 Le Ministre du Plan, de la Coop\u00e9ration internationale et du D\u00e9veloppement, Monsieur Isma\u00ebl NAB\u00c9, a accord\u00e9, ce mardi, une s\u00e9rie d\u2019audiences. Entre mobilisation de financements structurants et consolidation du capital humain, il a successivement re\u00e7u une d\u00e9l\u00e9gation de la banque fran\u00e7aise Soci\u00e9t\u00e9 G\u00e9n\u00e9rale ainsi que la Repr\u00e9sentante r\u00e9sidente de &hellip; Continue reading &quot;Coop\u00e9ration et investissements : le Ministre Isma\u00ebl NAB\u00c9 re\u00e7oit une mission de Soci\u00e9t\u00e9 G\u00e9n\u00e9rale et la Repr\u00e9sentante r\u00e9sidente de l\u2019UNICEF en Guin\u00e9e&quot;\" \/>\n<meta property=\"og:url\" content=\"https:\/\/mpcid.gov.gn\/index.php\/cooperation-et-investissements-le-ministre-ismael-nabe-recoit-une-mission-de-societe-generale-et-la-representante-residente-de-lunicef-en-guinee\/\" \/>\n<meta property=\"og:site_name\" content=\"MPCI\" \/>\n<meta property=\"article:publisher\" content=\"https:\/\/www.facebook.com\/MPCIGN\" \/>\n<meta property=\"article:published_time\" content=\"2026-02-25T08:10:34+00:00\" \/>\n<meta property=\"article:modified_time\" content=\"2026-02-26T23:32:38+00:00\" \/>\n<meta property=\"og:image\" content=\"https:\/\/mpcid.gov.gn\/wp-content\/uploads\/2026\/02\/MPCID-AFG-Bank-40-scaled.jpg\" \/>\n\t<meta property=\"og:image:width\" content=\"2560\" \/>\n\t<meta property=\"og:image:height\" content=\"1502\" \/>\n\t<meta property=\"og:image:type\" content=\"image\/jpeg\" \/>\n<meta name=\"author\" content=\"Service Communication\" \/>\n<meta name=\"twitter:card\" content=\"summary_large_image\" \/>\n<meta name=\"twitter:creator\" content=\"@MpciGov\" \/>\n<meta name=\"twitter:site\" content=\"@MpciGov\" \/>\n<meta name=\"twitter:label1\" content=\"\u00c9crit par\" \/>\n\t<meta name=\"twitter:data1\" content=\"Service Communication\" \/>\n\t<meta name=\"twitter:label2\" content=\"Dur\u00e9e de lecture estim\u00e9e\" \/>\n\t<meta name=\"twitter:data2\" content=\"4 minutes\" \/>\n<script type=\"application\/ld+json\" class=\"yoast-schema-graph\">{\"@context\":\"https:\\\/\\\/schema.org\",\"@graph\":[{\"@type\":\"Article\",\"@id\":\"https:\\\/\\\/mpcid.gov.gn\\\/index.php\\\/cooperation-et-investissements-le-ministre-ismael-nabe-recoit-une-mission-de-societe-generale-et-la-representante-residente-de-lunicef-en-guinee\\\/#article\",\"isPartOf\":{\"@id\":\"https:\\\/\\\/mpcid.gov.gn\\\/index.php\\\/cooperation-et-investissements-le-ministre-ismael-nabe-recoit-une-mission-de-societe-generale-et-la-representante-residente-de-lunicef-en-guinee\\\/\"},\"author\":{\"name\":\"Service Communication\",\"@id\":\"https:\\\/\\\/mpcid.gov.gn\\\/#\\\/schema\\\/person\\\/070aeea8fafd7a7e5a037505652abbee\"},\"headline\":\"Coop\u00e9ration et investissements : le Ministre Isma\u00ebl NAB\u00c9 re\u00e7oit une mission de Soci\u00e9t\u00e9 G\u00e9n\u00e9rale et la Repr\u00e9sentante r\u00e9sidente de l\u2019UNICEF en Guin\u00e9e\",\"datePublished\":\"2026-02-25T08:10:34+00:00\",\"dateModified\":\"2026-02-26T23:32:38+00:00\",\"mainEntityOfPage\":{\"@id\":\"https:\\\/\\\/mpcid.gov.gn\\\/index.php\\\/cooperation-et-investissements-le-ministre-ismael-nabe-recoit-une-mission-de-societe-generale-et-la-representante-residente-de-lunicef-en-guinee\\\/\"},\"wordCount\":507,\"publisher\":{\"@id\":\"https:\\\/\\\/mpcid.gov.gn\\\/#organization\"},\"image\":{\"@id\":\"https:\\\/\\\/mpcid.gov.gn\\\/index.php\\\/cooperation-et-investissements-le-ministre-ismael-nabe-recoit-une-mission-de-societe-generale-et-la-representante-residente-de-lunicef-en-guinee\\\/#primaryimage\"},\"thumbnailUrl\":\"https:\\\/\\\/mpcid.gov.gn\\\/wp-content\\\/uploads\\\/2026\\\/02\\\/MPCID-AFG-Bank-40-scaled.jpg\",\"articleSection\":[\"Actualit\u00e9s\"],\"inLanguage\":\"fr-FR\"},{\"@type\":\"WebPage\",\"@id\":\"https:\\\/\\\/mpcid.gov.gn\\\/index.php\\\/cooperation-et-investissements-le-ministre-ismael-nabe-recoit-une-mission-de-societe-generale-et-la-representante-residente-de-lunicef-en-guinee\\\/\",\"url\":\"https:\\\/\\\/mpcid.gov.gn\\\/index.php\\\/cooperation-et-investissements-le-ministre-ismael-nabe-recoit-une-mission-de-societe-generale-et-la-representante-residente-de-lunicef-en-guinee\\\/\",\"name\":\"Coop\u00e9ration et investissements : le Ministre Isma\u00ebl NAB\u00c9 re\u00e7oit une mission de Soci\u00e9t\u00e9 G\u00e9n\u00e9rale et la Repr\u00e9sentante r\u00e9sidente de l\u2019UNICEF en Guin\u00e9e - MPCI\",\"isPartOf\":{\"@id\":\"https:\\\/\\\/mpcid.gov.gn\\\/#website\"},\"primaryImageOfPage\":{\"@id\":\"https:\\\/\\\/mpcid.gov.gn\\\/index.php\\\/cooperation-et-investissements-le-ministre-ismael-nabe-recoit-une-mission-de-societe-generale-et-la-representante-residente-de-lunicef-en-guinee\\\/#primaryimage\"},\"image\":{\"@id\":\"https:\\\/\\\/mpcid.gov.gn\\\/index.php\\\/cooperation-et-investissements-le-ministre-ismael-nabe-recoit-une-mission-de-societe-generale-et-la-representante-residente-de-lunicef-en-guinee\\\/#primaryimage\"},\"thumbnailUrl\":\"https:\\\/\\\/mpcid.gov.gn\\\/wp-content\\\/uploads\\\/2026\\\/02\\\/MPCID-AFG-Bank-40-scaled.jpg\",\"datePublished\":\"2026-02-25T08:10:34+00:00\",\"dateModified\":\"2026-02-26T23:32:38+00:00\",\"breadcrumb\":{\"@id\":\"https:\\\/\\\/mpcid.gov.gn\\\/index.php\\\/cooperation-et-investissements-le-ministre-ismael-nabe-recoit-une-mission-de-societe-generale-et-la-representante-residente-de-lunicef-en-guinee\\\/#breadcrumb\"},\"inLanguage\":\"fr-FR\",\"potentialAction\":[{\"@type\":\"ReadAction\",\"target\":[\"https:\\\/\\\/mpcid.gov.gn\\\/index.php\\\/cooperation-et-investissements-le-ministre-ismael-nabe-recoit-une-mission-de-societe-generale-et-la-representante-residente-de-lunicef-en-guinee\\\/\"]}]},{\"@type\":\"ImageObject\",\"inLanguage\":\"fr-FR\",\"@id\":\"https:\\\/\\\/mpcid.gov.gn\\\/index.php\\\/cooperation-et-investissements-le-ministre-ismael-nabe-recoit-une-mission-de-societe-generale-et-la-representante-residente-de-lunicef-en-guinee\\\/#primaryimage\",\"url\":\"https:\\\/\\\/mpcid.gov.gn\\\/wp-content\\\/uploads\\\/2026\\\/02\\\/MPCID-AFG-Bank-40-scaled.jpg\",\"contentUrl\":\"https:\\\/\\\/mpcid.gov.gn\\\/wp-content\\\/uploads\\\/2026\\\/02\\\/MPCID-AFG-Bank-40-scaled.jpg\",\"width\":2560,\"height\":1502},{\"@type\":\"BreadcrumbList\",\"@id\":\"https:\\\/\\\/mpcid.gov.gn\\\/index.php\\\/cooperation-et-investissements-le-ministre-ismael-nabe-recoit-une-mission-de-societe-generale-et-la-representante-residente-de-lunicef-en-guinee\\\/#breadcrumb\",\"itemListElement\":[{\"@type\":\"ListItem\",\"position\":1,\"name\":\"Accueil\",\"item\":\"https:\\\/\\\/mpcid.gov.gn\\\/\"},{\"@type\":\"ListItem\",\"position\":2,\"name\":\"Coop\u00e9ration et investissements : le Ministre Isma\u00ebl NAB\u00c9 re\u00e7oit une mission de Soci\u00e9t\u00e9 G\u00e9n\u00e9rale et la Repr\u00e9sentante r\u00e9sidente de l\u2019UNICEF en Guin\u00e9e\"}]},{\"@type\":\"WebSite\",\"@id\":\"https:\\\/\\\/mpcid.gov.gn\\\/#website\",\"url\":\"https:\\\/\\\/mpcid.gov.gn\\\/\",\"name\":\"https:\\\/\\\/mpcid.gov.gn\\\/\",\"description\":\"Minist\u00e8re du Plan et de la Coop\u00e9ration Internationale\",\"publisher\":{\"@id\":\"https:\\\/\\\/mpcid.gov.gn\\\/#organization\"},\"potentialAction\":[{\"@type\":\"SearchAction\",\"target\":{\"@type\":\"EntryPoint\",\"urlTemplate\":\"https:\\\/\\\/mpcid.gov.gn\\\/?s={search_term_string}\"},\"query-input\":{\"@type\":\"PropertyValueSpecification\",\"valueRequired\":true,\"valueName\":\"search_term_string\"}}],\"inLanguage\":\"fr-FR\"},{\"@type\":\"Organization\",\"@id\":\"https:\\\/\\\/mpcid.gov.gn\\\/#organization\",\"name\":\"Minist\u00e8re du Plan et de la Coop\u00e9ration Internationale - MPCI\",\"url\":\"https:\\\/\\\/mpcid.gov.gn\\\/\",\"logo\":{\"@type\":\"ImageObject\",\"inLanguage\":\"fr-FR\",\"@id\":\"https:\\\/\\\/mpcid.gov.gn\\\/#\\\/schema\\\/logo\\\/image\\\/\",\"url\":\"https:\\\/\\\/mpcid.gov.gn\\\/wp-content\\\/uploads\\\/2023\\\/10\\\/Ministere-du-Plan-et-de-la-Cooperation-Internationale-MPCI.jpg\",\"contentUrl\":\"https:\\\/\\\/mpcid.gov.gn\\\/wp-content\\\/uploads\\\/2023\\\/10\\\/Ministere-du-Plan-et-de-la-Cooperation-Internationale-MPCI.jpg\",\"width\":462,\"height\":462,\"caption\":\"Minist\u00e8re du Plan et de la Coop\u00e9ration Internationale - MPCI\"},\"image\":{\"@id\":\"https:\\\/\\\/mpcid.gov.gn\\\/#\\\/schema\\\/logo\\\/image\\\/\"},\"sameAs\":[\"https:\\\/\\\/www.facebook.com\\\/MPCIGN\",\"https:\\\/\\\/x.com\\\/MpciGov\"]},{\"@type\":\"Person\",\"@id\":\"https:\\\/\\\/mpcid.gov.gn\\\/#\\\/schema\\\/person\\\/070aeea8fafd7a7e5a037505652abbee\",\"name\":\"Service Communication\",\"sameAs\":[\"http:\\\/\\\/Service-com\"],\"url\":\"https:\\\/\\\/mpcid.gov.gn\\\/index.php\\\/author\\\/service-com\\\/\"}]}<\/script>\n<!-- \/ Yoast SEO plugin. -->","yoast_head_json":{"title":"Coop\u00e9ration et investissements : le Ministre Isma\u00ebl NAB\u00c9 re\u00e7oit une mission de Soci\u00e9t\u00e9 G\u00e9n\u00e9rale et la Repr\u00e9sentante r\u00e9sidente de l\u2019UNICEF en Guin\u00e9e - MPCI","robots":{"index":"index","follow":"follow","max-snippet":"max-snippet:-1","max-image-preview":"max-image-preview:large","max-video-preview":"max-video-preview:-1"},"canonical":"https:\/\/mpcid.gov.gn\/index.php\/cooperation-et-investissements-le-ministre-ismael-nabe-recoit-une-mission-de-societe-generale-et-la-representante-residente-de-lunicef-en-guinee\/","og_locale":"fr_FR","og_type":"article","og_title":"Coop\u00e9ration et investissements : le Ministre Isma\u00ebl NAB\u00c9 re\u00e7oit une mission de Soci\u00e9t\u00e9 G\u00e9n\u00e9rale et la Repr\u00e9sentante r\u00e9sidente de l\u2019UNICEF en Guin\u00e9e - MPCI","og_description":"Conakry, le 24 f\u00e9vrier 2026 \u2013 Le Ministre du Plan, de la Coop\u00e9ration internationale et du D\u00e9veloppement, Monsieur Isma\u00ebl NAB\u00c9, a accord\u00e9, ce mardi, une s\u00e9rie d\u2019audiences. Entre mobilisation de financements structurants et consolidation du capital humain, il a successivement re\u00e7u une d\u00e9l\u00e9gation de la banque fran\u00e7aise Soci\u00e9t\u00e9 G\u00e9n\u00e9rale ainsi que la Repr\u00e9sentante r\u00e9sidente de &hellip; Continue reading \"Coop\u00e9ration et investissements : le Ministre Isma\u00ebl NAB\u00c9 re\u00e7oit une mission de Soci\u00e9t\u00e9 G\u00e9n\u00e9rale et la Repr\u00e9sentante r\u00e9sidente de l\u2019UNICEF en Guin\u00e9e\"","og_url":"https:\/\/mpcid.gov.gn\/index.php\/cooperation-et-investissements-le-ministre-ismael-nabe-recoit-une-mission-de-societe-generale-et-la-representante-residente-de-lunicef-en-guinee\/","og_site_name":"MPCI","article_publisher":"https:\/\/www.facebook.com\/MPCIGN","article_published_time":"2026-02-25T08:10:34+00:00","article_modified_time":"2026-02-26T23:32:38+00:00","og_image":[{"width":2560,"height":1502,"url":"https:\/\/mpcid.gov.gn\/wp-content\/uploads\/2026\/02\/MPCID-AFG-Bank-40-scaled.jpg","type":"image\/jpeg"}],"author":"Service Communication","twitter_card":"summary_large_image","twitter_creator":"@MpciGov","twitter_site":"@MpciGov","twitter_misc":{"\u00c9crit par":"Service Communication","Dur\u00e9e de lecture estim\u00e9e":"4 minutes"},"schema":{"@context":"https:\/\/schema.org","@graph":[{"@type":"Article","@id":"https:\/\/mpcid.gov.gn\/index.php\/cooperation-et-investissements-le-ministre-ismael-nabe-recoit-une-mission-de-societe-generale-et-la-representante-residente-de-lunicef-en-guinee\/#article","isPartOf":{"@id":"https:\/\/mpcid.gov.gn\/index.php\/cooperation-et-investissements-le-ministre-ismael-nabe-recoit-une-mission-de-societe-generale-et-la-representante-residente-de-lunicef-en-guinee\/"},"author":{"name":"Service Communication","@id":"https:\/\/mpcid.gov.gn\/#\/schema\/person\/070aeea8fafd7a7e5a037505652abbee"},"headline":"Coop\u00e9ration et investissements : le Ministre Isma\u00ebl NAB\u00c9 re\u00e7oit une mission de Soci\u00e9t\u00e9 G\u00e9n\u00e9rale et la Repr\u00e9sentante r\u00e9sidente de l\u2019UNICEF en Guin\u00e9e","datePublished":"2026-02-25T08:10:34+00:00","dateModified":"2026-02-26T23:32:38+00:00","mainEntityOfPage":{"@id":"https:\/\/mpcid.gov.gn\/index.php\/cooperation-et-investissements-le-ministre-ismael-nabe-recoit-une-mission-de-societe-generale-et-la-representante-residente-de-lunicef-en-guinee\/"},"wordCount":507,"publisher":{"@id":"https:\/\/mpcid.gov.gn\/#organization"},"image":{"@id":"https:\/\/mpcid.gov.gn\/index.php\/cooperation-et-investissements-le-ministre-ismael-nabe-recoit-une-mission-de-societe-generale-et-la-representante-residente-de-lunicef-en-guinee\/#primaryimage"},"thumbnailUrl":"https:\/\/mpcid.gov.gn\/wp-content\/uploads\/2026\/02\/MPCID-AFG-Bank-40-scaled.jpg","articleSection":["Actualit\u00e9s"],"inLanguage":"fr-FR"},{"@type":"WebPage","@id":"https:\/\/mpcid.gov.gn\/index.php\/cooperation-et-investissements-le-ministre-ismael-nabe-recoit-une-mission-de-societe-generale-et-la-representante-residente-de-lunicef-en-guinee\/","url":"https:\/\/mpcid.gov.gn\/index.php\/cooperation-et-investissements-le-ministre-ismael-nabe-recoit-une-mission-de-societe-generale-et-la-representante-residente-de-lunicef-en-guinee\/","name":"Coop\u00e9ration et investissements : le Ministre Isma\u00ebl NAB\u00c9 re\u00e7oit une mission de Soci\u00e9t\u00e9 G\u00e9n\u00e9rale et la Repr\u00e9sentante r\u00e9sidente de l\u2019UNICEF en Guin\u00e9e - MPCI","isPartOf":{"@id":"https:\/\/mpcid.gov.gn\/#website"},"primaryImageOfPage":{"@id":"https:\/\/mpcid.gov.gn\/index.php\/cooperation-et-investissements-le-ministre-ismael-nabe-recoit-une-mission-de-societe-generale-et-la-representante-residente-de-lunicef-en-guinee\/#primaryimage"},"image":{"@id":"https:\/\/mpcid.gov.gn\/index.php\/cooperation-et-investissements-le-ministre-ismael-nabe-recoit-une-mission-de-societe-generale-et-la-representante-residente-de-lunicef-en-guinee\/#primaryimage"},"thumbnailUrl":"https:\/\/mpcid.gov.gn\/wp-content\/uploads\/2026\/02\/MPCID-AFG-Bank-40-scaled.jpg","datePublished":"2026-02-25T08:10:34+00:00","dateModified":"2026-02-26T23:32:38+00:00","breadcrumb":{"@id":"https:\/\/mpcid.gov.gn\/index.php\/cooperation-et-investissements-le-ministre-ismael-nabe-recoit-une-mission-de-societe-generale-et-la-representante-residente-de-lunicef-en-guinee\/#breadcrumb"},"inLanguage":"fr-FR","potentialAction":[{"@type":"ReadAction","target":["https:\/\/mpcid.gov.gn\/index.php\/cooperation-et-investissements-le-ministre-ismael-nabe-recoit-une-mission-de-societe-generale-et-la-representante-residente-de-lunicef-en-guinee\/"]}]},{"@type":"ImageObject","inLanguage":"fr-FR","@id":"https:\/\/mpcid.gov.gn\/index.php\/cooperation-et-investissements-le-ministre-ismael-nabe-recoit-une-mission-de-societe-generale-et-la-representante-residente-de-lunicef-en-guinee\/#primaryimage","url":"https:\/\/mpcid.gov.gn\/wp-content\/uploads\/2026\/02\/MPCID-AFG-Bank-40-scaled.jpg","contentUrl":"https:\/\/mpcid.gov.gn\/wp-content\/uploads\/2026\/02\/MPCID-AFG-Bank-40-scaled.jpg","width":2560,"height":1502},{"@type":"BreadcrumbList","@id":"https:\/\/mpcid.gov.gn\/index.php\/cooperation-et-investissements-le-ministre-ismael-nabe-recoit-une-mission-de-societe-generale-et-la-representante-residente-de-lunicef-en-guinee\/#breadcrumb","itemListElement":[{"@type":"ListItem","position":1,"name":"Accueil","item":"https:\/\/mpcid.gov.gn\/"},{"@type":"ListItem","position":2,"name":"Coop\u00e9ration et investissements : le Ministre Isma\u00ebl NAB\u00c9 re\u00e7oit une mission de Soci\u00e9t\u00e9 G\u00e9n\u00e9rale et la Repr\u00e9sentante r\u00e9sidente de l\u2019UNICEF en Guin\u00e9e"}]},{"@type":"WebSite","@id":"https:\/\/mpcid.gov.gn\/#website","url":"https:\/\/mpcid.gov.gn\/","name":"https:\/\/mpcid.gov.gn\/","description":"Minist\u00e8re du Plan et de la Coop\u00e9ration Internationale","publisher":{"@id":"https:\/\/mpcid.gov.gn\/#organization"},"potentialAction":[{"@type":"SearchAction","target":{"@type":"EntryPoint","urlTemplate":"https:\/\/mpcid.gov.gn\/?s={search_term_string}"},"query-input":{"@type":"PropertyValueSpecification","valueRequired":true,"valueName":"search_term_string"}}],"inLanguage":"fr-FR"},{"@type":"Organization","@id":"https:\/\/mpcid.gov.gn\/#organization","name":"Minist\u00e8re du Plan et de la Coop\u00e9ration Internationale - MPCI","url":"https:\/\/mpcid.gov.gn\/","logo":{"@type":"ImageObject","inLanguage":"fr-FR","@id":"https:\/\/mpcid.gov.gn\/#\/schema\/logo\/image\/","url":"https:\/\/mpcid.gov.gn\/wp-content\/uploads\/2023\/10\/Ministere-du-Plan-et-de-la-Cooperation-Internationale-MPCI.jpg","contentUrl":"https:\/\/mpcid.gov.gn\/wp-content\/uploads\/2023\/10\/Ministere-du-Plan-et-de-la-Cooperation-Internationale-MPCI.jpg","width":462,"height":462,"caption":"Minist\u00e8re du Plan et de la Coop\u00e9ration Internationale - MPCI"},"image":{"@id":"https:\/\/mpcid.gov.gn\/#\/schema\/logo\/image\/"},"sameAs":["https:\/\/www.facebook.com\/MPCIGN","https:\/\/x.com\/MpciGov"]},{"@type":"Person","@id":"https:\/\/mpcid.gov.gn\/#\/schema\/person\/070aeea8fafd7a7e5a037505652abbee","name":"Service Communication","sameAs":["http:\/\/Service-com"],"url":"https:\/\/mpcid.gov.gn\/index.php\/author\/service-com\/"}]}},"_links":{"self":[{"href":"https:\/\/mpcid.gov.gn\/index.php\/wp-json\/wp\/v2\/posts\/18942","targetHints":{"allow":["GET"]}}],"collection":[{"href":"https:\/\/mpcid.gov.gn\/index.php\/wp-json\/wp\/v2\/posts"}],"about":[{"href":"https:\/\/mpcid.gov.gn\/index.php\/wp-json\/wp\/v2\/types\/post"}],"author":[{"embeddable":true,"href":"https:\/\/mpcid.gov.gn\/index.php\/wp-json\/wp\/v2\/users\/20"}],"replies":[{"embeddable":true,"href":"https:\/\/mpcid.gov.gn\/index.php\/wp-json\/wp\/v2\/comments?post=18942"}],"version-history":[{"count":0,"href":"https:\/\/mpcid.gov.gn\/index.php\/wp-json\/wp\/v2\/posts\/18942\/revisions"}],"wp:featuredmedia":[{"embeddable":true,"href":"https:\/\/mpcid.gov.gn\/index.php\/wp-json\/wp\/v2\/media\/18943"}],"wp:attachment":[{"href":"https:\/\/mpcid.gov.gn\/index.php\/wp-json\/wp\/v2\/media?parent=18942"}],"wp:term":[{"taxonomy":"category","embeddable":true,"href":"https:\/\/mpcid.gov.gn\/index.php\/wp-json\/wp\/v2\/categories?post=18942"},{"taxonomy":"post_tag","embeddable":true,"href":"https:\/\/mpcid.gov.gn\/index.php\/wp-json\/wp\/v2\/tags?post=18942"}],"curies":[{"name":"wp","href":"https:\/\/api.w.org\/{rel}","templated":true}]}}