{"id":18884,"date":"2026-02-21T12:10:31","date_gmt":"2026-02-21T12:10:31","guid":{"rendered":"https:\/\/mpcid.gov.gn\/?p=18884"},"modified":"2026-02-21T14:18:14","modified_gmt":"2026-02-21T14:18:14","slug":"ministre-ismael-nabe-echanges-strategiques-avec-le-fida-des-investisseurs-internationaux-et-le-secteur-prive-guineen","status":"publish","type":"post","link":"https:\/\/mpcid.gov.gn\/index.php\/ministre-ismael-nabe-echanges-strategiques-avec-le-fida-des-investisseurs-internationaux-et-le-secteur-prive-guineen\/","title":{"rendered":"Ministre Isma\u00ebl NABE : \u00e9changes strat\u00e9giques avec le FIDA, des investisseurs internationaux et le secteur priv\u00e9 guin\u00e9en"},"content":{"rendered":"<p>Conakry, 20 f\u00e9vrier 2026 \u2013 Le Ministre du Plan, de la Coop\u00e9ration internationale et du D\u00e9veloppement, Isma\u00ebl NABE, a men\u00e9 une journ\u00e9e de travail particuli\u00e8rement dense, marqu\u00e9e par des \u00e9changes strat\u00e9giques avec plusieurs acteurs majeurs du d\u00e9veloppement et de l\u2019investissement.<\/p>\n<p><img fetchpriority=\"high\" decoding=\"async\" class=\"alignnone size-medium wp-image-18886\" src=\"https:\/\/mpcid.gov.gn\/wp-content\/uploads\/2026\/02\/4-10-500x333.jpg\" alt=\"\" width=\"500\" height=\"333\" srcset=\"https:\/\/mpcid.gov.gn\/wp-content\/uploads\/2026\/02\/4-10-500x333.jpg 500w, https:\/\/mpcid.gov.gn\/wp-content\/uploads\/2026\/02\/4-10-1024x683.jpg 1024w, https:\/\/mpcid.gov.gn\/wp-content\/uploads\/2026\/02\/4-10-768x512.jpg 768w, https:\/\/mpcid.gov.gn\/wp-content\/uploads\/2026\/02\/4-10.jpg 1080w\" sizes=\"(max-width: 500px) 85vw, 500px\" \/><\/p>\n<p>Il a re\u00e7u Madame Ann TURINAYO, Directrice pays du Fonds international de d\u00e9veloppement agricole (FIDA) pour la Guin\u00e9e, la Gambie et le Cap-Vert. Les discussions ont port\u00e9 sur la confirmation de l\u2019engagement du FIDA en faveur de la modernisation du secteur agricole guin\u00e9en, ainsi que sur la mobilisation de ressources financi\u00e8res additionnelles pour le projet AgriFARM et les programmes FIDA 13 et 14. Le Ministre a r\u00e9affirm\u00e9 la disponibilit\u00e9 du Gouvernement guin\u00e9en \u00e0 accompagner le FIDA, partenaire strat\u00e9gique du d\u00e9veloppement national.<\/p>\n<p>Le Ministre Isma\u00ebl NABE s\u2019est ensuite entretenu avec une d\u00e9l\u00e9gation d\u2019investisseurs saoudiens et \u00e9miratis, invit\u00e9s \u00e0 soumettre des projets d\u2019investissement concrets et structurants, align\u00e9s sur les priorit\u00e9s strat\u00e9giques de la Guin\u00e9e. Il a r\u00e9it\u00e9r\u00e9 la volont\u00e9 gouvernement de cr\u00e9er un environnement attractif et s\u00e9curis\u00e9 pour les investissements productifs.<\/p>\n<p><img decoding=\"async\" class=\"alignnone size-medium wp-image-18929\" src=\"https:\/\/mpcid.gov.gn\/wp-content\/uploads\/2026\/02\/7-10-500x355.jpg\" alt=\"\" width=\"500\" height=\"355\" srcset=\"https:\/\/mpcid.gov.gn\/wp-content\/uploads\/2026\/02\/7-10-500x355.jpg 500w, https:\/\/mpcid.gov.gn\/wp-content\/uploads\/2026\/02\/7-10-1024x727.jpg 1024w, https:\/\/mpcid.gov.gn\/wp-content\/uploads\/2026\/02\/7-10-768x545.jpg 768w, https:\/\/mpcid.gov.gn\/wp-content\/uploads\/2026\/02\/7-10.jpg 1080w\" sizes=\"(max-width: 500px) 85vw, 500px\" \/> <img decoding=\"async\" class=\"alignnone size-medium wp-image-18928\" src=\"https:\/\/mpcid.gov.gn\/wp-content\/uploads\/2026\/02\/6-11-500x345.jpg\" alt=\"\" width=\"500\" height=\"345\" srcset=\"https:\/\/mpcid.gov.gn\/wp-content\/uploads\/2026\/02\/6-11-500x345.jpg 500w, https:\/\/mpcid.gov.gn\/wp-content\/uploads\/2026\/02\/6-11-1024x707.jpg 1024w, https:\/\/mpcid.gov.gn\/wp-content\/uploads\/2026\/02\/6-11-768x530.jpg 768w, https:\/\/mpcid.gov.gn\/wp-content\/uploads\/2026\/02\/6-11.jpg 1080w\" sizes=\"(max-width: 500px) 85vw, 500px\" \/> <img loading=\"lazy\" decoding=\"async\" class=\"alignnone size-medium wp-image-18927\" src=\"https:\/\/mpcid.gov.gn\/wp-content\/uploads\/2026\/02\/5-11-500x333.jpg\" alt=\"\" width=\"500\" height=\"333\" srcset=\"https:\/\/mpcid.gov.gn\/wp-content\/uploads\/2026\/02\/5-11-500x333.jpg 500w, https:\/\/mpcid.gov.gn\/wp-content\/uploads\/2026\/02\/5-11-1024x683.jpg 1024w, https:\/\/mpcid.gov.gn\/wp-content\/uploads\/2026\/02\/5-11-768x512.jpg 768w, https:\/\/mpcid.gov.gn\/wp-content\/uploads\/2026\/02\/5-11.jpg 1080w\" sizes=\"(max-width: 500px) 85vw, 500px\" \/> <img loading=\"lazy\" decoding=\"async\" class=\"alignnone size-medium wp-image-18925\" src=\"https:\/\/mpcid.gov.gn\/wp-content\/uploads\/2026\/02\/3-11-500x333.jpg\" alt=\"\" width=\"500\" height=\"333\" srcset=\"https:\/\/mpcid.gov.gn\/wp-content\/uploads\/2026\/02\/3-11-500x333.jpg 500w, https:\/\/mpcid.gov.gn\/wp-content\/uploads\/2026\/02\/3-11-1024x683.jpg 1024w, https:\/\/mpcid.gov.gn\/wp-content\/uploads\/2026\/02\/3-11-768x512.jpg 768w, https:\/\/mpcid.gov.gn\/wp-content\/uploads\/2026\/02\/3-11.jpg 1080w\" sizes=\"(max-width: 500px) 85vw, 500px\" \/> <img loading=\"lazy\" decoding=\"async\" class=\"alignnone size-medium wp-image-18924\" src=\"https:\/\/mpcid.gov.gn\/wp-content\/uploads\/2026\/02\/2-13-500x333.jpg\" alt=\"\" width=\"500\" height=\"333\" srcset=\"https:\/\/mpcid.gov.gn\/wp-content\/uploads\/2026\/02\/2-13-500x333.jpg 500w, https:\/\/mpcid.gov.gn\/wp-content\/uploads\/2026\/02\/2-13-1024x683.jpg 1024w, https:\/\/mpcid.gov.gn\/wp-content\/uploads\/2026\/02\/2-13-768x512.jpg 768w, https:\/\/mpcid.gov.gn\/wp-content\/uploads\/2026\/02\/2-13.jpg 1080w\" sizes=\"(max-width: 500px) 85vw, 500px\" \/> <img loading=\"lazy\" decoding=\"async\" class=\"alignnone size-medium wp-image-18923\" src=\"https:\/\/mpcid.gov.gn\/wp-content\/uploads\/2026\/02\/1-12-500x341.jpg\" alt=\"\" width=\"500\" height=\"341\" srcset=\"https:\/\/mpcid.gov.gn\/wp-content\/uploads\/2026\/02\/1-12-500x341.jpg 500w, https:\/\/mpcid.gov.gn\/wp-content\/uploads\/2026\/02\/1-12-1024x698.jpg 1024w, https:\/\/mpcid.gov.gn\/wp-content\/uploads\/2026\/02\/1-12-768x523.jpg 768w, https:\/\/mpcid.gov.gn\/wp-content\/uploads\/2026\/02\/1-12.jpg 1080w\" sizes=\"(max-width: 500px) 85vw, 500px\" \/> <img loading=\"lazy\" decoding=\"async\" class=\"alignnone size-medium wp-image-18926\" src=\"https:\/\/mpcid.gov.gn\/wp-content\/uploads\/2026\/02\/4-13-500x333.jpg\" alt=\"\" width=\"500\" height=\"333\" srcset=\"https:\/\/mpcid.gov.gn\/wp-content\/uploads\/2026\/02\/4-13-500x333.jpg 500w, https:\/\/mpcid.gov.gn\/wp-content\/uploads\/2026\/02\/4-13-1024x682.jpg 1024w, https:\/\/mpcid.gov.gn\/wp-content\/uploads\/2026\/02\/4-13-768x511.jpg 768w, https:\/\/mpcid.gov.gn\/wp-content\/uploads\/2026\/02\/4-13.jpg 1080w\" sizes=\"(max-width: 500px) 85vw, 500px\" \/> <img loading=\"lazy\" decoding=\"async\" class=\"alignnone size-medium wp-image-18931\" src=\"https:\/\/mpcid.gov.gn\/wp-content\/uploads\/2026\/02\/9-9-500x333.jpg\" alt=\"\" width=\"500\" height=\"333\" srcset=\"https:\/\/mpcid.gov.gn\/wp-content\/uploads\/2026\/02\/9-9-500x333.jpg 500w, https:\/\/mpcid.gov.gn\/wp-content\/uploads\/2026\/02\/9-9-1024x683.jpg 1024w, https:\/\/mpcid.gov.gn\/wp-content\/uploads\/2026\/02\/9-9-768x512.jpg 768w, https:\/\/mpcid.gov.gn\/wp-content\/uploads\/2026\/02\/9-9.jpg 1080w\" sizes=\"(max-width: 500px) 85vw, 500px\" \/> <img loading=\"lazy\" decoding=\"async\" class=\"alignnone size-medium wp-image-18933\" src=\"https:\/\/mpcid.gov.gn\/wp-content\/uploads\/2026\/02\/11-8-500x337.jpg\" alt=\"\" width=\"500\" height=\"337\" srcset=\"https:\/\/mpcid.gov.gn\/wp-content\/uploads\/2026\/02\/11-8-500x337.jpg 500w, https:\/\/mpcid.gov.gn\/wp-content\/uploads\/2026\/02\/11-8-1024x689.jpg 1024w, https:\/\/mpcid.gov.gn\/wp-content\/uploads\/2026\/02\/11-8-768x517.jpg 768w, https:\/\/mpcid.gov.gn\/wp-content\/uploads\/2026\/02\/11-8.jpg 1080w\" sizes=\"(max-width: 500px) 85vw, 500px\" \/> <img loading=\"lazy\" decoding=\"async\" class=\"alignnone size-medium wp-image-18932\" src=\"https:\/\/mpcid.gov.gn\/wp-content\/uploads\/2026\/02\/10-9-500x366.jpg\" alt=\"\" width=\"500\" height=\"366\" srcset=\"https:\/\/mpcid.gov.gn\/wp-content\/uploads\/2026\/02\/10-9-500x366.jpg 500w, https:\/\/mpcid.gov.gn\/wp-content\/uploads\/2026\/02\/10-9-1024x750.jpg 1024w, https:\/\/mpcid.gov.gn\/wp-content\/uploads\/2026\/02\/10-9-768x562.jpg 768w, https:\/\/mpcid.gov.gn\/wp-content\/uploads\/2026\/02\/10-9.jpg 1080w\" sizes=\"(max-width: 500px) 85vw, 500px\" \/><\/p>\n<p>Enfin, une session de travail avec les op\u00e9rateurs \u00e9conomiques guin\u00e9ens, conduite par le Pr\u00e9sident de la Chambre de Commerce, de l\u2019Industrie et de l\u2019Artisanat, Monsieur Mamadou BALDE, a permis d\u2019aborder les pr\u00e9occupations du secteur priv\u00e9, les r\u00e9formes en cours et les perspectives de partenariat public-priv\u00e9, au service du d\u00e9veloppement \u00e9conomique national.<\/p>\n<p><img loading=\"lazy\" decoding=\"async\" class=\"alignnone size-medium wp-image-18888\" src=\"https:\/\/mpcid.gov.gn\/wp-content\/uploads\/2026\/02\/2-10-500x325.jpg\" alt=\"\" width=\"500\" height=\"325\" srcset=\"https:\/\/mpcid.gov.gn\/wp-content\/uploads\/2026\/02\/2-10-500x325.jpg 500w, https:\/\/mpcid.gov.gn\/wp-content\/uploads\/2026\/02\/2-10-1024x667.jpg 1024w, https:\/\/mpcid.gov.gn\/wp-content\/uploads\/2026\/02\/2-10-768x500.jpg 768w, https:\/\/mpcid.gov.gn\/wp-content\/uploads\/2026\/02\/2-10.jpg 1080w\" sizes=\"(max-width: 500px) 85vw, 500px\" \/> <img loading=\"lazy\" decoding=\"async\" class=\"alignnone size-medium wp-image-18892\" src=\"https:\/\/mpcid.gov.gn\/wp-content\/uploads\/2026\/02\/12-6-500x297.jpg\" alt=\"\" width=\"500\" height=\"297\" srcset=\"https:\/\/mpcid.gov.gn\/wp-content\/uploads\/2026\/02\/12-6-500x297.jpg 500w, https:\/\/mpcid.gov.gn\/wp-content\/uploads\/2026\/02\/12-6-1024x608.jpg 1024w, https:\/\/mpcid.gov.gn\/wp-content\/uploads\/2026\/02\/12-6-768x456.jpg 768w, https:\/\/mpcid.gov.gn\/wp-content\/uploads\/2026\/02\/12-6.jpg 1080w\" sizes=\"(max-width: 500px) 85vw, 500px\" \/> <img loading=\"lazy\" decoding=\"async\" class=\"alignnone size-medium wp-image-18890\" src=\"https:\/\/mpcid.gov.gn\/wp-content\/uploads\/2026\/02\/10-7-500x333.jpg\" alt=\"\" width=\"500\" height=\"333\" srcset=\"https:\/\/mpcid.gov.gn\/wp-content\/uploads\/2026\/02\/10-7-500x333.jpg 500w, https:\/\/mpcid.gov.gn\/wp-content\/uploads\/2026\/02\/10-7-1024x683.jpg 1024w, https:\/\/mpcid.gov.gn\/wp-content\/uploads\/2026\/02\/10-7-768x512.jpg 768w, https:\/\/mpcid.gov.gn\/wp-content\/uploads\/2026\/02\/10-7.jpg 1080w\" sizes=\"(max-width: 500px) 85vw, 500px\" \/> <img loading=\"lazy\" decoding=\"async\" class=\"alignnone size-medium wp-image-18893\" src=\"https:\/\/mpcid.gov.gn\/wp-content\/uploads\/2026\/02\/13-5-500x343.jpg\" alt=\"\" width=\"500\" height=\"343\" srcset=\"https:\/\/mpcid.gov.gn\/wp-content\/uploads\/2026\/02\/13-5-500x343.jpg 500w, https:\/\/mpcid.gov.gn\/wp-content\/uploads\/2026\/02\/13-5-1024x703.jpg 1024w, https:\/\/mpcid.gov.gn\/wp-content\/uploads\/2026\/02\/13-5-768x527.jpg 768w, https:\/\/mpcid.gov.gn\/wp-content\/uploads\/2026\/02\/13-5.jpg 1080w\" sizes=\"(max-width: 500px) 85vw, 500px\" \/> <img loading=\"lazy\" decoding=\"async\" class=\"alignnone size-medium wp-image-18891\" src=\"https:\/\/mpcid.gov.gn\/wp-content\/uploads\/2026\/02\/11-6-500x334.jpg\" alt=\"\" width=\"500\" height=\"334\" srcset=\"https:\/\/mpcid.gov.gn\/wp-content\/uploads\/2026\/02\/11-6-500x334.jpg 500w, https:\/\/mpcid.gov.gn\/wp-content\/uploads\/2026\/02\/11-6-1024x684.jpg 1024w, https:\/\/mpcid.gov.gn\/wp-content\/uploads\/2026\/02\/11-6-768x513.jpg 768w, https:\/\/mpcid.gov.gn\/wp-content\/uploads\/2026\/02\/11-6.jpg 1080w\" sizes=\"(max-width: 500px) 85vw, 500px\" \/> <img loading=\"lazy\" decoding=\"async\" class=\"alignnone size-medium wp-image-18889\" src=\"https:\/\/mpcid.gov.gn\/wp-content\/uploads\/2026\/02\/4-11-500x333.jpg\" alt=\"\" width=\"500\" height=\"333\" srcset=\"https:\/\/mpcid.gov.gn\/wp-content\/uploads\/2026\/02\/4-11-500x333.jpg 500w, https:\/\/mpcid.gov.gn\/wp-content\/uploads\/2026\/02\/4-11-1024x683.jpg 1024w, https:\/\/mpcid.gov.gn\/wp-content\/uploads\/2026\/02\/4-11-768x512.jpg 768w, https:\/\/mpcid.gov.gn\/wp-content\/uploads\/2026\/02\/4-11.jpg 1080w\" sizes=\"(max-width: 500px) 85vw, 500px\" \/> <img loading=\"lazy\" decoding=\"async\" class=\"alignnone size-medium wp-image-18887\" src=\"https:\/\/mpcid.gov.gn\/wp-content\/uploads\/2026\/02\/1-9-500x275.jpg\" alt=\"\" width=\"500\" height=\"275\" srcset=\"https:\/\/mpcid.gov.gn\/wp-content\/uploads\/2026\/02\/1-9-500x275.jpg 500w, https:\/\/mpcid.gov.gn\/wp-content\/uploads\/2026\/02\/1-9-1024x563.jpg 1024w, https:\/\/mpcid.gov.gn\/wp-content\/uploads\/2026\/02\/1-9-768x422.jpg 768w, https:\/\/mpcid.gov.gn\/wp-content\/uploads\/2026\/02\/1-9.jpg 1080w\" sizes=\"(max-width: 500px) 85vw, 500px\" \/><\/p>\n","protected":false},"excerpt":{"rendered":"<p>Conakry, 20 f\u00e9vrier 2026 \u2013 Le Ministre du Plan, de la Coop\u00e9ration internationale et du D\u00e9veloppement, Isma\u00ebl NABE, a men\u00e9 une journ\u00e9e de travail particuli\u00e8rement dense, marqu\u00e9e par des \u00e9changes strat\u00e9giques avec plusieurs acteurs majeurs du d\u00e9veloppement et de l\u2019investissement. Il a re\u00e7u Madame Ann TURINAYO, Directrice pays du Fonds international de d\u00e9veloppement agricole (FIDA) &hellip; <a href=\"https:\/\/mpcid.gov.gn\/index.php\/ministre-ismael-nabe-echanges-strategiques-avec-le-fida-des-investisseurs-internationaux-et-le-secteur-prive-guineen\/\" class=\"more-link\">Continue reading<span class=\"screen-reader-text\"> \u00ab\u00a0Ministre Isma\u00ebl NABE : \u00e9changes strat\u00e9giques avec le FIDA, des investisseurs internationaux et le secteur priv\u00e9 guin\u00e9en\u00a0\u00bb<\/span><\/a><\/p>\n","protected":false},"author":20,"featured_media":18885,"comment_status":"closed","ping_status":"closed","sticky":false,"template":"","format":"standard","meta":{"footnotes":""},"categories":[63],"tags":[],"class_list":["post-18884","post","type-post","status-publish","format-standard","has-post-thumbnail","hentry","category-actualites"],"yoast_head":"<!-- This site is optimized with the Yoast SEO plugin v27.5 - https:\/\/yoast.com\/product\/yoast-seo-wordpress\/ -->\n<title>Ministre Isma\u00ebl NABE : \u00e9changes strat\u00e9giques avec le FIDA, des investisseurs internationaux et le secteur priv\u00e9 guin\u00e9en - MPCI<\/title>\n<meta name=\"robots\" content=\"index, follow, max-snippet:-1, max-image-preview:large, max-video-preview:-1\" \/>\n<link rel=\"canonical\" href=\"https:\/\/mpcid.gov.gn\/index.php\/ministre-ismael-nabe-echanges-strategiques-avec-le-fida-des-investisseurs-internationaux-et-le-secteur-prive-guineen\/\" \/>\n<meta property=\"og:locale\" content=\"fr_FR\" \/>\n<meta property=\"og:type\" content=\"article\" \/>\n<meta property=\"og:title\" content=\"Ministre Isma\u00ebl NABE : \u00e9changes strat\u00e9giques avec le FIDA, des investisseurs internationaux et le secteur priv\u00e9 guin\u00e9en - MPCI\" \/>\n<meta property=\"og:description\" content=\"Conakry, 20 f\u00e9vrier 2026 \u2013 Le Ministre du Plan, de la Coop\u00e9ration internationale et du D\u00e9veloppement, Isma\u00ebl NABE, a men\u00e9 une journ\u00e9e de travail particuli\u00e8rement dense, marqu\u00e9e par des \u00e9changes strat\u00e9giques avec plusieurs acteurs majeurs du d\u00e9veloppement et de l\u2019investissement. Il a re\u00e7u Madame Ann TURINAYO, Directrice pays du Fonds international de d\u00e9veloppement agricole (FIDA) &hellip; Continue reading &quot;Ministre Isma\u00ebl NABE : \u00e9changes strat\u00e9giques avec le FIDA, des investisseurs internationaux et le secteur priv\u00e9 guin\u00e9en&quot;\" \/>\n<meta property=\"og:url\" content=\"https:\/\/mpcid.gov.gn\/index.php\/ministre-ismael-nabe-echanges-strategiques-avec-le-fida-des-investisseurs-internationaux-et-le-secteur-prive-guineen\/\" \/>\n<meta property=\"og:site_name\" content=\"MPCI\" \/>\n<meta property=\"article:publisher\" content=\"https:\/\/www.facebook.com\/MPCIGN\" \/>\n<meta property=\"article:published_time\" content=\"2026-02-21T12:10:31+00:00\" \/>\n<meta property=\"article:modified_time\" content=\"2026-02-21T14:18:14+00:00\" \/>\n<meta property=\"og:image\" content=\"https:\/\/mpcid.gov.gn\/wp-content\/uploads\/2026\/02\/9-7.jpg\" \/>\n\t<meta property=\"og:image:width\" content=\"1080\" \/>\n\t<meta property=\"og:image:height\" content=\"720\" \/>\n\t<meta property=\"og:image:type\" content=\"image\/jpeg\" \/>\n<meta name=\"author\" content=\"Service Communication\" \/>\n<meta name=\"twitter:card\" content=\"summary_large_image\" \/>\n<meta name=\"twitter:creator\" content=\"@MpciGov\" \/>\n<meta name=\"twitter:site\" content=\"@MpciGov\" \/>\n<meta name=\"twitter:label1\" content=\"\u00c9crit par\" \/>\n\t<meta name=\"twitter:data1\" content=\"Service Communication\" \/>\n\t<meta name=\"twitter:label2\" content=\"Dur\u00e9e de lecture estim\u00e9e\" \/>\n\t<meta name=\"twitter:data2\" content=\"5 minutes\" \/>\n<script type=\"application\/ld+json\" class=\"yoast-schema-graph\">{\"@context\":\"https:\\\/\\\/schema.org\",\"@graph\":[{\"@type\":\"Article\",\"@id\":\"https:\\\/\\\/mpcid.gov.gn\\\/index.php\\\/ministre-ismael-nabe-echanges-strategiques-avec-le-fida-des-investisseurs-internationaux-et-le-secteur-prive-guineen\\\/#article\",\"isPartOf\":{\"@id\":\"https:\\\/\\\/mpcid.gov.gn\\\/index.php\\\/ministre-ismael-nabe-echanges-strategiques-avec-le-fida-des-investisseurs-internationaux-et-le-secteur-prive-guineen\\\/\"},\"author\":{\"name\":\"Service Communication\",\"@id\":\"https:\\\/\\\/mpcid.gov.gn\\\/#\\\/schema\\\/person\\\/070aeea8fafd7a7e5a037505652abbee\"},\"headline\":\"Ministre Isma\u00ebl NABE : \u00e9changes strat\u00e9giques avec le FIDA, des investisseurs internationaux et le secteur priv\u00e9 guin\u00e9en\",\"datePublished\":\"2026-02-21T12:10:31+00:00\",\"dateModified\":\"2026-02-21T14:18:14+00:00\",\"mainEntityOfPage\":{\"@id\":\"https:\\\/\\\/mpcid.gov.gn\\\/index.php\\\/ministre-ismael-nabe-echanges-strategiques-avec-le-fida-des-investisseurs-internationaux-et-le-secteur-prive-guineen\\\/\"},\"wordCount\":276,\"publisher\":{\"@id\":\"https:\\\/\\\/mpcid.gov.gn\\\/#organization\"},\"image\":{\"@id\":\"https:\\\/\\\/mpcid.gov.gn\\\/index.php\\\/ministre-ismael-nabe-echanges-strategiques-avec-le-fida-des-investisseurs-internationaux-et-le-secteur-prive-guineen\\\/#primaryimage\"},\"thumbnailUrl\":\"https:\\\/\\\/mpcid.gov.gn\\\/wp-content\\\/uploads\\\/2026\\\/02\\\/9-7.jpg\",\"articleSection\":[\"Actualit\u00e9s\"],\"inLanguage\":\"fr-FR\"},{\"@type\":\"WebPage\",\"@id\":\"https:\\\/\\\/mpcid.gov.gn\\\/index.php\\\/ministre-ismael-nabe-echanges-strategiques-avec-le-fida-des-investisseurs-internationaux-et-le-secteur-prive-guineen\\\/\",\"url\":\"https:\\\/\\\/mpcid.gov.gn\\\/index.php\\\/ministre-ismael-nabe-echanges-strategiques-avec-le-fida-des-investisseurs-internationaux-et-le-secteur-prive-guineen\\\/\",\"name\":\"Ministre Isma\u00ebl NABE : \u00e9changes strat\u00e9giques avec le FIDA, des investisseurs internationaux et le secteur priv\u00e9 guin\u00e9en - MPCI\",\"isPartOf\":{\"@id\":\"https:\\\/\\\/mpcid.gov.gn\\\/#website\"},\"primaryImageOfPage\":{\"@id\":\"https:\\\/\\\/mpcid.gov.gn\\\/index.php\\\/ministre-ismael-nabe-echanges-strategiques-avec-le-fida-des-investisseurs-internationaux-et-le-secteur-prive-guineen\\\/#primaryimage\"},\"image\":{\"@id\":\"https:\\\/\\\/mpcid.gov.gn\\\/index.php\\\/ministre-ismael-nabe-echanges-strategiques-avec-le-fida-des-investisseurs-internationaux-et-le-secteur-prive-guineen\\\/#primaryimage\"},\"thumbnailUrl\":\"https:\\\/\\\/mpcid.gov.gn\\\/wp-content\\\/uploads\\\/2026\\\/02\\\/9-7.jpg\",\"datePublished\":\"2026-02-21T12:10:31+00:00\",\"dateModified\":\"2026-02-21T14:18:14+00:00\",\"breadcrumb\":{\"@id\":\"https:\\\/\\\/mpcid.gov.gn\\\/index.php\\\/ministre-ismael-nabe-echanges-strategiques-avec-le-fida-des-investisseurs-internationaux-et-le-secteur-prive-guineen\\\/#breadcrumb\"},\"inLanguage\":\"fr-FR\",\"potentialAction\":[{\"@type\":\"ReadAction\",\"target\":[\"https:\\\/\\\/mpcid.gov.gn\\\/index.php\\\/ministre-ismael-nabe-echanges-strategiques-avec-le-fida-des-investisseurs-internationaux-et-le-secteur-prive-guineen\\\/\"]}]},{\"@type\":\"ImageObject\",\"inLanguage\":\"fr-FR\",\"@id\":\"https:\\\/\\\/mpcid.gov.gn\\\/index.php\\\/ministre-ismael-nabe-echanges-strategiques-avec-le-fida-des-investisseurs-internationaux-et-le-secteur-prive-guineen\\\/#primaryimage\",\"url\":\"https:\\\/\\\/mpcid.gov.gn\\\/wp-content\\\/uploads\\\/2026\\\/02\\\/9-7.jpg\",\"contentUrl\":\"https:\\\/\\\/mpcid.gov.gn\\\/wp-content\\\/uploads\\\/2026\\\/02\\\/9-7.jpg\",\"width\":1080,\"height\":720},{\"@type\":\"BreadcrumbList\",\"@id\":\"https:\\\/\\\/mpcid.gov.gn\\\/index.php\\\/ministre-ismael-nabe-echanges-strategiques-avec-le-fida-des-investisseurs-internationaux-et-le-secteur-prive-guineen\\\/#breadcrumb\",\"itemListElement\":[{\"@type\":\"ListItem\",\"position\":1,\"name\":\"Accueil\",\"item\":\"https:\\\/\\\/mpcid.gov.gn\\\/\"},{\"@type\":\"ListItem\",\"position\":2,\"name\":\"Ministre Isma\u00ebl NABE : \u00e9changes strat\u00e9giques avec le FIDA, des investisseurs internationaux et le secteur priv\u00e9 guin\u00e9en\"}]},{\"@type\":\"WebSite\",\"@id\":\"https:\\\/\\\/mpcid.gov.gn\\\/#website\",\"url\":\"https:\\\/\\\/mpcid.gov.gn\\\/\",\"name\":\"https:\\\/\\\/mpcid.gov.gn\\\/\",\"description\":\"Minist\u00e8re du Plan et de la Coop\u00e9ration Internationale\",\"publisher\":{\"@id\":\"https:\\\/\\\/mpcid.gov.gn\\\/#organization\"},\"potentialAction\":[{\"@type\":\"SearchAction\",\"target\":{\"@type\":\"EntryPoint\",\"urlTemplate\":\"https:\\\/\\\/mpcid.gov.gn\\\/?s={search_term_string}\"},\"query-input\":{\"@type\":\"PropertyValueSpecification\",\"valueRequired\":true,\"valueName\":\"search_term_string\"}}],\"inLanguage\":\"fr-FR\"},{\"@type\":\"Organization\",\"@id\":\"https:\\\/\\\/mpcid.gov.gn\\\/#organization\",\"name\":\"Minist\u00e8re du Plan et de la Coop\u00e9ration Internationale - MPCI\",\"url\":\"https:\\\/\\\/mpcid.gov.gn\\\/\",\"logo\":{\"@type\":\"ImageObject\",\"inLanguage\":\"fr-FR\",\"@id\":\"https:\\\/\\\/mpcid.gov.gn\\\/#\\\/schema\\\/logo\\\/image\\\/\",\"url\":\"https:\\\/\\\/mpcid.gov.gn\\\/wp-content\\\/uploads\\\/2023\\\/10\\\/Ministere-du-Plan-et-de-la-Cooperation-Internationale-MPCI.jpg\",\"contentUrl\":\"https:\\\/\\\/mpcid.gov.gn\\\/wp-content\\\/uploads\\\/2023\\\/10\\\/Ministere-du-Plan-et-de-la-Cooperation-Internationale-MPCI.jpg\",\"width\":462,\"height\":462,\"caption\":\"Minist\u00e8re du Plan et de la Coop\u00e9ration Internationale - MPCI\"},\"image\":{\"@id\":\"https:\\\/\\\/mpcid.gov.gn\\\/#\\\/schema\\\/logo\\\/image\\\/\"},\"sameAs\":[\"https:\\\/\\\/www.facebook.com\\\/MPCIGN\",\"https:\\\/\\\/x.com\\\/MpciGov\"]},{\"@type\":\"Person\",\"@id\":\"https:\\\/\\\/mpcid.gov.gn\\\/#\\\/schema\\\/person\\\/070aeea8fafd7a7e5a037505652abbee\",\"name\":\"Service Communication\",\"sameAs\":[\"http:\\\/\\\/Service-com\"],\"url\":\"https:\\\/\\\/mpcid.gov.gn\\\/index.php\\\/author\\\/service-com\\\/\"}]}<\/script>\n<!-- \/ Yoast SEO plugin. -->","yoast_head_json":{"title":"Ministre Isma\u00ebl NABE : \u00e9changes strat\u00e9giques avec le FIDA, des investisseurs internationaux et le secteur priv\u00e9 guin\u00e9en - MPCI","robots":{"index":"index","follow":"follow","max-snippet":"max-snippet:-1","max-image-preview":"max-image-preview:large","max-video-preview":"max-video-preview:-1"},"canonical":"https:\/\/mpcid.gov.gn\/index.php\/ministre-ismael-nabe-echanges-strategiques-avec-le-fida-des-investisseurs-internationaux-et-le-secteur-prive-guineen\/","og_locale":"fr_FR","og_type":"article","og_title":"Ministre Isma\u00ebl NABE : \u00e9changes strat\u00e9giques avec le FIDA, des investisseurs internationaux et le secteur priv\u00e9 guin\u00e9en - MPCI","og_description":"Conakry, 20 f\u00e9vrier 2026 \u2013 Le Ministre du Plan, de la Coop\u00e9ration internationale et du D\u00e9veloppement, Isma\u00ebl NABE, a men\u00e9 une journ\u00e9e de travail particuli\u00e8rement dense, marqu\u00e9e par des \u00e9changes strat\u00e9giques avec plusieurs acteurs majeurs du d\u00e9veloppement et de l\u2019investissement. Il a re\u00e7u Madame Ann TURINAYO, Directrice pays du Fonds international de d\u00e9veloppement agricole (FIDA) &hellip; Continue reading \"Ministre Isma\u00ebl NABE : \u00e9changes strat\u00e9giques avec le FIDA, des investisseurs internationaux et le secteur priv\u00e9 guin\u00e9en\"","og_url":"https:\/\/mpcid.gov.gn\/index.php\/ministre-ismael-nabe-echanges-strategiques-avec-le-fida-des-investisseurs-internationaux-et-le-secteur-prive-guineen\/","og_site_name":"MPCI","article_publisher":"https:\/\/www.facebook.com\/MPCIGN","article_published_time":"2026-02-21T12:10:31+00:00","article_modified_time":"2026-02-21T14:18:14+00:00","og_image":[{"width":1080,"height":720,"url":"https:\/\/mpcid.gov.gn\/wp-content\/uploads\/2026\/02\/9-7.jpg","type":"image\/jpeg"}],"author":"Service Communication","twitter_card":"summary_large_image","twitter_creator":"@MpciGov","twitter_site":"@MpciGov","twitter_misc":{"\u00c9crit par":"Service Communication","Dur\u00e9e de lecture estim\u00e9e":"5 minutes"},"schema":{"@context":"https:\/\/schema.org","@graph":[{"@type":"Article","@id":"https:\/\/mpcid.gov.gn\/index.php\/ministre-ismael-nabe-echanges-strategiques-avec-le-fida-des-investisseurs-internationaux-et-le-secteur-prive-guineen\/#article","isPartOf":{"@id":"https:\/\/mpcid.gov.gn\/index.php\/ministre-ismael-nabe-echanges-strategiques-avec-le-fida-des-investisseurs-internationaux-et-le-secteur-prive-guineen\/"},"author":{"name":"Service Communication","@id":"https:\/\/mpcid.gov.gn\/#\/schema\/person\/070aeea8fafd7a7e5a037505652abbee"},"headline":"Ministre Isma\u00ebl NABE : \u00e9changes strat\u00e9giques avec le FIDA, des investisseurs internationaux et le secteur priv\u00e9 guin\u00e9en","datePublished":"2026-02-21T12:10:31+00:00","dateModified":"2026-02-21T14:18:14+00:00","mainEntityOfPage":{"@id":"https:\/\/mpcid.gov.gn\/index.php\/ministre-ismael-nabe-echanges-strategiques-avec-le-fida-des-investisseurs-internationaux-et-le-secteur-prive-guineen\/"},"wordCount":276,"publisher":{"@id":"https:\/\/mpcid.gov.gn\/#organization"},"image":{"@id":"https:\/\/mpcid.gov.gn\/index.php\/ministre-ismael-nabe-echanges-strategiques-avec-le-fida-des-investisseurs-internationaux-et-le-secteur-prive-guineen\/#primaryimage"},"thumbnailUrl":"https:\/\/mpcid.gov.gn\/wp-content\/uploads\/2026\/02\/9-7.jpg","articleSection":["Actualit\u00e9s"],"inLanguage":"fr-FR"},{"@type":"WebPage","@id":"https:\/\/mpcid.gov.gn\/index.php\/ministre-ismael-nabe-echanges-strategiques-avec-le-fida-des-investisseurs-internationaux-et-le-secteur-prive-guineen\/","url":"https:\/\/mpcid.gov.gn\/index.php\/ministre-ismael-nabe-echanges-strategiques-avec-le-fida-des-investisseurs-internationaux-et-le-secteur-prive-guineen\/","name":"Ministre Isma\u00ebl NABE : \u00e9changes strat\u00e9giques avec le FIDA, des investisseurs internationaux et le secteur priv\u00e9 guin\u00e9en - MPCI","isPartOf":{"@id":"https:\/\/mpcid.gov.gn\/#website"},"primaryImageOfPage":{"@id":"https:\/\/mpcid.gov.gn\/index.php\/ministre-ismael-nabe-echanges-strategiques-avec-le-fida-des-investisseurs-internationaux-et-le-secteur-prive-guineen\/#primaryimage"},"image":{"@id":"https:\/\/mpcid.gov.gn\/index.php\/ministre-ismael-nabe-echanges-strategiques-avec-le-fida-des-investisseurs-internationaux-et-le-secteur-prive-guineen\/#primaryimage"},"thumbnailUrl":"https:\/\/mpcid.gov.gn\/wp-content\/uploads\/2026\/02\/9-7.jpg","datePublished":"2026-02-21T12:10:31+00:00","dateModified":"2026-02-21T14:18:14+00:00","breadcrumb":{"@id":"https:\/\/mpcid.gov.gn\/index.php\/ministre-ismael-nabe-echanges-strategiques-avec-le-fida-des-investisseurs-internationaux-et-le-secteur-prive-guineen\/#breadcrumb"},"inLanguage":"fr-FR","potentialAction":[{"@type":"ReadAction","target":["https:\/\/mpcid.gov.gn\/index.php\/ministre-ismael-nabe-echanges-strategiques-avec-le-fida-des-investisseurs-internationaux-et-le-secteur-prive-guineen\/"]}]},{"@type":"ImageObject","inLanguage":"fr-FR","@id":"https:\/\/mpcid.gov.gn\/index.php\/ministre-ismael-nabe-echanges-strategiques-avec-le-fida-des-investisseurs-internationaux-et-le-secteur-prive-guineen\/#primaryimage","url":"https:\/\/mpcid.gov.gn\/wp-content\/uploads\/2026\/02\/9-7.jpg","contentUrl":"https:\/\/mpcid.gov.gn\/wp-content\/uploads\/2026\/02\/9-7.jpg","width":1080,"height":720},{"@type":"BreadcrumbList","@id":"https:\/\/mpcid.gov.gn\/index.php\/ministre-ismael-nabe-echanges-strategiques-avec-le-fida-des-investisseurs-internationaux-et-le-secteur-prive-guineen\/#breadcrumb","itemListElement":[{"@type":"ListItem","position":1,"name":"Accueil","item":"https:\/\/mpcid.gov.gn\/"},{"@type":"ListItem","position":2,"name":"Ministre Isma\u00ebl NABE : \u00e9changes strat\u00e9giques avec le FIDA, des investisseurs internationaux et le secteur priv\u00e9 guin\u00e9en"}]},{"@type":"WebSite","@id":"https:\/\/mpcid.gov.gn\/#website","url":"https:\/\/mpcid.gov.gn\/","name":"https:\/\/mpcid.gov.gn\/","description":"Minist\u00e8re du Plan et de la Coop\u00e9ration Internationale","publisher":{"@id":"https:\/\/mpcid.gov.gn\/#organization"},"potentialAction":[{"@type":"SearchAction","target":{"@type":"EntryPoint","urlTemplate":"https:\/\/mpcid.gov.gn\/?s={search_term_string}"},"query-input":{"@type":"PropertyValueSpecification","valueRequired":true,"valueName":"search_term_string"}}],"inLanguage":"fr-FR"},{"@type":"Organization","@id":"https:\/\/mpcid.gov.gn\/#organization","name":"Minist\u00e8re du Plan et de la Coop\u00e9ration Internationale - MPCI","url":"https:\/\/mpcid.gov.gn\/","logo":{"@type":"ImageObject","inLanguage":"fr-FR","@id":"https:\/\/mpcid.gov.gn\/#\/schema\/logo\/image\/","url":"https:\/\/mpcid.gov.gn\/wp-content\/uploads\/2023\/10\/Ministere-du-Plan-et-de-la-Cooperation-Internationale-MPCI.jpg","contentUrl":"https:\/\/mpcid.gov.gn\/wp-content\/uploads\/2023\/10\/Ministere-du-Plan-et-de-la-Cooperation-Internationale-MPCI.jpg","width":462,"height":462,"caption":"Minist\u00e8re du Plan et de la Coop\u00e9ration Internationale - MPCI"},"image":{"@id":"https:\/\/mpcid.gov.gn\/#\/schema\/logo\/image\/"},"sameAs":["https:\/\/www.facebook.com\/MPCIGN","https:\/\/x.com\/MpciGov"]},{"@type":"Person","@id":"https:\/\/mpcid.gov.gn\/#\/schema\/person\/070aeea8fafd7a7e5a037505652abbee","name":"Service Communication","sameAs":["http:\/\/Service-com"],"url":"https:\/\/mpcid.gov.gn\/index.php\/author\/service-com\/"}]}},"_links":{"self":[{"href":"https:\/\/mpcid.gov.gn\/index.php\/wp-json\/wp\/v2\/posts\/18884","targetHints":{"allow":["GET"]}}],"collection":[{"href":"https:\/\/mpcid.gov.gn\/index.php\/wp-json\/wp\/v2\/posts"}],"about":[{"href":"https:\/\/mpcid.gov.gn\/index.php\/wp-json\/wp\/v2\/types\/post"}],"author":[{"embeddable":true,"href":"https:\/\/mpcid.gov.gn\/index.php\/wp-json\/wp\/v2\/users\/20"}],"replies":[{"embeddable":true,"href":"https:\/\/mpcid.gov.gn\/index.php\/wp-json\/wp\/v2\/comments?post=18884"}],"version-history":[{"count":0,"href":"https:\/\/mpcid.gov.gn\/index.php\/wp-json\/wp\/v2\/posts\/18884\/revisions"}],"wp:featuredmedia":[{"embeddable":true,"href":"https:\/\/mpcid.gov.gn\/index.php\/wp-json\/wp\/v2\/media\/18885"}],"wp:attachment":[{"href":"https:\/\/mpcid.gov.gn\/index.php\/wp-json\/wp\/v2\/media?parent=18884"}],"wp:term":[{"taxonomy":"category","embeddable":true,"href":"https:\/\/mpcid.gov.gn\/index.php\/wp-json\/wp\/v2\/categories?post=18884"},{"taxonomy":"post_tag","embeddable":true,"href":"https:\/\/mpcid.gov.gn\/index.php\/wp-json\/wp\/v2\/tags?post=18884"}],"curies":[{"name":"wp","href":"https:\/\/api.w.org\/{rel}","templated":true}]}}