{"id":18847,"date":"2026-02-21T13:33:04","date_gmt":"2026-02-21T13:33:04","guid":{"rendered":"https:\/\/mpcid.gov.gn\/?p=18847"},"modified":"2026-02-21T14:11:02","modified_gmt":"2026-02-21T14:11:02","slug":"barrage-fomi-vers-le-lancement-effectif-dun-ouvrage-strategique-pour-la-transformation-energetique-et-agricole-de-la-guinee-sous-lere-du-sem-mamadi-doumbouya-president-de-la-republique","status":"publish","type":"post","link":"https:\/\/mpcid.gov.gn\/index.php\/barrage-fomi-vers-le-lancement-effectif-dun-ouvrage-strategique-pour-la-transformation-energetique-et-agricole-de-la-guinee-sous-lere-du-sem-mamadi-doumbouya-president-de-la-republique\/","title":{"rendered":"Barrage FOMI : Vers le lancement effectif d&rsquo;un ouvrage strat\u00e9gique pour la transformation \u00e9nerg\u00e9tique et agricole de la Guin\u00e9e sous l\u2019\u00e8re du SEM Mamadi Doumbouya, Pr\u00e9sident de la R\u00e9publique"},"content":{"rendered":"<p>Conakry, le 20 f\u00e9vrier 2026 \u2013 La Guin\u00e9e a franchi une \u00e9tape cruciale dans la relance du barrage FOMI, un projet hydro\u00e9lectrique et agro-industriel d&rsquo;envergure, destin\u00e9 \u00e0 transformer en profondeur le paysage \u00e9nerg\u00e9tique, agricole et infrastructurel du pays. Lors d&rsquo;une rencontre strat\u00e9gique de haut niveau, le Ministre du Plan, de la Coop\u00e9ration internationale et du D\u00e9veloppement, Isma\u00ebl NABE, par ailleurs point focal du FOCAC 2024, le Ministre de l&rsquo;\u00c9nergie, Laye S\u00e9kou CAMARA, les entreprises partenaires chinoises, notamment les g\u00e9ants internationaux de l\u2019ing\u00e9nierie hydro\u00e9lectrique TBEA, China International Water &amp; Electric Corporation, Sinohydro et Yellow River Engineering Consulting Co.Ltd. (YREC), et les entit\u00e9s institutionnelles concern\u00e9es, ont collectivement r\u00e9affirm\u00e9 leur d\u00e9termination \u00e0 passer de la phase des pourparlers \u00e0 celle de l&rsquo;ex\u00e9cution concr\u00e8te des travaux.<\/p>\n<p><img fetchpriority=\"high\" decoding=\"async\" class=\"alignnone size-medium wp-image-18896\" src=\"https:\/\/mpcid.gov.gn\/wp-content\/uploads\/2026\/02\/1-10-500x303.jpg\" alt=\"\" width=\"500\" height=\"303\" srcset=\"https:\/\/mpcid.gov.gn\/wp-content\/uploads\/2026\/02\/1-10-500x303.jpg 500w, https:\/\/mpcid.gov.gn\/wp-content\/uploads\/2026\/02\/1-10-1024x621.jpg 1024w, https:\/\/mpcid.gov.gn\/wp-content\/uploads\/2026\/02\/1-10-768x466.jpg 768w, https:\/\/mpcid.gov.gn\/wp-content\/uploads\/2026\/02\/1-10.jpg 1080w\" sizes=\"(max-width: 500px) 85vw, 500px\" \/> <img decoding=\"async\" class=\"alignnone size-medium wp-image-18902\" src=\"https:\/\/mpcid.gov.gn\/wp-content\/uploads\/2026\/02\/7-9-333x500.jpg\" alt=\"\" width=\"333\" height=\"500\" srcset=\"https:\/\/mpcid.gov.gn\/wp-content\/uploads\/2026\/02\/7-9-333x500.jpg 333w, https:\/\/mpcid.gov.gn\/wp-content\/uploads\/2026\/02\/7-9-683x1024.jpg 683w, https:\/\/mpcid.gov.gn\/wp-content\/uploads\/2026\/02\/7-9.jpg 720w\" sizes=\"(max-width: 333px) 85vw, 333px\" \/> <img decoding=\"async\" class=\"alignnone size-medium wp-image-18904\" src=\"https:\/\/mpcid.gov.gn\/wp-content\/uploads\/2026\/02\/9-8-333x500.jpg\" alt=\"\" width=\"333\" height=\"500\" srcset=\"https:\/\/mpcid.gov.gn\/wp-content\/uploads\/2026\/02\/9-8-333x500.jpg 333w, https:\/\/mpcid.gov.gn\/wp-content\/uploads\/2026\/02\/9-8-683x1024.jpg 683w, https:\/\/mpcid.gov.gn\/wp-content\/uploads\/2026\/02\/9-8.jpg 720w\" sizes=\"(max-width: 333px) 85vw, 333px\" \/> <img loading=\"lazy\" decoding=\"async\" class=\"alignnone size-medium wp-image-18898\" src=\"https:\/\/mpcid.gov.gn\/wp-content\/uploads\/2026\/02\/3-10-500x333.jpg\" alt=\"\" width=\"500\" height=\"333\" srcset=\"https:\/\/mpcid.gov.gn\/wp-content\/uploads\/2026\/02\/3-10-500x333.jpg 500w, https:\/\/mpcid.gov.gn\/wp-content\/uploads\/2026\/02\/3-10-1024x683.jpg 1024w, https:\/\/mpcid.gov.gn\/wp-content\/uploads\/2026\/02\/3-10-768x512.jpg 768w, https:\/\/mpcid.gov.gn\/wp-content\/uploads\/2026\/02\/3-10.jpg 1080w\" sizes=\"(max-width: 500px) 85vw, 500px\" \/> <img loading=\"lazy\" decoding=\"async\" class=\"alignnone size-medium wp-image-18897\" src=\"https:\/\/mpcid.gov.gn\/wp-content\/uploads\/2026\/02\/2-11-500x329.jpg\" alt=\"\" width=\"500\" height=\"329\" srcset=\"https:\/\/mpcid.gov.gn\/wp-content\/uploads\/2026\/02\/2-11-500x329.jpg 500w, https:\/\/mpcid.gov.gn\/wp-content\/uploads\/2026\/02\/2-11-1024x674.jpg 1024w, https:\/\/mpcid.gov.gn\/wp-content\/uploads\/2026\/02\/2-11-768x506.jpg 768w, https:\/\/mpcid.gov.gn\/wp-content\/uploads\/2026\/02\/2-11.jpg 1080w\" sizes=\"(max-width: 500px) 85vw, 500px\" \/> <img loading=\"lazy\" decoding=\"async\" class=\"alignnone size-medium wp-image-18910\" src=\"https:\/\/mpcid.gov.gn\/wp-content\/uploads\/2026\/02\/16-5-500x333.jpg\" alt=\"\" width=\"500\" height=\"333\" srcset=\"https:\/\/mpcid.gov.gn\/wp-content\/uploads\/2026\/02\/16-5-500x333.jpg 500w, https:\/\/mpcid.gov.gn\/wp-content\/uploads\/2026\/02\/16-5-1024x683.jpg 1024w, https:\/\/mpcid.gov.gn\/wp-content\/uploads\/2026\/02\/16-5-768x512.jpg 768w, https:\/\/mpcid.gov.gn\/wp-content\/uploads\/2026\/02\/16-5.jpg 1080w\" sizes=\"(max-width: 500px) 85vw, 500px\" \/> <img loading=\"lazy\" decoding=\"async\" class=\"alignnone size-medium wp-image-18909\" src=\"https:\/\/mpcid.gov.gn\/wp-content\/uploads\/2026\/02\/15-5-500x308.jpg\" alt=\"\" width=\"500\" height=\"308\" srcset=\"https:\/\/mpcid.gov.gn\/wp-content\/uploads\/2026\/02\/15-5-500x308.jpg 500w, https:\/\/mpcid.gov.gn\/wp-content\/uploads\/2026\/02\/15-5-1024x631.jpg 1024w, https:\/\/mpcid.gov.gn\/wp-content\/uploads\/2026\/02\/15-5-768x473.jpg 768w, https:\/\/mpcid.gov.gn\/wp-content\/uploads\/2026\/02\/15-5.jpg 1080w\" sizes=\"(max-width: 500px) 85vw, 500px\" \/> <img loading=\"lazy\" decoding=\"async\" class=\"alignnone size-medium wp-image-18908\" src=\"https:\/\/mpcid.gov.gn\/wp-content\/uploads\/2026\/02\/13-6-500x296.jpg\" alt=\"\" width=\"500\" height=\"296\" srcset=\"https:\/\/mpcid.gov.gn\/wp-content\/uploads\/2026\/02\/13-6-500x296.jpg 500w, https:\/\/mpcid.gov.gn\/wp-content\/uploads\/2026\/02\/13-6-1024x606.jpg 1024w, https:\/\/mpcid.gov.gn\/wp-content\/uploads\/2026\/02\/13-6-768x454.jpg 768w, https:\/\/mpcid.gov.gn\/wp-content\/uploads\/2026\/02\/13-6.jpg 1080w\" sizes=\"(max-width: 500px) 85vw, 500px\" \/> <img loading=\"lazy\" decoding=\"async\" class=\"alignnone size-medium wp-image-18907\" src=\"https:\/\/mpcid.gov.gn\/wp-content\/uploads\/2026\/02\/12-7-500x333.jpg\" alt=\"\" width=\"500\" height=\"333\" srcset=\"https:\/\/mpcid.gov.gn\/wp-content\/uploads\/2026\/02\/12-7-500x333.jpg 500w, https:\/\/mpcid.gov.gn\/wp-content\/uploads\/2026\/02\/12-7-1024x683.jpg 1024w, https:\/\/mpcid.gov.gn\/wp-content\/uploads\/2026\/02\/12-7-768x512.jpg 768w, https:\/\/mpcid.gov.gn\/wp-content\/uploads\/2026\/02\/12-7.jpg 1080w\" sizes=\"(max-width: 500px) 85vw, 500px\" \/> <img loading=\"lazy\" decoding=\"async\" class=\"alignnone size-medium wp-image-18901\" src=\"https:\/\/mpcid.gov.gn\/wp-content\/uploads\/2026\/02\/6-10-333x500.jpg\" alt=\"\" width=\"333\" height=\"500\" srcset=\"https:\/\/mpcid.gov.gn\/wp-content\/uploads\/2026\/02\/6-10-333x500.jpg 333w, https:\/\/mpcid.gov.gn\/wp-content\/uploads\/2026\/02\/6-10-683x1024.jpg 683w, https:\/\/mpcid.gov.gn\/wp-content\/uploads\/2026\/02\/6-10.jpg 720w\" sizes=\"(max-width: 333px) 85vw, 333px\" \/> <img loading=\"lazy\" decoding=\"async\" class=\"alignnone size-medium wp-image-18899\" src=\"https:\/\/mpcid.gov.gn\/wp-content\/uploads\/2026\/02\/4-12-500x333.jpg\" alt=\"\" width=\"500\" height=\"333\" srcset=\"https:\/\/mpcid.gov.gn\/wp-content\/uploads\/2026\/02\/4-12-500x333.jpg 500w, https:\/\/mpcid.gov.gn\/wp-content\/uploads\/2026\/02\/4-12-1024x683.jpg 1024w, https:\/\/mpcid.gov.gn\/wp-content\/uploads\/2026\/02\/4-12-768x512.jpg 768w, https:\/\/mpcid.gov.gn\/wp-content\/uploads\/2026\/02\/4-12.jpg 1080w\" sizes=\"(max-width: 500px) 85vw, 500px\" \/> <img loading=\"lazy\" decoding=\"async\" class=\"alignnone size-medium wp-image-18905\" src=\"https:\/\/mpcid.gov.gn\/wp-content\/uploads\/2026\/02\/10-8-500x296.jpg\" alt=\"\" width=\"500\" height=\"296\" srcset=\"https:\/\/mpcid.gov.gn\/wp-content\/uploads\/2026\/02\/10-8-500x296.jpg 500w, https:\/\/mpcid.gov.gn\/wp-content\/uploads\/2026\/02\/10-8-1024x607.jpg 1024w, https:\/\/mpcid.gov.gn\/wp-content\/uploads\/2026\/02\/10-8-768x455.jpg 768w, https:\/\/mpcid.gov.gn\/wp-content\/uploads\/2026\/02\/10-8.jpg 1080w\" sizes=\"(max-width: 500px) 85vw, 500px\" \/> <img loading=\"lazy\" decoding=\"async\" class=\"alignnone size-medium wp-image-18906\" src=\"https:\/\/mpcid.gov.gn\/wp-content\/uploads\/2026\/02\/11-7-500x318.jpg\" alt=\"\" width=\"500\" height=\"318\" srcset=\"https:\/\/mpcid.gov.gn\/wp-content\/uploads\/2026\/02\/11-7-500x318.jpg 500w, https:\/\/mpcid.gov.gn\/wp-content\/uploads\/2026\/02\/11-7-1024x651.jpg 1024w, https:\/\/mpcid.gov.gn\/wp-content\/uploads\/2026\/02\/11-7-768x489.jpg 768w, https:\/\/mpcid.gov.gn\/wp-content\/uploads\/2026\/02\/11-7.jpg 1080w\" sizes=\"(max-width: 500px) 85vw, 500px\" \/><\/p>\n<p><strong>Un projet structurant au c\u0153ur de la coop\u00e9ration strat\u00e9gique sino-guin\u00e9enne<\/strong><\/p>\n<p>Le Projet FOMI est int\u00e9gr\u00e9 \u00e0 la deuxi\u00e8me phase des initiatives prioritaires d\u00e9finies par l&rsquo;accord-cadre sino-guin\u00e9en, sous la supervision du Ministre Directeur de Cabinet de la Pr\u00e9sidence, \u00e9galement Pr\u00e9sident du Comit\u00e9 sino-guin\u00e9en.<\/p>\n<p><img loading=\"lazy\" decoding=\"async\" class=\"alignnone size-medium wp-image-18903\" src=\"https:\/\/mpcid.gov.gn\/wp-content\/uploads\/2026\/02\/8-8-333x500.jpg\" alt=\"\" width=\"333\" height=\"500\" srcset=\"https:\/\/mpcid.gov.gn\/wp-content\/uploads\/2026\/02\/8-8-333x500.jpg 333w, https:\/\/mpcid.gov.gn\/wp-content\/uploads\/2026\/02\/8-8-683x1024.jpg 683w, https:\/\/mpcid.gov.gn\/wp-content\/uploads\/2026\/02\/8-8.jpg 720w\" sizes=\"(max-width: 333px) 85vw, 333px\" \/><\/p>\n<p>Le Ministre Isma\u00ebl NABE a indiqu\u00e9 que ce projet a d\u00e9j\u00e0 fait l\u2019objet de plusieurs consultations de haut niveau. \u00c0 ce titre, une premi\u00e8re r\u00e9union strat\u00e9gique s\u2019est tenue le 14 janvier 2026, en pr\u00e9sence de l\u2019actuel Ministre de l\u2019\u00c9nergie, alors responsable du d\u00e9partement des Infrastructures, de l\u2019ancien Ministre de l\u2019\u00c9nergie, Namori Camara, ainsi que de l\u2019Ambassadeur de la R\u00e9publique populaire de Chine en Guin\u00e9e, S.E.M. SUN Yong.<\/p>\n<p><img loading=\"lazy\" decoding=\"async\" class=\"alignnone size-medium wp-image-18917\" src=\"https:\/\/mpcid.gov.gn\/wp-content\/uploads\/2026\/02\/1-11-500x321.jpg\" alt=\"\" width=\"500\" height=\"321\" srcset=\"https:\/\/mpcid.gov.gn\/wp-content\/uploads\/2026\/02\/1-11-500x321.jpg 500w, https:\/\/mpcid.gov.gn\/wp-content\/uploads\/2026\/02\/1-11-1024x658.jpg 1024w, https:\/\/mpcid.gov.gn\/wp-content\/uploads\/2026\/02\/1-11-768x493.jpg 768w, https:\/\/mpcid.gov.gn\/wp-content\/uploads\/2026\/02\/1-11-1536x986.jpg 1536w, https:\/\/mpcid.gov.gn\/wp-content\/uploads\/2026\/02\/1-11-2048x1315.jpg 2048w, https:\/\/mpcid.gov.gn\/wp-content\/uploads\/2026\/02\/1-11-1200x771.jpg 1200w\" sizes=\"(max-width: 500px) 85vw, 500px\" \/> <img loading=\"lazy\" decoding=\"async\" class=\"alignnone size-medium wp-image-18918\" src=\"https:\/\/mpcid.gov.gn\/wp-content\/uploads\/2026\/02\/2-12-500x333.jpg\" alt=\"\" width=\"500\" height=\"333\" srcset=\"https:\/\/mpcid.gov.gn\/wp-content\/uploads\/2026\/02\/2-12-500x333.jpg 500w, https:\/\/mpcid.gov.gn\/wp-content\/uploads\/2026\/02\/2-12-1024x682.jpg 1024w, https:\/\/mpcid.gov.gn\/wp-content\/uploads\/2026\/02\/2-12-768x512.jpg 768w, https:\/\/mpcid.gov.gn\/wp-content\/uploads\/2026\/02\/2-12-1536x1024.jpg 1536w, https:\/\/mpcid.gov.gn\/wp-content\/uploads\/2026\/02\/2-12-2048x1365.jpg 2048w, https:\/\/mpcid.gov.gn\/wp-content\/uploads\/2026\/02\/2-12-1200x800.jpg 1200w\" sizes=\"(max-width: 500px) 85vw, 500px\" \/> <img loading=\"lazy\" decoding=\"async\" class=\"alignnone size-medium wp-image-18915\" src=\"https:\/\/mpcid.gov.gn\/wp-content\/uploads\/2026\/02\/MPCI-Ambassadeur-Chine-23-500x329.jpg\" alt=\"\" width=\"500\" height=\"329\" srcset=\"https:\/\/mpcid.gov.gn\/wp-content\/uploads\/2026\/02\/MPCI-Ambassadeur-Chine-23-500x329.jpg 500w, https:\/\/mpcid.gov.gn\/wp-content\/uploads\/2026\/02\/MPCI-Ambassadeur-Chine-23-1024x673.jpg 1024w, https:\/\/mpcid.gov.gn\/wp-content\/uploads\/2026\/02\/MPCI-Ambassadeur-Chine-23-768x505.jpg 768w, https:\/\/mpcid.gov.gn\/wp-content\/uploads\/2026\/02\/MPCI-Ambassadeur-Chine-23-1536x1010.jpg 1536w, https:\/\/mpcid.gov.gn\/wp-content\/uploads\/2026\/02\/MPCI-Ambassadeur-Chine-23-2048x1346.jpg 2048w, https:\/\/mpcid.gov.gn\/wp-content\/uploads\/2026\/02\/MPCI-Ambassadeur-Chine-23-1200x789.jpg 1200w\" sizes=\"(max-width: 500px) 85vw, 500px\" \/> <img loading=\"lazy\" decoding=\"async\" class=\"alignnone size-medium wp-image-18916\" src=\"https:\/\/mpcid.gov.gn\/wp-content\/uploads\/2026\/02\/MPCI-Ambassadeur-Chine-26-500x347.jpg\" alt=\"\" width=\"500\" height=\"347\" srcset=\"https:\/\/mpcid.gov.gn\/wp-content\/uploads\/2026\/02\/MPCI-Ambassadeur-Chine-26-500x347.jpg 500w, https:\/\/mpcid.gov.gn\/wp-content\/uploads\/2026\/02\/MPCI-Ambassadeur-Chine-26-1024x712.jpg 1024w, https:\/\/mpcid.gov.gn\/wp-content\/uploads\/2026\/02\/MPCI-Ambassadeur-Chine-26-768x534.jpg 768w, https:\/\/mpcid.gov.gn\/wp-content\/uploads\/2026\/02\/MPCI-Ambassadeur-Chine-26-1536x1067.jpg 1536w, https:\/\/mpcid.gov.gn\/wp-content\/uploads\/2026\/02\/MPCI-Ambassadeur-Chine-26-2048x1423.jpg 2048w, https:\/\/mpcid.gov.gn\/wp-content\/uploads\/2026\/02\/MPCI-Ambassadeur-Chine-26-1200x834.jpg 1200w\" sizes=\"(max-width: 500px) 85vw, 500px\" \/><\/p>\n<p>Puis, des discussions techniques avec les minist\u00e8res du Plan, de la Coop\u00e9ration internationale et du D\u00e9veloppement\u00a0; de l&rsquo;\u00c9conomie et des Finances\u00a0; et des Mines.<\/p>\n<p>Il a ajout\u00e9 que ces concertations avaient notamment port\u00e9 sur l&rsquo;enveloppe financi\u00e8re pouvant \u00eatre mobilis\u00e9e aupr\u00e8s du consortium des banques chinoises, ainsi que sur les ajustements n\u00e9cessaires pour aligner le co\u00fbt global du projet avec les ressources allou\u00e9es.<\/p>\n<p>FOCAC 2024 : un partenariat \u00e9lev\u00e9 au rang strat\u00e9gique<\/p>\n<p>Le Ministre NABE, en tant que point focal du FOCAC 2024, a rappel\u00e9 que le Pr\u00e9sident Mamadi Doumbouya avait, lors de cet \u00e9v\u00e9nement, qualifi\u00e9 le partenariat sino-guin\u00e9en de \u00ab mariage strat\u00e9gique \u00bb, soulignant la profondeur et la solidit\u00e9 des liens entre la Guin\u00e9e et la Chine. Dans ce contexte dynamique, de nombreux projets miniers, infrastructurels et hydrauliques ont \u00e9t\u00e9 initi\u00e9s. L&rsquo;ouvrage de FOMI s&rsquo;int\u00e8gre parfaitement \u00e0 cette vision structurante, en harmonie avec la projection strat\u00e9gique nationale \u00e0 l&rsquo;horizon 2040.<\/p>\n<p><img decoding=\"async\" class=\"alignnone size-medium wp-image-18904\" src=\"https:\/\/mpcid.gov.gn\/wp-content\/uploads\/2026\/02\/9-8-333x500.jpg\" alt=\"\" width=\"333\" height=\"500\" srcset=\"https:\/\/mpcid.gov.gn\/wp-content\/uploads\/2026\/02\/9-8-333x500.jpg 333w, https:\/\/mpcid.gov.gn\/wp-content\/uploads\/2026\/02\/9-8-683x1024.jpg 683w, https:\/\/mpcid.gov.gn\/wp-content\/uploads\/2026\/02\/9-8.jpg 720w\" sizes=\"(max-width: 333px) 85vw, 333px\" \/><\/p>\n<p>Selon lui, le soutien des plus hautes autorit\u00e9s des deux nations, notamment le Pr\u00e9sident Mamadi DOUMBOUYA et le Pr\u00e9sident Xi Jinping, conf\u00e8re au projet une port\u00e9e politique et diplomatique majeure.<\/p>\n<p><strong>Une coordination renforc\u00e9e entre les entreprises chinoises<\/strong><\/p>\n<p>Un des points essentiels de cette seconde r\u00e9union r\u00e9side dans la pr\u00e9sence conjointe de plusieurs entreprises chinoises, d\u00e9j\u00e0 exp\u00e9riment\u00e9es dans la r\u00e9alisation d&rsquo;ouvrages et d&rsquo;infrastructures en Guin\u00e9e. L&rsquo;objectif est d\u2019\u00e9tablir une r\u00e9partition claire des responsabilit\u00e9s ; d\u00e9finir pr\u00e9cis\u00e9ment le r\u00f4le de chacun ; optimiser l&rsquo;architecture technique du projet ; et r\u00e9\u00e9valuer le co\u00fbt global pour l&rsquo;harmoniser avec les fonds disponibles. Cette synergie permettra d&rsquo;\u00e9laborer un plan d&rsquo;action d\u00e9taill\u00e9, garantissant ainsi une ex\u00e9cution efficace et coh\u00e9rente.<\/p>\n<p><strong>Une priorit\u00e9 affirm\u00e9e par le minist\u00e8re de l&rsquo;\u00c9nergie<\/strong><\/p>\n<p>Le Ministre de l&rsquo;\u00c9nergie, Laye S\u00e9kou CAMARA, a insist\u00e9 sur l&rsquo;importance primordiale de l&rsquo;ouvrage FOMI pour son d\u00e9partement. Il a rappel\u00e9 que ce projet, longtemps consid\u00e9r\u00e9 comme \u00ab la l\u00e9gende de FOMI \u00bb, doit d\u00e9sormais passer \u00e0 une phase concr\u00e8te de concr\u00e9tisation. \u00ab FOMI n\u2019est plus une fiction. Ce n\u2019est plus une l\u00e9gende. C\u2019est une r\u00e9alit\u00e9 que nous allons initier et construire pour le peuple de Guin\u00e9e. \u00bb<\/p>\n<p><img decoding=\"async\" class=\"alignnone size-medium wp-image-18902\" src=\"https:\/\/mpcid.gov.gn\/wp-content\/uploads\/2026\/02\/7-9-333x500.jpg\" alt=\"\" width=\"333\" height=\"500\" srcset=\"https:\/\/mpcid.gov.gn\/wp-content\/uploads\/2026\/02\/7-9-333x500.jpg 333w, https:\/\/mpcid.gov.gn\/wp-content\/uploads\/2026\/02\/7-9-683x1024.jpg 683w, https:\/\/mpcid.gov.gn\/wp-content\/uploads\/2026\/02\/7-9.jpg 720w\" sizes=\"(max-width: 333px) 85vw, 333px\" \/><\/p>\n<p>Depuis plusieurs mois, une collaboration \u00e9troite a \u00e9t\u00e9 \u00e9tablie entre le minist\u00e8re de l&rsquo;\u00c9nergie et le minist\u00e8re du Plan, de la Coop\u00e9ration internationale et du D\u00e9veloppement, en vue d&rsquo;acc\u00e9l\u00e9rer l&rsquo;avancement technique et financier du projet.<\/p>\n<p><strong>Un contexte infrastructurel d\u00e9sormais propice<\/strong><\/p>\n<p>Plusieurs facteurs structurants confortent aujourd&rsquo;hui pleinement la concr\u00e9tisation du barrage : le d\u00e9veloppement du projet minier Simandou ; la construction en cours de la ligne d&rsquo;interconnexion Guin\u00e9e-Mali ; l&rsquo;ach\u00e8vement imminent du poste \u00e9lectrique de FOMI ; le d\u00e9ploiement de nouvelles lignes de transport d&rsquo;\u00e9lectricit\u00e9 ; et un besoin \u00e9nerg\u00e9tique grandissant dans plusieurs r\u00e9gions encore d\u00e9pourvues d&rsquo;acc\u00e8s \u00e0 l&rsquo;\u00e9lectricit\u00e9.<\/p>\n<p>Seuls environ 25 kilom\u00e8tres de lignes additionnelles seraient n\u00e9cessaires pour parachever l&rsquo;int\u00e9gration \u00e9nerg\u00e9tique li\u00e9e \u00e0 l&rsquo;ouvrage. Ainsi, toutes les conditions techniques sont \u00e0 pr\u00e9sent r\u00e9unies pour justifier le lancement du projet.<\/p>\n<p><strong>La contribution guin\u00e9enne et l&rsquo;engagement national<\/strong><\/p>\n<p>Le Ministre Isma\u00ebl NABE a pr\u00e9cis\u00e9 que la question de la participation nationale, \u00e9valu\u00e9e \u00e0 15 %, avait d\u00e9j\u00e0 \u00e9t\u00e9 abord\u00e9e lors de discussions pr\u00e9c\u00e9dentes, notamment avec le minist\u00e8re de l&rsquo;Agriculture, dans le but d&rsquo;identifier les composantes que la partie guin\u00e9enne pourrait prendre en charge et, par cons\u00e9quent, de diminuer le co\u00fbt global du projet. Cette d\u00e9marche vise \u00e0 renforcer l&rsquo;implication nationale tout en optimisant l&rsquo;ing\u00e9nierie financi\u00e8re globale.<\/p>\n<p><img loading=\"lazy\" decoding=\"async\" class=\"alignnone size-medium wp-image-18900\" src=\"https:\/\/mpcid.gov.gn\/wp-content\/uploads\/2026\/02\/5-10-500x333.jpg\" alt=\"\" width=\"500\" height=\"333\" srcset=\"https:\/\/mpcid.gov.gn\/wp-content\/uploads\/2026\/02\/5-10-500x333.jpg 500w, https:\/\/mpcid.gov.gn\/wp-content\/uploads\/2026\/02\/5-10-1024x683.jpg 1024w, https:\/\/mpcid.gov.gn\/wp-content\/uploads\/2026\/02\/5-10-768x512.jpg 768w, https:\/\/mpcid.gov.gn\/wp-content\/uploads\/2026\/02\/5-10.jpg 1080w\" sizes=\"(max-width: 500px) 85vw, 500px\" \/><\/p>\n<p><strong>Un \u00e9ch\u00e9ancier serr\u00e9 pour un lancement rapide<\/strong><\/p>\n<p>Les ministres Isma\u00ebl NABE et Laye S\u00e9kou CAMARA ont manifest\u00e9 leur d\u00e9termination \u00e0 parvenir rapidement \u00e0 une d\u00e9cision op\u00e9rationnelle. D\u00e8s la semaine prochaine, des propositions techniques additionnelles sont attendues de la part chinoise en vue de fixer une date officielle de commencement. L&rsquo;ambition d\u00e9clar\u00e9e est de s&rsquo;atteler sans rel\u00e2che au cours du mois \u00e0 venir pour amorcer le d\u00e9but concret des travaux.<\/p>\n<p>Le barrage de FOMI symbolise la volont\u00e9 du Pr\u00e9sident de la R\u00e9publique de transformer durablement l&rsquo;\u00e9conomie nationale gr\u00e2ce \u00e0 des investissements structurants et strat\u00e9giques. La d\u00e9termination affich\u00e9e par l&rsquo;ensemble des parties prenantes (gouvernement, partenaires chinois et \u00e9quipes techniques) constitue une avanc\u00e9e d\u00e9cisive vers la r\u00e9alisation d&rsquo;un projet attendu depuis plusieurs d\u00e9cennies.<\/p>\n","protected":false},"excerpt":{"rendered":"<p>Conakry, le 20 f\u00e9vrier 2026 \u2013 La Guin\u00e9e a franchi une \u00e9tape cruciale dans la relance du barrage FOMI, un projet hydro\u00e9lectrique et agro-industriel d&rsquo;envergure, destin\u00e9 \u00e0 transformer en profondeur le paysage \u00e9nerg\u00e9tique, agricole et infrastructurel du pays. Lors d&rsquo;une rencontre strat\u00e9gique de haut niveau, le Ministre du Plan, de la Coop\u00e9ration internationale et du &hellip; <a href=\"https:\/\/mpcid.gov.gn\/index.php\/barrage-fomi-vers-le-lancement-effectif-dun-ouvrage-strategique-pour-la-transformation-energetique-et-agricole-de-la-guinee-sous-lere-du-sem-mamadi-doumbouya-president-de-la-republique\/\" class=\"more-link\">Continue reading<span class=\"screen-reader-text\"> \u00ab\u00a0Barrage FOMI : Vers le lancement effectif d&rsquo;un ouvrage strat\u00e9gique pour la transformation \u00e9nerg\u00e9tique et agricole de la Guin\u00e9e sous l\u2019\u00e8re du SEM Mamadi Doumbouya, Pr\u00e9sident de la R\u00e9publique\u00a0\u00bb<\/span><\/a><\/p>\n","protected":false},"author":20,"featured_media":18895,"comment_status":"closed","ping_status":"closed","sticky":false,"template":"","format":"standard","meta":{"footnotes":""},"categories":[63],"tags":[],"class_list":["post-18847","post","type-post","status-publish","format-standard","has-post-thumbnail","hentry","category-actualites"],"yoast_head":"<!-- This site is optimized with the Yoast SEO plugin v27.5 - https:\/\/yoast.com\/product\/yoast-seo-wordpress\/ -->\n<title>Barrage FOMI : Vers le lancement effectif d&#039;un ouvrage strat\u00e9gique pour la transformation \u00e9nerg\u00e9tique et agricole de la Guin\u00e9e sous l\u2019\u00e8re du SEM Mamadi Doumbouya, Pr\u00e9sident de la R\u00e9publique - MPCI<\/title>\n<meta name=\"robots\" content=\"index, follow, max-snippet:-1, max-image-preview:large, max-video-preview:-1\" \/>\n<link rel=\"canonical\" href=\"https:\/\/mpcid.gov.gn\/index.php\/barrage-fomi-vers-le-lancement-effectif-dun-ouvrage-strategique-pour-la-transformation-energetique-et-agricole-de-la-guinee-sous-lere-du-sem-mamadi-doumbouya-president-de-la-republique\/\" \/>\n<meta property=\"og:locale\" content=\"fr_FR\" \/>\n<meta property=\"og:type\" content=\"article\" \/>\n<meta property=\"og:title\" content=\"Barrage FOMI : Vers le lancement effectif d&#039;un ouvrage strat\u00e9gique pour la transformation \u00e9nerg\u00e9tique et agricole de la Guin\u00e9e sous l\u2019\u00e8re du SEM Mamadi Doumbouya, Pr\u00e9sident de la R\u00e9publique - MPCI\" \/>\n<meta property=\"og:description\" content=\"Conakry, le 20 f\u00e9vrier 2026 \u2013 La Guin\u00e9e a franchi une \u00e9tape cruciale dans la relance du barrage FOMI, un projet hydro\u00e9lectrique et agro-industriel d&rsquo;envergure, destin\u00e9 \u00e0 transformer en profondeur le paysage \u00e9nerg\u00e9tique, agricole et infrastructurel du pays. Lors d&rsquo;une rencontre strat\u00e9gique de haut niveau, le Ministre du Plan, de la Coop\u00e9ration internationale et du &hellip; Continue reading &quot;Barrage FOMI : Vers le lancement effectif d&rsquo;un ouvrage strat\u00e9gique pour la transformation \u00e9nerg\u00e9tique et agricole de la Guin\u00e9e sous l\u2019\u00e8re du SEM Mamadi Doumbouya, Pr\u00e9sident de la R\u00e9publique&quot;\" \/>\n<meta property=\"og:url\" content=\"https:\/\/mpcid.gov.gn\/index.php\/barrage-fomi-vers-le-lancement-effectif-dun-ouvrage-strategique-pour-la-transformation-energetique-et-agricole-de-la-guinee-sous-lere-du-sem-mamadi-doumbouya-president-de-la-republique\/\" \/>\n<meta property=\"og:site_name\" content=\"MPCI\" \/>\n<meta property=\"article:publisher\" content=\"https:\/\/www.facebook.com\/MPCIGN\" \/>\n<meta property=\"article:published_time\" content=\"2026-02-21T13:33:04+00:00\" \/>\n<meta property=\"article:modified_time\" content=\"2026-02-21T14:11:02+00:00\" \/>\n<meta property=\"og:image\" content=\"https:\/\/mpcid.gov.gn\/wp-content\/uploads\/2026\/02\/14-5.jpg\" \/>\n\t<meta property=\"og:image:width\" content=\"1080\" \/>\n\t<meta property=\"og:image:height\" content=\"720\" \/>\n\t<meta property=\"og:image:type\" content=\"image\/jpeg\" \/>\n<meta name=\"author\" content=\"Service Communication\" \/>\n<meta name=\"twitter:card\" content=\"summary_large_image\" \/>\n<meta name=\"twitter:creator\" content=\"@MpciGov\" \/>\n<meta name=\"twitter:site\" content=\"@MpciGov\" \/>\n<meta name=\"twitter:label1\" content=\"\u00c9crit par\" \/>\n\t<meta name=\"twitter:data1\" content=\"Service Communication\" \/>\n\t<meta name=\"twitter:label2\" content=\"Dur\u00e9e de lecture estim\u00e9e\" \/>\n\t<meta name=\"twitter:data2\" content=\"9 minutes\" \/>\n<script type=\"application\/ld+json\" class=\"yoast-schema-graph\">{\"@context\":\"https:\\\/\\\/schema.org\",\"@graph\":[{\"@type\":\"Article\",\"@id\":\"https:\\\/\\\/mpcid.gov.gn\\\/index.php\\\/barrage-fomi-vers-le-lancement-effectif-dun-ouvrage-strategique-pour-la-transformation-energetique-et-agricole-de-la-guinee-sous-lere-du-sem-mamadi-doumbouya-president-de-la-republique\\\/#article\",\"isPartOf\":{\"@id\":\"https:\\\/\\\/mpcid.gov.gn\\\/index.php\\\/barrage-fomi-vers-le-lancement-effectif-dun-ouvrage-strategique-pour-la-transformation-energetique-et-agricole-de-la-guinee-sous-lere-du-sem-mamadi-doumbouya-president-de-la-republique\\\/\"},\"author\":{\"name\":\"Service Communication\",\"@id\":\"https:\\\/\\\/mpcid.gov.gn\\\/#\\\/schema\\\/person\\\/070aeea8fafd7a7e5a037505652abbee\"},\"headline\":\"Barrage FOMI : Vers le lancement effectif d&rsquo;un ouvrage strat\u00e9gique pour la transformation \u00e9nerg\u00e9tique et agricole de la Guin\u00e9e sous l\u2019\u00e8re du SEM Mamadi Doumbouya, Pr\u00e9sident de la R\u00e9publique\",\"datePublished\":\"2026-02-21T13:33:04+00:00\",\"dateModified\":\"2026-02-21T14:11:02+00:00\",\"mainEntityOfPage\":{\"@id\":\"https:\\\/\\\/mpcid.gov.gn\\\/index.php\\\/barrage-fomi-vers-le-lancement-effectif-dun-ouvrage-strategique-pour-la-transformation-energetique-et-agricole-de-la-guinee-sous-lere-du-sem-mamadi-doumbouya-president-de-la-republique\\\/\"},\"wordCount\":1092,\"publisher\":{\"@id\":\"https:\\\/\\\/mpcid.gov.gn\\\/#organization\"},\"image\":{\"@id\":\"https:\\\/\\\/mpcid.gov.gn\\\/index.php\\\/barrage-fomi-vers-le-lancement-effectif-dun-ouvrage-strategique-pour-la-transformation-energetique-et-agricole-de-la-guinee-sous-lere-du-sem-mamadi-doumbouya-president-de-la-republique\\\/#primaryimage\"},\"thumbnailUrl\":\"https:\\\/\\\/mpcid.gov.gn\\\/wp-content\\\/uploads\\\/2026\\\/02\\\/14-5.jpg\",\"articleSection\":[\"Actualit\u00e9s\"],\"inLanguage\":\"fr-FR\"},{\"@type\":\"WebPage\",\"@id\":\"https:\\\/\\\/mpcid.gov.gn\\\/index.php\\\/barrage-fomi-vers-le-lancement-effectif-dun-ouvrage-strategique-pour-la-transformation-energetique-et-agricole-de-la-guinee-sous-lere-du-sem-mamadi-doumbouya-president-de-la-republique\\\/\",\"url\":\"https:\\\/\\\/mpcid.gov.gn\\\/index.php\\\/barrage-fomi-vers-le-lancement-effectif-dun-ouvrage-strategique-pour-la-transformation-energetique-et-agricole-de-la-guinee-sous-lere-du-sem-mamadi-doumbouya-president-de-la-republique\\\/\",\"name\":\"Barrage FOMI : Vers le lancement effectif d'un ouvrage strat\u00e9gique pour la transformation \u00e9nerg\u00e9tique et agricole de la Guin\u00e9e sous l\u2019\u00e8re du SEM Mamadi Doumbouya, Pr\u00e9sident de la R\u00e9publique - MPCI\",\"isPartOf\":{\"@id\":\"https:\\\/\\\/mpcid.gov.gn\\\/#website\"},\"primaryImageOfPage\":{\"@id\":\"https:\\\/\\\/mpcid.gov.gn\\\/index.php\\\/barrage-fomi-vers-le-lancement-effectif-dun-ouvrage-strategique-pour-la-transformation-energetique-et-agricole-de-la-guinee-sous-lere-du-sem-mamadi-doumbouya-president-de-la-republique\\\/#primaryimage\"},\"image\":{\"@id\":\"https:\\\/\\\/mpcid.gov.gn\\\/index.php\\\/barrage-fomi-vers-le-lancement-effectif-dun-ouvrage-strategique-pour-la-transformation-energetique-et-agricole-de-la-guinee-sous-lere-du-sem-mamadi-doumbouya-president-de-la-republique\\\/#primaryimage\"},\"thumbnailUrl\":\"https:\\\/\\\/mpcid.gov.gn\\\/wp-content\\\/uploads\\\/2026\\\/02\\\/14-5.jpg\",\"datePublished\":\"2026-02-21T13:33:04+00:00\",\"dateModified\":\"2026-02-21T14:11:02+00:00\",\"breadcrumb\":{\"@id\":\"https:\\\/\\\/mpcid.gov.gn\\\/index.php\\\/barrage-fomi-vers-le-lancement-effectif-dun-ouvrage-strategique-pour-la-transformation-energetique-et-agricole-de-la-guinee-sous-lere-du-sem-mamadi-doumbouya-president-de-la-republique\\\/#breadcrumb\"},\"inLanguage\":\"fr-FR\",\"potentialAction\":[{\"@type\":\"ReadAction\",\"target\":[\"https:\\\/\\\/mpcid.gov.gn\\\/index.php\\\/barrage-fomi-vers-le-lancement-effectif-dun-ouvrage-strategique-pour-la-transformation-energetique-et-agricole-de-la-guinee-sous-lere-du-sem-mamadi-doumbouya-president-de-la-republique\\\/\"]}]},{\"@type\":\"ImageObject\",\"inLanguage\":\"fr-FR\",\"@id\":\"https:\\\/\\\/mpcid.gov.gn\\\/index.php\\\/barrage-fomi-vers-le-lancement-effectif-dun-ouvrage-strategique-pour-la-transformation-energetique-et-agricole-de-la-guinee-sous-lere-du-sem-mamadi-doumbouya-president-de-la-republique\\\/#primaryimage\",\"url\":\"https:\\\/\\\/mpcid.gov.gn\\\/wp-content\\\/uploads\\\/2026\\\/02\\\/14-5.jpg\",\"contentUrl\":\"https:\\\/\\\/mpcid.gov.gn\\\/wp-content\\\/uploads\\\/2026\\\/02\\\/14-5.jpg\",\"width\":1080,\"height\":720},{\"@type\":\"BreadcrumbList\",\"@id\":\"https:\\\/\\\/mpcid.gov.gn\\\/index.php\\\/barrage-fomi-vers-le-lancement-effectif-dun-ouvrage-strategique-pour-la-transformation-energetique-et-agricole-de-la-guinee-sous-lere-du-sem-mamadi-doumbouya-president-de-la-republique\\\/#breadcrumb\",\"itemListElement\":[{\"@type\":\"ListItem\",\"position\":1,\"name\":\"Accueil\",\"item\":\"https:\\\/\\\/mpcid.gov.gn\\\/\"},{\"@type\":\"ListItem\",\"position\":2,\"name\":\"Barrage FOMI : Vers le lancement effectif d&rsquo;un ouvrage strat\u00e9gique pour la transformation \u00e9nerg\u00e9tique et agricole de la Guin\u00e9e sous l\u2019\u00e8re du SEM Mamadi Doumbouya, Pr\u00e9sident de la R\u00e9publique\"}]},{\"@type\":\"WebSite\",\"@id\":\"https:\\\/\\\/mpcid.gov.gn\\\/#website\",\"url\":\"https:\\\/\\\/mpcid.gov.gn\\\/\",\"name\":\"https:\\\/\\\/mpcid.gov.gn\\\/\",\"description\":\"Minist\u00e8re du Plan et de la Coop\u00e9ration Internationale\",\"publisher\":{\"@id\":\"https:\\\/\\\/mpcid.gov.gn\\\/#organization\"},\"potentialAction\":[{\"@type\":\"SearchAction\",\"target\":{\"@type\":\"EntryPoint\",\"urlTemplate\":\"https:\\\/\\\/mpcid.gov.gn\\\/?s={search_term_string}\"},\"query-input\":{\"@type\":\"PropertyValueSpecification\",\"valueRequired\":true,\"valueName\":\"search_term_string\"}}],\"inLanguage\":\"fr-FR\"},{\"@type\":\"Organization\",\"@id\":\"https:\\\/\\\/mpcid.gov.gn\\\/#organization\",\"name\":\"Minist\u00e8re du Plan et de la Coop\u00e9ration Internationale - MPCI\",\"url\":\"https:\\\/\\\/mpcid.gov.gn\\\/\",\"logo\":{\"@type\":\"ImageObject\",\"inLanguage\":\"fr-FR\",\"@id\":\"https:\\\/\\\/mpcid.gov.gn\\\/#\\\/schema\\\/logo\\\/image\\\/\",\"url\":\"https:\\\/\\\/mpcid.gov.gn\\\/wp-content\\\/uploads\\\/2023\\\/10\\\/Ministere-du-Plan-et-de-la-Cooperation-Internationale-MPCI.jpg\",\"contentUrl\":\"https:\\\/\\\/mpcid.gov.gn\\\/wp-content\\\/uploads\\\/2023\\\/10\\\/Ministere-du-Plan-et-de-la-Cooperation-Internationale-MPCI.jpg\",\"width\":462,\"height\":462,\"caption\":\"Minist\u00e8re du Plan et de la Coop\u00e9ration Internationale - MPCI\"},\"image\":{\"@id\":\"https:\\\/\\\/mpcid.gov.gn\\\/#\\\/schema\\\/logo\\\/image\\\/\"},\"sameAs\":[\"https:\\\/\\\/www.facebook.com\\\/MPCIGN\",\"https:\\\/\\\/x.com\\\/MpciGov\"]},{\"@type\":\"Person\",\"@id\":\"https:\\\/\\\/mpcid.gov.gn\\\/#\\\/schema\\\/person\\\/070aeea8fafd7a7e5a037505652abbee\",\"name\":\"Service Communication\",\"sameAs\":[\"http:\\\/\\\/Service-com\"],\"url\":\"https:\\\/\\\/mpcid.gov.gn\\\/index.php\\\/author\\\/service-com\\\/\"}]}<\/script>\n<!-- \/ Yoast SEO plugin. -->","yoast_head_json":{"title":"Barrage FOMI : Vers le lancement effectif d'un ouvrage strat\u00e9gique pour la transformation \u00e9nerg\u00e9tique et agricole de la Guin\u00e9e sous l\u2019\u00e8re du SEM Mamadi Doumbouya, Pr\u00e9sident de la R\u00e9publique - MPCI","robots":{"index":"index","follow":"follow","max-snippet":"max-snippet:-1","max-image-preview":"max-image-preview:large","max-video-preview":"max-video-preview:-1"},"canonical":"https:\/\/mpcid.gov.gn\/index.php\/barrage-fomi-vers-le-lancement-effectif-dun-ouvrage-strategique-pour-la-transformation-energetique-et-agricole-de-la-guinee-sous-lere-du-sem-mamadi-doumbouya-president-de-la-republique\/","og_locale":"fr_FR","og_type":"article","og_title":"Barrage FOMI : Vers le lancement effectif d'un ouvrage strat\u00e9gique pour la transformation \u00e9nerg\u00e9tique et agricole de la Guin\u00e9e sous l\u2019\u00e8re du SEM Mamadi Doumbouya, Pr\u00e9sident de la R\u00e9publique - MPCI","og_description":"Conakry, le 20 f\u00e9vrier 2026 \u2013 La Guin\u00e9e a franchi une \u00e9tape cruciale dans la relance du barrage FOMI, un projet hydro\u00e9lectrique et agro-industriel d&rsquo;envergure, destin\u00e9 \u00e0 transformer en profondeur le paysage \u00e9nerg\u00e9tique, agricole et infrastructurel du pays. Lors d&rsquo;une rencontre strat\u00e9gique de haut niveau, le Ministre du Plan, de la Coop\u00e9ration internationale et du &hellip; Continue reading \"Barrage FOMI : Vers le lancement effectif d&rsquo;un ouvrage strat\u00e9gique pour la transformation \u00e9nerg\u00e9tique et agricole de la Guin\u00e9e sous l\u2019\u00e8re du SEM Mamadi Doumbouya, Pr\u00e9sident de la R\u00e9publique\"","og_url":"https:\/\/mpcid.gov.gn\/index.php\/barrage-fomi-vers-le-lancement-effectif-dun-ouvrage-strategique-pour-la-transformation-energetique-et-agricole-de-la-guinee-sous-lere-du-sem-mamadi-doumbouya-president-de-la-republique\/","og_site_name":"MPCI","article_publisher":"https:\/\/www.facebook.com\/MPCIGN","article_published_time":"2026-02-21T13:33:04+00:00","article_modified_time":"2026-02-21T14:11:02+00:00","og_image":[{"width":1080,"height":720,"url":"https:\/\/mpcid.gov.gn\/wp-content\/uploads\/2026\/02\/14-5.jpg","type":"image\/jpeg"}],"author":"Service Communication","twitter_card":"summary_large_image","twitter_creator":"@MpciGov","twitter_site":"@MpciGov","twitter_misc":{"\u00c9crit par":"Service Communication","Dur\u00e9e de lecture estim\u00e9e":"9 minutes"},"schema":{"@context":"https:\/\/schema.org","@graph":[{"@type":"Article","@id":"https:\/\/mpcid.gov.gn\/index.php\/barrage-fomi-vers-le-lancement-effectif-dun-ouvrage-strategique-pour-la-transformation-energetique-et-agricole-de-la-guinee-sous-lere-du-sem-mamadi-doumbouya-president-de-la-republique\/#article","isPartOf":{"@id":"https:\/\/mpcid.gov.gn\/index.php\/barrage-fomi-vers-le-lancement-effectif-dun-ouvrage-strategique-pour-la-transformation-energetique-et-agricole-de-la-guinee-sous-lere-du-sem-mamadi-doumbouya-president-de-la-republique\/"},"author":{"name":"Service Communication","@id":"https:\/\/mpcid.gov.gn\/#\/schema\/person\/070aeea8fafd7a7e5a037505652abbee"},"headline":"Barrage FOMI : Vers le lancement effectif d&rsquo;un ouvrage strat\u00e9gique pour la transformation \u00e9nerg\u00e9tique et agricole de la Guin\u00e9e sous l\u2019\u00e8re du SEM Mamadi Doumbouya, Pr\u00e9sident de la R\u00e9publique","datePublished":"2026-02-21T13:33:04+00:00","dateModified":"2026-02-21T14:11:02+00:00","mainEntityOfPage":{"@id":"https:\/\/mpcid.gov.gn\/index.php\/barrage-fomi-vers-le-lancement-effectif-dun-ouvrage-strategique-pour-la-transformation-energetique-et-agricole-de-la-guinee-sous-lere-du-sem-mamadi-doumbouya-president-de-la-republique\/"},"wordCount":1092,"publisher":{"@id":"https:\/\/mpcid.gov.gn\/#organization"},"image":{"@id":"https:\/\/mpcid.gov.gn\/index.php\/barrage-fomi-vers-le-lancement-effectif-dun-ouvrage-strategique-pour-la-transformation-energetique-et-agricole-de-la-guinee-sous-lere-du-sem-mamadi-doumbouya-president-de-la-republique\/#primaryimage"},"thumbnailUrl":"https:\/\/mpcid.gov.gn\/wp-content\/uploads\/2026\/02\/14-5.jpg","articleSection":["Actualit\u00e9s"],"inLanguage":"fr-FR"},{"@type":"WebPage","@id":"https:\/\/mpcid.gov.gn\/index.php\/barrage-fomi-vers-le-lancement-effectif-dun-ouvrage-strategique-pour-la-transformation-energetique-et-agricole-de-la-guinee-sous-lere-du-sem-mamadi-doumbouya-president-de-la-republique\/","url":"https:\/\/mpcid.gov.gn\/index.php\/barrage-fomi-vers-le-lancement-effectif-dun-ouvrage-strategique-pour-la-transformation-energetique-et-agricole-de-la-guinee-sous-lere-du-sem-mamadi-doumbouya-president-de-la-republique\/","name":"Barrage FOMI : Vers le lancement effectif d'un ouvrage strat\u00e9gique pour la transformation \u00e9nerg\u00e9tique et agricole de la Guin\u00e9e sous l\u2019\u00e8re du SEM Mamadi Doumbouya, Pr\u00e9sident de la R\u00e9publique - MPCI","isPartOf":{"@id":"https:\/\/mpcid.gov.gn\/#website"},"primaryImageOfPage":{"@id":"https:\/\/mpcid.gov.gn\/index.php\/barrage-fomi-vers-le-lancement-effectif-dun-ouvrage-strategique-pour-la-transformation-energetique-et-agricole-de-la-guinee-sous-lere-du-sem-mamadi-doumbouya-president-de-la-republique\/#primaryimage"},"image":{"@id":"https:\/\/mpcid.gov.gn\/index.php\/barrage-fomi-vers-le-lancement-effectif-dun-ouvrage-strategique-pour-la-transformation-energetique-et-agricole-de-la-guinee-sous-lere-du-sem-mamadi-doumbouya-president-de-la-republique\/#primaryimage"},"thumbnailUrl":"https:\/\/mpcid.gov.gn\/wp-content\/uploads\/2026\/02\/14-5.jpg","datePublished":"2026-02-21T13:33:04+00:00","dateModified":"2026-02-21T14:11:02+00:00","breadcrumb":{"@id":"https:\/\/mpcid.gov.gn\/index.php\/barrage-fomi-vers-le-lancement-effectif-dun-ouvrage-strategique-pour-la-transformation-energetique-et-agricole-de-la-guinee-sous-lere-du-sem-mamadi-doumbouya-president-de-la-republique\/#breadcrumb"},"inLanguage":"fr-FR","potentialAction":[{"@type":"ReadAction","target":["https:\/\/mpcid.gov.gn\/index.php\/barrage-fomi-vers-le-lancement-effectif-dun-ouvrage-strategique-pour-la-transformation-energetique-et-agricole-de-la-guinee-sous-lere-du-sem-mamadi-doumbouya-president-de-la-republique\/"]}]},{"@type":"ImageObject","inLanguage":"fr-FR","@id":"https:\/\/mpcid.gov.gn\/index.php\/barrage-fomi-vers-le-lancement-effectif-dun-ouvrage-strategique-pour-la-transformation-energetique-et-agricole-de-la-guinee-sous-lere-du-sem-mamadi-doumbouya-president-de-la-republique\/#primaryimage","url":"https:\/\/mpcid.gov.gn\/wp-content\/uploads\/2026\/02\/14-5.jpg","contentUrl":"https:\/\/mpcid.gov.gn\/wp-content\/uploads\/2026\/02\/14-5.jpg","width":1080,"height":720},{"@type":"BreadcrumbList","@id":"https:\/\/mpcid.gov.gn\/index.php\/barrage-fomi-vers-le-lancement-effectif-dun-ouvrage-strategique-pour-la-transformation-energetique-et-agricole-de-la-guinee-sous-lere-du-sem-mamadi-doumbouya-president-de-la-republique\/#breadcrumb","itemListElement":[{"@type":"ListItem","position":1,"name":"Accueil","item":"https:\/\/mpcid.gov.gn\/"},{"@type":"ListItem","position":2,"name":"Barrage FOMI : Vers le lancement effectif d&rsquo;un ouvrage strat\u00e9gique pour la transformation \u00e9nerg\u00e9tique et agricole de la Guin\u00e9e sous l\u2019\u00e8re du SEM Mamadi Doumbouya, Pr\u00e9sident de la R\u00e9publique"}]},{"@type":"WebSite","@id":"https:\/\/mpcid.gov.gn\/#website","url":"https:\/\/mpcid.gov.gn\/","name":"https:\/\/mpcid.gov.gn\/","description":"Minist\u00e8re du Plan et de la Coop\u00e9ration Internationale","publisher":{"@id":"https:\/\/mpcid.gov.gn\/#organization"},"potentialAction":[{"@type":"SearchAction","target":{"@type":"EntryPoint","urlTemplate":"https:\/\/mpcid.gov.gn\/?s={search_term_string}"},"query-input":{"@type":"PropertyValueSpecification","valueRequired":true,"valueName":"search_term_string"}}],"inLanguage":"fr-FR"},{"@type":"Organization","@id":"https:\/\/mpcid.gov.gn\/#organization","name":"Minist\u00e8re du Plan et de la Coop\u00e9ration Internationale - MPCI","url":"https:\/\/mpcid.gov.gn\/","logo":{"@type":"ImageObject","inLanguage":"fr-FR","@id":"https:\/\/mpcid.gov.gn\/#\/schema\/logo\/image\/","url":"https:\/\/mpcid.gov.gn\/wp-content\/uploads\/2023\/10\/Ministere-du-Plan-et-de-la-Cooperation-Internationale-MPCI.jpg","contentUrl":"https:\/\/mpcid.gov.gn\/wp-content\/uploads\/2023\/10\/Ministere-du-Plan-et-de-la-Cooperation-Internationale-MPCI.jpg","width":462,"height":462,"caption":"Minist\u00e8re du Plan et de la Coop\u00e9ration Internationale - MPCI"},"image":{"@id":"https:\/\/mpcid.gov.gn\/#\/schema\/logo\/image\/"},"sameAs":["https:\/\/www.facebook.com\/MPCIGN","https:\/\/x.com\/MpciGov"]},{"@type":"Person","@id":"https:\/\/mpcid.gov.gn\/#\/schema\/person\/070aeea8fafd7a7e5a037505652abbee","name":"Service Communication","sameAs":["http:\/\/Service-com"],"url":"https:\/\/mpcid.gov.gn\/index.php\/author\/service-com\/"}]}},"_links":{"self":[{"href":"https:\/\/mpcid.gov.gn\/index.php\/wp-json\/wp\/v2\/posts\/18847","targetHints":{"allow":["GET"]}}],"collection":[{"href":"https:\/\/mpcid.gov.gn\/index.php\/wp-json\/wp\/v2\/posts"}],"about":[{"href":"https:\/\/mpcid.gov.gn\/index.php\/wp-json\/wp\/v2\/types\/post"}],"author":[{"embeddable":true,"href":"https:\/\/mpcid.gov.gn\/index.php\/wp-json\/wp\/v2\/users\/20"}],"replies":[{"embeddable":true,"href":"https:\/\/mpcid.gov.gn\/index.php\/wp-json\/wp\/v2\/comments?post=18847"}],"version-history":[{"count":0,"href":"https:\/\/mpcid.gov.gn\/index.php\/wp-json\/wp\/v2\/posts\/18847\/revisions"}],"wp:featuredmedia":[{"embeddable":true,"href":"https:\/\/mpcid.gov.gn\/index.php\/wp-json\/wp\/v2\/media\/18895"}],"wp:attachment":[{"href":"https:\/\/mpcid.gov.gn\/index.php\/wp-json\/wp\/v2\/media?parent=18847"}],"wp:term":[{"taxonomy":"category","embeddable":true,"href":"https:\/\/mpcid.gov.gn\/index.php\/wp-json\/wp\/v2\/categories?post=18847"},{"taxonomy":"post_tag","embeddable":true,"href":"https:\/\/mpcid.gov.gn\/index.php\/wp-json\/wp\/v2\/tags?post=18847"}],"curies":[{"name":"wp","href":"https:\/\/api.w.org\/{rel}","templated":true}]}}