{"id":18810,"date":"2026-02-19T17:40:36","date_gmt":"2026-02-19T17:40:36","guid":{"rendered":"https:\/\/mpcid.gov.gn\/?p=18810"},"modified":"2026-02-20T07:47:02","modified_gmt":"2026-02-20T07:47:02","slug":"planification-regionale-le-premier-ministre-installe-le-comite-de-pilotage-de-lelaboration-des-srad","status":"publish","type":"post","link":"https:\/\/mpcid.gov.gn\/index.php\/planification-regionale-le-premier-ministre-installe-le-comite-de-pilotage-de-lelaboration-des-srad\/","title":{"rendered":"Planification r\u00e9gionale : le Premier ministre installe le Comit\u00e9 de pilotage de l\u2019\u00e9laboration des SRAD"},"content":{"rendered":"<p>Conakry, le 19 f\u00e9vrier 2026 \u2013 Le Premier ministre, Chef du Gouvernement, Amadou Oury Bah, a proc\u00e9d\u00e9 \u00e0 l\u2019installation officielle du Comit\u00e9 de pilotage charg\u00e9 de l\u2019\u00e9laboration des Sch\u00e9mas R\u00e9gionaux d\u2019Am\u00e9nagement et de D\u00e9veloppement (SRAD). Cette \u00e9tape marque une avanc\u00e9e majeure dans la modernisation du syst\u00e8me national de planification et de d\u00e9veloppement territorial.<\/p>\n<p><img fetchpriority=\"high\" decoding=\"async\" class=\"alignnone size-medium wp-image-18824\" src=\"https:\/\/mpcid.gov.gn\/wp-content\/uploads\/2026\/02\/15-2-500x379.jpg\" alt=\"\" width=\"500\" height=\"379\" srcset=\"https:\/\/mpcid.gov.gn\/wp-content\/uploads\/2026\/02\/15-2-500x379.jpg 500w, https:\/\/mpcid.gov.gn\/wp-content\/uploads\/2026\/02\/15-2-1024x776.jpg 1024w, https:\/\/mpcid.gov.gn\/wp-content\/uploads\/2026\/02\/15-2-768x582.jpg 768w, https:\/\/mpcid.gov.gn\/wp-content\/uploads\/2026\/02\/15-2-1200x909.jpg 1200w, https:\/\/mpcid.gov.gn\/wp-content\/uploads\/2026\/02\/15-2.jpg 1280w\" sizes=\"(max-width: 500px) 85vw, 500px\" \/> <img decoding=\"async\" class=\"alignnone size-medium wp-image-18818\" src=\"https:\/\/mpcid.gov.gn\/wp-content\/uploads\/2026\/02\/9-4-500x333.jpg\" alt=\"\" width=\"500\" height=\"333\" srcset=\"https:\/\/mpcid.gov.gn\/wp-content\/uploads\/2026\/02\/9-4-500x333.jpg 500w, https:\/\/mpcid.gov.gn\/wp-content\/uploads\/2026\/02\/9-4-1024x682.jpg 1024w, https:\/\/mpcid.gov.gn\/wp-content\/uploads\/2026\/02\/9-4-768x512.jpg 768w, https:\/\/mpcid.gov.gn\/wp-content\/uploads\/2026\/02\/9-4-1200x800.jpg 1200w, https:\/\/mpcid.gov.gn\/wp-content\/uploads\/2026\/02\/9-4.jpg 1280w\" sizes=\"(max-width: 500px) 85vw, 500px\" \/> <img decoding=\"async\" class=\"alignnone size-medium wp-image-18817\" src=\"https:\/\/mpcid.gov.gn\/wp-content\/uploads\/2026\/02\/8-5-500x304.jpg\" alt=\"\" width=\"500\" height=\"304\" srcset=\"https:\/\/mpcid.gov.gn\/wp-content\/uploads\/2026\/02\/8-5-500x304.jpg 500w, https:\/\/mpcid.gov.gn\/wp-content\/uploads\/2026\/02\/8-5-1024x623.jpg 1024w, https:\/\/mpcid.gov.gn\/wp-content\/uploads\/2026\/02\/8-5-768x467.jpg 768w, https:\/\/mpcid.gov.gn\/wp-content\/uploads\/2026\/02\/8-5-1200x730.jpg 1200w, https:\/\/mpcid.gov.gn\/wp-content\/uploads\/2026\/02\/8-5.jpg 1280w\" sizes=\"(max-width: 500px) 85vw, 500px\" \/> <img loading=\"lazy\" decoding=\"async\" class=\"alignnone size-medium wp-image-18812\" src=\"https:\/\/mpcid.gov.gn\/wp-content\/uploads\/2026\/02\/3-7-333x500.jpg\" alt=\"\" width=\"333\" height=\"500\" srcset=\"https:\/\/mpcid.gov.gn\/wp-content\/uploads\/2026\/02\/3-7-333x500.jpg 333w, https:\/\/mpcid.gov.gn\/wp-content\/uploads\/2026\/02\/3-7-682x1024.jpg 682w, https:\/\/mpcid.gov.gn\/wp-content\/uploads\/2026\/02\/3-7-768x1152.jpg 768w, https:\/\/mpcid.gov.gn\/wp-content\/uploads\/2026\/02\/3-7.jpg 853w\" sizes=\"(max-width: 333px) 85vw, 333px\" \/> <img loading=\"lazy\" decoding=\"async\" class=\"alignnone size-medium wp-image-18815\" src=\"https:\/\/mpcid.gov.gn\/wp-content\/uploads\/2026\/02\/6-7-500x292.jpg\" alt=\"\" width=\"500\" height=\"292\" srcset=\"https:\/\/mpcid.gov.gn\/wp-content\/uploads\/2026\/02\/6-7-500x292.jpg 500w, https:\/\/mpcid.gov.gn\/wp-content\/uploads\/2026\/02\/6-7-1024x598.jpg 1024w, https:\/\/mpcid.gov.gn\/wp-content\/uploads\/2026\/02\/6-7-768x448.jpg 768w, https:\/\/mpcid.gov.gn\/wp-content\/uploads\/2026\/02\/6-7-1200x700.jpg 1200w, https:\/\/mpcid.gov.gn\/wp-content\/uploads\/2026\/02\/6-7.jpg 1280w\" sizes=\"(max-width: 500px) 85vw, 500px\" \/> <img loading=\"lazy\" decoding=\"async\" class=\"alignnone size-medium wp-image-18814\" src=\"https:\/\/mpcid.gov.gn\/wp-content\/uploads\/2026\/02\/5-7-363x500.jpg\" alt=\"\" width=\"363\" height=\"500\" srcset=\"https:\/\/mpcid.gov.gn\/wp-content\/uploads\/2026\/02\/5-7-363x500.jpg 363w, https:\/\/mpcid.gov.gn\/wp-content\/uploads\/2026\/02\/5-7-744x1024.jpg 744w, https:\/\/mpcid.gov.gn\/wp-content\/uploads\/2026\/02\/5-7-768x1057.jpg 768w, https:\/\/mpcid.gov.gn\/wp-content\/uploads\/2026\/02\/5-7.jpg 930w\" sizes=\"(max-width: 363px) 85vw, 363px\" \/> <img loading=\"lazy\" decoding=\"async\" class=\"alignnone size-medium wp-image-18813\" src=\"https:\/\/mpcid.gov.gn\/wp-content\/uploads\/2026\/02\/4-7-500x303.jpg\" alt=\"\" width=\"500\" height=\"303\" srcset=\"https:\/\/mpcid.gov.gn\/wp-content\/uploads\/2026\/02\/4-7-500x303.jpg 500w, https:\/\/mpcid.gov.gn\/wp-content\/uploads\/2026\/02\/4-7-1024x620.jpg 1024w, https:\/\/mpcid.gov.gn\/wp-content\/uploads\/2026\/02\/4-7-768x465.jpg 768w, https:\/\/mpcid.gov.gn\/wp-content\/uploads\/2026\/02\/4-7-1200x727.jpg 1200w, https:\/\/mpcid.gov.gn\/wp-content\/uploads\/2026\/02\/4-7.jpg 1280w\" sizes=\"(max-width: 500px) 85vw, 500px\" \/> <img loading=\"lazy\" decoding=\"async\" class=\"alignnone size-medium wp-image-18816\" src=\"https:\/\/mpcid.gov.gn\/wp-content\/uploads\/2026\/02\/7-6-500x268.jpg\" alt=\"\" width=\"500\" height=\"268\" srcset=\"https:\/\/mpcid.gov.gn\/wp-content\/uploads\/2026\/02\/7-6-500x268.jpg 500w, https:\/\/mpcid.gov.gn\/wp-content\/uploads\/2026\/02\/7-6-1024x550.jpg 1024w, https:\/\/mpcid.gov.gn\/wp-content\/uploads\/2026\/02\/7-6-768x412.jpg 768w, https:\/\/mpcid.gov.gn\/wp-content\/uploads\/2026\/02\/7-6-1200x644.jpg 1200w, https:\/\/mpcid.gov.gn\/wp-content\/uploads\/2026\/02\/7-6.jpg 1280w\" sizes=\"(max-width: 500px) 85vw, 500px\" \/> <img loading=\"lazy\" decoding=\"async\" class=\"alignnone size-medium wp-image-18819\" src=\"https:\/\/mpcid.gov.gn\/wp-content\/uploads\/2026\/02\/10-4-500x333.jpg\" alt=\"\" width=\"500\" height=\"333\" srcset=\"https:\/\/mpcid.gov.gn\/wp-content\/uploads\/2026\/02\/10-4-500x333.jpg 500w, https:\/\/mpcid.gov.gn\/wp-content\/uploads\/2026\/02\/10-4-1024x682.jpg 1024w, https:\/\/mpcid.gov.gn\/wp-content\/uploads\/2026\/02\/10-4-768x512.jpg 768w, https:\/\/mpcid.gov.gn\/wp-content\/uploads\/2026\/02\/10-4-1200x800.jpg 1200w, https:\/\/mpcid.gov.gn\/wp-content\/uploads\/2026\/02\/10-4.jpg 1280w\" sizes=\"(max-width: 500px) 85vw, 500px\" \/> <img loading=\"lazy\" decoding=\"async\" class=\"alignnone size-medium wp-image-18820\" src=\"https:\/\/mpcid.gov.gn\/wp-content\/uploads\/2026\/02\/11-3-500x333.jpg\" alt=\"\" width=\"500\" height=\"333\" srcset=\"https:\/\/mpcid.gov.gn\/wp-content\/uploads\/2026\/02\/11-3-500x333.jpg 500w, https:\/\/mpcid.gov.gn\/wp-content\/uploads\/2026\/02\/11-3-1024x682.jpg 1024w, https:\/\/mpcid.gov.gn\/wp-content\/uploads\/2026\/02\/11-3-768x512.jpg 768w, https:\/\/mpcid.gov.gn\/wp-content\/uploads\/2026\/02\/11-3-1200x800.jpg 1200w, https:\/\/mpcid.gov.gn\/wp-content\/uploads\/2026\/02\/11-3.jpg 1280w\" sizes=\"(max-width: 500px) 85vw, 500px\" \/> <img loading=\"lazy\" decoding=\"async\" class=\"alignnone size-medium wp-image-18821\" src=\"https:\/\/mpcid.gov.gn\/wp-content\/uploads\/2026\/02\/12-3-500x275.jpg\" alt=\"\" width=\"500\" height=\"275\" srcset=\"https:\/\/mpcid.gov.gn\/wp-content\/uploads\/2026\/02\/12-3-500x275.jpg 500w, https:\/\/mpcid.gov.gn\/wp-content\/uploads\/2026\/02\/12-3-1024x562.jpg 1024w, https:\/\/mpcid.gov.gn\/wp-content\/uploads\/2026\/02\/12-3-768x422.jpg 768w, https:\/\/mpcid.gov.gn\/wp-content\/uploads\/2026\/02\/12-3-1200x659.jpg 1200w, https:\/\/mpcid.gov.gn\/wp-content\/uploads\/2026\/02\/12-3.jpg 1280w\" sizes=\"(max-width: 500px) 85vw, 500px\" \/><\/p>\n<p>La c\u00e9r\u00e9monie a rassembl\u00e9 plusieurs membres du Gouvernement, des partenaires techniques et financiers, des repr\u00e9sentants du secteur priv\u00e9, de la soci\u00e9t\u00e9 civile ainsi que des institutions nationales.<\/p>\n<p>L&rsquo;installation de ce Comit\u00e9 de Pilotage ne constitue pas un simple acte administratif, mais un v\u00e9ritable \u00ab\u00a0moment fondateur\u00a0\u00bb pour la nation. En confiant la pr\u00e9sidence de cet organe au Premier Ministre, Chef du Gouvernement, la Guin\u00e9e \u00e9l\u00e8ve la planification territoriale au rang de priorit\u00e9 d\u2019\u00c9tat. Ce comit\u00e9, qui r\u00e9unit minist\u00e8res strat\u00e9giques, secteur priv\u00e9, soci\u00e9t\u00e9 civile et partenaires internationaux, a pour mission de d\u00e9finir les orientations politiques et de garantir la coh\u00e9rence des futurs sch\u00e9mas r\u00e9gionaux.<\/p>\n<p><img loading=\"lazy\" decoding=\"async\" class=\"alignnone size-medium wp-image-18825\" src=\"https:\/\/mpcid.gov.gn\/wp-content\/uploads\/2026\/02\/16-2-500x359.jpg\" alt=\"\" width=\"500\" height=\"359\" srcset=\"https:\/\/mpcid.gov.gn\/wp-content\/uploads\/2026\/02\/16-2-500x359.jpg 500w, https:\/\/mpcid.gov.gn\/wp-content\/uploads\/2026\/02\/16-2-1024x735.jpg 1024w, https:\/\/mpcid.gov.gn\/wp-content\/uploads\/2026\/02\/16-2-768x551.jpg 768w, https:\/\/mpcid.gov.gn\/wp-content\/uploads\/2026\/02\/16-2.jpg 1080w\" sizes=\"(max-width: 500px) 85vw, 500px\" \/><img loading=\"lazy\" decoding=\"async\" class=\"alignnone size-medium wp-image-18822\" src=\"https:\/\/mpcid.gov.gn\/wp-content\/uploads\/2026\/02\/13-2-500x325.jpg\" alt=\"\" width=\"500\" height=\"325\" srcset=\"https:\/\/mpcid.gov.gn\/wp-content\/uploads\/2026\/02\/13-2-500x325.jpg 500w, https:\/\/mpcid.gov.gn\/wp-content\/uploads\/2026\/02\/13-2-1024x666.jpg 1024w, https:\/\/mpcid.gov.gn\/wp-content\/uploads\/2026\/02\/13-2-768x500.jpg 768w, https:\/\/mpcid.gov.gn\/wp-content\/uploads\/2026\/02\/13-2-1200x781.jpg 1200w, https:\/\/mpcid.gov.gn\/wp-content\/uploads\/2026\/02\/13-2.jpg 1280w\" sizes=\"(max-width: 500px) 85vw, 500px\" \/><\/p>\n<p>Dans sa pr\u00e9sentation, Dr Hassane Diallo, Directeur National du Plan (DNP), a rappel\u00e9 que les SRAD constituent un outil essentiel pour : harmoniser les actions entre les plans nationaux, r\u00e9gionaux et locaux ; garantir une r\u00e9partition plus \u00e9quitable des ressources et des investissements ; traduire les visions de d\u00e9veloppement en actions concr\u00e8tes et durables adapt\u00e9es \u00e0 chaque r\u00e9gion naturelle.<\/p>\n<p>Dans son discours de bienvenue, le Ministre du Plan, de la Coop\u00e9ration internationale et du D\u00e9veloppement, Isma\u00ebl NABE, a indiqu\u00e9 qu\u2019il s&rsquo;agit de \u00ab refonder la mani\u00e8re m\u00eame dont la R\u00e9publique pense son territoire. Les SRAD ne sont pas de simples documents techniques. Ils constituent un choix politique fort : celui de reconna\u00eetre que le d\u00e9veloppement durable de la Guin\u00e9e doit \u00eatre pens\u00e9 \u00e0 partir des potentialit\u00e9s propres \u00e0 chacune de nos r\u00e9gions \u00bb.<\/p>\n<p><img loading=\"lazy\" decoding=\"async\" class=\"alignnone size-medium wp-image-18823\" src=\"https:\/\/mpcid.gov.gn\/wp-content\/uploads\/2026\/02\/14-2-500x333.jpg\" alt=\"\" width=\"500\" height=\"333\" srcset=\"https:\/\/mpcid.gov.gn\/wp-content\/uploads\/2026\/02\/14-2-500x333.jpg 500w, https:\/\/mpcid.gov.gn\/wp-content\/uploads\/2026\/02\/14-2-1024x682.jpg 1024w, https:\/\/mpcid.gov.gn\/wp-content\/uploads\/2026\/02\/14-2-768x512.jpg 768w, https:\/\/mpcid.gov.gn\/wp-content\/uploads\/2026\/02\/14-2-1200x800.jpg 1200w, https:\/\/mpcid.gov.gn\/wp-content\/uploads\/2026\/02\/14-2.jpg 1280w\" sizes=\"(max-width: 500px) 85vw, 500px\" \/><\/p>\n<p>Vers une aide internationale souveraine et coordonn\u00e9e<\/p>\n<p>L&rsquo;initiative change \u00e9galement la donne pour la coop\u00e9ration internationale. En proposant un cadre de r\u00e9f\u00e9rence \u00ab\u00a0clair, structur\u00e9 et souverain\u00a0\u00bb, la Guin\u00e9e entend d\u00e9sormais orienter l&rsquo;aide au d\u00e9veloppement vers des priorit\u00e9s territoriales qu&rsquo;elle aura elle-m\u00eame d\u00e9finies.<\/p>\n<p>Le Ministre NABE a d&rsquo;ailleurs salu\u00e9 l&rsquo;appui constant de la Banque Mondiale et des autres partenaires techniques et financiers, tout en les invitant \u00e0 investir massivement dans cette planification, gage de l&rsquo;efficacit\u00e9 future des financements engag\u00e9s.<\/p>\n<p><img loading=\"lazy\" decoding=\"async\" class=\"alignnone size-medium wp-image-18814\" src=\"https:\/\/mpcid.gov.gn\/wp-content\/uploads\/2026\/02\/5-7-363x500.jpg\" alt=\"\" width=\"363\" height=\"500\" srcset=\"https:\/\/mpcid.gov.gn\/wp-content\/uploads\/2026\/02\/5-7-363x500.jpg 363w, https:\/\/mpcid.gov.gn\/wp-content\/uploads\/2026\/02\/5-7-744x1024.jpg 744w, https:\/\/mpcid.gov.gn\/wp-content\/uploads\/2026\/02\/5-7-768x1057.jpg 768w, https:\/\/mpcid.gov.gn\/wp-content\/uploads\/2026\/02\/5-7.jpg 930w\" sizes=\"(max-width: 363px) 85vw, 363px\" \/><\/p>\n<p>Pour garantir le succ\u00e8s de ces sch\u00e9mas, le gouvernement mise sur une synergie avec l&rsquo;Agence Nationale de Financement des Collectivit\u00e9s Locales (ANAFIC). L&rsquo;objectif est clair : faire des SRAD la \u00ab\u00a0boussole strat\u00e9gique\u00a0\u00bb pour l&rsquo;allocation du Fonds National de D\u00e9veloppement Local. Cette articulation doit permettre que chaque franc investi au niveau local contribue directement \u00e0 la transformation nationale.<\/p>\n<p>L&rsquo;\u00c9tat strat\u00e8ge en marche<\/p>\n<p>Cette d\u00e9marche s&rsquo;inscrit dans la vision de S.E.M. Mamadi Doumbouya, Pr\u00e9sident de la R\u00e9publique, visant \u00e0 faire de chaque r\u00e9gion un p\u00f4le de comp\u00e9titivit\u00e9 et de bien-\u00eatre. En installant ce comit\u00e9, la Guin\u00e9e affirme son r\u00f4le d&rsquo;\u00c9tat strat\u00e8ge qui anticipe et planifie pour transformer durablement la vie de ses citoyens.<\/p>\n<p>Le Ministre Isma\u00ebl NABE a conclu que ce chantier d\u00e9passe la g\u00e9n\u00e9ration actuelle : il pose les fondations d&rsquo;une Guin\u00e9e \u00ab\u00a0harmonieuse, comp\u00e9titive et solidaire\u00a0\u00bb pour les d\u00e9cennies \u00e0 venir.<\/p>\n<p>Prenant la parole en tant pr\u00e9sident du Comit\u00e9 de pilotage, le Premier ministre Amadou Oury BAH a soulign\u00e9 le caract\u00e8re particuli\u00e8rement sensible et strat\u00e9gique du sujet, rappelant que la Guin\u00e9e \u00e9volue dans un environnement r\u00e9gional marqu\u00e9 par des foyers d\u2019instabilit\u00e9. Selon lui, l\u2019\u00e9laboration des SRAD r\u00e9pond \u00e0 un imp\u00e9ratif fondamental : pr\u00e9venir les disparit\u00e9s territoriales susceptibles d\u2019alimenter le sentiment d\u2019abandon au sein de certaines communaut\u00e9s.<\/p>\n<p><img loading=\"lazy\" decoding=\"async\" class=\"alignnone size-medium wp-image-18812\" src=\"https:\/\/mpcid.gov.gn\/wp-content\/uploads\/2026\/02\/3-7-333x500.jpg\" alt=\"\" width=\"333\" height=\"500\" srcset=\"https:\/\/mpcid.gov.gn\/wp-content\/uploads\/2026\/02\/3-7-333x500.jpg 333w, https:\/\/mpcid.gov.gn\/wp-content\/uploads\/2026\/02\/3-7-682x1024.jpg 682w, https:\/\/mpcid.gov.gn\/wp-content\/uploads\/2026\/02\/3-7-768x1152.jpg 768w, https:\/\/mpcid.gov.gn\/wp-content\/uploads\/2026\/02\/3-7.jpg 853w\" sizes=\"(max-width: 333px) 85vw, 333px\" \/><\/p>\n<p>Il a d\u00e9plor\u00e9 qu\u2019au fil des ann\u00e9es, \u00ab le pays r\u00e9el \u00bb ait \u00e9t\u00e9 r\u00e9duit \u00e0 sa plus petite portion, laissant des zones enti\u00e8res sans investissements structurants.<\/p>\n<p>Le Premier ministre a qualifi\u00e9 cet acte de \u00ab strat\u00e9gique \u00bb, soulignant que l\u2019absence de planification coh\u00e9rente constitue l\u2019une des causes structurelles des d\u00e9s\u00e9quilibres territoriaux observ\u00e9s ces derni\u00e8res d\u00e9cennies.<\/p>\n<p>Dans un contexte r\u00e9gional marqu\u00e9 par des foyers d\u2019instabilit\u00e9, le Chef du Gouvernement a insist\u00e9 sur la n\u00e9cessit\u00e9 d\u2019\u00e9viter toute disparit\u00e9 susceptible d\u2019alimenter des frustrations locales. \u00ab Aucun d\u00e9veloppement durable ne peut se faire sans planification coh\u00e9rente \u00bb, a-t-il martel\u00e9, pr\u00e9cisant que le SRAD doit devenir l\u2019outil central d\u2019orientation territoriale des politiques publiques.<\/p>\n<p>S\u2019adressant aux membres du Comit\u00e9 de pilotage, le Premier ministre a fix\u00e9 des objectifs pr\u00e9cis : produire des sch\u00e9mas techniquement solides, fond\u00e9s sur des diagnostics rigoureux et align\u00e9s sur les orientations nationales ; orienter efficacement les investissements publics et priv\u00e9s ; structurer des p\u00f4les r\u00e9gionaux de croissance valorisant les avantages comparatifs de chaque territoire ; r\u00e9duire les disparit\u00e9s territoriales, notamment dans les zones enclav\u00e9es ; garantir la coh\u00e9rence entre plans nationaux, r\u00e9gionaux et locaux.<\/p>\n<p>Il a insist\u00e9 sur la qualit\u00e9 m\u00e9thodologique des travaux, la coordination intersectorielle, le respect des d\u00e9lais et la validation rigoureuse des livrables.<\/p>\n<p>Un instrument opposable et op\u00e9rationnel<\/p>\n<p>Le Premier ministre a clairement indiqu\u00e9 que le SRAD ne doit pas \u00eatre un simple document administratif, mais un v\u00e9ritable instrument d\u2019aide \u00e0 la d\u00e9cision, opposable et op\u00e9rationnel.<\/p>\n<p>Dans la perspective de la mise en place des conseils r\u00e9gionaux, appel\u00e9s \u00e0 jouer un r\u00f4le central dans la d\u00e9centralisation, ces sch\u00e9mas constitueront la base programmatique indispensable \u00e0 une gouvernance territoriale structur\u00e9e.<\/p>\n<p>Concluant son intervention, le Premier ministre a insist\u00e9 sur le caract\u00e8re imp\u00e9ratif de la mission confi\u00e9e au Comit\u00e9 de pilotage : \u00ab Ce n\u2019est pas une exhortation, c\u2019est une obligation. \u00bb<\/p>\n<p>Pour lui, la paix durable suppose l\u2019\u00e9limination des facteurs susceptibles de g\u00e9n\u00e9rer des crises, notamment les d\u00e9s\u00e9quilibres territoriaux et les frustrations li\u00e9es au manque d\u2019infrastructures et d\u2019opportunit\u00e9s.<\/p>\n<p>Il a r\u00e9affirm\u00e9 la volont\u00e9 du Gouvernement de doter la Guin\u00e9e d\u2019un syst\u00e8me moderne d\u2019am\u00e9nagement du territoire, au service d\u2019une croissance \u00e9quilibr\u00e9e et inclusive.<\/p>\n<p><img loading=\"lazy\" decoding=\"async\" class=\"alignnone size-medium wp-image-18811\" src=\"https:\/\/mpcid.gov.gn\/wp-content\/uploads\/2026\/02\/2-7-500x272.jpg\" alt=\"\" width=\"500\" height=\"272\" srcset=\"https:\/\/mpcid.gov.gn\/wp-content\/uploads\/2026\/02\/2-7-500x272.jpg 500w, https:\/\/mpcid.gov.gn\/wp-content\/uploads\/2026\/02\/2-7-1024x557.jpg 1024w, https:\/\/mpcid.gov.gn\/wp-content\/uploads\/2026\/02\/2-7-768x418.jpg 768w, https:\/\/mpcid.gov.gn\/wp-content\/uploads\/2026\/02\/2-7-1200x653.jpg 1200w, https:\/\/mpcid.gov.gn\/wp-content\/uploads\/2026\/02\/2-7.jpg 1280w\" sizes=\"(max-width: 500px) 85vw, 500px\" \/><\/p>\n<p>Cette approche inclusive et coordonn\u00e9e vise \u00e0 faire de chaque r\u00e9gion un v\u00e9ritable p\u00f4le de d\u00e9veloppement, en coh\u00e9rence avec le programme Simandou 2040 et la vision de transformation structurelle port\u00e9e par Son Excellence Monsieur Mamadi Doumbouya, Pr\u00e9sident de la R\u00e9publique.<\/p>\n","protected":false},"excerpt":{"rendered":"<p>Conakry, le 19 f\u00e9vrier 2026 \u2013 Le Premier ministre, Chef du Gouvernement, Amadou Oury Bah, a proc\u00e9d\u00e9 \u00e0 l\u2019installation officielle du Comit\u00e9 de pilotage charg\u00e9 de l\u2019\u00e9laboration des Sch\u00e9mas R\u00e9gionaux d\u2019Am\u00e9nagement et de D\u00e9veloppement (SRAD). Cette \u00e9tape marque une avanc\u00e9e majeure dans la modernisation du syst\u00e8me national de planification et de d\u00e9veloppement territorial. La c\u00e9r\u00e9monie &hellip; <a href=\"https:\/\/mpcid.gov.gn\/index.php\/planification-regionale-le-premier-ministre-installe-le-comite-de-pilotage-de-lelaboration-des-srad\/\" class=\"more-link\">Continue reading<span class=\"screen-reader-text\"> \u00ab\u00a0Planification r\u00e9gionale : le Premier ministre installe le Comit\u00e9 de pilotage de l\u2019\u00e9laboration des SRAD\u00a0\u00bb<\/span><\/a><\/p>\n","protected":false},"author":20,"featured_media":18811,"comment_status":"closed","ping_status":"closed","sticky":false,"template":"","format":"standard","meta":{"footnotes":""},"categories":[63],"tags":[],"class_list":["post-18810","post","type-post","status-publish","format-standard","has-post-thumbnail","hentry","category-actualites"],"yoast_head":"<!-- This site is optimized with the Yoast SEO plugin v27.5 - https:\/\/yoast.com\/product\/yoast-seo-wordpress\/ -->\n<title>Planification r\u00e9gionale : le Premier ministre installe le Comit\u00e9 de pilotage de l\u2019\u00e9laboration des SRAD - MPCI<\/title>\n<meta name=\"robots\" content=\"index, follow, max-snippet:-1, max-image-preview:large, max-video-preview:-1\" \/>\n<link rel=\"canonical\" href=\"https:\/\/mpcid.gov.gn\/index.php\/planification-regionale-le-premier-ministre-installe-le-comite-de-pilotage-de-lelaboration-des-srad\/\" \/>\n<meta property=\"og:locale\" content=\"fr_FR\" \/>\n<meta property=\"og:type\" content=\"article\" \/>\n<meta property=\"og:title\" content=\"Planification r\u00e9gionale : le Premier ministre installe le Comit\u00e9 de pilotage de l\u2019\u00e9laboration des SRAD - MPCI\" \/>\n<meta property=\"og:description\" content=\"Conakry, le 19 f\u00e9vrier 2026 \u2013 Le Premier ministre, Chef du Gouvernement, Amadou Oury Bah, a proc\u00e9d\u00e9 \u00e0 l\u2019installation officielle du Comit\u00e9 de pilotage charg\u00e9 de l\u2019\u00e9laboration des Sch\u00e9mas R\u00e9gionaux d\u2019Am\u00e9nagement et de D\u00e9veloppement (SRAD). Cette \u00e9tape marque une avanc\u00e9e majeure dans la modernisation du syst\u00e8me national de planification et de d\u00e9veloppement territorial. La c\u00e9r\u00e9monie &hellip; Continue reading &quot;Planification r\u00e9gionale : le Premier ministre installe le Comit\u00e9 de pilotage de l\u2019\u00e9laboration des SRAD&quot;\" \/>\n<meta property=\"og:url\" content=\"https:\/\/mpcid.gov.gn\/index.php\/planification-regionale-le-premier-ministre-installe-le-comite-de-pilotage-de-lelaboration-des-srad\/\" \/>\n<meta property=\"og:site_name\" content=\"MPCI\" \/>\n<meta property=\"article:publisher\" content=\"https:\/\/www.facebook.com\/MPCIGN\" \/>\n<meta property=\"article:published_time\" content=\"2026-02-19T17:40:36+00:00\" \/>\n<meta property=\"article:modified_time\" content=\"2026-02-20T07:47:02+00:00\" \/>\n<meta property=\"og:image\" content=\"https:\/\/mpcid.gov.gn\/wp-content\/uploads\/2026\/02\/2-7.jpg\" \/>\n\t<meta property=\"og:image:width\" content=\"1280\" \/>\n\t<meta property=\"og:image:height\" content=\"696\" \/>\n\t<meta property=\"og:image:type\" content=\"image\/jpeg\" \/>\n<meta name=\"author\" content=\"Service Communication\" \/>\n<meta name=\"twitter:card\" content=\"summary_large_image\" \/>\n<meta name=\"twitter:creator\" content=\"@MpciGov\" \/>\n<meta name=\"twitter:site\" content=\"@MpciGov\" \/>\n<meta name=\"twitter:label1\" content=\"\u00c9crit par\" \/>\n\t<meta name=\"twitter:data1\" content=\"Service Communication\" \/>\n\t<meta name=\"twitter:label2\" content=\"Dur\u00e9e de lecture estim\u00e9e\" \/>\n\t<meta name=\"twitter:data2\" content=\"9 minutes\" \/>\n<script type=\"application\/ld+json\" class=\"yoast-schema-graph\">{\"@context\":\"https:\\\/\\\/schema.org\",\"@graph\":[{\"@type\":\"Article\",\"@id\":\"https:\\\/\\\/mpcid.gov.gn\\\/index.php\\\/planification-regionale-le-premier-ministre-installe-le-comite-de-pilotage-de-lelaboration-des-srad\\\/#article\",\"isPartOf\":{\"@id\":\"https:\\\/\\\/mpcid.gov.gn\\\/index.php\\\/planification-regionale-le-premier-ministre-installe-le-comite-de-pilotage-de-lelaboration-des-srad\\\/\"},\"author\":{\"name\":\"Service Communication\",\"@id\":\"https:\\\/\\\/mpcid.gov.gn\\\/#\\\/schema\\\/person\\\/070aeea8fafd7a7e5a037505652abbee\"},\"headline\":\"Planification r\u00e9gionale : le Premier ministre installe le Comit\u00e9 de pilotage de l\u2019\u00e9laboration des SRAD\",\"datePublished\":\"2026-02-19T17:40:36+00:00\",\"dateModified\":\"2026-02-20T07:47:02+00:00\",\"mainEntityOfPage\":{\"@id\":\"https:\\\/\\\/mpcid.gov.gn\\\/index.php\\\/planification-regionale-le-premier-ministre-installe-le-comite-de-pilotage-de-lelaboration-des-srad\\\/\"},\"wordCount\":1134,\"publisher\":{\"@id\":\"https:\\\/\\\/mpcid.gov.gn\\\/#organization\"},\"image\":{\"@id\":\"https:\\\/\\\/mpcid.gov.gn\\\/index.php\\\/planification-regionale-le-premier-ministre-installe-le-comite-de-pilotage-de-lelaboration-des-srad\\\/#primaryimage\"},\"thumbnailUrl\":\"https:\\\/\\\/mpcid.gov.gn\\\/wp-content\\\/uploads\\\/2026\\\/02\\\/2-7.jpg\",\"articleSection\":[\"Actualit\u00e9s\"],\"inLanguage\":\"fr-FR\"},{\"@type\":\"WebPage\",\"@id\":\"https:\\\/\\\/mpcid.gov.gn\\\/index.php\\\/planification-regionale-le-premier-ministre-installe-le-comite-de-pilotage-de-lelaboration-des-srad\\\/\",\"url\":\"https:\\\/\\\/mpcid.gov.gn\\\/index.php\\\/planification-regionale-le-premier-ministre-installe-le-comite-de-pilotage-de-lelaboration-des-srad\\\/\",\"name\":\"Planification r\u00e9gionale : le Premier ministre installe le Comit\u00e9 de pilotage de l\u2019\u00e9laboration des SRAD - MPCI\",\"isPartOf\":{\"@id\":\"https:\\\/\\\/mpcid.gov.gn\\\/#website\"},\"primaryImageOfPage\":{\"@id\":\"https:\\\/\\\/mpcid.gov.gn\\\/index.php\\\/planification-regionale-le-premier-ministre-installe-le-comite-de-pilotage-de-lelaboration-des-srad\\\/#primaryimage\"},\"image\":{\"@id\":\"https:\\\/\\\/mpcid.gov.gn\\\/index.php\\\/planification-regionale-le-premier-ministre-installe-le-comite-de-pilotage-de-lelaboration-des-srad\\\/#primaryimage\"},\"thumbnailUrl\":\"https:\\\/\\\/mpcid.gov.gn\\\/wp-content\\\/uploads\\\/2026\\\/02\\\/2-7.jpg\",\"datePublished\":\"2026-02-19T17:40:36+00:00\",\"dateModified\":\"2026-02-20T07:47:02+00:00\",\"breadcrumb\":{\"@id\":\"https:\\\/\\\/mpcid.gov.gn\\\/index.php\\\/planification-regionale-le-premier-ministre-installe-le-comite-de-pilotage-de-lelaboration-des-srad\\\/#breadcrumb\"},\"inLanguage\":\"fr-FR\",\"potentialAction\":[{\"@type\":\"ReadAction\",\"target\":[\"https:\\\/\\\/mpcid.gov.gn\\\/index.php\\\/planification-regionale-le-premier-ministre-installe-le-comite-de-pilotage-de-lelaboration-des-srad\\\/\"]}]},{\"@type\":\"ImageObject\",\"inLanguage\":\"fr-FR\",\"@id\":\"https:\\\/\\\/mpcid.gov.gn\\\/index.php\\\/planification-regionale-le-premier-ministre-installe-le-comite-de-pilotage-de-lelaboration-des-srad\\\/#primaryimage\",\"url\":\"https:\\\/\\\/mpcid.gov.gn\\\/wp-content\\\/uploads\\\/2026\\\/02\\\/2-7.jpg\",\"contentUrl\":\"https:\\\/\\\/mpcid.gov.gn\\\/wp-content\\\/uploads\\\/2026\\\/02\\\/2-7.jpg\",\"width\":1280,\"height\":696},{\"@type\":\"BreadcrumbList\",\"@id\":\"https:\\\/\\\/mpcid.gov.gn\\\/index.php\\\/planification-regionale-le-premier-ministre-installe-le-comite-de-pilotage-de-lelaboration-des-srad\\\/#breadcrumb\",\"itemListElement\":[{\"@type\":\"ListItem\",\"position\":1,\"name\":\"Accueil\",\"item\":\"https:\\\/\\\/mpcid.gov.gn\\\/\"},{\"@type\":\"ListItem\",\"position\":2,\"name\":\"Planification r\u00e9gionale : le Premier ministre installe le Comit\u00e9 de pilotage de l\u2019\u00e9laboration des SRAD\"}]},{\"@type\":\"WebSite\",\"@id\":\"https:\\\/\\\/mpcid.gov.gn\\\/#website\",\"url\":\"https:\\\/\\\/mpcid.gov.gn\\\/\",\"name\":\"https:\\\/\\\/mpcid.gov.gn\\\/\",\"description\":\"Minist\u00e8re du Plan et de la Coop\u00e9ration Internationale\",\"publisher\":{\"@id\":\"https:\\\/\\\/mpcid.gov.gn\\\/#organization\"},\"potentialAction\":[{\"@type\":\"SearchAction\",\"target\":{\"@type\":\"EntryPoint\",\"urlTemplate\":\"https:\\\/\\\/mpcid.gov.gn\\\/?s={search_term_string}\"},\"query-input\":{\"@type\":\"PropertyValueSpecification\",\"valueRequired\":true,\"valueName\":\"search_term_string\"}}],\"inLanguage\":\"fr-FR\"},{\"@type\":\"Organization\",\"@id\":\"https:\\\/\\\/mpcid.gov.gn\\\/#organization\",\"name\":\"Minist\u00e8re du Plan et de la Coop\u00e9ration Internationale - MPCI\",\"url\":\"https:\\\/\\\/mpcid.gov.gn\\\/\",\"logo\":{\"@type\":\"ImageObject\",\"inLanguage\":\"fr-FR\",\"@id\":\"https:\\\/\\\/mpcid.gov.gn\\\/#\\\/schema\\\/logo\\\/image\\\/\",\"url\":\"https:\\\/\\\/mpcid.gov.gn\\\/wp-content\\\/uploads\\\/2023\\\/10\\\/Ministere-du-Plan-et-de-la-Cooperation-Internationale-MPCI.jpg\",\"contentUrl\":\"https:\\\/\\\/mpcid.gov.gn\\\/wp-content\\\/uploads\\\/2023\\\/10\\\/Ministere-du-Plan-et-de-la-Cooperation-Internationale-MPCI.jpg\",\"width\":462,\"height\":462,\"caption\":\"Minist\u00e8re du Plan et de la Coop\u00e9ration Internationale - MPCI\"},\"image\":{\"@id\":\"https:\\\/\\\/mpcid.gov.gn\\\/#\\\/schema\\\/logo\\\/image\\\/\"},\"sameAs\":[\"https:\\\/\\\/www.facebook.com\\\/MPCIGN\",\"https:\\\/\\\/x.com\\\/MpciGov\"]},{\"@type\":\"Person\",\"@id\":\"https:\\\/\\\/mpcid.gov.gn\\\/#\\\/schema\\\/person\\\/070aeea8fafd7a7e5a037505652abbee\",\"name\":\"Service Communication\",\"sameAs\":[\"http:\\\/\\\/Service-com\"],\"url\":\"https:\\\/\\\/mpcid.gov.gn\\\/index.php\\\/author\\\/service-com\\\/\"}]}<\/script>\n<!-- \/ Yoast SEO plugin. -->","yoast_head_json":{"title":"Planification r\u00e9gionale : le Premier ministre installe le Comit\u00e9 de pilotage de l\u2019\u00e9laboration des SRAD - MPCI","robots":{"index":"index","follow":"follow","max-snippet":"max-snippet:-1","max-image-preview":"max-image-preview:large","max-video-preview":"max-video-preview:-1"},"canonical":"https:\/\/mpcid.gov.gn\/index.php\/planification-regionale-le-premier-ministre-installe-le-comite-de-pilotage-de-lelaboration-des-srad\/","og_locale":"fr_FR","og_type":"article","og_title":"Planification r\u00e9gionale : le Premier ministre installe le Comit\u00e9 de pilotage de l\u2019\u00e9laboration des SRAD - MPCI","og_description":"Conakry, le 19 f\u00e9vrier 2026 \u2013 Le Premier ministre, Chef du Gouvernement, Amadou Oury Bah, a proc\u00e9d\u00e9 \u00e0 l\u2019installation officielle du Comit\u00e9 de pilotage charg\u00e9 de l\u2019\u00e9laboration des Sch\u00e9mas R\u00e9gionaux d\u2019Am\u00e9nagement et de D\u00e9veloppement (SRAD). Cette \u00e9tape marque une avanc\u00e9e majeure dans la modernisation du syst\u00e8me national de planification et de d\u00e9veloppement territorial. La c\u00e9r\u00e9monie &hellip; Continue reading \"Planification r\u00e9gionale : le Premier ministre installe le Comit\u00e9 de pilotage de l\u2019\u00e9laboration des SRAD\"","og_url":"https:\/\/mpcid.gov.gn\/index.php\/planification-regionale-le-premier-ministre-installe-le-comite-de-pilotage-de-lelaboration-des-srad\/","og_site_name":"MPCI","article_publisher":"https:\/\/www.facebook.com\/MPCIGN","article_published_time":"2026-02-19T17:40:36+00:00","article_modified_time":"2026-02-20T07:47:02+00:00","og_image":[{"width":1280,"height":696,"url":"https:\/\/mpcid.gov.gn\/wp-content\/uploads\/2026\/02\/2-7.jpg","type":"image\/jpeg"}],"author":"Service Communication","twitter_card":"summary_large_image","twitter_creator":"@MpciGov","twitter_site":"@MpciGov","twitter_misc":{"\u00c9crit par":"Service Communication","Dur\u00e9e de lecture estim\u00e9e":"9 minutes"},"schema":{"@context":"https:\/\/schema.org","@graph":[{"@type":"Article","@id":"https:\/\/mpcid.gov.gn\/index.php\/planification-regionale-le-premier-ministre-installe-le-comite-de-pilotage-de-lelaboration-des-srad\/#article","isPartOf":{"@id":"https:\/\/mpcid.gov.gn\/index.php\/planification-regionale-le-premier-ministre-installe-le-comite-de-pilotage-de-lelaboration-des-srad\/"},"author":{"name":"Service Communication","@id":"https:\/\/mpcid.gov.gn\/#\/schema\/person\/070aeea8fafd7a7e5a037505652abbee"},"headline":"Planification r\u00e9gionale : le Premier ministre installe le Comit\u00e9 de pilotage de l\u2019\u00e9laboration des SRAD","datePublished":"2026-02-19T17:40:36+00:00","dateModified":"2026-02-20T07:47:02+00:00","mainEntityOfPage":{"@id":"https:\/\/mpcid.gov.gn\/index.php\/planification-regionale-le-premier-ministre-installe-le-comite-de-pilotage-de-lelaboration-des-srad\/"},"wordCount":1134,"publisher":{"@id":"https:\/\/mpcid.gov.gn\/#organization"},"image":{"@id":"https:\/\/mpcid.gov.gn\/index.php\/planification-regionale-le-premier-ministre-installe-le-comite-de-pilotage-de-lelaboration-des-srad\/#primaryimage"},"thumbnailUrl":"https:\/\/mpcid.gov.gn\/wp-content\/uploads\/2026\/02\/2-7.jpg","articleSection":["Actualit\u00e9s"],"inLanguage":"fr-FR"},{"@type":"WebPage","@id":"https:\/\/mpcid.gov.gn\/index.php\/planification-regionale-le-premier-ministre-installe-le-comite-de-pilotage-de-lelaboration-des-srad\/","url":"https:\/\/mpcid.gov.gn\/index.php\/planification-regionale-le-premier-ministre-installe-le-comite-de-pilotage-de-lelaboration-des-srad\/","name":"Planification r\u00e9gionale : le Premier ministre installe le Comit\u00e9 de pilotage de l\u2019\u00e9laboration des SRAD - MPCI","isPartOf":{"@id":"https:\/\/mpcid.gov.gn\/#website"},"primaryImageOfPage":{"@id":"https:\/\/mpcid.gov.gn\/index.php\/planification-regionale-le-premier-ministre-installe-le-comite-de-pilotage-de-lelaboration-des-srad\/#primaryimage"},"image":{"@id":"https:\/\/mpcid.gov.gn\/index.php\/planification-regionale-le-premier-ministre-installe-le-comite-de-pilotage-de-lelaboration-des-srad\/#primaryimage"},"thumbnailUrl":"https:\/\/mpcid.gov.gn\/wp-content\/uploads\/2026\/02\/2-7.jpg","datePublished":"2026-02-19T17:40:36+00:00","dateModified":"2026-02-20T07:47:02+00:00","breadcrumb":{"@id":"https:\/\/mpcid.gov.gn\/index.php\/planification-regionale-le-premier-ministre-installe-le-comite-de-pilotage-de-lelaboration-des-srad\/#breadcrumb"},"inLanguage":"fr-FR","potentialAction":[{"@type":"ReadAction","target":["https:\/\/mpcid.gov.gn\/index.php\/planification-regionale-le-premier-ministre-installe-le-comite-de-pilotage-de-lelaboration-des-srad\/"]}]},{"@type":"ImageObject","inLanguage":"fr-FR","@id":"https:\/\/mpcid.gov.gn\/index.php\/planification-regionale-le-premier-ministre-installe-le-comite-de-pilotage-de-lelaboration-des-srad\/#primaryimage","url":"https:\/\/mpcid.gov.gn\/wp-content\/uploads\/2026\/02\/2-7.jpg","contentUrl":"https:\/\/mpcid.gov.gn\/wp-content\/uploads\/2026\/02\/2-7.jpg","width":1280,"height":696},{"@type":"BreadcrumbList","@id":"https:\/\/mpcid.gov.gn\/index.php\/planification-regionale-le-premier-ministre-installe-le-comite-de-pilotage-de-lelaboration-des-srad\/#breadcrumb","itemListElement":[{"@type":"ListItem","position":1,"name":"Accueil","item":"https:\/\/mpcid.gov.gn\/"},{"@type":"ListItem","position":2,"name":"Planification r\u00e9gionale : le Premier ministre installe le Comit\u00e9 de pilotage de l\u2019\u00e9laboration des SRAD"}]},{"@type":"WebSite","@id":"https:\/\/mpcid.gov.gn\/#website","url":"https:\/\/mpcid.gov.gn\/","name":"https:\/\/mpcid.gov.gn\/","description":"Minist\u00e8re du Plan et de la Coop\u00e9ration Internationale","publisher":{"@id":"https:\/\/mpcid.gov.gn\/#organization"},"potentialAction":[{"@type":"SearchAction","target":{"@type":"EntryPoint","urlTemplate":"https:\/\/mpcid.gov.gn\/?s={search_term_string}"},"query-input":{"@type":"PropertyValueSpecification","valueRequired":true,"valueName":"search_term_string"}}],"inLanguage":"fr-FR"},{"@type":"Organization","@id":"https:\/\/mpcid.gov.gn\/#organization","name":"Minist\u00e8re du Plan et de la Coop\u00e9ration Internationale - MPCI","url":"https:\/\/mpcid.gov.gn\/","logo":{"@type":"ImageObject","inLanguage":"fr-FR","@id":"https:\/\/mpcid.gov.gn\/#\/schema\/logo\/image\/","url":"https:\/\/mpcid.gov.gn\/wp-content\/uploads\/2023\/10\/Ministere-du-Plan-et-de-la-Cooperation-Internationale-MPCI.jpg","contentUrl":"https:\/\/mpcid.gov.gn\/wp-content\/uploads\/2023\/10\/Ministere-du-Plan-et-de-la-Cooperation-Internationale-MPCI.jpg","width":462,"height":462,"caption":"Minist\u00e8re du Plan et de la Coop\u00e9ration Internationale - MPCI"},"image":{"@id":"https:\/\/mpcid.gov.gn\/#\/schema\/logo\/image\/"},"sameAs":["https:\/\/www.facebook.com\/MPCIGN","https:\/\/x.com\/MpciGov"]},{"@type":"Person","@id":"https:\/\/mpcid.gov.gn\/#\/schema\/person\/070aeea8fafd7a7e5a037505652abbee","name":"Service Communication","sameAs":["http:\/\/Service-com"],"url":"https:\/\/mpcid.gov.gn\/index.php\/author\/service-com\/"}]}},"_links":{"self":[{"href":"https:\/\/mpcid.gov.gn\/index.php\/wp-json\/wp\/v2\/posts\/18810","targetHints":{"allow":["GET"]}}],"collection":[{"href":"https:\/\/mpcid.gov.gn\/index.php\/wp-json\/wp\/v2\/posts"}],"about":[{"href":"https:\/\/mpcid.gov.gn\/index.php\/wp-json\/wp\/v2\/types\/post"}],"author":[{"embeddable":true,"href":"https:\/\/mpcid.gov.gn\/index.php\/wp-json\/wp\/v2\/users\/20"}],"replies":[{"embeddable":true,"href":"https:\/\/mpcid.gov.gn\/index.php\/wp-json\/wp\/v2\/comments?post=18810"}],"version-history":[{"count":0,"href":"https:\/\/mpcid.gov.gn\/index.php\/wp-json\/wp\/v2\/posts\/18810\/revisions"}],"wp:featuredmedia":[{"embeddable":true,"href":"https:\/\/mpcid.gov.gn\/index.php\/wp-json\/wp\/v2\/media\/18811"}],"wp:attachment":[{"href":"https:\/\/mpcid.gov.gn\/index.php\/wp-json\/wp\/v2\/media?parent=18810"}],"wp:term":[{"taxonomy":"category","embeddable":true,"href":"https:\/\/mpcid.gov.gn\/index.php\/wp-json\/wp\/v2\/categories?post=18810"},{"taxonomy":"post_tag","embeddable":true,"href":"https:\/\/mpcid.gov.gn\/index.php\/wp-json\/wp\/v2\/tags?post=18810"}],"curies":[{"name":"wp","href":"https:\/\/api.w.org\/{rel}","templated":true}]}}