{"id":18781,"date":"2026-02-16T18:50:00","date_gmt":"2026-02-16T18:50:00","guid":{"rendered":"https:\/\/mpcid.gov.gn\/?p=18781"},"modified":"2026-02-17T12:11:07","modified_gmt":"2026-02-17T12:11:07","slug":"cooperation-guinee-japon-vers-une-mobilisation-accrue-du-secteur-prive-japonais-autour-du-programme-simandou-2040","status":"publish","type":"post","link":"https:\/\/mpcid.gov.gn\/index.php\/cooperation-guinee-japon-vers-une-mobilisation-accrue-du-secteur-prive-japonais-autour-du-programme-simandou-2040\/","title":{"rendered":"Coop\u00e9ration Guin\u00e9e\u2013Japon : vers une mobilisation accrue du secteur priv\u00e9 japonais autour du Programme Simandou 2040"},"content":{"rendered":"<p>Conakry, le 16 f\u00e9vrier 2026 \u2013 Le Ministre du Plan, de la Coop\u00e9ration internationale et du D\u00e9veloppement, Monsieur Isma\u00ebl Nab\u00e9, a accord\u00e9 une audience \u00e0 Son Excellence l\u2019ambassadeur du Japon, M. Kato Ryuichi. Ce dernier \u00e9tait accompagn\u00e9 de son charg\u00e9 d\u2019affaires, M. Tarui Toshiharu. Le ministre Nab\u00e9, de son c\u00f4t\u00e9, \u00e9tait entour\u00e9 des membres de son cabinet et des directeurs.<\/p>\n<p><img fetchpriority=\"high\" decoding=\"async\" class=\"alignnone size-medium wp-image-18788\" src=\"https:\/\/mpcid.gov.gn\/wp-content\/uploads\/2026\/02\/7-5-500x333.jpg\" alt=\"\" width=\"500\" height=\"333\" srcset=\"https:\/\/mpcid.gov.gn\/wp-content\/uploads\/2026\/02\/7-5-500x333.jpg 500w, https:\/\/mpcid.gov.gn\/wp-content\/uploads\/2026\/02\/7-5-1024x683.jpg 1024w, https:\/\/mpcid.gov.gn\/wp-content\/uploads\/2026\/02\/7-5-768x512.jpg 768w, https:\/\/mpcid.gov.gn\/wp-content\/uploads\/2026\/02\/7-5.jpg 1080w\" sizes=\"(max-width: 500px) 85vw, 500px\" \/> <img decoding=\"async\" class=\"alignnone size-medium wp-image-18791\" src=\"https:\/\/mpcid.gov.gn\/wp-content\/uploads\/2026\/02\/10-3-333x500.jpg\" alt=\"\" width=\"333\" height=\"500\" srcset=\"https:\/\/mpcid.gov.gn\/wp-content\/uploads\/2026\/02\/10-3-333x500.jpg 333w, https:\/\/mpcid.gov.gn\/wp-content\/uploads\/2026\/02\/10-3-683x1024.jpg 683w, https:\/\/mpcid.gov.gn\/wp-content\/uploads\/2026\/02\/10-3.jpg 720w\" sizes=\"(max-width: 333px) 85vw, 333px\" \/> <img decoding=\"async\" class=\"alignnone size-medium wp-image-18795\" src=\"https:\/\/mpcid.gov.gn\/wp-content\/uploads\/2026\/02\/14-1-500x270.jpg\" alt=\"\" width=\"500\" height=\"270\" srcset=\"https:\/\/mpcid.gov.gn\/wp-content\/uploads\/2026\/02\/14-1-500x270.jpg 500w, https:\/\/mpcid.gov.gn\/wp-content\/uploads\/2026\/02\/14-1-1024x553.jpg 1024w, https:\/\/mpcid.gov.gn\/wp-content\/uploads\/2026\/02\/14-1-768x415.jpg 768w, https:\/\/mpcid.gov.gn\/wp-content\/uploads\/2026\/02\/14-1.jpg 1080w\" sizes=\"(max-width: 500px) 85vw, 500px\" \/> <img loading=\"lazy\" decoding=\"async\" class=\"alignnone size-medium wp-image-18796\" src=\"https:\/\/mpcid.gov.gn\/wp-content\/uploads\/2026\/02\/15-1-500x333.jpg\" alt=\"\" width=\"500\" height=\"333\" srcset=\"https:\/\/mpcid.gov.gn\/wp-content\/uploads\/2026\/02\/15-1-500x333.jpg 500w, https:\/\/mpcid.gov.gn\/wp-content\/uploads\/2026\/02\/15-1-1024x683.jpg 1024w, https:\/\/mpcid.gov.gn\/wp-content\/uploads\/2026\/02\/15-1-768x512.jpg 768w, https:\/\/mpcid.gov.gn\/wp-content\/uploads\/2026\/02\/15-1.jpg 1080w\" sizes=\"(max-width: 500px) 85vw, 500px\" \/> <img loading=\"lazy\" decoding=\"async\" class=\"alignnone size-medium wp-image-18801\" src=\"https:\/\/mpcid.gov.gn\/wp-content\/uploads\/2026\/02\/20-1-500x331.jpg\" alt=\"\" width=\"500\" height=\"331\" srcset=\"https:\/\/mpcid.gov.gn\/wp-content\/uploads\/2026\/02\/20-1-500x331.jpg 500w, https:\/\/mpcid.gov.gn\/wp-content\/uploads\/2026\/02\/20-1-1024x679.jpg 1024w, https:\/\/mpcid.gov.gn\/wp-content\/uploads\/2026\/02\/20-1-768x509.jpg 768w, https:\/\/mpcid.gov.gn\/wp-content\/uploads\/2026\/02\/20-1.jpg 1080w\" sizes=\"(max-width: 500px) 85vw, 500px\" \/> <img loading=\"lazy\" decoding=\"async\" class=\"alignnone size-medium wp-image-18797\" src=\"https:\/\/mpcid.gov.gn\/wp-content\/uploads\/2026\/02\/16-1-500x333.jpg\" alt=\"\" width=\"500\" height=\"333\" srcset=\"https:\/\/mpcid.gov.gn\/wp-content\/uploads\/2026\/02\/16-1-500x333.jpg 500w, https:\/\/mpcid.gov.gn\/wp-content\/uploads\/2026\/02\/16-1-1024x683.jpg 1024w, https:\/\/mpcid.gov.gn\/wp-content\/uploads\/2026\/02\/16-1-768x512.jpg 768w, https:\/\/mpcid.gov.gn\/wp-content\/uploads\/2026\/02\/16-1.jpg 1080w\" sizes=\"(max-width: 500px) 85vw, 500px\" \/> <img loading=\"lazy\" decoding=\"async\" class=\"alignnone size-medium wp-image-18800\" src=\"https:\/\/mpcid.gov.gn\/wp-content\/uploads\/2026\/02\/19-1-500x313.jpg\" alt=\"\" width=\"500\" height=\"313\" srcset=\"https:\/\/mpcid.gov.gn\/wp-content\/uploads\/2026\/02\/19-1-500x313.jpg 500w, https:\/\/mpcid.gov.gn\/wp-content\/uploads\/2026\/02\/19-1-1024x642.jpg 1024w, https:\/\/mpcid.gov.gn\/wp-content\/uploads\/2026\/02\/19-1-768x481.jpg 768w, https:\/\/mpcid.gov.gn\/wp-content\/uploads\/2026\/02\/19-1.jpg 1080w\" sizes=\"(max-width: 500px) 85vw, 500px\" \/><\/p>\n<p>Cette visite a \u00e9t\u00e9 consacr\u00e9e au renforcement du partenariat strat\u00e9gique entre la Guin\u00e9e et le Japon, notamment autour des opportunit\u00e9s majeures offertes par le Programme Simandou 2040. Les \u00e9changes ont notamment port\u00e9 sur la n\u00e9cessit\u00e9 de rassurer les partenaires japonais quant \u00e0 la stabilit\u00e9, l\u2019organisation institutionnelle et l\u2019aptitude de la Guin\u00e9e \u00e0 accueillir des investissements \u00e9trangers structurants.<\/p>\n<p><img loading=\"lazy\" decoding=\"async\" class=\"alignnone size-medium wp-image-18798\" src=\"https:\/\/mpcid.gov.gn\/wp-content\/uploads\/2026\/02\/17-1-500x342.jpg\" alt=\"\" width=\"500\" height=\"342\" srcset=\"https:\/\/mpcid.gov.gn\/wp-content\/uploads\/2026\/02\/17-1-500x342.jpg 500w, https:\/\/mpcid.gov.gn\/wp-content\/uploads\/2026\/02\/17-1-1024x700.jpg 1024w, https:\/\/mpcid.gov.gn\/wp-content\/uploads\/2026\/02\/17-1-768x525.jpg 768w, https:\/\/mpcid.gov.gn\/wp-content\/uploads\/2026\/02\/17-1.jpg 1080w\" sizes=\"(max-width: 500px) 85vw, 500px\" \/> <img loading=\"lazy\" decoding=\"async\" class=\"alignnone size-medium wp-image-18800\" src=\"https:\/\/mpcid.gov.gn\/wp-content\/uploads\/2026\/02\/19-1-500x313.jpg\" alt=\"\" width=\"500\" height=\"313\" srcset=\"https:\/\/mpcid.gov.gn\/wp-content\/uploads\/2026\/02\/19-1-500x313.jpg 500w, https:\/\/mpcid.gov.gn\/wp-content\/uploads\/2026\/02\/19-1-1024x642.jpg 1024w, https:\/\/mpcid.gov.gn\/wp-content\/uploads\/2026\/02\/19-1-768x481.jpg 768w, https:\/\/mpcid.gov.gn\/wp-content\/uploads\/2026\/02\/19-1.jpg 1080w\" sizes=\"(max-width: 500px) 85vw, 500px\" \/> <img loading=\"lazy\" decoding=\"async\" class=\"alignnone size-medium wp-image-18793\" src=\"https:\/\/mpcid.gov.gn\/wp-content\/uploads\/2026\/02\/12-2-350x500.jpg\" alt=\"\" width=\"350\" height=\"500\" srcset=\"https:\/\/mpcid.gov.gn\/wp-content\/uploads\/2026\/02\/12-2-350x500.jpg 350w, https:\/\/mpcid.gov.gn\/wp-content\/uploads\/2026\/02\/12-2-716x1024.jpg 716w, https:\/\/mpcid.gov.gn\/wp-content\/uploads\/2026\/02\/12-2.jpg 755w\" sizes=\"(max-width: 350px) 85vw, 350px\" \/> <img loading=\"lazy\" decoding=\"async\" class=\"alignnone size-medium wp-image-18807\" src=\"https:\/\/mpcid.gov.gn\/wp-content\/uploads\/2026\/02\/26-500x306.jpg\" alt=\"\" width=\"500\" height=\"306\" srcset=\"https:\/\/mpcid.gov.gn\/wp-content\/uploads\/2026\/02\/26-500x306.jpg 500w, https:\/\/mpcid.gov.gn\/wp-content\/uploads\/2026\/02\/26-1024x628.jpg 1024w, https:\/\/mpcid.gov.gn\/wp-content\/uploads\/2026\/02\/26-768x471.jpg 768w, https:\/\/mpcid.gov.gn\/wp-content\/uploads\/2026\/02\/26.jpg 1080w\" sizes=\"(max-width: 500px) 85vw, 500px\" \/> <img loading=\"lazy\" decoding=\"async\" class=\"alignnone size-medium wp-image-18806\" src=\"https:\/\/mpcid.gov.gn\/wp-content\/uploads\/2026\/02\/25-500x329.jpg\" alt=\"\" width=\"500\" height=\"329\" srcset=\"https:\/\/mpcid.gov.gn\/wp-content\/uploads\/2026\/02\/25-500x329.jpg 500w, https:\/\/mpcid.gov.gn\/wp-content\/uploads\/2026\/02\/25-1024x674.jpg 1024w, https:\/\/mpcid.gov.gn\/wp-content\/uploads\/2026\/02\/25-768x506.jpg 768w, https:\/\/mpcid.gov.gn\/wp-content\/uploads\/2026\/02\/25.jpg 1080w\" sizes=\"(max-width: 500px) 85vw, 500px\" \/> <img loading=\"lazy\" decoding=\"async\" class=\"alignnone size-medium wp-image-18805\" src=\"https:\/\/mpcid.gov.gn\/wp-content\/uploads\/2026\/02\/24-398x500.jpg\" alt=\"\" width=\"398\" height=\"500\" srcset=\"https:\/\/mpcid.gov.gn\/wp-content\/uploads\/2026\/02\/24-398x500.jpg 398w, https:\/\/mpcid.gov.gn\/wp-content\/uploads\/2026\/02\/24-814x1024.jpg 814w, https:\/\/mpcid.gov.gn\/wp-content\/uploads\/2026\/02\/24-768x966.jpg 768w, https:\/\/mpcid.gov.gn\/wp-content\/uploads\/2026\/02\/24.jpg 859w\" sizes=\"(max-width: 398px) 85vw, 398px\" \/> <img loading=\"lazy\" decoding=\"async\" class=\"alignnone size-medium wp-image-18804\" src=\"https:\/\/mpcid.gov.gn\/wp-content\/uploads\/2026\/02\/23-444x500.jpg\" alt=\"\" width=\"444\" height=\"500\" srcset=\"https:\/\/mpcid.gov.gn\/wp-content\/uploads\/2026\/02\/23-444x500.jpg 444w, https:\/\/mpcid.gov.gn\/wp-content\/uploads\/2026\/02\/23-908x1024.jpg 908w, https:\/\/mpcid.gov.gn\/wp-content\/uploads\/2026\/02\/23-768x866.jpg 768w, https:\/\/mpcid.gov.gn\/wp-content\/uploads\/2026\/02\/23.jpg 958w\" sizes=\"(max-width: 444px) 85vw, 444px\" \/> <img loading=\"lazy\" decoding=\"async\" class=\"alignnone size-medium wp-image-18803\" src=\"https:\/\/mpcid.gov.gn\/wp-content\/uploads\/2026\/02\/22-500x316.jpg\" alt=\"\" width=\"500\" height=\"316\" srcset=\"https:\/\/mpcid.gov.gn\/wp-content\/uploads\/2026\/02\/22-500x316.jpg 500w, https:\/\/mpcid.gov.gn\/wp-content\/uploads\/2026\/02\/22-1024x648.jpg 1024w, https:\/\/mpcid.gov.gn\/wp-content\/uploads\/2026\/02\/22-768x486.jpg 768w, https:\/\/mpcid.gov.gn\/wp-content\/uploads\/2026\/02\/22.jpg 1080w\" sizes=\"(max-width: 500px) 85vw, 500px\" \/> <img loading=\"lazy\" decoding=\"async\" class=\"alignnone size-medium wp-image-18802\" src=\"https:\/\/mpcid.gov.gn\/wp-content\/uploads\/2026\/02\/21-333x500.jpg\" alt=\"\" width=\"333\" height=\"500\" srcset=\"https:\/\/mpcid.gov.gn\/wp-content\/uploads\/2026\/02\/21-333x500.jpg 333w, https:\/\/mpcid.gov.gn\/wp-content\/uploads\/2026\/02\/21-683x1024.jpg 683w, https:\/\/mpcid.gov.gn\/wp-content\/uploads\/2026\/02\/21.jpg 720w\" sizes=\"(max-width: 333px) 85vw, 333px\" \/> <img loading=\"lazy\" decoding=\"async\" class=\"alignnone size-medium wp-image-18801\" src=\"https:\/\/mpcid.gov.gn\/wp-content\/uploads\/2026\/02\/20-1-500x331.jpg\" alt=\"\" width=\"500\" height=\"331\" srcset=\"https:\/\/mpcid.gov.gn\/wp-content\/uploads\/2026\/02\/20-1-500x331.jpg 500w, https:\/\/mpcid.gov.gn\/wp-content\/uploads\/2026\/02\/20-1-1024x679.jpg 1024w, https:\/\/mpcid.gov.gn\/wp-content\/uploads\/2026\/02\/20-1-768x509.jpg 768w, https:\/\/mpcid.gov.gn\/wp-content\/uploads\/2026\/02\/20-1.jpg 1080w\" sizes=\"(max-width: 500px) 85vw, 500px\" \/> <img loading=\"lazy\" decoding=\"async\" class=\"alignnone size-medium wp-image-18803\" src=\"https:\/\/mpcid.gov.gn\/wp-content\/uploads\/2026\/02\/22-500x316.jpg\" alt=\"\" width=\"500\" height=\"316\" srcset=\"https:\/\/mpcid.gov.gn\/wp-content\/uploads\/2026\/02\/22-500x316.jpg 500w, https:\/\/mpcid.gov.gn\/wp-content\/uploads\/2026\/02\/22-1024x648.jpg 1024w, https:\/\/mpcid.gov.gn\/wp-content\/uploads\/2026\/02\/22-768x486.jpg 768w, https:\/\/mpcid.gov.gn\/wp-content\/uploads\/2026\/02\/22.jpg 1080w\" sizes=\"(max-width: 500px) 85vw, 500px\" \/> <img loading=\"lazy\" decoding=\"async\" class=\"alignnone size-medium wp-image-18806\" src=\"https:\/\/mpcid.gov.gn\/wp-content\/uploads\/2026\/02\/25-500x329.jpg\" alt=\"\" width=\"500\" height=\"329\" srcset=\"https:\/\/mpcid.gov.gn\/wp-content\/uploads\/2026\/02\/25-500x329.jpg 500w, https:\/\/mpcid.gov.gn\/wp-content\/uploads\/2026\/02\/25-1024x674.jpg 1024w, https:\/\/mpcid.gov.gn\/wp-content\/uploads\/2026\/02\/25-768x506.jpg 768w, https:\/\/mpcid.gov.gn\/wp-content\/uploads\/2026\/02\/25.jpg 1080w\" sizes=\"(max-width: 500px) 85vw, 500px\" \/><img loading=\"lazy\" decoding=\"async\" class=\"alignnone size-medium wp-image-18799\" src=\"https:\/\/mpcid.gov.gn\/wp-content\/uploads\/2026\/02\/18-1-500x333.jpg\" alt=\"\" width=\"500\" height=\"333\" srcset=\"https:\/\/mpcid.gov.gn\/wp-content\/uploads\/2026\/02\/18-1-500x333.jpg 500w, https:\/\/mpcid.gov.gn\/wp-content\/uploads\/2026\/02\/18-1-1024x683.jpg 1024w, https:\/\/mpcid.gov.gn\/wp-content\/uploads\/2026\/02\/18-1-768x512.jpg 768w, https:\/\/mpcid.gov.gn\/wp-content\/uploads\/2026\/02\/18-1.jpg 1080w\" sizes=\"(max-width: 500px) 85vw, 500px\" \/> <img loading=\"lazy\" decoding=\"async\" class=\"alignnone size-medium wp-image-18797\" src=\"https:\/\/mpcid.gov.gn\/wp-content\/uploads\/2026\/02\/16-1-500x333.jpg\" alt=\"\" width=\"500\" height=\"333\" srcset=\"https:\/\/mpcid.gov.gn\/wp-content\/uploads\/2026\/02\/16-1-500x333.jpg 500w, https:\/\/mpcid.gov.gn\/wp-content\/uploads\/2026\/02\/16-1-1024x683.jpg 1024w, https:\/\/mpcid.gov.gn\/wp-content\/uploads\/2026\/02\/16-1-768x512.jpg 768w, https:\/\/mpcid.gov.gn\/wp-content\/uploads\/2026\/02\/16-1.jpg 1080w\" sizes=\"(max-width: 500px) 85vw, 500px\" \/> <img loading=\"lazy\" decoding=\"async\" class=\"alignnone size-medium wp-image-18796\" src=\"https:\/\/mpcid.gov.gn\/wp-content\/uploads\/2026\/02\/15-1-500x333.jpg\" alt=\"\" width=\"500\" height=\"333\" srcset=\"https:\/\/mpcid.gov.gn\/wp-content\/uploads\/2026\/02\/15-1-500x333.jpg 500w, https:\/\/mpcid.gov.gn\/wp-content\/uploads\/2026\/02\/15-1-1024x683.jpg 1024w, https:\/\/mpcid.gov.gn\/wp-content\/uploads\/2026\/02\/15-1-768x512.jpg 768w, https:\/\/mpcid.gov.gn\/wp-content\/uploads\/2026\/02\/15-1.jpg 1080w\" sizes=\"(max-width: 500px) 85vw, 500px\" \/> <img decoding=\"async\" class=\"alignnone size-medium wp-image-18795\" src=\"https:\/\/mpcid.gov.gn\/wp-content\/uploads\/2026\/02\/14-1-500x270.jpg\" alt=\"\" width=\"500\" height=\"270\" srcset=\"https:\/\/mpcid.gov.gn\/wp-content\/uploads\/2026\/02\/14-1-500x270.jpg 500w, https:\/\/mpcid.gov.gn\/wp-content\/uploads\/2026\/02\/14-1-1024x553.jpg 1024w, https:\/\/mpcid.gov.gn\/wp-content\/uploads\/2026\/02\/14-1-768x415.jpg 768w, https:\/\/mpcid.gov.gn\/wp-content\/uploads\/2026\/02\/14-1.jpg 1080w\" sizes=\"(max-width: 500px) 85vw, 500px\" \/> <img loading=\"lazy\" decoding=\"async\" class=\"alignnone size-medium wp-image-18794\" src=\"https:\/\/mpcid.gov.gn\/wp-content\/uploads\/2026\/02\/13-1-500x292.jpg\" alt=\"\" width=\"500\" height=\"292\" srcset=\"https:\/\/mpcid.gov.gn\/wp-content\/uploads\/2026\/02\/13-1-500x292.jpg 500w, https:\/\/mpcid.gov.gn\/wp-content\/uploads\/2026\/02\/13-1-1024x597.jpg 1024w, https:\/\/mpcid.gov.gn\/wp-content\/uploads\/2026\/02\/13-1-768x448.jpg 768w, https:\/\/mpcid.gov.gn\/wp-content\/uploads\/2026\/02\/13-1.jpg 1080w\" sizes=\"(max-width: 500px) 85vw, 500px\" \/> <img loading=\"lazy\" decoding=\"async\" class=\"alignnone size-medium wp-image-18792\" src=\"https:\/\/mpcid.gov.gn\/wp-content\/uploads\/2026\/02\/11-2-500x290.jpg\" alt=\"\" width=\"500\" height=\"290\" srcset=\"https:\/\/mpcid.gov.gn\/wp-content\/uploads\/2026\/02\/11-2-500x290.jpg 500w, https:\/\/mpcid.gov.gn\/wp-content\/uploads\/2026\/02\/11-2-1024x594.jpg 1024w, https:\/\/mpcid.gov.gn\/wp-content\/uploads\/2026\/02\/11-2-768x446.jpg 768w, https:\/\/mpcid.gov.gn\/wp-content\/uploads\/2026\/02\/11-2.jpg 1080w\" sizes=\"(max-width: 500px) 85vw, 500px\" \/><\/p>\n<p style=\"text-align: center\"><strong>Un environnement d\u00e9sormais s\u00e9curis\u00e9 et structur\u00e9<\/strong><\/p>\n<p>Le Ministre NAB\u00c9 a soulign\u00e9 que la Guin\u00e9e est engag\u00e9e dans un programme de transformation responsable, pla\u00e7ant la s\u00e9curit\u00e9 et la gouvernance au rang des priorit\u00e9s nationales. Il a insist\u00e9 sur le fait que le pays est d\u00e9sormais pr\u00eat \u00e0 accueillir les investisseurs internationaux dans un cadre stabilis\u00e9, organis\u00e9 et orient\u00e9 vers des r\u00e9sultats concrets.<\/p>\n<p><img loading=\"lazy\" decoding=\"async\" class=\"alignnone size-medium wp-image-18793\" src=\"https:\/\/mpcid.gov.gn\/wp-content\/uploads\/2026\/02\/12-2-350x500.jpg\" alt=\"\" width=\"350\" height=\"500\" srcset=\"https:\/\/mpcid.gov.gn\/wp-content\/uploads\/2026\/02\/12-2-350x500.jpg 350w, https:\/\/mpcid.gov.gn\/wp-content\/uploads\/2026\/02\/12-2-716x1024.jpg 716w, https:\/\/mpcid.gov.gn\/wp-content\/uploads\/2026\/02\/12-2.jpg 755w\" sizes=\"(max-width: 350px) 85vw, 350px\" \/><\/p>\n<p>Rappelant que le Programme Simandou 2040 constitue une priorit\u00e9 strat\u00e9gique nationale mobilisant des volumes d\u2019investissement consid\u00e9rables, le Ministre a exprim\u00e9 le souhait de voir le Japon occuper une place significative dans ces projets. Il a notamment soulign\u00e9 que de nombreux \u00e9quipements et technologies utilis\u00e9s dans le m\u00e9ga-projet Simandou sont d&rsquo;origine japonaise, sans que cela ne se traduise syst\u00e9matiquement par une visibilit\u00e9 directe dans les statistiques ou la reconnaissance officielle des partenariats. \u00c0 cet effet, il a plaid\u00e9 pour une pr\u00e9sence plus affirm\u00e9e et une visibilit\u00e9 assum\u00e9e du savoir-faire japonais en Guin\u00e9e, tant en mati\u00e8re d\u2019ing\u00e9nierie que d\u2019\u00e9quipements industriels.<\/p>\n<p><img decoding=\"async\" class=\"alignnone size-medium wp-image-18791\" src=\"https:\/\/mpcid.gov.gn\/wp-content\/uploads\/2026\/02\/10-3-333x500.jpg\" alt=\"\" width=\"333\" height=\"500\" srcset=\"https:\/\/mpcid.gov.gn\/wp-content\/uploads\/2026\/02\/10-3-333x500.jpg 333w, https:\/\/mpcid.gov.gn\/wp-content\/uploads\/2026\/02\/10-3-683x1024.jpg 683w, https:\/\/mpcid.gov.gn\/wp-content\/uploads\/2026\/02\/10-3.jpg 720w\" sizes=\"(max-width: 333px) 85vw, 333px\" \/><\/p>\n<p>Le Ministre NAB\u00c9 a salu\u00e9 le travail accompli par l\u2019Ambassadeur dans le renforcement des relations bilat\u00e9rales, tout en soulignant le r\u00f4le d\u00e9terminant que jouera la repr\u00e9sentation diplomatique guin\u00e9enne \u00e0 Tokyo pour porter la voix de la Guin\u00e9e aupr\u00e8s des autorit\u00e9s et des entreprises nippones.<\/p>\n<p><strong>Cap sur les statistiques et l&rsquo;ing\u00e9nierie des donn\u00e9es<\/strong><\/p>\n<p>Un second volet majeur de l\u2019audience a concern\u00e9 le d\u00e9veloppement des capacit\u00e9s nationales en mati\u00e8re de statistiques et de gestion de l&rsquo;information. Le Ministre NAB\u00c9 a exprim\u00e9 la volont\u00e9 de voir le Japon accompagner la Guin\u00e9e dans la construction d\u2019un centre de formation d\u00e9di\u00e9 aux statistiques et aux sciences des donn\u00e9es ; le renforcement des capacit\u00e9s techniques en mati\u00e8re de collecte, de traitement et d\u2019analyse de donn\u00e9es ; la formation de jeunes ing\u00e9nieurs et sp\u00e9cialistes nationaux.<\/p>\n<p><img loading=\"lazy\" decoding=\"async\" class=\"alignnone size-medium wp-image-18783\" src=\"https:\/\/mpcid.gov.gn\/wp-content\/uploads\/2026\/02\/2-6-333x500.jpg\" alt=\"\" width=\"333\" height=\"500\" srcset=\"https:\/\/mpcid.gov.gn\/wp-content\/uploads\/2026\/02\/2-6-333x500.jpg 333w, https:\/\/mpcid.gov.gn\/wp-content\/uploads\/2026\/02\/2-6-683x1024.jpg 683w, https:\/\/mpcid.gov.gn\/wp-content\/uploads\/2026\/02\/2-6.jpg 720w\" sizes=\"(max-width: 333px) 85vw, 333px\" \/><\/p>\n<p>Il a pr\u00e9cis\u00e9 que l\u2019enjeu ne r\u00e9side pas uniquement dans les infrastructures physiques, mais surtout dans la valorisation du capital humain, capable de soutenir les politiques publiques par une production statistique fiable et moderne. Reconnu pour son expertise technologique, le Japon appara\u00eet comme un partenaire naturel dans ce domaine. Des requ\u00eates officielles seront prochainement transmises pour structurer cette coop\u00e9ration.<\/p>\n<p><strong>Perspectives d&rsquo;investissement et pr\u00eats concessionnels<\/strong><\/p>\n<p>S.E.M. KATO Ryuichi a f\u00e9licit\u00e9 le Ministre NAB\u00c9 pour sa reconduction \u00e0 la t\u00eate du d\u00e9partement et l\u2019a remerci\u00e9 d&rsquo;avoir honor\u00e9 de sa pr\u00e9sence la f\u00eate nationale du Japon, qui c\u00e9l\u00e9brait \u00e9galement un demi-si\u00e8cle de coop\u00e9ration entre les deux pays.<\/p>\n<p><img loading=\"lazy\" decoding=\"async\" class=\"alignnone size-medium wp-image-18784\" src=\"https:\/\/mpcid.gov.gn\/wp-content\/uploads\/2026\/02\/3-6-333x500.jpg\" alt=\"\" width=\"333\" height=\"500\" srcset=\"https:\/\/mpcid.gov.gn\/wp-content\/uploads\/2026\/02\/3-6-333x500.jpg 333w, https:\/\/mpcid.gov.gn\/wp-content\/uploads\/2026\/02\/3-6-683x1024.jpg 683w, https:\/\/mpcid.gov.gn\/wp-content\/uploads\/2026\/02\/3-6.jpg 720w\" sizes=\"(max-width: 333px) 85vw, 333px\" \/><\/p>\n<p>Saluant le retour de la Guin\u00e9e sur la sc\u00e8ne internationale, l&rsquo;Ambassadeur a d\u00e9clar\u00e9 que les entreprises nippones manifestaient leur intention d&rsquo;investir dans le pays. Il a sollicit\u00e9 le soutien du MPCID pour faciliter leur implantation et a annonc\u00e9 au Ministre l&rsquo;arriv\u00e9e imminente de d\u00e9l\u00e9gations de chefs d&rsquo;entreprise japonais en mission de prospection.<\/p>\n<p><img loading=\"lazy\" decoding=\"async\" class=\"alignnone size-medium wp-image-18798\" src=\"https:\/\/mpcid.gov.gn\/wp-content\/uploads\/2026\/02\/17-1-500x342.jpg\" alt=\"\" width=\"500\" height=\"342\" srcset=\"https:\/\/mpcid.gov.gn\/wp-content\/uploads\/2026\/02\/17-1-500x342.jpg 500w, https:\/\/mpcid.gov.gn\/wp-content\/uploads\/2026\/02\/17-1-1024x700.jpg 1024w, https:\/\/mpcid.gov.gn\/wp-content\/uploads\/2026\/02\/17-1-768x525.jpg 768w, https:\/\/mpcid.gov.gn\/wp-content\/uploads\/2026\/02\/17-1.jpg 1080w\" sizes=\"(max-width: 500px) 85vw, 500px\" \/><\/p>\n<p>Le diplomate a en outre sp\u00e9cifi\u00e9 qu&rsquo;au vu de ses indicateurs \u00e9conomiques r\u00e9cents, la Guin\u00e9e est d\u00e9sormais \u00e9ligible, peut d\u00e9sormais acc\u00e9der aux pr\u00eats en yens \u00e0 taux concessionnels, caract\u00e9ris\u00e9s par des taux d&rsquo;int\u00e9r\u00eat faibles et des remboursements \u00e0 long terme.<\/p>\n<p>Le Ministre Isma\u00ebl NAB\u00c9 a confirm\u00e9 que la Guin\u00e9e est candidate \u00e0 ces financements, qui soutiendront les projets structurants du Programme Simandou 2040. Enfin, il a r\u00e9affirm\u00e9 la volont\u00e9 du Gouvernement, sous l\u2019impulsion du Chef de l\u2019\u00c9tat et en coordination avec le Premier ministre, d\u2019inscrire la coop\u00e9ration Guin\u00e9e\u2013Japon dans une dynamique nouvelle, ax\u00e9e sur l\u2019investissement productif, le transfert de technologie et la cr\u00e9ation de valeur partag\u00e9e.<\/p>\n<p><img loading=\"lazy\" decoding=\"async\" class=\"alignnone size-medium wp-image-18805\" src=\"https:\/\/mpcid.gov.gn\/wp-content\/uploads\/2026\/02\/24-398x500.jpg\" alt=\"\" width=\"398\" height=\"500\" srcset=\"https:\/\/mpcid.gov.gn\/wp-content\/uploads\/2026\/02\/24-398x500.jpg 398w, https:\/\/mpcid.gov.gn\/wp-content\/uploads\/2026\/02\/24-814x1024.jpg 814w, https:\/\/mpcid.gov.gn\/wp-content\/uploads\/2026\/02\/24-768x966.jpg 768w, https:\/\/mpcid.gov.gn\/wp-content\/uploads\/2026\/02\/24.jpg 859w\" sizes=\"(max-width: 398px) 85vw, 398px\" \/> <img loading=\"lazy\" decoding=\"async\" class=\"alignnone size-medium wp-image-18787\" src=\"https:\/\/mpcid.gov.gn\/wp-content\/uploads\/2026\/02\/6-6-500x381.jpg\" alt=\"\" width=\"500\" height=\"381\" srcset=\"https:\/\/mpcid.gov.gn\/wp-content\/uploads\/2026\/02\/6-6-500x381.jpg 500w, https:\/\/mpcid.gov.gn\/wp-content\/uploads\/2026\/02\/6-6-1024x780.jpg 1024w, https:\/\/mpcid.gov.gn\/wp-content\/uploads\/2026\/02\/6-6-768x585.jpg 768w, https:\/\/mpcid.gov.gn\/wp-content\/uploads\/2026\/02\/6-6.jpg 1080w\" sizes=\"(max-width: 500px) 85vw, 500px\" \/> <img loading=\"lazy\" decoding=\"async\" class=\"alignnone size-medium wp-image-18786\" src=\"https:\/\/mpcid.gov.gn\/wp-content\/uploads\/2026\/02\/5-6-500x357.jpg\" alt=\"\" width=\"500\" height=\"357\" srcset=\"https:\/\/mpcid.gov.gn\/wp-content\/uploads\/2026\/02\/5-6-500x357.jpg 500w, https:\/\/mpcid.gov.gn\/wp-content\/uploads\/2026\/02\/5-6-1024x732.jpg 1024w, https:\/\/mpcid.gov.gn\/wp-content\/uploads\/2026\/02\/5-6-768x549.jpg 768w, https:\/\/mpcid.gov.gn\/wp-content\/uploads\/2026\/02\/5-6.jpg 1080w\" sizes=\"(max-width: 500px) 85vw, 500px\" \/> <img loading=\"lazy\" decoding=\"async\" class=\"alignnone size-medium wp-image-18785\" src=\"https:\/\/mpcid.gov.gn\/wp-content\/uploads\/2026\/02\/4-6-500x333.jpg\" alt=\"\" width=\"500\" height=\"333\" srcset=\"https:\/\/mpcid.gov.gn\/wp-content\/uploads\/2026\/02\/4-6-500x333.jpg 500w, https:\/\/mpcid.gov.gn\/wp-content\/uploads\/2026\/02\/4-6-1024x683.jpg 1024w, https:\/\/mpcid.gov.gn\/wp-content\/uploads\/2026\/02\/4-6-768x512.jpg 768w, https:\/\/mpcid.gov.gn\/wp-content\/uploads\/2026\/02\/4-6.jpg 1080w\" sizes=\"(max-width: 500px) 85vw, 500px\" \/> <img loading=\"lazy\" decoding=\"async\" class=\"alignnone size-medium wp-image-18782\" src=\"https:\/\/mpcid.gov.gn\/wp-content\/uploads\/2026\/02\/1-6-500x273.jpg\" alt=\"\" width=\"500\" height=\"273\" srcset=\"https:\/\/mpcid.gov.gn\/wp-content\/uploads\/2026\/02\/1-6-500x273.jpg 500w, https:\/\/mpcid.gov.gn\/wp-content\/uploads\/2026\/02\/1-6-1024x559.jpg 1024w, https:\/\/mpcid.gov.gn\/wp-content\/uploads\/2026\/02\/1-6-768x420.jpg 768w, https:\/\/mpcid.gov.gn\/wp-content\/uploads\/2026\/02\/1-6.jpg 1080w\" sizes=\"(max-width: 500px) 85vw, 500px\" \/><\/p>\n","protected":false},"excerpt":{"rendered":"<p>Conakry, le 16 f\u00e9vrier 2026 \u2013 Le Ministre du Plan, de la Coop\u00e9ration internationale et du D\u00e9veloppement, Monsieur Isma\u00ebl Nab\u00e9, a accord\u00e9 une audience \u00e0 Son Excellence l\u2019ambassadeur du Japon, M. Kato Ryuichi. Ce dernier \u00e9tait accompagn\u00e9 de son charg\u00e9 d\u2019affaires, M. Tarui Toshiharu. Le ministre Nab\u00e9, de son c\u00f4t\u00e9, \u00e9tait entour\u00e9 des membres de &hellip; <a href=\"https:\/\/mpcid.gov.gn\/index.php\/cooperation-guinee-japon-vers-une-mobilisation-accrue-du-secteur-prive-japonais-autour-du-programme-simandou-2040\/\" class=\"more-link\">Continue reading<span class=\"screen-reader-text\"> \u00ab\u00a0Coop\u00e9ration Guin\u00e9e\u2013Japon : vers une mobilisation accrue du secteur priv\u00e9 japonais autour du Programme Simandou 2040\u00a0\u00bb<\/span><\/a><\/p>\n","protected":false},"author":20,"featured_media":18782,"comment_status":"closed","ping_status":"closed","sticky":false,"template":"","format":"standard","meta":{"footnotes":""},"categories":[63],"tags":[],"class_list":["post-18781","post","type-post","status-publish","format-standard","has-post-thumbnail","hentry","category-actualites"],"yoast_head":"<!-- This site is optimized with the Yoast SEO plugin v27.5 - https:\/\/yoast.com\/product\/yoast-seo-wordpress\/ -->\n<title>Coop\u00e9ration Guin\u00e9e\u2013Japon : vers une mobilisation accrue du secteur priv\u00e9 japonais autour du Programme Simandou 2040 - MPCI<\/title>\n<meta name=\"robots\" content=\"index, follow, max-snippet:-1, max-image-preview:large, max-video-preview:-1\" \/>\n<link rel=\"canonical\" href=\"https:\/\/mpcid.gov.gn\/index.php\/cooperation-guinee-japon-vers-une-mobilisation-accrue-du-secteur-prive-japonais-autour-du-programme-simandou-2040\/\" \/>\n<meta property=\"og:locale\" content=\"fr_FR\" \/>\n<meta property=\"og:type\" content=\"article\" \/>\n<meta property=\"og:title\" content=\"Coop\u00e9ration Guin\u00e9e\u2013Japon : vers une mobilisation accrue du secteur priv\u00e9 japonais autour du Programme Simandou 2040 - MPCI\" \/>\n<meta property=\"og:description\" content=\"Conakry, le 16 f\u00e9vrier 2026 \u2013 Le Ministre du Plan, de la Coop\u00e9ration internationale et du D\u00e9veloppement, Monsieur Isma\u00ebl Nab\u00e9, a accord\u00e9 une audience \u00e0 Son Excellence l\u2019ambassadeur du Japon, M. Kato Ryuichi. Ce dernier \u00e9tait accompagn\u00e9 de son charg\u00e9 d\u2019affaires, M. Tarui Toshiharu. Le ministre Nab\u00e9, de son c\u00f4t\u00e9, \u00e9tait entour\u00e9 des membres de &hellip; Continue reading &quot;Coop\u00e9ration Guin\u00e9e\u2013Japon : vers une mobilisation accrue du secteur priv\u00e9 japonais autour du Programme Simandou 2040&quot;\" \/>\n<meta property=\"og:url\" content=\"https:\/\/mpcid.gov.gn\/index.php\/cooperation-guinee-japon-vers-une-mobilisation-accrue-du-secteur-prive-japonais-autour-du-programme-simandou-2040\/\" \/>\n<meta property=\"og:site_name\" content=\"MPCI\" \/>\n<meta property=\"article:publisher\" content=\"https:\/\/www.facebook.com\/MPCIGN\" \/>\n<meta property=\"article:published_time\" content=\"2026-02-16T18:50:00+00:00\" \/>\n<meta property=\"article:modified_time\" content=\"2026-02-17T12:11:07+00:00\" \/>\n<meta property=\"og:image\" content=\"https:\/\/mpcid.gov.gn\/wp-content\/uploads\/2026\/02\/1-6.jpg\" \/>\n\t<meta property=\"og:image:width\" content=\"1080\" \/>\n\t<meta property=\"og:image:height\" content=\"590\" \/>\n\t<meta property=\"og:image:type\" content=\"image\/jpeg\" \/>\n<meta name=\"author\" content=\"Service Communication\" \/>\n<meta name=\"twitter:card\" content=\"summary_large_image\" \/>\n<meta name=\"twitter:creator\" content=\"@MpciGov\" \/>\n<meta name=\"twitter:site\" content=\"@MpciGov\" \/>\n<meta name=\"twitter:label1\" content=\"\u00c9crit par\" \/>\n\t<meta name=\"twitter:data1\" content=\"Service Communication\" \/>\n\t<meta name=\"twitter:label2\" content=\"Dur\u00e9e de lecture estim\u00e9e\" \/>\n\t<meta name=\"twitter:data2\" content=\"11 minutes\" \/>\n<script type=\"application\/ld+json\" class=\"yoast-schema-graph\">{\"@context\":\"https:\\\/\\\/schema.org\",\"@graph\":[{\"@type\":\"Article\",\"@id\":\"https:\\\/\\\/mpcid.gov.gn\\\/index.php\\\/cooperation-guinee-japon-vers-une-mobilisation-accrue-du-secteur-prive-japonais-autour-du-programme-simandou-2040\\\/#article\",\"isPartOf\":{\"@id\":\"https:\\\/\\\/mpcid.gov.gn\\\/index.php\\\/cooperation-guinee-japon-vers-une-mobilisation-accrue-du-secteur-prive-japonais-autour-du-programme-simandou-2040\\\/\"},\"author\":{\"name\":\"Service Communication\",\"@id\":\"https:\\\/\\\/mpcid.gov.gn\\\/#\\\/schema\\\/person\\\/070aeea8fafd7a7e5a037505652abbee\"},\"headline\":\"Coop\u00e9ration Guin\u00e9e\u2013Japon : vers une mobilisation accrue du secteur priv\u00e9 japonais autour du Programme Simandou 2040\",\"datePublished\":\"2026-02-16T18:50:00+00:00\",\"dateModified\":\"2026-02-17T12:11:07+00:00\",\"mainEntityOfPage\":{\"@id\":\"https:\\\/\\\/mpcid.gov.gn\\\/index.php\\\/cooperation-guinee-japon-vers-une-mobilisation-accrue-du-secteur-prive-japonais-autour-du-programme-simandou-2040\\\/\"},\"wordCount\":789,\"publisher\":{\"@id\":\"https:\\\/\\\/mpcid.gov.gn\\\/#organization\"},\"image\":{\"@id\":\"https:\\\/\\\/mpcid.gov.gn\\\/index.php\\\/cooperation-guinee-japon-vers-une-mobilisation-accrue-du-secteur-prive-japonais-autour-du-programme-simandou-2040\\\/#primaryimage\"},\"thumbnailUrl\":\"https:\\\/\\\/mpcid.gov.gn\\\/wp-content\\\/uploads\\\/2026\\\/02\\\/1-6.jpg\",\"articleSection\":[\"Actualit\u00e9s\"],\"inLanguage\":\"fr-FR\"},{\"@type\":\"WebPage\",\"@id\":\"https:\\\/\\\/mpcid.gov.gn\\\/index.php\\\/cooperation-guinee-japon-vers-une-mobilisation-accrue-du-secteur-prive-japonais-autour-du-programme-simandou-2040\\\/\",\"url\":\"https:\\\/\\\/mpcid.gov.gn\\\/index.php\\\/cooperation-guinee-japon-vers-une-mobilisation-accrue-du-secteur-prive-japonais-autour-du-programme-simandou-2040\\\/\",\"name\":\"Coop\u00e9ration Guin\u00e9e\u2013Japon : vers une mobilisation accrue du secteur priv\u00e9 japonais autour du Programme Simandou 2040 - MPCI\",\"isPartOf\":{\"@id\":\"https:\\\/\\\/mpcid.gov.gn\\\/#website\"},\"primaryImageOfPage\":{\"@id\":\"https:\\\/\\\/mpcid.gov.gn\\\/index.php\\\/cooperation-guinee-japon-vers-une-mobilisation-accrue-du-secteur-prive-japonais-autour-du-programme-simandou-2040\\\/#primaryimage\"},\"image\":{\"@id\":\"https:\\\/\\\/mpcid.gov.gn\\\/index.php\\\/cooperation-guinee-japon-vers-une-mobilisation-accrue-du-secteur-prive-japonais-autour-du-programme-simandou-2040\\\/#primaryimage\"},\"thumbnailUrl\":\"https:\\\/\\\/mpcid.gov.gn\\\/wp-content\\\/uploads\\\/2026\\\/02\\\/1-6.jpg\",\"datePublished\":\"2026-02-16T18:50:00+00:00\",\"dateModified\":\"2026-02-17T12:11:07+00:00\",\"breadcrumb\":{\"@id\":\"https:\\\/\\\/mpcid.gov.gn\\\/index.php\\\/cooperation-guinee-japon-vers-une-mobilisation-accrue-du-secteur-prive-japonais-autour-du-programme-simandou-2040\\\/#breadcrumb\"},\"inLanguage\":\"fr-FR\",\"potentialAction\":[{\"@type\":\"ReadAction\",\"target\":[\"https:\\\/\\\/mpcid.gov.gn\\\/index.php\\\/cooperation-guinee-japon-vers-une-mobilisation-accrue-du-secteur-prive-japonais-autour-du-programme-simandou-2040\\\/\"]}]},{\"@type\":\"ImageObject\",\"inLanguage\":\"fr-FR\",\"@id\":\"https:\\\/\\\/mpcid.gov.gn\\\/index.php\\\/cooperation-guinee-japon-vers-une-mobilisation-accrue-du-secteur-prive-japonais-autour-du-programme-simandou-2040\\\/#primaryimage\",\"url\":\"https:\\\/\\\/mpcid.gov.gn\\\/wp-content\\\/uploads\\\/2026\\\/02\\\/1-6.jpg\",\"contentUrl\":\"https:\\\/\\\/mpcid.gov.gn\\\/wp-content\\\/uploads\\\/2026\\\/02\\\/1-6.jpg\",\"width\":1080,\"height\":590},{\"@type\":\"BreadcrumbList\",\"@id\":\"https:\\\/\\\/mpcid.gov.gn\\\/index.php\\\/cooperation-guinee-japon-vers-une-mobilisation-accrue-du-secteur-prive-japonais-autour-du-programme-simandou-2040\\\/#breadcrumb\",\"itemListElement\":[{\"@type\":\"ListItem\",\"position\":1,\"name\":\"Accueil\",\"item\":\"https:\\\/\\\/mpcid.gov.gn\\\/\"},{\"@type\":\"ListItem\",\"position\":2,\"name\":\"Coop\u00e9ration Guin\u00e9e\u2013Japon : vers une mobilisation accrue du secteur priv\u00e9 japonais autour du Programme Simandou 2040\"}]},{\"@type\":\"WebSite\",\"@id\":\"https:\\\/\\\/mpcid.gov.gn\\\/#website\",\"url\":\"https:\\\/\\\/mpcid.gov.gn\\\/\",\"name\":\"https:\\\/\\\/mpcid.gov.gn\\\/\",\"description\":\"Minist\u00e8re du Plan et de la Coop\u00e9ration Internationale\",\"publisher\":{\"@id\":\"https:\\\/\\\/mpcid.gov.gn\\\/#organization\"},\"potentialAction\":[{\"@type\":\"SearchAction\",\"target\":{\"@type\":\"EntryPoint\",\"urlTemplate\":\"https:\\\/\\\/mpcid.gov.gn\\\/?s={search_term_string}\"},\"query-input\":{\"@type\":\"PropertyValueSpecification\",\"valueRequired\":true,\"valueName\":\"search_term_string\"}}],\"inLanguage\":\"fr-FR\"},{\"@type\":\"Organization\",\"@id\":\"https:\\\/\\\/mpcid.gov.gn\\\/#organization\",\"name\":\"Minist\u00e8re du Plan et de la Coop\u00e9ration Internationale - MPCI\",\"url\":\"https:\\\/\\\/mpcid.gov.gn\\\/\",\"logo\":{\"@type\":\"ImageObject\",\"inLanguage\":\"fr-FR\",\"@id\":\"https:\\\/\\\/mpcid.gov.gn\\\/#\\\/schema\\\/logo\\\/image\\\/\",\"url\":\"https:\\\/\\\/mpcid.gov.gn\\\/wp-content\\\/uploads\\\/2023\\\/10\\\/Ministere-du-Plan-et-de-la-Cooperation-Internationale-MPCI.jpg\",\"contentUrl\":\"https:\\\/\\\/mpcid.gov.gn\\\/wp-content\\\/uploads\\\/2023\\\/10\\\/Ministere-du-Plan-et-de-la-Cooperation-Internationale-MPCI.jpg\",\"width\":462,\"height\":462,\"caption\":\"Minist\u00e8re du Plan et de la Coop\u00e9ration Internationale - MPCI\"},\"image\":{\"@id\":\"https:\\\/\\\/mpcid.gov.gn\\\/#\\\/schema\\\/logo\\\/image\\\/\"},\"sameAs\":[\"https:\\\/\\\/www.facebook.com\\\/MPCIGN\",\"https:\\\/\\\/x.com\\\/MpciGov\"]},{\"@type\":\"Person\",\"@id\":\"https:\\\/\\\/mpcid.gov.gn\\\/#\\\/schema\\\/person\\\/070aeea8fafd7a7e5a037505652abbee\",\"name\":\"Service Communication\",\"sameAs\":[\"http:\\\/\\\/Service-com\"],\"url\":\"https:\\\/\\\/mpcid.gov.gn\\\/index.php\\\/author\\\/service-com\\\/\"}]}<\/script>\n<!-- \/ Yoast SEO plugin. -->","yoast_head_json":{"title":"Coop\u00e9ration Guin\u00e9e\u2013Japon : vers une mobilisation accrue du secteur priv\u00e9 japonais autour du Programme Simandou 2040 - MPCI","robots":{"index":"index","follow":"follow","max-snippet":"max-snippet:-1","max-image-preview":"max-image-preview:large","max-video-preview":"max-video-preview:-1"},"canonical":"https:\/\/mpcid.gov.gn\/index.php\/cooperation-guinee-japon-vers-une-mobilisation-accrue-du-secteur-prive-japonais-autour-du-programme-simandou-2040\/","og_locale":"fr_FR","og_type":"article","og_title":"Coop\u00e9ration Guin\u00e9e\u2013Japon : vers une mobilisation accrue du secteur priv\u00e9 japonais autour du Programme Simandou 2040 - MPCI","og_description":"Conakry, le 16 f\u00e9vrier 2026 \u2013 Le Ministre du Plan, de la Coop\u00e9ration internationale et du D\u00e9veloppement, Monsieur Isma\u00ebl Nab\u00e9, a accord\u00e9 une audience \u00e0 Son Excellence l\u2019ambassadeur du Japon, M. Kato Ryuichi. Ce dernier \u00e9tait accompagn\u00e9 de son charg\u00e9 d\u2019affaires, M. Tarui Toshiharu. Le ministre Nab\u00e9, de son c\u00f4t\u00e9, \u00e9tait entour\u00e9 des membres de &hellip; Continue reading \"Coop\u00e9ration Guin\u00e9e\u2013Japon : vers une mobilisation accrue du secteur priv\u00e9 japonais autour du Programme Simandou 2040\"","og_url":"https:\/\/mpcid.gov.gn\/index.php\/cooperation-guinee-japon-vers-une-mobilisation-accrue-du-secteur-prive-japonais-autour-du-programme-simandou-2040\/","og_site_name":"MPCI","article_publisher":"https:\/\/www.facebook.com\/MPCIGN","article_published_time":"2026-02-16T18:50:00+00:00","article_modified_time":"2026-02-17T12:11:07+00:00","og_image":[{"width":1080,"height":590,"url":"https:\/\/mpcid.gov.gn\/wp-content\/uploads\/2026\/02\/1-6.jpg","type":"image\/jpeg"}],"author":"Service Communication","twitter_card":"summary_large_image","twitter_creator":"@MpciGov","twitter_site":"@MpciGov","twitter_misc":{"\u00c9crit par":"Service Communication","Dur\u00e9e de lecture estim\u00e9e":"11 minutes"},"schema":{"@context":"https:\/\/schema.org","@graph":[{"@type":"Article","@id":"https:\/\/mpcid.gov.gn\/index.php\/cooperation-guinee-japon-vers-une-mobilisation-accrue-du-secteur-prive-japonais-autour-du-programme-simandou-2040\/#article","isPartOf":{"@id":"https:\/\/mpcid.gov.gn\/index.php\/cooperation-guinee-japon-vers-une-mobilisation-accrue-du-secteur-prive-japonais-autour-du-programme-simandou-2040\/"},"author":{"name":"Service Communication","@id":"https:\/\/mpcid.gov.gn\/#\/schema\/person\/070aeea8fafd7a7e5a037505652abbee"},"headline":"Coop\u00e9ration Guin\u00e9e\u2013Japon : vers une mobilisation accrue du secteur priv\u00e9 japonais autour du Programme Simandou 2040","datePublished":"2026-02-16T18:50:00+00:00","dateModified":"2026-02-17T12:11:07+00:00","mainEntityOfPage":{"@id":"https:\/\/mpcid.gov.gn\/index.php\/cooperation-guinee-japon-vers-une-mobilisation-accrue-du-secteur-prive-japonais-autour-du-programme-simandou-2040\/"},"wordCount":789,"publisher":{"@id":"https:\/\/mpcid.gov.gn\/#organization"},"image":{"@id":"https:\/\/mpcid.gov.gn\/index.php\/cooperation-guinee-japon-vers-une-mobilisation-accrue-du-secteur-prive-japonais-autour-du-programme-simandou-2040\/#primaryimage"},"thumbnailUrl":"https:\/\/mpcid.gov.gn\/wp-content\/uploads\/2026\/02\/1-6.jpg","articleSection":["Actualit\u00e9s"],"inLanguage":"fr-FR"},{"@type":"WebPage","@id":"https:\/\/mpcid.gov.gn\/index.php\/cooperation-guinee-japon-vers-une-mobilisation-accrue-du-secteur-prive-japonais-autour-du-programme-simandou-2040\/","url":"https:\/\/mpcid.gov.gn\/index.php\/cooperation-guinee-japon-vers-une-mobilisation-accrue-du-secteur-prive-japonais-autour-du-programme-simandou-2040\/","name":"Coop\u00e9ration Guin\u00e9e\u2013Japon : vers une mobilisation accrue du secteur priv\u00e9 japonais autour du Programme Simandou 2040 - MPCI","isPartOf":{"@id":"https:\/\/mpcid.gov.gn\/#website"},"primaryImageOfPage":{"@id":"https:\/\/mpcid.gov.gn\/index.php\/cooperation-guinee-japon-vers-une-mobilisation-accrue-du-secteur-prive-japonais-autour-du-programme-simandou-2040\/#primaryimage"},"image":{"@id":"https:\/\/mpcid.gov.gn\/index.php\/cooperation-guinee-japon-vers-une-mobilisation-accrue-du-secteur-prive-japonais-autour-du-programme-simandou-2040\/#primaryimage"},"thumbnailUrl":"https:\/\/mpcid.gov.gn\/wp-content\/uploads\/2026\/02\/1-6.jpg","datePublished":"2026-02-16T18:50:00+00:00","dateModified":"2026-02-17T12:11:07+00:00","breadcrumb":{"@id":"https:\/\/mpcid.gov.gn\/index.php\/cooperation-guinee-japon-vers-une-mobilisation-accrue-du-secteur-prive-japonais-autour-du-programme-simandou-2040\/#breadcrumb"},"inLanguage":"fr-FR","potentialAction":[{"@type":"ReadAction","target":["https:\/\/mpcid.gov.gn\/index.php\/cooperation-guinee-japon-vers-une-mobilisation-accrue-du-secteur-prive-japonais-autour-du-programme-simandou-2040\/"]}]},{"@type":"ImageObject","inLanguage":"fr-FR","@id":"https:\/\/mpcid.gov.gn\/index.php\/cooperation-guinee-japon-vers-une-mobilisation-accrue-du-secteur-prive-japonais-autour-du-programme-simandou-2040\/#primaryimage","url":"https:\/\/mpcid.gov.gn\/wp-content\/uploads\/2026\/02\/1-6.jpg","contentUrl":"https:\/\/mpcid.gov.gn\/wp-content\/uploads\/2026\/02\/1-6.jpg","width":1080,"height":590},{"@type":"BreadcrumbList","@id":"https:\/\/mpcid.gov.gn\/index.php\/cooperation-guinee-japon-vers-une-mobilisation-accrue-du-secteur-prive-japonais-autour-du-programme-simandou-2040\/#breadcrumb","itemListElement":[{"@type":"ListItem","position":1,"name":"Accueil","item":"https:\/\/mpcid.gov.gn\/"},{"@type":"ListItem","position":2,"name":"Coop\u00e9ration Guin\u00e9e\u2013Japon : vers une mobilisation accrue du secteur priv\u00e9 japonais autour du Programme Simandou 2040"}]},{"@type":"WebSite","@id":"https:\/\/mpcid.gov.gn\/#website","url":"https:\/\/mpcid.gov.gn\/","name":"https:\/\/mpcid.gov.gn\/","description":"Minist\u00e8re du Plan et de la Coop\u00e9ration Internationale","publisher":{"@id":"https:\/\/mpcid.gov.gn\/#organization"},"potentialAction":[{"@type":"SearchAction","target":{"@type":"EntryPoint","urlTemplate":"https:\/\/mpcid.gov.gn\/?s={search_term_string}"},"query-input":{"@type":"PropertyValueSpecification","valueRequired":true,"valueName":"search_term_string"}}],"inLanguage":"fr-FR"},{"@type":"Organization","@id":"https:\/\/mpcid.gov.gn\/#organization","name":"Minist\u00e8re du Plan et de la Coop\u00e9ration Internationale - MPCI","url":"https:\/\/mpcid.gov.gn\/","logo":{"@type":"ImageObject","inLanguage":"fr-FR","@id":"https:\/\/mpcid.gov.gn\/#\/schema\/logo\/image\/","url":"https:\/\/mpcid.gov.gn\/wp-content\/uploads\/2023\/10\/Ministere-du-Plan-et-de-la-Cooperation-Internationale-MPCI.jpg","contentUrl":"https:\/\/mpcid.gov.gn\/wp-content\/uploads\/2023\/10\/Ministere-du-Plan-et-de-la-Cooperation-Internationale-MPCI.jpg","width":462,"height":462,"caption":"Minist\u00e8re du Plan et de la Coop\u00e9ration Internationale - MPCI"},"image":{"@id":"https:\/\/mpcid.gov.gn\/#\/schema\/logo\/image\/"},"sameAs":["https:\/\/www.facebook.com\/MPCIGN","https:\/\/x.com\/MpciGov"]},{"@type":"Person","@id":"https:\/\/mpcid.gov.gn\/#\/schema\/person\/070aeea8fafd7a7e5a037505652abbee","name":"Service Communication","sameAs":["http:\/\/Service-com"],"url":"https:\/\/mpcid.gov.gn\/index.php\/author\/service-com\/"}]}},"_links":{"self":[{"href":"https:\/\/mpcid.gov.gn\/index.php\/wp-json\/wp\/v2\/posts\/18781","targetHints":{"allow":["GET"]}}],"collection":[{"href":"https:\/\/mpcid.gov.gn\/index.php\/wp-json\/wp\/v2\/posts"}],"about":[{"href":"https:\/\/mpcid.gov.gn\/index.php\/wp-json\/wp\/v2\/types\/post"}],"author":[{"embeddable":true,"href":"https:\/\/mpcid.gov.gn\/index.php\/wp-json\/wp\/v2\/users\/20"}],"replies":[{"embeddable":true,"href":"https:\/\/mpcid.gov.gn\/index.php\/wp-json\/wp\/v2\/comments?post=18781"}],"version-history":[{"count":0,"href":"https:\/\/mpcid.gov.gn\/index.php\/wp-json\/wp\/v2\/posts\/18781\/revisions"}],"wp:featuredmedia":[{"embeddable":true,"href":"https:\/\/mpcid.gov.gn\/index.php\/wp-json\/wp\/v2\/media\/18782"}],"wp:attachment":[{"href":"https:\/\/mpcid.gov.gn\/index.php\/wp-json\/wp\/v2\/media?parent=18781"}],"wp:term":[{"taxonomy":"category","embeddable":true,"href":"https:\/\/mpcid.gov.gn\/index.php\/wp-json\/wp\/v2\/categories?post=18781"},{"taxonomy":"post_tag","embeddable":true,"href":"https:\/\/mpcid.gov.gn\/index.php\/wp-json\/wp\/v2\/tags?post=18781"}],"curies":[{"name":"wp","href":"https:\/\/api.w.org\/{rel}","templated":true}]}}