{"id":18773,"date":"2026-02-16T12:30:29","date_gmt":"2026-02-16T12:30:29","guid":{"rendered":"https:\/\/mpcid.gov.gn\/?p=18773"},"modified":"2026-02-17T11:35:48","modified_gmt":"2026-02-17T11:35:48","slug":"mpcid-conakry-abrite-le-seminaire-inter-regional-en-analyse-macrobudgetaire","status":"publish","type":"post","link":"https:\/\/mpcid.gov.gn\/index.php\/mpcid-conakry-abrite-le-seminaire-inter-regional-en-analyse-macrobudgetaire\/","title":{"rendered":"MPCID : Conakry abrite le S\u00e9minaire inter-r\u00e9gional en analyse macrobudg\u00e9taire"},"content":{"rendered":"<p>Conakry, le 16 f\u00e9vrier 2026 \u2013 Le Ministre du Plan, de la Coop\u00e9ration Internationale et du D\u00e9veloppement, Isma\u00ebl NABE, a particip\u00e9 \u00e0 la c\u00e9r\u00e9monie d\u2019ouverture du S\u00e9minaire inter-r\u00e9gional en analyse macro-budg\u00e9taire aux c\u00f4t\u00e9s de son homologue de l\u2019\u00c9conomie, des Finances et du Budget, ainsi que des responsables du Fonds mon\u00e9taire international et des centres r\u00e9gionaux AFRITAC.<\/p>\n<p><img fetchpriority=\"high\" decoding=\"async\" class=\"alignnone size-medium wp-image-18779\" src=\"https:\/\/mpcid.gov.gn\/wp-content\/uploads\/2026\/02\/6-5-500x345.jpg\" alt=\"\" width=\"500\" height=\"345\" srcset=\"https:\/\/mpcid.gov.gn\/wp-content\/uploads\/2026\/02\/6-5-500x345.jpg 500w, https:\/\/mpcid.gov.gn\/wp-content\/uploads\/2026\/02\/6-5-1024x707.jpg 1024w, https:\/\/mpcid.gov.gn\/wp-content\/uploads\/2026\/02\/6-5-768x530.jpg 768w, https:\/\/mpcid.gov.gn\/wp-content\/uploads\/2026\/02\/6-5.jpg 1080w\" sizes=\"(max-width: 500px) 85vw, 500px\" \/> <img decoding=\"async\" class=\"alignnone size-medium wp-image-18778\" src=\"https:\/\/mpcid.gov.gn\/wp-content\/uploads\/2026\/02\/5-5-500x333.jpg\" alt=\"\" width=\"500\" height=\"333\" srcset=\"https:\/\/mpcid.gov.gn\/wp-content\/uploads\/2026\/02\/5-5-500x333.jpg 500w, https:\/\/mpcid.gov.gn\/wp-content\/uploads\/2026\/02\/5-5-1024x683.jpg 1024w, https:\/\/mpcid.gov.gn\/wp-content\/uploads\/2026\/02\/5-5-768x512.jpg 768w, https:\/\/mpcid.gov.gn\/wp-content\/uploads\/2026\/02\/5-5.jpg 1080w\" sizes=\"(max-width: 500px) 85vw, 500px\" \/> <img decoding=\"async\" class=\"alignnone size-medium wp-image-18777\" src=\"https:\/\/mpcid.gov.gn\/wp-content\/uploads\/2026\/02\/4-5-500x313.jpg\" alt=\"\" width=\"500\" height=\"313\" srcset=\"https:\/\/mpcid.gov.gn\/wp-content\/uploads\/2026\/02\/4-5-500x313.jpg 500w, https:\/\/mpcid.gov.gn\/wp-content\/uploads\/2026\/02\/4-5-1024x642.jpg 1024w, https:\/\/mpcid.gov.gn\/wp-content\/uploads\/2026\/02\/4-5-768x481.jpg 768w, https:\/\/mpcid.gov.gn\/wp-content\/uploads\/2026\/02\/4-5.jpg 1080w\" sizes=\"(max-width: 500px) 85vw, 500px\" \/><\/p>\n<p>Cette rencontre de haut niveau r\u00e9unit une soixantaine de parlementaires et hauts fonctionnaires issus de dix-neuf pays d\u2019Afrique centrale et de l\u2019Ouest autour des enjeux li\u00e9s \u00e0 l\u2019\u00e9laboration et \u00e0 l\u2019int\u00e9gration des cadres budg\u00e9taires pluriannuels dans le cycle budg\u00e9taire. Les interventions ont mis en \u00e9vidence l\u2019importance strat\u00e9gique du cadrage macro-budg\u00e9taire dans un contexte marqu\u00e9 par la multiplication des chocs exog\u00e8nes et les exigences accrues de soutenabilit\u00e9, de transparence et de cr\u00e9dibilit\u00e9 des finances publiques.<\/p>\n<p>Le Ministre Isma\u00ebl NABE, en tant que principal responsable de la planification strat\u00e9gique nationale et de la coordination de la coop\u00e9ration internationale, son d\u00e9partement joue un r\u00f4le central dans l\u2019alignement des politiques publiques, des cadres budg\u00e9taires et des priorit\u00e9s de d\u00e9veloppement.<\/p>\n<p><img loading=\"lazy\" decoding=\"async\" class=\"alignnone size-medium wp-image-18775\" src=\"https:\/\/mpcid.gov.gn\/wp-content\/uploads\/2026\/02\/2-5-500x333.jpg\" alt=\"\" width=\"500\" height=\"333\" srcset=\"https:\/\/mpcid.gov.gn\/wp-content\/uploads\/2026\/02\/2-5-500x333.jpg 500w, https:\/\/mpcid.gov.gn\/wp-content\/uploads\/2026\/02\/2-5-1024x683.jpg 1024w, https:\/\/mpcid.gov.gn\/wp-content\/uploads\/2026\/02\/2-5-768x512.jpg 768w, https:\/\/mpcid.gov.gn\/wp-content\/uploads\/2026\/02\/2-5.jpg 1080w\" sizes=\"(max-width: 500px) 85vw, 500px\" \/><\/p>\n<p>Selon lui, dans un contexte mondial instable, marqu\u00e9 par des chocs exog\u00e8nes \u00e0 r\u00e9p\u00e9tition, le gouvernement guin\u00e9en pr\u00f4ne une rupture avec les m\u00e9thodes pass\u00e9es. Pour lui, l\u2019analyse macro-budg\u00e9taire est devenue un \u00ab instrument fondamental d\u2019aide \u00e0 la d\u00e9cision publique \u00bb. Le CBMT n&rsquo;est plus pr\u00e9sent\u00e9 comme un simple exercice technique, mais comme un levier de souverainet\u00e9 permettant d&rsquo;anticiper les risques, d&rsquo;\u00e9valuer la soutenabilit\u00e9 de la dette et d&rsquo;assurer que chaque d\u00e9pense publique s&rsquo;inscrit dans une trajectoire de d\u00e9veloppement cr\u00e9dible.<\/p>\n<p>M\u00eame que cette rigueur budg\u00e9taire est le socle de la vision port\u00e9e par le Pr\u00e9sident de la R\u00e9publique, Mamadi Doumbouya. Cette discipline est notamment indispensable au succ\u00e8s du programme \u00ab Simandou 2040 \u00bb.<\/p>\n<p>Pour transformer les richesses mini\u00e8res en capital humain et social durable, la Guin\u00e9e mise sur des indicateurs fiables. Le r\u00e9cent rebasage du PIB est, \u00e0 ce titre, une avanc\u00e9e majeure cit\u00e9e par le Ministre NABE pour refl\u00e9ter la r\u00e9alit\u00e9 des secteurs \u00e9mergents et renforcer la cr\u00e9dibilit\u00e9 des projections nationales.<\/p>\n<p style=\"text-align: center\"><strong>Un langage commun pour s\u00e9duire les investisseurs<\/strong><\/p>\n<p>Au-del\u00e0 des fronti\u00e8res nationales, la ma\u00eetrise du cycle budg\u00e9taire pluriannuel est un enjeu diplomatique et financier. Selon le Ministre NABE, la cr\u00e9dibilit\u00e9 budg\u00e9taire est le \u00ab langage commun \u00bb qui conditionne la confiance des investisseurs internationaux et la qualit\u00e9 du dialogue avec des partenaires comme le FMI et la Banque mondiale.<\/p>\n<p><img loading=\"lazy\" decoding=\"async\" class=\"alignnone size-medium wp-image-18776\" src=\"https:\/\/mpcid.gov.gn\/wp-content\/uploads\/2026\/02\/3-5-500x333.jpg\" alt=\"\" width=\"500\" height=\"333\" srcset=\"https:\/\/mpcid.gov.gn\/wp-content\/uploads\/2026\/02\/3-5-500x333.jpg 500w, https:\/\/mpcid.gov.gn\/wp-content\/uploads\/2026\/02\/3-5-1024x683.jpg 1024w, https:\/\/mpcid.gov.gn\/wp-content\/uploads\/2026\/02\/3-5-768x512.jpg 768w, https:\/\/mpcid.gov.gn\/wp-content\/uploads\/2026\/02\/3-5.jpg 1080w\" sizes=\"(max-width: 500px) 85vw, 500px\" \/><\/p>\n<p>Les responsables du FMI ont rappel\u00e9 que la pluriannualit\u00e9 budg\u00e9taire, adoss\u00e9e \u00e0 un cadre macro\u00e9conomique robuste, constitue d\u00e9sormais un standard international indispensable pour renforcer la discipline budg\u00e9taire et am\u00e9liorer la qualit\u00e9 de la d\u00e9pense publique. Les travaux, structur\u00e9s autour d\u2019approches conceptuelles, de partages d\u2019exp\u00e9riences et de mises en situation pratiques, visent \u00e0 identifier les principaux d\u00e9fis li\u00e9s aux cadres budg\u00e9taires \u00e0 moyen terme et \u00e0 formuler des recommandations op\u00e9rationnelles pour leur int\u00e9gration effective dans les processus nationaux.<\/p>\n<p>\u00c0 travers sa participation active, la Guin\u00e9e r\u00e9affirme son engagement en faveur de la modernisation de la gestion des finances publiques. Les documents de programmation budg\u00e9taire pluriannuelle seront au c\u0153ur de la mise en \u0153uvre du programme national de transformation \u00ab Simandou 2040 \u00bb, destin\u00e9 \u00e0 structurer durablement le d\u00e9veloppement \u00e9conomique du pays, en assurant une meilleure articulation entre planification strat\u00e9gique, allocation des ressources et r\u00e9sultats attendus.<\/p>\n","protected":false},"excerpt":{"rendered":"<p>Conakry, le 16 f\u00e9vrier 2026 \u2013 Le Ministre du Plan, de la Coop\u00e9ration Internationale et du D\u00e9veloppement, Isma\u00ebl NABE, a particip\u00e9 \u00e0 la c\u00e9r\u00e9monie d\u2019ouverture du S\u00e9minaire inter-r\u00e9gional en analyse macro-budg\u00e9taire aux c\u00f4t\u00e9s de son homologue de l\u2019\u00c9conomie, des Finances et du Budget, ainsi que des responsables du Fonds mon\u00e9taire international et des centres r\u00e9gionaux &hellip; <a href=\"https:\/\/mpcid.gov.gn\/index.php\/mpcid-conakry-abrite-le-seminaire-inter-regional-en-analyse-macrobudgetaire\/\" class=\"more-link\">Continue reading<span class=\"screen-reader-text\"> \u00ab\u00a0MPCID : Conakry abrite le S\u00e9minaire inter-r\u00e9gional en analyse macrobudg\u00e9taire\u00a0\u00bb<\/span><\/a><\/p>\n","protected":false},"author":20,"featured_media":18774,"comment_status":"closed","ping_status":"closed","sticky":false,"template":"","format":"standard","meta":{"footnotes":""},"categories":[63],"tags":[],"class_list":["post-18773","post","type-post","status-publish","format-standard","has-post-thumbnail","hentry","category-actualites"],"yoast_head":"<!-- This site is optimized with the Yoast SEO plugin v27.5 - https:\/\/yoast.com\/product\/yoast-seo-wordpress\/ -->\n<title>MPCID : Conakry abrite le S\u00e9minaire inter-r\u00e9gional en analyse macrobudg\u00e9taire - MPCI<\/title>\n<meta name=\"robots\" content=\"index, follow, max-snippet:-1, max-image-preview:large, max-video-preview:-1\" \/>\n<link rel=\"canonical\" href=\"https:\/\/mpcid.gov.gn\/index.php\/mpcid-conakry-abrite-le-seminaire-inter-regional-en-analyse-macrobudgetaire\/\" \/>\n<meta property=\"og:locale\" content=\"fr_FR\" \/>\n<meta property=\"og:type\" content=\"article\" \/>\n<meta property=\"og:title\" content=\"MPCID : Conakry abrite le S\u00e9minaire inter-r\u00e9gional en analyse macrobudg\u00e9taire - MPCI\" \/>\n<meta property=\"og:description\" content=\"Conakry, le 16 f\u00e9vrier 2026 \u2013 Le Ministre du Plan, de la Coop\u00e9ration Internationale et du D\u00e9veloppement, Isma\u00ebl NABE, a particip\u00e9 \u00e0 la c\u00e9r\u00e9monie d\u2019ouverture du S\u00e9minaire inter-r\u00e9gional en analyse macro-budg\u00e9taire aux c\u00f4t\u00e9s de son homologue de l\u2019\u00c9conomie, des Finances et du Budget, ainsi que des responsables du Fonds mon\u00e9taire international et des centres r\u00e9gionaux &hellip; Continue reading &quot;MPCID : Conakry abrite le S\u00e9minaire inter-r\u00e9gional en analyse macrobudg\u00e9taire&quot;\" \/>\n<meta property=\"og:url\" content=\"https:\/\/mpcid.gov.gn\/index.php\/mpcid-conakry-abrite-le-seminaire-inter-regional-en-analyse-macrobudgetaire\/\" \/>\n<meta property=\"og:site_name\" content=\"MPCI\" \/>\n<meta property=\"article:publisher\" content=\"https:\/\/www.facebook.com\/MPCIGN\" \/>\n<meta property=\"article:published_time\" content=\"2026-02-16T12:30:29+00:00\" \/>\n<meta property=\"article:modified_time\" content=\"2026-02-17T11:35:48+00:00\" \/>\n<meta property=\"og:image\" content=\"https:\/\/mpcid.gov.gn\/wp-content\/uploads\/2026\/02\/1-5.jpg\" \/>\n\t<meta property=\"og:image:width\" content=\"1080\" \/>\n\t<meta property=\"og:image:height\" content=\"720\" \/>\n\t<meta property=\"og:image:type\" content=\"image\/jpeg\" \/>\n<meta name=\"author\" content=\"Service Communication\" \/>\n<meta name=\"twitter:card\" content=\"summary_large_image\" \/>\n<meta name=\"twitter:creator\" content=\"@MpciGov\" \/>\n<meta name=\"twitter:site\" content=\"@MpciGov\" \/>\n<meta name=\"twitter:label1\" content=\"\u00c9crit par\" \/>\n\t<meta name=\"twitter:data1\" content=\"Service Communication\" \/>\n\t<meta name=\"twitter:label2\" content=\"Dur\u00e9e de lecture estim\u00e9e\" \/>\n\t<meta name=\"twitter:data2\" content=\"4 minutes\" \/>\n<script type=\"application\/ld+json\" class=\"yoast-schema-graph\">{\"@context\":\"https:\\\/\\\/schema.org\",\"@graph\":[{\"@type\":\"Article\",\"@id\":\"https:\\\/\\\/mpcid.gov.gn\\\/index.php\\\/mpcid-conakry-abrite-le-seminaire-inter-regional-en-analyse-macrobudgetaire\\\/#article\",\"isPartOf\":{\"@id\":\"https:\\\/\\\/mpcid.gov.gn\\\/index.php\\\/mpcid-conakry-abrite-le-seminaire-inter-regional-en-analyse-macrobudgetaire\\\/\"},\"author\":{\"name\":\"Service Communication\",\"@id\":\"https:\\\/\\\/mpcid.gov.gn\\\/#\\\/schema\\\/person\\\/070aeea8fafd7a7e5a037505652abbee\"},\"headline\":\"MPCID : Conakry abrite le S\u00e9minaire inter-r\u00e9gional en analyse macrobudg\u00e9taire\",\"datePublished\":\"2026-02-16T12:30:29+00:00\",\"dateModified\":\"2026-02-17T11:35:48+00:00\",\"mainEntityOfPage\":{\"@id\":\"https:\\\/\\\/mpcid.gov.gn\\\/index.php\\\/mpcid-conakry-abrite-le-seminaire-inter-regional-en-analyse-macrobudgetaire\\\/\"},\"wordCount\":622,\"publisher\":{\"@id\":\"https:\\\/\\\/mpcid.gov.gn\\\/#organization\"},\"image\":{\"@id\":\"https:\\\/\\\/mpcid.gov.gn\\\/index.php\\\/mpcid-conakry-abrite-le-seminaire-inter-regional-en-analyse-macrobudgetaire\\\/#primaryimage\"},\"thumbnailUrl\":\"https:\\\/\\\/mpcid.gov.gn\\\/wp-content\\\/uploads\\\/2026\\\/02\\\/1-5.jpg\",\"articleSection\":[\"Actualit\u00e9s\"],\"inLanguage\":\"fr-FR\"},{\"@type\":\"WebPage\",\"@id\":\"https:\\\/\\\/mpcid.gov.gn\\\/index.php\\\/mpcid-conakry-abrite-le-seminaire-inter-regional-en-analyse-macrobudgetaire\\\/\",\"url\":\"https:\\\/\\\/mpcid.gov.gn\\\/index.php\\\/mpcid-conakry-abrite-le-seminaire-inter-regional-en-analyse-macrobudgetaire\\\/\",\"name\":\"MPCID : Conakry abrite le S\u00e9minaire inter-r\u00e9gional en analyse macrobudg\u00e9taire - MPCI\",\"isPartOf\":{\"@id\":\"https:\\\/\\\/mpcid.gov.gn\\\/#website\"},\"primaryImageOfPage\":{\"@id\":\"https:\\\/\\\/mpcid.gov.gn\\\/index.php\\\/mpcid-conakry-abrite-le-seminaire-inter-regional-en-analyse-macrobudgetaire\\\/#primaryimage\"},\"image\":{\"@id\":\"https:\\\/\\\/mpcid.gov.gn\\\/index.php\\\/mpcid-conakry-abrite-le-seminaire-inter-regional-en-analyse-macrobudgetaire\\\/#primaryimage\"},\"thumbnailUrl\":\"https:\\\/\\\/mpcid.gov.gn\\\/wp-content\\\/uploads\\\/2026\\\/02\\\/1-5.jpg\",\"datePublished\":\"2026-02-16T12:30:29+00:00\",\"dateModified\":\"2026-02-17T11:35:48+00:00\",\"breadcrumb\":{\"@id\":\"https:\\\/\\\/mpcid.gov.gn\\\/index.php\\\/mpcid-conakry-abrite-le-seminaire-inter-regional-en-analyse-macrobudgetaire\\\/#breadcrumb\"},\"inLanguage\":\"fr-FR\",\"potentialAction\":[{\"@type\":\"ReadAction\",\"target\":[\"https:\\\/\\\/mpcid.gov.gn\\\/index.php\\\/mpcid-conakry-abrite-le-seminaire-inter-regional-en-analyse-macrobudgetaire\\\/\"]}]},{\"@type\":\"ImageObject\",\"inLanguage\":\"fr-FR\",\"@id\":\"https:\\\/\\\/mpcid.gov.gn\\\/index.php\\\/mpcid-conakry-abrite-le-seminaire-inter-regional-en-analyse-macrobudgetaire\\\/#primaryimage\",\"url\":\"https:\\\/\\\/mpcid.gov.gn\\\/wp-content\\\/uploads\\\/2026\\\/02\\\/1-5.jpg\",\"contentUrl\":\"https:\\\/\\\/mpcid.gov.gn\\\/wp-content\\\/uploads\\\/2026\\\/02\\\/1-5.jpg\",\"width\":1080,\"height\":720},{\"@type\":\"BreadcrumbList\",\"@id\":\"https:\\\/\\\/mpcid.gov.gn\\\/index.php\\\/mpcid-conakry-abrite-le-seminaire-inter-regional-en-analyse-macrobudgetaire\\\/#breadcrumb\",\"itemListElement\":[{\"@type\":\"ListItem\",\"position\":1,\"name\":\"Accueil\",\"item\":\"https:\\\/\\\/mpcid.gov.gn\\\/\"},{\"@type\":\"ListItem\",\"position\":2,\"name\":\"MPCID : Conakry abrite le S\u00e9minaire inter-r\u00e9gional en analyse macrobudg\u00e9taire\"}]},{\"@type\":\"WebSite\",\"@id\":\"https:\\\/\\\/mpcid.gov.gn\\\/#website\",\"url\":\"https:\\\/\\\/mpcid.gov.gn\\\/\",\"name\":\"https:\\\/\\\/mpcid.gov.gn\\\/\",\"description\":\"Minist\u00e8re du Plan et de la Coop\u00e9ration Internationale\",\"publisher\":{\"@id\":\"https:\\\/\\\/mpcid.gov.gn\\\/#organization\"},\"potentialAction\":[{\"@type\":\"SearchAction\",\"target\":{\"@type\":\"EntryPoint\",\"urlTemplate\":\"https:\\\/\\\/mpcid.gov.gn\\\/?s={search_term_string}\"},\"query-input\":{\"@type\":\"PropertyValueSpecification\",\"valueRequired\":true,\"valueName\":\"search_term_string\"}}],\"inLanguage\":\"fr-FR\"},{\"@type\":\"Organization\",\"@id\":\"https:\\\/\\\/mpcid.gov.gn\\\/#organization\",\"name\":\"Minist\u00e8re du Plan et de la Coop\u00e9ration Internationale - MPCI\",\"url\":\"https:\\\/\\\/mpcid.gov.gn\\\/\",\"logo\":{\"@type\":\"ImageObject\",\"inLanguage\":\"fr-FR\",\"@id\":\"https:\\\/\\\/mpcid.gov.gn\\\/#\\\/schema\\\/logo\\\/image\\\/\",\"url\":\"https:\\\/\\\/mpcid.gov.gn\\\/wp-content\\\/uploads\\\/2023\\\/10\\\/Ministere-du-Plan-et-de-la-Cooperation-Internationale-MPCI.jpg\",\"contentUrl\":\"https:\\\/\\\/mpcid.gov.gn\\\/wp-content\\\/uploads\\\/2023\\\/10\\\/Ministere-du-Plan-et-de-la-Cooperation-Internationale-MPCI.jpg\",\"width\":462,\"height\":462,\"caption\":\"Minist\u00e8re du Plan et de la Coop\u00e9ration Internationale - MPCI\"},\"image\":{\"@id\":\"https:\\\/\\\/mpcid.gov.gn\\\/#\\\/schema\\\/logo\\\/image\\\/\"},\"sameAs\":[\"https:\\\/\\\/www.facebook.com\\\/MPCIGN\",\"https:\\\/\\\/x.com\\\/MpciGov\"]},{\"@type\":\"Person\",\"@id\":\"https:\\\/\\\/mpcid.gov.gn\\\/#\\\/schema\\\/person\\\/070aeea8fafd7a7e5a037505652abbee\",\"name\":\"Service Communication\",\"sameAs\":[\"http:\\\/\\\/Service-com\"],\"url\":\"https:\\\/\\\/mpcid.gov.gn\\\/index.php\\\/author\\\/service-com\\\/\"}]}<\/script>\n<!-- \/ Yoast SEO plugin. -->","yoast_head_json":{"title":"MPCID : Conakry abrite le S\u00e9minaire inter-r\u00e9gional en analyse macrobudg\u00e9taire - MPCI","robots":{"index":"index","follow":"follow","max-snippet":"max-snippet:-1","max-image-preview":"max-image-preview:large","max-video-preview":"max-video-preview:-1"},"canonical":"https:\/\/mpcid.gov.gn\/index.php\/mpcid-conakry-abrite-le-seminaire-inter-regional-en-analyse-macrobudgetaire\/","og_locale":"fr_FR","og_type":"article","og_title":"MPCID : Conakry abrite le S\u00e9minaire inter-r\u00e9gional en analyse macrobudg\u00e9taire - MPCI","og_description":"Conakry, le 16 f\u00e9vrier 2026 \u2013 Le Ministre du Plan, de la Coop\u00e9ration Internationale et du D\u00e9veloppement, Isma\u00ebl NABE, a particip\u00e9 \u00e0 la c\u00e9r\u00e9monie d\u2019ouverture du S\u00e9minaire inter-r\u00e9gional en analyse macro-budg\u00e9taire aux c\u00f4t\u00e9s de son homologue de l\u2019\u00c9conomie, des Finances et du Budget, ainsi que des responsables du Fonds mon\u00e9taire international et des centres r\u00e9gionaux &hellip; Continue reading \"MPCID : Conakry abrite le S\u00e9minaire inter-r\u00e9gional en analyse macrobudg\u00e9taire\"","og_url":"https:\/\/mpcid.gov.gn\/index.php\/mpcid-conakry-abrite-le-seminaire-inter-regional-en-analyse-macrobudgetaire\/","og_site_name":"MPCI","article_publisher":"https:\/\/www.facebook.com\/MPCIGN","article_published_time":"2026-02-16T12:30:29+00:00","article_modified_time":"2026-02-17T11:35:48+00:00","og_image":[{"width":1080,"height":720,"url":"https:\/\/mpcid.gov.gn\/wp-content\/uploads\/2026\/02\/1-5.jpg","type":"image\/jpeg"}],"author":"Service Communication","twitter_card":"summary_large_image","twitter_creator":"@MpciGov","twitter_site":"@MpciGov","twitter_misc":{"\u00c9crit par":"Service Communication","Dur\u00e9e de lecture estim\u00e9e":"4 minutes"},"schema":{"@context":"https:\/\/schema.org","@graph":[{"@type":"Article","@id":"https:\/\/mpcid.gov.gn\/index.php\/mpcid-conakry-abrite-le-seminaire-inter-regional-en-analyse-macrobudgetaire\/#article","isPartOf":{"@id":"https:\/\/mpcid.gov.gn\/index.php\/mpcid-conakry-abrite-le-seminaire-inter-regional-en-analyse-macrobudgetaire\/"},"author":{"name":"Service Communication","@id":"https:\/\/mpcid.gov.gn\/#\/schema\/person\/070aeea8fafd7a7e5a037505652abbee"},"headline":"MPCID : Conakry abrite le S\u00e9minaire inter-r\u00e9gional en analyse macrobudg\u00e9taire","datePublished":"2026-02-16T12:30:29+00:00","dateModified":"2026-02-17T11:35:48+00:00","mainEntityOfPage":{"@id":"https:\/\/mpcid.gov.gn\/index.php\/mpcid-conakry-abrite-le-seminaire-inter-regional-en-analyse-macrobudgetaire\/"},"wordCount":622,"publisher":{"@id":"https:\/\/mpcid.gov.gn\/#organization"},"image":{"@id":"https:\/\/mpcid.gov.gn\/index.php\/mpcid-conakry-abrite-le-seminaire-inter-regional-en-analyse-macrobudgetaire\/#primaryimage"},"thumbnailUrl":"https:\/\/mpcid.gov.gn\/wp-content\/uploads\/2026\/02\/1-5.jpg","articleSection":["Actualit\u00e9s"],"inLanguage":"fr-FR"},{"@type":"WebPage","@id":"https:\/\/mpcid.gov.gn\/index.php\/mpcid-conakry-abrite-le-seminaire-inter-regional-en-analyse-macrobudgetaire\/","url":"https:\/\/mpcid.gov.gn\/index.php\/mpcid-conakry-abrite-le-seminaire-inter-regional-en-analyse-macrobudgetaire\/","name":"MPCID : Conakry abrite le S\u00e9minaire inter-r\u00e9gional en analyse macrobudg\u00e9taire - MPCI","isPartOf":{"@id":"https:\/\/mpcid.gov.gn\/#website"},"primaryImageOfPage":{"@id":"https:\/\/mpcid.gov.gn\/index.php\/mpcid-conakry-abrite-le-seminaire-inter-regional-en-analyse-macrobudgetaire\/#primaryimage"},"image":{"@id":"https:\/\/mpcid.gov.gn\/index.php\/mpcid-conakry-abrite-le-seminaire-inter-regional-en-analyse-macrobudgetaire\/#primaryimage"},"thumbnailUrl":"https:\/\/mpcid.gov.gn\/wp-content\/uploads\/2026\/02\/1-5.jpg","datePublished":"2026-02-16T12:30:29+00:00","dateModified":"2026-02-17T11:35:48+00:00","breadcrumb":{"@id":"https:\/\/mpcid.gov.gn\/index.php\/mpcid-conakry-abrite-le-seminaire-inter-regional-en-analyse-macrobudgetaire\/#breadcrumb"},"inLanguage":"fr-FR","potentialAction":[{"@type":"ReadAction","target":["https:\/\/mpcid.gov.gn\/index.php\/mpcid-conakry-abrite-le-seminaire-inter-regional-en-analyse-macrobudgetaire\/"]}]},{"@type":"ImageObject","inLanguage":"fr-FR","@id":"https:\/\/mpcid.gov.gn\/index.php\/mpcid-conakry-abrite-le-seminaire-inter-regional-en-analyse-macrobudgetaire\/#primaryimage","url":"https:\/\/mpcid.gov.gn\/wp-content\/uploads\/2026\/02\/1-5.jpg","contentUrl":"https:\/\/mpcid.gov.gn\/wp-content\/uploads\/2026\/02\/1-5.jpg","width":1080,"height":720},{"@type":"BreadcrumbList","@id":"https:\/\/mpcid.gov.gn\/index.php\/mpcid-conakry-abrite-le-seminaire-inter-regional-en-analyse-macrobudgetaire\/#breadcrumb","itemListElement":[{"@type":"ListItem","position":1,"name":"Accueil","item":"https:\/\/mpcid.gov.gn\/"},{"@type":"ListItem","position":2,"name":"MPCID : Conakry abrite le S\u00e9minaire inter-r\u00e9gional en analyse macrobudg\u00e9taire"}]},{"@type":"WebSite","@id":"https:\/\/mpcid.gov.gn\/#website","url":"https:\/\/mpcid.gov.gn\/","name":"https:\/\/mpcid.gov.gn\/","description":"Minist\u00e8re du Plan et de la Coop\u00e9ration Internationale","publisher":{"@id":"https:\/\/mpcid.gov.gn\/#organization"},"potentialAction":[{"@type":"SearchAction","target":{"@type":"EntryPoint","urlTemplate":"https:\/\/mpcid.gov.gn\/?s={search_term_string}"},"query-input":{"@type":"PropertyValueSpecification","valueRequired":true,"valueName":"search_term_string"}}],"inLanguage":"fr-FR"},{"@type":"Organization","@id":"https:\/\/mpcid.gov.gn\/#organization","name":"Minist\u00e8re du Plan et de la Coop\u00e9ration Internationale - MPCI","url":"https:\/\/mpcid.gov.gn\/","logo":{"@type":"ImageObject","inLanguage":"fr-FR","@id":"https:\/\/mpcid.gov.gn\/#\/schema\/logo\/image\/","url":"https:\/\/mpcid.gov.gn\/wp-content\/uploads\/2023\/10\/Ministere-du-Plan-et-de-la-Cooperation-Internationale-MPCI.jpg","contentUrl":"https:\/\/mpcid.gov.gn\/wp-content\/uploads\/2023\/10\/Ministere-du-Plan-et-de-la-Cooperation-Internationale-MPCI.jpg","width":462,"height":462,"caption":"Minist\u00e8re du Plan et de la Coop\u00e9ration Internationale - MPCI"},"image":{"@id":"https:\/\/mpcid.gov.gn\/#\/schema\/logo\/image\/"},"sameAs":["https:\/\/www.facebook.com\/MPCIGN","https:\/\/x.com\/MpciGov"]},{"@type":"Person","@id":"https:\/\/mpcid.gov.gn\/#\/schema\/person\/070aeea8fafd7a7e5a037505652abbee","name":"Service Communication","sameAs":["http:\/\/Service-com"],"url":"https:\/\/mpcid.gov.gn\/index.php\/author\/service-com\/"}]}},"_links":{"self":[{"href":"https:\/\/mpcid.gov.gn\/index.php\/wp-json\/wp\/v2\/posts\/18773","targetHints":{"allow":["GET"]}}],"collection":[{"href":"https:\/\/mpcid.gov.gn\/index.php\/wp-json\/wp\/v2\/posts"}],"about":[{"href":"https:\/\/mpcid.gov.gn\/index.php\/wp-json\/wp\/v2\/types\/post"}],"author":[{"embeddable":true,"href":"https:\/\/mpcid.gov.gn\/index.php\/wp-json\/wp\/v2\/users\/20"}],"replies":[{"embeddable":true,"href":"https:\/\/mpcid.gov.gn\/index.php\/wp-json\/wp\/v2\/comments?post=18773"}],"version-history":[{"count":0,"href":"https:\/\/mpcid.gov.gn\/index.php\/wp-json\/wp\/v2\/posts\/18773\/revisions"}],"wp:featuredmedia":[{"embeddable":true,"href":"https:\/\/mpcid.gov.gn\/index.php\/wp-json\/wp\/v2\/media\/18774"}],"wp:attachment":[{"href":"https:\/\/mpcid.gov.gn\/index.php\/wp-json\/wp\/v2\/media?parent=18773"}],"wp:term":[{"taxonomy":"category","embeddable":true,"href":"https:\/\/mpcid.gov.gn\/index.php\/wp-json\/wp\/v2\/categories?post=18773"},{"taxonomy":"post_tag","embeddable":true,"href":"https:\/\/mpcid.gov.gn\/index.php\/wp-json\/wp\/v2\/tags?post=18773"}],"curies":[{"name":"wp","href":"https:\/\/api.w.org\/{rel}","templated":true}]}}