{"id":18628,"date":"2026-01-19T15:58:35","date_gmt":"2026-01-19T15:58:35","guid":{"rendered":"https:\/\/mpci.gov.gn\/?p=18628"},"modified":"2026-01-19T15:58:35","modified_gmt":"2026-01-19T15:58:35","slug":"conseil-de-cabinet-du-19-janvier-2026-le-ministre-ismael-nabe-salue-les-succes-de-2025-et-definit-les-grandes-lignes-des-prochaines-reformes","status":"publish","type":"post","link":"https:\/\/mpcid.gov.gn\/index.php\/conseil-de-cabinet-du-19-janvier-2026-le-ministre-ismael-nabe-salue-les-succes-de-2025-et-definit-les-grandes-lignes-des-prochaines-reformes\/","title":{"rendered":"Conseil de cabinet du 19 janvier 2026 : Le Ministre Isma\u00ebl Nab\u00e9 salue les succ\u00e8s de 2025 et d\u00e9finit les grandes lignes des prochaines r\u00e9formes"},"content":{"rendered":"<p>Le Ministre du Plan et de la Coop\u00e9ration internationale, Isma\u00ebl NABE, a pr\u00e9sid\u00e9 la r\u00e9union cruciale de son cabinet. Cette rencontre strat\u00e9gique a \u00e9t\u00e9 l\u2019occasion de dresser un premier bilan des actions r\u00e9centes du minist\u00e8re, de saluer les performances r\u00e9alis\u00e9es et de donner des orientations claires pour la poursuite du travail du d\u00e9partement.<\/p>\n<p>La r\u00e9union a d\u00e9but\u00e9 par des pri\u00e8res et b\u00e9n\u00e9dictions pour la paix, la coh\u00e9sion sociale et la prosp\u00e9rit\u00e9 de la R\u00e9publique de Guin\u00e9e.<\/p>\n<p>Ouvrant la s\u00e9ance, le Ministre NABE a chaleureusement salu\u00e9 l&rsquo;engagement de tous les cadres du d\u00e9partement. Il les a f\u00e9licit\u00e9s pour leur contribution exceptionnelle \u00e0 la r\u00e9ussite de l&rsquo;investiture du Pr\u00e9sident Mamadi DOUMBOUYA. Il a rappel\u00e9 avec satisfaction que les d\u00e9l\u00e9gations \u00e9trang\u00e8res et les invit\u00e9s internationaux avaient \u00e9t\u00e9 unanimement impressionn\u00e9s par l&rsquo;image positive, l&rsquo;organisation impeccable et l&rsquo;hospitalit\u00e9 guin\u00e9enne.<\/p>\n<p>Il a \u00e9galement tenu \u00e0 remercier les Directeurs nationaux, g\u00e9n\u00e9raux et leurs adjoints pour l&rsquo;accueil impeccable et professionnel r\u00e9serv\u00e9, le dimanche 18 janvier 2026, \u00e0 M. Nick Cheecker, un haut repr\u00e9sentant am\u00e9ricain. Un tel accueil, a-t-il insist\u00e9, joue un r\u00f4le cl\u00e9 dans le renforcement de la cr\u00e9dibilit\u00e9 et de l&rsquo;attractivit\u00e9 de la Guin\u00e9e aux yeux de ses partenaires strat\u00e9giques.<\/p>\n<p>S&rsquo;agissant de la coop\u00e9ration internationale, le Ministre NABE a r\u00e9v\u00e9l\u00e9 une avanc\u00e9e significative avec la Banque africaine de d\u00e9veloppement (BAD). La Guin\u00e9e est d\u00e9sormais per\u00e7ue comme un pays prioritaire par cette institution panafricaine. Il a rapport\u00e9 que le Pr\u00e9sident de la BAD avait chaleureusement accueilli l&rsquo;invitation \u00e0 l&rsquo;investiture et avait confirm\u00e9 la volont\u00e9 de son institution d&rsquo;appuyer financi\u00e8rement le Programme strat\u00e9gique Simandou 2040, un projet essentiel pour l&rsquo;\u00e9volution \u00e9conomique et sociale de la nation.<\/p>\n<p>Le Ministre a par ailleurs salu\u00e9 l&rsquo;ensemble de ses \u00e9quipes pour les excellents r\u00e9sultats de l&rsquo;ann\u00e9e 2025. Cette p\u00e9riode a \u00e9t\u00e9 jalonn\u00e9e de progr\u00e8s marquants, notamment en mati\u00e8re de planification, de mobilisation des partenaires et de coordination des strat\u00e9gies gouvernementales. Il a fermement encourag\u00e9 chacun \u00e0 conserver cette impulsion, rappelant que les attentes du Gouvernement et de la population demeurent consid\u00e9rables.<\/p>\n<p>Pour conclure, il a instruit le Service Communication et Relations publiques de pr\u00e9parer et de diffuser \u00e0 tous les responsables du minist\u00e8re la synth\u00e8se du bilan expos\u00e9 lors de l&rsquo;\u00e9mission \u00ab Heure de bilan \u00bb sur la RTG. L&rsquo;objectif est d&rsquo;assurer une compr\u00e9hension partag\u00e9e des accomplissements et des d\u00e9fis \u00e0 relever.<\/p>\n","protected":false},"excerpt":{"rendered":"<p>Le Ministre du Plan et de la Coop\u00e9ration internationale, Isma\u00ebl NABE, a pr\u00e9sid\u00e9 la r\u00e9union cruciale de son cabinet. Cette rencontre strat\u00e9gique a \u00e9t\u00e9 l\u2019occasion de dresser un premier bilan des actions r\u00e9centes du minist\u00e8re, de saluer les performances r\u00e9alis\u00e9es et de donner des orientations claires pour la poursuite du travail du d\u00e9partement. La r\u00e9union &hellip; <a href=\"https:\/\/mpcid.gov.gn\/index.php\/conseil-de-cabinet-du-19-janvier-2026-le-ministre-ismael-nabe-salue-les-succes-de-2025-et-definit-les-grandes-lignes-des-prochaines-reformes\/\" class=\"more-link\">Continue reading<span class=\"screen-reader-text\"> \u00ab\u00a0Conseil de cabinet du 19 janvier 2026 : Le Ministre Isma\u00ebl Nab\u00e9 salue les succ\u00e8s de 2025 et d\u00e9finit les grandes lignes des prochaines r\u00e9formes\u00a0\u00bb<\/span><\/a><\/p>\n","protected":false},"author":20,"featured_media":0,"comment_status":"closed","ping_status":"closed","sticky":false,"template":"","format":"standard","meta":{"footnotes":""},"categories":[63],"tags":[],"class_list":["post-18628","post","type-post","status-publish","format-standard","hentry","category-actualites"],"yoast_head":"<!-- This site is optimized with the Yoast SEO plugin v27.5 - https:\/\/yoast.com\/product\/yoast-seo-wordpress\/ -->\n<title>Conseil de cabinet du 19 janvier 2026 : Le Ministre Isma\u00ebl Nab\u00e9 salue les succ\u00e8s de 2025 et d\u00e9finit les grandes lignes des prochaines r\u00e9formes - MPCI<\/title>\n<meta name=\"robots\" content=\"index, follow, max-snippet:-1, max-image-preview:large, max-video-preview:-1\" \/>\n<link rel=\"canonical\" href=\"https:\/\/mpcid.gov.gn\/index.php\/conseil-de-cabinet-du-19-janvier-2026-le-ministre-ismael-nabe-salue-les-succes-de-2025-et-definit-les-grandes-lignes-des-prochaines-reformes\/\" \/>\n<meta property=\"og:locale\" content=\"fr_FR\" \/>\n<meta property=\"og:type\" content=\"article\" \/>\n<meta property=\"og:title\" content=\"Conseil de cabinet du 19 janvier 2026 : Le Ministre Isma\u00ebl Nab\u00e9 salue les succ\u00e8s de 2025 et d\u00e9finit les grandes lignes des prochaines r\u00e9formes - MPCI\" \/>\n<meta property=\"og:description\" content=\"Le Ministre du Plan et de la Coop\u00e9ration internationale, Isma\u00ebl NABE, a pr\u00e9sid\u00e9 la r\u00e9union cruciale de son cabinet. Cette rencontre strat\u00e9gique a \u00e9t\u00e9 l\u2019occasion de dresser un premier bilan des actions r\u00e9centes du minist\u00e8re, de saluer les performances r\u00e9alis\u00e9es et de donner des orientations claires pour la poursuite du travail du d\u00e9partement. La r\u00e9union &hellip; Continue reading &quot;Conseil de cabinet du 19 janvier 2026 : Le Ministre Isma\u00ebl Nab\u00e9 salue les succ\u00e8s de 2025 et d\u00e9finit les grandes lignes des prochaines r\u00e9formes&quot;\" \/>\n<meta property=\"og:url\" content=\"https:\/\/mpcid.gov.gn\/index.php\/conseil-de-cabinet-du-19-janvier-2026-le-ministre-ismael-nabe-salue-les-succes-de-2025-et-definit-les-grandes-lignes-des-prochaines-reformes\/\" \/>\n<meta property=\"og:site_name\" content=\"MPCI\" \/>\n<meta property=\"article:publisher\" content=\"https:\/\/www.facebook.com\/MPCIGN\" \/>\n<meta property=\"article:published_time\" content=\"2026-01-19T15:58:35+00:00\" \/>\n<meta name=\"author\" content=\"Service Communication\" \/>\n<meta name=\"twitter:card\" content=\"summary_large_image\" \/>\n<meta name=\"twitter:creator\" content=\"@MpciGov\" \/>\n<meta name=\"twitter:site\" content=\"@MpciGov\" \/>\n<meta name=\"twitter:label1\" content=\"\u00c9crit par\" \/>\n\t<meta name=\"twitter:data1\" content=\"Service Communication\" \/>\n\t<meta name=\"twitter:label2\" content=\"Dur\u00e9e de lecture estim\u00e9e\" \/>\n\t<meta name=\"twitter:data2\" content=\"2 minutes\" \/>\n<script type=\"application\/ld+json\" class=\"yoast-schema-graph\">{\"@context\":\"https:\\\/\\\/schema.org\",\"@graph\":[{\"@type\":\"Article\",\"@id\":\"https:\\\/\\\/mpcid.gov.gn\\\/index.php\\\/conseil-de-cabinet-du-19-janvier-2026-le-ministre-ismael-nabe-salue-les-succes-de-2025-et-definit-les-grandes-lignes-des-prochaines-reformes\\\/#article\",\"isPartOf\":{\"@id\":\"https:\\\/\\\/mpcid.gov.gn\\\/index.php\\\/conseil-de-cabinet-du-19-janvier-2026-le-ministre-ismael-nabe-salue-les-succes-de-2025-et-definit-les-grandes-lignes-des-prochaines-reformes\\\/\"},\"author\":{\"name\":\"Service Communication\",\"@id\":\"https:\\\/\\\/mpcid.gov.gn\\\/#\\\/schema\\\/person\\\/070aeea8fafd7a7e5a037505652abbee\"},\"headline\":\"Conseil de cabinet du 19 janvier 2026 : Le Ministre Isma\u00ebl Nab\u00e9 salue les succ\u00e8s de 2025 et d\u00e9finit les grandes lignes des prochaines r\u00e9formes\",\"datePublished\":\"2026-01-19T15:58:35+00:00\",\"mainEntityOfPage\":{\"@id\":\"https:\\\/\\\/mpcid.gov.gn\\\/index.php\\\/conseil-de-cabinet-du-19-janvier-2026-le-ministre-ismael-nabe-salue-les-succes-de-2025-et-definit-les-grandes-lignes-des-prochaines-reformes\\\/\"},\"wordCount\":474,\"publisher\":{\"@id\":\"https:\\\/\\\/mpcid.gov.gn\\\/#organization\"},\"articleSection\":[\"Actualit\u00e9s\"],\"inLanguage\":\"fr-FR\"},{\"@type\":\"WebPage\",\"@id\":\"https:\\\/\\\/mpcid.gov.gn\\\/index.php\\\/conseil-de-cabinet-du-19-janvier-2026-le-ministre-ismael-nabe-salue-les-succes-de-2025-et-definit-les-grandes-lignes-des-prochaines-reformes\\\/\",\"url\":\"https:\\\/\\\/mpcid.gov.gn\\\/index.php\\\/conseil-de-cabinet-du-19-janvier-2026-le-ministre-ismael-nabe-salue-les-succes-de-2025-et-definit-les-grandes-lignes-des-prochaines-reformes\\\/\",\"name\":\"Conseil de cabinet du 19 janvier 2026 : Le Ministre Isma\u00ebl Nab\u00e9 salue les succ\u00e8s de 2025 et d\u00e9finit les grandes lignes des prochaines r\u00e9formes - MPCI\",\"isPartOf\":{\"@id\":\"https:\\\/\\\/mpcid.gov.gn\\\/#website\"},\"datePublished\":\"2026-01-19T15:58:35+00:00\",\"breadcrumb\":{\"@id\":\"https:\\\/\\\/mpcid.gov.gn\\\/index.php\\\/conseil-de-cabinet-du-19-janvier-2026-le-ministre-ismael-nabe-salue-les-succes-de-2025-et-definit-les-grandes-lignes-des-prochaines-reformes\\\/#breadcrumb\"},\"inLanguage\":\"fr-FR\",\"potentialAction\":[{\"@type\":\"ReadAction\",\"target\":[\"https:\\\/\\\/mpcid.gov.gn\\\/index.php\\\/conseil-de-cabinet-du-19-janvier-2026-le-ministre-ismael-nabe-salue-les-succes-de-2025-et-definit-les-grandes-lignes-des-prochaines-reformes\\\/\"]}]},{\"@type\":\"BreadcrumbList\",\"@id\":\"https:\\\/\\\/mpcid.gov.gn\\\/index.php\\\/conseil-de-cabinet-du-19-janvier-2026-le-ministre-ismael-nabe-salue-les-succes-de-2025-et-definit-les-grandes-lignes-des-prochaines-reformes\\\/#breadcrumb\",\"itemListElement\":[{\"@type\":\"ListItem\",\"position\":1,\"name\":\"Accueil\",\"item\":\"https:\\\/\\\/mpcid.gov.gn\\\/\"},{\"@type\":\"ListItem\",\"position\":2,\"name\":\"Conseil de cabinet du 19 janvier 2026 : Le Ministre Isma\u00ebl Nab\u00e9 salue les succ\u00e8s de 2025 et d\u00e9finit les grandes lignes des prochaines r\u00e9formes\"}]},{\"@type\":\"WebSite\",\"@id\":\"https:\\\/\\\/mpcid.gov.gn\\\/#website\",\"url\":\"https:\\\/\\\/mpcid.gov.gn\\\/\",\"name\":\"https:\\\/\\\/mpcid.gov.gn\\\/\",\"description\":\"Minist\u00e8re du Plan et de la Coop\u00e9ration Internationale\",\"publisher\":{\"@id\":\"https:\\\/\\\/mpcid.gov.gn\\\/#organization\"},\"potentialAction\":[{\"@type\":\"SearchAction\",\"target\":{\"@type\":\"EntryPoint\",\"urlTemplate\":\"https:\\\/\\\/mpcid.gov.gn\\\/?s={search_term_string}\"},\"query-input\":{\"@type\":\"PropertyValueSpecification\",\"valueRequired\":true,\"valueName\":\"search_term_string\"}}],\"inLanguage\":\"fr-FR\"},{\"@type\":\"Organization\",\"@id\":\"https:\\\/\\\/mpcid.gov.gn\\\/#organization\",\"name\":\"Minist\u00e8re du Plan et de la Coop\u00e9ration Internationale - MPCI\",\"url\":\"https:\\\/\\\/mpcid.gov.gn\\\/\",\"logo\":{\"@type\":\"ImageObject\",\"inLanguage\":\"fr-FR\",\"@id\":\"https:\\\/\\\/mpcid.gov.gn\\\/#\\\/schema\\\/logo\\\/image\\\/\",\"url\":\"https:\\\/\\\/mpcid.gov.gn\\\/wp-content\\\/uploads\\\/2023\\\/10\\\/Ministere-du-Plan-et-de-la-Cooperation-Internationale-MPCI.jpg\",\"contentUrl\":\"https:\\\/\\\/mpcid.gov.gn\\\/wp-content\\\/uploads\\\/2023\\\/10\\\/Ministere-du-Plan-et-de-la-Cooperation-Internationale-MPCI.jpg\",\"width\":462,\"height\":462,\"caption\":\"Minist\u00e8re du Plan et de la Coop\u00e9ration Internationale - MPCI\"},\"image\":{\"@id\":\"https:\\\/\\\/mpcid.gov.gn\\\/#\\\/schema\\\/logo\\\/image\\\/\"},\"sameAs\":[\"https:\\\/\\\/www.facebook.com\\\/MPCIGN\",\"https:\\\/\\\/x.com\\\/MpciGov\"]},{\"@type\":\"Person\",\"@id\":\"https:\\\/\\\/mpcid.gov.gn\\\/#\\\/schema\\\/person\\\/070aeea8fafd7a7e5a037505652abbee\",\"name\":\"Service Communication\",\"sameAs\":[\"http:\\\/\\\/Service-com\"],\"url\":\"https:\\\/\\\/mpcid.gov.gn\\\/index.php\\\/author\\\/service-com\\\/\"}]}<\/script>\n<!-- \/ Yoast SEO plugin. -->","yoast_head_json":{"title":"Conseil de cabinet du 19 janvier 2026 : Le Ministre Isma\u00ebl Nab\u00e9 salue les succ\u00e8s de 2025 et d\u00e9finit les grandes lignes des prochaines r\u00e9formes - MPCI","robots":{"index":"index","follow":"follow","max-snippet":"max-snippet:-1","max-image-preview":"max-image-preview:large","max-video-preview":"max-video-preview:-1"},"canonical":"https:\/\/mpcid.gov.gn\/index.php\/conseil-de-cabinet-du-19-janvier-2026-le-ministre-ismael-nabe-salue-les-succes-de-2025-et-definit-les-grandes-lignes-des-prochaines-reformes\/","og_locale":"fr_FR","og_type":"article","og_title":"Conseil de cabinet du 19 janvier 2026 : Le Ministre Isma\u00ebl Nab\u00e9 salue les succ\u00e8s de 2025 et d\u00e9finit les grandes lignes des prochaines r\u00e9formes - MPCI","og_description":"Le Ministre du Plan et de la Coop\u00e9ration internationale, Isma\u00ebl NABE, a pr\u00e9sid\u00e9 la r\u00e9union cruciale de son cabinet. Cette rencontre strat\u00e9gique a \u00e9t\u00e9 l\u2019occasion de dresser un premier bilan des actions r\u00e9centes du minist\u00e8re, de saluer les performances r\u00e9alis\u00e9es et de donner des orientations claires pour la poursuite du travail du d\u00e9partement. La r\u00e9union &hellip; Continue reading \"Conseil de cabinet du 19 janvier 2026 : Le Ministre Isma\u00ebl Nab\u00e9 salue les succ\u00e8s de 2025 et d\u00e9finit les grandes lignes des prochaines r\u00e9formes\"","og_url":"https:\/\/mpcid.gov.gn\/index.php\/conseil-de-cabinet-du-19-janvier-2026-le-ministre-ismael-nabe-salue-les-succes-de-2025-et-definit-les-grandes-lignes-des-prochaines-reformes\/","og_site_name":"MPCI","article_publisher":"https:\/\/www.facebook.com\/MPCIGN","article_published_time":"2026-01-19T15:58:35+00:00","author":"Service Communication","twitter_card":"summary_large_image","twitter_creator":"@MpciGov","twitter_site":"@MpciGov","twitter_misc":{"\u00c9crit par":"Service Communication","Dur\u00e9e de lecture estim\u00e9e":"2 minutes"},"schema":{"@context":"https:\/\/schema.org","@graph":[{"@type":"Article","@id":"https:\/\/mpcid.gov.gn\/index.php\/conseil-de-cabinet-du-19-janvier-2026-le-ministre-ismael-nabe-salue-les-succes-de-2025-et-definit-les-grandes-lignes-des-prochaines-reformes\/#article","isPartOf":{"@id":"https:\/\/mpcid.gov.gn\/index.php\/conseil-de-cabinet-du-19-janvier-2026-le-ministre-ismael-nabe-salue-les-succes-de-2025-et-definit-les-grandes-lignes-des-prochaines-reformes\/"},"author":{"name":"Service Communication","@id":"https:\/\/mpcid.gov.gn\/#\/schema\/person\/070aeea8fafd7a7e5a037505652abbee"},"headline":"Conseil de cabinet du 19 janvier 2026 : Le Ministre Isma\u00ebl Nab\u00e9 salue les succ\u00e8s de 2025 et d\u00e9finit les grandes lignes des prochaines r\u00e9formes","datePublished":"2026-01-19T15:58:35+00:00","mainEntityOfPage":{"@id":"https:\/\/mpcid.gov.gn\/index.php\/conseil-de-cabinet-du-19-janvier-2026-le-ministre-ismael-nabe-salue-les-succes-de-2025-et-definit-les-grandes-lignes-des-prochaines-reformes\/"},"wordCount":474,"publisher":{"@id":"https:\/\/mpcid.gov.gn\/#organization"},"articleSection":["Actualit\u00e9s"],"inLanguage":"fr-FR"},{"@type":"WebPage","@id":"https:\/\/mpcid.gov.gn\/index.php\/conseil-de-cabinet-du-19-janvier-2026-le-ministre-ismael-nabe-salue-les-succes-de-2025-et-definit-les-grandes-lignes-des-prochaines-reformes\/","url":"https:\/\/mpcid.gov.gn\/index.php\/conseil-de-cabinet-du-19-janvier-2026-le-ministre-ismael-nabe-salue-les-succes-de-2025-et-definit-les-grandes-lignes-des-prochaines-reformes\/","name":"Conseil de cabinet du 19 janvier 2026 : Le Ministre Isma\u00ebl Nab\u00e9 salue les succ\u00e8s de 2025 et d\u00e9finit les grandes lignes des prochaines r\u00e9formes - MPCI","isPartOf":{"@id":"https:\/\/mpcid.gov.gn\/#website"},"datePublished":"2026-01-19T15:58:35+00:00","breadcrumb":{"@id":"https:\/\/mpcid.gov.gn\/index.php\/conseil-de-cabinet-du-19-janvier-2026-le-ministre-ismael-nabe-salue-les-succes-de-2025-et-definit-les-grandes-lignes-des-prochaines-reformes\/#breadcrumb"},"inLanguage":"fr-FR","potentialAction":[{"@type":"ReadAction","target":["https:\/\/mpcid.gov.gn\/index.php\/conseil-de-cabinet-du-19-janvier-2026-le-ministre-ismael-nabe-salue-les-succes-de-2025-et-definit-les-grandes-lignes-des-prochaines-reformes\/"]}]},{"@type":"BreadcrumbList","@id":"https:\/\/mpcid.gov.gn\/index.php\/conseil-de-cabinet-du-19-janvier-2026-le-ministre-ismael-nabe-salue-les-succes-de-2025-et-definit-les-grandes-lignes-des-prochaines-reformes\/#breadcrumb","itemListElement":[{"@type":"ListItem","position":1,"name":"Accueil","item":"https:\/\/mpcid.gov.gn\/"},{"@type":"ListItem","position":2,"name":"Conseil de cabinet du 19 janvier 2026 : Le Ministre Isma\u00ebl Nab\u00e9 salue les succ\u00e8s de 2025 et d\u00e9finit les grandes lignes des prochaines r\u00e9formes"}]},{"@type":"WebSite","@id":"https:\/\/mpcid.gov.gn\/#website","url":"https:\/\/mpcid.gov.gn\/","name":"https:\/\/mpcid.gov.gn\/","description":"Minist\u00e8re du Plan et de la Coop\u00e9ration Internationale","publisher":{"@id":"https:\/\/mpcid.gov.gn\/#organization"},"potentialAction":[{"@type":"SearchAction","target":{"@type":"EntryPoint","urlTemplate":"https:\/\/mpcid.gov.gn\/?s={search_term_string}"},"query-input":{"@type":"PropertyValueSpecification","valueRequired":true,"valueName":"search_term_string"}}],"inLanguage":"fr-FR"},{"@type":"Organization","@id":"https:\/\/mpcid.gov.gn\/#organization","name":"Minist\u00e8re du Plan et de la Coop\u00e9ration Internationale - MPCI","url":"https:\/\/mpcid.gov.gn\/","logo":{"@type":"ImageObject","inLanguage":"fr-FR","@id":"https:\/\/mpcid.gov.gn\/#\/schema\/logo\/image\/","url":"https:\/\/mpcid.gov.gn\/wp-content\/uploads\/2023\/10\/Ministere-du-Plan-et-de-la-Cooperation-Internationale-MPCI.jpg","contentUrl":"https:\/\/mpcid.gov.gn\/wp-content\/uploads\/2023\/10\/Ministere-du-Plan-et-de-la-Cooperation-Internationale-MPCI.jpg","width":462,"height":462,"caption":"Minist\u00e8re du Plan et de la Coop\u00e9ration Internationale - MPCI"},"image":{"@id":"https:\/\/mpcid.gov.gn\/#\/schema\/logo\/image\/"},"sameAs":["https:\/\/www.facebook.com\/MPCIGN","https:\/\/x.com\/MpciGov"]},{"@type":"Person","@id":"https:\/\/mpcid.gov.gn\/#\/schema\/person\/070aeea8fafd7a7e5a037505652abbee","name":"Service Communication","sameAs":["http:\/\/Service-com"],"url":"https:\/\/mpcid.gov.gn\/index.php\/author\/service-com\/"}]}},"_links":{"self":[{"href":"https:\/\/mpcid.gov.gn\/index.php\/wp-json\/wp\/v2\/posts\/18628","targetHints":{"allow":["GET"]}}],"collection":[{"href":"https:\/\/mpcid.gov.gn\/index.php\/wp-json\/wp\/v2\/posts"}],"about":[{"href":"https:\/\/mpcid.gov.gn\/index.php\/wp-json\/wp\/v2\/types\/post"}],"author":[{"embeddable":true,"href":"https:\/\/mpcid.gov.gn\/index.php\/wp-json\/wp\/v2\/users\/20"}],"replies":[{"embeddable":true,"href":"https:\/\/mpcid.gov.gn\/index.php\/wp-json\/wp\/v2\/comments?post=18628"}],"version-history":[{"count":0,"href":"https:\/\/mpcid.gov.gn\/index.php\/wp-json\/wp\/v2\/posts\/18628\/revisions"}],"wp:attachment":[{"href":"https:\/\/mpcid.gov.gn\/index.php\/wp-json\/wp\/v2\/media?parent=18628"}],"wp:term":[{"taxonomy":"category","embeddable":true,"href":"https:\/\/mpcid.gov.gn\/index.php\/wp-json\/wp\/v2\/categories?post=18628"},{"taxonomy":"post_tag","embeddable":true,"href":"https:\/\/mpcid.gov.gn\/index.php\/wp-json\/wp\/v2\/tags?post=18628"}],"curies":[{"name":"wp","href":"https:\/\/api.w.org\/{rel}","templated":true}]}}