{"id":18602,"date":"2026-01-18T23:05:02","date_gmt":"2026-01-18T23:05:02","guid":{"rendered":"https:\/\/mpci.gov.gn\/?p=18602"},"modified":"2026-01-19T14:49:03","modified_gmt":"2026-01-19T14:49:03","slug":"cooperation-guinee-france-le-mpci-consolide-les-investissements-strategiques-autour-de-simandou-2040","status":"publish","type":"post","link":"https:\/\/mpcid.gov.gn\/index.php\/cooperation-guinee-france-le-mpci-consolide-les-investissements-strategiques-autour-de-simandou-2040\/","title":{"rendered":"Coop\u00e9ration Guin\u00e9e\u2013France : le MPCI consolide les investissements strat\u00e9giques autour de Simandou 2040"},"content":{"rendered":"<p>En marge de la c\u00e9r\u00e9monie d\u2019investiture de Son Excellence Monsieur Mamadi Doumbouya, Pr\u00e9sident de la R\u00e9publique, Chef de l\u2019\u00c9tat, le Ministre du Plan et de la Coop\u00e9ration Internationale a re\u00e7u Madame \u00c9l\u00e9onore Caroit, Ministre d\u00e9l\u00e9gu\u00e9e charg\u00e9e de la Francophonie, de la Coop\u00e9ration et des Partenariats, repr\u00e9sentante du Pr\u00e9sident de la R\u00e9publique fran\u00e7aise, Son Excellence Emmanuel Macron. Cette rencontre de haut niveau a \u00e9t\u00e9 consacr\u00e9e au renforcement de la coop\u00e9ration entre la R\u00e9publique de Guin\u00e9e et la R\u00e9publique fran\u00e7aise.<\/p>\n<p><img fetchpriority=\"high\" decoding=\"async\" class=\"alignnone size-medium wp-image-18621\" src=\"https:\/\/mpcid.gov.gn\/wp-content\/uploads\/2026\/01\/MPCI-France-18-500x353.jpg\" alt=\"\" width=\"500\" height=\"353\" srcset=\"https:\/\/mpcid.gov.gn\/wp-content\/uploads\/2026\/01\/MPCI-France-18-500x353.jpg 500w, https:\/\/mpcid.gov.gn\/wp-content\/uploads\/2026\/01\/MPCI-France-18-1024x724.jpg 1024w, https:\/\/mpcid.gov.gn\/wp-content\/uploads\/2026\/01\/MPCI-France-18-768x543.jpg 768w, https:\/\/mpcid.gov.gn\/wp-content\/uploads\/2026\/01\/MPCI-France-18.jpg 1036w\" sizes=\"(max-width: 500px) 85vw, 500px\" \/> <img decoding=\"async\" class=\"alignnone size-medium wp-image-18624\" src=\"https:\/\/mpcid.gov.gn\/wp-content\/uploads\/2026\/01\/MPCI-France-21-500x301.jpg\" alt=\"\" width=\"500\" height=\"301\" srcset=\"https:\/\/mpcid.gov.gn\/wp-content\/uploads\/2026\/01\/MPCI-France-21-500x301.jpg 500w, https:\/\/mpcid.gov.gn\/wp-content\/uploads\/2026\/01\/MPCI-France-21-768x463.jpg 768w, https:\/\/mpcid.gov.gn\/wp-content\/uploads\/2026\/01\/MPCI-France-21.jpg 811w\" sizes=\"(max-width: 500px) 85vw, 500px\" \/> <img decoding=\"async\" class=\"alignnone size-medium wp-image-18610\" src=\"https:\/\/mpcid.gov.gn\/wp-content\/uploads\/2026\/01\/MPCI-France-6-500x349.jpg\" alt=\"\" width=\"500\" height=\"349\" srcset=\"https:\/\/mpcid.gov.gn\/wp-content\/uploads\/2026\/01\/MPCI-France-6-500x349.jpg 500w, https:\/\/mpcid.gov.gn\/wp-content\/uploads\/2026\/01\/MPCI-France-6-1024x715.jpg 1024w, https:\/\/mpcid.gov.gn\/wp-content\/uploads\/2026\/01\/MPCI-France-6-768x536.jpg 768w, https:\/\/mpcid.gov.gn\/wp-content\/uploads\/2026\/01\/MPCI-France-6.jpg 1064w\" sizes=\"(max-width: 500px) 85vw, 500px\" \/> <img loading=\"lazy\" decoding=\"async\" class=\"alignnone size-medium wp-image-18611\" src=\"https:\/\/mpcid.gov.gn\/wp-content\/uploads\/2026\/01\/MPCI-France-7-500x295.jpg\" alt=\"\" width=\"500\" height=\"295\" srcset=\"https:\/\/mpcid.gov.gn\/wp-content\/uploads\/2026\/01\/MPCI-France-7-500x295.jpg 500w, https:\/\/mpcid.gov.gn\/wp-content\/uploads\/2026\/01\/MPCI-France-7-768x454.jpg 768w, https:\/\/mpcid.gov.gn\/wp-content\/uploads\/2026\/01\/MPCI-France-7.jpg 1017w\" sizes=\"(max-width: 500px) 85vw, 500px\" \/> <img loading=\"lazy\" decoding=\"async\" class=\"alignnone size-medium wp-image-18612\" src=\"https:\/\/mpcid.gov.gn\/wp-content\/uploads\/2026\/01\/MPCI-France-8-500x281.jpg\" alt=\"\" width=\"500\" height=\"281\" srcset=\"https:\/\/mpcid.gov.gn\/wp-content\/uploads\/2026\/01\/MPCI-France-8-500x281.jpg 500w, https:\/\/mpcid.gov.gn\/wp-content\/uploads\/2026\/01\/MPCI-France-8-768x431.jpg 768w, https:\/\/mpcid.gov.gn\/wp-content\/uploads\/2026\/01\/MPCI-France-8.jpg 1015w\" sizes=\"(max-width: 500px) 85vw, 500px\" \/> <img loading=\"lazy\" decoding=\"async\" class=\"alignnone size-medium wp-image-18607\" src=\"https:\/\/mpcid.gov.gn\/wp-content\/uploads\/2026\/01\/MPCI-France-3-500x305.jpg\" alt=\"\" width=\"500\" height=\"305\" srcset=\"https:\/\/mpcid.gov.gn\/wp-content\/uploads\/2026\/01\/MPCI-France-3-500x305.jpg 500w, https:\/\/mpcid.gov.gn\/wp-content\/uploads\/2026\/01\/MPCI-France-3-1024x625.jpg 1024w, https:\/\/mpcid.gov.gn\/wp-content\/uploads\/2026\/01\/MPCI-France-3-768x469.jpg 768w, https:\/\/mpcid.gov.gn\/wp-content\/uploads\/2026\/01\/MPCI-France-3.jpg 1068w\" sizes=\"(max-width: 500px) 85vw, 500px\" \/> <img loading=\"lazy\" decoding=\"async\" class=\"alignnone size-medium wp-image-18616\" src=\"https:\/\/mpcid.gov.gn\/wp-content\/uploads\/2026\/01\/MPCI-France-12-500x343.jpg\" alt=\"\" width=\"500\" height=\"343\" srcset=\"https:\/\/mpcid.gov.gn\/wp-content\/uploads\/2026\/01\/MPCI-France-12-500x343.jpg 500w, https:\/\/mpcid.gov.gn\/wp-content\/uploads\/2026\/01\/MPCI-France-12-1024x702.jpg 1024w, https:\/\/mpcid.gov.gn\/wp-content\/uploads\/2026\/01\/MPCI-France-12-768x527.jpg 768w, https:\/\/mpcid.gov.gn\/wp-content\/uploads\/2026\/01\/MPCI-France-12.jpg 1053w\" sizes=\"(max-width: 500px) 85vw, 500px\" \/> <img loading=\"lazy\" decoding=\"async\" class=\"alignnone size-medium wp-image-18625\" src=\"https:\/\/mpcid.gov.gn\/wp-content\/uploads\/2026\/01\/MPCI-France-22-500x375.jpg\" alt=\"\" width=\"500\" height=\"375\" srcset=\"https:\/\/mpcid.gov.gn\/wp-content\/uploads\/2026\/01\/MPCI-France-22-500x375.jpg 500w, https:\/\/mpcid.gov.gn\/wp-content\/uploads\/2026\/01\/MPCI-France-22-1024x768.jpg 1024w, https:\/\/mpcid.gov.gn\/wp-content\/uploads\/2026\/01\/MPCI-France-22-768x576.jpg 768w, https:\/\/mpcid.gov.gn\/wp-content\/uploads\/2026\/01\/MPCI-France-22.jpg 1080w\" sizes=\"(max-width: 500px) 85vw, 500px\" \/> <img loading=\"lazy\" decoding=\"async\" class=\"alignnone size-medium wp-image-18619\" src=\"https:\/\/mpcid.gov.gn\/wp-content\/uploads\/2026\/01\/MPCI-France-15-375x500.jpg\" alt=\"\" width=\"375\" height=\"500\" srcset=\"https:\/\/mpcid.gov.gn\/wp-content\/uploads\/2026\/01\/MPCI-France-15-375x500.jpg 375w, https:\/\/mpcid.gov.gn\/wp-content\/uploads\/2026\/01\/MPCI-France-15-768x1023.jpg 768w, https:\/\/mpcid.gov.gn\/wp-content\/uploads\/2026\/01\/MPCI-France-15.jpg 803w\" sizes=\"(max-width: 375px) 85vw, 375px\" \/> <img loading=\"lazy\" decoding=\"async\" class=\"alignnone size-medium wp-image-18617\" src=\"https:\/\/mpcid.gov.gn\/wp-content\/uploads\/2026\/01\/MPCI-France-13-375x500.jpg\" alt=\"\" width=\"375\" height=\"500\" srcset=\"https:\/\/mpcid.gov.gn\/wp-content\/uploads\/2026\/01\/MPCI-France-13-375x500.jpg 375w, https:\/\/mpcid.gov.gn\/wp-content\/uploads\/2026\/01\/MPCI-France-13-768x1024.jpg 768w, https:\/\/mpcid.gov.gn\/wp-content\/uploads\/2026\/01\/MPCI-France-13.jpg 810w\" sizes=\"(max-width: 375px) 85vw, 375px\" \/> <img loading=\"lazy\" decoding=\"async\" class=\"alignnone size-medium wp-image-18622\" src=\"https:\/\/mpcid.gov.gn\/wp-content\/uploads\/2026\/01\/MPCI-France-19-500x375.jpg\" alt=\"\" width=\"500\" height=\"375\" srcset=\"https:\/\/mpcid.gov.gn\/wp-content\/uploads\/2026\/01\/MPCI-France-19-500x375.jpg 500w, https:\/\/mpcid.gov.gn\/wp-content\/uploads\/2026\/01\/MPCI-France-19-1024x768.jpg 1024w, https:\/\/mpcid.gov.gn\/wp-content\/uploads\/2026\/01\/MPCI-France-19-768x576.jpg 768w, https:\/\/mpcid.gov.gn\/wp-content\/uploads\/2026\/01\/MPCI-France-19.jpg 1049w\" sizes=\"(max-width: 500px) 85vw, 500px\" \/> <img loading=\"lazy\" decoding=\"async\" class=\"alignnone size-medium wp-image-18605\" src=\"https:\/\/mpcid.gov.gn\/wp-content\/uploads\/2026\/01\/MPCI-France-381x500.jpg\" alt=\"\" width=\"381\" height=\"500\" srcset=\"https:\/\/mpcid.gov.gn\/wp-content\/uploads\/2026\/01\/MPCI-France-381x500.jpg 381w, https:\/\/mpcid.gov.gn\/wp-content\/uploads\/2026\/01\/MPCI-France-768x1008.jpg 768w, https:\/\/mpcid.gov.gn\/wp-content\/uploads\/2026\/01\/MPCI-France.jpg 778w\" sizes=\"(max-width: 381px) 85vw, 381px\" \/><\/p>\n<p>Le Ministre \u00e9tait entour\u00e9 de Monsieur le Secr\u00e9taire G\u00e9n\u00e9ral du Minist\u00e8re du Plan et de la Coop\u00e9ration Internationale, Ambassadeur Kab\u00e8l\u00e8 Soumah, ainsi que de plusieurs Directeurs en charge du Plan et de la Coop\u00e9ration. La Ministre fran\u00e7aise \u00e9tait, quant \u00e0 elle, accompagn\u00e9e de l\u2019Ambassadeur de France en Guin\u00e9e, t\u00e9moignant de l\u2019importance strat\u00e9gique accord\u00e9e \u00e0 ces \u00e9changes.<\/p>\n<p>Les discussions ont port\u00e9 sur le d\u00e9veloppement des \u00e9changes \u00e9conomiques, la promotion de projets structurants \u00e0 fort impact et la mise en \u0153uvre de partenariats gagnant-gagnant, notamment \u00e0 travers les investissements d\u2019entreprises fran\u00e7aises disposant d\u2019expertises av\u00e9r\u00e9es dans des secteurs cl\u00e9s. Les autorit\u00e9s guin\u00e9ennes ont insist\u00e9 sur la n\u00e9cessit\u00e9 pour les investisseurs de s\u2019aligner sur les priorit\u00e9s nationales de d\u00e9veloppement, dans une logique de coh\u00e9rence et d\u2019efficacit\u00e9.<\/p>\n<p>Dans son intervention, le Ministre du Plan et de la Coop\u00e9ration Internationale a soulign\u00e9 que la coop\u00e9ration Guin\u00e9e\u2013France est aujourd\u2019hui au beau fixe, marqu\u00e9e par une confiance renouvel\u00e9e et une volont\u00e9 commune de b\u00e2tir des partenariats durables. Plusieurs projets strat\u00e9giques ont \u00e9t\u00e9 \u00e9voqu\u00e9s, notamment le projet TNT de radar civilo-militaire, estim\u00e9 \u00e0 600 millions de dollars, illustrant l\u2019ambition et la port\u00e9e des investissements envisag\u00e9s.<\/p>\n<p>Le r\u00f4le de Bpifrance et le tresor fran\u00e7ais ont \u00e9t\u00e9 largement mis en avant, notamment dans l\u2019accompagnement de la transition \u00e9conomique de la Guin\u00e9e, en synergie avec l\u2019action du Gouvernement fran\u00e7ais et l\u2019appui de l\u2019Agence Fran\u00e7aise de D\u00e9veloppement (AFD). Ces appuis s\u2019inscrivent dans un contexte national marqu\u00e9 par des \u00e9ch\u00e9ances \u00e9lectorales \u00e0 venir, n\u00e9cessitant stabilit\u00e9, cr\u00e9dibilit\u00e9 et engagement des partenaires.<\/p>\n<p>Les \u00e9changes ont \u00e9galement permis de mettre en lumi\u00e8re le Programme Simandou 2040, cadre strat\u00e9gique de r\u00e9f\u00e9rence du d\u00e9veloppement national. L\u2019accent a \u00e9t\u00e9 mis sur le capital humain, pilier fondamental du programme, avec la confirmation que l\u2019ensemble des projets soutenus par Bpifrance est pleinement int\u00e9gr\u00e9 dans la vision Simandou 2040. \u00c0 ce jour, 122 projets et 36 r\u00e9formes ont \u00e9t\u00e9 partag\u00e9s avec la partie fran\u00e7aise.<\/p>\n<p>Une mission de Bpifrance est pr\u00e9vue en mars, visant \u00e0 mobiliser les entreprises fran\u00e7aises, en particulier dans les secteurs de l\u2019agriculture et de l\u2019agribusiness, consid\u00e9r\u00e9s comme prioritaires pour la diversification \u00e9conomique et la cr\u00e9ation d\u2019emplois. Des partenariats avec des groupes de r\u00e9f\u00e9rence, tels que Thales, ont \u00e9galement \u00e9t\u00e9 \u00e9voqu\u00e9s.<\/p>\n<p>Le volet \u00e9ducation et formation a occup\u00e9 une place importante dans les discussions, avec des perspectives autour des classes pr\u00e9paratoires, du d\u00e9veloppement des comp\u00e9tences et de l\u2019employabilit\u00e9 locale. La mobilisation du secteur priv\u00e9 a \u00e9t\u00e9 identifi\u00e9e comme un levier essentiel pour la r\u00e9ussite de ces ambitions.<\/p>\n<p>Le Ministre a sollicit\u00e9 la recat\u00e9gorisation de la Guin\u00e9e dans la cat\u00e9gorie 4 ou 5 de l\u2019OCDE afin de renforcer l\u2019attractivit\u00e9 du pays et ouvrir de nouvelles perspectives de financement et d\u2019investissements.<\/p>\n<p>Un message particulier a enfin \u00e9t\u00e9 adress\u00e9 \u00e0 l\u2019endroit des femmes, r\u00e9affirmant leur r\u00f4le central dans le d\u00e9veloppement \u00e9conomique et social, en coh\u00e9rence avec les engagements issus du Sommet des 4P, port\u00e9 par le Pr\u00e9sident Emmanuel Macron.<\/p>\n<p>\u00c0 travers cette rencontre de haut niveau, la Guin\u00e9e et la France r\u00e9affirment leur volont\u00e9 commune de consolider une coop\u00e9ration moderne, strat\u00e9gique et orient\u00e9e vers des r\u00e9sultats concrets, au service du d\u00e9veloppement durable et inclusif de la Guin\u00e9e.<\/p>\n","protected":false},"excerpt":{"rendered":"<p>En marge de la c\u00e9r\u00e9monie d\u2019investiture de Son Excellence Monsieur Mamadi Doumbouya, Pr\u00e9sident de la R\u00e9publique, Chef de l\u2019\u00c9tat, le Ministre du Plan et de la Coop\u00e9ration Internationale a re\u00e7u Madame \u00c9l\u00e9onore Caroit, Ministre d\u00e9l\u00e9gu\u00e9e charg\u00e9e de la Francophonie, de la Coop\u00e9ration et des Partenariats, repr\u00e9sentante du Pr\u00e9sident de la R\u00e9publique fran\u00e7aise, Son Excellence Emmanuel &hellip; <a href=\"https:\/\/mpcid.gov.gn\/index.php\/cooperation-guinee-france-le-mpci-consolide-les-investissements-strategiques-autour-de-simandou-2040\/\" class=\"more-link\">Continue reading<span class=\"screen-reader-text\"> \u00ab\u00a0Coop\u00e9ration Guin\u00e9e\u2013France : le MPCI consolide les investissements strat\u00e9giques autour de Simandou 2040\u00a0\u00bb<\/span><\/a><\/p>\n","protected":false},"author":20,"featured_media":18604,"comment_status":"closed","ping_status":"closed","sticky":false,"template":"","format":"standard","meta":{"footnotes":""},"categories":[63],"tags":[],"class_list":["post-18602","post","type-post","status-publish","format-standard","has-post-thumbnail","hentry","category-actualites"],"yoast_head":"<!-- This site is optimized with the Yoast SEO plugin v27.5 - https:\/\/yoast.com\/product\/yoast-seo-wordpress\/ -->\n<title>Coop\u00e9ration Guin\u00e9e\u2013France : le MPCI consolide les investissements strat\u00e9giques autour de Simandou 2040 - MPCI<\/title>\n<meta name=\"robots\" content=\"index, follow, max-snippet:-1, max-image-preview:large, max-video-preview:-1\" \/>\n<link rel=\"canonical\" href=\"https:\/\/mpcid.gov.gn\/index.php\/cooperation-guinee-france-le-mpci-consolide-les-investissements-strategiques-autour-de-simandou-2040\/\" \/>\n<meta property=\"og:locale\" content=\"fr_FR\" \/>\n<meta property=\"og:type\" content=\"article\" \/>\n<meta property=\"og:title\" content=\"Coop\u00e9ration Guin\u00e9e\u2013France : le MPCI consolide les investissements strat\u00e9giques autour de Simandou 2040 - MPCI\" \/>\n<meta property=\"og:description\" content=\"En marge de la c\u00e9r\u00e9monie d\u2019investiture de Son Excellence Monsieur Mamadi Doumbouya, Pr\u00e9sident de la R\u00e9publique, Chef de l\u2019\u00c9tat, le Ministre du Plan et de la Coop\u00e9ration Internationale a re\u00e7u Madame \u00c9l\u00e9onore Caroit, Ministre d\u00e9l\u00e9gu\u00e9e charg\u00e9e de la Francophonie, de la Coop\u00e9ration et des Partenariats, repr\u00e9sentante du Pr\u00e9sident de la R\u00e9publique fran\u00e7aise, Son Excellence Emmanuel &hellip; Continue reading &quot;Coop\u00e9ration Guin\u00e9e\u2013France : le MPCI consolide les investissements strat\u00e9giques autour de Simandou 2040&quot;\" \/>\n<meta property=\"og:url\" content=\"https:\/\/mpcid.gov.gn\/index.php\/cooperation-guinee-france-le-mpci-consolide-les-investissements-strategiques-autour-de-simandou-2040\/\" \/>\n<meta property=\"og:site_name\" content=\"MPCI\" \/>\n<meta property=\"article:publisher\" content=\"https:\/\/www.facebook.com\/MPCIGN\" \/>\n<meta property=\"article:published_time\" content=\"2026-01-18T23:05:02+00:00\" \/>\n<meta property=\"article:modified_time\" content=\"2026-01-19T14:49:03+00:00\" \/>\n<meta property=\"og:image\" content=\"https:\/\/mpci.gov.gn\/wp-content\/uploads\/2026\/01\/MPCI-France-17.jpg\" \/>\n\t<meta property=\"og:image:width\" content=\"515\" \/>\n\t<meta property=\"og:image:height\" content=\"677\" \/>\n\t<meta property=\"og:image:type\" content=\"image\/jpeg\" \/>\n<meta name=\"author\" content=\"Service Communication\" \/>\n<meta name=\"twitter:card\" content=\"summary_large_image\" \/>\n<meta name=\"twitter:creator\" content=\"@MpciGov\" \/>\n<meta name=\"twitter:site\" content=\"@MpciGov\" \/>\n<meta name=\"twitter:label1\" content=\"\u00c9crit par\" \/>\n\t<meta name=\"twitter:data1\" content=\"Service Communication\" \/>\n\t<meta name=\"twitter:label2\" content=\"Dur\u00e9e de lecture estim\u00e9e\" \/>\n\t<meta name=\"twitter:data2\" content=\"6 minutes\" \/>\n<script type=\"application\/ld+json\" class=\"yoast-schema-graph\">{\"@context\":\"https:\\\/\\\/schema.org\",\"@graph\":[{\"@type\":\"Article\",\"@id\":\"https:\\\/\\\/mpcid.gov.gn\\\/index.php\\\/cooperation-guinee-france-le-mpci-consolide-les-investissements-strategiques-autour-de-simandou-2040\\\/#article\",\"isPartOf\":{\"@id\":\"https:\\\/\\\/mpcid.gov.gn\\\/index.php\\\/cooperation-guinee-france-le-mpci-consolide-les-investissements-strategiques-autour-de-simandou-2040\\\/\"},\"author\":{\"name\":\"Service Communication\",\"@id\":\"https:\\\/\\\/mpcid.gov.gn\\\/#\\\/schema\\\/person\\\/070aeea8fafd7a7e5a037505652abbee\"},\"headline\":\"Coop\u00e9ration Guin\u00e9e\u2013France : le MPCI consolide les investissements strat\u00e9giques autour de Simandou 2040\",\"datePublished\":\"2026-01-18T23:05:02+00:00\",\"dateModified\":\"2026-01-19T14:49:03+00:00\",\"mainEntityOfPage\":{\"@id\":\"https:\\\/\\\/mpcid.gov.gn\\\/index.php\\\/cooperation-guinee-france-le-mpci-consolide-les-investissements-strategiques-autour-de-simandou-2040\\\/\"},\"wordCount\":718,\"publisher\":{\"@id\":\"https:\\\/\\\/mpcid.gov.gn\\\/#organization\"},\"image\":{\"@id\":\"https:\\\/\\\/mpcid.gov.gn\\\/index.php\\\/cooperation-guinee-france-le-mpci-consolide-les-investissements-strategiques-autour-de-simandou-2040\\\/#primaryimage\"},\"thumbnailUrl\":\"https:\\\/\\\/mpcid.gov.gn\\\/wp-content\\\/uploads\\\/2026\\\/01\\\/MPCI-France-17.jpg\",\"articleSection\":[\"Actualit\u00e9s\"],\"inLanguage\":\"fr-FR\"},{\"@type\":\"WebPage\",\"@id\":\"https:\\\/\\\/mpcid.gov.gn\\\/index.php\\\/cooperation-guinee-france-le-mpci-consolide-les-investissements-strategiques-autour-de-simandou-2040\\\/\",\"url\":\"https:\\\/\\\/mpcid.gov.gn\\\/index.php\\\/cooperation-guinee-france-le-mpci-consolide-les-investissements-strategiques-autour-de-simandou-2040\\\/\",\"name\":\"Coop\u00e9ration Guin\u00e9e\u2013France : le MPCI consolide les investissements strat\u00e9giques autour de Simandou 2040 - MPCI\",\"isPartOf\":{\"@id\":\"https:\\\/\\\/mpcid.gov.gn\\\/#website\"},\"primaryImageOfPage\":{\"@id\":\"https:\\\/\\\/mpcid.gov.gn\\\/index.php\\\/cooperation-guinee-france-le-mpci-consolide-les-investissements-strategiques-autour-de-simandou-2040\\\/#primaryimage\"},\"image\":{\"@id\":\"https:\\\/\\\/mpcid.gov.gn\\\/index.php\\\/cooperation-guinee-france-le-mpci-consolide-les-investissements-strategiques-autour-de-simandou-2040\\\/#primaryimage\"},\"thumbnailUrl\":\"https:\\\/\\\/mpcid.gov.gn\\\/wp-content\\\/uploads\\\/2026\\\/01\\\/MPCI-France-17.jpg\",\"datePublished\":\"2026-01-18T23:05:02+00:00\",\"dateModified\":\"2026-01-19T14:49:03+00:00\",\"breadcrumb\":{\"@id\":\"https:\\\/\\\/mpcid.gov.gn\\\/index.php\\\/cooperation-guinee-france-le-mpci-consolide-les-investissements-strategiques-autour-de-simandou-2040\\\/#breadcrumb\"},\"inLanguage\":\"fr-FR\",\"potentialAction\":[{\"@type\":\"ReadAction\",\"target\":[\"https:\\\/\\\/mpcid.gov.gn\\\/index.php\\\/cooperation-guinee-france-le-mpci-consolide-les-investissements-strategiques-autour-de-simandou-2040\\\/\"]}]},{\"@type\":\"ImageObject\",\"inLanguage\":\"fr-FR\",\"@id\":\"https:\\\/\\\/mpcid.gov.gn\\\/index.php\\\/cooperation-guinee-france-le-mpci-consolide-les-investissements-strategiques-autour-de-simandou-2040\\\/#primaryimage\",\"url\":\"https:\\\/\\\/mpcid.gov.gn\\\/wp-content\\\/uploads\\\/2026\\\/01\\\/MPCI-France-17.jpg\",\"contentUrl\":\"https:\\\/\\\/mpcid.gov.gn\\\/wp-content\\\/uploads\\\/2026\\\/01\\\/MPCI-France-17.jpg\",\"width\":515,\"height\":677},{\"@type\":\"BreadcrumbList\",\"@id\":\"https:\\\/\\\/mpcid.gov.gn\\\/index.php\\\/cooperation-guinee-france-le-mpci-consolide-les-investissements-strategiques-autour-de-simandou-2040\\\/#breadcrumb\",\"itemListElement\":[{\"@type\":\"ListItem\",\"position\":1,\"name\":\"Accueil\",\"item\":\"https:\\\/\\\/mpcid.gov.gn\\\/\"},{\"@type\":\"ListItem\",\"position\":2,\"name\":\"Coop\u00e9ration Guin\u00e9e\u2013France : le MPCI consolide les investissements strat\u00e9giques autour de Simandou 2040\"}]},{\"@type\":\"WebSite\",\"@id\":\"https:\\\/\\\/mpcid.gov.gn\\\/#website\",\"url\":\"https:\\\/\\\/mpcid.gov.gn\\\/\",\"name\":\"https:\\\/\\\/mpcid.gov.gn\\\/\",\"description\":\"Minist\u00e8re du Plan et de la Coop\u00e9ration Internationale\",\"publisher\":{\"@id\":\"https:\\\/\\\/mpcid.gov.gn\\\/#organization\"},\"potentialAction\":[{\"@type\":\"SearchAction\",\"target\":{\"@type\":\"EntryPoint\",\"urlTemplate\":\"https:\\\/\\\/mpcid.gov.gn\\\/?s={search_term_string}\"},\"query-input\":{\"@type\":\"PropertyValueSpecification\",\"valueRequired\":true,\"valueName\":\"search_term_string\"}}],\"inLanguage\":\"fr-FR\"},{\"@type\":\"Organization\",\"@id\":\"https:\\\/\\\/mpcid.gov.gn\\\/#organization\",\"name\":\"Minist\u00e8re du Plan et de la Coop\u00e9ration Internationale - MPCI\",\"url\":\"https:\\\/\\\/mpcid.gov.gn\\\/\",\"logo\":{\"@type\":\"ImageObject\",\"inLanguage\":\"fr-FR\",\"@id\":\"https:\\\/\\\/mpcid.gov.gn\\\/#\\\/schema\\\/logo\\\/image\\\/\",\"url\":\"https:\\\/\\\/mpcid.gov.gn\\\/wp-content\\\/uploads\\\/2023\\\/10\\\/Ministere-du-Plan-et-de-la-Cooperation-Internationale-MPCI.jpg\",\"contentUrl\":\"https:\\\/\\\/mpcid.gov.gn\\\/wp-content\\\/uploads\\\/2023\\\/10\\\/Ministere-du-Plan-et-de-la-Cooperation-Internationale-MPCI.jpg\",\"width\":462,\"height\":462,\"caption\":\"Minist\u00e8re du Plan et de la Coop\u00e9ration Internationale - MPCI\"},\"image\":{\"@id\":\"https:\\\/\\\/mpcid.gov.gn\\\/#\\\/schema\\\/logo\\\/image\\\/\"},\"sameAs\":[\"https:\\\/\\\/www.facebook.com\\\/MPCIGN\",\"https:\\\/\\\/x.com\\\/MpciGov\"]},{\"@type\":\"Person\",\"@id\":\"https:\\\/\\\/mpcid.gov.gn\\\/#\\\/schema\\\/person\\\/070aeea8fafd7a7e5a037505652abbee\",\"name\":\"Service Communication\",\"sameAs\":[\"http:\\\/\\\/Service-com\"],\"url\":\"https:\\\/\\\/mpcid.gov.gn\\\/index.php\\\/author\\\/service-com\\\/\"}]}<\/script>\n<!-- \/ Yoast SEO plugin. -->","yoast_head_json":{"title":"Coop\u00e9ration Guin\u00e9e\u2013France : le MPCI consolide les investissements strat\u00e9giques autour de Simandou 2040 - MPCI","robots":{"index":"index","follow":"follow","max-snippet":"max-snippet:-1","max-image-preview":"max-image-preview:large","max-video-preview":"max-video-preview:-1"},"canonical":"https:\/\/mpcid.gov.gn\/index.php\/cooperation-guinee-france-le-mpci-consolide-les-investissements-strategiques-autour-de-simandou-2040\/","og_locale":"fr_FR","og_type":"article","og_title":"Coop\u00e9ration Guin\u00e9e\u2013France : le MPCI consolide les investissements strat\u00e9giques autour de Simandou 2040 - MPCI","og_description":"En marge de la c\u00e9r\u00e9monie d\u2019investiture de Son Excellence Monsieur Mamadi Doumbouya, Pr\u00e9sident de la R\u00e9publique, Chef de l\u2019\u00c9tat, le Ministre du Plan et de la Coop\u00e9ration Internationale a re\u00e7u Madame \u00c9l\u00e9onore Caroit, Ministre d\u00e9l\u00e9gu\u00e9e charg\u00e9e de la Francophonie, de la Coop\u00e9ration et des Partenariats, repr\u00e9sentante du Pr\u00e9sident de la R\u00e9publique fran\u00e7aise, Son Excellence Emmanuel &hellip; Continue reading \"Coop\u00e9ration Guin\u00e9e\u2013France : le MPCI consolide les investissements strat\u00e9giques autour de Simandou 2040\"","og_url":"https:\/\/mpcid.gov.gn\/index.php\/cooperation-guinee-france-le-mpci-consolide-les-investissements-strategiques-autour-de-simandou-2040\/","og_site_name":"MPCI","article_publisher":"https:\/\/www.facebook.com\/MPCIGN","article_published_time":"2026-01-18T23:05:02+00:00","article_modified_time":"2026-01-19T14:49:03+00:00","og_image":[{"width":515,"height":677,"url":"https:\/\/mpci.gov.gn\/wp-content\/uploads\/2026\/01\/MPCI-France-17.jpg","type":"image\/jpeg"}],"author":"Service Communication","twitter_card":"summary_large_image","twitter_creator":"@MpciGov","twitter_site":"@MpciGov","twitter_misc":{"\u00c9crit par":"Service Communication","Dur\u00e9e de lecture estim\u00e9e":"6 minutes"},"schema":{"@context":"https:\/\/schema.org","@graph":[{"@type":"Article","@id":"https:\/\/mpcid.gov.gn\/index.php\/cooperation-guinee-france-le-mpci-consolide-les-investissements-strategiques-autour-de-simandou-2040\/#article","isPartOf":{"@id":"https:\/\/mpcid.gov.gn\/index.php\/cooperation-guinee-france-le-mpci-consolide-les-investissements-strategiques-autour-de-simandou-2040\/"},"author":{"name":"Service Communication","@id":"https:\/\/mpcid.gov.gn\/#\/schema\/person\/070aeea8fafd7a7e5a037505652abbee"},"headline":"Coop\u00e9ration Guin\u00e9e\u2013France : le MPCI consolide les investissements strat\u00e9giques autour de Simandou 2040","datePublished":"2026-01-18T23:05:02+00:00","dateModified":"2026-01-19T14:49:03+00:00","mainEntityOfPage":{"@id":"https:\/\/mpcid.gov.gn\/index.php\/cooperation-guinee-france-le-mpci-consolide-les-investissements-strategiques-autour-de-simandou-2040\/"},"wordCount":718,"publisher":{"@id":"https:\/\/mpcid.gov.gn\/#organization"},"image":{"@id":"https:\/\/mpcid.gov.gn\/index.php\/cooperation-guinee-france-le-mpci-consolide-les-investissements-strategiques-autour-de-simandou-2040\/#primaryimage"},"thumbnailUrl":"https:\/\/mpcid.gov.gn\/wp-content\/uploads\/2026\/01\/MPCI-France-17.jpg","articleSection":["Actualit\u00e9s"],"inLanguage":"fr-FR"},{"@type":"WebPage","@id":"https:\/\/mpcid.gov.gn\/index.php\/cooperation-guinee-france-le-mpci-consolide-les-investissements-strategiques-autour-de-simandou-2040\/","url":"https:\/\/mpcid.gov.gn\/index.php\/cooperation-guinee-france-le-mpci-consolide-les-investissements-strategiques-autour-de-simandou-2040\/","name":"Coop\u00e9ration Guin\u00e9e\u2013France : le MPCI consolide les investissements strat\u00e9giques autour de Simandou 2040 - MPCI","isPartOf":{"@id":"https:\/\/mpcid.gov.gn\/#website"},"primaryImageOfPage":{"@id":"https:\/\/mpcid.gov.gn\/index.php\/cooperation-guinee-france-le-mpci-consolide-les-investissements-strategiques-autour-de-simandou-2040\/#primaryimage"},"image":{"@id":"https:\/\/mpcid.gov.gn\/index.php\/cooperation-guinee-france-le-mpci-consolide-les-investissements-strategiques-autour-de-simandou-2040\/#primaryimage"},"thumbnailUrl":"https:\/\/mpcid.gov.gn\/wp-content\/uploads\/2026\/01\/MPCI-France-17.jpg","datePublished":"2026-01-18T23:05:02+00:00","dateModified":"2026-01-19T14:49:03+00:00","breadcrumb":{"@id":"https:\/\/mpcid.gov.gn\/index.php\/cooperation-guinee-france-le-mpci-consolide-les-investissements-strategiques-autour-de-simandou-2040\/#breadcrumb"},"inLanguage":"fr-FR","potentialAction":[{"@type":"ReadAction","target":["https:\/\/mpcid.gov.gn\/index.php\/cooperation-guinee-france-le-mpci-consolide-les-investissements-strategiques-autour-de-simandou-2040\/"]}]},{"@type":"ImageObject","inLanguage":"fr-FR","@id":"https:\/\/mpcid.gov.gn\/index.php\/cooperation-guinee-france-le-mpci-consolide-les-investissements-strategiques-autour-de-simandou-2040\/#primaryimage","url":"https:\/\/mpcid.gov.gn\/wp-content\/uploads\/2026\/01\/MPCI-France-17.jpg","contentUrl":"https:\/\/mpcid.gov.gn\/wp-content\/uploads\/2026\/01\/MPCI-France-17.jpg","width":515,"height":677},{"@type":"BreadcrumbList","@id":"https:\/\/mpcid.gov.gn\/index.php\/cooperation-guinee-france-le-mpci-consolide-les-investissements-strategiques-autour-de-simandou-2040\/#breadcrumb","itemListElement":[{"@type":"ListItem","position":1,"name":"Accueil","item":"https:\/\/mpcid.gov.gn\/"},{"@type":"ListItem","position":2,"name":"Coop\u00e9ration Guin\u00e9e\u2013France : le MPCI consolide les investissements strat\u00e9giques autour de Simandou 2040"}]},{"@type":"WebSite","@id":"https:\/\/mpcid.gov.gn\/#website","url":"https:\/\/mpcid.gov.gn\/","name":"https:\/\/mpcid.gov.gn\/","description":"Minist\u00e8re du Plan et de la Coop\u00e9ration Internationale","publisher":{"@id":"https:\/\/mpcid.gov.gn\/#organization"},"potentialAction":[{"@type":"SearchAction","target":{"@type":"EntryPoint","urlTemplate":"https:\/\/mpcid.gov.gn\/?s={search_term_string}"},"query-input":{"@type":"PropertyValueSpecification","valueRequired":true,"valueName":"search_term_string"}}],"inLanguage":"fr-FR"},{"@type":"Organization","@id":"https:\/\/mpcid.gov.gn\/#organization","name":"Minist\u00e8re du Plan et de la Coop\u00e9ration Internationale - MPCI","url":"https:\/\/mpcid.gov.gn\/","logo":{"@type":"ImageObject","inLanguage":"fr-FR","@id":"https:\/\/mpcid.gov.gn\/#\/schema\/logo\/image\/","url":"https:\/\/mpcid.gov.gn\/wp-content\/uploads\/2023\/10\/Ministere-du-Plan-et-de-la-Cooperation-Internationale-MPCI.jpg","contentUrl":"https:\/\/mpcid.gov.gn\/wp-content\/uploads\/2023\/10\/Ministere-du-Plan-et-de-la-Cooperation-Internationale-MPCI.jpg","width":462,"height":462,"caption":"Minist\u00e8re du Plan et de la Coop\u00e9ration Internationale - MPCI"},"image":{"@id":"https:\/\/mpcid.gov.gn\/#\/schema\/logo\/image\/"},"sameAs":["https:\/\/www.facebook.com\/MPCIGN","https:\/\/x.com\/MpciGov"]},{"@type":"Person","@id":"https:\/\/mpcid.gov.gn\/#\/schema\/person\/070aeea8fafd7a7e5a037505652abbee","name":"Service Communication","sameAs":["http:\/\/Service-com"],"url":"https:\/\/mpcid.gov.gn\/index.php\/author\/service-com\/"}]}},"_links":{"self":[{"href":"https:\/\/mpcid.gov.gn\/index.php\/wp-json\/wp\/v2\/posts\/18602","targetHints":{"allow":["GET"]}}],"collection":[{"href":"https:\/\/mpcid.gov.gn\/index.php\/wp-json\/wp\/v2\/posts"}],"about":[{"href":"https:\/\/mpcid.gov.gn\/index.php\/wp-json\/wp\/v2\/types\/post"}],"author":[{"embeddable":true,"href":"https:\/\/mpcid.gov.gn\/index.php\/wp-json\/wp\/v2\/users\/20"}],"replies":[{"embeddable":true,"href":"https:\/\/mpcid.gov.gn\/index.php\/wp-json\/wp\/v2\/comments?post=18602"}],"version-history":[{"count":0,"href":"https:\/\/mpcid.gov.gn\/index.php\/wp-json\/wp\/v2\/posts\/18602\/revisions"}],"wp:featuredmedia":[{"embeddable":true,"href":"https:\/\/mpcid.gov.gn\/index.php\/wp-json\/wp\/v2\/media\/18604"}],"wp:attachment":[{"href":"https:\/\/mpcid.gov.gn\/index.php\/wp-json\/wp\/v2\/media?parent=18602"}],"wp:term":[{"taxonomy":"category","embeddable":true,"href":"https:\/\/mpcid.gov.gn\/index.php\/wp-json\/wp\/v2\/categories?post=18602"},{"taxonomy":"post_tag","embeddable":true,"href":"https:\/\/mpcid.gov.gn\/index.php\/wp-json\/wp\/v2\/tags?post=18602"}],"curies":[{"name":"wp","href":"https:\/\/api.w.org\/{rel}","templated":true}]}}