{"id":18582,"date":"2026-01-18T20:09:05","date_gmt":"2026-01-18T20:09:05","guid":{"rendered":"https:\/\/mpci.gov.gn\/?p=18582"},"modified":"2026-01-18T20:09:05","modified_gmt":"2026-01-18T20:09:05","slug":"cooperation-guinee-etats-unis-le-ministre-ismael-nabe-recoit-m-nick-checker-du-departement-detat-americain","status":"publish","type":"post","link":"https:\/\/mpcid.gov.gn\/index.php\/cooperation-guinee-etats-unis-le-ministre-ismael-nabe-recoit-m-nick-checker-du-departement-detat-americain\/","title":{"rendered":"Coop\u00e9ration Guin\u00e9e\u2013\u00c9tats-Unis : le Ministre Isma\u00ebl NABE re\u00e7oit M. Nick CHECKER du D\u00e9partement d\u2019\u00c9tat am\u00e9ricain"},"content":{"rendered":"<p>Conakry, le 18 janvier 2026 \u2013 Le Ministre du Plan et de la Coop\u00e9ration internationale, M. Isma\u00ebl Nab\u00e9, a re\u00e7u en audience ce dimanche M. Nick Cheecker, Haut fonctionnaire am\u00e9ricain et Chef du Bureau des affaires africaines au D\u00e9partement d\u2019\u00c9tat des \u00c9tats-Unis, Repr\u00e9sentant l\u2019administration Trump \u00e0 l\u2019investiture du Pr\u00e9sident Mamadi Doumbouya. Cette rencontre de haut niveau s\u2019inscrit dans le cadre du renforcement de la coop\u00e9ration strat\u00e9gique entre la R\u00e9publique de Guin\u00e9e et les \u00c9tats-Unis d\u2019Am\u00e9rique.<\/p>\n<p><img fetchpriority=\"high\" decoding=\"async\" class=\"alignnone size-medium wp-image-18600\" src=\"https:\/\/mpcid.gov.gn\/wp-content\/uploads\/2026\/01\/18-4-500x365.jpg\" alt=\"\" width=\"500\" height=\"365\" srcset=\"https:\/\/mpcid.gov.gn\/wp-content\/uploads\/2026\/01\/18-4-500x365.jpg 500w, https:\/\/mpcid.gov.gn\/wp-content\/uploads\/2026\/01\/18-4-1024x748.jpg 1024w, https:\/\/mpcid.gov.gn\/wp-content\/uploads\/2026\/01\/18-4-768x561.jpg 768w, https:\/\/mpcid.gov.gn\/wp-content\/uploads\/2026\/01\/18-4.jpg 1080w\" sizes=\"(max-width: 500px) 85vw, 500px\" \/> <img decoding=\"async\" class=\"alignnone size-medium wp-image-18590\" src=\"https:\/\/mpcid.gov.gn\/wp-content\/uploads\/2026\/01\/8-6-500x333.jpg\" alt=\"\" width=\"500\" height=\"333\" srcset=\"https:\/\/mpcid.gov.gn\/wp-content\/uploads\/2026\/01\/8-6-500x333.jpg 500w, https:\/\/mpcid.gov.gn\/wp-content\/uploads\/2026\/01\/8-6-1024x683.jpg 1024w, https:\/\/mpcid.gov.gn\/wp-content\/uploads\/2026\/01\/8-6-768x512.jpg 768w, https:\/\/mpcid.gov.gn\/wp-content\/uploads\/2026\/01\/8-6.jpg 1080w\" sizes=\"(max-width: 500px) 85vw, 500px\" \/> <img decoding=\"async\" class=\"alignnone size-medium wp-image-18594\" src=\"https:\/\/mpcid.gov.gn\/wp-content\/uploads\/2026\/01\/12-5-333x500.jpg\" alt=\"\" width=\"333\" height=\"500\" srcset=\"https:\/\/mpcid.gov.gn\/wp-content\/uploads\/2026\/01\/12-5-333x500.jpg 333w, https:\/\/mpcid.gov.gn\/wp-content\/uploads\/2026\/01\/12-5-683x1024.jpg 683w, https:\/\/mpcid.gov.gn\/wp-content\/uploads\/2026\/01\/12-5.jpg 720w\" sizes=\"(max-width: 333px) 85vw, 333px\" \/> <img loading=\"lazy\" decoding=\"async\" class=\"alignnone size-medium wp-image-18592\" src=\"https:\/\/mpcid.gov.gn\/wp-content\/uploads\/2026\/01\/10-6-357x500.jpg\" alt=\"\" width=\"357\" height=\"500\" srcset=\"https:\/\/mpcid.gov.gn\/wp-content\/uploads\/2026\/01\/10-6-357x500.jpg 357w, https:\/\/mpcid.gov.gn\/wp-content\/uploads\/2026\/01\/10-6-731x1024.jpg 731w, https:\/\/mpcid.gov.gn\/wp-content\/uploads\/2026\/01\/10-6-768x1076.jpg 768w, https:\/\/mpcid.gov.gn\/wp-content\/uploads\/2026\/01\/10-6.jpg 771w\" sizes=\"(max-width: 357px) 85vw, 357px\" \/> <img loading=\"lazy\" decoding=\"async\" class=\"alignnone size-medium wp-image-18595\" src=\"https:\/\/mpcid.gov.gn\/wp-content\/uploads\/2026\/01\/13-5-500x314.jpg\" alt=\"\" width=\"500\" height=\"314\" srcset=\"https:\/\/mpcid.gov.gn\/wp-content\/uploads\/2026\/01\/13-5-500x314.jpg 500w, https:\/\/mpcid.gov.gn\/wp-content\/uploads\/2026\/01\/13-5-1024x644.jpg 1024w, https:\/\/mpcid.gov.gn\/wp-content\/uploads\/2026\/01\/13-5-768x483.jpg 768w, https:\/\/mpcid.gov.gn\/wp-content\/uploads\/2026\/01\/13-5.jpg 1080w\" sizes=\"(max-width: 500px) 85vw, 500px\" \/> <img loading=\"lazy\" decoding=\"async\" class=\"alignnone size-medium wp-image-18598\" src=\"https:\/\/mpcid.gov.gn\/wp-content\/uploads\/2026\/01\/16-5-500x334.jpg\" alt=\"\" width=\"500\" height=\"334\" srcset=\"https:\/\/mpcid.gov.gn\/wp-content\/uploads\/2026\/01\/16-5-500x334.jpg 500w, https:\/\/mpcid.gov.gn\/wp-content\/uploads\/2026\/01\/16-5-1024x684.jpg 1024w, https:\/\/mpcid.gov.gn\/wp-content\/uploads\/2026\/01\/16-5-768x513.jpg 768w, https:\/\/mpcid.gov.gn\/wp-content\/uploads\/2026\/01\/16-5.jpg 1080w\" sizes=\"(max-width: 500px) 85vw, 500px\" \/> <img loading=\"lazy\" decoding=\"async\" class=\"alignnone size-medium wp-image-18599\" src=\"https:\/\/mpcid.gov.gn\/wp-content\/uploads\/2026\/01\/17-6-500x337.jpg\" alt=\"\" width=\"500\" height=\"337\" srcset=\"https:\/\/mpcid.gov.gn\/wp-content\/uploads\/2026\/01\/17-6-500x337.jpg 500w, https:\/\/mpcid.gov.gn\/wp-content\/uploads\/2026\/01\/17-6-1024x689.jpg 1024w, https:\/\/mpcid.gov.gn\/wp-content\/uploads\/2026\/01\/17-6-768x517.jpg 768w, https:\/\/mpcid.gov.gn\/wp-content\/uploads\/2026\/01\/17-6.jpg 1080w\" sizes=\"(max-width: 500px) 85vw, 500px\" \/><\/p>\n<p>Le Ministre NABE \u00e9tait entour\u00e9 des membres de son cabinet ainsi que des Directeurs nationaux, g\u00e9n\u00e9raux et de leurs adjoints.<\/p>\n<p>Les \u00e9changes ont port\u00e9 sur les grandes orientations du programme de transformation \u00e9conomique de la Guin\u00e9e, structur\u00e9 autour de piliers essentiels, ainsi que sur les opportunit\u00e9s concr\u00e8tes de coop\u00e9ration bilat\u00e9rale, notamment dans les secteurs de l\u2019agro-industrie, de l\u2019\u00e9ducation, des infrastructures, des mines et de la gouvernance \u00e9conomique.<\/p>\n<p><img loading=\"lazy\" decoding=\"async\" class=\"alignnone size-medium wp-image-18591\" src=\"https:\/\/mpcid.gov.gn\/wp-content\/uploads\/2026\/01\/9-6-500x331.jpg\" alt=\"\" width=\"500\" height=\"331\" srcset=\"https:\/\/mpcid.gov.gn\/wp-content\/uploads\/2026\/01\/9-6-500x331.jpg 500w, https:\/\/mpcid.gov.gn\/wp-content\/uploads\/2026\/01\/9-6-1024x677.jpg 1024w, https:\/\/mpcid.gov.gn\/wp-content\/uploads\/2026\/01\/9-6-768x508.jpg 768w, https:\/\/mpcid.gov.gn\/wp-content\/uploads\/2026\/01\/9-6.jpg 1080w\" sizes=\"(max-width: 500px) 85vw, 500px\" \/> <img loading=\"lazy\" decoding=\"async\" class=\"alignnone size-medium wp-image-18597\" src=\"https:\/\/mpcid.gov.gn\/wp-content\/uploads\/2026\/01\/15-5-333x500.jpg\" alt=\"\" width=\"333\" height=\"500\" srcset=\"https:\/\/mpcid.gov.gn\/wp-content\/uploads\/2026\/01\/15-5-333x500.jpg 333w, https:\/\/mpcid.gov.gn\/wp-content\/uploads\/2026\/01\/15-5-683x1024.jpg 683w, https:\/\/mpcid.gov.gn\/wp-content\/uploads\/2026\/01\/15-5.jpg 720w\" sizes=\"(max-width: 333px) 85vw, 333px\" \/> <img loading=\"lazy\" decoding=\"async\" class=\"alignnone size-medium wp-image-18596\" src=\"https:\/\/mpcid.gov.gn\/wp-content\/uploads\/2026\/01\/14-5-500x333.jpg\" alt=\"\" width=\"500\" height=\"333\" srcset=\"https:\/\/mpcid.gov.gn\/wp-content\/uploads\/2026\/01\/14-5-500x333.jpg 500w, https:\/\/mpcid.gov.gn\/wp-content\/uploads\/2026\/01\/14-5-1024x683.jpg 1024w, https:\/\/mpcid.gov.gn\/wp-content\/uploads\/2026\/01\/14-5-768x512.jpg 768w, https:\/\/mpcid.gov.gn\/wp-content\/uploads\/2026\/01\/14-5.jpg 1080w\" sizes=\"(max-width: 500px) 85vw, 500px\" \/><\/p>\n<p>Dans son allocution de bienvenue, le Ministre Isma\u00ebl Nab\u00e9 a soulign\u00e9 le dynamisme actuel de la coop\u00e9ration guin\u00e9enne avec les \u00c9tats-Unis, citant l&rsquo;exemple de Wabtec, l&rsquo;entreprise d\u00e9tentrice du contrat de fourniture des wagons pour le transguin\u00e9en. Il a exprim\u00e9 le souhait que, dans le cadre du pilier 2 (\u00e9ducation et culture) du Programme Simandou 2040 et de l&rsquo;initiative Simandou Academy, Wabtec s&rsquo;implique activement dans le d\u00e9veloppement du capital humain guin\u00e9en, en particulier par la formation de jeunes Guin\u00e9ens \u00e0 la maintenance de ces wagons.<\/p>\n<p><img loading=\"lazy\" decoding=\"async\" class=\"alignnone size-medium wp-image-18589\" src=\"https:\/\/mpcid.gov.gn\/wp-content\/uploads\/2026\/01\/7-6-500x333.jpg\" alt=\"\" width=\"500\" height=\"333\" srcset=\"https:\/\/mpcid.gov.gn\/wp-content\/uploads\/2026\/01\/7-6-500x333.jpg 500w, https:\/\/mpcid.gov.gn\/wp-content\/uploads\/2026\/01\/7-6-1024x683.jpg 1024w, https:\/\/mpcid.gov.gn\/wp-content\/uploads\/2026\/01\/7-6-768x512.jpg 768w, https:\/\/mpcid.gov.gn\/wp-content\/uploads\/2026\/01\/7-6.jpg 1080w\" sizes=\"(max-width: 500px) 85vw, 500px\" \/><\/p>\n<p>Le Ministre Nab\u00e9 a confirm\u00e9 l&rsquo;engagement du Gouvernement guin\u00e9en \u00e0 finaliser des accords porteurs d&rsquo;avenir d\u00e8s cette ann\u00e9e, insistant sur l&rsquo;importance de saisir les opportunit\u00e9s actuelles pour optimiser les contrats en cours de n\u00e9gociation. Il a \u00e9galement soulign\u00e9 la n\u00e9cessit\u00e9 d&rsquo;acc\u00e9l\u00e9rer les m\u00e9canismes de d\u00e9cision, en vue d&rsquo;une efficacit\u00e9 accrue et de r\u00e9sultats rapides, le tout dans le respect scrupuleux des standards de rigueur et de transparence.<\/p>\n<p>Une attention particuli\u00e8re a \u00e9t\u00e9 accord\u00e9e aux licences mini\u00e8res, un domaine crucial pour l&rsquo;\u00e9conomie nationale. Le Ministre NABE a mentionn\u00e9 que des directives pr\u00e9sidentielles ont r\u00e9cemment \u00e9t\u00e9 \u00e9mises pour faire avancer certains dossiers prioritaires, ce qui devrait engendrer des avanc\u00e9es tangibles tr\u00e8s prochainement, et ce, d\u00e8s ce mois-ci. Ces progr\u00e8s sont consid\u00e9r\u00e9s comme des \u00ab quick wins \u00bb (victoires rapides) propres \u00e0 consolider la confiance des partenaires et des investisseurs.<\/p>\n<p><img loading=\"lazy\" decoding=\"async\" class=\"alignnone size-medium wp-image-18593\" src=\"https:\/\/mpcid.gov.gn\/wp-content\/uploads\/2026\/01\/11-5-333x500.jpg\" alt=\"\" width=\"333\" height=\"500\" srcset=\"https:\/\/mpcid.gov.gn\/wp-content\/uploads\/2026\/01\/11-5-333x500.jpg 333w, https:\/\/mpcid.gov.gn\/wp-content\/uploads\/2026\/01\/11-5-683x1024.jpg 683w, https:\/\/mpcid.gov.gn\/wp-content\/uploads\/2026\/01\/11-5.jpg 720w\" sizes=\"(max-width: 333px) 85vw, 333px\" \/><\/p>\n<p>Le Ministre Isma\u00ebl Nab\u00e9 a en outre salu\u00e9 la qualit\u00e9 du partenariat avec les \u00c9tats-Unis, d\u00e9crivant M. Nick Cheecker et son \u00e9quipe comme des partenaires solides et d\u00e9termin\u00e9s, aptes \u00e0 soutenir la Guin\u00e9e dans la concr\u00e9tisation de projets d&rsquo;envergure, particuli\u00e8rement dans les secteurs de l&rsquo;\u00e9ducation, du transfert de comp\u00e9tences et des infrastructures.<\/p>\n<p>Enfin, le Ministre Nab\u00e9 a confirm\u00e9 l&rsquo;engagement de son minist\u00e8re \u00e0 mobiliser toutes les comp\u00e9tences techniques pour acc\u00e9l\u00e9rer les processus, intensifier la coordination interminist\u00e9rielle et parvenir \u00e0 des r\u00e9alisations concr\u00e8tes, au service du progr\u00e8s \u00e9conomique et social de la Guin\u00e9e.<\/p>\n<p>En r\u00e9ponse, le Haut responsable am\u00e9ricain, Nick CHECKER, a soulign\u00e9 que la Guin\u00e9e \u00e9tait le premier pays qu&rsquo;il visitait depuis sa prise de fonction. \u00ab Nous sommes dispos\u00e9s \u00e0 collaborer avec la Guin\u00e9e. Nous sommes conscients du potentiel minier qu&rsquo;elle rec\u00e8le, mais nous sommes convaincus qu&rsquo;elle poss\u00e8de \u00e9galement d&rsquo;autres atouts. Nous sommes impatients de pouvoir explorer et d\u00e9velopper avec vous ces autres domaines \u00bb, a-t-il affirm\u00e9.<\/p>\n<p><img loading=\"lazy\" decoding=\"async\" class=\"alignnone size-medium wp-image-18592\" src=\"https:\/\/mpcid.gov.gn\/wp-content\/uploads\/2026\/01\/10-6-357x500.jpg\" alt=\"\" width=\"357\" height=\"500\" srcset=\"https:\/\/mpcid.gov.gn\/wp-content\/uploads\/2026\/01\/10-6-357x500.jpg 357w, https:\/\/mpcid.gov.gn\/wp-content\/uploads\/2026\/01\/10-6-731x1024.jpg 731w, https:\/\/mpcid.gov.gn\/wp-content\/uploads\/2026\/01\/10-6-768x1076.jpg 768w, https:\/\/mpcid.gov.gn\/wp-content\/uploads\/2026\/01\/10-6.jpg 771w\" sizes=\"(max-width: 357px) 85vw, 357px\" \/><\/p>\n<p>Le diplomate am\u00e9ricain s&rsquo;est engag\u00e9 \u00e0 inciter davantage d&rsquo;entreprises am\u00e9ricaines \u00e0 investir et collaborer avec la Guin\u00e9e, \u00e0 l&rsquo;instar de celles d\u00e9j\u00e0 pr\u00e9sentes comme Wabtec. \u00ab Je constate que vous avez d\u00e9j\u00e0 initi\u00e9 des collaborations avec plusieurs entreprises am\u00e9ricaines. Nous allons activement encourager d&rsquo;autres \u00e0 s&rsquo;engager avec la Guin\u00e9e. Nous maintiendrons et renforcerons cette relation. Je vous remercie chaleureusement de l&rsquo;accueil r\u00e9serv\u00e9 \u00e0 ma d\u00e9l\u00e9gation ici au minist\u00e8re du Plan et de la Coop\u00e9ration internationale \u00bb, a conclu M. Nick Cheecker.<\/p>\n<p>Les deux parties ont \u00e9galement \u00e9voqu\u00e9 la prochaine visite officielle aux \u00c9tats-Unis de responsables guin\u00e9ens, qui devrait permettre de consolider les discussions engag\u00e9es et de poser les bases d\u2019accords durables, en coh\u00e9rence avec la vision de d\u00e9veloppement port\u00e9e par les autorit\u00e9s guin\u00e9ennes sur un horizon de quinze ans.<\/p>\n<p><img loading=\"lazy\" decoding=\"async\" class=\"alignnone size-medium wp-image-18587\" src=\"https:\/\/mpcid.gov.gn\/wp-content\/uploads\/2026\/01\/4-6-500x333.jpg\" alt=\"\" width=\"500\" height=\"333\" srcset=\"https:\/\/mpcid.gov.gn\/wp-content\/uploads\/2026\/01\/4-6-500x333.jpg 500w, https:\/\/mpcid.gov.gn\/wp-content\/uploads\/2026\/01\/4-6-1024x683.jpg 1024w, https:\/\/mpcid.gov.gn\/wp-content\/uploads\/2026\/01\/4-6-768x512.jpg 768w, https:\/\/mpcid.gov.gn\/wp-content\/uploads\/2026\/01\/4-6.jpg 1080w\" sizes=\"(max-width: 500px) 85vw, 500px\" \/> <img loading=\"lazy\" decoding=\"async\" class=\"alignnone size-medium wp-image-18588\" src=\"https:\/\/mpcid.gov.gn\/wp-content\/uploads\/2026\/01\/6-6-500x361.jpg\" alt=\"\" width=\"500\" height=\"361\" srcset=\"https:\/\/mpcid.gov.gn\/wp-content\/uploads\/2026\/01\/6-6-500x361.jpg 500w, https:\/\/mpcid.gov.gn\/wp-content\/uploads\/2026\/01\/6-6-1024x739.jpg 1024w, https:\/\/mpcid.gov.gn\/wp-content\/uploads\/2026\/01\/6-6-768x554.jpg 768w, https:\/\/mpcid.gov.gn\/wp-content\/uploads\/2026\/01\/6-6.jpg 1080w\" sizes=\"(max-width: 500px) 85vw, 500px\" \/> <img loading=\"lazy\" decoding=\"async\" class=\"alignnone size-medium wp-image-18586\" src=\"https:\/\/mpcid.gov.gn\/wp-content\/uploads\/2026\/01\/3-7-500x384.jpg\" alt=\"\" width=\"500\" height=\"384\" srcset=\"https:\/\/mpcid.gov.gn\/wp-content\/uploads\/2026\/01\/3-7-500x384.jpg 500w, https:\/\/mpcid.gov.gn\/wp-content\/uploads\/2026\/01\/3-7-1024x786.jpg 1024w, https:\/\/mpcid.gov.gn\/wp-content\/uploads\/2026\/01\/3-7-768x590.jpg 768w, https:\/\/mpcid.gov.gn\/wp-content\/uploads\/2026\/01\/3-7.jpg 1080w\" sizes=\"(max-width: 500px) 85vw, 500px\" \/> <img loading=\"lazy\" decoding=\"async\" class=\"alignnone size-medium wp-image-18585\" src=\"https:\/\/mpcid.gov.gn\/wp-content\/uploads\/2026\/01\/2-7-500x283.jpg\" alt=\"\" width=\"500\" height=\"283\" srcset=\"https:\/\/mpcid.gov.gn\/wp-content\/uploads\/2026\/01\/2-7-500x283.jpg 500w, https:\/\/mpcid.gov.gn\/wp-content\/uploads\/2026\/01\/2-7-1024x580.jpg 1024w, https:\/\/mpcid.gov.gn\/wp-content\/uploads\/2026\/01\/2-7-768x435.jpg 768w, https:\/\/mpcid.gov.gn\/wp-content\/uploads\/2026\/01\/2-7.jpg 1080w\" sizes=\"(max-width: 500px) 85vw, 500px\" \/> <img loading=\"lazy\" decoding=\"async\" class=\"alignnone size-medium wp-image-18584\" src=\"https:\/\/mpcid.gov.gn\/wp-content\/uploads\/2026\/01\/1-7-500x314.jpg\" alt=\"\" width=\"500\" height=\"314\" srcset=\"https:\/\/mpcid.gov.gn\/wp-content\/uploads\/2026\/01\/1-7-500x314.jpg 500w, https:\/\/mpcid.gov.gn\/wp-content\/uploads\/2026\/01\/1-7-1024x643.jpg 1024w, https:\/\/mpcid.gov.gn\/wp-content\/uploads\/2026\/01\/1-7-768x482.jpg 768w, https:\/\/mpcid.gov.gn\/wp-content\/uploads\/2026\/01\/1-7.jpg 1080w\" sizes=\"(max-width: 500px) 85vw, 500px\" \/><\/p>\n<p>Cette audience t\u00e9moigne une nouvelle fois de la solidit\u00e9 des relations entre la Guin\u00e9e et les \u00c9tats-Unis, ainsi que de la volont\u00e9 commune des deux pays de porter leur coop\u00e9ration \u00e0 un niveau strat\u00e9gique, pragmatique et orient\u00e9 vers l\u2019impact.<\/p>\n","protected":false},"excerpt":{"rendered":"<p>Conakry, le 18 janvier 2026 \u2013 Le Ministre du Plan et de la Coop\u00e9ration internationale, M. Isma\u00ebl Nab\u00e9, a re\u00e7u en audience ce dimanche M. Nick Cheecker, Haut fonctionnaire am\u00e9ricain et Chef du Bureau des affaires africaines au D\u00e9partement d\u2019\u00c9tat des \u00c9tats-Unis, Repr\u00e9sentant l\u2019administration Trump \u00e0 l\u2019investiture du Pr\u00e9sident Mamadi Doumbouya. Cette rencontre de haut &hellip; <a href=\"https:\/\/mpcid.gov.gn\/index.php\/cooperation-guinee-etats-unis-le-ministre-ismael-nabe-recoit-m-nick-checker-du-departement-detat-americain\/\" class=\"more-link\">Continue reading<span class=\"screen-reader-text\"> \u00ab\u00a0Coop\u00e9ration Guin\u00e9e\u2013\u00c9tats-Unis : le Ministre Isma\u00ebl NABE re\u00e7oit M. Nick CHECKER du D\u00e9partement d\u2019\u00c9tat am\u00e9ricain\u00a0\u00bb<\/span><\/a><\/p>\n","protected":false},"author":20,"featured_media":18583,"comment_status":"closed","ping_status":"closed","sticky":false,"template":"","format":"standard","meta":{"footnotes":""},"categories":[63],"tags":[],"class_list":["post-18582","post","type-post","status-publish","format-standard","has-post-thumbnail","hentry","category-actualites"],"yoast_head":"<!-- This site is optimized with the Yoast SEO plugin v27.5 - https:\/\/yoast.com\/product\/yoast-seo-wordpress\/ -->\n<title>Coop\u00e9ration Guin\u00e9e\u2013\u00c9tats-Unis : le Ministre Isma\u00ebl NABE re\u00e7oit M. Nick CHECKER du D\u00e9partement d\u2019\u00c9tat am\u00e9ricain - MPCI<\/title>\n<meta name=\"robots\" content=\"index, follow, max-snippet:-1, max-image-preview:large, max-video-preview:-1\" \/>\n<link rel=\"canonical\" href=\"https:\/\/mpcid.gov.gn\/index.php\/cooperation-guinee-etats-unis-le-ministre-ismael-nabe-recoit-m-nick-checker-du-departement-detat-americain\/\" \/>\n<meta property=\"og:locale\" content=\"fr_FR\" \/>\n<meta property=\"og:type\" content=\"article\" \/>\n<meta property=\"og:title\" content=\"Coop\u00e9ration Guin\u00e9e\u2013\u00c9tats-Unis : le Ministre Isma\u00ebl NABE re\u00e7oit M. Nick CHECKER du D\u00e9partement d\u2019\u00c9tat am\u00e9ricain - MPCI\" \/>\n<meta property=\"og:description\" content=\"Conakry, le 18 janvier 2026 \u2013 Le Ministre du Plan et de la Coop\u00e9ration internationale, M. Isma\u00ebl Nab\u00e9, a re\u00e7u en audience ce dimanche M. Nick Cheecker, Haut fonctionnaire am\u00e9ricain et Chef du Bureau des affaires africaines au D\u00e9partement d\u2019\u00c9tat des \u00c9tats-Unis, Repr\u00e9sentant l\u2019administration Trump \u00e0 l\u2019investiture du Pr\u00e9sident Mamadi Doumbouya. Cette rencontre de haut &hellip; Continue reading &quot;Coop\u00e9ration Guin\u00e9e\u2013\u00c9tats-Unis : le Ministre Isma\u00ebl NABE re\u00e7oit M. Nick CHECKER du D\u00e9partement d\u2019\u00c9tat am\u00e9ricain&quot;\" \/>\n<meta property=\"og:url\" content=\"https:\/\/mpcid.gov.gn\/index.php\/cooperation-guinee-etats-unis-le-ministre-ismael-nabe-recoit-m-nick-checker-du-departement-detat-americain\/\" \/>\n<meta property=\"og:site_name\" content=\"MPCI\" \/>\n<meta property=\"article:publisher\" content=\"https:\/\/www.facebook.com\/MPCIGN\" \/>\n<meta property=\"article:published_time\" content=\"2026-01-18T20:09:05+00:00\" \/>\n<meta property=\"og:image\" content=\"https:\/\/mpci.gov.gn\/wp-content\/uploads\/2026\/01\/5-6.jpg\" \/>\n\t<meta property=\"og:image:width\" content=\"1080\" \/>\n\t<meta property=\"og:image:height\" content=\"762\" \/>\n\t<meta property=\"og:image:type\" content=\"image\/jpeg\" \/>\n<meta name=\"author\" content=\"Service Communication\" \/>\n<meta name=\"twitter:card\" content=\"summary_large_image\" \/>\n<meta name=\"twitter:creator\" content=\"@MpciGov\" \/>\n<meta name=\"twitter:site\" content=\"@MpciGov\" \/>\n<meta name=\"twitter:label1\" content=\"\u00c9crit par\" \/>\n\t<meta name=\"twitter:data1\" content=\"Service Communication\" \/>\n\t<meta name=\"twitter:label2\" content=\"Dur\u00e9e de lecture estim\u00e9e\" \/>\n\t<meta name=\"twitter:data2\" content=\"8 minutes\" \/>\n<script type=\"application\/ld+json\" class=\"yoast-schema-graph\">{\"@context\":\"https:\\\/\\\/schema.org\",\"@graph\":[{\"@type\":\"Article\",\"@id\":\"https:\\\/\\\/mpcid.gov.gn\\\/index.php\\\/cooperation-guinee-etats-unis-le-ministre-ismael-nabe-recoit-m-nick-checker-du-departement-detat-americain\\\/#article\",\"isPartOf\":{\"@id\":\"https:\\\/\\\/mpcid.gov.gn\\\/index.php\\\/cooperation-guinee-etats-unis-le-ministre-ismael-nabe-recoit-m-nick-checker-du-departement-detat-americain\\\/\"},\"author\":{\"name\":\"Service Communication\",\"@id\":\"https:\\\/\\\/mpcid.gov.gn\\\/#\\\/schema\\\/person\\\/070aeea8fafd7a7e5a037505652abbee\"},\"headline\":\"Coop\u00e9ration Guin\u00e9e\u2013\u00c9tats-Unis : le Ministre Isma\u00ebl NABE re\u00e7oit M. Nick CHECKER du D\u00e9partement d\u2019\u00c9tat am\u00e9ricain\",\"datePublished\":\"2026-01-18T20:09:05+00:00\",\"mainEntityOfPage\":{\"@id\":\"https:\\\/\\\/mpcid.gov.gn\\\/index.php\\\/cooperation-guinee-etats-unis-le-ministre-ismael-nabe-recoit-m-nick-checker-du-departement-detat-americain\\\/\"},\"wordCount\":816,\"publisher\":{\"@id\":\"https:\\\/\\\/mpcid.gov.gn\\\/#organization\"},\"image\":{\"@id\":\"https:\\\/\\\/mpcid.gov.gn\\\/index.php\\\/cooperation-guinee-etats-unis-le-ministre-ismael-nabe-recoit-m-nick-checker-du-departement-detat-americain\\\/#primaryimage\"},\"thumbnailUrl\":\"https:\\\/\\\/mpcid.gov.gn\\\/wp-content\\\/uploads\\\/2026\\\/01\\\/5-6.jpg\",\"articleSection\":[\"Actualit\u00e9s\"],\"inLanguage\":\"fr-FR\"},{\"@type\":\"WebPage\",\"@id\":\"https:\\\/\\\/mpcid.gov.gn\\\/index.php\\\/cooperation-guinee-etats-unis-le-ministre-ismael-nabe-recoit-m-nick-checker-du-departement-detat-americain\\\/\",\"url\":\"https:\\\/\\\/mpcid.gov.gn\\\/index.php\\\/cooperation-guinee-etats-unis-le-ministre-ismael-nabe-recoit-m-nick-checker-du-departement-detat-americain\\\/\",\"name\":\"Coop\u00e9ration Guin\u00e9e\u2013\u00c9tats-Unis : le Ministre Isma\u00ebl NABE re\u00e7oit M. Nick CHECKER du D\u00e9partement d\u2019\u00c9tat am\u00e9ricain - MPCI\",\"isPartOf\":{\"@id\":\"https:\\\/\\\/mpcid.gov.gn\\\/#website\"},\"primaryImageOfPage\":{\"@id\":\"https:\\\/\\\/mpcid.gov.gn\\\/index.php\\\/cooperation-guinee-etats-unis-le-ministre-ismael-nabe-recoit-m-nick-checker-du-departement-detat-americain\\\/#primaryimage\"},\"image\":{\"@id\":\"https:\\\/\\\/mpcid.gov.gn\\\/index.php\\\/cooperation-guinee-etats-unis-le-ministre-ismael-nabe-recoit-m-nick-checker-du-departement-detat-americain\\\/#primaryimage\"},\"thumbnailUrl\":\"https:\\\/\\\/mpcid.gov.gn\\\/wp-content\\\/uploads\\\/2026\\\/01\\\/5-6.jpg\",\"datePublished\":\"2026-01-18T20:09:05+00:00\",\"breadcrumb\":{\"@id\":\"https:\\\/\\\/mpcid.gov.gn\\\/index.php\\\/cooperation-guinee-etats-unis-le-ministre-ismael-nabe-recoit-m-nick-checker-du-departement-detat-americain\\\/#breadcrumb\"},\"inLanguage\":\"fr-FR\",\"potentialAction\":[{\"@type\":\"ReadAction\",\"target\":[\"https:\\\/\\\/mpcid.gov.gn\\\/index.php\\\/cooperation-guinee-etats-unis-le-ministre-ismael-nabe-recoit-m-nick-checker-du-departement-detat-americain\\\/\"]}]},{\"@type\":\"ImageObject\",\"inLanguage\":\"fr-FR\",\"@id\":\"https:\\\/\\\/mpcid.gov.gn\\\/index.php\\\/cooperation-guinee-etats-unis-le-ministre-ismael-nabe-recoit-m-nick-checker-du-departement-detat-americain\\\/#primaryimage\",\"url\":\"https:\\\/\\\/mpcid.gov.gn\\\/wp-content\\\/uploads\\\/2026\\\/01\\\/5-6.jpg\",\"contentUrl\":\"https:\\\/\\\/mpcid.gov.gn\\\/wp-content\\\/uploads\\\/2026\\\/01\\\/5-6.jpg\",\"width\":1080,\"height\":762},{\"@type\":\"BreadcrumbList\",\"@id\":\"https:\\\/\\\/mpcid.gov.gn\\\/index.php\\\/cooperation-guinee-etats-unis-le-ministre-ismael-nabe-recoit-m-nick-checker-du-departement-detat-americain\\\/#breadcrumb\",\"itemListElement\":[{\"@type\":\"ListItem\",\"position\":1,\"name\":\"Accueil\",\"item\":\"https:\\\/\\\/mpcid.gov.gn\\\/\"},{\"@type\":\"ListItem\",\"position\":2,\"name\":\"Coop\u00e9ration Guin\u00e9e\u2013\u00c9tats-Unis : le Ministre Isma\u00ebl NABE re\u00e7oit M. Nick CHECKER du D\u00e9partement d\u2019\u00c9tat am\u00e9ricain\"}]},{\"@type\":\"WebSite\",\"@id\":\"https:\\\/\\\/mpcid.gov.gn\\\/#website\",\"url\":\"https:\\\/\\\/mpcid.gov.gn\\\/\",\"name\":\"https:\\\/\\\/mpcid.gov.gn\\\/\",\"description\":\"Minist\u00e8re du Plan et de la Coop\u00e9ration Internationale\",\"publisher\":{\"@id\":\"https:\\\/\\\/mpcid.gov.gn\\\/#organization\"},\"potentialAction\":[{\"@type\":\"SearchAction\",\"target\":{\"@type\":\"EntryPoint\",\"urlTemplate\":\"https:\\\/\\\/mpcid.gov.gn\\\/?s={search_term_string}\"},\"query-input\":{\"@type\":\"PropertyValueSpecification\",\"valueRequired\":true,\"valueName\":\"search_term_string\"}}],\"inLanguage\":\"fr-FR\"},{\"@type\":\"Organization\",\"@id\":\"https:\\\/\\\/mpcid.gov.gn\\\/#organization\",\"name\":\"Minist\u00e8re du Plan et de la Coop\u00e9ration Internationale - MPCI\",\"url\":\"https:\\\/\\\/mpcid.gov.gn\\\/\",\"logo\":{\"@type\":\"ImageObject\",\"inLanguage\":\"fr-FR\",\"@id\":\"https:\\\/\\\/mpcid.gov.gn\\\/#\\\/schema\\\/logo\\\/image\\\/\",\"url\":\"https:\\\/\\\/mpcid.gov.gn\\\/wp-content\\\/uploads\\\/2023\\\/10\\\/Ministere-du-Plan-et-de-la-Cooperation-Internationale-MPCI.jpg\",\"contentUrl\":\"https:\\\/\\\/mpcid.gov.gn\\\/wp-content\\\/uploads\\\/2023\\\/10\\\/Ministere-du-Plan-et-de-la-Cooperation-Internationale-MPCI.jpg\",\"width\":462,\"height\":462,\"caption\":\"Minist\u00e8re du Plan et de la Coop\u00e9ration Internationale - MPCI\"},\"image\":{\"@id\":\"https:\\\/\\\/mpcid.gov.gn\\\/#\\\/schema\\\/logo\\\/image\\\/\"},\"sameAs\":[\"https:\\\/\\\/www.facebook.com\\\/MPCIGN\",\"https:\\\/\\\/x.com\\\/MpciGov\"]},{\"@type\":\"Person\",\"@id\":\"https:\\\/\\\/mpcid.gov.gn\\\/#\\\/schema\\\/person\\\/070aeea8fafd7a7e5a037505652abbee\",\"name\":\"Service Communication\",\"sameAs\":[\"http:\\\/\\\/Service-com\"],\"url\":\"https:\\\/\\\/mpcid.gov.gn\\\/index.php\\\/author\\\/service-com\\\/\"}]}<\/script>\n<!-- \/ Yoast SEO plugin. -->","yoast_head_json":{"title":"Coop\u00e9ration Guin\u00e9e\u2013\u00c9tats-Unis : le Ministre Isma\u00ebl NABE re\u00e7oit M. Nick CHECKER du D\u00e9partement d\u2019\u00c9tat am\u00e9ricain - MPCI","robots":{"index":"index","follow":"follow","max-snippet":"max-snippet:-1","max-image-preview":"max-image-preview:large","max-video-preview":"max-video-preview:-1"},"canonical":"https:\/\/mpcid.gov.gn\/index.php\/cooperation-guinee-etats-unis-le-ministre-ismael-nabe-recoit-m-nick-checker-du-departement-detat-americain\/","og_locale":"fr_FR","og_type":"article","og_title":"Coop\u00e9ration Guin\u00e9e\u2013\u00c9tats-Unis : le Ministre Isma\u00ebl NABE re\u00e7oit M. Nick CHECKER du D\u00e9partement d\u2019\u00c9tat am\u00e9ricain - MPCI","og_description":"Conakry, le 18 janvier 2026 \u2013 Le Ministre du Plan et de la Coop\u00e9ration internationale, M. Isma\u00ebl Nab\u00e9, a re\u00e7u en audience ce dimanche M. Nick Cheecker, Haut fonctionnaire am\u00e9ricain et Chef du Bureau des affaires africaines au D\u00e9partement d\u2019\u00c9tat des \u00c9tats-Unis, Repr\u00e9sentant l\u2019administration Trump \u00e0 l\u2019investiture du Pr\u00e9sident Mamadi Doumbouya. Cette rencontre de haut &hellip; Continue reading \"Coop\u00e9ration Guin\u00e9e\u2013\u00c9tats-Unis : le Ministre Isma\u00ebl NABE re\u00e7oit M. Nick CHECKER du D\u00e9partement d\u2019\u00c9tat am\u00e9ricain\"","og_url":"https:\/\/mpcid.gov.gn\/index.php\/cooperation-guinee-etats-unis-le-ministre-ismael-nabe-recoit-m-nick-checker-du-departement-detat-americain\/","og_site_name":"MPCI","article_publisher":"https:\/\/www.facebook.com\/MPCIGN","article_published_time":"2026-01-18T20:09:05+00:00","og_image":[{"width":1080,"height":762,"url":"https:\/\/mpci.gov.gn\/wp-content\/uploads\/2026\/01\/5-6.jpg","type":"image\/jpeg"}],"author":"Service Communication","twitter_card":"summary_large_image","twitter_creator":"@MpciGov","twitter_site":"@MpciGov","twitter_misc":{"\u00c9crit par":"Service Communication","Dur\u00e9e de lecture estim\u00e9e":"8 minutes"},"schema":{"@context":"https:\/\/schema.org","@graph":[{"@type":"Article","@id":"https:\/\/mpcid.gov.gn\/index.php\/cooperation-guinee-etats-unis-le-ministre-ismael-nabe-recoit-m-nick-checker-du-departement-detat-americain\/#article","isPartOf":{"@id":"https:\/\/mpcid.gov.gn\/index.php\/cooperation-guinee-etats-unis-le-ministre-ismael-nabe-recoit-m-nick-checker-du-departement-detat-americain\/"},"author":{"name":"Service Communication","@id":"https:\/\/mpcid.gov.gn\/#\/schema\/person\/070aeea8fafd7a7e5a037505652abbee"},"headline":"Coop\u00e9ration Guin\u00e9e\u2013\u00c9tats-Unis : le Ministre Isma\u00ebl NABE re\u00e7oit M. Nick CHECKER du D\u00e9partement d\u2019\u00c9tat am\u00e9ricain","datePublished":"2026-01-18T20:09:05+00:00","mainEntityOfPage":{"@id":"https:\/\/mpcid.gov.gn\/index.php\/cooperation-guinee-etats-unis-le-ministre-ismael-nabe-recoit-m-nick-checker-du-departement-detat-americain\/"},"wordCount":816,"publisher":{"@id":"https:\/\/mpcid.gov.gn\/#organization"},"image":{"@id":"https:\/\/mpcid.gov.gn\/index.php\/cooperation-guinee-etats-unis-le-ministre-ismael-nabe-recoit-m-nick-checker-du-departement-detat-americain\/#primaryimage"},"thumbnailUrl":"https:\/\/mpcid.gov.gn\/wp-content\/uploads\/2026\/01\/5-6.jpg","articleSection":["Actualit\u00e9s"],"inLanguage":"fr-FR"},{"@type":"WebPage","@id":"https:\/\/mpcid.gov.gn\/index.php\/cooperation-guinee-etats-unis-le-ministre-ismael-nabe-recoit-m-nick-checker-du-departement-detat-americain\/","url":"https:\/\/mpcid.gov.gn\/index.php\/cooperation-guinee-etats-unis-le-ministre-ismael-nabe-recoit-m-nick-checker-du-departement-detat-americain\/","name":"Coop\u00e9ration Guin\u00e9e\u2013\u00c9tats-Unis : le Ministre Isma\u00ebl NABE re\u00e7oit M. Nick CHECKER du D\u00e9partement d\u2019\u00c9tat am\u00e9ricain - MPCI","isPartOf":{"@id":"https:\/\/mpcid.gov.gn\/#website"},"primaryImageOfPage":{"@id":"https:\/\/mpcid.gov.gn\/index.php\/cooperation-guinee-etats-unis-le-ministre-ismael-nabe-recoit-m-nick-checker-du-departement-detat-americain\/#primaryimage"},"image":{"@id":"https:\/\/mpcid.gov.gn\/index.php\/cooperation-guinee-etats-unis-le-ministre-ismael-nabe-recoit-m-nick-checker-du-departement-detat-americain\/#primaryimage"},"thumbnailUrl":"https:\/\/mpcid.gov.gn\/wp-content\/uploads\/2026\/01\/5-6.jpg","datePublished":"2026-01-18T20:09:05+00:00","breadcrumb":{"@id":"https:\/\/mpcid.gov.gn\/index.php\/cooperation-guinee-etats-unis-le-ministre-ismael-nabe-recoit-m-nick-checker-du-departement-detat-americain\/#breadcrumb"},"inLanguage":"fr-FR","potentialAction":[{"@type":"ReadAction","target":["https:\/\/mpcid.gov.gn\/index.php\/cooperation-guinee-etats-unis-le-ministre-ismael-nabe-recoit-m-nick-checker-du-departement-detat-americain\/"]}]},{"@type":"ImageObject","inLanguage":"fr-FR","@id":"https:\/\/mpcid.gov.gn\/index.php\/cooperation-guinee-etats-unis-le-ministre-ismael-nabe-recoit-m-nick-checker-du-departement-detat-americain\/#primaryimage","url":"https:\/\/mpcid.gov.gn\/wp-content\/uploads\/2026\/01\/5-6.jpg","contentUrl":"https:\/\/mpcid.gov.gn\/wp-content\/uploads\/2026\/01\/5-6.jpg","width":1080,"height":762},{"@type":"BreadcrumbList","@id":"https:\/\/mpcid.gov.gn\/index.php\/cooperation-guinee-etats-unis-le-ministre-ismael-nabe-recoit-m-nick-checker-du-departement-detat-americain\/#breadcrumb","itemListElement":[{"@type":"ListItem","position":1,"name":"Accueil","item":"https:\/\/mpcid.gov.gn\/"},{"@type":"ListItem","position":2,"name":"Coop\u00e9ration Guin\u00e9e\u2013\u00c9tats-Unis : le Ministre Isma\u00ebl NABE re\u00e7oit M. Nick CHECKER du D\u00e9partement d\u2019\u00c9tat am\u00e9ricain"}]},{"@type":"WebSite","@id":"https:\/\/mpcid.gov.gn\/#website","url":"https:\/\/mpcid.gov.gn\/","name":"https:\/\/mpcid.gov.gn\/","description":"Minist\u00e8re du Plan et de la Coop\u00e9ration Internationale","publisher":{"@id":"https:\/\/mpcid.gov.gn\/#organization"},"potentialAction":[{"@type":"SearchAction","target":{"@type":"EntryPoint","urlTemplate":"https:\/\/mpcid.gov.gn\/?s={search_term_string}"},"query-input":{"@type":"PropertyValueSpecification","valueRequired":true,"valueName":"search_term_string"}}],"inLanguage":"fr-FR"},{"@type":"Organization","@id":"https:\/\/mpcid.gov.gn\/#organization","name":"Minist\u00e8re du Plan et de la Coop\u00e9ration Internationale - MPCI","url":"https:\/\/mpcid.gov.gn\/","logo":{"@type":"ImageObject","inLanguage":"fr-FR","@id":"https:\/\/mpcid.gov.gn\/#\/schema\/logo\/image\/","url":"https:\/\/mpcid.gov.gn\/wp-content\/uploads\/2023\/10\/Ministere-du-Plan-et-de-la-Cooperation-Internationale-MPCI.jpg","contentUrl":"https:\/\/mpcid.gov.gn\/wp-content\/uploads\/2023\/10\/Ministere-du-Plan-et-de-la-Cooperation-Internationale-MPCI.jpg","width":462,"height":462,"caption":"Minist\u00e8re du Plan et de la Coop\u00e9ration Internationale - MPCI"},"image":{"@id":"https:\/\/mpcid.gov.gn\/#\/schema\/logo\/image\/"},"sameAs":["https:\/\/www.facebook.com\/MPCIGN","https:\/\/x.com\/MpciGov"]},{"@type":"Person","@id":"https:\/\/mpcid.gov.gn\/#\/schema\/person\/070aeea8fafd7a7e5a037505652abbee","name":"Service Communication","sameAs":["http:\/\/Service-com"],"url":"https:\/\/mpcid.gov.gn\/index.php\/author\/service-com\/"}]}},"_links":{"self":[{"href":"https:\/\/mpcid.gov.gn\/index.php\/wp-json\/wp\/v2\/posts\/18582","targetHints":{"allow":["GET"]}}],"collection":[{"href":"https:\/\/mpcid.gov.gn\/index.php\/wp-json\/wp\/v2\/posts"}],"about":[{"href":"https:\/\/mpcid.gov.gn\/index.php\/wp-json\/wp\/v2\/types\/post"}],"author":[{"embeddable":true,"href":"https:\/\/mpcid.gov.gn\/index.php\/wp-json\/wp\/v2\/users\/20"}],"replies":[{"embeddable":true,"href":"https:\/\/mpcid.gov.gn\/index.php\/wp-json\/wp\/v2\/comments?post=18582"}],"version-history":[{"count":0,"href":"https:\/\/mpcid.gov.gn\/index.php\/wp-json\/wp\/v2\/posts\/18582\/revisions"}],"wp:featuredmedia":[{"embeddable":true,"href":"https:\/\/mpcid.gov.gn\/index.php\/wp-json\/wp\/v2\/media\/18583"}],"wp:attachment":[{"href":"https:\/\/mpcid.gov.gn\/index.php\/wp-json\/wp\/v2\/media?parent=18582"}],"wp:term":[{"taxonomy":"category","embeddable":true,"href":"https:\/\/mpcid.gov.gn\/index.php\/wp-json\/wp\/v2\/categories?post=18582"},{"taxonomy":"post_tag","embeddable":true,"href":"https:\/\/mpcid.gov.gn\/index.php\/wp-json\/wp\/v2\/tags?post=18582"}],"curies":[{"name":"wp","href":"https:\/\/api.w.org\/{rel}","templated":true}]}}