{"id":18492,"date":"2026-01-09T21:15:03","date_gmt":"2026-01-09T21:15:03","guid":{"rendered":"https:\/\/mpci.gov.gn\/?p=18492"},"modified":"2026-01-09T21:15:03","modified_gmt":"2026-01-09T21:15:03","slug":"hommage-national-a-nfaly-sangare-le-ministre-ismael-nabe-celebre-la-memoire-dun-batisseur-de-letat","status":"publish","type":"post","link":"https:\/\/mpcid.gov.gn\/index.php\/hommage-national-a-nfaly-sangare-le-ministre-ismael-nabe-celebre-la-memoire-dun-batisseur-de-letat\/","title":{"rendered":"Hommage national \u00e0 N\u2019Faly Sangar\u00e9 : le Ministre Isma\u00ebl NABE c\u00e9l\u00e8bre la m\u00e9moire d\u2019un \u00ab b\u00e2tisseur de l\u2019\u00c9tat \u00bb"},"content":{"rendered":"<p>Conakry, le 9 janvier 2026 \u2013 C&rsquo;est dans une atmosph\u00e8re de profond recueillement que la Guin\u00e9e a dit adieu, ce vendredi, \u00e0 une personnalit\u00e9 embl\u00e9matique de son administration. N\u2019Faly Sangar\u00e9 nous a quitt\u00e9s \u00e0 92 ans, laissant derri\u00e8re lui l&rsquo;image ind\u00e9l\u00e9bile d&rsquo;une existence enti\u00e8rement consacr\u00e9e \u00e0 la R\u00e9publique et au bien commun.<\/p>\n<p><img fetchpriority=\"high\" decoding=\"async\" class=\"alignnone size-medium wp-image-18497\" src=\"https:\/\/mpcid.gov.gn\/wp-content\/uploads\/2026\/01\/4-3-500x306.jpg\" alt=\"\" width=\"500\" height=\"306\" srcset=\"https:\/\/mpcid.gov.gn\/wp-content\/uploads\/2026\/01\/4-3-500x306.jpg 500w, https:\/\/mpcid.gov.gn\/wp-content\/uploads\/2026\/01\/4-3-1024x627.jpg 1024w, https:\/\/mpcid.gov.gn\/wp-content\/uploads\/2026\/01\/4-3-768x470.jpg 768w, https:\/\/mpcid.gov.gn\/wp-content\/uploads\/2026\/01\/4-3.jpg 1080w\" sizes=\"(max-width: 500px) 85vw, 500px\" \/> <img decoding=\"async\" class=\"alignnone size-medium wp-image-18496\" src=\"https:\/\/mpcid.gov.gn\/wp-content\/uploads\/2026\/01\/3-3-500x333.jpg\" alt=\"\" width=\"500\" height=\"333\" srcset=\"https:\/\/mpcid.gov.gn\/wp-content\/uploads\/2026\/01\/3-3-500x333.jpg 500w, https:\/\/mpcid.gov.gn\/wp-content\/uploads\/2026\/01\/3-3-1024x683.jpg 1024w, https:\/\/mpcid.gov.gn\/wp-content\/uploads\/2026\/01\/3-3-768x512.jpg 768w, https:\/\/mpcid.gov.gn\/wp-content\/uploads\/2026\/01\/3-3.jpg 1080w\" sizes=\"(max-width: 500px) 85vw, 500px\" \/> <img decoding=\"async\" class=\"alignnone size-medium wp-image-18498\" src=\"https:\/\/mpcid.gov.gn\/wp-content\/uploads\/2026\/01\/5-3-500x333.jpg\" alt=\"\" width=\"500\" height=\"333\" srcset=\"https:\/\/mpcid.gov.gn\/wp-content\/uploads\/2026\/01\/5-3-500x333.jpg 500w, https:\/\/mpcid.gov.gn\/wp-content\/uploads\/2026\/01\/5-3-1024x683.jpg 1024w, https:\/\/mpcid.gov.gn\/wp-content\/uploads\/2026\/01\/5-3-768x512.jpg 768w, https:\/\/mpcid.gov.gn\/wp-content\/uploads\/2026\/01\/5-3.jpg 1080w\" sizes=\"(max-width: 500px) 85vw, 500px\" \/> <img loading=\"lazy\" decoding=\"async\" class=\"alignnone size-medium wp-image-18505\" src=\"https:\/\/mpcid.gov.gn\/wp-content\/uploads\/2026\/01\/12-2-500x333.jpg\" alt=\"\" width=\"500\" height=\"333\" srcset=\"https:\/\/mpcid.gov.gn\/wp-content\/uploads\/2026\/01\/12-2-500x333.jpg 500w, https:\/\/mpcid.gov.gn\/wp-content\/uploads\/2026\/01\/12-2-1024x683.jpg 1024w, https:\/\/mpcid.gov.gn\/wp-content\/uploads\/2026\/01\/12-2-768x512.jpg 768w, https:\/\/mpcid.gov.gn\/wp-content\/uploads\/2026\/01\/12-2.jpg 1080w\" sizes=\"(max-width: 500px) 85vw, 500px\" \/> <img loading=\"lazy\" decoding=\"async\" class=\"alignnone size-medium wp-image-18506\" src=\"https:\/\/mpcid.gov.gn\/wp-content\/uploads\/2026\/01\/13-2-500x333.jpg\" alt=\"\" width=\"500\" height=\"333\" srcset=\"https:\/\/mpcid.gov.gn\/wp-content\/uploads\/2026\/01\/13-2-500x333.jpg 500w, https:\/\/mpcid.gov.gn\/wp-content\/uploads\/2026\/01\/13-2-1024x683.jpg 1024w, https:\/\/mpcid.gov.gn\/wp-content\/uploads\/2026\/01\/13-2-768x512.jpg 768w, https:\/\/mpcid.gov.gn\/wp-content\/uploads\/2026\/01\/13-2.jpg 1080w\" sizes=\"(max-width: 500px) 85vw, 500px\" \/> <img loading=\"lazy\" decoding=\"async\" class=\"alignnone size-medium wp-image-18512\" src=\"https:\/\/mpcid.gov.gn\/wp-content\/uploads\/2026\/01\/20-500x333.jpg\" alt=\"\" width=\"500\" height=\"333\" srcset=\"https:\/\/mpcid.gov.gn\/wp-content\/uploads\/2026\/01\/20-500x333.jpg 500w, https:\/\/mpcid.gov.gn\/wp-content\/uploads\/2026\/01\/20-1024x683.jpg 1024w, https:\/\/mpcid.gov.gn\/wp-content\/uploads\/2026\/01\/20-768x512.jpg 768w, https:\/\/mpcid.gov.gn\/wp-content\/uploads\/2026\/01\/20.jpg 1080w\" sizes=\"(max-width: 500px) 85vw, 500px\" \/> <img loading=\"lazy\" decoding=\"async\" class=\"alignnone size-medium wp-image-18510\" src=\"https:\/\/mpcid.gov.gn\/wp-content\/uploads\/2026\/01\/17-2-500x378.jpg\" alt=\"\" width=\"500\" height=\"378\" srcset=\"https:\/\/mpcid.gov.gn\/wp-content\/uploads\/2026\/01\/17-2-500x378.jpg 500w, https:\/\/mpcid.gov.gn\/wp-content\/uploads\/2026\/01\/17-2-1024x774.jpg 1024w, https:\/\/mpcid.gov.gn\/wp-content\/uploads\/2026\/01\/17-2-768x580.jpg 768w, https:\/\/mpcid.gov.gn\/wp-content\/uploads\/2026\/01\/17-2.jpg 1080w\" sizes=\"(max-width: 500px) 85vw, 500px\" \/> <img loading=\"lazy\" decoding=\"async\" class=\"alignnone size-medium wp-image-18509\" src=\"https:\/\/mpcid.gov.gn\/wp-content\/uploads\/2026\/01\/16-2-500x333.jpg\" alt=\"\" width=\"500\" height=\"333\" srcset=\"https:\/\/mpcid.gov.gn\/wp-content\/uploads\/2026\/01\/16-2-500x333.jpg 500w, https:\/\/mpcid.gov.gn\/wp-content\/uploads\/2026\/01\/16-2-1024x683.jpg 1024w, https:\/\/mpcid.gov.gn\/wp-content\/uploads\/2026\/01\/16-2-768x512.jpg 768w, https:\/\/mpcid.gov.gn\/wp-content\/uploads\/2026\/01\/16-2.jpg 1080w\" sizes=\"(max-width: 500px) 85vw, 500px\" \/> <img loading=\"lazy\" decoding=\"async\" class=\"alignnone size-medium wp-image-18508\" src=\"https:\/\/mpcid.gov.gn\/wp-content\/uploads\/2026\/01\/15-2-500x333.jpg\" alt=\"\" width=\"500\" height=\"333\" srcset=\"https:\/\/mpcid.gov.gn\/wp-content\/uploads\/2026\/01\/15-2-500x333.jpg 500w, https:\/\/mpcid.gov.gn\/wp-content\/uploads\/2026\/01\/15-2-1024x683.jpg 1024w, https:\/\/mpcid.gov.gn\/wp-content\/uploads\/2026\/01\/15-2-768x512.jpg 768w, https:\/\/mpcid.gov.gn\/wp-content\/uploads\/2026\/01\/15-2.jpg 1080w\" sizes=\"(max-width: 500px) 85vw, 500px\" \/> <img loading=\"lazy\" decoding=\"async\" class=\"alignnone size-medium wp-image-18507\" src=\"https:\/\/mpcid.gov.gn\/wp-content\/uploads\/2026\/01\/14-2-500x362.jpg\" alt=\"\" width=\"500\" height=\"362\" srcset=\"https:\/\/mpcid.gov.gn\/wp-content\/uploads\/2026\/01\/14-2-500x362.jpg 500w, https:\/\/mpcid.gov.gn\/wp-content\/uploads\/2026\/01\/14-2-1024x741.jpg 1024w, https:\/\/mpcid.gov.gn\/wp-content\/uploads\/2026\/01\/14-2-768x555.jpg 768w, https:\/\/mpcid.gov.gn\/wp-content\/uploads\/2026\/01\/14-2.jpg 1080w\" sizes=\"(max-width: 500px) 85vw, 500px\" \/><\/p>\n<p>Lors de la lev\u00e9e de son corps \u00e0 la morgue de l\u2019h\u00f4pital national Donka, l&rsquo;\u00e9motion \u00e9tait \u00e0 son comble. On pouvait lire la peine sur tous les visages : ceux de sa famille, de ses proches, mais aussi d&rsquo;une assembl\u00e9e de dignitaires venus lui rendre un dernier hommage.<\/p>\n<p>Plusieurs personnalit\u00e9s ont tenu \u00e0 s&rsquo;exprimer, parmi lesquelles le Ministre du Plan et de la Coop\u00e9ration internationale, Isma\u00ebl NABE, le Gouverneur de la Banque centrale, Dr Karamo KABA, l\u2019Administrateur g\u00e9n\u00e9ral d&rsquo;Afriland First Bank, M. Fondjo (fils adoptif du regrett\u00e9), M. Sory Sangar\u00e9, porte-parole des enfants, et M. Moussa Diakit\u00e9, qui a exprim\u00e9 la gratitude de la famille.<\/p>\n<p><img loading=\"lazy\" decoding=\"async\" class=\"alignnone size-medium wp-image-18501\" src=\"https:\/\/mpcid.gov.gn\/wp-content\/uploads\/2026\/01\/8-3-500x278.jpg\" alt=\"\" width=\"500\" height=\"278\" srcset=\"https:\/\/mpcid.gov.gn\/wp-content\/uploads\/2026\/01\/8-3-500x278.jpg 500w, https:\/\/mpcid.gov.gn\/wp-content\/uploads\/2026\/01\/8-3-1024x570.jpg 1024w, https:\/\/mpcid.gov.gn\/wp-content\/uploads\/2026\/01\/8-3-768x427.jpg 768w, https:\/\/mpcid.gov.gn\/wp-content\/uploads\/2026\/01\/8-3.jpg 1080w\" sizes=\"(max-width: 500px) 85vw, 500px\" \/> <img loading=\"lazy\" decoding=\"async\" class=\"alignnone size-medium wp-image-18499\" src=\"https:\/\/mpcid.gov.gn\/wp-content\/uploads\/2026\/01\/6-3-500x333.jpg\" alt=\"\" width=\"500\" height=\"333\" srcset=\"https:\/\/mpcid.gov.gn\/wp-content\/uploads\/2026\/01\/6-3-500x333.jpg 500w, https:\/\/mpcid.gov.gn\/wp-content\/uploads\/2026\/01\/6-3-1024x683.jpg 1024w, https:\/\/mpcid.gov.gn\/wp-content\/uploads\/2026\/01\/6-3-768x512.jpg 768w, https:\/\/mpcid.gov.gn\/wp-content\/uploads\/2026\/01\/6-3.jpg 1080w\" sizes=\"(max-width: 500px) 85vw, 500px\" \/> <img loading=\"lazy\" decoding=\"async\" class=\"alignnone size-medium wp-image-18500\" src=\"https:\/\/mpcid.gov.gn\/wp-content\/uploads\/2026\/01\/7-3-500x325.jpg\" alt=\"\" width=\"500\" height=\"325\" srcset=\"https:\/\/mpcid.gov.gn\/wp-content\/uploads\/2026\/01\/7-3-500x325.jpg 500w, https:\/\/mpcid.gov.gn\/wp-content\/uploads\/2026\/01\/7-3-1024x666.jpg 1024w, https:\/\/mpcid.gov.gn\/wp-content\/uploads\/2026\/01\/7-3-768x499.jpg 768w, https:\/\/mpcid.gov.gn\/wp-content\/uploads\/2026\/01\/7-3.jpg 1080w\" sizes=\"(max-width: 500px) 85vw, 500px\" \/> <img loading=\"lazy\" decoding=\"async\" class=\"alignnone size-medium wp-image-18502\" src=\"https:\/\/mpcid.gov.gn\/wp-content\/uploads\/2026\/01\/9-3-500x307.jpg\" alt=\"\" width=\"500\" height=\"307\" srcset=\"https:\/\/mpcid.gov.gn\/wp-content\/uploads\/2026\/01\/9-3-500x307.jpg 500w, https:\/\/mpcid.gov.gn\/wp-content\/uploads\/2026\/01\/9-3-1024x630.jpg 1024w, https:\/\/mpcid.gov.gn\/wp-content\/uploads\/2026\/01\/9-3-768x472.jpg 768w, https:\/\/mpcid.gov.gn\/wp-content\/uploads\/2026\/01\/9-3.jpg 1080w\" sizes=\"(max-width: 500px) 85vw, 500px\" \/> <img loading=\"lazy\" decoding=\"async\" class=\"alignnone size-medium wp-image-18503\" src=\"https:\/\/mpcid.gov.gn\/wp-content\/uploads\/2026\/01\/10-3-500x283.jpg\" alt=\"\" width=\"500\" height=\"283\" srcset=\"https:\/\/mpcid.gov.gn\/wp-content\/uploads\/2026\/01\/10-3-500x283.jpg 500w, https:\/\/mpcid.gov.gn\/wp-content\/uploads\/2026\/01\/10-3-1024x580.jpg 1024w, https:\/\/mpcid.gov.gn\/wp-content\/uploads\/2026\/01\/10-3-768x435.jpg 768w, https:\/\/mpcid.gov.gn\/wp-content\/uploads\/2026\/01\/10-3.jpg 1080w\" sizes=\"(max-width: 500px) 85vw, 500px\" \/><\/p>\n<p><strong>L&rsquo;incarnation de la rigueur et de l&rsquo;excellence<\/strong><\/p>\n<p>Dans son oraison fun\u00e8bre, empreinte de reconnaissance et d&rsquo;un devoir de m\u00e9moire, le Ministre du Plan et de la Coop\u00e9ration Internationale, Isma\u00ebl NABE, a bross\u00e9 le portrait d&rsquo;un homme d&rsquo;\u00c9tat au parcours exceptionnel. Son \u0153uvre, qui s&rsquo;\u00e9tend sur plus de six d\u00e9cennies, se m\u00eale intimement \u00e0 l&rsquo;histoire de la Guin\u00e9e ind\u00e9pendante.<\/p>\n<p><img loading=\"lazy\" decoding=\"async\" class=\"alignnone size-medium wp-image-18511\" src=\"https:\/\/mpcid.gov.gn\/wp-content\/uploads\/2026\/01\/19-500x316.jpg\" alt=\"\" width=\"500\" height=\"316\" srcset=\"https:\/\/mpcid.gov.gn\/wp-content\/uploads\/2026\/01\/19-500x316.jpg 500w, https:\/\/mpcid.gov.gn\/wp-content\/uploads\/2026\/01\/19-1024x647.jpg 1024w, https:\/\/mpcid.gov.gn\/wp-content\/uploads\/2026\/01\/19-768x485.jpg 768w, https:\/\/mpcid.gov.gn\/wp-content\/uploads\/2026\/01\/19.jpg 1080w\" sizes=\"(max-width: 500px) 85vw, 500px\" \/><\/p>\n<p>\u00ab Tonton N\u2019Faly \u00bb Sangar\u00e9 \u00e9tait de cette \u00e9lite pionni\u00e8re qui, au lendemain de l&rsquo;ind\u00e9pendance, a eu la lourde t\u00e2che de b\u00e2tir l&rsquo;architecture institutionnelle du pays, souvent dans des contextes difficiles. Son impressionnant parcours, rappel\u00e9 durant la c\u00e9r\u00e9monie, sonne comme une v\u00e9ritable \u00e9pop\u00e9e administrative : premier administrateur guin\u00e9en aupr\u00e8s du Fonds Mon\u00e9taire International (FMI), ancien Gouverneur de la Banque Centrale de la R\u00e9publique de Guin\u00e9e (BCRG) et premier Ambassadeur de la Guin\u00e9e en Belgique, autant de postes o\u00f9 il a \u0153uvr\u00e9 pour le rayonnement international, la stabilit\u00e9 mon\u00e9taire et la diplomatie guin\u00e9enne.<\/p>\n<p>Pour le Ministre Isma\u00ebl NABE, N&rsquo;Faly Sangar\u00e9 a toujours incarn\u00e9, dans chacune de ces fonctions, la \u00ab rigueur \u00bb et la \u00ab cr\u00e9dibilit\u00e9 \u00bb de l&rsquo;\u00c9tat guin\u00e9en sur la sc\u00e8ne internationale.<\/p>\n<p><strong>1977 : L&rsquo;acte de justice pour les anciens combattants<\/strong><\/p>\n<p>L&rsquo;un des moments marquants de sa carri\u00e8re, que le Ministre Isma\u00ebl NABE a tenu \u00e0 souligner avec insistance, fut son r\u00f4le crucial dans le r\u00e8glement du contentieux financier franco-guin\u00e9en, dont l&rsquo;accord fut sign\u00e9 \u00e0 Paris le 26 janvier 1977.<\/p>\n<p>Alors que la tension m\u00e9morielle \u00e9tait encore palpable, il a r\u00e9ussi \u00e0 obtenir le versement des pensions dues \u00e0 pr\u00e8s de 25 000 anciens combattants guin\u00e9ens de la Seconde Guerre mondiale. Plus qu&rsquo;un simple accord financier, ce pacte repr\u00e9sentait, selon les termes du Ministre, \u00ab la r\u00e9paration d&rsquo;une injustice longtemps subie \u00bb et un geste de \u00ab dignit\u00e9 \u00bb pour des milliers de familles.<\/p>\n<p><strong>\u00ab Tonton N\u2019Faly \u00bb : Un mentor pour la nouvelle g\u00e9n\u00e9ration<\/strong><\/p>\n<p>Au-del\u00e0 de l&rsquo;image de l&rsquo;\u00e9conomiste rigoureux, le Ministre Isma\u00ebl NABE a mis en lumi\u00e8re l&rsquo;homme de c\u0153ur, affectueusement surnomm\u00e9 \u00ab Tonton N\u2019Faly \u00bb par ses coll\u00e8gues et les jeunes g\u00e9n\u00e9rations qu&rsquo;il a encadr\u00e9es. M. NABE a d&rsquo;ailleurs \u00e9voqu\u00e9 la relation quasi filiale qu&rsquo;il entretenait avec le regrett\u00e9, soulignant les conseils empreints de sagesse qui constituent, selon lui, un \u00ab h\u00e9ritage moral pr\u00e9cieux \u00bb.<\/p>\n<p><strong>Un pont entre le pass\u00e9 et l&rsquo;avenir (Simandou 2040)<\/strong><\/p>\n<p>Le Ministre Isma\u00ebl NABE a soulign\u00e9 l&rsquo;importance de cet h\u00e9ritage pour les d\u00e9fis actuels. Alors que la Guin\u00e9e se lance dans le Programme Simandou 2040, les valeurs pr\u00f4n\u00e9es par N\u2019Faly Sangar\u00e9 \u2013 la discipline institutionnelle et la primaut\u00e9 de l\u2019int\u00e9r\u00eat national \u2013 sont consid\u00e9r\u00e9es comme le fondement essentiel pour mener \u00e0 bien cette nouvelle \u00e9tape de l&rsquo;histoire guin\u00e9enne. \u00ab Servir l\u2019\u00c9tat est un honneur, mais aussi une responsabilit\u00e9 qui transcende les g\u00e9n\u00e9rations \u00bb, a martel\u00e9 M. Isma\u00ebl NABE, exhortant la jeunesse administrative \u00e0 s&rsquo;inspirer de cette \u00ab fid\u00e9lit\u00e9 aux principes \u00bb.<\/p>\n<p>Ainsi se tourne une page importante de l&rsquo;histoire guin\u00e9enne. \u00c0 92 ans, N\u2019Faly Sangar\u00e9 s&rsquo;en est all\u00e9, laissant derri\u00e8re lui la m\u00e9moire d&rsquo;un \u00ab b\u00e2tisseur de l\u2019\u00c9tat \u00bb et d&rsquo;un \u00ab artisan discret de la souverainet\u00e9 \u00e9conomique \u00bb.<\/p>\n<p>La c\u00e9r\u00e9monie s&rsquo;est conclue dans un profond recueillement, la Nation rendant un ultime hommage \u00e0 celui qui aura, sa vie durant, incarn\u00e9 une vision exigeante du service public.<\/p>\n<p><img loading=\"lazy\" decoding=\"async\" class=\"alignnone size-medium wp-image-18495\" src=\"https:\/\/mpcid.gov.gn\/wp-content\/uploads\/2026\/01\/2-3-500x333.jpg\" alt=\"\" width=\"500\" height=\"333\" srcset=\"https:\/\/mpcid.gov.gn\/wp-content\/uploads\/2026\/01\/2-3-500x333.jpg 500w, https:\/\/mpcid.gov.gn\/wp-content\/uploads\/2026\/01\/2-3-1024x683.jpg 1024w, https:\/\/mpcid.gov.gn\/wp-content\/uploads\/2026\/01\/2-3-768x512.jpg 768w, https:\/\/mpcid.gov.gn\/wp-content\/uploads\/2026\/01\/2-3.jpg 1080w\" sizes=\"(max-width: 500px) 85vw, 500px\" \/> <img loading=\"lazy\" decoding=\"async\" class=\"alignnone size-medium wp-image-18494\" src=\"https:\/\/mpcid.gov.gn\/wp-content\/uploads\/2026\/01\/1-4-500x333.jpg\" alt=\"\" width=\"500\" height=\"333\" srcset=\"https:\/\/mpcid.gov.gn\/wp-content\/uploads\/2026\/01\/1-4-500x333.jpg 500w, https:\/\/mpcid.gov.gn\/wp-content\/uploads\/2026\/01\/1-4-1024x683.jpg 1024w, https:\/\/mpcid.gov.gn\/wp-content\/uploads\/2026\/01\/1-4-768x512.jpg 768w, https:\/\/mpcid.gov.gn\/wp-content\/uploads\/2026\/01\/1-4.jpg 1080w\" sizes=\"(max-width: 500px) 85vw, 500px\" \/><\/p>\n","protected":false},"excerpt":{"rendered":"<p>Conakry, le 9 janvier 2026 \u2013 C&rsquo;est dans une atmosph\u00e8re de profond recueillement que la Guin\u00e9e a dit adieu, ce vendredi, \u00e0 une personnalit\u00e9 embl\u00e9matique de son administration. N\u2019Faly Sangar\u00e9 nous a quitt\u00e9s \u00e0 92 ans, laissant derri\u00e8re lui l&rsquo;image ind\u00e9l\u00e9bile d&rsquo;une existence enti\u00e8rement consacr\u00e9e \u00e0 la R\u00e9publique et au bien commun. Lors de la &hellip; <a href=\"https:\/\/mpcid.gov.gn\/index.php\/hommage-national-a-nfaly-sangare-le-ministre-ismael-nabe-celebre-la-memoire-dun-batisseur-de-letat\/\" class=\"more-link\">Continue reading<span class=\"screen-reader-text\"> \u00ab\u00a0Hommage national \u00e0 N\u2019Faly Sangar\u00e9 : le Ministre Isma\u00ebl NABE c\u00e9l\u00e8bre la m\u00e9moire d\u2019un \u00ab b\u00e2tisseur de l\u2019\u00c9tat \u00bb\u00a0\u00bb<\/span><\/a><\/p>\n","protected":false},"author":20,"featured_media":18493,"comment_status":"closed","ping_status":"closed","sticky":false,"template":"","format":"standard","meta":{"footnotes":""},"categories":[63],"tags":[],"class_list":["post-18492","post","type-post","status-publish","format-standard","has-post-thumbnail","hentry","category-actualites"],"yoast_head":"<!-- This site is optimized with the Yoast SEO plugin v27.5 - https:\/\/yoast.com\/product\/yoast-seo-wordpress\/ -->\n<title>Hommage national \u00e0 N\u2019Faly Sangar\u00e9 : le Ministre Isma\u00ebl NABE c\u00e9l\u00e8bre la m\u00e9moire d\u2019un \u00ab b\u00e2tisseur de l\u2019\u00c9tat \u00bb - MPCI<\/title>\n<meta name=\"robots\" content=\"index, follow, max-snippet:-1, max-image-preview:large, max-video-preview:-1\" \/>\n<link rel=\"canonical\" href=\"https:\/\/mpcid.gov.gn\/index.php\/hommage-national-a-nfaly-sangare-le-ministre-ismael-nabe-celebre-la-memoire-dun-batisseur-de-letat\/\" \/>\n<meta property=\"og:locale\" content=\"fr_FR\" \/>\n<meta property=\"og:type\" content=\"article\" \/>\n<meta property=\"og:title\" content=\"Hommage national \u00e0 N\u2019Faly Sangar\u00e9 : le Ministre Isma\u00ebl NABE c\u00e9l\u00e8bre la m\u00e9moire d\u2019un \u00ab b\u00e2tisseur de l\u2019\u00c9tat \u00bb - MPCI\" \/>\n<meta property=\"og:description\" content=\"Conakry, le 9 janvier 2026 \u2013 C&rsquo;est dans une atmosph\u00e8re de profond recueillement que la Guin\u00e9e a dit adieu, ce vendredi, \u00e0 une personnalit\u00e9 embl\u00e9matique de son administration. N\u2019Faly Sangar\u00e9 nous a quitt\u00e9s \u00e0 92 ans, laissant derri\u00e8re lui l&rsquo;image ind\u00e9l\u00e9bile d&rsquo;une existence enti\u00e8rement consacr\u00e9e \u00e0 la R\u00e9publique et au bien commun. Lors de la &hellip; Continue reading &quot;Hommage national \u00e0 N\u2019Faly Sangar\u00e9 : le Ministre Isma\u00ebl NABE c\u00e9l\u00e8bre la m\u00e9moire d\u2019un \u00ab b\u00e2tisseur de l\u2019\u00c9tat \u00bb&quot;\" \/>\n<meta property=\"og:url\" content=\"https:\/\/mpcid.gov.gn\/index.php\/hommage-national-a-nfaly-sangare-le-ministre-ismael-nabe-celebre-la-memoire-dun-batisseur-de-letat\/\" \/>\n<meta property=\"og:site_name\" content=\"MPCI\" \/>\n<meta property=\"article:publisher\" content=\"https:\/\/www.facebook.com\/MPCIGN\" \/>\n<meta property=\"article:published_time\" content=\"2026-01-09T21:15:03+00:00\" \/>\n<meta property=\"og:image\" content=\"https:\/\/mpci.gov.gn\/wp-content\/uploads\/2026\/01\/18-1.jpg\" \/>\n\t<meta property=\"og:image:width\" content=\"1080\" \/>\n\t<meta property=\"og:image:height\" content=\"654\" \/>\n\t<meta property=\"og:image:type\" content=\"image\/jpeg\" \/>\n<meta name=\"author\" content=\"Service Communication\" \/>\n<meta name=\"twitter:card\" content=\"summary_large_image\" \/>\n<meta name=\"twitter:creator\" content=\"@MpciGov\" \/>\n<meta name=\"twitter:site\" content=\"@MpciGov\" \/>\n<meta name=\"twitter:label1\" content=\"\u00c9crit par\" \/>\n\t<meta name=\"twitter:data1\" content=\"Service Communication\" \/>\n\t<meta name=\"twitter:label2\" content=\"Dur\u00e9e de lecture estim\u00e9e\" \/>\n\t<meta name=\"twitter:data2\" content=\"8 minutes\" \/>\n<script type=\"application\/ld+json\" class=\"yoast-schema-graph\">{\"@context\":\"https:\\\/\\\/schema.org\",\"@graph\":[{\"@type\":\"Article\",\"@id\":\"https:\\\/\\\/mpcid.gov.gn\\\/index.php\\\/hommage-national-a-nfaly-sangare-le-ministre-ismael-nabe-celebre-la-memoire-dun-batisseur-de-letat\\\/#article\",\"isPartOf\":{\"@id\":\"https:\\\/\\\/mpcid.gov.gn\\\/index.php\\\/hommage-national-a-nfaly-sangare-le-ministre-ismael-nabe-celebre-la-memoire-dun-batisseur-de-letat\\\/\"},\"author\":{\"name\":\"Service Communication\",\"@id\":\"https:\\\/\\\/mpcid.gov.gn\\\/#\\\/schema\\\/person\\\/070aeea8fafd7a7e5a037505652abbee\"},\"headline\":\"Hommage national \u00e0 N\u2019Faly Sangar\u00e9 : le Ministre Isma\u00ebl NABE c\u00e9l\u00e8bre la m\u00e9moire d\u2019un \u00ab b\u00e2tisseur de l\u2019\u00c9tat \u00bb\",\"datePublished\":\"2026-01-09T21:15:03+00:00\",\"mainEntityOfPage\":{\"@id\":\"https:\\\/\\\/mpcid.gov.gn\\\/index.php\\\/hommage-national-a-nfaly-sangare-le-ministre-ismael-nabe-celebre-la-memoire-dun-batisseur-de-letat\\\/\"},\"wordCount\":794,\"publisher\":{\"@id\":\"https:\\\/\\\/mpcid.gov.gn\\\/#organization\"},\"image\":{\"@id\":\"https:\\\/\\\/mpcid.gov.gn\\\/index.php\\\/hommage-national-a-nfaly-sangare-le-ministre-ismael-nabe-celebre-la-memoire-dun-batisseur-de-letat\\\/#primaryimage\"},\"thumbnailUrl\":\"https:\\\/\\\/mpcid.gov.gn\\\/wp-content\\\/uploads\\\/2026\\\/01\\\/18-1.jpg\",\"articleSection\":[\"Actualit\u00e9s\"],\"inLanguage\":\"fr-FR\"},{\"@type\":\"WebPage\",\"@id\":\"https:\\\/\\\/mpcid.gov.gn\\\/index.php\\\/hommage-national-a-nfaly-sangare-le-ministre-ismael-nabe-celebre-la-memoire-dun-batisseur-de-letat\\\/\",\"url\":\"https:\\\/\\\/mpcid.gov.gn\\\/index.php\\\/hommage-national-a-nfaly-sangare-le-ministre-ismael-nabe-celebre-la-memoire-dun-batisseur-de-letat\\\/\",\"name\":\"Hommage national \u00e0 N\u2019Faly Sangar\u00e9 : le Ministre Isma\u00ebl NABE c\u00e9l\u00e8bre la m\u00e9moire d\u2019un \u00ab b\u00e2tisseur de l\u2019\u00c9tat \u00bb - MPCI\",\"isPartOf\":{\"@id\":\"https:\\\/\\\/mpcid.gov.gn\\\/#website\"},\"primaryImageOfPage\":{\"@id\":\"https:\\\/\\\/mpcid.gov.gn\\\/index.php\\\/hommage-national-a-nfaly-sangare-le-ministre-ismael-nabe-celebre-la-memoire-dun-batisseur-de-letat\\\/#primaryimage\"},\"image\":{\"@id\":\"https:\\\/\\\/mpcid.gov.gn\\\/index.php\\\/hommage-national-a-nfaly-sangare-le-ministre-ismael-nabe-celebre-la-memoire-dun-batisseur-de-letat\\\/#primaryimage\"},\"thumbnailUrl\":\"https:\\\/\\\/mpcid.gov.gn\\\/wp-content\\\/uploads\\\/2026\\\/01\\\/18-1.jpg\",\"datePublished\":\"2026-01-09T21:15:03+00:00\",\"breadcrumb\":{\"@id\":\"https:\\\/\\\/mpcid.gov.gn\\\/index.php\\\/hommage-national-a-nfaly-sangare-le-ministre-ismael-nabe-celebre-la-memoire-dun-batisseur-de-letat\\\/#breadcrumb\"},\"inLanguage\":\"fr-FR\",\"potentialAction\":[{\"@type\":\"ReadAction\",\"target\":[\"https:\\\/\\\/mpcid.gov.gn\\\/index.php\\\/hommage-national-a-nfaly-sangare-le-ministre-ismael-nabe-celebre-la-memoire-dun-batisseur-de-letat\\\/\"]}]},{\"@type\":\"ImageObject\",\"inLanguage\":\"fr-FR\",\"@id\":\"https:\\\/\\\/mpcid.gov.gn\\\/index.php\\\/hommage-national-a-nfaly-sangare-le-ministre-ismael-nabe-celebre-la-memoire-dun-batisseur-de-letat\\\/#primaryimage\",\"url\":\"https:\\\/\\\/mpcid.gov.gn\\\/wp-content\\\/uploads\\\/2026\\\/01\\\/18-1.jpg\",\"contentUrl\":\"https:\\\/\\\/mpcid.gov.gn\\\/wp-content\\\/uploads\\\/2026\\\/01\\\/18-1.jpg\",\"width\":1080,\"height\":654},{\"@type\":\"BreadcrumbList\",\"@id\":\"https:\\\/\\\/mpcid.gov.gn\\\/index.php\\\/hommage-national-a-nfaly-sangare-le-ministre-ismael-nabe-celebre-la-memoire-dun-batisseur-de-letat\\\/#breadcrumb\",\"itemListElement\":[{\"@type\":\"ListItem\",\"position\":1,\"name\":\"Accueil\",\"item\":\"https:\\\/\\\/mpcid.gov.gn\\\/\"},{\"@type\":\"ListItem\",\"position\":2,\"name\":\"Hommage national \u00e0 N\u2019Faly Sangar\u00e9 : le Ministre Isma\u00ebl NABE c\u00e9l\u00e8bre la m\u00e9moire d\u2019un \u00ab b\u00e2tisseur de l\u2019\u00c9tat \u00bb\"}]},{\"@type\":\"WebSite\",\"@id\":\"https:\\\/\\\/mpcid.gov.gn\\\/#website\",\"url\":\"https:\\\/\\\/mpcid.gov.gn\\\/\",\"name\":\"https:\\\/\\\/mpcid.gov.gn\\\/\",\"description\":\"Minist\u00e8re du Plan et de la Coop\u00e9ration Internationale\",\"publisher\":{\"@id\":\"https:\\\/\\\/mpcid.gov.gn\\\/#organization\"},\"potentialAction\":[{\"@type\":\"SearchAction\",\"target\":{\"@type\":\"EntryPoint\",\"urlTemplate\":\"https:\\\/\\\/mpcid.gov.gn\\\/?s={search_term_string}\"},\"query-input\":{\"@type\":\"PropertyValueSpecification\",\"valueRequired\":true,\"valueName\":\"search_term_string\"}}],\"inLanguage\":\"fr-FR\"},{\"@type\":\"Organization\",\"@id\":\"https:\\\/\\\/mpcid.gov.gn\\\/#organization\",\"name\":\"Minist\u00e8re du Plan et de la Coop\u00e9ration Internationale - MPCI\",\"url\":\"https:\\\/\\\/mpcid.gov.gn\\\/\",\"logo\":{\"@type\":\"ImageObject\",\"inLanguage\":\"fr-FR\",\"@id\":\"https:\\\/\\\/mpcid.gov.gn\\\/#\\\/schema\\\/logo\\\/image\\\/\",\"url\":\"https:\\\/\\\/mpcid.gov.gn\\\/wp-content\\\/uploads\\\/2023\\\/10\\\/Ministere-du-Plan-et-de-la-Cooperation-Internationale-MPCI.jpg\",\"contentUrl\":\"https:\\\/\\\/mpcid.gov.gn\\\/wp-content\\\/uploads\\\/2023\\\/10\\\/Ministere-du-Plan-et-de-la-Cooperation-Internationale-MPCI.jpg\",\"width\":462,\"height\":462,\"caption\":\"Minist\u00e8re du Plan et de la Coop\u00e9ration Internationale - MPCI\"},\"image\":{\"@id\":\"https:\\\/\\\/mpcid.gov.gn\\\/#\\\/schema\\\/logo\\\/image\\\/\"},\"sameAs\":[\"https:\\\/\\\/www.facebook.com\\\/MPCIGN\",\"https:\\\/\\\/x.com\\\/MpciGov\"]},{\"@type\":\"Person\",\"@id\":\"https:\\\/\\\/mpcid.gov.gn\\\/#\\\/schema\\\/person\\\/070aeea8fafd7a7e5a037505652abbee\",\"name\":\"Service Communication\",\"sameAs\":[\"http:\\\/\\\/Service-com\"],\"url\":\"https:\\\/\\\/mpcid.gov.gn\\\/index.php\\\/author\\\/service-com\\\/\"}]}<\/script>\n<!-- \/ Yoast SEO plugin. -->","yoast_head_json":{"title":"Hommage national \u00e0 N\u2019Faly Sangar\u00e9 : le Ministre Isma\u00ebl NABE c\u00e9l\u00e8bre la m\u00e9moire d\u2019un \u00ab b\u00e2tisseur de l\u2019\u00c9tat \u00bb - MPCI","robots":{"index":"index","follow":"follow","max-snippet":"max-snippet:-1","max-image-preview":"max-image-preview:large","max-video-preview":"max-video-preview:-1"},"canonical":"https:\/\/mpcid.gov.gn\/index.php\/hommage-national-a-nfaly-sangare-le-ministre-ismael-nabe-celebre-la-memoire-dun-batisseur-de-letat\/","og_locale":"fr_FR","og_type":"article","og_title":"Hommage national \u00e0 N\u2019Faly Sangar\u00e9 : le Ministre Isma\u00ebl NABE c\u00e9l\u00e8bre la m\u00e9moire d\u2019un \u00ab b\u00e2tisseur de l\u2019\u00c9tat \u00bb - MPCI","og_description":"Conakry, le 9 janvier 2026 \u2013 C&rsquo;est dans une atmosph\u00e8re de profond recueillement que la Guin\u00e9e a dit adieu, ce vendredi, \u00e0 une personnalit\u00e9 embl\u00e9matique de son administration. N\u2019Faly Sangar\u00e9 nous a quitt\u00e9s \u00e0 92 ans, laissant derri\u00e8re lui l&rsquo;image ind\u00e9l\u00e9bile d&rsquo;une existence enti\u00e8rement consacr\u00e9e \u00e0 la R\u00e9publique et au bien commun. Lors de la &hellip; Continue reading \"Hommage national \u00e0 N\u2019Faly Sangar\u00e9 : le Ministre Isma\u00ebl NABE c\u00e9l\u00e8bre la m\u00e9moire d\u2019un \u00ab b\u00e2tisseur de l\u2019\u00c9tat \u00bb\"","og_url":"https:\/\/mpcid.gov.gn\/index.php\/hommage-national-a-nfaly-sangare-le-ministre-ismael-nabe-celebre-la-memoire-dun-batisseur-de-letat\/","og_site_name":"MPCI","article_publisher":"https:\/\/www.facebook.com\/MPCIGN","article_published_time":"2026-01-09T21:15:03+00:00","og_image":[{"width":1080,"height":654,"url":"https:\/\/mpci.gov.gn\/wp-content\/uploads\/2026\/01\/18-1.jpg","type":"image\/jpeg"}],"author":"Service Communication","twitter_card":"summary_large_image","twitter_creator":"@MpciGov","twitter_site":"@MpciGov","twitter_misc":{"\u00c9crit par":"Service Communication","Dur\u00e9e de lecture estim\u00e9e":"8 minutes"},"schema":{"@context":"https:\/\/schema.org","@graph":[{"@type":"Article","@id":"https:\/\/mpcid.gov.gn\/index.php\/hommage-national-a-nfaly-sangare-le-ministre-ismael-nabe-celebre-la-memoire-dun-batisseur-de-letat\/#article","isPartOf":{"@id":"https:\/\/mpcid.gov.gn\/index.php\/hommage-national-a-nfaly-sangare-le-ministre-ismael-nabe-celebre-la-memoire-dun-batisseur-de-letat\/"},"author":{"name":"Service Communication","@id":"https:\/\/mpcid.gov.gn\/#\/schema\/person\/070aeea8fafd7a7e5a037505652abbee"},"headline":"Hommage national \u00e0 N\u2019Faly Sangar\u00e9 : le Ministre Isma\u00ebl NABE c\u00e9l\u00e8bre la m\u00e9moire d\u2019un \u00ab b\u00e2tisseur de l\u2019\u00c9tat \u00bb","datePublished":"2026-01-09T21:15:03+00:00","mainEntityOfPage":{"@id":"https:\/\/mpcid.gov.gn\/index.php\/hommage-national-a-nfaly-sangare-le-ministre-ismael-nabe-celebre-la-memoire-dun-batisseur-de-letat\/"},"wordCount":794,"publisher":{"@id":"https:\/\/mpcid.gov.gn\/#organization"},"image":{"@id":"https:\/\/mpcid.gov.gn\/index.php\/hommage-national-a-nfaly-sangare-le-ministre-ismael-nabe-celebre-la-memoire-dun-batisseur-de-letat\/#primaryimage"},"thumbnailUrl":"https:\/\/mpcid.gov.gn\/wp-content\/uploads\/2026\/01\/18-1.jpg","articleSection":["Actualit\u00e9s"],"inLanguage":"fr-FR"},{"@type":"WebPage","@id":"https:\/\/mpcid.gov.gn\/index.php\/hommage-national-a-nfaly-sangare-le-ministre-ismael-nabe-celebre-la-memoire-dun-batisseur-de-letat\/","url":"https:\/\/mpcid.gov.gn\/index.php\/hommage-national-a-nfaly-sangare-le-ministre-ismael-nabe-celebre-la-memoire-dun-batisseur-de-letat\/","name":"Hommage national \u00e0 N\u2019Faly Sangar\u00e9 : le Ministre Isma\u00ebl NABE c\u00e9l\u00e8bre la m\u00e9moire d\u2019un \u00ab b\u00e2tisseur de l\u2019\u00c9tat \u00bb - MPCI","isPartOf":{"@id":"https:\/\/mpcid.gov.gn\/#website"},"primaryImageOfPage":{"@id":"https:\/\/mpcid.gov.gn\/index.php\/hommage-national-a-nfaly-sangare-le-ministre-ismael-nabe-celebre-la-memoire-dun-batisseur-de-letat\/#primaryimage"},"image":{"@id":"https:\/\/mpcid.gov.gn\/index.php\/hommage-national-a-nfaly-sangare-le-ministre-ismael-nabe-celebre-la-memoire-dun-batisseur-de-letat\/#primaryimage"},"thumbnailUrl":"https:\/\/mpcid.gov.gn\/wp-content\/uploads\/2026\/01\/18-1.jpg","datePublished":"2026-01-09T21:15:03+00:00","breadcrumb":{"@id":"https:\/\/mpcid.gov.gn\/index.php\/hommage-national-a-nfaly-sangare-le-ministre-ismael-nabe-celebre-la-memoire-dun-batisseur-de-letat\/#breadcrumb"},"inLanguage":"fr-FR","potentialAction":[{"@type":"ReadAction","target":["https:\/\/mpcid.gov.gn\/index.php\/hommage-national-a-nfaly-sangare-le-ministre-ismael-nabe-celebre-la-memoire-dun-batisseur-de-letat\/"]}]},{"@type":"ImageObject","inLanguage":"fr-FR","@id":"https:\/\/mpcid.gov.gn\/index.php\/hommage-national-a-nfaly-sangare-le-ministre-ismael-nabe-celebre-la-memoire-dun-batisseur-de-letat\/#primaryimage","url":"https:\/\/mpcid.gov.gn\/wp-content\/uploads\/2026\/01\/18-1.jpg","contentUrl":"https:\/\/mpcid.gov.gn\/wp-content\/uploads\/2026\/01\/18-1.jpg","width":1080,"height":654},{"@type":"BreadcrumbList","@id":"https:\/\/mpcid.gov.gn\/index.php\/hommage-national-a-nfaly-sangare-le-ministre-ismael-nabe-celebre-la-memoire-dun-batisseur-de-letat\/#breadcrumb","itemListElement":[{"@type":"ListItem","position":1,"name":"Accueil","item":"https:\/\/mpcid.gov.gn\/"},{"@type":"ListItem","position":2,"name":"Hommage national \u00e0 N\u2019Faly Sangar\u00e9 : le Ministre Isma\u00ebl NABE c\u00e9l\u00e8bre la m\u00e9moire d\u2019un \u00ab b\u00e2tisseur de l\u2019\u00c9tat \u00bb"}]},{"@type":"WebSite","@id":"https:\/\/mpcid.gov.gn\/#website","url":"https:\/\/mpcid.gov.gn\/","name":"https:\/\/mpcid.gov.gn\/","description":"Minist\u00e8re du Plan et de la Coop\u00e9ration Internationale","publisher":{"@id":"https:\/\/mpcid.gov.gn\/#organization"},"potentialAction":[{"@type":"SearchAction","target":{"@type":"EntryPoint","urlTemplate":"https:\/\/mpcid.gov.gn\/?s={search_term_string}"},"query-input":{"@type":"PropertyValueSpecification","valueRequired":true,"valueName":"search_term_string"}}],"inLanguage":"fr-FR"},{"@type":"Organization","@id":"https:\/\/mpcid.gov.gn\/#organization","name":"Minist\u00e8re du Plan et de la Coop\u00e9ration Internationale - MPCI","url":"https:\/\/mpcid.gov.gn\/","logo":{"@type":"ImageObject","inLanguage":"fr-FR","@id":"https:\/\/mpcid.gov.gn\/#\/schema\/logo\/image\/","url":"https:\/\/mpcid.gov.gn\/wp-content\/uploads\/2023\/10\/Ministere-du-Plan-et-de-la-Cooperation-Internationale-MPCI.jpg","contentUrl":"https:\/\/mpcid.gov.gn\/wp-content\/uploads\/2023\/10\/Ministere-du-Plan-et-de-la-Cooperation-Internationale-MPCI.jpg","width":462,"height":462,"caption":"Minist\u00e8re du Plan et de la Coop\u00e9ration Internationale - MPCI"},"image":{"@id":"https:\/\/mpcid.gov.gn\/#\/schema\/logo\/image\/"},"sameAs":["https:\/\/www.facebook.com\/MPCIGN","https:\/\/x.com\/MpciGov"]},{"@type":"Person","@id":"https:\/\/mpcid.gov.gn\/#\/schema\/person\/070aeea8fafd7a7e5a037505652abbee","name":"Service Communication","sameAs":["http:\/\/Service-com"],"url":"https:\/\/mpcid.gov.gn\/index.php\/author\/service-com\/"}]}},"_links":{"self":[{"href":"https:\/\/mpcid.gov.gn\/index.php\/wp-json\/wp\/v2\/posts\/18492","targetHints":{"allow":["GET"]}}],"collection":[{"href":"https:\/\/mpcid.gov.gn\/index.php\/wp-json\/wp\/v2\/posts"}],"about":[{"href":"https:\/\/mpcid.gov.gn\/index.php\/wp-json\/wp\/v2\/types\/post"}],"author":[{"embeddable":true,"href":"https:\/\/mpcid.gov.gn\/index.php\/wp-json\/wp\/v2\/users\/20"}],"replies":[{"embeddable":true,"href":"https:\/\/mpcid.gov.gn\/index.php\/wp-json\/wp\/v2\/comments?post=18492"}],"version-history":[{"count":0,"href":"https:\/\/mpcid.gov.gn\/index.php\/wp-json\/wp\/v2\/posts\/18492\/revisions"}],"wp:featuredmedia":[{"embeddable":true,"href":"https:\/\/mpcid.gov.gn\/index.php\/wp-json\/wp\/v2\/media\/18493"}],"wp:attachment":[{"href":"https:\/\/mpcid.gov.gn\/index.php\/wp-json\/wp\/v2\/media?parent=18492"}],"wp:term":[{"taxonomy":"category","embeddable":true,"href":"https:\/\/mpcid.gov.gn\/index.php\/wp-json\/wp\/v2\/categories?post=18492"},{"taxonomy":"post_tag","embeddable":true,"href":"https:\/\/mpcid.gov.gn\/index.php\/wp-json\/wp\/v2\/tags?post=18492"}],"curies":[{"name":"wp","href":"https:\/\/api.w.org\/{rel}","templated":true}]}}