{"id":18490,"date":"2026-01-09T18:49:24","date_gmt":"2026-01-09T18:49:24","guid":{"rendered":"https:\/\/mpci.gov.gn\/?p=18490"},"modified":"2026-01-09T21:26:31","modified_gmt":"2026-01-09T21:26:31","slug":"mpci-le-ministre-ismael-nabe-plus-proche-de-ses-collaborateurs","status":"publish","type":"post","link":"https:\/\/mpcid.gov.gn\/index.php\/mpci-le-ministre-ismael-nabe-plus-proche-de-ses-collaborateurs\/","title":{"rendered":"MPCI : Le Ministre Isma\u00ebl Nab\u00e9 plus proche de ses collaborateurs"},"content":{"rendered":"<p>Le Ministre du Plan et de la Coop\u00e9ration internationale, Monsieur Isma\u00ebl NAB\u00c9, a effectu\u00e9 une visite dans plusieurs directions et services de son d\u00e9partement.<br \/>\nCette d\u00e9marche avait pour objectif de pr\u00e9senter les v\u0153ux de nouvel an aux agents et de leur f\u00e9liciter pour le travail effectu\u00e9 durant l\u2019ann\u00e9e 2025.<\/p>\n<p><img fetchpriority=\"high\" decoding=\"async\" class=\"alignnone size-medium wp-image-18542\" src=\"https:\/\/mpcid.gov.gn\/wp-content\/uploads\/2026\/01\/28-500x333.jpg\" alt=\"\" width=\"500\" height=\"333\" srcset=\"https:\/\/mpcid.gov.gn\/wp-content\/uploads\/2026\/01\/28-500x333.jpg 500w, https:\/\/mpcid.gov.gn\/wp-content\/uploads\/2026\/01\/28-1024x683.jpg 1024w, https:\/\/mpcid.gov.gn\/wp-content\/uploads\/2026\/01\/28-768x512.jpg 768w, https:\/\/mpcid.gov.gn\/wp-content\/uploads\/2026\/01\/28.jpg 1080w\" sizes=\"(max-width: 500px) 85vw, 500px\" \/> <img decoding=\"async\" class=\"alignnone size-medium wp-image-18541\" src=\"https:\/\/mpcid.gov.gn\/wp-content\/uploads\/2026\/01\/27-500x306.jpg\" alt=\"\" width=\"500\" height=\"306\" srcset=\"https:\/\/mpcid.gov.gn\/wp-content\/uploads\/2026\/01\/27-500x306.jpg 500w, https:\/\/mpcid.gov.gn\/wp-content\/uploads\/2026\/01\/27-1024x627.jpg 1024w, https:\/\/mpcid.gov.gn\/wp-content\/uploads\/2026\/01\/27-768x470.jpg 768w, https:\/\/mpcid.gov.gn\/wp-content\/uploads\/2026\/01\/27.jpg 1080w\" sizes=\"(max-width: 500px) 85vw, 500px\" \/> <img decoding=\"async\" class=\"alignnone size-medium wp-image-18540\" src=\"https:\/\/mpcid.gov.gn\/wp-content\/uploads\/2026\/01\/26-500x333.jpg\" alt=\"\" width=\"500\" height=\"333\" srcset=\"https:\/\/mpcid.gov.gn\/wp-content\/uploads\/2026\/01\/26-500x333.jpg 500w, https:\/\/mpcid.gov.gn\/wp-content\/uploads\/2026\/01\/26-1024x683.jpg 1024w, https:\/\/mpcid.gov.gn\/wp-content\/uploads\/2026\/01\/26-768x512.jpg 768w, https:\/\/mpcid.gov.gn\/wp-content\/uploads\/2026\/01\/26.jpg 1080w\" sizes=\"(max-width: 500px) 85vw, 500px\" \/> <img loading=\"lazy\" decoding=\"async\" class=\"alignnone size-medium wp-image-18539\" src=\"https:\/\/mpcid.gov.gn\/wp-content\/uploads\/2026\/01\/25-500x314.jpg\" alt=\"\" width=\"500\" height=\"314\" srcset=\"https:\/\/mpcid.gov.gn\/wp-content\/uploads\/2026\/01\/25-500x314.jpg 500w, https:\/\/mpcid.gov.gn\/wp-content\/uploads\/2026\/01\/25-1024x644.jpg 1024w, https:\/\/mpcid.gov.gn\/wp-content\/uploads\/2026\/01\/25-768x483.jpg 768w, https:\/\/mpcid.gov.gn\/wp-content\/uploads\/2026\/01\/25.jpg 1080w\" sizes=\"(max-width: 500px) 85vw, 500px\" \/> <img loading=\"lazy\" decoding=\"async\" class=\"alignnone size-medium wp-image-18538\" src=\"https:\/\/mpcid.gov.gn\/wp-content\/uploads\/2026\/01\/24-500x333.jpg\" alt=\"\" width=\"500\" height=\"333\" srcset=\"https:\/\/mpcid.gov.gn\/wp-content\/uploads\/2026\/01\/24-500x333.jpg 500w, https:\/\/mpcid.gov.gn\/wp-content\/uploads\/2026\/01\/24-1024x683.jpg 1024w, https:\/\/mpcid.gov.gn\/wp-content\/uploads\/2026\/01\/24-768x512.jpg 768w, https:\/\/mpcid.gov.gn\/wp-content\/uploads\/2026\/01\/24.jpg 1080w\" sizes=\"(max-width: 500px) 85vw, 500px\" \/> <img loading=\"lazy\" decoding=\"async\" class=\"alignnone size-medium wp-image-18537\" src=\"https:\/\/mpcid.gov.gn\/wp-content\/uploads\/2026\/01\/23-500x293.jpg\" alt=\"\" width=\"500\" height=\"293\" srcset=\"https:\/\/mpcid.gov.gn\/wp-content\/uploads\/2026\/01\/23-500x293.jpg 500w, https:\/\/mpcid.gov.gn\/wp-content\/uploads\/2026\/01\/23-1024x599.jpg 1024w, https:\/\/mpcid.gov.gn\/wp-content\/uploads\/2026\/01\/23-768x449.jpg 768w, https:\/\/mpcid.gov.gn\/wp-content\/uploads\/2026\/01\/23.jpg 1080w\" sizes=\"(max-width: 500px) 85vw, 500px\" \/> <img loading=\"lazy\" decoding=\"async\" class=\"alignnone size-medium wp-image-18536\" src=\"https:\/\/mpcid.gov.gn\/wp-content\/uploads\/2026\/01\/22-500x293.jpg\" alt=\"\" width=\"500\" height=\"293\" srcset=\"https:\/\/mpcid.gov.gn\/wp-content\/uploads\/2026\/01\/22-500x293.jpg 500w, https:\/\/mpcid.gov.gn\/wp-content\/uploads\/2026\/01\/22-1024x600.jpg 1024w, https:\/\/mpcid.gov.gn\/wp-content\/uploads\/2026\/01\/22-768x450.jpg 768w, https:\/\/mpcid.gov.gn\/wp-content\/uploads\/2026\/01\/22.jpg 1080w\" sizes=\"(max-width: 500px) 85vw, 500px\" \/> <img loading=\"lazy\" decoding=\"async\" class=\"alignnone size-medium wp-image-18535\" src=\"https:\/\/mpcid.gov.gn\/wp-content\/uploads\/2026\/01\/21-500x401.jpg\" alt=\"\" width=\"500\" height=\"401\" srcset=\"https:\/\/mpcid.gov.gn\/wp-content\/uploads\/2026\/01\/21-500x401.jpg 500w, https:\/\/mpcid.gov.gn\/wp-content\/uploads\/2026\/01\/21-1024x822.jpg 1024w, https:\/\/mpcid.gov.gn\/wp-content\/uploads\/2026\/01\/21-768x617.jpg 768w, https:\/\/mpcid.gov.gn\/wp-content\/uploads\/2026\/01\/21.jpg 1080w\" sizes=\"(max-width: 500px) 85vw, 500px\" \/> <img loading=\"lazy\" decoding=\"async\" class=\"alignnone size-medium wp-image-18531\" src=\"https:\/\/mpcid.gov.gn\/wp-content\/uploads\/2026\/01\/17-3-500x353.jpg\" alt=\"\" width=\"500\" height=\"353\" srcset=\"https:\/\/mpcid.gov.gn\/wp-content\/uploads\/2026\/01\/17-3-500x353.jpg 500w, https:\/\/mpcid.gov.gn\/wp-content\/uploads\/2026\/01\/17-3-1024x723.jpg 1024w, https:\/\/mpcid.gov.gn\/wp-content\/uploads\/2026\/01\/17-3-768x543.jpg 768w, https:\/\/mpcid.gov.gn\/wp-content\/uploads\/2026\/01\/17-3.jpg 1080w\" sizes=\"(max-width: 500px) 85vw, 500px\" \/> <img loading=\"lazy\" decoding=\"async\" class=\"alignnone size-medium wp-image-18530\" src=\"https:\/\/mpcid.gov.gn\/wp-content\/uploads\/2026\/01\/16-3-500x341.jpg\" alt=\"\" width=\"500\" height=\"341\" srcset=\"https:\/\/mpcid.gov.gn\/wp-content\/uploads\/2026\/01\/16-3-500x341.jpg 500w, https:\/\/mpcid.gov.gn\/wp-content\/uploads\/2026\/01\/16-3-1024x698.jpg 1024w, https:\/\/mpcid.gov.gn\/wp-content\/uploads\/2026\/01\/16-3-768x523.jpg 768w, https:\/\/mpcid.gov.gn\/wp-content\/uploads\/2026\/01\/16-3.jpg 1080w\" sizes=\"(max-width: 500px) 85vw, 500px\" \/> <img loading=\"lazy\" decoding=\"async\" class=\"alignnone size-medium wp-image-18529\" src=\"https:\/\/mpcid.gov.gn\/wp-content\/uploads\/2026\/01\/15-3-500x296.jpg\" alt=\"\" width=\"500\" height=\"296\" srcset=\"https:\/\/mpcid.gov.gn\/wp-content\/uploads\/2026\/01\/15-3-500x296.jpg 500w, https:\/\/mpcid.gov.gn\/wp-content\/uploads\/2026\/01\/15-3-1024x606.jpg 1024w, https:\/\/mpcid.gov.gn\/wp-content\/uploads\/2026\/01\/15-3-768x454.jpg 768w, https:\/\/mpcid.gov.gn\/wp-content\/uploads\/2026\/01\/15-3.jpg 1080w\" sizes=\"(max-width: 500px) 85vw, 500px\" \/> <img loading=\"lazy\" decoding=\"async\" class=\"alignnone size-medium wp-image-18528\" src=\"https:\/\/mpcid.gov.gn\/wp-content\/uploads\/2026\/01\/14-3-500x353.jpg\" alt=\"\" width=\"500\" height=\"353\" srcset=\"https:\/\/mpcid.gov.gn\/wp-content\/uploads\/2026\/01\/14-3-500x353.jpg 500w, https:\/\/mpcid.gov.gn\/wp-content\/uploads\/2026\/01\/14-3-1024x723.jpg 1024w, https:\/\/mpcid.gov.gn\/wp-content\/uploads\/2026\/01\/14-3-768x543.jpg 768w, https:\/\/mpcid.gov.gn\/wp-content\/uploads\/2026\/01\/14-3.jpg 1080w\" sizes=\"(max-width: 500px) 85vw, 500px\" \/> <img loading=\"lazy\" decoding=\"async\" class=\"alignnone size-medium wp-image-18527\" src=\"https:\/\/mpcid.gov.gn\/wp-content\/uploads\/2026\/01\/13-3-500x333.jpg\" alt=\"\" width=\"500\" height=\"333\" srcset=\"https:\/\/mpcid.gov.gn\/wp-content\/uploads\/2026\/01\/13-3-500x333.jpg 500w, https:\/\/mpcid.gov.gn\/wp-content\/uploads\/2026\/01\/13-3-1024x683.jpg 1024w, https:\/\/mpcid.gov.gn\/wp-content\/uploads\/2026\/01\/13-3-768x512.jpg 768w, https:\/\/mpcid.gov.gn\/wp-content\/uploads\/2026\/01\/13-3.jpg 1080w\" sizes=\"(max-width: 500px) 85vw, 500px\" \/> <img loading=\"lazy\" decoding=\"async\" class=\"alignnone size-medium wp-image-18526\" src=\"https:\/\/mpcid.gov.gn\/wp-content\/uploads\/2026\/01\/12-3-500x408.jpg\" alt=\"\" width=\"500\" height=\"408\" srcset=\"https:\/\/mpcid.gov.gn\/wp-content\/uploads\/2026\/01\/12-3-500x408.jpg 500w, https:\/\/mpcid.gov.gn\/wp-content\/uploads\/2026\/01\/12-3-1024x835.jpg 1024w, https:\/\/mpcid.gov.gn\/wp-content\/uploads\/2026\/01\/12-3-768x626.jpg 768w, https:\/\/mpcid.gov.gn\/wp-content\/uploads\/2026\/01\/12-3.jpg 1080w\" sizes=\"(max-width: 500px) 85vw, 500px\" \/> <img loading=\"lazy\" decoding=\"async\" class=\"alignnone size-medium wp-image-18525\" src=\"https:\/\/mpcid.gov.gn\/wp-content\/uploads\/2026\/01\/11-3-500x333.jpg\" alt=\"\" width=\"500\" height=\"333\" srcset=\"https:\/\/mpcid.gov.gn\/wp-content\/uploads\/2026\/01\/11-3-500x333.jpg 500w, https:\/\/mpcid.gov.gn\/wp-content\/uploads\/2026\/01\/11-3-1024x683.jpg 1024w, https:\/\/mpcid.gov.gn\/wp-content\/uploads\/2026\/01\/11-3-768x512.jpg 768w, https:\/\/mpcid.gov.gn\/wp-content\/uploads\/2026\/01\/11-3.jpg 1080w\" sizes=\"(max-width: 500px) 85vw, 500px\" \/> <img loading=\"lazy\" decoding=\"async\" class=\"alignnone size-medium wp-image-18524\" src=\"https:\/\/mpcid.gov.gn\/wp-content\/uploads\/2026\/01\/10-4-500x361.jpg\" alt=\"\" width=\"500\" height=\"361\" srcset=\"https:\/\/mpcid.gov.gn\/wp-content\/uploads\/2026\/01\/10-4-500x361.jpg 500w, https:\/\/mpcid.gov.gn\/wp-content\/uploads\/2026\/01\/10-4-1024x740.jpg 1024w, https:\/\/mpcid.gov.gn\/wp-content\/uploads\/2026\/01\/10-4-768x555.jpg 768w, https:\/\/mpcid.gov.gn\/wp-content\/uploads\/2026\/01\/10-4.jpg 1080w\" sizes=\"(max-width: 500px) 85vw, 500px\" \/> <img loading=\"lazy\" decoding=\"async\" class=\"alignnone size-medium wp-image-18523\" src=\"https:\/\/mpcid.gov.gn\/wp-content\/uploads\/2026\/01\/9-4-500x370.jpg\" alt=\"\" width=\"500\" height=\"370\" srcset=\"https:\/\/mpcid.gov.gn\/wp-content\/uploads\/2026\/01\/9-4-500x370.jpg 500w, https:\/\/mpcid.gov.gn\/wp-content\/uploads\/2026\/01\/9-4-1024x759.jpg 1024w, https:\/\/mpcid.gov.gn\/wp-content\/uploads\/2026\/01\/9-4-768x569.jpg 768w, https:\/\/mpcid.gov.gn\/wp-content\/uploads\/2026\/01\/9-4.jpg 1080w\" sizes=\"(max-width: 500px) 85vw, 500px\" \/> <img loading=\"lazy\" decoding=\"async\" class=\"alignnone size-medium wp-image-18522\" src=\"https:\/\/mpcid.gov.gn\/wp-content\/uploads\/2026\/01\/8-4-500x333.jpg\" alt=\"\" width=\"500\" height=\"333\" srcset=\"https:\/\/mpcid.gov.gn\/wp-content\/uploads\/2026\/01\/8-4-500x333.jpg 500w, https:\/\/mpcid.gov.gn\/wp-content\/uploads\/2026\/01\/8-4-1024x683.jpg 1024w, https:\/\/mpcid.gov.gn\/wp-content\/uploads\/2026\/01\/8-4-768x512.jpg 768w, https:\/\/mpcid.gov.gn\/wp-content\/uploads\/2026\/01\/8-4.jpg 1080w\" sizes=\"(max-width: 500px) 85vw, 500px\" \/> <img loading=\"lazy\" decoding=\"async\" class=\"alignnone size-medium wp-image-18521\" src=\"https:\/\/mpcid.gov.gn\/wp-content\/uploads\/2026\/01\/7-4-500x367.jpg\" alt=\"\" width=\"500\" height=\"367\" srcset=\"https:\/\/mpcid.gov.gn\/wp-content\/uploads\/2026\/01\/7-4-500x367.jpg 500w, https:\/\/mpcid.gov.gn\/wp-content\/uploads\/2026\/01\/7-4-1024x752.jpg 1024w, https:\/\/mpcid.gov.gn\/wp-content\/uploads\/2026\/01\/7-4-768x564.jpg 768w, https:\/\/mpcid.gov.gn\/wp-content\/uploads\/2026\/01\/7-4.jpg 1080w\" sizes=\"(max-width: 500px) 85vw, 500px\" \/> <img loading=\"lazy\" decoding=\"async\" class=\"alignnone size-medium wp-image-18520\" src=\"https:\/\/mpcid.gov.gn\/wp-content\/uploads\/2026\/01\/6-4-500x346.jpg\" alt=\"\" width=\"500\" height=\"346\" srcset=\"https:\/\/mpcid.gov.gn\/wp-content\/uploads\/2026\/01\/6-4-500x346.jpg 500w, https:\/\/mpcid.gov.gn\/wp-content\/uploads\/2026\/01\/6-4-1024x709.jpg 1024w, https:\/\/mpcid.gov.gn\/wp-content\/uploads\/2026\/01\/6-4-768x532.jpg 768w, https:\/\/mpcid.gov.gn\/wp-content\/uploads\/2026\/01\/6-4.jpg 1080w\" sizes=\"(max-width: 500px) 85vw, 500px\" \/> <img loading=\"lazy\" decoding=\"async\" class=\"alignnone size-medium wp-image-18519\" src=\"https:\/\/mpcid.gov.gn\/wp-content\/uploads\/2026\/01\/5-4-500x333.jpg\" alt=\"\" width=\"500\" height=\"333\" srcset=\"https:\/\/mpcid.gov.gn\/wp-content\/uploads\/2026\/01\/5-4-500x333.jpg 500w, https:\/\/mpcid.gov.gn\/wp-content\/uploads\/2026\/01\/5-4-1024x682.jpg 1024w, https:\/\/mpcid.gov.gn\/wp-content\/uploads\/2026\/01\/5-4-768x511.jpg 768w, https:\/\/mpcid.gov.gn\/wp-content\/uploads\/2026\/01\/5-4.jpg 1080w\" sizes=\"(max-width: 500px) 85vw, 500px\" \/> <img loading=\"lazy\" decoding=\"async\" class=\"alignnone size-medium wp-image-18517\" src=\"https:\/\/mpcid.gov.gn\/wp-content\/uploads\/2026\/01\/3-4-500x333.jpg\" alt=\"\" width=\"500\" height=\"333\" srcset=\"https:\/\/mpcid.gov.gn\/wp-content\/uploads\/2026\/01\/3-4-500x333.jpg 500w, https:\/\/mpcid.gov.gn\/wp-content\/uploads\/2026\/01\/3-4-1024x683.jpg 1024w, https:\/\/mpcid.gov.gn\/wp-content\/uploads\/2026\/01\/3-4-768x512.jpg 768w, https:\/\/mpcid.gov.gn\/wp-content\/uploads\/2026\/01\/3-4.jpg 1080w\" sizes=\"(max-width: 500px) 85vw, 500px\" \/> <img loading=\"lazy\" decoding=\"async\" class=\"alignnone size-medium wp-image-18518\" src=\"https:\/\/mpcid.gov.gn\/wp-content\/uploads\/2026\/01\/4-4-500x315.jpg\" alt=\"\" width=\"500\" height=\"315\" srcset=\"https:\/\/mpcid.gov.gn\/wp-content\/uploads\/2026\/01\/4-4-500x315.jpg 500w, https:\/\/mpcid.gov.gn\/wp-content\/uploads\/2026\/01\/4-4-1024x645.jpg 1024w, https:\/\/mpcid.gov.gn\/wp-content\/uploads\/2026\/01\/4-4-768x484.jpg 768w, https:\/\/mpcid.gov.gn\/wp-content\/uploads\/2026\/01\/4-4.jpg 1080w\" sizes=\"(max-width: 500px) 85vw, 500px\" \/><\/p>\n<p>Dans cette d\u00e9marche le Ministre Nab\u00e9 souhaite impulser une atmosph\u00e8re de convivialit\u00e9 au sein du Minist\u00e8re du Plan et de la Coop\u00e9ration Internationale.<br \/>\nLa visite a concern\u00e9 notamment la Direction Nationale de la Coop\u00e9ration, la Direction Nationale des Organisations Internationales, la Direction G\u00e9n\u00e9rale de la Coordination et du Suivi des Aides, l\u2019Agence Guin\u00e9enne de Coop\u00e9ration Technique, l\u2019Observatoire National du D\u00e9veloppement, la Direction Nationale de la Population et du D\u00e9veloppement, le Bureau Technique d\u2019Appui \u00e0 la Programmation, le Bureau d\u2019Appui \u00e0 la Coop\u00e9ration avec l\u2019Union Europ\u00e9enne, l\u2019Inspection G\u00e9n\u00e9rale ainsi que le Service Genre et \u00c9quit\u00e9.<br \/>\n\u00c0 cette occasion, le Ministre a encourag\u00e9 l\u2019ensemble des cadres et agents \u00e0 redoubler d\u2019efforts, \u00e0 faire preuve de pers\u00e9v\u00e9rance et de professionnalisme, tout en maintenant un esprit d\u2019\u00e9quipe et de responsabilit\u00e9. Il les a invit\u00e9s \u00e0 demeurer pleinement engag\u00e9s dans l\u2019ex\u00e9cution de leurs missions, afin de contribuer efficacement \u00e0 la mise en \u0153uvre des priorit\u00e9s nationales de d\u00e9veloppement et au rayonnement de la coop\u00e9ration internationale de la Guin\u00e9e.<img loading=\"lazy\" decoding=\"async\" class=\"alignnone size-medium wp-image-18533\" src=\"https:\/\/mpcid.gov.gn\/wp-content\/uploads\/2026\/01\/19-1-500x333.jpg\" alt=\"\" width=\"500\" height=\"333\" srcset=\"https:\/\/mpcid.gov.gn\/wp-content\/uploads\/2026\/01\/19-1-500x333.jpg 500w, https:\/\/mpcid.gov.gn\/wp-content\/uploads\/2026\/01\/19-1-1024x683.jpg 1024w, https:\/\/mpcid.gov.gn\/wp-content\/uploads\/2026\/01\/19-1-768x512.jpg 768w, https:\/\/mpcid.gov.gn\/wp-content\/uploads\/2026\/01\/19-1.jpg 1080w\" sizes=\"(max-width: 500px) 85vw, 500px\" \/> <img loading=\"lazy\" decoding=\"async\" class=\"alignnone size-medium wp-image-18532\" src=\"https:\/\/mpcid.gov.gn\/wp-content\/uploads\/2026\/01\/18-2-500x333.jpg\" alt=\"\" width=\"500\" height=\"333\" srcset=\"https:\/\/mpcid.gov.gn\/wp-content\/uploads\/2026\/01\/18-2-500x333.jpg 500w, https:\/\/mpcid.gov.gn\/wp-content\/uploads\/2026\/01\/18-2-1024x683.jpg 1024w, https:\/\/mpcid.gov.gn\/wp-content\/uploads\/2026\/01\/18-2-768x512.jpg 768w, https:\/\/mpcid.gov.gn\/wp-content\/uploads\/2026\/01\/18-2.jpg 1080w\" sizes=\"(max-width: 500px) 85vw, 500px\" \/> <img loading=\"lazy\" decoding=\"async\" class=\"alignnone size-medium wp-image-18534\" src=\"https:\/\/mpcid.gov.gn\/wp-content\/uploads\/2026\/01\/20-1-500x300.jpg\" alt=\"\" width=\"500\" height=\"300\" srcset=\"https:\/\/mpcid.gov.gn\/wp-content\/uploads\/2026\/01\/20-1-500x300.jpg 500w, https:\/\/mpcid.gov.gn\/wp-content\/uploads\/2026\/01\/20-1-1024x615.jpg 1024w, https:\/\/mpcid.gov.gn\/wp-content\/uploads\/2026\/01\/20-1-768x462.jpg 768w, https:\/\/mpcid.gov.gn\/wp-content\/uploads\/2026\/01\/20-1.jpg 1080w\" sizes=\"(max-width: 500px) 85vw, 500px\" \/> <img loading=\"lazy\" decoding=\"async\" class=\"alignnone size-medium wp-image-18516\" src=\"https:\/\/mpcid.gov.gn\/wp-content\/uploads\/2026\/01\/1-5-500x279.jpg\" alt=\"\" width=\"500\" height=\"279\" srcset=\"https:\/\/mpcid.gov.gn\/wp-content\/uploads\/2026\/01\/1-5-500x279.jpg 500w, https:\/\/mpcid.gov.gn\/wp-content\/uploads\/2026\/01\/1-5-1024x571.jpg 1024w, https:\/\/mpcid.gov.gn\/wp-content\/uploads\/2026\/01\/1-5-768x428.jpg 768w, https:\/\/mpcid.gov.gn\/wp-content\/uploads\/2026\/01\/1-5.jpg 1080w\" sizes=\"(max-width: 500px) 85vw, 500px\" \/> <img loading=\"lazy\" decoding=\"async\" class=\"alignnone size-medium wp-image-18514\" src=\"https:\/\/mpcid.gov.gn\/wp-content\/uploads\/2026\/01\/2-4-500x286.jpg\" alt=\"\" width=\"500\" height=\"286\" srcset=\"https:\/\/mpcid.gov.gn\/wp-content\/uploads\/2026\/01\/2-4-500x286.jpg 500w, https:\/\/mpcid.gov.gn\/wp-content\/uploads\/2026\/01\/2-4-1024x586.jpg 1024w, https:\/\/mpcid.gov.gn\/wp-content\/uploads\/2026\/01\/2-4-768x439.jpg 768w, https:\/\/mpcid.gov.gn\/wp-content\/uploads\/2026\/01\/2-4.jpg 1080w\" sizes=\"(max-width: 500px) 85vw, 500px\" \/><\/p>\n<p>\u00c0 travers cette initiative, le Ministre du Plan et de la Coop\u00e9ration internationale a r\u00e9affirm\u00e9 son engagement en faveur de la discipline administrative, de la culture de r\u00e9sultats et de la valorisation du capital humain, socles d\u2019une administration moderne, efficace et tourn\u00e9e vers les r\u00e9sultats.<\/p>\n","protected":false},"excerpt":{"rendered":"<p>Le Ministre du Plan et de la Coop\u00e9ration internationale, Monsieur Isma\u00ebl NAB\u00c9, a effectu\u00e9 une visite dans plusieurs directions et services de son d\u00e9partement. Cette d\u00e9marche avait pour objectif de pr\u00e9senter les v\u0153ux de nouvel an aux agents et de leur f\u00e9liciter pour le travail effectu\u00e9 durant l\u2019ann\u00e9e 2025. Dans cette d\u00e9marche le Ministre Nab\u00e9 &hellip; <a href=\"https:\/\/mpcid.gov.gn\/index.php\/mpci-le-ministre-ismael-nabe-plus-proche-de-ses-collaborateurs\/\" class=\"more-link\">Continue reading<span class=\"screen-reader-text\"> \u00ab\u00a0MPCI : Le Ministre Isma\u00ebl Nab\u00e9 plus proche de ses collaborateurs\u00a0\u00bb<\/span><\/a><\/p>\n","protected":false},"author":20,"featured_media":18514,"comment_status":"closed","ping_status":"closed","sticky":false,"template":"","format":"standard","meta":{"footnotes":""},"categories":[63],"tags":[],"class_list":["post-18490","post","type-post","status-publish","format-standard","has-post-thumbnail","hentry","category-actualites"],"yoast_head":"<!-- This site is optimized with the Yoast SEO plugin v27.5 - https:\/\/yoast.com\/product\/yoast-seo-wordpress\/ -->\n<title>MPCI : Le Ministre Isma\u00ebl Nab\u00e9 plus proche de ses collaborateurs - MPCI<\/title>\n<meta name=\"robots\" content=\"index, follow, max-snippet:-1, max-image-preview:large, max-video-preview:-1\" \/>\n<link rel=\"canonical\" href=\"https:\/\/mpcid.gov.gn\/index.php\/mpci-le-ministre-ismael-nabe-plus-proche-de-ses-collaborateurs\/\" \/>\n<meta property=\"og:locale\" content=\"fr_FR\" \/>\n<meta property=\"og:type\" content=\"article\" \/>\n<meta property=\"og:title\" content=\"MPCI : Le Ministre Isma\u00ebl Nab\u00e9 plus proche de ses collaborateurs - MPCI\" \/>\n<meta property=\"og:description\" content=\"Le Ministre du Plan et de la Coop\u00e9ration internationale, Monsieur Isma\u00ebl NAB\u00c9, a effectu\u00e9 une visite dans plusieurs directions et services de son d\u00e9partement. Cette d\u00e9marche avait pour objectif de pr\u00e9senter les v\u0153ux de nouvel an aux agents et de leur f\u00e9liciter pour le travail effectu\u00e9 durant l\u2019ann\u00e9e 2025. Dans cette d\u00e9marche le Ministre Nab\u00e9 &hellip; Continue reading &quot;MPCI : Le Ministre Isma\u00ebl Nab\u00e9 plus proche de ses collaborateurs&quot;\" \/>\n<meta property=\"og:url\" content=\"https:\/\/mpcid.gov.gn\/index.php\/mpci-le-ministre-ismael-nabe-plus-proche-de-ses-collaborateurs\/\" \/>\n<meta property=\"og:site_name\" content=\"MPCI\" \/>\n<meta property=\"article:publisher\" content=\"https:\/\/www.facebook.com\/MPCIGN\" \/>\n<meta property=\"article:published_time\" content=\"2026-01-09T18:49:24+00:00\" \/>\n<meta property=\"article:modified_time\" content=\"2026-01-09T21:26:31+00:00\" \/>\n<meta property=\"og:image\" content=\"https:\/\/mpci.gov.gn\/wp-content\/uploads\/2026\/01\/2-4.jpg\" \/>\n\t<meta property=\"og:image:width\" content=\"1080\" \/>\n\t<meta property=\"og:image:height\" content=\"618\" \/>\n\t<meta property=\"og:image:type\" content=\"image\/jpeg\" \/>\n<meta name=\"author\" content=\"Service Communication\" \/>\n<meta name=\"twitter:card\" content=\"summary_large_image\" \/>\n<meta name=\"twitter:creator\" content=\"@MpciGov\" \/>\n<meta name=\"twitter:site\" content=\"@MpciGov\" \/>\n<meta name=\"twitter:label1\" content=\"\u00c9crit par\" \/>\n\t<meta name=\"twitter:data1\" content=\"Service Communication\" \/>\n\t<meta name=\"twitter:label2\" content=\"Dur\u00e9e de lecture estim\u00e9e\" \/>\n\t<meta name=\"twitter:data2\" content=\"8 minutes\" \/>\n<script type=\"application\/ld+json\" class=\"yoast-schema-graph\">{\"@context\":\"https:\\\/\\\/schema.org\",\"@graph\":[{\"@type\":\"Article\",\"@id\":\"https:\\\/\\\/mpcid.gov.gn\\\/index.php\\\/mpci-le-ministre-ismael-nabe-plus-proche-de-ses-collaborateurs\\\/#article\",\"isPartOf\":{\"@id\":\"https:\\\/\\\/mpcid.gov.gn\\\/index.php\\\/mpci-le-ministre-ismael-nabe-plus-proche-de-ses-collaborateurs\\\/\"},\"author\":{\"name\":\"Service Communication\",\"@id\":\"https:\\\/\\\/mpcid.gov.gn\\\/#\\\/schema\\\/person\\\/070aeea8fafd7a7e5a037505652abbee\"},\"headline\":\"MPCI : Le Ministre Isma\u00ebl Nab\u00e9 plus proche de ses collaborateurs\",\"datePublished\":\"2026-01-09T18:49:24+00:00\",\"dateModified\":\"2026-01-09T21:26:31+00:00\",\"mainEntityOfPage\":{\"@id\":\"https:\\\/\\\/mpcid.gov.gn\\\/index.php\\\/mpci-le-ministre-ismael-nabe-plus-proche-de-ses-collaborateurs\\\/\"},\"wordCount\":308,\"publisher\":{\"@id\":\"https:\\\/\\\/mpcid.gov.gn\\\/#organization\"},\"image\":{\"@id\":\"https:\\\/\\\/mpcid.gov.gn\\\/index.php\\\/mpci-le-ministre-ismael-nabe-plus-proche-de-ses-collaborateurs\\\/#primaryimage\"},\"thumbnailUrl\":\"https:\\\/\\\/mpcid.gov.gn\\\/wp-content\\\/uploads\\\/2026\\\/01\\\/2-4.jpg\",\"articleSection\":[\"Actualit\u00e9s\"],\"inLanguage\":\"fr-FR\"},{\"@type\":\"WebPage\",\"@id\":\"https:\\\/\\\/mpcid.gov.gn\\\/index.php\\\/mpci-le-ministre-ismael-nabe-plus-proche-de-ses-collaborateurs\\\/\",\"url\":\"https:\\\/\\\/mpcid.gov.gn\\\/index.php\\\/mpci-le-ministre-ismael-nabe-plus-proche-de-ses-collaborateurs\\\/\",\"name\":\"MPCI : Le Ministre Isma\u00ebl Nab\u00e9 plus proche de ses collaborateurs - MPCI\",\"isPartOf\":{\"@id\":\"https:\\\/\\\/mpcid.gov.gn\\\/#website\"},\"primaryImageOfPage\":{\"@id\":\"https:\\\/\\\/mpcid.gov.gn\\\/index.php\\\/mpci-le-ministre-ismael-nabe-plus-proche-de-ses-collaborateurs\\\/#primaryimage\"},\"image\":{\"@id\":\"https:\\\/\\\/mpcid.gov.gn\\\/index.php\\\/mpci-le-ministre-ismael-nabe-plus-proche-de-ses-collaborateurs\\\/#primaryimage\"},\"thumbnailUrl\":\"https:\\\/\\\/mpcid.gov.gn\\\/wp-content\\\/uploads\\\/2026\\\/01\\\/2-4.jpg\",\"datePublished\":\"2026-01-09T18:49:24+00:00\",\"dateModified\":\"2026-01-09T21:26:31+00:00\",\"breadcrumb\":{\"@id\":\"https:\\\/\\\/mpcid.gov.gn\\\/index.php\\\/mpci-le-ministre-ismael-nabe-plus-proche-de-ses-collaborateurs\\\/#breadcrumb\"},\"inLanguage\":\"fr-FR\",\"potentialAction\":[{\"@type\":\"ReadAction\",\"target\":[\"https:\\\/\\\/mpcid.gov.gn\\\/index.php\\\/mpci-le-ministre-ismael-nabe-plus-proche-de-ses-collaborateurs\\\/\"]}]},{\"@type\":\"ImageObject\",\"inLanguage\":\"fr-FR\",\"@id\":\"https:\\\/\\\/mpcid.gov.gn\\\/index.php\\\/mpci-le-ministre-ismael-nabe-plus-proche-de-ses-collaborateurs\\\/#primaryimage\",\"url\":\"https:\\\/\\\/mpcid.gov.gn\\\/wp-content\\\/uploads\\\/2026\\\/01\\\/2-4.jpg\",\"contentUrl\":\"https:\\\/\\\/mpcid.gov.gn\\\/wp-content\\\/uploads\\\/2026\\\/01\\\/2-4.jpg\",\"width\":1080,\"height\":618},{\"@type\":\"BreadcrumbList\",\"@id\":\"https:\\\/\\\/mpcid.gov.gn\\\/index.php\\\/mpci-le-ministre-ismael-nabe-plus-proche-de-ses-collaborateurs\\\/#breadcrumb\",\"itemListElement\":[{\"@type\":\"ListItem\",\"position\":1,\"name\":\"Accueil\",\"item\":\"https:\\\/\\\/mpcid.gov.gn\\\/\"},{\"@type\":\"ListItem\",\"position\":2,\"name\":\"MPCI : Le Ministre Isma\u00ebl Nab\u00e9 plus proche de ses collaborateurs\"}]},{\"@type\":\"WebSite\",\"@id\":\"https:\\\/\\\/mpcid.gov.gn\\\/#website\",\"url\":\"https:\\\/\\\/mpcid.gov.gn\\\/\",\"name\":\"https:\\\/\\\/mpcid.gov.gn\\\/\",\"description\":\"Minist\u00e8re du Plan et de la Coop\u00e9ration Internationale\",\"publisher\":{\"@id\":\"https:\\\/\\\/mpcid.gov.gn\\\/#organization\"},\"potentialAction\":[{\"@type\":\"SearchAction\",\"target\":{\"@type\":\"EntryPoint\",\"urlTemplate\":\"https:\\\/\\\/mpcid.gov.gn\\\/?s={search_term_string}\"},\"query-input\":{\"@type\":\"PropertyValueSpecification\",\"valueRequired\":true,\"valueName\":\"search_term_string\"}}],\"inLanguage\":\"fr-FR\"},{\"@type\":\"Organization\",\"@id\":\"https:\\\/\\\/mpcid.gov.gn\\\/#organization\",\"name\":\"Minist\u00e8re du Plan et de la Coop\u00e9ration Internationale - MPCI\",\"url\":\"https:\\\/\\\/mpcid.gov.gn\\\/\",\"logo\":{\"@type\":\"ImageObject\",\"inLanguage\":\"fr-FR\",\"@id\":\"https:\\\/\\\/mpcid.gov.gn\\\/#\\\/schema\\\/logo\\\/image\\\/\",\"url\":\"https:\\\/\\\/mpcid.gov.gn\\\/wp-content\\\/uploads\\\/2023\\\/10\\\/Ministere-du-Plan-et-de-la-Cooperation-Internationale-MPCI.jpg\",\"contentUrl\":\"https:\\\/\\\/mpcid.gov.gn\\\/wp-content\\\/uploads\\\/2023\\\/10\\\/Ministere-du-Plan-et-de-la-Cooperation-Internationale-MPCI.jpg\",\"width\":462,\"height\":462,\"caption\":\"Minist\u00e8re du Plan et de la Coop\u00e9ration Internationale - MPCI\"},\"image\":{\"@id\":\"https:\\\/\\\/mpcid.gov.gn\\\/#\\\/schema\\\/logo\\\/image\\\/\"},\"sameAs\":[\"https:\\\/\\\/www.facebook.com\\\/MPCIGN\",\"https:\\\/\\\/x.com\\\/MpciGov\"]},{\"@type\":\"Person\",\"@id\":\"https:\\\/\\\/mpcid.gov.gn\\\/#\\\/schema\\\/person\\\/070aeea8fafd7a7e5a037505652abbee\",\"name\":\"Service Communication\",\"sameAs\":[\"http:\\\/\\\/Service-com\"],\"url\":\"https:\\\/\\\/mpcid.gov.gn\\\/index.php\\\/author\\\/service-com\\\/\"}]}<\/script>\n<!-- \/ Yoast SEO plugin. -->","yoast_head_json":{"title":"MPCI : Le Ministre Isma\u00ebl Nab\u00e9 plus proche de ses collaborateurs - MPCI","robots":{"index":"index","follow":"follow","max-snippet":"max-snippet:-1","max-image-preview":"max-image-preview:large","max-video-preview":"max-video-preview:-1"},"canonical":"https:\/\/mpcid.gov.gn\/index.php\/mpci-le-ministre-ismael-nabe-plus-proche-de-ses-collaborateurs\/","og_locale":"fr_FR","og_type":"article","og_title":"MPCI : Le Ministre Isma\u00ebl Nab\u00e9 plus proche de ses collaborateurs - MPCI","og_description":"Le Ministre du Plan et de la Coop\u00e9ration internationale, Monsieur Isma\u00ebl NAB\u00c9, a effectu\u00e9 une visite dans plusieurs directions et services de son d\u00e9partement. Cette d\u00e9marche avait pour objectif de pr\u00e9senter les v\u0153ux de nouvel an aux agents et de leur f\u00e9liciter pour le travail effectu\u00e9 durant l\u2019ann\u00e9e 2025. Dans cette d\u00e9marche le Ministre Nab\u00e9 &hellip; Continue reading \"MPCI : Le Ministre Isma\u00ebl Nab\u00e9 plus proche de ses collaborateurs\"","og_url":"https:\/\/mpcid.gov.gn\/index.php\/mpci-le-ministre-ismael-nabe-plus-proche-de-ses-collaborateurs\/","og_site_name":"MPCI","article_publisher":"https:\/\/www.facebook.com\/MPCIGN","article_published_time":"2026-01-09T18:49:24+00:00","article_modified_time":"2026-01-09T21:26:31+00:00","og_image":[{"width":1080,"height":618,"url":"https:\/\/mpci.gov.gn\/wp-content\/uploads\/2026\/01\/2-4.jpg","type":"image\/jpeg"}],"author":"Service Communication","twitter_card":"summary_large_image","twitter_creator":"@MpciGov","twitter_site":"@MpciGov","twitter_misc":{"\u00c9crit par":"Service Communication","Dur\u00e9e de lecture estim\u00e9e":"8 minutes"},"schema":{"@context":"https:\/\/schema.org","@graph":[{"@type":"Article","@id":"https:\/\/mpcid.gov.gn\/index.php\/mpci-le-ministre-ismael-nabe-plus-proche-de-ses-collaborateurs\/#article","isPartOf":{"@id":"https:\/\/mpcid.gov.gn\/index.php\/mpci-le-ministre-ismael-nabe-plus-proche-de-ses-collaborateurs\/"},"author":{"name":"Service Communication","@id":"https:\/\/mpcid.gov.gn\/#\/schema\/person\/070aeea8fafd7a7e5a037505652abbee"},"headline":"MPCI : Le Ministre Isma\u00ebl Nab\u00e9 plus proche de ses collaborateurs","datePublished":"2026-01-09T18:49:24+00:00","dateModified":"2026-01-09T21:26:31+00:00","mainEntityOfPage":{"@id":"https:\/\/mpcid.gov.gn\/index.php\/mpci-le-ministre-ismael-nabe-plus-proche-de-ses-collaborateurs\/"},"wordCount":308,"publisher":{"@id":"https:\/\/mpcid.gov.gn\/#organization"},"image":{"@id":"https:\/\/mpcid.gov.gn\/index.php\/mpci-le-ministre-ismael-nabe-plus-proche-de-ses-collaborateurs\/#primaryimage"},"thumbnailUrl":"https:\/\/mpcid.gov.gn\/wp-content\/uploads\/2026\/01\/2-4.jpg","articleSection":["Actualit\u00e9s"],"inLanguage":"fr-FR"},{"@type":"WebPage","@id":"https:\/\/mpcid.gov.gn\/index.php\/mpci-le-ministre-ismael-nabe-plus-proche-de-ses-collaborateurs\/","url":"https:\/\/mpcid.gov.gn\/index.php\/mpci-le-ministre-ismael-nabe-plus-proche-de-ses-collaborateurs\/","name":"MPCI : Le Ministre Isma\u00ebl Nab\u00e9 plus proche de ses collaborateurs - MPCI","isPartOf":{"@id":"https:\/\/mpcid.gov.gn\/#website"},"primaryImageOfPage":{"@id":"https:\/\/mpcid.gov.gn\/index.php\/mpci-le-ministre-ismael-nabe-plus-proche-de-ses-collaborateurs\/#primaryimage"},"image":{"@id":"https:\/\/mpcid.gov.gn\/index.php\/mpci-le-ministre-ismael-nabe-plus-proche-de-ses-collaborateurs\/#primaryimage"},"thumbnailUrl":"https:\/\/mpcid.gov.gn\/wp-content\/uploads\/2026\/01\/2-4.jpg","datePublished":"2026-01-09T18:49:24+00:00","dateModified":"2026-01-09T21:26:31+00:00","breadcrumb":{"@id":"https:\/\/mpcid.gov.gn\/index.php\/mpci-le-ministre-ismael-nabe-plus-proche-de-ses-collaborateurs\/#breadcrumb"},"inLanguage":"fr-FR","potentialAction":[{"@type":"ReadAction","target":["https:\/\/mpcid.gov.gn\/index.php\/mpci-le-ministre-ismael-nabe-plus-proche-de-ses-collaborateurs\/"]}]},{"@type":"ImageObject","inLanguage":"fr-FR","@id":"https:\/\/mpcid.gov.gn\/index.php\/mpci-le-ministre-ismael-nabe-plus-proche-de-ses-collaborateurs\/#primaryimage","url":"https:\/\/mpcid.gov.gn\/wp-content\/uploads\/2026\/01\/2-4.jpg","contentUrl":"https:\/\/mpcid.gov.gn\/wp-content\/uploads\/2026\/01\/2-4.jpg","width":1080,"height":618},{"@type":"BreadcrumbList","@id":"https:\/\/mpcid.gov.gn\/index.php\/mpci-le-ministre-ismael-nabe-plus-proche-de-ses-collaborateurs\/#breadcrumb","itemListElement":[{"@type":"ListItem","position":1,"name":"Accueil","item":"https:\/\/mpcid.gov.gn\/"},{"@type":"ListItem","position":2,"name":"MPCI : Le Ministre Isma\u00ebl Nab\u00e9 plus proche de ses collaborateurs"}]},{"@type":"WebSite","@id":"https:\/\/mpcid.gov.gn\/#website","url":"https:\/\/mpcid.gov.gn\/","name":"https:\/\/mpcid.gov.gn\/","description":"Minist\u00e8re du Plan et de la Coop\u00e9ration Internationale","publisher":{"@id":"https:\/\/mpcid.gov.gn\/#organization"},"potentialAction":[{"@type":"SearchAction","target":{"@type":"EntryPoint","urlTemplate":"https:\/\/mpcid.gov.gn\/?s={search_term_string}"},"query-input":{"@type":"PropertyValueSpecification","valueRequired":true,"valueName":"search_term_string"}}],"inLanguage":"fr-FR"},{"@type":"Organization","@id":"https:\/\/mpcid.gov.gn\/#organization","name":"Minist\u00e8re du Plan et de la Coop\u00e9ration Internationale - MPCI","url":"https:\/\/mpcid.gov.gn\/","logo":{"@type":"ImageObject","inLanguage":"fr-FR","@id":"https:\/\/mpcid.gov.gn\/#\/schema\/logo\/image\/","url":"https:\/\/mpcid.gov.gn\/wp-content\/uploads\/2023\/10\/Ministere-du-Plan-et-de-la-Cooperation-Internationale-MPCI.jpg","contentUrl":"https:\/\/mpcid.gov.gn\/wp-content\/uploads\/2023\/10\/Ministere-du-Plan-et-de-la-Cooperation-Internationale-MPCI.jpg","width":462,"height":462,"caption":"Minist\u00e8re du Plan et de la Coop\u00e9ration Internationale - MPCI"},"image":{"@id":"https:\/\/mpcid.gov.gn\/#\/schema\/logo\/image\/"},"sameAs":["https:\/\/www.facebook.com\/MPCIGN","https:\/\/x.com\/MpciGov"]},{"@type":"Person","@id":"https:\/\/mpcid.gov.gn\/#\/schema\/person\/070aeea8fafd7a7e5a037505652abbee","name":"Service Communication","sameAs":["http:\/\/Service-com"],"url":"https:\/\/mpcid.gov.gn\/index.php\/author\/service-com\/"}]}},"_links":{"self":[{"href":"https:\/\/mpcid.gov.gn\/index.php\/wp-json\/wp\/v2\/posts\/18490","targetHints":{"allow":["GET"]}}],"collection":[{"href":"https:\/\/mpcid.gov.gn\/index.php\/wp-json\/wp\/v2\/posts"}],"about":[{"href":"https:\/\/mpcid.gov.gn\/index.php\/wp-json\/wp\/v2\/types\/post"}],"author":[{"embeddable":true,"href":"https:\/\/mpcid.gov.gn\/index.php\/wp-json\/wp\/v2\/users\/20"}],"replies":[{"embeddable":true,"href":"https:\/\/mpcid.gov.gn\/index.php\/wp-json\/wp\/v2\/comments?post=18490"}],"version-history":[{"count":0,"href":"https:\/\/mpcid.gov.gn\/index.php\/wp-json\/wp\/v2\/posts\/18490\/revisions"}],"wp:featuredmedia":[{"embeddable":true,"href":"https:\/\/mpcid.gov.gn\/index.php\/wp-json\/wp\/v2\/media\/18514"}],"wp:attachment":[{"href":"https:\/\/mpcid.gov.gn\/index.php\/wp-json\/wp\/v2\/media?parent=18490"}],"wp:term":[{"taxonomy":"category","embeddable":true,"href":"https:\/\/mpcid.gov.gn\/index.php\/wp-json\/wp\/v2\/categories?post=18490"},{"taxonomy":"post_tag","embeddable":true,"href":"https:\/\/mpcid.gov.gn\/index.php\/wp-json\/wp\/v2\/tags?post=18490"}],"curies":[{"name":"wp","href":"https:\/\/api.w.org\/{rel}","templated":true}]}}