{"id":17755,"date":"2025-11-15T21:57:10","date_gmt":"2025-11-15T21:57:10","guid":{"rendered":"https:\/\/mpci.gov.gn\/?p=17755"},"modified":"2025-11-15T22:06:05","modified_gmt":"2025-11-15T22:06:05","slug":"renforcement-de-la-coordination-et-impact-durable-des-interventions-des-ptf-tenue-de-la-deuxieme-session-de-lunite-centrale-de-coordination-ucc","status":"publish","type":"post","link":"https:\/\/mpcid.gov.gn\/index.php\/renforcement-de-la-coordination-et-impact-durable-des-interventions-des-ptf-tenue-de-la-deuxieme-session-de-lunite-centrale-de-coordination-ucc\/","title":{"rendered":"Renforcement de la coordination et impact durable des interventions des PTF : tenue de la deuxi\u00e8me session de l\u2019Unit\u00e9 Centrale de Coordination (UCC)"},"content":{"rendered":"<p>Conakry, le 14 novembre 2025 \u2013 Dans une dynamique d\u2019am\u00e9lioration de la coh\u00e9rence, de l\u2019harmonisation et du suivi des interventions des Partenaires Techniques et Financiers (PTF) en Guin\u00e9e, la deuxi\u00e8me session de l\u2019Unit\u00e9 Centrale de Coordination (UCC) s\u2019est tenue ce mardi sous la pr\u00e9sidence de l\u2019Ambassadeur Kab\u00e8l\u00e8 Soumah, Secr\u00e9taire G\u00e9n\u00e9ral du Minist\u00e8re du Plan et de la Coop\u00e9ration Internationale (MPCI) et Pr\u00e9sident de ladite unit\u00e9.<\/p>\n<p>La rencontre a r\u00e9uni des repr\u00e9sentants du Minist\u00e8re de l\u2019\u00c9conomie et des Finances, du Minist\u00e8re de la Sant\u00e9, du Minist\u00e8re de la Promotion F\u00e9minine, de l\u2019Enfance et des Personnes Vuln\u00e9rables, ainsi que la Coordination du Syst\u00e8me des Nations Unies en Guin\u00e9e. Les structures techniques nationales \u2013 INS, DNP, DNPD, BSD \u2013 ainsi que le Conseil National des Jeunes de Guin\u00e9e ont \u00e9galement pris part aux travaux.<\/p>\n<p>Dans son allocution, prononc\u00e9e au nom du ministre Isma\u00ebl Nab\u00e9, le Secr\u00e9taire G\u00e9n\u00e9ral Kab\u00e8l\u00e8 Soumah a rappel\u00e9 que l\u2019UCC constitue l\u2019organe national charg\u00e9 d\u2019assurer une coordination strat\u00e9gique entre l\u2019\u00c9tat, les PTF et les minist\u00e8res sectoriels. Il a insist\u00e9 sur l\u2019importance de renforcer la coh\u00e9rence des programmes, d\u2019am\u00e9liorer la planification conjointe, de garantir un suivi-\u00e9valuation rigoureux et d\u2019\u00e9viter la dispersion des initiatives, afin de maximiser l\u2019impact des interventions sur les communaut\u00e9s.<\/p>\n<p>S\u2019exprimant toujours au nom du ministre, le Secr\u00e9taire G\u00e9n\u00e9ral a salu\u00e9 les r\u00e9sultats concrets observ\u00e9s lors de la r\u00e9cente mission de terrain effectu\u00e9e avec l\u2019UNFPA. Il a \u00e9galement r\u00e9affirm\u00e9 que Simandou 2040 constitue le cadre unique et obligatoire de r\u00e9f\u00e9rence pour toute intervention publique ou appuy\u00e9e par les partenaires en Guin\u00e9e, garantissant un alignement strat\u00e9gique entre les actions nationales et les appuis des PTF.<\/p>\n<p>Les participants ont pass\u00e9 en revue les progr\u00e8s r\u00e9alis\u00e9s en 2025, notamment en mati\u00e8re d\u2019alignement des programmes, de coordination sectorielle et d\u2019appui aux processus de planification nationale. Ils ont \u00e9galement pr\u00e9sent\u00e9 les priorit\u00e9s pour l\u2019ann\u00e9e \u00e0 venir, dont la mise en place d\u2019un tableau de bord num\u00e9rique int\u00e9gr\u00e9, destin\u00e9 \u00e0 renforcer la transparence et la lisibilit\u00e9 des contributions des secteurs et des partenaires.<\/p>\n<p>Intervenant \u00e0 son tour, Dr Jean Marie KIPELA, Coordinateur par int\u00e9rim du Syst\u00e8me des Nations Unies en Guin\u00e9e, a salu\u00e9 les efforts du gouvernement et mis en avant la n\u00e9cessit\u00e9 d\u2019une coordination plus int\u00e9gr\u00e9e, r\u00e9active et ancr\u00e9e aux niveaux national et local. Il a rappel\u00e9 que la r\u00e9ussite de la r\u00e9forme d\u00e9pend de son appropriation par les autorit\u00e9s et les populations, soulignant le r\u00f4le cl\u00e9 du leadership gouvernemental.<\/p>\n<p>Les travaux ont d\u00e9bouch\u00e9 sur plusieurs recommandations visant \u00e0 renforcer la coordination interinstitutionnelle, optimiser l\u2019utilisation des ressources, consolider les m\u00e9canismes de suivi-\u00e9valuation et garantir que chaque intervention contribue de mani\u00e8re tangible au d\u00e9veloppement durable, inclusif et align\u00e9 sur les priorit\u00e9s nationales.<\/p>\n<p>Cette deuxi\u00e8me session de l\u2019UCC r\u00e9affirme l\u2019engagement du gouvernement et de ses partenaires \u00e0 structurer une coordination nationale plus efficace, maximiser l\u2019impact des interventions et promouvoir une gouvernance orient\u00e9e vers les r\u00e9sultats, au service de la population guin\u00e9enne.<\/p>\n","protected":false},"excerpt":{"rendered":"<p>Conakry, le 14 novembre 2025 \u2013 Dans une dynamique d\u2019am\u00e9lioration de la coh\u00e9rence, de l\u2019harmonisation et du suivi des interventions des Partenaires Techniques et Financiers (PTF) en Guin\u00e9e, la deuxi\u00e8me session de l\u2019Unit\u00e9 Centrale de Coordination (UCC) s\u2019est tenue ce mardi sous la pr\u00e9sidence de l\u2019Ambassadeur Kab\u00e8l\u00e8 Soumah, Secr\u00e9taire G\u00e9n\u00e9ral du Minist\u00e8re du Plan et &hellip; <a href=\"https:\/\/mpcid.gov.gn\/index.php\/renforcement-de-la-coordination-et-impact-durable-des-interventions-des-ptf-tenue-de-la-deuxieme-session-de-lunite-centrale-de-coordination-ucc\/\" class=\"more-link\">Continue reading<span class=\"screen-reader-text\"> \u00ab\u00a0Renforcement de la coordination et impact durable des interventions des PTF : tenue de la deuxi\u00e8me session de l\u2019Unit\u00e9 Centrale de Coordination (UCC)\u00a0\u00bb<\/span><\/a><\/p>\n","protected":false},"author":20,"featured_media":17756,"comment_status":"closed","ping_status":"closed","sticky":false,"template":"","format":"standard","meta":{"footnotes":""},"categories":[63],"tags":[],"class_list":["post-17755","post","type-post","status-publish","format-standard","has-post-thumbnail","hentry","category-actualites"],"yoast_head":"<!-- This site is optimized with the Yoast SEO plugin v27.5 - https:\/\/yoast.com\/product\/yoast-seo-wordpress\/ -->\n<title>Renforcement de la coordination et impact durable des interventions des PTF : tenue de la deuxi\u00e8me session de l\u2019Unit\u00e9 Centrale de Coordination (UCC) - MPCI<\/title>\n<meta name=\"robots\" content=\"index, follow, max-snippet:-1, max-image-preview:large, max-video-preview:-1\" \/>\n<link rel=\"canonical\" href=\"https:\/\/mpcid.gov.gn\/index.php\/renforcement-de-la-coordination-et-impact-durable-des-interventions-des-ptf-tenue-de-la-deuxieme-session-de-lunite-centrale-de-coordination-ucc\/\" \/>\n<meta property=\"og:locale\" content=\"fr_FR\" \/>\n<meta property=\"og:type\" content=\"article\" \/>\n<meta property=\"og:title\" content=\"Renforcement de la coordination et impact durable des interventions des PTF : tenue de la deuxi\u00e8me session de l\u2019Unit\u00e9 Centrale de Coordination (UCC) - MPCI\" \/>\n<meta property=\"og:description\" content=\"Conakry, le 14 novembre 2025 \u2013 Dans une dynamique d\u2019am\u00e9lioration de la coh\u00e9rence, de l\u2019harmonisation et du suivi des interventions des Partenaires Techniques et Financiers (PTF) en Guin\u00e9e, la deuxi\u00e8me session de l\u2019Unit\u00e9 Centrale de Coordination (UCC) s\u2019est tenue ce mardi sous la pr\u00e9sidence de l\u2019Ambassadeur Kab\u00e8l\u00e8 Soumah, Secr\u00e9taire G\u00e9n\u00e9ral du Minist\u00e8re du Plan et &hellip; Continue reading &quot;Renforcement de la coordination et impact durable des interventions des PTF : tenue de la deuxi\u00e8me session de l\u2019Unit\u00e9 Centrale de Coordination (UCC)&quot;\" \/>\n<meta property=\"og:url\" content=\"https:\/\/mpcid.gov.gn\/index.php\/renforcement-de-la-coordination-et-impact-durable-des-interventions-des-ptf-tenue-de-la-deuxieme-session-de-lunite-centrale-de-coordination-ucc\/\" \/>\n<meta property=\"og:site_name\" content=\"MPCI\" \/>\n<meta property=\"article:publisher\" content=\"https:\/\/www.facebook.com\/MPCIGN\" \/>\n<meta property=\"article:published_time\" content=\"2025-11-15T21:57:10+00:00\" \/>\n<meta property=\"article:modified_time\" content=\"2025-11-15T22:06:05+00:00\" \/>\n<meta property=\"og:image\" content=\"https:\/\/mpci.gov.gn\/wp-content\/uploads\/2025\/11\/1-7.jpg\" \/>\n\t<meta property=\"og:image:width\" content=\"2560\" \/>\n\t<meta property=\"og:image:height\" content=\"1281\" \/>\n\t<meta property=\"og:image:type\" content=\"image\/jpeg\" \/>\n<meta name=\"author\" content=\"Service Communication\" \/>\n<meta name=\"twitter:card\" content=\"summary_large_image\" \/>\n<meta name=\"twitter:creator\" content=\"@MpciGov\" \/>\n<meta name=\"twitter:site\" content=\"@MpciGov\" \/>\n<meta name=\"twitter:label1\" content=\"\u00c9crit par\" \/>\n\t<meta name=\"twitter:data1\" content=\"Service Communication\" \/>\n\t<meta name=\"twitter:label2\" content=\"Dur\u00e9e de lecture estim\u00e9e\" \/>\n\t<meta name=\"twitter:data2\" content=\"3 minutes\" \/>\n<script type=\"application\/ld+json\" class=\"yoast-schema-graph\">{\"@context\":\"https:\\\/\\\/schema.org\",\"@graph\":[{\"@type\":\"Article\",\"@id\":\"https:\\\/\\\/mpcid.gov.gn\\\/index.php\\\/renforcement-de-la-coordination-et-impact-durable-des-interventions-des-ptf-tenue-de-la-deuxieme-session-de-lunite-centrale-de-coordination-ucc\\\/#article\",\"isPartOf\":{\"@id\":\"https:\\\/\\\/mpcid.gov.gn\\\/index.php\\\/renforcement-de-la-coordination-et-impact-durable-des-interventions-des-ptf-tenue-de-la-deuxieme-session-de-lunite-centrale-de-coordination-ucc\\\/\"},\"author\":{\"name\":\"Service Communication\",\"@id\":\"https:\\\/\\\/mpcid.gov.gn\\\/#\\\/schema\\\/person\\\/070aeea8fafd7a7e5a037505652abbee\"},\"headline\":\"Renforcement de la coordination et impact durable des interventions des PTF : tenue de la deuxi\u00e8me session de l\u2019Unit\u00e9 Centrale de Coordination (UCC)\",\"datePublished\":\"2025-11-15T21:57:10+00:00\",\"dateModified\":\"2025-11-15T22:06:05+00:00\",\"mainEntityOfPage\":{\"@id\":\"https:\\\/\\\/mpcid.gov.gn\\\/index.php\\\/renforcement-de-la-coordination-et-impact-durable-des-interventions-des-ptf-tenue-de-la-deuxieme-session-de-lunite-centrale-de-coordination-ucc\\\/\"},\"wordCount\":593,\"publisher\":{\"@id\":\"https:\\\/\\\/mpcid.gov.gn\\\/#organization\"},\"image\":{\"@id\":\"https:\\\/\\\/mpcid.gov.gn\\\/index.php\\\/renforcement-de-la-coordination-et-impact-durable-des-interventions-des-ptf-tenue-de-la-deuxieme-session-de-lunite-centrale-de-coordination-ucc\\\/#primaryimage\"},\"thumbnailUrl\":\"https:\\\/\\\/mpcid.gov.gn\\\/wp-content\\\/uploads\\\/2025\\\/11\\\/1-7.jpg\",\"articleSection\":[\"Actualit\u00e9s\"],\"inLanguage\":\"fr-FR\"},{\"@type\":\"WebPage\",\"@id\":\"https:\\\/\\\/mpcid.gov.gn\\\/index.php\\\/renforcement-de-la-coordination-et-impact-durable-des-interventions-des-ptf-tenue-de-la-deuxieme-session-de-lunite-centrale-de-coordination-ucc\\\/\",\"url\":\"https:\\\/\\\/mpcid.gov.gn\\\/index.php\\\/renforcement-de-la-coordination-et-impact-durable-des-interventions-des-ptf-tenue-de-la-deuxieme-session-de-lunite-centrale-de-coordination-ucc\\\/\",\"name\":\"Renforcement de la coordination et impact durable des interventions des PTF : tenue de la deuxi\u00e8me session de l\u2019Unit\u00e9 Centrale de Coordination (UCC) - MPCI\",\"isPartOf\":{\"@id\":\"https:\\\/\\\/mpcid.gov.gn\\\/#website\"},\"primaryImageOfPage\":{\"@id\":\"https:\\\/\\\/mpcid.gov.gn\\\/index.php\\\/renforcement-de-la-coordination-et-impact-durable-des-interventions-des-ptf-tenue-de-la-deuxieme-session-de-lunite-centrale-de-coordination-ucc\\\/#primaryimage\"},\"image\":{\"@id\":\"https:\\\/\\\/mpcid.gov.gn\\\/index.php\\\/renforcement-de-la-coordination-et-impact-durable-des-interventions-des-ptf-tenue-de-la-deuxieme-session-de-lunite-centrale-de-coordination-ucc\\\/#primaryimage\"},\"thumbnailUrl\":\"https:\\\/\\\/mpcid.gov.gn\\\/wp-content\\\/uploads\\\/2025\\\/11\\\/1-7.jpg\",\"datePublished\":\"2025-11-15T21:57:10+00:00\",\"dateModified\":\"2025-11-15T22:06:05+00:00\",\"breadcrumb\":{\"@id\":\"https:\\\/\\\/mpcid.gov.gn\\\/index.php\\\/renforcement-de-la-coordination-et-impact-durable-des-interventions-des-ptf-tenue-de-la-deuxieme-session-de-lunite-centrale-de-coordination-ucc\\\/#breadcrumb\"},\"inLanguage\":\"fr-FR\",\"potentialAction\":[{\"@type\":\"ReadAction\",\"target\":[\"https:\\\/\\\/mpcid.gov.gn\\\/index.php\\\/renforcement-de-la-coordination-et-impact-durable-des-interventions-des-ptf-tenue-de-la-deuxieme-session-de-lunite-centrale-de-coordination-ucc\\\/\"]}]},{\"@type\":\"ImageObject\",\"inLanguage\":\"fr-FR\",\"@id\":\"https:\\\/\\\/mpcid.gov.gn\\\/index.php\\\/renforcement-de-la-coordination-et-impact-durable-des-interventions-des-ptf-tenue-de-la-deuxieme-session-de-lunite-centrale-de-coordination-ucc\\\/#primaryimage\",\"url\":\"https:\\\/\\\/mpcid.gov.gn\\\/wp-content\\\/uploads\\\/2025\\\/11\\\/1-7.jpg\",\"contentUrl\":\"https:\\\/\\\/mpcid.gov.gn\\\/wp-content\\\/uploads\\\/2025\\\/11\\\/1-7.jpg\",\"width\":2560,\"height\":1281},{\"@type\":\"BreadcrumbList\",\"@id\":\"https:\\\/\\\/mpcid.gov.gn\\\/index.php\\\/renforcement-de-la-coordination-et-impact-durable-des-interventions-des-ptf-tenue-de-la-deuxieme-session-de-lunite-centrale-de-coordination-ucc\\\/#breadcrumb\",\"itemListElement\":[{\"@type\":\"ListItem\",\"position\":1,\"name\":\"Accueil\",\"item\":\"https:\\\/\\\/mpcid.gov.gn\\\/\"},{\"@type\":\"ListItem\",\"position\":2,\"name\":\"Renforcement de la coordination et impact durable des interventions des PTF : tenue de la deuxi\u00e8me session de l\u2019Unit\u00e9 Centrale de Coordination (UCC)\"}]},{\"@type\":\"WebSite\",\"@id\":\"https:\\\/\\\/mpcid.gov.gn\\\/#website\",\"url\":\"https:\\\/\\\/mpcid.gov.gn\\\/\",\"name\":\"https:\\\/\\\/mpcid.gov.gn\\\/\",\"description\":\"Minist\u00e8re du Plan et de la Coop\u00e9ration Internationale\",\"publisher\":{\"@id\":\"https:\\\/\\\/mpcid.gov.gn\\\/#organization\"},\"potentialAction\":[{\"@type\":\"SearchAction\",\"target\":{\"@type\":\"EntryPoint\",\"urlTemplate\":\"https:\\\/\\\/mpcid.gov.gn\\\/?s={search_term_string}\"},\"query-input\":{\"@type\":\"PropertyValueSpecification\",\"valueRequired\":true,\"valueName\":\"search_term_string\"}}],\"inLanguage\":\"fr-FR\"},{\"@type\":\"Organization\",\"@id\":\"https:\\\/\\\/mpcid.gov.gn\\\/#organization\",\"name\":\"Minist\u00e8re du Plan et de la Coop\u00e9ration Internationale - MPCI\",\"url\":\"https:\\\/\\\/mpcid.gov.gn\\\/\",\"logo\":{\"@type\":\"ImageObject\",\"inLanguage\":\"fr-FR\",\"@id\":\"https:\\\/\\\/mpcid.gov.gn\\\/#\\\/schema\\\/logo\\\/image\\\/\",\"url\":\"https:\\\/\\\/mpcid.gov.gn\\\/wp-content\\\/uploads\\\/2023\\\/10\\\/Ministere-du-Plan-et-de-la-Cooperation-Internationale-MPCI.jpg\",\"contentUrl\":\"https:\\\/\\\/mpcid.gov.gn\\\/wp-content\\\/uploads\\\/2023\\\/10\\\/Ministere-du-Plan-et-de-la-Cooperation-Internationale-MPCI.jpg\",\"width\":462,\"height\":462,\"caption\":\"Minist\u00e8re du Plan et de la Coop\u00e9ration Internationale - MPCI\"},\"image\":{\"@id\":\"https:\\\/\\\/mpcid.gov.gn\\\/#\\\/schema\\\/logo\\\/image\\\/\"},\"sameAs\":[\"https:\\\/\\\/www.facebook.com\\\/MPCIGN\",\"https:\\\/\\\/x.com\\\/MpciGov\"]},{\"@type\":\"Person\",\"@id\":\"https:\\\/\\\/mpcid.gov.gn\\\/#\\\/schema\\\/person\\\/070aeea8fafd7a7e5a037505652abbee\",\"name\":\"Service Communication\",\"sameAs\":[\"http:\\\/\\\/Service-com\"],\"url\":\"https:\\\/\\\/mpcid.gov.gn\\\/index.php\\\/author\\\/service-com\\\/\"}]}<\/script>\n<!-- \/ Yoast SEO plugin. -->","yoast_head_json":{"title":"Renforcement de la coordination et impact durable des interventions des PTF : tenue de la deuxi\u00e8me session de l\u2019Unit\u00e9 Centrale de Coordination (UCC) - MPCI","robots":{"index":"index","follow":"follow","max-snippet":"max-snippet:-1","max-image-preview":"max-image-preview:large","max-video-preview":"max-video-preview:-1"},"canonical":"https:\/\/mpcid.gov.gn\/index.php\/renforcement-de-la-coordination-et-impact-durable-des-interventions-des-ptf-tenue-de-la-deuxieme-session-de-lunite-centrale-de-coordination-ucc\/","og_locale":"fr_FR","og_type":"article","og_title":"Renforcement de la coordination et impact durable des interventions des PTF : tenue de la deuxi\u00e8me session de l\u2019Unit\u00e9 Centrale de Coordination (UCC) - MPCI","og_description":"Conakry, le 14 novembre 2025 \u2013 Dans une dynamique d\u2019am\u00e9lioration de la coh\u00e9rence, de l\u2019harmonisation et du suivi des interventions des Partenaires Techniques et Financiers (PTF) en Guin\u00e9e, la deuxi\u00e8me session de l\u2019Unit\u00e9 Centrale de Coordination (UCC) s\u2019est tenue ce mardi sous la pr\u00e9sidence de l\u2019Ambassadeur Kab\u00e8l\u00e8 Soumah, Secr\u00e9taire G\u00e9n\u00e9ral du Minist\u00e8re du Plan et &hellip; Continue reading \"Renforcement de la coordination et impact durable des interventions des PTF : tenue de la deuxi\u00e8me session de l\u2019Unit\u00e9 Centrale de Coordination (UCC)\"","og_url":"https:\/\/mpcid.gov.gn\/index.php\/renforcement-de-la-coordination-et-impact-durable-des-interventions-des-ptf-tenue-de-la-deuxieme-session-de-lunite-centrale-de-coordination-ucc\/","og_site_name":"MPCI","article_publisher":"https:\/\/www.facebook.com\/MPCIGN","article_published_time":"2025-11-15T21:57:10+00:00","article_modified_time":"2025-11-15T22:06:05+00:00","og_image":[{"width":2560,"height":1281,"url":"https:\/\/mpci.gov.gn\/wp-content\/uploads\/2025\/11\/1-7.jpg","type":"image\/jpeg"}],"author":"Service Communication","twitter_card":"summary_large_image","twitter_creator":"@MpciGov","twitter_site":"@MpciGov","twitter_misc":{"\u00c9crit par":"Service Communication","Dur\u00e9e de lecture estim\u00e9e":"3 minutes"},"schema":{"@context":"https:\/\/schema.org","@graph":[{"@type":"Article","@id":"https:\/\/mpcid.gov.gn\/index.php\/renforcement-de-la-coordination-et-impact-durable-des-interventions-des-ptf-tenue-de-la-deuxieme-session-de-lunite-centrale-de-coordination-ucc\/#article","isPartOf":{"@id":"https:\/\/mpcid.gov.gn\/index.php\/renforcement-de-la-coordination-et-impact-durable-des-interventions-des-ptf-tenue-de-la-deuxieme-session-de-lunite-centrale-de-coordination-ucc\/"},"author":{"name":"Service Communication","@id":"https:\/\/mpcid.gov.gn\/#\/schema\/person\/070aeea8fafd7a7e5a037505652abbee"},"headline":"Renforcement de la coordination et impact durable des interventions des PTF : tenue de la deuxi\u00e8me session de l\u2019Unit\u00e9 Centrale de Coordination (UCC)","datePublished":"2025-11-15T21:57:10+00:00","dateModified":"2025-11-15T22:06:05+00:00","mainEntityOfPage":{"@id":"https:\/\/mpcid.gov.gn\/index.php\/renforcement-de-la-coordination-et-impact-durable-des-interventions-des-ptf-tenue-de-la-deuxieme-session-de-lunite-centrale-de-coordination-ucc\/"},"wordCount":593,"publisher":{"@id":"https:\/\/mpcid.gov.gn\/#organization"},"image":{"@id":"https:\/\/mpcid.gov.gn\/index.php\/renforcement-de-la-coordination-et-impact-durable-des-interventions-des-ptf-tenue-de-la-deuxieme-session-de-lunite-centrale-de-coordination-ucc\/#primaryimage"},"thumbnailUrl":"https:\/\/mpcid.gov.gn\/wp-content\/uploads\/2025\/11\/1-7.jpg","articleSection":["Actualit\u00e9s"],"inLanguage":"fr-FR"},{"@type":"WebPage","@id":"https:\/\/mpcid.gov.gn\/index.php\/renforcement-de-la-coordination-et-impact-durable-des-interventions-des-ptf-tenue-de-la-deuxieme-session-de-lunite-centrale-de-coordination-ucc\/","url":"https:\/\/mpcid.gov.gn\/index.php\/renforcement-de-la-coordination-et-impact-durable-des-interventions-des-ptf-tenue-de-la-deuxieme-session-de-lunite-centrale-de-coordination-ucc\/","name":"Renforcement de la coordination et impact durable des interventions des PTF : tenue de la deuxi\u00e8me session de l\u2019Unit\u00e9 Centrale de Coordination (UCC) - MPCI","isPartOf":{"@id":"https:\/\/mpcid.gov.gn\/#website"},"primaryImageOfPage":{"@id":"https:\/\/mpcid.gov.gn\/index.php\/renforcement-de-la-coordination-et-impact-durable-des-interventions-des-ptf-tenue-de-la-deuxieme-session-de-lunite-centrale-de-coordination-ucc\/#primaryimage"},"image":{"@id":"https:\/\/mpcid.gov.gn\/index.php\/renforcement-de-la-coordination-et-impact-durable-des-interventions-des-ptf-tenue-de-la-deuxieme-session-de-lunite-centrale-de-coordination-ucc\/#primaryimage"},"thumbnailUrl":"https:\/\/mpcid.gov.gn\/wp-content\/uploads\/2025\/11\/1-7.jpg","datePublished":"2025-11-15T21:57:10+00:00","dateModified":"2025-11-15T22:06:05+00:00","breadcrumb":{"@id":"https:\/\/mpcid.gov.gn\/index.php\/renforcement-de-la-coordination-et-impact-durable-des-interventions-des-ptf-tenue-de-la-deuxieme-session-de-lunite-centrale-de-coordination-ucc\/#breadcrumb"},"inLanguage":"fr-FR","potentialAction":[{"@type":"ReadAction","target":["https:\/\/mpcid.gov.gn\/index.php\/renforcement-de-la-coordination-et-impact-durable-des-interventions-des-ptf-tenue-de-la-deuxieme-session-de-lunite-centrale-de-coordination-ucc\/"]}]},{"@type":"ImageObject","inLanguage":"fr-FR","@id":"https:\/\/mpcid.gov.gn\/index.php\/renforcement-de-la-coordination-et-impact-durable-des-interventions-des-ptf-tenue-de-la-deuxieme-session-de-lunite-centrale-de-coordination-ucc\/#primaryimage","url":"https:\/\/mpcid.gov.gn\/wp-content\/uploads\/2025\/11\/1-7.jpg","contentUrl":"https:\/\/mpcid.gov.gn\/wp-content\/uploads\/2025\/11\/1-7.jpg","width":2560,"height":1281},{"@type":"BreadcrumbList","@id":"https:\/\/mpcid.gov.gn\/index.php\/renforcement-de-la-coordination-et-impact-durable-des-interventions-des-ptf-tenue-de-la-deuxieme-session-de-lunite-centrale-de-coordination-ucc\/#breadcrumb","itemListElement":[{"@type":"ListItem","position":1,"name":"Accueil","item":"https:\/\/mpcid.gov.gn\/"},{"@type":"ListItem","position":2,"name":"Renforcement de la coordination et impact durable des interventions des PTF : tenue de la deuxi\u00e8me session de l\u2019Unit\u00e9 Centrale de Coordination (UCC)"}]},{"@type":"WebSite","@id":"https:\/\/mpcid.gov.gn\/#website","url":"https:\/\/mpcid.gov.gn\/","name":"https:\/\/mpcid.gov.gn\/","description":"Minist\u00e8re du Plan et de la Coop\u00e9ration Internationale","publisher":{"@id":"https:\/\/mpcid.gov.gn\/#organization"},"potentialAction":[{"@type":"SearchAction","target":{"@type":"EntryPoint","urlTemplate":"https:\/\/mpcid.gov.gn\/?s={search_term_string}"},"query-input":{"@type":"PropertyValueSpecification","valueRequired":true,"valueName":"search_term_string"}}],"inLanguage":"fr-FR"},{"@type":"Organization","@id":"https:\/\/mpcid.gov.gn\/#organization","name":"Minist\u00e8re du Plan et de la Coop\u00e9ration Internationale - MPCI","url":"https:\/\/mpcid.gov.gn\/","logo":{"@type":"ImageObject","inLanguage":"fr-FR","@id":"https:\/\/mpcid.gov.gn\/#\/schema\/logo\/image\/","url":"https:\/\/mpcid.gov.gn\/wp-content\/uploads\/2023\/10\/Ministere-du-Plan-et-de-la-Cooperation-Internationale-MPCI.jpg","contentUrl":"https:\/\/mpcid.gov.gn\/wp-content\/uploads\/2023\/10\/Ministere-du-Plan-et-de-la-Cooperation-Internationale-MPCI.jpg","width":462,"height":462,"caption":"Minist\u00e8re du Plan et de la Coop\u00e9ration Internationale - MPCI"},"image":{"@id":"https:\/\/mpcid.gov.gn\/#\/schema\/logo\/image\/"},"sameAs":["https:\/\/www.facebook.com\/MPCIGN","https:\/\/x.com\/MpciGov"]},{"@type":"Person","@id":"https:\/\/mpcid.gov.gn\/#\/schema\/person\/070aeea8fafd7a7e5a037505652abbee","name":"Service Communication","sameAs":["http:\/\/Service-com"],"url":"https:\/\/mpcid.gov.gn\/index.php\/author\/service-com\/"}]}},"_links":{"self":[{"href":"https:\/\/mpcid.gov.gn\/index.php\/wp-json\/wp\/v2\/posts\/17755","targetHints":{"allow":["GET"]}}],"collection":[{"href":"https:\/\/mpcid.gov.gn\/index.php\/wp-json\/wp\/v2\/posts"}],"about":[{"href":"https:\/\/mpcid.gov.gn\/index.php\/wp-json\/wp\/v2\/types\/post"}],"author":[{"embeddable":true,"href":"https:\/\/mpcid.gov.gn\/index.php\/wp-json\/wp\/v2\/users\/20"}],"replies":[{"embeddable":true,"href":"https:\/\/mpcid.gov.gn\/index.php\/wp-json\/wp\/v2\/comments?post=17755"}],"version-history":[{"count":0,"href":"https:\/\/mpcid.gov.gn\/index.php\/wp-json\/wp\/v2\/posts\/17755\/revisions"}],"wp:featuredmedia":[{"embeddable":true,"href":"https:\/\/mpcid.gov.gn\/index.php\/wp-json\/wp\/v2\/media\/17756"}],"wp:attachment":[{"href":"https:\/\/mpcid.gov.gn\/index.php\/wp-json\/wp\/v2\/media?parent=17755"}],"wp:term":[{"taxonomy":"category","embeddable":true,"href":"https:\/\/mpcid.gov.gn\/index.php\/wp-json\/wp\/v2\/categories?post=17755"},{"taxonomy":"post_tag","embeddable":true,"href":"https:\/\/mpcid.gov.gn\/index.php\/wp-json\/wp\/v2\/tags?post=17755"}],"curies":[{"name":"wp","href":"https:\/\/api.w.org\/{rel}","templated":true}]}}