{"id":12621,"date":"2024-07-09T12:16:26","date_gmt":"2024-07-09T12:16:26","guid":{"rendered":"https:\/\/mpci.gov.gn\/?p=12621"},"modified":"2024-07-11T12:18:02","modified_gmt":"2024-07-11T12:18:02","slug":"audience-le-ministre-ismael-nabe-discute-avec-le-representant-de-la-bid","status":"publish","type":"post","link":"https:\/\/mpcid.gov.gn\/index.php\/audience-le-ministre-ismael-nabe-discute-avec-le-representant-de-la-bid\/","title":{"rendered":"Audience : le Ministre Ismael NABE discute avec le repr\u00e9sentant de la BID"},"content":{"rendered":"<p>Ce lundi 8 juillet 2024, M. Ismael NABE, Ministre du Plan et de la Coop\u00e9ration Internationale, accompagn\u00e9 de son cabinet, a re\u00e7u en audience M. Alpha Boubacar DIALLO, repr\u00e9sentant r\u00e9sident de la Banque Islamique de D\u00e9veloppement (BID) en Guin\u00e9e. M. DIALLO \u00e9tait accompagn\u00e9 de M. Iqbal JHUMKA, consultant et chef de mission de la BID pour la supervision des projets de d\u00e9veloppement local.<br \/>\nLes discussions ont port\u00e9 sur les divers projets en cours dans les pr\u00e9fectures de Bok\u00e9, T\u00e9lim\u00e9l\u00e9 et Dabola, notamment le projet du village durable de Banko.<\/p>\n","protected":false},"excerpt":{"rendered":"<p>Ce lundi 8 juillet 2024, M. Ismael NABE, Ministre du Plan et de la Coop\u00e9ration Internationale, accompagn\u00e9 de son cabinet, a re\u00e7u en audience M. Alpha Boubacar DIALLO, repr\u00e9sentant r\u00e9sident de la Banque Islamique de D\u00e9veloppement (BID) en Guin\u00e9e. M. DIALLO \u00e9tait accompagn\u00e9 de M. Iqbal JHUMKA, consultant et chef de mission de la BID &hellip; <a href=\"https:\/\/mpcid.gov.gn\/index.php\/audience-le-ministre-ismael-nabe-discute-avec-le-representant-de-la-bid\/\" class=\"more-link\">Continue reading<span class=\"screen-reader-text\"> \u00ab\u00a0Audience : le Ministre Ismael NABE discute avec le repr\u00e9sentant de la BID\u00a0\u00bb<\/span><\/a><\/p>\n","protected":false},"author":6,"featured_media":12622,"comment_status":"closed","ping_status":"closed","sticky":false,"template":"","format":"standard","meta":{"footnotes":""},"categories":[63],"tags":[],"class_list":["post-12621","post","type-post","status-publish","format-standard","has-post-thumbnail","hentry","category-actualites"],"yoast_head":"<!-- This site is optimized with the Yoast SEO plugin v27.5 - https:\/\/yoast.com\/product\/yoast-seo-wordpress\/ -->\n<title>Audience : le Ministre Ismael NABE discute avec le repr\u00e9sentant de la BID - MPCI<\/title>\n<meta name=\"robots\" content=\"index, follow, max-snippet:-1, max-image-preview:large, max-video-preview:-1\" \/>\n<link rel=\"canonical\" href=\"https:\/\/mpcid.gov.gn\/index.php\/audience-le-ministre-ismael-nabe-discute-avec-le-representant-de-la-bid\/\" \/>\n<meta property=\"og:locale\" content=\"fr_FR\" \/>\n<meta property=\"og:type\" content=\"article\" \/>\n<meta property=\"og:title\" content=\"Audience : le Ministre Ismael NABE discute avec le repr\u00e9sentant de la BID - MPCI\" \/>\n<meta property=\"og:description\" content=\"Ce lundi 8 juillet 2024, M. Ismael NABE, Ministre du Plan et de la Coop\u00e9ration Internationale, accompagn\u00e9 de son cabinet, a re\u00e7u en audience M. Alpha Boubacar DIALLO, repr\u00e9sentant r\u00e9sident de la Banque Islamique de D\u00e9veloppement (BID) en Guin\u00e9e. M. DIALLO \u00e9tait accompagn\u00e9 de M. Iqbal JHUMKA, consultant et chef de mission de la BID &hellip; Continue reading &quot;Audience : le Ministre Ismael NABE discute avec le repr\u00e9sentant de la BID&quot;\" \/>\n<meta property=\"og:url\" content=\"https:\/\/mpcid.gov.gn\/index.php\/audience-le-ministre-ismael-nabe-discute-avec-le-representant-de-la-bid\/\" \/>\n<meta property=\"og:site_name\" content=\"MPCI\" \/>\n<meta property=\"article:publisher\" content=\"https:\/\/www.facebook.com\/MPCIGN\" \/>\n<meta property=\"article:published_time\" content=\"2024-07-09T12:16:26+00:00\" \/>\n<meta property=\"article:modified_time\" content=\"2024-07-11T12:18:02+00:00\" \/>\n<meta property=\"og:image\" content=\"https:\/\/mpci.gov.gn\/wp-content\/uploads\/2024\/07\/450607814_453508074272166_2726715827809775124_n.jpg\" \/>\n\t<meta property=\"og:image:width\" content=\"1440\" \/>\n\t<meta property=\"og:image:height\" content=\"1012\" \/>\n\t<meta property=\"og:image:type\" content=\"image\/jpeg\" \/>\n<meta name=\"author\" content=\"MPCI\" \/>\n<meta name=\"twitter:card\" content=\"summary_large_image\" \/>\n<meta name=\"twitter:creator\" content=\"@MpciGov\" \/>\n<meta name=\"twitter:site\" content=\"@MpciGov\" \/>\n<meta name=\"twitter:label1\" content=\"\u00c9crit par\" \/>\n\t<meta name=\"twitter:data1\" content=\"MPCI\" \/>\n\t<meta name=\"twitter:label2\" content=\"Dur\u00e9e de lecture estim\u00e9e\" \/>\n\t<meta name=\"twitter:data2\" content=\"1 minute\" \/>\n<script type=\"application\/ld+json\" class=\"yoast-schema-graph\">{\"@context\":\"https:\\\/\\\/schema.org\",\"@graph\":[{\"@type\":\"Article\",\"@id\":\"https:\\\/\\\/mpcid.gov.gn\\\/index.php\\\/audience-le-ministre-ismael-nabe-discute-avec-le-representant-de-la-bid\\\/#article\",\"isPartOf\":{\"@id\":\"https:\\\/\\\/mpcid.gov.gn\\\/index.php\\\/audience-le-ministre-ismael-nabe-discute-avec-le-representant-de-la-bid\\\/\"},\"author\":{\"name\":\"MPCI\",\"@id\":\"https:\\\/\\\/mpcid.gov.gn\\\/#\\\/schema\\\/person\\\/d42a682c7fbefbc07aa77a60ab72f16a\"},\"headline\":\"Audience : le Ministre Ismael NABE discute avec le repr\u00e9sentant de la BID\",\"datePublished\":\"2024-07-09T12:16:26+00:00\",\"dateModified\":\"2024-07-11T12:18:02+00:00\",\"mainEntityOfPage\":{\"@id\":\"https:\\\/\\\/mpcid.gov.gn\\\/index.php\\\/audience-le-ministre-ismael-nabe-discute-avec-le-representant-de-la-bid\\\/\"},\"wordCount\":110,\"publisher\":{\"@id\":\"https:\\\/\\\/mpcid.gov.gn\\\/#organization\"},\"image\":{\"@id\":\"https:\\\/\\\/mpcid.gov.gn\\\/index.php\\\/audience-le-ministre-ismael-nabe-discute-avec-le-representant-de-la-bid\\\/#primaryimage\"},\"thumbnailUrl\":\"https:\\\/\\\/mpcid.gov.gn\\\/wp-content\\\/uploads\\\/2024\\\/07\\\/450607814_453508074272166_2726715827809775124_n.jpg\",\"articleSection\":[\"Actualit\u00e9s\"],\"inLanguage\":\"fr-FR\"},{\"@type\":\"WebPage\",\"@id\":\"https:\\\/\\\/mpcid.gov.gn\\\/index.php\\\/audience-le-ministre-ismael-nabe-discute-avec-le-representant-de-la-bid\\\/\",\"url\":\"https:\\\/\\\/mpcid.gov.gn\\\/index.php\\\/audience-le-ministre-ismael-nabe-discute-avec-le-representant-de-la-bid\\\/\",\"name\":\"Audience : le Ministre Ismael NABE discute avec le repr\u00e9sentant de la BID - MPCI\",\"isPartOf\":{\"@id\":\"https:\\\/\\\/mpcid.gov.gn\\\/#website\"},\"primaryImageOfPage\":{\"@id\":\"https:\\\/\\\/mpcid.gov.gn\\\/index.php\\\/audience-le-ministre-ismael-nabe-discute-avec-le-representant-de-la-bid\\\/#primaryimage\"},\"image\":{\"@id\":\"https:\\\/\\\/mpcid.gov.gn\\\/index.php\\\/audience-le-ministre-ismael-nabe-discute-avec-le-representant-de-la-bid\\\/#primaryimage\"},\"thumbnailUrl\":\"https:\\\/\\\/mpcid.gov.gn\\\/wp-content\\\/uploads\\\/2024\\\/07\\\/450607814_453508074272166_2726715827809775124_n.jpg\",\"datePublished\":\"2024-07-09T12:16:26+00:00\",\"dateModified\":\"2024-07-11T12:18:02+00:00\",\"breadcrumb\":{\"@id\":\"https:\\\/\\\/mpcid.gov.gn\\\/index.php\\\/audience-le-ministre-ismael-nabe-discute-avec-le-representant-de-la-bid\\\/#breadcrumb\"},\"inLanguage\":\"fr-FR\",\"potentialAction\":[{\"@type\":\"ReadAction\",\"target\":[\"https:\\\/\\\/mpcid.gov.gn\\\/index.php\\\/audience-le-ministre-ismael-nabe-discute-avec-le-representant-de-la-bid\\\/\"]}]},{\"@type\":\"ImageObject\",\"inLanguage\":\"fr-FR\",\"@id\":\"https:\\\/\\\/mpcid.gov.gn\\\/index.php\\\/audience-le-ministre-ismael-nabe-discute-avec-le-representant-de-la-bid\\\/#primaryimage\",\"url\":\"https:\\\/\\\/mpcid.gov.gn\\\/wp-content\\\/uploads\\\/2024\\\/07\\\/450607814_453508074272166_2726715827809775124_n.jpg\",\"contentUrl\":\"https:\\\/\\\/mpcid.gov.gn\\\/wp-content\\\/uploads\\\/2024\\\/07\\\/450607814_453508074272166_2726715827809775124_n.jpg\",\"width\":1440,\"height\":1012},{\"@type\":\"BreadcrumbList\",\"@id\":\"https:\\\/\\\/mpcid.gov.gn\\\/index.php\\\/audience-le-ministre-ismael-nabe-discute-avec-le-representant-de-la-bid\\\/#breadcrumb\",\"itemListElement\":[{\"@type\":\"ListItem\",\"position\":1,\"name\":\"Accueil\",\"item\":\"https:\\\/\\\/mpcid.gov.gn\\\/\"},{\"@type\":\"ListItem\",\"position\":2,\"name\":\"Audience : le Ministre Ismael NABE discute avec le repr\u00e9sentant de la BID\"}]},{\"@type\":\"WebSite\",\"@id\":\"https:\\\/\\\/mpcid.gov.gn\\\/#website\",\"url\":\"https:\\\/\\\/mpcid.gov.gn\\\/\",\"name\":\"https:\\\/\\\/mpcid.gov.gn\\\/\",\"description\":\"Minist\u00e8re du Plan et de la Coop\u00e9ration Internationale\",\"publisher\":{\"@id\":\"https:\\\/\\\/mpcid.gov.gn\\\/#organization\"},\"potentialAction\":[{\"@type\":\"SearchAction\",\"target\":{\"@type\":\"EntryPoint\",\"urlTemplate\":\"https:\\\/\\\/mpcid.gov.gn\\\/?s={search_term_string}\"},\"query-input\":{\"@type\":\"PropertyValueSpecification\",\"valueRequired\":true,\"valueName\":\"search_term_string\"}}],\"inLanguage\":\"fr-FR\"},{\"@type\":\"Organization\",\"@id\":\"https:\\\/\\\/mpcid.gov.gn\\\/#organization\",\"name\":\"Minist\u00e8re du Plan et de la Coop\u00e9ration Internationale - MPCI\",\"url\":\"https:\\\/\\\/mpcid.gov.gn\\\/\",\"logo\":{\"@type\":\"ImageObject\",\"inLanguage\":\"fr-FR\",\"@id\":\"https:\\\/\\\/mpcid.gov.gn\\\/#\\\/schema\\\/logo\\\/image\\\/\",\"url\":\"https:\\\/\\\/mpcid.gov.gn\\\/wp-content\\\/uploads\\\/2023\\\/10\\\/Ministere-du-Plan-et-de-la-Cooperation-Internationale-MPCI.jpg\",\"contentUrl\":\"https:\\\/\\\/mpcid.gov.gn\\\/wp-content\\\/uploads\\\/2023\\\/10\\\/Ministere-du-Plan-et-de-la-Cooperation-Internationale-MPCI.jpg\",\"width\":462,\"height\":462,\"caption\":\"Minist\u00e8re du Plan et de la Coop\u00e9ration Internationale - MPCI\"},\"image\":{\"@id\":\"https:\\\/\\\/mpcid.gov.gn\\\/#\\\/schema\\\/logo\\\/image\\\/\"},\"sameAs\":[\"https:\\\/\\\/www.facebook.com\\\/MPCIGN\",\"https:\\\/\\\/x.com\\\/MpciGov\"]},{\"@type\":\"Person\",\"@id\":\"https:\\\/\\\/mpcid.gov.gn\\\/#\\\/schema\\\/person\\\/d42a682c7fbefbc07aa77a60ab72f16a\",\"name\":\"MPCI\",\"sameAs\":[\"http:\\\/\\\/mpci.gov.gn\"],\"url\":\"https:\\\/\\\/mpcid.gov.gn\\\/index.php\\\/author\\\/mpci\\\/\"}]}<\/script>\n<!-- \/ Yoast SEO plugin. -->","yoast_head_json":{"title":"Audience : le Ministre Ismael NABE discute avec le repr\u00e9sentant de la BID - MPCI","robots":{"index":"index","follow":"follow","max-snippet":"max-snippet:-1","max-image-preview":"max-image-preview:large","max-video-preview":"max-video-preview:-1"},"canonical":"https:\/\/mpcid.gov.gn\/index.php\/audience-le-ministre-ismael-nabe-discute-avec-le-representant-de-la-bid\/","og_locale":"fr_FR","og_type":"article","og_title":"Audience : le Ministre Ismael NABE discute avec le repr\u00e9sentant de la BID - MPCI","og_description":"Ce lundi 8 juillet 2024, M. Ismael NABE, Ministre du Plan et de la Coop\u00e9ration Internationale, accompagn\u00e9 de son cabinet, a re\u00e7u en audience M. Alpha Boubacar DIALLO, repr\u00e9sentant r\u00e9sident de la Banque Islamique de D\u00e9veloppement (BID) en Guin\u00e9e. M. DIALLO \u00e9tait accompagn\u00e9 de M. Iqbal JHUMKA, consultant et chef de mission de la BID &hellip; Continue reading \"Audience : le Ministre Ismael NABE discute avec le repr\u00e9sentant de la BID\"","og_url":"https:\/\/mpcid.gov.gn\/index.php\/audience-le-ministre-ismael-nabe-discute-avec-le-representant-de-la-bid\/","og_site_name":"MPCI","article_publisher":"https:\/\/www.facebook.com\/MPCIGN","article_published_time":"2024-07-09T12:16:26+00:00","article_modified_time":"2024-07-11T12:18:02+00:00","og_image":[{"width":1440,"height":1012,"url":"https:\/\/mpci.gov.gn\/wp-content\/uploads\/2024\/07\/450607814_453508074272166_2726715827809775124_n.jpg","type":"image\/jpeg"}],"author":"MPCI","twitter_card":"summary_large_image","twitter_creator":"@MpciGov","twitter_site":"@MpciGov","twitter_misc":{"\u00c9crit par":"MPCI","Dur\u00e9e de lecture estim\u00e9e":"1 minute"},"schema":{"@context":"https:\/\/schema.org","@graph":[{"@type":"Article","@id":"https:\/\/mpcid.gov.gn\/index.php\/audience-le-ministre-ismael-nabe-discute-avec-le-representant-de-la-bid\/#article","isPartOf":{"@id":"https:\/\/mpcid.gov.gn\/index.php\/audience-le-ministre-ismael-nabe-discute-avec-le-representant-de-la-bid\/"},"author":{"name":"MPCI","@id":"https:\/\/mpcid.gov.gn\/#\/schema\/person\/d42a682c7fbefbc07aa77a60ab72f16a"},"headline":"Audience : le Ministre Ismael NABE discute avec le repr\u00e9sentant de la BID","datePublished":"2024-07-09T12:16:26+00:00","dateModified":"2024-07-11T12:18:02+00:00","mainEntityOfPage":{"@id":"https:\/\/mpcid.gov.gn\/index.php\/audience-le-ministre-ismael-nabe-discute-avec-le-representant-de-la-bid\/"},"wordCount":110,"publisher":{"@id":"https:\/\/mpcid.gov.gn\/#organization"},"image":{"@id":"https:\/\/mpcid.gov.gn\/index.php\/audience-le-ministre-ismael-nabe-discute-avec-le-representant-de-la-bid\/#primaryimage"},"thumbnailUrl":"https:\/\/mpcid.gov.gn\/wp-content\/uploads\/2024\/07\/450607814_453508074272166_2726715827809775124_n.jpg","articleSection":["Actualit\u00e9s"],"inLanguage":"fr-FR"},{"@type":"WebPage","@id":"https:\/\/mpcid.gov.gn\/index.php\/audience-le-ministre-ismael-nabe-discute-avec-le-representant-de-la-bid\/","url":"https:\/\/mpcid.gov.gn\/index.php\/audience-le-ministre-ismael-nabe-discute-avec-le-representant-de-la-bid\/","name":"Audience : le Ministre Ismael NABE discute avec le repr\u00e9sentant de la BID - MPCI","isPartOf":{"@id":"https:\/\/mpcid.gov.gn\/#website"},"primaryImageOfPage":{"@id":"https:\/\/mpcid.gov.gn\/index.php\/audience-le-ministre-ismael-nabe-discute-avec-le-representant-de-la-bid\/#primaryimage"},"image":{"@id":"https:\/\/mpcid.gov.gn\/index.php\/audience-le-ministre-ismael-nabe-discute-avec-le-representant-de-la-bid\/#primaryimage"},"thumbnailUrl":"https:\/\/mpcid.gov.gn\/wp-content\/uploads\/2024\/07\/450607814_453508074272166_2726715827809775124_n.jpg","datePublished":"2024-07-09T12:16:26+00:00","dateModified":"2024-07-11T12:18:02+00:00","breadcrumb":{"@id":"https:\/\/mpcid.gov.gn\/index.php\/audience-le-ministre-ismael-nabe-discute-avec-le-representant-de-la-bid\/#breadcrumb"},"inLanguage":"fr-FR","potentialAction":[{"@type":"ReadAction","target":["https:\/\/mpcid.gov.gn\/index.php\/audience-le-ministre-ismael-nabe-discute-avec-le-representant-de-la-bid\/"]}]},{"@type":"ImageObject","inLanguage":"fr-FR","@id":"https:\/\/mpcid.gov.gn\/index.php\/audience-le-ministre-ismael-nabe-discute-avec-le-representant-de-la-bid\/#primaryimage","url":"https:\/\/mpcid.gov.gn\/wp-content\/uploads\/2024\/07\/450607814_453508074272166_2726715827809775124_n.jpg","contentUrl":"https:\/\/mpcid.gov.gn\/wp-content\/uploads\/2024\/07\/450607814_453508074272166_2726715827809775124_n.jpg","width":1440,"height":1012},{"@type":"BreadcrumbList","@id":"https:\/\/mpcid.gov.gn\/index.php\/audience-le-ministre-ismael-nabe-discute-avec-le-representant-de-la-bid\/#breadcrumb","itemListElement":[{"@type":"ListItem","position":1,"name":"Accueil","item":"https:\/\/mpcid.gov.gn\/"},{"@type":"ListItem","position":2,"name":"Audience : le Ministre Ismael NABE discute avec le repr\u00e9sentant de la BID"}]},{"@type":"WebSite","@id":"https:\/\/mpcid.gov.gn\/#website","url":"https:\/\/mpcid.gov.gn\/","name":"https:\/\/mpcid.gov.gn\/","description":"Minist\u00e8re du Plan et de la Coop\u00e9ration Internationale","publisher":{"@id":"https:\/\/mpcid.gov.gn\/#organization"},"potentialAction":[{"@type":"SearchAction","target":{"@type":"EntryPoint","urlTemplate":"https:\/\/mpcid.gov.gn\/?s={search_term_string}"},"query-input":{"@type":"PropertyValueSpecification","valueRequired":true,"valueName":"search_term_string"}}],"inLanguage":"fr-FR"},{"@type":"Organization","@id":"https:\/\/mpcid.gov.gn\/#organization","name":"Minist\u00e8re du Plan et de la Coop\u00e9ration Internationale - MPCI","url":"https:\/\/mpcid.gov.gn\/","logo":{"@type":"ImageObject","inLanguage":"fr-FR","@id":"https:\/\/mpcid.gov.gn\/#\/schema\/logo\/image\/","url":"https:\/\/mpcid.gov.gn\/wp-content\/uploads\/2023\/10\/Ministere-du-Plan-et-de-la-Cooperation-Internationale-MPCI.jpg","contentUrl":"https:\/\/mpcid.gov.gn\/wp-content\/uploads\/2023\/10\/Ministere-du-Plan-et-de-la-Cooperation-Internationale-MPCI.jpg","width":462,"height":462,"caption":"Minist\u00e8re du Plan et de la Coop\u00e9ration Internationale - MPCI"},"image":{"@id":"https:\/\/mpcid.gov.gn\/#\/schema\/logo\/image\/"},"sameAs":["https:\/\/www.facebook.com\/MPCIGN","https:\/\/x.com\/MpciGov"]},{"@type":"Person","@id":"https:\/\/mpcid.gov.gn\/#\/schema\/person\/d42a682c7fbefbc07aa77a60ab72f16a","name":"MPCI","sameAs":["http:\/\/mpci.gov.gn"],"url":"https:\/\/mpcid.gov.gn\/index.php\/author\/mpci\/"}]}},"_links":{"self":[{"href":"https:\/\/mpcid.gov.gn\/index.php\/wp-json\/wp\/v2\/posts\/12621","targetHints":{"allow":["GET"]}}],"collection":[{"href":"https:\/\/mpcid.gov.gn\/index.php\/wp-json\/wp\/v2\/posts"}],"about":[{"href":"https:\/\/mpcid.gov.gn\/index.php\/wp-json\/wp\/v2\/types\/post"}],"author":[{"embeddable":true,"href":"https:\/\/mpcid.gov.gn\/index.php\/wp-json\/wp\/v2\/users\/6"}],"replies":[{"embeddable":true,"href":"https:\/\/mpcid.gov.gn\/index.php\/wp-json\/wp\/v2\/comments?post=12621"}],"version-history":[{"count":0,"href":"https:\/\/mpcid.gov.gn\/index.php\/wp-json\/wp\/v2\/posts\/12621\/revisions"}],"wp:featuredmedia":[{"embeddable":true,"href":"https:\/\/mpcid.gov.gn\/index.php\/wp-json\/wp\/v2\/media\/12622"}],"wp:attachment":[{"href":"https:\/\/mpcid.gov.gn\/index.php\/wp-json\/wp\/v2\/media?parent=12621"}],"wp:term":[{"taxonomy":"category","embeddable":true,"href":"https:\/\/mpcid.gov.gn\/index.php\/wp-json\/wp\/v2\/categories?post=12621"},{"taxonomy":"post_tag","embeddable":true,"href":"https:\/\/mpcid.gov.gn\/index.php\/wp-json\/wp\/v2\/tags?post=12621"}],"curies":[{"name":"wp","href":"https:\/\/api.w.org\/{rel}","templated":true}]}}