{"id":12495,"date":"2024-05-28T10:32:39","date_gmt":"2024-05-28T10:32:39","guid":{"rendered":"https:\/\/mpci.gov.gn\/?p=12495"},"modified":"2024-05-28T10:32:39","modified_gmt":"2024-05-28T10:32:39","slug":"immersion-a-linterieur-du-pays-visite-officielle-a-labe","status":"publish","type":"post","link":"https:\/\/mpcid.gov.gn\/index.php\/immersion-a-linterieur-du-pays-visite-officielle-a-labe\/","title":{"rendered":"Immersion \u00e0 l\u2019int\u00e9rieur du pays : Visite officielle \u00e0 Lab\u00e9"},"content":{"rendered":"<p>&nbsp;<\/p>\n<p>&nbsp;<\/p>\n<p>Le ministre Isma\u00ebl Nab\u00e9, accompagn\u00e9 d&rsquo;une forte d\u00e9l\u00e9gation gouvernementale, a effectu\u00e9 une visite dans la Cit\u00e9 de Karamoko Alpha M\u00f6 \u00e0 Lab\u00e9 pour une s\u00e9rie d&rsquo;activit\u00e9s importantes.<\/p>\n<p>&nbsp;<\/p>\n<p>D\u00e8s son arriv\u00e9e, la d\u00e9l\u00e9gation a rencontr\u00e9 les autorit\u00e9s locales au Gouvernorat pour les salutations protocolaires, suivies d&rsquo;une visite aupr\u00e8s des notables, une \u00e9tape traditionnelle de ce type de mission. Cette d\u00e9l\u00e9gation comprenait, en plus du ministre du Plan et de la Coop\u00e9ration Internationale, le ministre du Travail et de la Fonction publique, et le ministre des Mines et de la G\u00e9ologie, ainsi que plusieurs hauts responsables de l&rsquo;administration publique et des partenaires techniques et financiers.<\/p>\n<p>&nbsp;<\/p>\n<p>La premi\u00e8re activit\u00e9 de la d\u00e9l\u00e9gation a \u00e9t\u00e9 le lancement des \u00e9preuves du concours de recrutement \u00e0 la fonction publique au lyc\u00e9e Wour\u00f4.<\/p>\n<p>&nbsp;<\/p>\n<p>Ensuite, le ministre Isma\u00ebl Nab\u00e9 a dirig\u00e9 une mission de sensibilisation et de supervision de la cartographie censitaire du Quatri\u00e8me Recensement G\u00e9n\u00e9ral de la Population et de l&rsquo;Habitat. Il a encourag\u00e9 les populations de la r\u00e9gion de Lab\u00e9 \u00e0 coop\u00e9rer avec les agents recenseurs pour faciliter la collecte de donn\u00e9es essentielles au d\u00e9veloppement \u00e9conomique et durable du pays.<\/p>\n<p>&nbsp;<\/p>\n<p>La visite s&rsquo;est conclue par l&rsquo;inauguration de deux infrastructures cl\u00e9s :<\/p>\n<p>&nbsp;<\/p>\n<ul>\n<li>Le si\u00e8ge de l&rsquo;Inspection r\u00e9gionale du Plan et de la Coop\u00e9ration Internationale de Lab\u00e9<\/li>\n<li>L\u2019antenne r\u00e9gionale du Fonds de D\u00e9veloppement \u00c9conomique et Social (FDES)<\/li>\n<\/ul>\n<p>&nbsp;<\/p>\n<p>Ces infrastructures enti\u00e8rement \u00e9quip\u00e9es comprennent chacune un b\u00e2timent R+1 avec des bureaux, des salles de r\u00e9union, un r\u00e9fectoire, ainsi qu&rsquo;une r\u00e9sidence destin\u00e9e \u00e0 l&rsquo;inspecteur r\u00e9gional, au directeur pr\u00e9fectoral du Plan et au directeur r\u00e9gional du FDES.<\/p>\n<p>&nbsp;<\/p>\n<p>Ces r\u00e9alisations s&rsquo;inscrivent dans la vision du Chef de l&rsquo;\u00c9tat, le G\u00e9n\u00e9ral Mamadi Doumbouya, visant \u00e0 renforcer les capacit\u00e9s institutionnelles pour un d\u00e9veloppement harmonieux et inclusif. Elles d\u00e9montrent l&rsquo;engagement du gouvernement \u00e0 promouvoir un d\u00e9veloppement \u00e9quilibr\u00e9 et \u00e0 renforcer les infrastructures r\u00e9gionales pour un avenir prosp\u00e8re.<\/p>\n","protected":false},"excerpt":{"rendered":"<p>&nbsp; &nbsp; Le ministre Isma\u00ebl Nab\u00e9, accompagn\u00e9 d&rsquo;une forte d\u00e9l\u00e9gation gouvernementale, a effectu\u00e9 une visite dans la Cit\u00e9 de Karamoko Alpha M\u00f6 \u00e0 Lab\u00e9 pour une s\u00e9rie d&rsquo;activit\u00e9s importantes. &nbsp; D\u00e8s son arriv\u00e9e, la d\u00e9l\u00e9gation a rencontr\u00e9 les autorit\u00e9s locales au Gouvernorat pour les salutations protocolaires, suivies d&rsquo;une visite aupr\u00e8s des notables, une \u00e9tape traditionnelle &hellip; <a href=\"https:\/\/mpcid.gov.gn\/index.php\/immersion-a-linterieur-du-pays-visite-officielle-a-labe\/\" class=\"more-link\">Continue reading<span class=\"screen-reader-text\"> \u00ab\u00a0Immersion \u00e0 l\u2019int\u00e9rieur du pays : Visite officielle \u00e0 Lab\u00e9\u00a0\u00bb<\/span><\/a><\/p>\n","protected":false},"author":6,"featured_media":12496,"comment_status":"closed","ping_status":"closed","sticky":false,"template":"","format":"standard","meta":{"footnotes":""},"categories":[63],"tags":[],"class_list":["post-12495","post","type-post","status-publish","format-standard","has-post-thumbnail","hentry","category-actualites"],"yoast_head":"<!-- This site is optimized with the Yoast SEO plugin v27.5 - https:\/\/yoast.com\/product\/yoast-seo-wordpress\/ -->\n<title>Immersion \u00e0 l\u2019int\u00e9rieur du pays : Visite officielle \u00e0 Lab\u00e9 - MPCI<\/title>\n<meta name=\"robots\" content=\"index, follow, max-snippet:-1, max-image-preview:large, max-video-preview:-1\" \/>\n<link rel=\"canonical\" href=\"https:\/\/mpcid.gov.gn\/index.php\/immersion-a-linterieur-du-pays-visite-officielle-a-labe\/\" \/>\n<meta property=\"og:locale\" content=\"fr_FR\" \/>\n<meta property=\"og:type\" content=\"article\" \/>\n<meta property=\"og:title\" content=\"Immersion \u00e0 l\u2019int\u00e9rieur du pays : Visite officielle \u00e0 Lab\u00e9 - MPCI\" \/>\n<meta property=\"og:description\" content=\"&nbsp; &nbsp; Le ministre Isma\u00ebl Nab\u00e9, accompagn\u00e9 d&rsquo;une forte d\u00e9l\u00e9gation gouvernementale, a effectu\u00e9 une visite dans la Cit\u00e9 de Karamoko Alpha M\u00f6 \u00e0 Lab\u00e9 pour une s\u00e9rie d&rsquo;activit\u00e9s importantes. &nbsp; D\u00e8s son arriv\u00e9e, la d\u00e9l\u00e9gation a rencontr\u00e9 les autorit\u00e9s locales au Gouvernorat pour les salutations protocolaires, suivies d&rsquo;une visite aupr\u00e8s des notables, une \u00e9tape traditionnelle &hellip; Continue reading &quot;Immersion \u00e0 l\u2019int\u00e9rieur du pays : Visite officielle \u00e0 Lab\u00e9&quot;\" \/>\n<meta property=\"og:url\" content=\"https:\/\/mpcid.gov.gn\/index.php\/immersion-a-linterieur-du-pays-visite-officielle-a-labe\/\" \/>\n<meta property=\"og:site_name\" content=\"MPCI\" \/>\n<meta property=\"article:publisher\" content=\"https:\/\/www.facebook.com\/MPCIGN\" \/>\n<meta property=\"article:published_time\" content=\"2024-05-28T10:32:39+00:00\" \/>\n<meta property=\"og:image\" content=\"https:\/\/mpcid.gov.gn\/wp-content\/uploads\/2024\/05\/image00093-scaled.jpg\" \/>\n\t<meta property=\"og:image:width\" content=\"2560\" \/>\n\t<meta property=\"og:image:height\" content=\"1709\" \/>\n\t<meta property=\"og:image:type\" content=\"image\/jpeg\" \/>\n<meta name=\"author\" content=\"MPCI\" \/>\n<meta name=\"twitter:card\" content=\"summary_large_image\" \/>\n<meta name=\"twitter:creator\" content=\"@MpciGov\" \/>\n<meta name=\"twitter:site\" content=\"@MpciGov\" \/>\n<meta name=\"twitter:label1\" content=\"\u00c9crit par\" \/>\n\t<meta name=\"twitter:data1\" content=\"MPCI\" \/>\n\t<meta name=\"twitter:label2\" content=\"Dur\u00e9e de lecture estim\u00e9e\" \/>\n\t<meta name=\"twitter:data2\" content=\"2 minutes\" \/>\n<script type=\"application\/ld+json\" class=\"yoast-schema-graph\">{\"@context\":\"https:\\\/\\\/schema.org\",\"@graph\":[{\"@type\":\"Article\",\"@id\":\"https:\\\/\\\/mpcid.gov.gn\\\/index.php\\\/immersion-a-linterieur-du-pays-visite-officielle-a-labe\\\/#article\",\"isPartOf\":{\"@id\":\"https:\\\/\\\/mpcid.gov.gn\\\/index.php\\\/immersion-a-linterieur-du-pays-visite-officielle-a-labe\\\/\"},\"author\":{\"name\":\"MPCI\",\"@id\":\"https:\\\/\\\/mpcid.gov.gn\\\/#\\\/schema\\\/person\\\/d42a682c7fbefbc07aa77a60ab72f16a\"},\"headline\":\"Immersion \u00e0 l\u2019int\u00e9rieur du pays : Visite officielle \u00e0 Lab\u00e9\",\"datePublished\":\"2024-05-28T10:32:39+00:00\",\"mainEntityOfPage\":{\"@id\":\"https:\\\/\\\/mpcid.gov.gn\\\/index.php\\\/immersion-a-linterieur-du-pays-visite-officielle-a-labe\\\/\"},\"wordCount\":377,\"publisher\":{\"@id\":\"https:\\\/\\\/mpcid.gov.gn\\\/#organization\"},\"image\":{\"@id\":\"https:\\\/\\\/mpcid.gov.gn\\\/index.php\\\/immersion-a-linterieur-du-pays-visite-officielle-a-labe\\\/#primaryimage\"},\"thumbnailUrl\":\"https:\\\/\\\/mpcid.gov.gn\\\/wp-content\\\/uploads\\\/2024\\\/05\\\/image00093-scaled.jpg\",\"articleSection\":[\"Actualit\u00e9s\"],\"inLanguage\":\"fr-FR\"},{\"@type\":\"WebPage\",\"@id\":\"https:\\\/\\\/mpcid.gov.gn\\\/index.php\\\/immersion-a-linterieur-du-pays-visite-officielle-a-labe\\\/\",\"url\":\"https:\\\/\\\/mpcid.gov.gn\\\/index.php\\\/immersion-a-linterieur-du-pays-visite-officielle-a-labe\\\/\",\"name\":\"Immersion \u00e0 l\u2019int\u00e9rieur du pays : Visite officielle \u00e0 Lab\u00e9 - MPCI\",\"isPartOf\":{\"@id\":\"https:\\\/\\\/mpcid.gov.gn\\\/#website\"},\"primaryImageOfPage\":{\"@id\":\"https:\\\/\\\/mpcid.gov.gn\\\/index.php\\\/immersion-a-linterieur-du-pays-visite-officielle-a-labe\\\/#primaryimage\"},\"image\":{\"@id\":\"https:\\\/\\\/mpcid.gov.gn\\\/index.php\\\/immersion-a-linterieur-du-pays-visite-officielle-a-labe\\\/#primaryimage\"},\"thumbnailUrl\":\"https:\\\/\\\/mpcid.gov.gn\\\/wp-content\\\/uploads\\\/2024\\\/05\\\/image00093-scaled.jpg\",\"datePublished\":\"2024-05-28T10:32:39+00:00\",\"breadcrumb\":{\"@id\":\"https:\\\/\\\/mpcid.gov.gn\\\/index.php\\\/immersion-a-linterieur-du-pays-visite-officielle-a-labe\\\/#breadcrumb\"},\"inLanguage\":\"fr-FR\",\"potentialAction\":[{\"@type\":\"ReadAction\",\"target\":[\"https:\\\/\\\/mpcid.gov.gn\\\/index.php\\\/immersion-a-linterieur-du-pays-visite-officielle-a-labe\\\/\"]}]},{\"@type\":\"ImageObject\",\"inLanguage\":\"fr-FR\",\"@id\":\"https:\\\/\\\/mpcid.gov.gn\\\/index.php\\\/immersion-a-linterieur-du-pays-visite-officielle-a-labe\\\/#primaryimage\",\"url\":\"https:\\\/\\\/mpcid.gov.gn\\\/wp-content\\\/uploads\\\/2024\\\/05\\\/image00093-scaled.jpg\",\"contentUrl\":\"https:\\\/\\\/mpcid.gov.gn\\\/wp-content\\\/uploads\\\/2024\\\/05\\\/image00093-scaled.jpg\",\"width\":2560,\"height\":1709},{\"@type\":\"BreadcrumbList\",\"@id\":\"https:\\\/\\\/mpcid.gov.gn\\\/index.php\\\/immersion-a-linterieur-du-pays-visite-officielle-a-labe\\\/#breadcrumb\",\"itemListElement\":[{\"@type\":\"ListItem\",\"position\":1,\"name\":\"Accueil\",\"item\":\"https:\\\/\\\/mpcid.gov.gn\\\/\"},{\"@type\":\"ListItem\",\"position\":2,\"name\":\"Immersion \u00e0 l\u2019int\u00e9rieur du pays : Visite officielle \u00e0 Lab\u00e9\"}]},{\"@type\":\"WebSite\",\"@id\":\"https:\\\/\\\/mpcid.gov.gn\\\/#website\",\"url\":\"https:\\\/\\\/mpcid.gov.gn\\\/\",\"name\":\"https:\\\/\\\/mpcid.gov.gn\\\/\",\"description\":\"Minist\u00e8re du Plan et de la Coop\u00e9ration Internationale\",\"publisher\":{\"@id\":\"https:\\\/\\\/mpcid.gov.gn\\\/#organization\"},\"potentialAction\":[{\"@type\":\"SearchAction\",\"target\":{\"@type\":\"EntryPoint\",\"urlTemplate\":\"https:\\\/\\\/mpcid.gov.gn\\\/?s={search_term_string}\"},\"query-input\":{\"@type\":\"PropertyValueSpecification\",\"valueRequired\":true,\"valueName\":\"search_term_string\"}}],\"inLanguage\":\"fr-FR\"},{\"@type\":\"Organization\",\"@id\":\"https:\\\/\\\/mpcid.gov.gn\\\/#organization\",\"name\":\"Minist\u00e8re du Plan et de la Coop\u00e9ration Internationale - MPCI\",\"url\":\"https:\\\/\\\/mpcid.gov.gn\\\/\",\"logo\":{\"@type\":\"ImageObject\",\"inLanguage\":\"fr-FR\",\"@id\":\"https:\\\/\\\/mpcid.gov.gn\\\/#\\\/schema\\\/logo\\\/image\\\/\",\"url\":\"https:\\\/\\\/mpcid.gov.gn\\\/wp-content\\\/uploads\\\/2023\\\/10\\\/Ministere-du-Plan-et-de-la-Cooperation-Internationale-MPCI.jpg\",\"contentUrl\":\"https:\\\/\\\/mpcid.gov.gn\\\/wp-content\\\/uploads\\\/2023\\\/10\\\/Ministere-du-Plan-et-de-la-Cooperation-Internationale-MPCI.jpg\",\"width\":462,\"height\":462,\"caption\":\"Minist\u00e8re du Plan et de la Coop\u00e9ration Internationale - MPCI\"},\"image\":{\"@id\":\"https:\\\/\\\/mpcid.gov.gn\\\/#\\\/schema\\\/logo\\\/image\\\/\"},\"sameAs\":[\"https:\\\/\\\/www.facebook.com\\\/MPCIGN\",\"https:\\\/\\\/x.com\\\/MpciGov\"]},{\"@type\":\"Person\",\"@id\":\"https:\\\/\\\/mpcid.gov.gn\\\/#\\\/schema\\\/person\\\/d42a682c7fbefbc07aa77a60ab72f16a\",\"name\":\"MPCI\",\"sameAs\":[\"http:\\\/\\\/mpci.gov.gn\"],\"url\":\"https:\\\/\\\/mpcid.gov.gn\\\/index.php\\\/author\\\/mpci\\\/\"}]}<\/script>\n<!-- \/ Yoast SEO plugin. -->","yoast_head_json":{"title":"Immersion \u00e0 l\u2019int\u00e9rieur du pays : Visite officielle \u00e0 Lab\u00e9 - MPCI","robots":{"index":"index","follow":"follow","max-snippet":"max-snippet:-1","max-image-preview":"max-image-preview:large","max-video-preview":"max-video-preview:-1"},"canonical":"https:\/\/mpcid.gov.gn\/index.php\/immersion-a-linterieur-du-pays-visite-officielle-a-labe\/","og_locale":"fr_FR","og_type":"article","og_title":"Immersion \u00e0 l\u2019int\u00e9rieur du pays : Visite officielle \u00e0 Lab\u00e9 - MPCI","og_description":"&nbsp; &nbsp; Le ministre Isma\u00ebl Nab\u00e9, accompagn\u00e9 d&rsquo;une forte d\u00e9l\u00e9gation gouvernementale, a effectu\u00e9 une visite dans la Cit\u00e9 de Karamoko Alpha M\u00f6 \u00e0 Lab\u00e9 pour une s\u00e9rie d&rsquo;activit\u00e9s importantes. &nbsp; D\u00e8s son arriv\u00e9e, la d\u00e9l\u00e9gation a rencontr\u00e9 les autorit\u00e9s locales au Gouvernorat pour les salutations protocolaires, suivies d&rsquo;une visite aupr\u00e8s des notables, une \u00e9tape traditionnelle &hellip; Continue reading \"Immersion \u00e0 l\u2019int\u00e9rieur du pays : Visite officielle \u00e0 Lab\u00e9\"","og_url":"https:\/\/mpcid.gov.gn\/index.php\/immersion-a-linterieur-du-pays-visite-officielle-a-labe\/","og_site_name":"MPCI","article_publisher":"https:\/\/www.facebook.com\/MPCIGN","article_published_time":"2024-05-28T10:32:39+00:00","og_image":[{"width":2560,"height":1709,"url":"https:\/\/mpcid.gov.gn\/wp-content\/uploads\/2024\/05\/image00093-scaled.jpg","type":"image\/jpeg"}],"author":"MPCI","twitter_card":"summary_large_image","twitter_creator":"@MpciGov","twitter_site":"@MpciGov","twitter_misc":{"\u00c9crit par":"MPCI","Dur\u00e9e de lecture estim\u00e9e":"2 minutes"},"schema":{"@context":"https:\/\/schema.org","@graph":[{"@type":"Article","@id":"https:\/\/mpcid.gov.gn\/index.php\/immersion-a-linterieur-du-pays-visite-officielle-a-labe\/#article","isPartOf":{"@id":"https:\/\/mpcid.gov.gn\/index.php\/immersion-a-linterieur-du-pays-visite-officielle-a-labe\/"},"author":{"name":"MPCI","@id":"https:\/\/mpcid.gov.gn\/#\/schema\/person\/d42a682c7fbefbc07aa77a60ab72f16a"},"headline":"Immersion \u00e0 l\u2019int\u00e9rieur du pays : Visite officielle \u00e0 Lab\u00e9","datePublished":"2024-05-28T10:32:39+00:00","mainEntityOfPage":{"@id":"https:\/\/mpcid.gov.gn\/index.php\/immersion-a-linterieur-du-pays-visite-officielle-a-labe\/"},"wordCount":377,"publisher":{"@id":"https:\/\/mpcid.gov.gn\/#organization"},"image":{"@id":"https:\/\/mpcid.gov.gn\/index.php\/immersion-a-linterieur-du-pays-visite-officielle-a-labe\/#primaryimage"},"thumbnailUrl":"https:\/\/mpcid.gov.gn\/wp-content\/uploads\/2024\/05\/image00093-scaled.jpg","articleSection":["Actualit\u00e9s"],"inLanguage":"fr-FR"},{"@type":"WebPage","@id":"https:\/\/mpcid.gov.gn\/index.php\/immersion-a-linterieur-du-pays-visite-officielle-a-labe\/","url":"https:\/\/mpcid.gov.gn\/index.php\/immersion-a-linterieur-du-pays-visite-officielle-a-labe\/","name":"Immersion \u00e0 l\u2019int\u00e9rieur du pays : Visite officielle \u00e0 Lab\u00e9 - MPCI","isPartOf":{"@id":"https:\/\/mpcid.gov.gn\/#website"},"primaryImageOfPage":{"@id":"https:\/\/mpcid.gov.gn\/index.php\/immersion-a-linterieur-du-pays-visite-officielle-a-labe\/#primaryimage"},"image":{"@id":"https:\/\/mpcid.gov.gn\/index.php\/immersion-a-linterieur-du-pays-visite-officielle-a-labe\/#primaryimage"},"thumbnailUrl":"https:\/\/mpcid.gov.gn\/wp-content\/uploads\/2024\/05\/image00093-scaled.jpg","datePublished":"2024-05-28T10:32:39+00:00","breadcrumb":{"@id":"https:\/\/mpcid.gov.gn\/index.php\/immersion-a-linterieur-du-pays-visite-officielle-a-labe\/#breadcrumb"},"inLanguage":"fr-FR","potentialAction":[{"@type":"ReadAction","target":["https:\/\/mpcid.gov.gn\/index.php\/immersion-a-linterieur-du-pays-visite-officielle-a-labe\/"]}]},{"@type":"ImageObject","inLanguage":"fr-FR","@id":"https:\/\/mpcid.gov.gn\/index.php\/immersion-a-linterieur-du-pays-visite-officielle-a-labe\/#primaryimage","url":"https:\/\/mpcid.gov.gn\/wp-content\/uploads\/2024\/05\/image00093-scaled.jpg","contentUrl":"https:\/\/mpcid.gov.gn\/wp-content\/uploads\/2024\/05\/image00093-scaled.jpg","width":2560,"height":1709},{"@type":"BreadcrumbList","@id":"https:\/\/mpcid.gov.gn\/index.php\/immersion-a-linterieur-du-pays-visite-officielle-a-labe\/#breadcrumb","itemListElement":[{"@type":"ListItem","position":1,"name":"Accueil","item":"https:\/\/mpcid.gov.gn\/"},{"@type":"ListItem","position":2,"name":"Immersion \u00e0 l\u2019int\u00e9rieur du pays : Visite officielle \u00e0 Lab\u00e9"}]},{"@type":"WebSite","@id":"https:\/\/mpcid.gov.gn\/#website","url":"https:\/\/mpcid.gov.gn\/","name":"https:\/\/mpcid.gov.gn\/","description":"Minist\u00e8re du Plan et de la Coop\u00e9ration Internationale","publisher":{"@id":"https:\/\/mpcid.gov.gn\/#organization"},"potentialAction":[{"@type":"SearchAction","target":{"@type":"EntryPoint","urlTemplate":"https:\/\/mpcid.gov.gn\/?s={search_term_string}"},"query-input":{"@type":"PropertyValueSpecification","valueRequired":true,"valueName":"search_term_string"}}],"inLanguage":"fr-FR"},{"@type":"Organization","@id":"https:\/\/mpcid.gov.gn\/#organization","name":"Minist\u00e8re du Plan et de la Coop\u00e9ration Internationale - MPCI","url":"https:\/\/mpcid.gov.gn\/","logo":{"@type":"ImageObject","inLanguage":"fr-FR","@id":"https:\/\/mpcid.gov.gn\/#\/schema\/logo\/image\/","url":"https:\/\/mpcid.gov.gn\/wp-content\/uploads\/2023\/10\/Ministere-du-Plan-et-de-la-Cooperation-Internationale-MPCI.jpg","contentUrl":"https:\/\/mpcid.gov.gn\/wp-content\/uploads\/2023\/10\/Ministere-du-Plan-et-de-la-Cooperation-Internationale-MPCI.jpg","width":462,"height":462,"caption":"Minist\u00e8re du Plan et de la Coop\u00e9ration Internationale - MPCI"},"image":{"@id":"https:\/\/mpcid.gov.gn\/#\/schema\/logo\/image\/"},"sameAs":["https:\/\/www.facebook.com\/MPCIGN","https:\/\/x.com\/MpciGov"]},{"@type":"Person","@id":"https:\/\/mpcid.gov.gn\/#\/schema\/person\/d42a682c7fbefbc07aa77a60ab72f16a","name":"MPCI","sameAs":["http:\/\/mpci.gov.gn"],"url":"https:\/\/mpcid.gov.gn\/index.php\/author\/mpci\/"}]}},"_links":{"self":[{"href":"https:\/\/mpcid.gov.gn\/index.php\/wp-json\/wp\/v2\/posts\/12495","targetHints":{"allow":["GET"]}}],"collection":[{"href":"https:\/\/mpcid.gov.gn\/index.php\/wp-json\/wp\/v2\/posts"}],"about":[{"href":"https:\/\/mpcid.gov.gn\/index.php\/wp-json\/wp\/v2\/types\/post"}],"author":[{"embeddable":true,"href":"https:\/\/mpcid.gov.gn\/index.php\/wp-json\/wp\/v2\/users\/6"}],"replies":[{"embeddable":true,"href":"https:\/\/mpcid.gov.gn\/index.php\/wp-json\/wp\/v2\/comments?post=12495"}],"version-history":[{"count":0,"href":"https:\/\/mpcid.gov.gn\/index.php\/wp-json\/wp\/v2\/posts\/12495\/revisions"}],"wp:featuredmedia":[{"embeddable":true,"href":"https:\/\/mpcid.gov.gn\/index.php\/wp-json\/wp\/v2\/media\/12496"}],"wp:attachment":[{"href":"https:\/\/mpcid.gov.gn\/index.php\/wp-json\/wp\/v2\/media?parent=12495"}],"wp:term":[{"taxonomy":"category","embeddable":true,"href":"https:\/\/mpcid.gov.gn\/index.php\/wp-json\/wp\/v2\/categories?post=12495"},{"taxonomy":"post_tag","embeddable":true,"href":"https:\/\/mpcid.gov.gn\/index.php\/wp-json\/wp\/v2\/tags?post=12495"}],"curies":[{"name":"wp","href":"https:\/\/api.w.org\/{rel}","templated":true}]}}