{"id":10750,"date":"2023-07-19T14:49:57","date_gmt":"2023-07-19T14:49:57","guid":{"rendered":"https:\/\/mpci.gov.gn\/?p=10750"},"modified":"2023-07-19T16:37:54","modified_gmt":"2023-07-19T16:37:54","slug":"new-york-mme-la-ministre-rose-pola-pricemou-represente-la-guinee-au-grand-forum-ecosoc-sur-le-developpement-durable-civinewsguinee","status":"publish","type":"post","link":"https:\/\/mpcid.gov.gn\/index.php\/new-york-mme-la-ministre-rose-pola-pricemou-represente-la-guinee-au-grand-forum-ecosoc-sur-le-developpement-durable-civinewsguinee\/","title":{"rendered":"New York : Mme la Ministre Rose Pola Pricemou repr\u00e9sente la Guin\u00e9e au grand Forum ECOSOC sur le d\u00e9veloppement durable (Civinewsguin\u00e9e)."},"content":{"rendered":"<p style=\"text-align: justify;\">Loin du pays parce que mandat\u00e9e par le Gouvernement pour <strong>porter la voix de la Guin\u00e9e<\/strong> dans l\u2019enceinte du palais de verre de Manhattan, \u00e0 New York,<strong> Mme la Ministre du Plan et de la Coop\u00e9ration Internationale<\/strong> prend une part active depuis le lundi 17 juillet 2023 au Forum politique de haut niveau sur le d\u00e9veloppement durable organis\u00e9 par le Conseil Economique des Nations Unies (ECOSOC).<\/p>\n<p style=\"text-align: justify;\"><strong>Mme Rose Pola Pricemou <\/strong>dont le D\u00e9partement g\u00e8re les questions de Planification du d\u00e9veloppement et son pendant des ODD, porte l\u2019expertise guin\u00e9enne \u00e0 ce forum politique et social de haut niveau consacr\u00e9 aux question du d\u00e9veloppement durable. En compagnie des sommit\u00e9s internationales, d\u2019experts et de dirigeants des pays de la plan\u00e8te, <strong>Mme la Ministre du Plan et de la Coop\u00e9ration Internationale <\/strong>qui conduit la d\u00e9l\u00e9gation guin\u00e9enne, discute des voies et moyens de parvenir \u00e0 la r\u00e9alisation des objectifs de d\u00e9veloppement durable (ODD) en 2030, dans un contexte mondial qui n\u2019invite en rien \u00e0 l\u2019optimisme.<\/p>\n<p style=\"text-align: justify;\"><img fetchpriority=\"high\" decoding=\"async\" class=\"alignnone size-full wp-image-10739\" src=\"https:\/\/mpcid.gov.gn\/wp-content\/uploads\/2023\/07\/360157650_237637199192589_7718450262357990654_n.jpg\" alt=\"\" width=\"960\" height=\"1280\" srcset=\"https:\/\/mpcid.gov.gn\/wp-content\/uploads\/2023\/07\/360157650_237637199192589_7718450262357990654_n.jpg 960w, https:\/\/mpcid.gov.gn\/wp-content\/uploads\/2023\/07\/360157650_237637199192589_7718450262357990654_n-375x500.jpg 375w, https:\/\/mpcid.gov.gn\/wp-content\/uploads\/2023\/07\/360157650_237637199192589_7718450262357990654_n-768x1024.jpg 768w\" sizes=\"(max-width: 709px) 85vw, (max-width: 909px) 67vw, (max-width: 1362px) 62vw, 840px\" \/><\/p>\n<p style=\"text-align: justify;\">Rappelons que dans son rapport sp\u00e9cial soumis \u00e0 la discussion, intitul\u00e9 \u00ab point sur les objectifs de d\u00e9veloppement durable : vers un plan de sauvetage pour l\u2019humanit\u00e9 et la plan\u00e8te <strong>\u00bb, le Secr\u00e9taire G\u00e9n\u00e9ral de l\u2019ONU<\/strong>, <strong>Antonio Guiterez<\/strong> indique que de nombreux objectifs accusent un \u00ab retard mod\u00e9r\u00e9 ou s\u00e9rieux \u00bb par rapport \u00e0 l\u2019\u00e9ch\u00e9ance 2030.<\/p>\n<p style=\"text-align: justify;\">Pour <strong>Mme Rose Pola Pricemou<\/strong> <em>\u00ab ce forum a pour objectif de pr\u00e9senter l\u2019\u00e9tat d\u2019avancement de la mise en \u0153uvre des objectifs de d\u00e9veloppement durable(ODD). Il offre <\/em><em> l\u2019opportunit\u00e9 de discuter des le\u00e7ons tir\u00e9es des crises r\u00e9centes, telles que la pand\u00e9mie de Covid 19, les crises de la dette et du financement du d\u00e9veloppement sans oublier les conflits arm\u00e9s et le terrorisme. <\/em><em>Et, dans ce domaine de la pand\u00e9mie COVID, la Guin\u00e9e r\u00e9put\u00e9e pays r\u00e9silient a une exp\u00e9rience \u00e0 partager, des pistes de r\u00e9flexions et d\u2019actions \u00e0 proposer, c\u2019est pourquoi nous sommes bien pr\u00e9sents et tr\u00e8s actifs, mon staff et moi, \u00e0 ce Forum \u00bb<\/em><\/p>\n<p><img decoding=\"async\" class=\"alignnone size-full wp-image-10754\" src=\"https:\/\/mpcid.gov.gn\/wp-content\/uploads\/2023\/07\/IMG-20230717-WA0031-696x522-1.jpg\" alt=\"\" width=\"696\" height=\"522\" srcset=\"https:\/\/mpcid.gov.gn\/wp-content\/uploads\/2023\/07\/IMG-20230717-WA0031-696x522-1.jpg 696w, https:\/\/mpcid.gov.gn\/wp-content\/uploads\/2023\/07\/IMG-20230717-WA0031-696x522-1-500x375.jpg 500w\" sizes=\"(max-width: 709px) 85vw, (max-width: 909px) 67vw, (max-width: 984px) 61vw, (max-width: 1362px) 45vw, 600px\" \/><\/p>\n<p style=\"text-align: justify;\">En se fiant au Rapport du Secr\u00e9taire General de l\u2019ONU pr\u00e9sent\u00e9 \u00e0 ce forum de l\u2019ECOSOC, deux (2) chiffres r\u00e9sument son inqui\u00e9tude. Pour <strong>Mr Guiterez<\/strong> <em>\u00ab si la tendance actuelle se maintient, 575 millions de personnes vivront encore dans l\u2019extr\u00eame pauvret\u00e9 en 2030 et il faudra 286 ans pour combler les disparit\u00e9s fond\u00e9es sur le genre en mati\u00e8re de protection juridique. \u00bb<\/em> Il est donc temps, affirmera-t-il <em>\u00ab de tirer la sonnette d\u2019alarme, car \u00e0 mi-chemin de l\u2019\u00e9ch\u00e9ance de 2030, les objectifs de d\u00e9veloppement durable sont en grande difficult\u00e9 \u00bb <\/em>confiera le Secr\u00e9taire g\u00e9n\u00e9ral.<\/p>\n<p><img decoding=\"async\" class=\"alignnone size-full wp-image-10755\" src=\"https:\/\/mpcid.gov.gn\/wp-content\/uploads\/2023\/07\/IMG-20230717-WA0023-696x522-1.jpg\" alt=\"\" width=\"696\" height=\"522\" srcset=\"https:\/\/mpcid.gov.gn\/wp-content\/uploads\/2023\/07\/IMG-20230717-WA0023-696x522-1.jpg 696w, https:\/\/mpcid.gov.gn\/wp-content\/uploads\/2023\/07\/IMG-20230717-WA0023-696x522-1-500x375.jpg 500w\" sizes=\"(max-width: 709px) 85vw, (max-width: 909px) 67vw, (max-width: 984px) 61vw, (max-width: 1362px) 45vw, 600px\" \/><\/p>\n<p style=\"text-align: justify;\">Un diagnostic largement partag\u00e9 par les intervenants de cette premi\u00e8re journ\u00e9e de forum dont le th\u00e8me, cette ann\u00e9e, <em>est \u00ab l\u2019acc\u00e9l\u00e9ration de la relance apr\u00e8s la COVID-19 et la pleine mise en \u0153uvre \u00e0 tous les niveaux du Programme de d\u00e9veloppement durable \u00e0 l\u2019horizon 2030 \u00bb. \u00ab Le monde est en difficult\u00e9 \u00bb,<\/em> a reconnu M. Arrmanatha Christiawan Nasir, Vice-Pr\u00e9sident de l\u2019ECOSOC, en rappelant que seulement 12% des cibles des ODD engag\u00e9es sont sur de bons rails.<\/p>\n<p style=\"text-align: justify;\">Mr le repr\u00e9sentant des jeunes, <strong>M. Edward Ndopu<\/strong>, a dans un discours remarqu\u00e9, \u00e9voqu\u00e9 tous ceux qui sont laiss\u00e9s de c\u00f4t\u00e9, tous les marginalis\u00e9s, les pauvres, les gens vivant avec un handicap, les femmes, les enfants et les populations autochtones, qui sont trop souvent oubli\u00e9s<em>. \u00ab Nous avons rel\u00e9gu\u00e9 des millions d\u2019enfants en marge de la soci\u00e9t\u00e9 \u00bb, <\/em>a-t-il d\u00e9plor\u00e9, en d\u00e9non\u00e7ant le potentiel g\u00e2ch\u00e9. Devant ce tableau inqui\u00e9tant, heureusement que des experts, affirment \u00ab qu\u2019il n\u2019est pas encore trop tard. \u00bb En ce qui concerne le plan du financement \u2013question essentielle pour la Pr\u00e9sidente de l\u2019ECOSOC, <strong>Mme Lachezara Stoeva<\/strong> qui a rappel\u00e9 la r\u00e9cente pr\u00e9sentation de l\u2019Agenda de Paris pour les peuples et la plan\u00e8te visant \u00e0 enclencher un <em>\u00ab choc de financement \u00bb<\/em> dans ce domaine.<\/p>\n<p style=\"text-align: justify;\"><img decoding=\"async\" class=\"alignnone size-full wp-image-10755\" src=\"https:\/\/mpcid.gov.gn\/wp-content\/uploads\/2023\/07\/IMG-20230717-WA0023-696x522-1.jpg\" alt=\"\" width=\"696\" height=\"522\" srcset=\"https:\/\/mpcid.gov.gn\/wp-content\/uploads\/2023\/07\/IMG-20230717-WA0023-696x522-1.jpg 696w, https:\/\/mpcid.gov.gn\/wp-content\/uploads\/2023\/07\/IMG-20230717-WA0023-696x522-1-500x375.jpg 500w\" sizes=\"(max-width: 709px) 85vw, (max-width: 909px) 67vw, (max-width: 984px) 61vw, (max-width: 1362px) 45vw, 600px\" \/><\/p>\n<p>Le N\u00e9pal, au nom des pays les moins avanc\u00e9s (parmi lesquels figure la Guin\u00e9e) a exhort\u00e9 les donateurs \u00e0 d\u00e9ployer un v\u00e9ritable <em>\u00ab plan de relance \u00bb<\/em> pour les ODD. <strong>Mme Rose Pola Pricemou, Ministre guin\u00e9en du Plan et de la Coop\u00e9ration Internationale<\/strong> et nombreux intervenants, ont exhort\u00e9 les pays d\u00e9velopp\u00e9s \u00e0 augmenter leur aide au d\u00e9veloppement et \u00e0 proc\u00e9der aux transferts de technologie n\u00e9cessaires. Les participants travaillent d\u2019arrache-pied pour esquisser les contours d\u2019un <em>\u00ab plan de sauvetage pour l\u2019humanit\u00e9 et la plan\u00e8te \u00bb<\/em><\/p>\n<p style=\"text-align: justify;\"><img loading=\"lazy\" decoding=\"async\" class=\"alignnone size-full wp-image-10756\" src=\"https:\/\/mpcid.gov.gn\/wp-content\/uploads\/2023\/07\/IMG-20230717-WA0035-696x522-1.jpg\" alt=\"\" width=\"696\" height=\"522\" srcset=\"https:\/\/mpcid.gov.gn\/wp-content\/uploads\/2023\/07\/IMG-20230717-WA0035-696x522-1.jpg 696w, https:\/\/mpcid.gov.gn\/wp-content\/uploads\/2023\/07\/IMG-20230717-WA0035-696x522-1-500x375.jpg 500w\" sizes=\"(max-width: 709px) 85vw, (max-width: 909px) 67vw, (max-width: 984px) 61vw, (max-width: 1362px) 45vw, 600px\" \/><\/p>\n<p style=\"text-align: justify;\">\n","protected":false},"excerpt":{"rendered":"<p>Loin du pays parce que mandat\u00e9e par le Gouvernement pour porter la voix de la Guin\u00e9e dans l\u2019enceinte du palais de verre de Manhattan, \u00e0 New York, Mme la Ministre du Plan et de la Coop\u00e9ration Internationale prend une part active depuis le lundi 17 juillet 2023 au Forum politique de haut niveau sur le &hellip; <a href=\"https:\/\/mpcid.gov.gn\/index.php\/new-york-mme-la-ministre-rose-pola-pricemou-represente-la-guinee-au-grand-forum-ecosoc-sur-le-developpement-durable-civinewsguinee\/\" class=\"more-link\">Continue reading<span class=\"screen-reader-text\"> \u00ab\u00a0New York : Mme la Ministre Rose Pola Pricemou repr\u00e9sente la Guin\u00e9e au grand Forum ECOSOC sur le d\u00e9veloppement durable (Civinewsguin\u00e9e).\u00a0\u00bb<\/span><\/a><\/p>\n","protected":false},"author":6,"featured_media":10747,"comment_status":"closed","ping_status":"closed","sticky":false,"template":"","format":"standard","meta":{"footnotes":""},"categories":[63],"tags":[],"class_list":["post-10750","post","type-post","status-publish","format-standard","has-post-thumbnail","hentry","category-actualites"],"yoast_head":"<!-- This site is optimized with the Yoast SEO plugin v27.5 - https:\/\/yoast.com\/product\/yoast-seo-wordpress\/ -->\n<title>New York : Mme la Ministre Rose Pola Pricemou repr\u00e9sente la Guin\u00e9e au grand Forum ECOSOC sur le d\u00e9veloppement durable (Civinewsguin\u00e9e). - MPCI<\/title>\n<meta name=\"robots\" content=\"index, follow, max-snippet:-1, max-image-preview:large, max-video-preview:-1\" \/>\n<link rel=\"canonical\" href=\"https:\/\/mpcid.gov.gn\/index.php\/new-york-mme-la-ministre-rose-pola-pricemou-represente-la-guinee-au-grand-forum-ecosoc-sur-le-developpement-durable-civinewsguinee\/\" \/>\n<meta property=\"og:locale\" content=\"fr_FR\" \/>\n<meta property=\"og:type\" content=\"article\" \/>\n<meta property=\"og:title\" content=\"New York : Mme la Ministre Rose Pola Pricemou repr\u00e9sente la Guin\u00e9e au grand Forum ECOSOC sur le d\u00e9veloppement durable (Civinewsguin\u00e9e). - MPCI\" \/>\n<meta property=\"og:description\" content=\"Loin du pays parce que mandat\u00e9e par le Gouvernement pour porter la voix de la Guin\u00e9e dans l\u2019enceinte du palais de verre de Manhattan, \u00e0 New York, Mme la Ministre du Plan et de la Coop\u00e9ration Internationale prend une part active depuis le lundi 17 juillet 2023 au Forum politique de haut niveau sur le &hellip; Continue reading &quot;New York : Mme la Ministre Rose Pola Pricemou repr\u00e9sente la Guin\u00e9e au grand Forum ECOSOC sur le d\u00e9veloppement durable (Civinewsguin\u00e9e).&quot;\" \/>\n<meta property=\"og:url\" content=\"https:\/\/mpcid.gov.gn\/index.php\/new-york-mme-la-ministre-rose-pola-pricemou-represente-la-guinee-au-grand-forum-ecosoc-sur-le-developpement-durable-civinewsguinee\/\" \/>\n<meta property=\"og:site_name\" content=\"MPCI\" \/>\n<meta property=\"article:publisher\" content=\"https:\/\/www.facebook.com\/MPCIGN\" \/>\n<meta property=\"article:published_time\" content=\"2023-07-19T14:49:57+00:00\" \/>\n<meta property=\"article:modified_time\" content=\"2023-07-19T16:37:54+00:00\" \/>\n<meta property=\"og:image\" content=\"https:\/\/mpcid.gov.gn\/wp-content\/uploads\/2023\/07\/ECOSOC-224.jpg\" \/>\n\t<meta property=\"og:image:width\" content=\"1634\" \/>\n\t<meta property=\"og:image:height\" content=\"918\" \/>\n\t<meta property=\"og:image:type\" content=\"image\/jpeg\" \/>\n<meta name=\"author\" content=\"MPCI\" \/>\n<meta name=\"twitter:card\" content=\"summary_large_image\" \/>\n<meta name=\"twitter:creator\" content=\"@MpciGov\" \/>\n<meta name=\"twitter:site\" content=\"@MpciGov\" \/>\n<meta name=\"twitter:label1\" content=\"\u00c9crit par\" \/>\n\t<meta name=\"twitter:data1\" content=\"MPCI\" \/>\n\t<meta name=\"twitter:label2\" content=\"Dur\u00e9e de lecture estim\u00e9e\" \/>\n\t<meta name=\"twitter:data2\" content=\"4 minutes\" \/>\n<script type=\"application\/ld+json\" class=\"yoast-schema-graph\">{\"@context\":\"https:\\\/\\\/schema.org\",\"@graph\":[{\"@type\":\"Article\",\"@id\":\"https:\\\/\\\/mpcid.gov.gn\\\/index.php\\\/new-york-mme-la-ministre-rose-pola-pricemou-represente-la-guinee-au-grand-forum-ecosoc-sur-le-developpement-durable-civinewsguinee\\\/#article\",\"isPartOf\":{\"@id\":\"https:\\\/\\\/mpcid.gov.gn\\\/index.php\\\/new-york-mme-la-ministre-rose-pola-pricemou-represente-la-guinee-au-grand-forum-ecosoc-sur-le-developpement-durable-civinewsguinee\\\/\"},\"author\":{\"name\":\"MPCI\",\"@id\":\"https:\\\/\\\/mpcid.gov.gn\\\/#\\\/schema\\\/person\\\/d42a682c7fbefbc07aa77a60ab72f16a\"},\"headline\":\"New York : Mme la Ministre Rose Pola Pricemou repr\u00e9sente la Guin\u00e9e au grand Forum ECOSOC sur le d\u00e9veloppement durable (Civinewsguin\u00e9e).\",\"datePublished\":\"2023-07-19T14:49:57+00:00\",\"dateModified\":\"2023-07-19T16:37:54+00:00\",\"mainEntityOfPage\":{\"@id\":\"https:\\\/\\\/mpcid.gov.gn\\\/index.php\\\/new-york-mme-la-ministre-rose-pola-pricemou-represente-la-guinee-au-grand-forum-ecosoc-sur-le-developpement-durable-civinewsguinee\\\/\"},\"wordCount\":798,\"publisher\":{\"@id\":\"https:\\\/\\\/mpcid.gov.gn\\\/#organization\"},\"image\":{\"@id\":\"https:\\\/\\\/mpcid.gov.gn\\\/index.php\\\/new-york-mme-la-ministre-rose-pola-pricemou-represente-la-guinee-au-grand-forum-ecosoc-sur-le-developpement-durable-civinewsguinee\\\/#primaryimage\"},\"thumbnailUrl\":\"https:\\\/\\\/mpcid.gov.gn\\\/wp-content\\\/uploads\\\/2023\\\/07\\\/ECOSOC-224.jpg\",\"articleSection\":[\"Actualit\u00e9s\"],\"inLanguage\":\"fr-FR\"},{\"@type\":\"WebPage\",\"@id\":\"https:\\\/\\\/mpcid.gov.gn\\\/index.php\\\/new-york-mme-la-ministre-rose-pola-pricemou-represente-la-guinee-au-grand-forum-ecosoc-sur-le-developpement-durable-civinewsguinee\\\/\",\"url\":\"https:\\\/\\\/mpcid.gov.gn\\\/index.php\\\/new-york-mme-la-ministre-rose-pola-pricemou-represente-la-guinee-au-grand-forum-ecosoc-sur-le-developpement-durable-civinewsguinee\\\/\",\"name\":\"New York : Mme la Ministre Rose Pola Pricemou repr\u00e9sente la Guin\u00e9e au grand Forum ECOSOC sur le d\u00e9veloppement durable (Civinewsguin\u00e9e). - MPCI\",\"isPartOf\":{\"@id\":\"https:\\\/\\\/mpcid.gov.gn\\\/#website\"},\"primaryImageOfPage\":{\"@id\":\"https:\\\/\\\/mpcid.gov.gn\\\/index.php\\\/new-york-mme-la-ministre-rose-pola-pricemou-represente-la-guinee-au-grand-forum-ecosoc-sur-le-developpement-durable-civinewsguinee\\\/#primaryimage\"},\"image\":{\"@id\":\"https:\\\/\\\/mpcid.gov.gn\\\/index.php\\\/new-york-mme-la-ministre-rose-pola-pricemou-represente-la-guinee-au-grand-forum-ecosoc-sur-le-developpement-durable-civinewsguinee\\\/#primaryimage\"},\"thumbnailUrl\":\"https:\\\/\\\/mpcid.gov.gn\\\/wp-content\\\/uploads\\\/2023\\\/07\\\/ECOSOC-224.jpg\",\"datePublished\":\"2023-07-19T14:49:57+00:00\",\"dateModified\":\"2023-07-19T16:37:54+00:00\",\"breadcrumb\":{\"@id\":\"https:\\\/\\\/mpcid.gov.gn\\\/index.php\\\/new-york-mme-la-ministre-rose-pola-pricemou-represente-la-guinee-au-grand-forum-ecosoc-sur-le-developpement-durable-civinewsguinee\\\/#breadcrumb\"},\"inLanguage\":\"fr-FR\",\"potentialAction\":[{\"@type\":\"ReadAction\",\"target\":[\"https:\\\/\\\/mpcid.gov.gn\\\/index.php\\\/new-york-mme-la-ministre-rose-pola-pricemou-represente-la-guinee-au-grand-forum-ecosoc-sur-le-developpement-durable-civinewsguinee\\\/\"]}]},{\"@type\":\"ImageObject\",\"inLanguage\":\"fr-FR\",\"@id\":\"https:\\\/\\\/mpcid.gov.gn\\\/index.php\\\/new-york-mme-la-ministre-rose-pola-pricemou-represente-la-guinee-au-grand-forum-ecosoc-sur-le-developpement-durable-civinewsguinee\\\/#primaryimage\",\"url\":\"https:\\\/\\\/mpcid.gov.gn\\\/wp-content\\\/uploads\\\/2023\\\/07\\\/ECOSOC-224.jpg\",\"contentUrl\":\"https:\\\/\\\/mpcid.gov.gn\\\/wp-content\\\/uploads\\\/2023\\\/07\\\/ECOSOC-224.jpg\",\"width\":1634,\"height\":918},{\"@type\":\"BreadcrumbList\",\"@id\":\"https:\\\/\\\/mpcid.gov.gn\\\/index.php\\\/new-york-mme-la-ministre-rose-pola-pricemou-represente-la-guinee-au-grand-forum-ecosoc-sur-le-developpement-durable-civinewsguinee\\\/#breadcrumb\",\"itemListElement\":[{\"@type\":\"ListItem\",\"position\":1,\"name\":\"Accueil\",\"item\":\"https:\\\/\\\/mpcid.gov.gn\\\/\"},{\"@type\":\"ListItem\",\"position\":2,\"name\":\"New York : Mme la Ministre Rose Pola Pricemou repr\u00e9sente la Guin\u00e9e au grand Forum ECOSOC sur le d\u00e9veloppement durable (Civinewsguin\u00e9e).\"}]},{\"@type\":\"WebSite\",\"@id\":\"https:\\\/\\\/mpcid.gov.gn\\\/#website\",\"url\":\"https:\\\/\\\/mpcid.gov.gn\\\/\",\"name\":\"https:\\\/\\\/mpcid.gov.gn\\\/\",\"description\":\"Minist\u00e8re du Plan et de la Coop\u00e9ration Internationale\",\"publisher\":{\"@id\":\"https:\\\/\\\/mpcid.gov.gn\\\/#organization\"},\"potentialAction\":[{\"@type\":\"SearchAction\",\"target\":{\"@type\":\"EntryPoint\",\"urlTemplate\":\"https:\\\/\\\/mpcid.gov.gn\\\/?s={search_term_string}\"},\"query-input\":{\"@type\":\"PropertyValueSpecification\",\"valueRequired\":true,\"valueName\":\"search_term_string\"}}],\"inLanguage\":\"fr-FR\"},{\"@type\":\"Organization\",\"@id\":\"https:\\\/\\\/mpcid.gov.gn\\\/#organization\",\"name\":\"Minist\u00e8re du Plan et de la Coop\u00e9ration Internationale - MPCI\",\"url\":\"https:\\\/\\\/mpcid.gov.gn\\\/\",\"logo\":{\"@type\":\"ImageObject\",\"inLanguage\":\"fr-FR\",\"@id\":\"https:\\\/\\\/mpcid.gov.gn\\\/#\\\/schema\\\/logo\\\/image\\\/\",\"url\":\"https:\\\/\\\/mpcid.gov.gn\\\/wp-content\\\/uploads\\\/2023\\\/10\\\/Ministere-du-Plan-et-de-la-Cooperation-Internationale-MPCI.jpg\",\"contentUrl\":\"https:\\\/\\\/mpcid.gov.gn\\\/wp-content\\\/uploads\\\/2023\\\/10\\\/Ministere-du-Plan-et-de-la-Cooperation-Internationale-MPCI.jpg\",\"width\":462,\"height\":462,\"caption\":\"Minist\u00e8re du Plan et de la Coop\u00e9ration Internationale - MPCI\"},\"image\":{\"@id\":\"https:\\\/\\\/mpcid.gov.gn\\\/#\\\/schema\\\/logo\\\/image\\\/\"},\"sameAs\":[\"https:\\\/\\\/www.facebook.com\\\/MPCIGN\",\"https:\\\/\\\/x.com\\\/MpciGov\"]},{\"@type\":\"Person\",\"@id\":\"https:\\\/\\\/mpcid.gov.gn\\\/#\\\/schema\\\/person\\\/d42a682c7fbefbc07aa77a60ab72f16a\",\"name\":\"MPCI\",\"sameAs\":[\"http:\\\/\\\/mpci.gov.gn\"],\"url\":\"https:\\\/\\\/mpcid.gov.gn\\\/index.php\\\/author\\\/mpci\\\/\"}]}<\/script>\n<!-- \/ Yoast SEO plugin. -->","yoast_head_json":{"title":"New York : Mme la Ministre Rose Pola Pricemou repr\u00e9sente la Guin\u00e9e au grand Forum ECOSOC sur le d\u00e9veloppement durable (Civinewsguin\u00e9e). - MPCI","robots":{"index":"index","follow":"follow","max-snippet":"max-snippet:-1","max-image-preview":"max-image-preview:large","max-video-preview":"max-video-preview:-1"},"canonical":"https:\/\/mpcid.gov.gn\/index.php\/new-york-mme-la-ministre-rose-pola-pricemou-represente-la-guinee-au-grand-forum-ecosoc-sur-le-developpement-durable-civinewsguinee\/","og_locale":"fr_FR","og_type":"article","og_title":"New York : Mme la Ministre Rose Pola Pricemou repr\u00e9sente la Guin\u00e9e au grand Forum ECOSOC sur le d\u00e9veloppement durable (Civinewsguin\u00e9e). - MPCI","og_description":"Loin du pays parce que mandat\u00e9e par le Gouvernement pour porter la voix de la Guin\u00e9e dans l\u2019enceinte du palais de verre de Manhattan, \u00e0 New York, Mme la Ministre du Plan et de la Coop\u00e9ration Internationale prend une part active depuis le lundi 17 juillet 2023 au Forum politique de haut niveau sur le &hellip; Continue reading \"New York : Mme la Ministre Rose Pola Pricemou repr\u00e9sente la Guin\u00e9e au grand Forum ECOSOC sur le d\u00e9veloppement durable (Civinewsguin\u00e9e).\"","og_url":"https:\/\/mpcid.gov.gn\/index.php\/new-york-mme-la-ministre-rose-pola-pricemou-represente-la-guinee-au-grand-forum-ecosoc-sur-le-developpement-durable-civinewsguinee\/","og_site_name":"MPCI","article_publisher":"https:\/\/www.facebook.com\/MPCIGN","article_published_time":"2023-07-19T14:49:57+00:00","article_modified_time":"2023-07-19T16:37:54+00:00","og_image":[{"width":1634,"height":918,"url":"https:\/\/mpcid.gov.gn\/wp-content\/uploads\/2023\/07\/ECOSOC-224.jpg","type":"image\/jpeg"}],"author":"MPCI","twitter_card":"summary_large_image","twitter_creator":"@MpciGov","twitter_site":"@MpciGov","twitter_misc":{"\u00c9crit par":"MPCI","Dur\u00e9e de lecture estim\u00e9e":"4 minutes"},"schema":{"@context":"https:\/\/schema.org","@graph":[{"@type":"Article","@id":"https:\/\/mpcid.gov.gn\/index.php\/new-york-mme-la-ministre-rose-pola-pricemou-represente-la-guinee-au-grand-forum-ecosoc-sur-le-developpement-durable-civinewsguinee\/#article","isPartOf":{"@id":"https:\/\/mpcid.gov.gn\/index.php\/new-york-mme-la-ministre-rose-pola-pricemou-represente-la-guinee-au-grand-forum-ecosoc-sur-le-developpement-durable-civinewsguinee\/"},"author":{"name":"MPCI","@id":"https:\/\/mpcid.gov.gn\/#\/schema\/person\/d42a682c7fbefbc07aa77a60ab72f16a"},"headline":"New York : Mme la Ministre Rose Pola Pricemou repr\u00e9sente la Guin\u00e9e au grand Forum ECOSOC sur le d\u00e9veloppement durable (Civinewsguin\u00e9e).","datePublished":"2023-07-19T14:49:57+00:00","dateModified":"2023-07-19T16:37:54+00:00","mainEntityOfPage":{"@id":"https:\/\/mpcid.gov.gn\/index.php\/new-york-mme-la-ministre-rose-pola-pricemou-represente-la-guinee-au-grand-forum-ecosoc-sur-le-developpement-durable-civinewsguinee\/"},"wordCount":798,"publisher":{"@id":"https:\/\/mpcid.gov.gn\/#organization"},"image":{"@id":"https:\/\/mpcid.gov.gn\/index.php\/new-york-mme-la-ministre-rose-pola-pricemou-represente-la-guinee-au-grand-forum-ecosoc-sur-le-developpement-durable-civinewsguinee\/#primaryimage"},"thumbnailUrl":"https:\/\/mpcid.gov.gn\/wp-content\/uploads\/2023\/07\/ECOSOC-224.jpg","articleSection":["Actualit\u00e9s"],"inLanguage":"fr-FR"},{"@type":"WebPage","@id":"https:\/\/mpcid.gov.gn\/index.php\/new-york-mme-la-ministre-rose-pola-pricemou-represente-la-guinee-au-grand-forum-ecosoc-sur-le-developpement-durable-civinewsguinee\/","url":"https:\/\/mpcid.gov.gn\/index.php\/new-york-mme-la-ministre-rose-pola-pricemou-represente-la-guinee-au-grand-forum-ecosoc-sur-le-developpement-durable-civinewsguinee\/","name":"New York : Mme la Ministre Rose Pola Pricemou repr\u00e9sente la Guin\u00e9e au grand Forum ECOSOC sur le d\u00e9veloppement durable (Civinewsguin\u00e9e). - MPCI","isPartOf":{"@id":"https:\/\/mpcid.gov.gn\/#website"},"primaryImageOfPage":{"@id":"https:\/\/mpcid.gov.gn\/index.php\/new-york-mme-la-ministre-rose-pola-pricemou-represente-la-guinee-au-grand-forum-ecosoc-sur-le-developpement-durable-civinewsguinee\/#primaryimage"},"image":{"@id":"https:\/\/mpcid.gov.gn\/index.php\/new-york-mme-la-ministre-rose-pola-pricemou-represente-la-guinee-au-grand-forum-ecosoc-sur-le-developpement-durable-civinewsguinee\/#primaryimage"},"thumbnailUrl":"https:\/\/mpcid.gov.gn\/wp-content\/uploads\/2023\/07\/ECOSOC-224.jpg","datePublished":"2023-07-19T14:49:57+00:00","dateModified":"2023-07-19T16:37:54+00:00","breadcrumb":{"@id":"https:\/\/mpcid.gov.gn\/index.php\/new-york-mme-la-ministre-rose-pola-pricemou-represente-la-guinee-au-grand-forum-ecosoc-sur-le-developpement-durable-civinewsguinee\/#breadcrumb"},"inLanguage":"fr-FR","potentialAction":[{"@type":"ReadAction","target":["https:\/\/mpcid.gov.gn\/index.php\/new-york-mme-la-ministre-rose-pola-pricemou-represente-la-guinee-au-grand-forum-ecosoc-sur-le-developpement-durable-civinewsguinee\/"]}]},{"@type":"ImageObject","inLanguage":"fr-FR","@id":"https:\/\/mpcid.gov.gn\/index.php\/new-york-mme-la-ministre-rose-pola-pricemou-represente-la-guinee-au-grand-forum-ecosoc-sur-le-developpement-durable-civinewsguinee\/#primaryimage","url":"https:\/\/mpcid.gov.gn\/wp-content\/uploads\/2023\/07\/ECOSOC-224.jpg","contentUrl":"https:\/\/mpcid.gov.gn\/wp-content\/uploads\/2023\/07\/ECOSOC-224.jpg","width":1634,"height":918},{"@type":"BreadcrumbList","@id":"https:\/\/mpcid.gov.gn\/index.php\/new-york-mme-la-ministre-rose-pola-pricemou-represente-la-guinee-au-grand-forum-ecosoc-sur-le-developpement-durable-civinewsguinee\/#breadcrumb","itemListElement":[{"@type":"ListItem","position":1,"name":"Accueil","item":"https:\/\/mpcid.gov.gn\/"},{"@type":"ListItem","position":2,"name":"New York : Mme la Ministre Rose Pola Pricemou repr\u00e9sente la Guin\u00e9e au grand Forum ECOSOC sur le d\u00e9veloppement durable (Civinewsguin\u00e9e)."}]},{"@type":"WebSite","@id":"https:\/\/mpcid.gov.gn\/#website","url":"https:\/\/mpcid.gov.gn\/","name":"https:\/\/mpcid.gov.gn\/","description":"Minist\u00e8re du Plan et de la Coop\u00e9ration Internationale","publisher":{"@id":"https:\/\/mpcid.gov.gn\/#organization"},"potentialAction":[{"@type":"SearchAction","target":{"@type":"EntryPoint","urlTemplate":"https:\/\/mpcid.gov.gn\/?s={search_term_string}"},"query-input":{"@type":"PropertyValueSpecification","valueRequired":true,"valueName":"search_term_string"}}],"inLanguage":"fr-FR"},{"@type":"Organization","@id":"https:\/\/mpcid.gov.gn\/#organization","name":"Minist\u00e8re du Plan et de la Coop\u00e9ration Internationale - MPCI","url":"https:\/\/mpcid.gov.gn\/","logo":{"@type":"ImageObject","inLanguage":"fr-FR","@id":"https:\/\/mpcid.gov.gn\/#\/schema\/logo\/image\/","url":"https:\/\/mpcid.gov.gn\/wp-content\/uploads\/2023\/10\/Ministere-du-Plan-et-de-la-Cooperation-Internationale-MPCI.jpg","contentUrl":"https:\/\/mpcid.gov.gn\/wp-content\/uploads\/2023\/10\/Ministere-du-Plan-et-de-la-Cooperation-Internationale-MPCI.jpg","width":462,"height":462,"caption":"Minist\u00e8re du Plan et de la Coop\u00e9ration Internationale - MPCI"},"image":{"@id":"https:\/\/mpcid.gov.gn\/#\/schema\/logo\/image\/"},"sameAs":["https:\/\/www.facebook.com\/MPCIGN","https:\/\/x.com\/MpciGov"]},{"@type":"Person","@id":"https:\/\/mpcid.gov.gn\/#\/schema\/person\/d42a682c7fbefbc07aa77a60ab72f16a","name":"MPCI","sameAs":["http:\/\/mpci.gov.gn"],"url":"https:\/\/mpcid.gov.gn\/index.php\/author\/mpci\/"}]}},"_links":{"self":[{"href":"https:\/\/mpcid.gov.gn\/index.php\/wp-json\/wp\/v2\/posts\/10750","targetHints":{"allow":["GET"]}}],"collection":[{"href":"https:\/\/mpcid.gov.gn\/index.php\/wp-json\/wp\/v2\/posts"}],"about":[{"href":"https:\/\/mpcid.gov.gn\/index.php\/wp-json\/wp\/v2\/types\/post"}],"author":[{"embeddable":true,"href":"https:\/\/mpcid.gov.gn\/index.php\/wp-json\/wp\/v2\/users\/6"}],"replies":[{"embeddable":true,"href":"https:\/\/mpcid.gov.gn\/index.php\/wp-json\/wp\/v2\/comments?post=10750"}],"version-history":[{"count":0,"href":"https:\/\/mpcid.gov.gn\/index.php\/wp-json\/wp\/v2\/posts\/10750\/revisions"}],"wp:featuredmedia":[{"embeddable":true,"href":"https:\/\/mpcid.gov.gn\/index.php\/wp-json\/wp\/v2\/media\/10747"}],"wp:attachment":[{"href":"https:\/\/mpcid.gov.gn\/index.php\/wp-json\/wp\/v2\/media?parent=10750"}],"wp:term":[{"taxonomy":"category","embeddable":true,"href":"https:\/\/mpcid.gov.gn\/index.php\/wp-json\/wp\/v2\/categories?post=10750"},{"taxonomy":"post_tag","embeddable":true,"href":"https:\/\/mpcid.gov.gn\/index.php\/wp-json\/wp\/v2\/tags?post=10750"}],"curies":[{"name":"wp","href":"https:\/\/api.w.org\/{rel}","templated":true}]}}