{"id":10297,"date":"2023-06-22T18:48:01","date_gmt":"2023-06-22T18:48:01","guid":{"rendered":"https:\/\/mpci.gov.gn\/?p=10297"},"modified":"2023-06-22T18:48:01","modified_gmt":"2023-06-22T18:48:01","slug":"seminaire-dechange-sur-la-macroeconomie-et-lamelioration-de-lenvironnement-des-affaires-en-republique-de-guinee","status":"publish","type":"post","link":"https:\/\/mpcid.gov.gn\/index.php\/seminaire-dechange-sur-la-macroeconomie-et-lamelioration-de-lenvironnement-des-affaires-en-republique-de-guinee\/","title":{"rendered":"S\u00e9minaire d&rsquo;\u00e9change sur la macro\u00e9conomie et l&rsquo;am\u00e9lioration de l&rsquo;environnement des affaires en R\u00e9publique de Guin\u00e9e"},"content":{"rendered":"<p>\ud835\udc0c\ud835\udc0f\ud835\udc02\ud835\udc08 \/ \ud835\udc12\ud835\udc1e\u0301\ud835\udc26\ud835\udc22\ud835\udc27\ud835\udc1a\ud835\udc22\ud835\udc2b\ud835\udc1e \ud835\udc1d\u2019\ud835\udc1e\u0301\ud835\udc1c\ud835\udc21\ud835\udc1a\ud835\udc27\ud835\udc20\ud835\udc1e \ud835\udc2c\ud835\udc2e\ud835\udc2b \ud835\udc25\ud835\udc1a \ud835\udc26\ud835\udc1a\ud835\udc1c\ud835\udc2b\ud835\udc28\ud835\udc1e\u0301\ud835\udc1c\ud835\udc28\ud835\udc27\ud835\udc28\ud835\udc26\ud835\udc22\ud835\udc1e \ud835\udc1e\ud835\udc27 \ud835\udc02\ud835\udc21\ud835\udc22\ud835\udc27\ud835\udc1e<\/p>\n<p>Du 09 mai au 13 juin 2023, 24 cadres guin\u00e9ens des Minist\u00e8res du Plan et de la Coop\u00e9ration Internationale, de l&rsquo;\u00c9conomie et des Finances, du Budget et des Affaires \u00e9trang\u00e8res ont particip\u00e9 \u00e0 un s\u00e9minaire d&rsquo;\u00e9change sur la macro\u00e9conomie et l&rsquo;am\u00e9lioration de l&rsquo;environnement des affaires en R\u00e9publique de Guin\u00e9e.<\/p>\n<p>Ce s\u00e9minaire \u00e9tait organis\u00e9 par le Centre international d&rsquo;\u00e9tude \u00e9conomique et technique de Yunnan, financ\u00e9 par le Minist\u00e8re du Commerce de la R\u00e9publique Populaire de Chine.<\/p>\n<p>L&rsquo;objectif de cette mission \u00e9tait de tirer des enseignements du mod\u00e8le chinois en mati\u00e8re de d\u00e9veloppement \u00e9conomique et de coop\u00e9ration internationale, afin de renforcer les capacit\u00e9s des cadres guin\u00e9ens du Minist\u00e8re du Plan et de la Coop\u00e9ration Internationale et d&rsquo;am\u00e9liorer la prise de d\u00e9cisions dans le contexte du d\u00e9veloppement \u00e9conomique et de la coop\u00e9ration internationale en Guin\u00e9e.<\/p>\n<p>Pendant leur s\u00e9jour en Chine, les participants ont \u00e9chang\u00e9 avec des experts chinois en macro\u00e9conomie, en planification strat\u00e9gique et en d\u00e9veloppement \u00e9conomique. Ils ont \u00e9galement visit\u00e9 des entreprises, des institutions financi\u00e8res et des sites touristiques.<\/p>\n<p>Le s\u00e9minaire a permis aux cadres guin\u00e9ens de mieux comprendre les politiques \u00e9conomiques chinoises, les m\u00e9canismes de financement des projets, les strat\u00e9gies de d\u00e9veloppement des entreprises et la cr\u00e9ation d&rsquo;un environnement favorable aux affaires, ainsi que les pratiques de coop\u00e9ration internationale de la Chine, notamment l&rsquo;initiative \u00ab\u00a0Une ceinture, une route\u00a0\u00bb visant \u00e0 construire une communaut\u00e9 de destin. Ces connaissances pourront ensuite \u00eatre mises en pratique dans la mise en \u0153uvre des politiques de d\u00e9veloppement \u00e9conomique et de coop\u00e9ration internationale en Guin\u00e9e.<\/p>\n","protected":false},"excerpt":{"rendered":"<p>\ud835\udc0c\ud835\udc0f\ud835\udc02\ud835\udc08 \/ \ud835\udc12\ud835\udc1e\u0301\ud835\udc26\ud835\udc22\ud835\udc27\ud835\udc1a\ud835\udc22\ud835\udc2b\ud835\udc1e \ud835\udc1d\u2019\ud835\udc1e\u0301\ud835\udc1c\ud835\udc21\ud835\udc1a\ud835\udc27\ud835\udc20\ud835\udc1e \ud835\udc2c\ud835\udc2e\ud835\udc2b \ud835\udc25\ud835\udc1a \ud835\udc26\ud835\udc1a\ud835\udc1c\ud835\udc2b\ud835\udc28\ud835\udc1e\u0301\ud835\udc1c\ud835\udc28\ud835\udc27\ud835\udc28\ud835\udc26\ud835\udc22\ud835\udc1e \ud835\udc1e\ud835\udc27 \ud835\udc02\ud835\udc21\ud835\udc22\ud835\udc27\ud835\udc1e Du 09 mai au 13 juin 2023, 24 cadres guin\u00e9ens des Minist\u00e8res du Plan et de la Coop\u00e9ration Internationale, de l&rsquo;\u00c9conomie et des Finances, du Budget et des Affaires \u00e9trang\u00e8res ont particip\u00e9 \u00e0 un s\u00e9minaire d&rsquo;\u00e9change sur la macro\u00e9conomie et l&rsquo;am\u00e9lioration de l&rsquo;environnement des affaires en &hellip; <a href=\"https:\/\/mpcid.gov.gn\/index.php\/seminaire-dechange-sur-la-macroeconomie-et-lamelioration-de-lenvironnement-des-affaires-en-republique-de-guinee\/\" class=\"more-link\">Continue reading<span class=\"screen-reader-text\"> \u00ab\u00a0S\u00e9minaire d&rsquo;\u00e9change sur la macro\u00e9conomie et l&rsquo;am\u00e9lioration de l&rsquo;environnement des affaires en R\u00e9publique de Guin\u00e9e\u00a0\u00bb<\/span><\/a><\/p>\n","protected":false},"author":6,"featured_media":10299,"comment_status":"open","ping_status":"closed","sticky":false,"template":"","format":"standard","meta":{"footnotes":""},"categories":[63],"tags":[],"class_list":["post-10297","post","type-post","status-publish","format-standard","has-post-thumbnail","hentry","category-actualites"],"yoast_head":"<!-- This site is optimized with the Yoast SEO plugin v27.5 - https:\/\/yoast.com\/product\/yoast-seo-wordpress\/ -->\n<title>S\u00e9minaire d&#039;\u00e9change sur la macro\u00e9conomie et l&#039;am\u00e9lioration de l&#039;environnement des affaires en R\u00e9publique de Guin\u00e9e - MPCI<\/title>\n<meta name=\"robots\" content=\"index, follow, max-snippet:-1, max-image-preview:large, max-video-preview:-1\" \/>\n<link rel=\"canonical\" href=\"https:\/\/mpcid.gov.gn\/index.php\/seminaire-dechange-sur-la-macroeconomie-et-lamelioration-de-lenvironnement-des-affaires-en-republique-de-guinee\/\" \/>\n<meta property=\"og:locale\" content=\"fr_FR\" \/>\n<meta property=\"og:type\" content=\"article\" \/>\n<meta property=\"og:title\" content=\"S\u00e9minaire d&#039;\u00e9change sur la macro\u00e9conomie et l&#039;am\u00e9lioration de l&#039;environnement des affaires en R\u00e9publique de Guin\u00e9e - MPCI\" \/>\n<meta property=\"og:description\" content=\"\ud835\udc0c\ud835\udc0f\ud835\udc02\ud835\udc08 \/ \ud835\udc12\ud835\udc1e\u0301\ud835\udc26\ud835\udc22\ud835\udc27\ud835\udc1a\ud835\udc22\ud835\udc2b\ud835\udc1e \ud835\udc1d\u2019\ud835\udc1e\u0301\ud835\udc1c\ud835\udc21\ud835\udc1a\ud835\udc27\ud835\udc20\ud835\udc1e \ud835\udc2c\ud835\udc2e\ud835\udc2b \ud835\udc25\ud835\udc1a \ud835\udc26\ud835\udc1a\ud835\udc1c\ud835\udc2b\ud835\udc28\ud835\udc1e\u0301\ud835\udc1c\ud835\udc28\ud835\udc27\ud835\udc28\ud835\udc26\ud835\udc22\ud835\udc1e \ud835\udc1e\ud835\udc27 \ud835\udc02\ud835\udc21\ud835\udc22\ud835\udc27\ud835\udc1e Du 09 mai au 13 juin 2023, 24 cadres guin\u00e9ens des Minist\u00e8res du Plan et de la Coop\u00e9ration Internationale, de l&rsquo;\u00c9conomie et des Finances, du Budget et des Affaires \u00e9trang\u00e8res ont particip\u00e9 \u00e0 un s\u00e9minaire d&rsquo;\u00e9change sur la macro\u00e9conomie et l&rsquo;am\u00e9lioration de l&rsquo;environnement des affaires en &hellip; Continue reading &quot;S\u00e9minaire d&rsquo;\u00e9change sur la macro\u00e9conomie et l&rsquo;am\u00e9lioration de l&rsquo;environnement des affaires en R\u00e9publique de Guin\u00e9e&quot;\" \/>\n<meta property=\"og:url\" content=\"https:\/\/mpcid.gov.gn\/index.php\/seminaire-dechange-sur-la-macroeconomie-et-lamelioration-de-lenvironnement-des-affaires-en-republique-de-guinee\/\" \/>\n<meta property=\"og:site_name\" content=\"MPCI\" \/>\n<meta property=\"article:publisher\" content=\"https:\/\/www.facebook.com\/MPCIGN\" \/>\n<meta property=\"article:published_time\" content=\"2023-06-22T18:48:01+00:00\" \/>\n<meta property=\"og:image\" content=\"https:\/\/mpcid.gov.gn\/wp-content\/uploads\/2023\/06\/1687458619602.jpg\" \/>\n\t<meta property=\"og:image:width\" content=\"1080\" \/>\n\t<meta property=\"og:image:height\" content=\"735\" \/>\n\t<meta property=\"og:image:type\" content=\"image\/jpeg\" \/>\n<meta name=\"author\" content=\"MPCI\" \/>\n<meta name=\"twitter:card\" content=\"summary_large_image\" \/>\n<meta name=\"twitter:creator\" content=\"@MpciGov\" \/>\n<meta name=\"twitter:site\" content=\"@MpciGov\" \/>\n<meta name=\"twitter:label1\" content=\"\u00c9crit par\" \/>\n\t<meta name=\"twitter:data1\" content=\"MPCI\" \/>\n\t<meta name=\"twitter:label2\" content=\"Dur\u00e9e de lecture estim\u00e9e\" \/>\n\t<meta name=\"twitter:data2\" content=\"1 minute\" \/>\n<script type=\"application\/ld+json\" class=\"yoast-schema-graph\">{\"@context\":\"https:\\\/\\\/schema.org\",\"@graph\":[{\"@type\":\"Article\",\"@id\":\"https:\\\/\\\/mpcid.gov.gn\\\/index.php\\\/seminaire-dechange-sur-la-macroeconomie-et-lamelioration-de-lenvironnement-des-affaires-en-republique-de-guinee\\\/#article\",\"isPartOf\":{\"@id\":\"https:\\\/\\\/mpcid.gov.gn\\\/index.php\\\/seminaire-dechange-sur-la-macroeconomie-et-lamelioration-de-lenvironnement-des-affaires-en-republique-de-guinee\\\/\"},\"author\":{\"name\":\"MPCI\",\"@id\":\"https:\\\/\\\/mpcid.gov.gn\\\/#\\\/schema\\\/person\\\/d42a682c7fbefbc07aa77a60ab72f16a\"},\"headline\":\"S\u00e9minaire d&rsquo;\u00e9change sur la macro\u00e9conomie et l&rsquo;am\u00e9lioration de l&rsquo;environnement des affaires en R\u00e9publique de Guin\u00e9e\",\"datePublished\":\"2023-06-22T18:48:01+00:00\",\"mainEntityOfPage\":{\"@id\":\"https:\\\/\\\/mpcid.gov.gn\\\/index.php\\\/seminaire-dechange-sur-la-macroeconomie-et-lamelioration-de-lenvironnement-des-affaires-en-republique-de-guinee\\\/\"},\"wordCount\":314,\"commentCount\":0,\"publisher\":{\"@id\":\"https:\\\/\\\/mpcid.gov.gn\\\/#organization\"},\"image\":{\"@id\":\"https:\\\/\\\/mpcid.gov.gn\\\/index.php\\\/seminaire-dechange-sur-la-macroeconomie-et-lamelioration-de-lenvironnement-des-affaires-en-republique-de-guinee\\\/#primaryimage\"},\"thumbnailUrl\":\"https:\\\/\\\/mpcid.gov.gn\\\/wp-content\\\/uploads\\\/2023\\\/06\\\/1687458619602.jpg\",\"articleSection\":[\"Actualit\u00e9s\"],\"inLanguage\":\"fr-FR\"},{\"@type\":\"WebPage\",\"@id\":\"https:\\\/\\\/mpcid.gov.gn\\\/index.php\\\/seminaire-dechange-sur-la-macroeconomie-et-lamelioration-de-lenvironnement-des-affaires-en-republique-de-guinee\\\/\",\"url\":\"https:\\\/\\\/mpcid.gov.gn\\\/index.php\\\/seminaire-dechange-sur-la-macroeconomie-et-lamelioration-de-lenvironnement-des-affaires-en-republique-de-guinee\\\/\",\"name\":\"S\u00e9minaire d'\u00e9change sur la macro\u00e9conomie et l'am\u00e9lioration de l'environnement des affaires en R\u00e9publique de Guin\u00e9e - MPCI\",\"isPartOf\":{\"@id\":\"https:\\\/\\\/mpcid.gov.gn\\\/#website\"},\"primaryImageOfPage\":{\"@id\":\"https:\\\/\\\/mpcid.gov.gn\\\/index.php\\\/seminaire-dechange-sur-la-macroeconomie-et-lamelioration-de-lenvironnement-des-affaires-en-republique-de-guinee\\\/#primaryimage\"},\"image\":{\"@id\":\"https:\\\/\\\/mpcid.gov.gn\\\/index.php\\\/seminaire-dechange-sur-la-macroeconomie-et-lamelioration-de-lenvironnement-des-affaires-en-republique-de-guinee\\\/#primaryimage\"},\"thumbnailUrl\":\"https:\\\/\\\/mpcid.gov.gn\\\/wp-content\\\/uploads\\\/2023\\\/06\\\/1687458619602.jpg\",\"datePublished\":\"2023-06-22T18:48:01+00:00\",\"breadcrumb\":{\"@id\":\"https:\\\/\\\/mpcid.gov.gn\\\/index.php\\\/seminaire-dechange-sur-la-macroeconomie-et-lamelioration-de-lenvironnement-des-affaires-en-republique-de-guinee\\\/#breadcrumb\"},\"inLanguage\":\"fr-FR\",\"potentialAction\":[{\"@type\":\"ReadAction\",\"target\":[\"https:\\\/\\\/mpcid.gov.gn\\\/index.php\\\/seminaire-dechange-sur-la-macroeconomie-et-lamelioration-de-lenvironnement-des-affaires-en-republique-de-guinee\\\/\"]}]},{\"@type\":\"ImageObject\",\"inLanguage\":\"fr-FR\",\"@id\":\"https:\\\/\\\/mpcid.gov.gn\\\/index.php\\\/seminaire-dechange-sur-la-macroeconomie-et-lamelioration-de-lenvironnement-des-affaires-en-republique-de-guinee\\\/#primaryimage\",\"url\":\"https:\\\/\\\/mpcid.gov.gn\\\/wp-content\\\/uploads\\\/2023\\\/06\\\/1687458619602.jpg\",\"contentUrl\":\"https:\\\/\\\/mpcid.gov.gn\\\/wp-content\\\/uploads\\\/2023\\\/06\\\/1687458619602.jpg\",\"width\":1080,\"height\":735},{\"@type\":\"BreadcrumbList\",\"@id\":\"https:\\\/\\\/mpcid.gov.gn\\\/index.php\\\/seminaire-dechange-sur-la-macroeconomie-et-lamelioration-de-lenvironnement-des-affaires-en-republique-de-guinee\\\/#breadcrumb\",\"itemListElement\":[{\"@type\":\"ListItem\",\"position\":1,\"name\":\"Accueil\",\"item\":\"https:\\\/\\\/mpcid.gov.gn\\\/\"},{\"@type\":\"ListItem\",\"position\":2,\"name\":\"S\u00e9minaire d&rsquo;\u00e9change sur la macro\u00e9conomie et l&rsquo;am\u00e9lioration de l&rsquo;environnement des affaires en R\u00e9publique de Guin\u00e9e\"}]},{\"@type\":\"WebSite\",\"@id\":\"https:\\\/\\\/mpcid.gov.gn\\\/#website\",\"url\":\"https:\\\/\\\/mpcid.gov.gn\\\/\",\"name\":\"https:\\\/\\\/mpcid.gov.gn\\\/\",\"description\":\"Minist\u00e8re du Plan et de la Coop\u00e9ration Internationale\",\"publisher\":{\"@id\":\"https:\\\/\\\/mpcid.gov.gn\\\/#organization\"},\"potentialAction\":[{\"@type\":\"SearchAction\",\"target\":{\"@type\":\"EntryPoint\",\"urlTemplate\":\"https:\\\/\\\/mpcid.gov.gn\\\/?s={search_term_string}\"},\"query-input\":{\"@type\":\"PropertyValueSpecification\",\"valueRequired\":true,\"valueName\":\"search_term_string\"}}],\"inLanguage\":\"fr-FR\"},{\"@type\":\"Organization\",\"@id\":\"https:\\\/\\\/mpcid.gov.gn\\\/#organization\",\"name\":\"Minist\u00e8re du Plan et de la Coop\u00e9ration Internationale - MPCI\",\"url\":\"https:\\\/\\\/mpcid.gov.gn\\\/\",\"logo\":{\"@type\":\"ImageObject\",\"inLanguage\":\"fr-FR\",\"@id\":\"https:\\\/\\\/mpcid.gov.gn\\\/#\\\/schema\\\/logo\\\/image\\\/\",\"url\":\"https:\\\/\\\/mpcid.gov.gn\\\/wp-content\\\/uploads\\\/2023\\\/10\\\/Ministere-du-Plan-et-de-la-Cooperation-Internationale-MPCI.jpg\",\"contentUrl\":\"https:\\\/\\\/mpcid.gov.gn\\\/wp-content\\\/uploads\\\/2023\\\/10\\\/Ministere-du-Plan-et-de-la-Cooperation-Internationale-MPCI.jpg\",\"width\":462,\"height\":462,\"caption\":\"Minist\u00e8re du Plan et de la Coop\u00e9ration Internationale - MPCI\"},\"image\":{\"@id\":\"https:\\\/\\\/mpcid.gov.gn\\\/#\\\/schema\\\/logo\\\/image\\\/\"},\"sameAs\":[\"https:\\\/\\\/www.facebook.com\\\/MPCIGN\",\"https:\\\/\\\/x.com\\\/MpciGov\"]},{\"@type\":\"Person\",\"@id\":\"https:\\\/\\\/mpcid.gov.gn\\\/#\\\/schema\\\/person\\\/d42a682c7fbefbc07aa77a60ab72f16a\",\"name\":\"MPCI\",\"sameAs\":[\"http:\\\/\\\/mpci.gov.gn\"],\"url\":\"https:\\\/\\\/mpcid.gov.gn\\\/index.php\\\/author\\\/mpci\\\/\"}]}<\/script>\n<!-- \/ Yoast SEO plugin. -->","yoast_head_json":{"title":"S\u00e9minaire d'\u00e9change sur la macro\u00e9conomie et l'am\u00e9lioration de l'environnement des affaires en R\u00e9publique de Guin\u00e9e - MPCI","robots":{"index":"index","follow":"follow","max-snippet":"max-snippet:-1","max-image-preview":"max-image-preview:large","max-video-preview":"max-video-preview:-1"},"canonical":"https:\/\/mpcid.gov.gn\/index.php\/seminaire-dechange-sur-la-macroeconomie-et-lamelioration-de-lenvironnement-des-affaires-en-republique-de-guinee\/","og_locale":"fr_FR","og_type":"article","og_title":"S\u00e9minaire d'\u00e9change sur la macro\u00e9conomie et l'am\u00e9lioration de l'environnement des affaires en R\u00e9publique de Guin\u00e9e - MPCI","og_description":"\ud835\udc0c\ud835\udc0f\ud835\udc02\ud835\udc08 \/ \ud835\udc12\ud835\udc1e\u0301\ud835\udc26\ud835\udc22\ud835\udc27\ud835\udc1a\ud835\udc22\ud835\udc2b\ud835\udc1e \ud835\udc1d\u2019\ud835\udc1e\u0301\ud835\udc1c\ud835\udc21\ud835\udc1a\ud835\udc27\ud835\udc20\ud835\udc1e \ud835\udc2c\ud835\udc2e\ud835\udc2b \ud835\udc25\ud835\udc1a \ud835\udc26\ud835\udc1a\ud835\udc1c\ud835\udc2b\ud835\udc28\ud835\udc1e\u0301\ud835\udc1c\ud835\udc28\ud835\udc27\ud835\udc28\ud835\udc26\ud835\udc22\ud835\udc1e \ud835\udc1e\ud835\udc27 \ud835\udc02\ud835\udc21\ud835\udc22\ud835\udc27\ud835\udc1e Du 09 mai au 13 juin 2023, 24 cadres guin\u00e9ens des Minist\u00e8res du Plan et de la Coop\u00e9ration Internationale, de l&rsquo;\u00c9conomie et des Finances, du Budget et des Affaires \u00e9trang\u00e8res ont particip\u00e9 \u00e0 un s\u00e9minaire d&rsquo;\u00e9change sur la macro\u00e9conomie et l&rsquo;am\u00e9lioration de l&rsquo;environnement des affaires en &hellip; Continue reading \"S\u00e9minaire d&rsquo;\u00e9change sur la macro\u00e9conomie et l&rsquo;am\u00e9lioration de l&rsquo;environnement des affaires en R\u00e9publique de Guin\u00e9e\"","og_url":"https:\/\/mpcid.gov.gn\/index.php\/seminaire-dechange-sur-la-macroeconomie-et-lamelioration-de-lenvironnement-des-affaires-en-republique-de-guinee\/","og_site_name":"MPCI","article_publisher":"https:\/\/www.facebook.com\/MPCIGN","article_published_time":"2023-06-22T18:48:01+00:00","og_image":[{"width":1080,"height":735,"url":"https:\/\/mpcid.gov.gn\/wp-content\/uploads\/2023\/06\/1687458619602.jpg","type":"image\/jpeg"}],"author":"MPCI","twitter_card":"summary_large_image","twitter_creator":"@MpciGov","twitter_site":"@MpciGov","twitter_misc":{"\u00c9crit par":"MPCI","Dur\u00e9e de lecture estim\u00e9e":"1 minute"},"schema":{"@context":"https:\/\/schema.org","@graph":[{"@type":"Article","@id":"https:\/\/mpcid.gov.gn\/index.php\/seminaire-dechange-sur-la-macroeconomie-et-lamelioration-de-lenvironnement-des-affaires-en-republique-de-guinee\/#article","isPartOf":{"@id":"https:\/\/mpcid.gov.gn\/index.php\/seminaire-dechange-sur-la-macroeconomie-et-lamelioration-de-lenvironnement-des-affaires-en-republique-de-guinee\/"},"author":{"name":"MPCI","@id":"https:\/\/mpcid.gov.gn\/#\/schema\/person\/d42a682c7fbefbc07aa77a60ab72f16a"},"headline":"S\u00e9minaire d&rsquo;\u00e9change sur la macro\u00e9conomie et l&rsquo;am\u00e9lioration de l&rsquo;environnement des affaires en R\u00e9publique de Guin\u00e9e","datePublished":"2023-06-22T18:48:01+00:00","mainEntityOfPage":{"@id":"https:\/\/mpcid.gov.gn\/index.php\/seminaire-dechange-sur-la-macroeconomie-et-lamelioration-de-lenvironnement-des-affaires-en-republique-de-guinee\/"},"wordCount":314,"commentCount":0,"publisher":{"@id":"https:\/\/mpcid.gov.gn\/#organization"},"image":{"@id":"https:\/\/mpcid.gov.gn\/index.php\/seminaire-dechange-sur-la-macroeconomie-et-lamelioration-de-lenvironnement-des-affaires-en-republique-de-guinee\/#primaryimage"},"thumbnailUrl":"https:\/\/mpcid.gov.gn\/wp-content\/uploads\/2023\/06\/1687458619602.jpg","articleSection":["Actualit\u00e9s"],"inLanguage":"fr-FR"},{"@type":"WebPage","@id":"https:\/\/mpcid.gov.gn\/index.php\/seminaire-dechange-sur-la-macroeconomie-et-lamelioration-de-lenvironnement-des-affaires-en-republique-de-guinee\/","url":"https:\/\/mpcid.gov.gn\/index.php\/seminaire-dechange-sur-la-macroeconomie-et-lamelioration-de-lenvironnement-des-affaires-en-republique-de-guinee\/","name":"S\u00e9minaire d'\u00e9change sur la macro\u00e9conomie et l'am\u00e9lioration de l'environnement des affaires en R\u00e9publique de Guin\u00e9e - MPCI","isPartOf":{"@id":"https:\/\/mpcid.gov.gn\/#website"},"primaryImageOfPage":{"@id":"https:\/\/mpcid.gov.gn\/index.php\/seminaire-dechange-sur-la-macroeconomie-et-lamelioration-de-lenvironnement-des-affaires-en-republique-de-guinee\/#primaryimage"},"image":{"@id":"https:\/\/mpcid.gov.gn\/index.php\/seminaire-dechange-sur-la-macroeconomie-et-lamelioration-de-lenvironnement-des-affaires-en-republique-de-guinee\/#primaryimage"},"thumbnailUrl":"https:\/\/mpcid.gov.gn\/wp-content\/uploads\/2023\/06\/1687458619602.jpg","datePublished":"2023-06-22T18:48:01+00:00","breadcrumb":{"@id":"https:\/\/mpcid.gov.gn\/index.php\/seminaire-dechange-sur-la-macroeconomie-et-lamelioration-de-lenvironnement-des-affaires-en-republique-de-guinee\/#breadcrumb"},"inLanguage":"fr-FR","potentialAction":[{"@type":"ReadAction","target":["https:\/\/mpcid.gov.gn\/index.php\/seminaire-dechange-sur-la-macroeconomie-et-lamelioration-de-lenvironnement-des-affaires-en-republique-de-guinee\/"]}]},{"@type":"ImageObject","inLanguage":"fr-FR","@id":"https:\/\/mpcid.gov.gn\/index.php\/seminaire-dechange-sur-la-macroeconomie-et-lamelioration-de-lenvironnement-des-affaires-en-republique-de-guinee\/#primaryimage","url":"https:\/\/mpcid.gov.gn\/wp-content\/uploads\/2023\/06\/1687458619602.jpg","contentUrl":"https:\/\/mpcid.gov.gn\/wp-content\/uploads\/2023\/06\/1687458619602.jpg","width":1080,"height":735},{"@type":"BreadcrumbList","@id":"https:\/\/mpcid.gov.gn\/index.php\/seminaire-dechange-sur-la-macroeconomie-et-lamelioration-de-lenvironnement-des-affaires-en-republique-de-guinee\/#breadcrumb","itemListElement":[{"@type":"ListItem","position":1,"name":"Accueil","item":"https:\/\/mpcid.gov.gn\/"},{"@type":"ListItem","position":2,"name":"S\u00e9minaire d&rsquo;\u00e9change sur la macro\u00e9conomie et l&rsquo;am\u00e9lioration de l&rsquo;environnement des affaires en R\u00e9publique de Guin\u00e9e"}]},{"@type":"WebSite","@id":"https:\/\/mpcid.gov.gn\/#website","url":"https:\/\/mpcid.gov.gn\/","name":"https:\/\/mpcid.gov.gn\/","description":"Minist\u00e8re du Plan et de la Coop\u00e9ration Internationale","publisher":{"@id":"https:\/\/mpcid.gov.gn\/#organization"},"potentialAction":[{"@type":"SearchAction","target":{"@type":"EntryPoint","urlTemplate":"https:\/\/mpcid.gov.gn\/?s={search_term_string}"},"query-input":{"@type":"PropertyValueSpecification","valueRequired":true,"valueName":"search_term_string"}}],"inLanguage":"fr-FR"},{"@type":"Organization","@id":"https:\/\/mpcid.gov.gn\/#organization","name":"Minist\u00e8re du Plan et de la Coop\u00e9ration Internationale - MPCI","url":"https:\/\/mpcid.gov.gn\/","logo":{"@type":"ImageObject","inLanguage":"fr-FR","@id":"https:\/\/mpcid.gov.gn\/#\/schema\/logo\/image\/","url":"https:\/\/mpcid.gov.gn\/wp-content\/uploads\/2023\/10\/Ministere-du-Plan-et-de-la-Cooperation-Internationale-MPCI.jpg","contentUrl":"https:\/\/mpcid.gov.gn\/wp-content\/uploads\/2023\/10\/Ministere-du-Plan-et-de-la-Cooperation-Internationale-MPCI.jpg","width":462,"height":462,"caption":"Minist\u00e8re du Plan et de la Coop\u00e9ration Internationale - MPCI"},"image":{"@id":"https:\/\/mpcid.gov.gn\/#\/schema\/logo\/image\/"},"sameAs":["https:\/\/www.facebook.com\/MPCIGN","https:\/\/x.com\/MpciGov"]},{"@type":"Person","@id":"https:\/\/mpcid.gov.gn\/#\/schema\/person\/d42a682c7fbefbc07aa77a60ab72f16a","name":"MPCI","sameAs":["http:\/\/mpci.gov.gn"],"url":"https:\/\/mpcid.gov.gn\/index.php\/author\/mpci\/"}]}},"_links":{"self":[{"href":"https:\/\/mpcid.gov.gn\/index.php\/wp-json\/wp\/v2\/posts\/10297","targetHints":{"allow":["GET"]}}],"collection":[{"href":"https:\/\/mpcid.gov.gn\/index.php\/wp-json\/wp\/v2\/posts"}],"about":[{"href":"https:\/\/mpcid.gov.gn\/index.php\/wp-json\/wp\/v2\/types\/post"}],"author":[{"embeddable":true,"href":"https:\/\/mpcid.gov.gn\/index.php\/wp-json\/wp\/v2\/users\/6"}],"replies":[{"embeddable":true,"href":"https:\/\/mpcid.gov.gn\/index.php\/wp-json\/wp\/v2\/comments?post=10297"}],"version-history":[{"count":0,"href":"https:\/\/mpcid.gov.gn\/index.php\/wp-json\/wp\/v2\/posts\/10297\/revisions"}],"wp:featuredmedia":[{"embeddable":true,"href":"https:\/\/mpcid.gov.gn\/index.php\/wp-json\/wp\/v2\/media\/10299"}],"wp:attachment":[{"href":"https:\/\/mpcid.gov.gn\/index.php\/wp-json\/wp\/v2\/media?parent=10297"}],"wp:term":[{"taxonomy":"category","embeddable":true,"href":"https:\/\/mpcid.gov.gn\/index.php\/wp-json\/wp\/v2\/categories?post=10297"},{"taxonomy":"post_tag","embeddable":true,"href":"https:\/\/mpcid.gov.gn\/index.php\/wp-json\/wp\/v2\/tags?post=10297"}],"curies":[{"name":"wp","href":"https:\/\/api.w.org\/{rel}","templated":true}]}}